{"id":2939,"date":"2020-06-16T13:54:05","date_gmt":"2020-06-16T16:54:05","guid":{"rendered":"http:\/\/diarioprincipios.com\/?p=2939"},"modified":"2020-06-16T13:54:09","modified_gmt":"2020-06-16T16:54:09","slug":"proponen-suspender-el-pago-de-ingresos-brutos-a-bonaerenses-que-no-puedan-abrir-sus-comercios","status":"publish","type":"post","link":"https:\/\/diarioprincipios.com\/index.php\/2020\/06\/16\/proponen-suspender-el-pago-de-ingresos-brutos-a-bonaerenses-que-no-puedan-abrir-sus-comercios\/","title":{"rendered":"Proponen suspender el pago de Ingresos Brutos a bonaerenses que no puedan abrir sus comercios"},"content":{"rendered":"\n<p>El legislador bonaerense Mat\u00edas Ranzini present\u00f3 hoy un proyecto de ley que propone la suspensi\u00f3n del pago del impuesto sobre los Ingresos Brutos para aquellos contribuyentes de la provincia que no puedan ejercer su actividad comercial producto del aislamiento por la pandemia.<\/p>\n\n\n\n<p>La iniciativa impulsa la suspensi\u00f3n de la obligaci\u00f3n de pago del anticipo mensual o bimestral a quienes no puedan ejercer su actividad comercial por la cuarentena, ante la disposici\u00f3n del distrito que implica tener que pagar un anticipo mensual m\u00ednimo de $466 por mes o $932 bimestral, con independencia del monto facturado.<\/p>\n\n\n\n<p>Ranzini, diputado provincial de Juntos por el Cambio, expres\u00f3 en un comunicado que \u00abel m\u00ednimo de anticipo no puede ser aplicado a contribuyentes que por casi tres meses no pudieron facturar; no se puede pretender cobrar un anticipo cuando la capacidad contributiva es 0\u00bb.<\/p>\n\n\n\n<p>\u00abSon casos en que los contribuyentes no ejercen el comercio no por decisi\u00f3n propia, sino por un impedimento que surge del propio Estado, por eso el Estado no puede recaudar sobre aquellas personas a las que no les permite ejercer su actividad\u00bb, consider\u00f3.<\/p>\n\n\n\n<p>El proyecto, adem\u00e1s, busca suspender el sistema de retenciones bancarias a quienes est\u00e9n impedidos de ejercer el comercio, y propone tambi\u00e9n ampliar en plazo de adhesi\u00f3n y obligaciones a la moratoria dispuesta por la Ley 15.165.<\/p>\n","protected":false},"excerpt":{"rendered":"<p>El legislador bonaerense Mat\u00edas Ranzini present\u00f3 hoy un proyecto de ley que propone la suspensi\u00f3n del pago del impuesto sobre los Ingresos Brutos para aquellos contribuyentes de la provincia que no puedan ejercer su actividad comercial producto del aislamiento por la pandemia. La iniciativa impulsa la suspensi\u00f3n de la obligaci\u00f3n de pago del anticipo mensual&#8230;<\/p>\n","protected":false},"author":2,"featured_media":2940,"comment_status":"open","ping_status":"open","sticky":false,"template":"","format":"standard","meta":{"footnotes":""},"categories":[7],"tags":[],"class_list":["post-2939","post","type-post","status-publish","format-standard","has-post-thumbnail","hentry","category-provincia"],"featured_image_src":"https:\/\/diarioprincipios.com\/wp-content\/uploads\/2020\/06\/143265_243550.jpg","blog_images":{"medium":"https:\/\/diarioprincipios.com\/wp-content\/uploads\/2020\/06\/143265_243550-300x148.jpg","large":"https:\/\/diarioprincipios.com\/wp-content\/uploads\/2020\/06\/143265_243550.jpg"},"ams_acf":[],"yoast_head":"<!-- This site is optimized with the Yoast SEO plugin v27.3 - https:\/\/yoast.com\/product\/yoast-seo-wordpress\/ -->\n<title>Proponen suspender el pago de Ingresos Brutos a bonaerenses que no puedan abrir sus comercios - Principios<\/title>\n<meta name=\"robots\" content=\"index, follow, max-snippet:-1, max-image-preview:large, max-video-preview:-1\" \/>\n<link rel=\"canonical\" href=\"https:\/\/diarioprincipios.com\/index.php\/2020\/06\/16\/proponen-suspender-el-pago-de-ingresos-brutos-a-bonaerenses-que-no-puedan-abrir-sus-comercios\/\" \/>\n<meta property=\"og:locale\" content=\"es_ES\" \/>\n<meta property=\"og:type\" content=\"article\" \/>\n<meta property=\"og:title\" content=\"Proponen suspender el pago de Ingresos Brutos a bonaerenses que no puedan abrir sus comercios - Principios\" \/>\n<meta property=\"og:description\" content=\"El legislador bonaerense Mat\u00edas Ranzini present\u00f3 hoy un proyecto de ley que propone la suspensi\u00f3n del pago del impuesto sobre los Ingresos Brutos para aquellos contribuyentes de la provincia que no puedan ejercer su actividad comercial producto del aislamiento por la pandemia. La iniciativa impulsa la suspensi\u00f3n de la obligaci\u00f3n de pago del anticipo mensual...\" \/>\n<meta property=\"og:url\" content=\"https:\/\/diarioprincipios.com\/index.php\/2020\/06\/16\/proponen-suspender-el-pago-de-ingresos-brutos-a-bonaerenses-que-no-puedan-abrir-sus-comercios\/\" \/>\n<meta property=\"og:site_name\" content=\"Principios\" \/>\n<meta property=\"article:published_time\" content=\"2020-06-16T16:54:05+00:00\" \/>\n<meta property=\"article:modified_time\" content=\"2020-06-16T16:54:09+00:00\" \/>\n<meta property=\"og:image\" content=\"https:\/\/diarioprincipios.com\/wp-content\/uploads\/2020\/06\/143265_243550.jpg\" \/>\n\t<meta property=\"og:image:width\" content=\"800\" \/>\n\t<meta property=\"og:image:height\" content=\"395\" \/>\n\t<meta property=\"og:image:type\" content=\"image\/jpeg\" \/>\n<meta name=\"author\" content=\"Hern\u00e1n L\u00f3pez\" \/>\n<meta name=\"twitter:card\" content=\"summary_large_image\" \/>\n<meta name=\"twitter:label1\" content=\"Escrito por\" \/>\n\t<meta name=\"twitter:data1\" content=\"Hern\u00e1n L\u00f3pez\" \/>\n\t<meta name=\"twitter:label2\" content=\"Tiempo de lectura\" \/>\n\t<meta name=\"twitter:data2\" content=\"1 minuto\" \/>\n<script type=\"application\/ld+json\" class=\"yoast-schema-graph\">{\"@context\":\"https:\\\/\\\/schema.org\",\"@graph\":[{\"@type\":\"Article\",\"@id\":\"https:\\\/\\\/diarioprincipios.com\\\/index.php\\\/2020\\\/06\\\/16\\\/proponen-suspender-el-pago-de-ingresos-brutos-a-bonaerenses-que-no-puedan-abrir-sus-comercios\\\/#article\",\"isPartOf\":{\"@id\":\"https:\\\/\\\/diarioprincipios.com\\\/index.php\\\/2020\\\/06\\\/16\\\/proponen-suspender-el-pago-de-ingresos-brutos-a-bonaerenses-que-no-puedan-abrir-sus-comercios\\\/\"},\"author\":{\"name\":\"Hern\u00e1n L\u00f3pez\",\"@id\":\"https:\\\/\\\/diarioprincipios.com\\\/#\\\/schema\\\/person\\\/436d5a1fd41a5e250e23ff5a6a7cb080\"},\"headline\":\"Proponen suspender el pago de Ingresos Brutos a bonaerenses que no puedan abrir sus comercios\",\"datePublished\":\"2020-06-16T16:54:05+00:00\",\"dateModified\":\"2020-06-16T16:54:09+00:00\",\"mainEntityOfPage\":{\"@id\":\"https:\\\/\\\/diarioprincipios.com\\\/index.php\\\/2020\\\/06\\\/16\\\/proponen-suspender-el-pago-de-ingresos-brutos-a-bonaerenses-que-no-puedan-abrir-sus-comercios\\\/\"},\"wordCount\":240,\"commentCount\":0,\"publisher\":{\"@id\":\"https:\\\/\\\/diarioprincipios.com\\\/#organization\"},\"image\":{\"@id\":\"https:\\\/\\\/diarioprincipios.com\\\/index.php\\\/2020\\\/06\\\/16\\\/proponen-suspender-el-pago-de-ingresos-brutos-a-bonaerenses-que-no-puedan-abrir-sus-comercios\\\/#primaryimage\"},\"thumbnailUrl\":\"https:\\\/\\\/diarioprincipios.com\\\/wp-content\\\/uploads\\\/2020\\\/06\\\/143265_243550.jpg\",\"articleSection\":[\"Provincia\"],\"inLanguage\":\"es\",\"potentialAction\":[{\"@type\":\"CommentAction\",\"name\":\"Comment\",\"target\":[\"https:\\\/\\\/diarioprincipios.com\\\/index.php\\\/2020\\\/06\\\/16\\\/proponen-suspender-el-pago-de-ingresos-brutos-a-bonaerenses-que-no-puedan-abrir-sus-comercios\\\/#respond\"]}]},{\"@type\":\"WebPage\",\"@id\":\"https:\\\/\\\/diarioprincipios.com\\\/index.php\\\/2020\\\/06\\\/16\\\/proponen-suspender-el-pago-de-ingresos-brutos-a-bonaerenses-que-no-puedan-abrir-sus-comercios\\\/\",\"url\":\"https:\\\/\\\/diarioprincipios.com\\\/index.php\\\/2020\\\/06\\\/16\\\/proponen-suspender-el-pago-de-ingresos-brutos-a-bonaerenses-que-no-puedan-abrir-sus-comercios\\\/\",\"name\":\"Proponen suspender el pago de Ingresos Brutos a bonaerenses que no puedan abrir sus comercios - Principios\",\"isPartOf\":{\"@id\":\"https:\\\/\\\/diarioprincipios.com\\\/#website\"},\"primaryImageOfPage\":{\"@id\":\"https:\\\/\\\/diarioprincipios.com\\\/index.php\\\/2020\\\/06\\\/16\\\/proponen-suspender-el-pago-de-ingresos-brutos-a-bonaerenses-que-no-puedan-abrir-sus-comercios\\\/#primaryimage\"},\"image\":{\"@id\":\"https:\\\/\\\/diarioprincipios.com\\\/index.php\\\/2020\\\/06\\\/16\\\/proponen-suspender-el-pago-de-ingresos-brutos-a-bonaerenses-que-no-puedan-abrir-sus-comercios\\\/#primaryimage\"},\"thumbnailUrl\":\"https:\\\/\\\/diarioprincipios.com\\\/wp-content\\\/uploads\\\/2020\\\/06\\\/143265_243550.jpg\",\"datePublished\":\"2020-06-16T16:54:05+00:00\",\"dateModified\":\"2020-06-16T16:54:09+00:00\",\"breadcrumb\":{\"@id\":\"https:\\\/\\\/diarioprincipios.com\\\/index.php\\\/2020\\\/06\\\/16\\\/proponen-suspender-el-pago-de-ingresos-brutos-a-bonaerenses-que-no-puedan-abrir-sus-comercios\\\/#breadcrumb\"},\"inLanguage\":\"es\",\"potentialAction\":[{\"@type\":\"ReadAction\",\"target\":[\"https:\\\/\\\/diarioprincipios.com\\\/index.php\\\/2020\\\/06\\\/16\\\/proponen-suspender-el-pago-de-ingresos-brutos-a-bonaerenses-que-no-puedan-abrir-sus-comercios\\\/\"]}]},{\"@type\":\"ImageObject\",\"inLanguage\":\"es\",\"@id\":\"https:\\\/\\\/diarioprincipios.com\\\/index.php\\\/2020\\\/06\\\/16\\\/proponen-suspender-el-pago-de-ingresos-brutos-a-bonaerenses-que-no-puedan-abrir-sus-comercios\\\/#primaryimage\",\"url\":\"https:\\\/\\\/diarioprincipios.com\\\/wp-content\\\/uploads\\\/2020\\\/06\\\/143265_243550.jpg\",\"contentUrl\":\"https:\\\/\\\/diarioprincipios.com\\\/wp-content\\\/uploads\\\/2020\\\/06\\\/143265_243550.jpg\",\"width\":800,\"height\":395},{\"@type\":\"BreadcrumbList\",\"@id\":\"https:\\\/\\\/diarioprincipios.com\\\/index.php\\\/2020\\\/06\\\/16\\\/proponen-suspender-el-pago-de-ingresos-brutos-a-bonaerenses-que-no-puedan-abrir-sus-comercios\\\/#breadcrumb\",\"itemListElement\":[{\"@type\":\"ListItem\",\"position\":1,\"name\":\"Portada\",\"item\":\"https:\\\/\\\/diarioprincipios.com\\\/\"},{\"@type\":\"ListItem\",\"position\":2,\"name\":\"Proponen suspender el pago de Ingresos Brutos a bonaerenses que no puedan abrir sus comercios\"}]},{\"@type\":\"WebSite\",\"@id\":\"https:\\\/\\\/diarioprincipios.com\\\/#website\",\"url\":\"https:\\\/\\\/diarioprincipios.com\\\/\",\"name\":\"Principios\",\"description\":\"Principios Diario\",\"publisher\":{\"@id\":\"https:\\\/\\\/diarioprincipios.com\\\/#organization\"},\"potentialAction\":[{\"@type\":\"SearchAction\",\"target\":{\"@type\":\"EntryPoint\",\"urlTemplate\":\"https:\\\/\\\/diarioprincipios.com\\\/?s={search_term_string}\"},\"query-input\":{\"@type\":\"PropertyValueSpecification\",\"valueRequired\":true,\"valueName\":\"search_term_string\"}}],\"inLanguage\":\"es\"},{\"@type\":\"Organization\",\"@id\":\"https:\\\/\\\/diarioprincipios.com\\\/#organization\",\"name\":\"Principios\",\"url\":\"https:\\\/\\\/diarioprincipios.com\\\/\",\"logo\":{\"@type\":\"ImageObject\",\"inLanguage\":\"es\",\"@id\":\"https:\\\/\\\/diarioprincipios.com\\\/#\\\/schema\\\/logo\\\/image\\\/\",\"url\":\"https:\\\/\\\/diarioprincipios.com\\\/wp-content\\\/uploads\\\/2024\\\/04\\\/cropped-www.diarioprincipios.com_-1.png\",\"contentUrl\":\"https:\\\/\\\/diarioprincipios.com\\\/wp-content\\\/uploads\\\/2024\\\/04\\\/cropped-www.diarioprincipios.com_-1.png\",\"width\":5325,\"height\":1454,\"caption\":\"Principios\"},\"image\":{\"@id\":\"https:\\\/\\\/diarioprincipios.com\\\/#\\\/schema\\\/logo\\\/image\\\/\"}},{\"@type\":\"Person\",\"@id\":\"https:\\\/\\\/diarioprincipios.com\\\/#\\\/schema\\\/person\\\/436d5a1fd41a5e250e23ff5a6a7cb080\",\"name\":\"Hern\u00e1n L\u00f3pez\",\"image\":{\"@type\":\"ImageObject\",\"inLanguage\":\"es\",\"@id\":\"https:\\\/\\\/diarioprincipios.com\\\/wp-content\\\/litespeed\\\/avatar\\\/11ddfe5610ff3bd100522525b2571f48.jpg?ver=1777048341\",\"url\":\"https:\\\/\\\/diarioprincipios.com\\\/wp-content\\\/litespeed\\\/avatar\\\/11ddfe5610ff3bd100522525b2571f48.jpg?ver=1777048341\",\"contentUrl\":\"https:\\\/\\\/diarioprincipios.com\\\/wp-content\\\/litespeed\\\/avatar\\\/11ddfe5610ff3bd100522525b2571f48.jpg?ver=1777048341\",\"caption\":\"Hern\u00e1n L\u00f3pez\"},\"url\":\"https:\\\/\\\/diarioprincipios.com\\\/index.php\\\/author\\\/hernan\\\/\"}]}<\/script>\n<!-- \/ Yoast SEO plugin. -->","yoast_head_json":{"title":"Proponen suspender el pago de Ingresos Brutos a bonaerenses que no puedan abrir sus comercios - Principios","robots":{"index":"index","follow":"follow","max-snippet":"max-snippet:-1","max-image-preview":"max-image-preview:large","max-video-preview":"max-video-preview:-1"},"canonical":"https:\/\/diarioprincipios.com\/index.php\/2020\/06\/16\/proponen-suspender-el-pago-de-ingresos-brutos-a-bonaerenses-que-no-puedan-abrir-sus-comercios\/","og_locale":"es_ES","og_type":"article","og_title":"Proponen suspender el pago de Ingresos Brutos a bonaerenses que no puedan abrir sus comercios - Principios","og_description":"El legislador bonaerense Mat\u00edas Ranzini present\u00f3 hoy un proyecto de ley que propone la suspensi\u00f3n del pago del impuesto sobre los Ingresos Brutos para aquellos contribuyentes de la provincia que no puedan ejercer su actividad comercial producto del aislamiento por la pandemia. La iniciativa impulsa la suspensi\u00f3n de la obligaci\u00f3n de pago del anticipo mensual...","og_url":"https:\/\/diarioprincipios.com\/index.php\/2020\/06\/16\/proponen-suspender-el-pago-de-ingresos-brutos-a-bonaerenses-que-no-puedan-abrir-sus-comercios\/","og_site_name":"Principios","article_published_time":"2020-06-16T16:54:05+00:00","article_modified_time":"2020-06-16T16:54:09+00:00","og_image":[{"width":800,"height":395,"url":"https:\/\/diarioprincipios.com\/wp-content\/uploads\/2020\/06\/143265_243550.jpg","type":"image\/jpeg"}],"author":"Hern\u00e1n L\u00f3pez","twitter_card":"summary_large_image","twitter_misc":{"Escrito por":"Hern\u00e1n L\u00f3pez","Tiempo de lectura":"1 minuto"},"schema":{"@context":"https:\/\/schema.org","@graph":[{"@type":"Article","@id":"https:\/\/diarioprincipios.com\/index.php\/2020\/06\/16\/proponen-suspender-el-pago-de-ingresos-brutos-a-bonaerenses-que-no-puedan-abrir-sus-comercios\/#article","isPartOf":{"@id":"https:\/\/diarioprincipios.com\/index.php\/2020\/06\/16\/proponen-suspender-el-pago-de-ingresos-brutos-a-bonaerenses-que-no-puedan-abrir-sus-comercios\/"},"author":{"name":"Hern\u00e1n L\u00f3pez","@id":"https:\/\/diarioprincipios.com\/#\/schema\/person\/436d5a1fd41a5e250e23ff5a6a7cb080"},"headline":"Proponen suspender el pago de Ingresos Brutos a bonaerenses que no puedan abrir sus comercios","datePublished":"2020-06-16T16:54:05+00:00","dateModified":"2020-06-16T16:54:09+00:00","mainEntityOfPage":{"@id":"https:\/\/diarioprincipios.com\/index.php\/2020\/06\/16\/proponen-suspender-el-pago-de-ingresos-brutos-a-bonaerenses-que-no-puedan-abrir-sus-comercios\/"},"wordCount":240,"commentCount":0,"publisher":{"@id":"https:\/\/diarioprincipios.com\/#organization"},"image":{"@id":"https:\/\/diarioprincipios.com\/index.php\/2020\/06\/16\/proponen-suspender-el-pago-de-ingresos-brutos-a-bonaerenses-que-no-puedan-abrir-sus-comercios\/#primaryimage"},"thumbnailUrl":"https:\/\/diarioprincipios.com\/wp-content\/uploads\/2020\/06\/143265_243550.jpg","articleSection":["Provincia"],"inLanguage":"es","potentialAction":[{"@type":"CommentAction","name":"Comment","target":["https:\/\/diarioprincipios.com\/index.php\/2020\/06\/16\/proponen-suspender-el-pago-de-ingresos-brutos-a-bonaerenses-que-no-puedan-abrir-sus-comercios\/#respond"]}]},{"@type":"WebPage","@id":"https:\/\/diarioprincipios.com\/index.php\/2020\/06\/16\/proponen-suspender-el-pago-de-ingresos-brutos-a-bonaerenses-que-no-puedan-abrir-sus-comercios\/","url":"https:\/\/diarioprincipios.com\/index.php\/2020\/06\/16\/proponen-suspender-el-pago-de-ingresos-brutos-a-bonaerenses-que-no-puedan-abrir-sus-comercios\/","name":"Proponen suspender el pago de Ingresos Brutos a bonaerenses que no puedan abrir sus comercios - Principios","isPartOf":{"@id":"https:\/\/diarioprincipios.com\/#website"},"primaryImageOfPage":{"@id":"https:\/\/diarioprincipios.com\/index.php\/2020\/06\/16\/proponen-suspender-el-pago-de-ingresos-brutos-a-bonaerenses-que-no-puedan-abrir-sus-comercios\/#primaryimage"},"image":{"@id":"https:\/\/diarioprincipios.com\/index.php\/2020\/06\/16\/proponen-suspender-el-pago-de-ingresos-brutos-a-bonaerenses-que-no-puedan-abrir-sus-comercios\/#primaryimage"},"thumbnailUrl":"https:\/\/diarioprincipios.com\/wp-content\/uploads\/2020\/06\/143265_243550.jpg","datePublished":"2020-06-16T16:54:05+00:00","dateModified":"2020-06-16T16:54:09+00:00","breadcrumb":{"@id":"https:\/\/diarioprincipios.com\/index.php\/2020\/06\/16\/proponen-suspender-el-pago-de-ingresos-brutos-a-bonaerenses-que-no-puedan-abrir-sus-comercios\/#breadcrumb"},"inLanguage":"es","potentialAction":[{"@type":"ReadAction","target":["https:\/\/diarioprincipios.com\/index.php\/2020\/06\/16\/proponen-suspender-el-pago-de-ingresos-brutos-a-bonaerenses-que-no-puedan-abrir-sus-comercios\/"]}]},{"@type":"ImageObject","inLanguage":"es","@id":"https:\/\/diarioprincipios.com\/index.php\/2020\/06\/16\/proponen-suspender-el-pago-de-ingresos-brutos-a-bonaerenses-que-no-puedan-abrir-sus-comercios\/#primaryimage","url":"https:\/\/diarioprincipios.com\/wp-content\/uploads\/2020\/06\/143265_243550.jpg","contentUrl":"https:\/\/diarioprincipios.com\/wp-content\/uploads\/2020\/06\/143265_243550.jpg","width":800,"height":395},{"@type":"BreadcrumbList","@id":"https:\/\/diarioprincipios.com\/index.php\/2020\/06\/16\/proponen-suspender-el-pago-de-ingresos-brutos-a-bonaerenses-que-no-puedan-abrir-sus-comercios\/#breadcrumb","itemListElement":[{"@type":"ListItem","position":1,"name":"Portada","item":"https:\/\/diarioprincipios.com\/"},{"@type":"ListItem","position":2,"name":"Proponen suspender el pago de Ingresos Brutos a bonaerenses que no puedan abrir sus comercios"}]},{"@type":"WebSite","@id":"https:\/\/diarioprincipios.com\/#website","url":"https:\/\/diarioprincipios.com\/","name":"Principios","description":"Principios Diario","publisher":{"@id":"https:\/\/diarioprincipios.com\/#organization"},"potentialAction":[{"@type":"SearchAction","target":{"@type":"EntryPoint","urlTemplate":"https:\/\/diarioprincipios.com\/?s={search_term_string}"},"query-input":{"@type":"PropertyValueSpecification","valueRequired":true,"valueName":"search_term_string"}}],"inLanguage":"es"},{"@type":"Organization","@id":"https:\/\/diarioprincipios.com\/#organization","name":"Principios","url":"https:\/\/diarioprincipios.com\/","logo":{"@type":"ImageObject","inLanguage":"es","@id":"https:\/\/diarioprincipios.com\/#\/schema\/logo\/image\/","url":"https:\/\/diarioprincipios.com\/wp-content\/uploads\/2024\/04\/cropped-www.diarioprincipios.com_-1.png","contentUrl":"https:\/\/diarioprincipios.com\/wp-content\/uploads\/2024\/04\/cropped-www.diarioprincipios.com_-1.png","width":5325,"height":1454,"caption":"Principios"},"image":{"@id":"https:\/\/diarioprincipios.com\/#\/schema\/logo\/image\/"}},{"@type":"Person","@id":"https:\/\/diarioprincipios.com\/#\/schema\/person\/436d5a1fd41a5e250e23ff5a6a7cb080","name":"Hern\u00e1n L\u00f3pez","image":{"@type":"ImageObject","inLanguage":"es","@id":"https:\/\/diarioprincipios.com\/wp-content\/litespeed\/avatar\/11ddfe5610ff3bd100522525b2571f48.jpg?ver=1777048341","url":"https:\/\/diarioprincipios.com\/wp-content\/litespeed\/avatar\/11ddfe5610ff3bd100522525b2571f48.jpg?ver=1777048341","contentUrl":"https:\/\/diarioprincipios.com\/wp-content\/litespeed\/avatar\/11ddfe5610ff3bd100522525b2571f48.jpg?ver=1777048341","caption":"Hern\u00e1n L\u00f3pez"},"url":"https:\/\/diarioprincipios.com\/index.php\/author\/hernan\/"}]}},"jetpack_featured_media_url":"https:\/\/diarioprincipios.com\/wp-content\/uploads\/2020\/06\/143265_243550.jpg","_links":{"self":[{"href":"https:\/\/diarioprincipios.com\/index.php\/wp-json\/wp\/v2\/posts\/2939","targetHints":{"allow":["GET"]}}],"collection":[{"href":"https:\/\/diarioprincipios.com\/index.php\/wp-json\/wp\/v2\/posts"}],"about":[{"href":"https:\/\/diarioprincipios.com\/index.php\/wp-json\/wp\/v2\/types\/post"}],"author":[{"embeddable":true,"href":"https:\/\/diarioprincipios.com\/index.php\/wp-json\/wp\/v2\/users\/2"}],"replies":[{"embeddable":true,"href":"https:\/\/diarioprincipios.com\/index.php\/wp-json\/wp\/v2\/comments?post=2939"}],"version-history":[{"count":1,"href":"https:\/\/diarioprincipios.com\/index.php\/wp-json\/wp\/v2\/posts\/2939\/revisions"}],"predecessor-version":[{"id":2941,"href":"https:\/\/diarioprincipios.com\/index.php\/wp-json\/wp\/v2\/posts\/2939\/revisions\/2941"}],"wp:featuredmedia":[{"embeddable":true,"href":"https:\/\/diarioprincipios.com\/index.php\/wp-json\/wp\/v2\/media\/2940"}],"wp:attachment":[{"href":"https:\/\/diarioprincipios.com\/index.php\/wp-json\/wp\/v2\/media?parent=2939"}],"wp:term":[{"taxonomy":"category","embeddable":true,"href":"https:\/\/diarioprincipios.com\/index.php\/wp-json\/wp\/v2\/categories?post=2939"},{"taxonomy":"post_tag","embeddable":true,"href":"https:\/\/diarioprincipios.com\/index.php\/wp-json\/wp\/v2\/tags?post=2939"}],"curies":[{"name":"wp","href":"https:\/\/api.w.org\/{rel}","templated":true}]}}