{"id":2933,"date":"2020-06-16T12:34:43","date_gmt":"2020-06-16T15:34:43","guid":{"rendered":"http:\/\/diarioprincipios.com\/?p=2933"},"modified":"2020-06-16T12:34:48","modified_gmt":"2020-06-16T15:34:48","slug":"rodriguez-larreta-dijo-que-preocupa-el-aumento-de-circulacion-en-amba-y-que-intensificaran-controles","status":"publish","type":"post","link":"https:\/\/diarioprincipios.com\/index.php\/2020\/06\/16\/rodriguez-larreta-dijo-que-preocupa-el-aumento-de-circulacion-en-amba-y-que-intensificaran-controles\/","title":{"rendered":"Rodr\u00edguez Larreta dijo que preocupa el aumento de circulaci\u00f3n en AMBA y que intensificar\u00e1n controles"},"content":{"rendered":"\n<p>El jefe de Gobierno porte\u00f1o, Horacio Rodr\u00edguez Larreta, consider\u00f3 esta ma\u00f1ana \u00abpreocupante\u00bb que en los \u00faltimos 15 d\u00edas haya aumentado un 22 por ciento la circulaci\u00f3n de personas en la ciudad de Buenos Aires, por lo que anunci\u00f3 que se intensificar\u00e1n los controles, sobre todo en los medios de transporte p\u00fablico.<\/p>\n\n\n\n<p>\u00abHay un dato que preocupa y es que aument\u00f3 la circulaci\u00f3n en toda el \u00e1rea metropolitana, en especial en el transporte p\u00fablico, que es un lugar de riesgo siempre porque se junta mucha gente. Por eso, se consensu\u00f3 ser m\u00e1s estrictos en el control y que el transporte p\u00fablico sea solo para los trabajadores esenciales\u00bb, indic\u00f3 Rodr\u00edguez Larreta en una conferencia de prensa en la sede del Ejecutivo porte\u00f1o.<\/p>\n\n\n\n<p>Para ello, los ministerios de Salud, Transporte y Seguridad porte\u00f1os van a incrementar los controles en los accesos a la Ciudad, sobre todo en Constituci\u00f3n, Retiro y Once, pero tambi\u00e9n el jefe de Gobierno apel\u00f3 a \u00abla responsabilidad de los ciudadanos\u00bb.<\/p>\n\n\n\n<p>La estrategia de incrementar los controles en el transporte p\u00fablico en la regi\u00f3n del \u00c1rea Metropolitana de Buenos Aires (AMBA) fue acordada ayer en una reuni\u00f3n entre los ministros de Salud de la Naci\u00f3n, Gin\u00e9s Gonz\u00e1lez Garc\u00eda, con sus pares bonaerense, Daniel Goll\u00e1n, y porte\u00f1o, Fern\u00e1n Quir\u00f3s.<\/p>\n\n\n\n<p>All\u00ed tambi\u00e9n se decidi\u00f3 consolidar en un tablero \u00fanico la informaci\u00f3n sobre la evoluci\u00f3n de la Covid-19 en Ciudad y municipios del conurbano, m\u00e1s all\u00e1 de los datos que brinden cada uno de esos distritos.<\/p>\n\n\n\n<p>Por otra parte, Rodr\u00edguez Larreta anunci\u00f3 que esta semana llevar\u00e1 el programa DetectAr a toda la Ciudad porque \u00abun m\u00e9todo que funciona en todo el mundo\u00bb, y asegur\u00f3 que para mitigar la propagaci\u00f3n del coronavirus hay que \u00abtestear, detectar y aislar\u00bb.<\/p>\n\n\n\n<p>\u00abAumentan los casos porque aumentamos los testeos. Hoy el R (a cuantas personas contagia un infectado) es de 1,13\u00bb, afirm\u00f3 el jefe de Gobierno, que elogi\u00f3 la eficacia del Programa DetectAr, que busca casas por casa los casos sospechosos y sus v\u00ednculos estrechos para aislar.<\/p>\n\n\n\n<p>Indic\u00f3 que actualmente se realizan 600.000 llamados por mes para controlar a las personas contagiadas, que se encuentran en aislamiento, y y a los contactos estrechos, por lo que se aumentar\u00e1 de 20 a 69 las personas para hacer entrevistas iniciales, y de 30 a 92 las personas que realizar\u00e1n los seguimientos.<\/p>\n\n\n\n<p>Tambi\u00e9n explic\u00f3 que se continuar\u00e1 con los controles al personal de la salud, desde ahora con un test r\u00e1pido por semana, y que se agregar\u00e1 a los trabajadores de las residencias de adultos mayores, que son 480 en toda la Ciudad.<\/p>\n\n\n\n<p>\u00abEn los barrios vulnerables, el programa DetectAr funcion\u00f3 a la perfecci\u00f3n, con la colaboraci\u00f3n de las organizaciones sociales y de mujeres que permiti\u00f3 un trabajo donde se logr\u00f3 aislar a las personas contagiadas\u00bb, mencion\u00f3.<\/p>\n\n\n\n<p>Larreta destac\u00f3 la necesidad de \u00abbuscar el equilibrio entre la angustia de la gente por la cuarentena y el cuidado para evitar el riesgo de contagio\u00bb de coronavirus, al ser consultado sobre eventuales cambios en las medidas de flexibilizaci\u00f3n del aislamiento en la jurisdicci\u00f3n.<\/p>\n\n\n\n<p>\u00abHay una situaci\u00f3n natural de muchos d\u00edas de cuarentena que genera angustia, ansiedad e incertidumbre\u00bb, admiti\u00f3 Rodr\u00edguez Larreta e insisti\u00f3 en la necesidad de evaluar los datos para continuar tomando decisiones.<\/p>\n\n\n\n<p>En este tema, el ministro de Salud porte\u00f1o, Fern\u00e1n Quir\u00f3s, se\u00f1al\u00f3 que hay una necesidad de observar los datos, no solo para informarlos, si no para ver la capacidad instalada, los casos diarios, los indicadores que cada uno mide por su lado, por eso la idea es hacer una medici\u00f3n en conjunto para tener una mirada metropolitana\u00bb.<\/p>\n","protected":false},"excerpt":{"rendered":"<p>El jefe de Gobierno porte\u00f1o, Horacio Rodr\u00edguez Larreta, consider\u00f3 esta ma\u00f1ana \u00abpreocupante\u00bb que en los \u00faltimos 15 d\u00edas haya aumentado un 22 por ciento la circulaci\u00f3n de personas en la ciudad de Buenos Aires, por lo que anunci\u00f3 que se intensificar\u00e1n los controles, sobre todo en los medios de transporte p\u00fablico. \u00abHay un dato que&#8230;<\/p>\n","protected":false},"author":2,"featured_media":2934,"comment_status":"open","ping_status":"open","sticky":false,"template":"","format":"standard","meta":{"footnotes":""},"categories":[11],"tags":[],"class_list":["post-2933","post","type-post","status-publish","format-standard","has-post-thumbnail","hentry","category-municipios"],"featured_image_src":"https:\/\/diarioprincipios.com\/wp-content\/uploads\/2020\/06\/j-UcSYC__400x400.jpg","blog_images":{"medium":"https:\/\/diarioprincipios.com\/wp-content\/uploads\/2020\/06\/j-UcSYC__400x400-300x300.jpg","large":"https:\/\/diarioprincipios.com\/wp-content\/uploads\/2020\/06\/j-UcSYC__400x400.jpg"},"ams_acf":[],"yoast_head":"<!-- This site is optimized with the Yoast SEO plugin v27.3 - https:\/\/yoast.com\/product\/yoast-seo-wordpress\/ -->\n<title>Rodr\u00edguez Larreta dijo que preocupa el aumento de circulaci\u00f3n en AMBA y que intensificar\u00e1n controles - Principios<\/title>\n<meta name=\"robots\" content=\"index, follow, max-snippet:-1, max-image-preview:large, max-video-preview:-1\" \/>\n<link rel=\"canonical\" href=\"https:\/\/diarioprincipios.com\/index.php\/2020\/06\/16\/rodriguez-larreta-dijo-que-preocupa-el-aumento-de-circulacion-en-amba-y-que-intensificaran-controles\/\" \/>\n<meta property=\"og:locale\" content=\"es_ES\" \/>\n<meta property=\"og:type\" content=\"article\" \/>\n<meta property=\"og:title\" content=\"Rodr\u00edguez Larreta dijo que preocupa el aumento de circulaci\u00f3n en AMBA y que intensificar\u00e1n controles - Principios\" \/>\n<meta property=\"og:description\" content=\"El jefe de Gobierno porte\u00f1o, Horacio Rodr\u00edguez Larreta, consider\u00f3 esta ma\u00f1ana \u00abpreocupante\u00bb que en los \u00faltimos 15 d\u00edas haya aumentado un 22 por ciento la circulaci\u00f3n de personas en la ciudad de Buenos Aires, por lo que anunci\u00f3 que se intensificar\u00e1n los controles, sobre todo en los medios de transporte p\u00fablico. \u00abHay un dato que...\" \/>\n<meta property=\"og:url\" content=\"https:\/\/diarioprincipios.com\/index.php\/2020\/06\/16\/rodriguez-larreta-dijo-que-preocupa-el-aumento-de-circulacion-en-amba-y-que-intensificaran-controles\/\" \/>\n<meta property=\"og:site_name\" content=\"Principios\" \/>\n<meta property=\"article:published_time\" content=\"2020-06-16T15:34:43+00:00\" \/>\n<meta property=\"article:modified_time\" content=\"2020-06-16T15:34:48+00:00\" \/>\n<meta property=\"og:image\" content=\"https:\/\/diarioprincipios.com\/wp-content\/uploads\/2020\/06\/j-UcSYC__400x400.jpg\" \/>\n\t<meta property=\"og:image:width\" content=\"400\" \/>\n\t<meta property=\"og:image:height\" content=\"400\" \/>\n\t<meta property=\"og:image:type\" content=\"image\/jpeg\" \/>\n<meta name=\"author\" content=\"Hern\u00e1n L\u00f3pez\" \/>\n<meta name=\"twitter:card\" content=\"summary_large_image\" \/>\n<meta name=\"twitter:label1\" content=\"Escrito por\" \/>\n\t<meta name=\"twitter:data1\" content=\"Hern\u00e1n L\u00f3pez\" \/>\n\t<meta name=\"twitter:label2\" content=\"Tiempo de lectura\" \/>\n\t<meta name=\"twitter:data2\" content=\"3 minutos\" \/>\n<script type=\"application\/ld+json\" class=\"yoast-schema-graph\">{\"@context\":\"https:\\\/\\\/schema.org\",\"@graph\":[{\"@type\":\"Article\",\"@id\":\"https:\\\/\\\/diarioprincipios.com\\\/index.php\\\/2020\\\/06\\\/16\\\/rodriguez-larreta-dijo-que-preocupa-el-aumento-de-circulacion-en-amba-y-que-intensificaran-controles\\\/#article\",\"isPartOf\":{\"@id\":\"https:\\\/\\\/diarioprincipios.com\\\/index.php\\\/2020\\\/06\\\/16\\\/rodriguez-larreta-dijo-que-preocupa-el-aumento-de-circulacion-en-amba-y-que-intensificaran-controles\\\/\"},\"author\":{\"name\":\"Hern\u00e1n L\u00f3pez\",\"@id\":\"https:\\\/\\\/diarioprincipios.com\\\/#\\\/schema\\\/person\\\/436d5a1fd41a5e250e23ff5a6a7cb080\"},\"headline\":\"Rodr\u00edguez Larreta dijo que preocupa el aumento de circulaci\u00f3n en AMBA y que intensificar\u00e1n controles\",\"datePublished\":\"2020-06-16T15:34:43+00:00\",\"dateModified\":\"2020-06-16T15:34:48+00:00\",\"mainEntityOfPage\":{\"@id\":\"https:\\\/\\\/diarioprincipios.com\\\/index.php\\\/2020\\\/06\\\/16\\\/rodriguez-larreta-dijo-que-preocupa-el-aumento-de-circulacion-en-amba-y-que-intensificaran-controles\\\/\"},\"wordCount\":647,\"commentCount\":0,\"publisher\":{\"@id\":\"https:\\\/\\\/diarioprincipios.com\\\/#organization\"},\"image\":{\"@id\":\"https:\\\/\\\/diarioprincipios.com\\\/index.php\\\/2020\\\/06\\\/16\\\/rodriguez-larreta-dijo-que-preocupa-el-aumento-de-circulacion-en-amba-y-que-intensificaran-controles\\\/#primaryimage\"},\"thumbnailUrl\":\"https:\\\/\\\/diarioprincipios.com\\\/wp-content\\\/uploads\\\/2020\\\/06\\\/j-UcSYC__400x400.jpg\",\"articleSection\":[\"Municipios\"],\"inLanguage\":\"es\",\"potentialAction\":[{\"@type\":\"CommentAction\",\"name\":\"Comment\",\"target\":[\"https:\\\/\\\/diarioprincipios.com\\\/index.php\\\/2020\\\/06\\\/16\\\/rodriguez-larreta-dijo-que-preocupa-el-aumento-de-circulacion-en-amba-y-que-intensificaran-controles\\\/#respond\"]}]},{\"@type\":\"WebPage\",\"@id\":\"https:\\\/\\\/diarioprincipios.com\\\/index.php\\\/2020\\\/06\\\/16\\\/rodriguez-larreta-dijo-que-preocupa-el-aumento-de-circulacion-en-amba-y-que-intensificaran-controles\\\/\",\"url\":\"https:\\\/\\\/diarioprincipios.com\\\/index.php\\\/2020\\\/06\\\/16\\\/rodriguez-larreta-dijo-que-preocupa-el-aumento-de-circulacion-en-amba-y-que-intensificaran-controles\\\/\",\"name\":\"Rodr\u00edguez Larreta dijo que preocupa el aumento de circulaci\u00f3n en AMBA y que intensificar\u00e1n controles - Principios\",\"isPartOf\":{\"@id\":\"https:\\\/\\\/diarioprincipios.com\\\/#website\"},\"primaryImageOfPage\":{\"@id\":\"https:\\\/\\\/diarioprincipios.com\\\/index.php\\\/2020\\\/06\\\/16\\\/rodriguez-larreta-dijo-que-preocupa-el-aumento-de-circulacion-en-amba-y-que-intensificaran-controles\\\/#primaryimage\"},\"image\":{\"@id\":\"https:\\\/\\\/diarioprincipios.com\\\/index.php\\\/2020\\\/06\\\/16\\\/rodriguez-larreta-dijo-que-preocupa-el-aumento-de-circulacion-en-amba-y-que-intensificaran-controles\\\/#primaryimage\"},\"thumbnailUrl\":\"https:\\\/\\\/diarioprincipios.com\\\/wp-content\\\/uploads\\\/2020\\\/06\\\/j-UcSYC__400x400.jpg\",\"datePublished\":\"2020-06-16T15:34:43+00:00\",\"dateModified\":\"2020-06-16T15:34:48+00:00\",\"breadcrumb\":{\"@id\":\"https:\\\/\\\/diarioprincipios.com\\\/index.php\\\/2020\\\/06\\\/16\\\/rodriguez-larreta-dijo-que-preocupa-el-aumento-de-circulacion-en-amba-y-que-intensificaran-controles\\\/#breadcrumb\"},\"inLanguage\":\"es\",\"potentialAction\":[{\"@type\":\"ReadAction\",\"target\":[\"https:\\\/\\\/diarioprincipios.com\\\/index.php\\\/2020\\\/06\\\/16\\\/rodriguez-larreta-dijo-que-preocupa-el-aumento-de-circulacion-en-amba-y-que-intensificaran-controles\\\/\"]}]},{\"@type\":\"ImageObject\",\"inLanguage\":\"es\",\"@id\":\"https:\\\/\\\/diarioprincipios.com\\\/index.php\\\/2020\\\/06\\\/16\\\/rodriguez-larreta-dijo-que-preocupa-el-aumento-de-circulacion-en-amba-y-que-intensificaran-controles\\\/#primaryimage\",\"url\":\"https:\\\/\\\/diarioprincipios.com\\\/wp-content\\\/uploads\\\/2020\\\/06\\\/j-UcSYC__400x400.jpg\",\"contentUrl\":\"https:\\\/\\\/diarioprincipios.com\\\/wp-content\\\/uploads\\\/2020\\\/06\\\/j-UcSYC__400x400.jpg\",\"width\":400,\"height\":400},{\"@type\":\"BreadcrumbList\",\"@id\":\"https:\\\/\\\/diarioprincipios.com\\\/index.php\\\/2020\\\/06\\\/16\\\/rodriguez-larreta-dijo-que-preocupa-el-aumento-de-circulacion-en-amba-y-que-intensificaran-controles\\\/#breadcrumb\",\"itemListElement\":[{\"@type\":\"ListItem\",\"position\":1,\"name\":\"Portada\",\"item\":\"https:\\\/\\\/diarioprincipios.com\\\/\"},{\"@type\":\"ListItem\",\"position\":2,\"name\":\"Rodr\u00edguez Larreta dijo que preocupa el aumento de circulaci\u00f3n en AMBA y que intensificar\u00e1n controles\"}]},{\"@type\":\"WebSite\",\"@id\":\"https:\\\/\\\/diarioprincipios.com\\\/#website\",\"url\":\"https:\\\/\\\/diarioprincipios.com\\\/\",\"name\":\"Principios\",\"description\":\"Principios Diario\",\"publisher\":{\"@id\":\"https:\\\/\\\/diarioprincipios.com\\\/#organization\"},\"potentialAction\":[{\"@type\":\"SearchAction\",\"target\":{\"@type\":\"EntryPoint\",\"urlTemplate\":\"https:\\\/\\\/diarioprincipios.com\\\/?s={search_term_string}\"},\"query-input\":{\"@type\":\"PropertyValueSpecification\",\"valueRequired\":true,\"valueName\":\"search_term_string\"}}],\"inLanguage\":\"es\"},{\"@type\":\"Organization\",\"@id\":\"https:\\\/\\\/diarioprincipios.com\\\/#organization\",\"name\":\"Principios\",\"url\":\"https:\\\/\\\/diarioprincipios.com\\\/\",\"logo\":{\"@type\":\"ImageObject\",\"inLanguage\":\"es\",\"@id\":\"https:\\\/\\\/diarioprincipios.com\\\/#\\\/schema\\\/logo\\\/image\\\/\",\"url\":\"https:\\\/\\\/diarioprincipios.com\\\/wp-content\\\/uploads\\\/2024\\\/04\\\/cropped-www.diarioprincipios.com_-1.png\",\"contentUrl\":\"https:\\\/\\\/diarioprincipios.com\\\/wp-content\\\/uploads\\\/2024\\\/04\\\/cropped-www.diarioprincipios.com_-1.png\",\"width\":5325,\"height\":1454,\"caption\":\"Principios\"},\"image\":{\"@id\":\"https:\\\/\\\/diarioprincipios.com\\\/#\\\/schema\\\/logo\\\/image\\\/\"}},{\"@type\":\"Person\",\"@id\":\"https:\\\/\\\/diarioprincipios.com\\\/#\\\/schema\\\/person\\\/436d5a1fd41a5e250e23ff5a6a7cb080\",\"name\":\"Hern\u00e1n L\u00f3pez\",\"image\":{\"@type\":\"ImageObject\",\"inLanguage\":\"es\",\"@id\":\"https:\\\/\\\/diarioprincipios.com\\\/wp-content\\\/litespeed\\\/avatar\\\/11ddfe5610ff3bd100522525b2571f48.jpg?ver=1777653193\",\"url\":\"https:\\\/\\\/diarioprincipios.com\\\/wp-content\\\/litespeed\\\/avatar\\\/11ddfe5610ff3bd100522525b2571f48.jpg?ver=1777653193\",\"contentUrl\":\"https:\\\/\\\/diarioprincipios.com\\\/wp-content\\\/litespeed\\\/avatar\\\/11ddfe5610ff3bd100522525b2571f48.jpg?ver=1777653193\",\"caption\":\"Hern\u00e1n L\u00f3pez\"},\"url\":\"https:\\\/\\\/diarioprincipios.com\\\/index.php\\\/author\\\/hernan\\\/\"}]}<\/script>\n<!-- \/ Yoast SEO plugin. -->","yoast_head_json":{"title":"Rodr\u00edguez Larreta dijo que preocupa el aumento de circulaci\u00f3n en AMBA y que intensificar\u00e1n controles - Principios","robots":{"index":"index","follow":"follow","max-snippet":"max-snippet:-1","max-image-preview":"max-image-preview:large","max-video-preview":"max-video-preview:-1"},"canonical":"https:\/\/diarioprincipios.com\/index.php\/2020\/06\/16\/rodriguez-larreta-dijo-que-preocupa-el-aumento-de-circulacion-en-amba-y-que-intensificaran-controles\/","og_locale":"es_ES","og_type":"article","og_title":"Rodr\u00edguez Larreta dijo que preocupa el aumento de circulaci\u00f3n en AMBA y que intensificar\u00e1n controles - Principios","og_description":"El jefe de Gobierno porte\u00f1o, Horacio Rodr\u00edguez Larreta, consider\u00f3 esta ma\u00f1ana \u00abpreocupante\u00bb que en los \u00faltimos 15 d\u00edas haya aumentado un 22 por ciento la circulaci\u00f3n de personas en la ciudad de Buenos Aires, por lo que anunci\u00f3 que se intensificar\u00e1n los controles, sobre todo en los medios de transporte p\u00fablico. \u00abHay un dato que...","og_url":"https:\/\/diarioprincipios.com\/index.php\/2020\/06\/16\/rodriguez-larreta-dijo-que-preocupa-el-aumento-de-circulacion-en-amba-y-que-intensificaran-controles\/","og_site_name":"Principios","article_published_time":"2020-06-16T15:34:43+00:00","article_modified_time":"2020-06-16T15:34:48+00:00","og_image":[{"width":400,"height":400,"url":"https:\/\/diarioprincipios.com\/wp-content\/uploads\/2020\/06\/j-UcSYC__400x400.jpg","type":"image\/jpeg"}],"author":"Hern\u00e1n L\u00f3pez","twitter_card":"summary_large_image","twitter_misc":{"Escrito por":"Hern\u00e1n L\u00f3pez","Tiempo de lectura":"3 minutos"},"schema":{"@context":"https:\/\/schema.org","@graph":[{"@type":"Article","@id":"https:\/\/diarioprincipios.com\/index.php\/2020\/06\/16\/rodriguez-larreta-dijo-que-preocupa-el-aumento-de-circulacion-en-amba-y-que-intensificaran-controles\/#article","isPartOf":{"@id":"https:\/\/diarioprincipios.com\/index.php\/2020\/06\/16\/rodriguez-larreta-dijo-que-preocupa-el-aumento-de-circulacion-en-amba-y-que-intensificaran-controles\/"},"author":{"name":"Hern\u00e1n L\u00f3pez","@id":"https:\/\/diarioprincipios.com\/#\/schema\/person\/436d5a1fd41a5e250e23ff5a6a7cb080"},"headline":"Rodr\u00edguez Larreta dijo que preocupa el aumento de circulaci\u00f3n en AMBA y que intensificar\u00e1n controles","datePublished":"2020-06-16T15:34:43+00:00","dateModified":"2020-06-16T15:34:48+00:00","mainEntityOfPage":{"@id":"https:\/\/diarioprincipios.com\/index.php\/2020\/06\/16\/rodriguez-larreta-dijo-que-preocupa-el-aumento-de-circulacion-en-amba-y-que-intensificaran-controles\/"},"wordCount":647,"commentCount":0,"publisher":{"@id":"https:\/\/diarioprincipios.com\/#organization"},"image":{"@id":"https:\/\/diarioprincipios.com\/index.php\/2020\/06\/16\/rodriguez-larreta-dijo-que-preocupa-el-aumento-de-circulacion-en-amba-y-que-intensificaran-controles\/#primaryimage"},"thumbnailUrl":"https:\/\/diarioprincipios.com\/wp-content\/uploads\/2020\/06\/j-UcSYC__400x400.jpg","articleSection":["Municipios"],"inLanguage":"es","potentialAction":[{"@type":"CommentAction","name":"Comment","target":["https:\/\/diarioprincipios.com\/index.php\/2020\/06\/16\/rodriguez-larreta-dijo-que-preocupa-el-aumento-de-circulacion-en-amba-y-que-intensificaran-controles\/#respond"]}]},{"@type":"WebPage","@id":"https:\/\/diarioprincipios.com\/index.php\/2020\/06\/16\/rodriguez-larreta-dijo-que-preocupa-el-aumento-de-circulacion-en-amba-y-que-intensificaran-controles\/","url":"https:\/\/diarioprincipios.com\/index.php\/2020\/06\/16\/rodriguez-larreta-dijo-que-preocupa-el-aumento-de-circulacion-en-amba-y-que-intensificaran-controles\/","name":"Rodr\u00edguez Larreta dijo que preocupa el aumento de circulaci\u00f3n en AMBA y que intensificar\u00e1n controles - Principios","isPartOf":{"@id":"https:\/\/diarioprincipios.com\/#website"},"primaryImageOfPage":{"@id":"https:\/\/diarioprincipios.com\/index.php\/2020\/06\/16\/rodriguez-larreta-dijo-que-preocupa-el-aumento-de-circulacion-en-amba-y-que-intensificaran-controles\/#primaryimage"},"image":{"@id":"https:\/\/diarioprincipios.com\/index.php\/2020\/06\/16\/rodriguez-larreta-dijo-que-preocupa-el-aumento-de-circulacion-en-amba-y-que-intensificaran-controles\/#primaryimage"},"thumbnailUrl":"https:\/\/diarioprincipios.com\/wp-content\/uploads\/2020\/06\/j-UcSYC__400x400.jpg","datePublished":"2020-06-16T15:34:43+00:00","dateModified":"2020-06-16T15:34:48+00:00","breadcrumb":{"@id":"https:\/\/diarioprincipios.com\/index.php\/2020\/06\/16\/rodriguez-larreta-dijo-que-preocupa-el-aumento-de-circulacion-en-amba-y-que-intensificaran-controles\/#breadcrumb"},"inLanguage":"es","potentialAction":[{"@type":"ReadAction","target":["https:\/\/diarioprincipios.com\/index.php\/2020\/06\/16\/rodriguez-larreta-dijo-que-preocupa-el-aumento-de-circulacion-en-amba-y-que-intensificaran-controles\/"]}]},{"@type":"ImageObject","inLanguage":"es","@id":"https:\/\/diarioprincipios.com\/index.php\/2020\/06\/16\/rodriguez-larreta-dijo-que-preocupa-el-aumento-de-circulacion-en-amba-y-que-intensificaran-controles\/#primaryimage","url":"https:\/\/diarioprincipios.com\/wp-content\/uploads\/2020\/06\/j-UcSYC__400x400.jpg","contentUrl":"https:\/\/diarioprincipios.com\/wp-content\/uploads\/2020\/06\/j-UcSYC__400x400.jpg","width":400,"height":400},{"@type":"BreadcrumbList","@id":"https:\/\/diarioprincipios.com\/index.php\/2020\/06\/16\/rodriguez-larreta-dijo-que-preocupa-el-aumento-de-circulacion-en-amba-y-que-intensificaran-controles\/#breadcrumb","itemListElement":[{"@type":"ListItem","position":1,"name":"Portada","item":"https:\/\/diarioprincipios.com\/"},{"@type":"ListItem","position":2,"name":"Rodr\u00edguez Larreta dijo que preocupa el aumento de circulaci\u00f3n en AMBA y que intensificar\u00e1n controles"}]},{"@type":"WebSite","@id":"https:\/\/diarioprincipios.com\/#website","url":"https:\/\/diarioprincipios.com\/","name":"Principios","description":"Principios Diario","publisher":{"@id":"https:\/\/diarioprincipios.com\/#organization"},"potentialAction":[{"@type":"SearchAction","target":{"@type":"EntryPoint","urlTemplate":"https:\/\/diarioprincipios.com\/?s={search_term_string}"},"query-input":{"@type":"PropertyValueSpecification","valueRequired":true,"valueName":"search_term_string"}}],"inLanguage":"es"},{"@type":"Organization","@id":"https:\/\/diarioprincipios.com\/#organization","name":"Principios","url":"https:\/\/diarioprincipios.com\/","logo":{"@type":"ImageObject","inLanguage":"es","@id":"https:\/\/diarioprincipios.com\/#\/schema\/logo\/image\/","url":"https:\/\/diarioprincipios.com\/wp-content\/uploads\/2024\/04\/cropped-www.diarioprincipios.com_-1.png","contentUrl":"https:\/\/diarioprincipios.com\/wp-content\/uploads\/2024\/04\/cropped-www.diarioprincipios.com_-1.png","width":5325,"height":1454,"caption":"Principios"},"image":{"@id":"https:\/\/diarioprincipios.com\/#\/schema\/logo\/image\/"}},{"@type":"Person","@id":"https:\/\/diarioprincipios.com\/#\/schema\/person\/436d5a1fd41a5e250e23ff5a6a7cb080","name":"Hern\u00e1n L\u00f3pez","image":{"@type":"ImageObject","inLanguage":"es","@id":"https:\/\/diarioprincipios.com\/wp-content\/litespeed\/avatar\/11ddfe5610ff3bd100522525b2571f48.jpg?ver=1777653193","url":"https:\/\/diarioprincipios.com\/wp-content\/litespeed\/avatar\/11ddfe5610ff3bd100522525b2571f48.jpg?ver=1777653193","contentUrl":"https:\/\/diarioprincipios.com\/wp-content\/litespeed\/avatar\/11ddfe5610ff3bd100522525b2571f48.jpg?ver=1777653193","caption":"Hern\u00e1n L\u00f3pez"},"url":"https:\/\/diarioprincipios.com\/index.php\/author\/hernan\/"}]}},"jetpack_featured_media_url":"https:\/\/diarioprincipios.com\/wp-content\/uploads\/2020\/06\/j-UcSYC__400x400.jpg","_links":{"self":[{"href":"https:\/\/diarioprincipios.com\/index.php\/wp-json\/wp\/v2\/posts\/2933","targetHints":{"allow":["GET"]}}],"collection":[{"href":"https:\/\/diarioprincipios.com\/index.php\/wp-json\/wp\/v2\/posts"}],"about":[{"href":"https:\/\/diarioprincipios.com\/index.php\/wp-json\/wp\/v2\/types\/post"}],"author":[{"embeddable":true,"href":"https:\/\/diarioprincipios.com\/index.php\/wp-json\/wp\/v2\/users\/2"}],"replies":[{"embeddable":true,"href":"https:\/\/diarioprincipios.com\/index.php\/wp-json\/wp\/v2\/comments?post=2933"}],"version-history":[{"count":1,"href":"https:\/\/diarioprincipios.com\/index.php\/wp-json\/wp\/v2\/posts\/2933\/revisions"}],"predecessor-version":[{"id":2935,"href":"https:\/\/diarioprincipios.com\/index.php\/wp-json\/wp\/v2\/posts\/2933\/revisions\/2935"}],"wp:featuredmedia":[{"embeddable":true,"href":"https:\/\/diarioprincipios.com\/index.php\/wp-json\/wp\/v2\/media\/2934"}],"wp:attachment":[{"href":"https:\/\/diarioprincipios.com\/index.php\/wp-json\/wp\/v2\/media?parent=2933"}],"wp:term":[{"taxonomy":"category","embeddable":true,"href":"https:\/\/diarioprincipios.com\/index.php\/wp-json\/wp\/v2\/categories?post=2933"},{"taxonomy":"post_tag","embeddable":true,"href":"https:\/\/diarioprincipios.com\/index.php\/wp-json\/wp\/v2\/tags?post=2933"}],"curies":[{"name":"wp","href":"https:\/\/api.w.org\/{rel}","templated":true}]}}