{"id":2888,"date":"2020-06-14T21:56:51","date_gmt":"2020-06-15T00:56:51","guid":{"rendered":"http:\/\/diarioprincipios.com\/?p=2888"},"modified":"2020-06-14T21:56:55","modified_gmt":"2020-06-15T00:56:55","slug":"confederacion-economica-bonaerense-dijo-que-aplaude-decision-del-gobierno-sobre-vicentin","status":"publish","type":"post","link":"https:\/\/diarioprincipios.com\/index.php\/2020\/06\/14\/confederacion-economica-bonaerense-dijo-que-aplaude-decision-del-gobierno-sobre-vicentin\/","title":{"rendered":"Confederaci\u00f3n Econ\u00f3mica Bonaerense dijo que aplaude decisi\u00f3n del gobierno sobre Vicentin"},"content":{"rendered":"\n<p>El presidente de la Confederaci\u00f3n Econ\u00f3mica de la Provincia de Buenos Aires (Cepba), Guillermo Siro, dijo hoy que aplaude la decisi\u00f3n de gobierno nacional de intervenir la empresa cerealera Vicentin y destac\u00f3 que \u00absi la instrumentaci\u00f3n es estatizar o no, despu\u00e9s se ver\u00e1 porque hay un proceso judicial\u00bb.<\/p>\n\n\n\n<p>\u00abEstamos totalmente de acuerdo en que hay que defender las cadenas de valor y lo que Vicentin ten\u00eda con otras cuatro o cinco multinacionales son cadenas de valor\u00bb, destac\u00f3 el empresario.<\/p>\n\n\n\n<p>Indic\u00f3, en un comunicado, que \u00abatr\u00e1s de Vicentin hay hoy miles de productores peque\u00f1os que no cobran, miles de trabajadores que no cobran, miles de pymes que no cobran hace tiempo\u00bb<\/p>\n\n\n\n<p>\u00abPor consiguiente nosotros aplaudimos que el Estado tome cartas en el asunto. Si la instrumentaci\u00f3n es estatizar o no, despu\u00e9s se ver\u00e1 porque hay un proceso judicial\u00bb, resalt\u00f3.<\/p>\n\n\n\n<p>Destac\u00f3 que cuando se analiza la actividad de la empresa Vicentin se observa que \u00abdurante el \u00faltimo a\u00f1o ha vaciado las arcas del Banco Naci\u00f3n, del BICE y tambi\u00e9n hasta el Banco Provincia le prest\u00f3 plata que no cobr\u00f3\u00bb.<\/p>\n\n\n\n<p>\u00abFrente a esto yo estoy de acuerdo que el Estado debe hacer algo, no podemos mirar para otro lado porque en realidad sino pierden la mayor\u00eda de los argentinos\u00bb, remarc\u00f3.<\/p>\n\n\n\n<p>\u00abNosotros no estamos de acuerdo por definici\u00f3n con la estatizaci\u00f3n de empresas, s\u00ed creemos que el Estado debe ser rector\u00bb, acot\u00f3.<\/p>\n\n\n\n<p>\u00abSi nosotros no protegemos al productor peque\u00f1o, que muchas veces se deja llevar por lo que dice el grande, lo \u00fanico que vamos a lograr es que seamos todos inquilinos de los campos y que la producci\u00f3n agropecuaria est\u00e9 en manos de los pools de compra que es un negocio netamente financiero y ah\u00ed si perdemos la independencia, autonom\u00eda y soberan\u00eda alimenticia\u00bb, a\u00f1adi\u00f3.<\/p>\n\n\n\n<p>Reiter\u00f3 que est\u00e1 \u00abtotalmente de acuerdo en que el Estado debe meterse en el tema de Vicentin, debe encontrar una resoluci\u00f3n, siempre mirando los intereses de los peque\u00f1os productores y a la cadena de valor de Vicentin que es muy importante\u00bb.<\/p>\n","protected":false},"excerpt":{"rendered":"<p>El presidente de la Confederaci\u00f3n Econ\u00f3mica de la Provincia de Buenos Aires (Cepba), Guillermo Siro, dijo hoy que aplaude la decisi\u00f3n de gobierno nacional de intervenir la empresa cerealera Vicentin y destac\u00f3 que \u00absi la instrumentaci\u00f3n es estatizar o no, despu\u00e9s se ver\u00e1 porque hay un proceso judicial\u00bb. \u00abEstamos totalmente de acuerdo en que hay&#8230;<\/p>\n","protected":false},"author":2,"featured_media":2889,"comment_status":"open","ping_status":"open","sticky":false,"template":"","format":"standard","meta":{"footnotes":""},"categories":[7],"tags":[],"class_list":["post-2888","post","type-post","status-publish","format-standard","has-post-thumbnail","hentry","category-provincia"],"featured_image_src":"https:\/\/diarioprincipios.com\/wp-content\/uploads\/2020\/06\/siro.jpg","blog_images":{"medium":"https:\/\/diarioprincipios.com\/wp-content\/uploads\/2020\/06\/siro-300x200.jpg","large":"https:\/\/diarioprincipios.com\/wp-content\/uploads\/2020\/06\/siro.jpg"},"ams_acf":[],"yoast_head":"<!-- This site is optimized with the Yoast SEO plugin v27.3 - https:\/\/yoast.com\/product\/yoast-seo-wordpress\/ -->\n<title>Confederaci\u00f3n Econ\u00f3mica Bonaerense dijo que aplaude decisi\u00f3n del gobierno sobre Vicentin - Principios<\/title>\n<meta name=\"robots\" content=\"index, follow, max-snippet:-1, max-image-preview:large, max-video-preview:-1\" \/>\n<link rel=\"canonical\" href=\"https:\/\/diarioprincipios.com\/index.php\/2020\/06\/14\/confederacion-economica-bonaerense-dijo-que-aplaude-decision-del-gobierno-sobre-vicentin\/\" \/>\n<meta property=\"og:locale\" content=\"es_ES\" \/>\n<meta property=\"og:type\" content=\"article\" \/>\n<meta property=\"og:title\" content=\"Confederaci\u00f3n Econ\u00f3mica Bonaerense dijo que aplaude decisi\u00f3n del gobierno sobre Vicentin - Principios\" \/>\n<meta property=\"og:description\" content=\"El presidente de la Confederaci\u00f3n Econ\u00f3mica de la Provincia de Buenos Aires (Cepba), Guillermo Siro, dijo hoy que aplaude la decisi\u00f3n de gobierno nacional de intervenir la empresa cerealera Vicentin y destac\u00f3 que \u00absi la instrumentaci\u00f3n es estatizar o no, despu\u00e9s se ver\u00e1 porque hay un proceso judicial\u00bb. \u00abEstamos totalmente de acuerdo en que hay...\" \/>\n<meta property=\"og:url\" content=\"https:\/\/diarioprincipios.com\/index.php\/2020\/06\/14\/confederacion-economica-bonaerense-dijo-que-aplaude-decision-del-gobierno-sobre-vicentin\/\" \/>\n<meta property=\"og:site_name\" content=\"Principios\" \/>\n<meta property=\"article:published_time\" content=\"2020-06-15T00:56:51+00:00\" \/>\n<meta property=\"article:modified_time\" content=\"2020-06-15T00:56:55+00:00\" \/>\n<meta property=\"og:image\" content=\"https:\/\/diarioprincipios.com\/wp-content\/uploads\/2020\/06\/siro.jpg\" \/>\n\t<meta property=\"og:image:width\" content=\"512\" \/>\n\t<meta property=\"og:image:height\" content=\"341\" \/>\n\t<meta property=\"og:image:type\" content=\"image\/jpeg\" \/>\n<meta name=\"author\" content=\"Hern\u00e1n L\u00f3pez\" \/>\n<meta name=\"twitter:card\" content=\"summary_large_image\" \/>\n<meta name=\"twitter:label1\" content=\"Escrito por\" \/>\n\t<meta name=\"twitter:data1\" content=\"Hern\u00e1n L\u00f3pez\" \/>\n\t<meta name=\"twitter:label2\" content=\"Tiempo de lectura\" \/>\n\t<meta name=\"twitter:data2\" content=\"2 minutos\" \/>\n<script type=\"application\/ld+json\" class=\"yoast-schema-graph\">{\"@context\":\"https:\\\/\\\/schema.org\",\"@graph\":[{\"@type\":\"Article\",\"@id\":\"https:\\\/\\\/diarioprincipios.com\\\/index.php\\\/2020\\\/06\\\/14\\\/confederacion-economica-bonaerense-dijo-que-aplaude-decision-del-gobierno-sobre-vicentin\\\/#article\",\"isPartOf\":{\"@id\":\"https:\\\/\\\/diarioprincipios.com\\\/index.php\\\/2020\\\/06\\\/14\\\/confederacion-economica-bonaerense-dijo-que-aplaude-decision-del-gobierno-sobre-vicentin\\\/\"},\"author\":{\"name\":\"Hern\u00e1n L\u00f3pez\",\"@id\":\"https:\\\/\\\/diarioprincipios.com\\\/#\\\/schema\\\/person\\\/436d5a1fd41a5e250e23ff5a6a7cb080\"},\"headline\":\"Confederaci\u00f3n Econ\u00f3mica Bonaerense dijo que aplaude decisi\u00f3n del gobierno sobre Vicentin\",\"datePublished\":\"2020-06-15T00:56:51+00:00\",\"dateModified\":\"2020-06-15T00:56:55+00:00\",\"mainEntityOfPage\":{\"@id\":\"https:\\\/\\\/diarioprincipios.com\\\/index.php\\\/2020\\\/06\\\/14\\\/confederacion-economica-bonaerense-dijo-que-aplaude-decision-del-gobierno-sobre-vicentin\\\/\"},\"wordCount\":369,\"commentCount\":0,\"publisher\":{\"@id\":\"https:\\\/\\\/diarioprincipios.com\\\/#organization\"},\"image\":{\"@id\":\"https:\\\/\\\/diarioprincipios.com\\\/index.php\\\/2020\\\/06\\\/14\\\/confederacion-economica-bonaerense-dijo-que-aplaude-decision-del-gobierno-sobre-vicentin\\\/#primaryimage\"},\"thumbnailUrl\":\"https:\\\/\\\/diarioprincipios.com\\\/wp-content\\\/uploads\\\/2020\\\/06\\\/siro.jpg\",\"articleSection\":[\"Provincia\"],\"inLanguage\":\"es\",\"potentialAction\":[{\"@type\":\"CommentAction\",\"name\":\"Comment\",\"target\":[\"https:\\\/\\\/diarioprincipios.com\\\/index.php\\\/2020\\\/06\\\/14\\\/confederacion-economica-bonaerense-dijo-que-aplaude-decision-del-gobierno-sobre-vicentin\\\/#respond\"]}]},{\"@type\":\"WebPage\",\"@id\":\"https:\\\/\\\/diarioprincipios.com\\\/index.php\\\/2020\\\/06\\\/14\\\/confederacion-economica-bonaerense-dijo-que-aplaude-decision-del-gobierno-sobre-vicentin\\\/\",\"url\":\"https:\\\/\\\/diarioprincipios.com\\\/index.php\\\/2020\\\/06\\\/14\\\/confederacion-economica-bonaerense-dijo-que-aplaude-decision-del-gobierno-sobre-vicentin\\\/\",\"name\":\"Confederaci\u00f3n Econ\u00f3mica Bonaerense dijo que aplaude decisi\u00f3n del gobierno sobre Vicentin - Principios\",\"isPartOf\":{\"@id\":\"https:\\\/\\\/diarioprincipios.com\\\/#website\"},\"primaryImageOfPage\":{\"@id\":\"https:\\\/\\\/diarioprincipios.com\\\/index.php\\\/2020\\\/06\\\/14\\\/confederacion-economica-bonaerense-dijo-que-aplaude-decision-del-gobierno-sobre-vicentin\\\/#primaryimage\"},\"image\":{\"@id\":\"https:\\\/\\\/diarioprincipios.com\\\/index.php\\\/2020\\\/06\\\/14\\\/confederacion-economica-bonaerense-dijo-que-aplaude-decision-del-gobierno-sobre-vicentin\\\/#primaryimage\"},\"thumbnailUrl\":\"https:\\\/\\\/diarioprincipios.com\\\/wp-content\\\/uploads\\\/2020\\\/06\\\/siro.jpg\",\"datePublished\":\"2020-06-15T00:56:51+00:00\",\"dateModified\":\"2020-06-15T00:56:55+00:00\",\"breadcrumb\":{\"@id\":\"https:\\\/\\\/diarioprincipios.com\\\/index.php\\\/2020\\\/06\\\/14\\\/confederacion-economica-bonaerense-dijo-que-aplaude-decision-del-gobierno-sobre-vicentin\\\/#breadcrumb\"},\"inLanguage\":\"es\",\"potentialAction\":[{\"@type\":\"ReadAction\",\"target\":[\"https:\\\/\\\/diarioprincipios.com\\\/index.php\\\/2020\\\/06\\\/14\\\/confederacion-economica-bonaerense-dijo-que-aplaude-decision-del-gobierno-sobre-vicentin\\\/\"]}]},{\"@type\":\"ImageObject\",\"inLanguage\":\"es\",\"@id\":\"https:\\\/\\\/diarioprincipios.com\\\/index.php\\\/2020\\\/06\\\/14\\\/confederacion-economica-bonaerense-dijo-que-aplaude-decision-del-gobierno-sobre-vicentin\\\/#primaryimage\",\"url\":\"https:\\\/\\\/diarioprincipios.com\\\/wp-content\\\/uploads\\\/2020\\\/06\\\/siro.jpg\",\"contentUrl\":\"https:\\\/\\\/diarioprincipios.com\\\/wp-content\\\/uploads\\\/2020\\\/06\\\/siro.jpg\",\"width\":512,\"height\":341},{\"@type\":\"BreadcrumbList\",\"@id\":\"https:\\\/\\\/diarioprincipios.com\\\/index.php\\\/2020\\\/06\\\/14\\\/confederacion-economica-bonaerense-dijo-que-aplaude-decision-del-gobierno-sobre-vicentin\\\/#breadcrumb\",\"itemListElement\":[{\"@type\":\"ListItem\",\"position\":1,\"name\":\"Portada\",\"item\":\"https:\\\/\\\/diarioprincipios.com\\\/\"},{\"@type\":\"ListItem\",\"position\":2,\"name\":\"Confederaci\u00f3n Econ\u00f3mica Bonaerense dijo que aplaude decisi\u00f3n del gobierno sobre Vicentin\"}]},{\"@type\":\"WebSite\",\"@id\":\"https:\\\/\\\/diarioprincipios.com\\\/#website\",\"url\":\"https:\\\/\\\/diarioprincipios.com\\\/\",\"name\":\"Principios\",\"description\":\"Principios Diario\",\"publisher\":{\"@id\":\"https:\\\/\\\/diarioprincipios.com\\\/#organization\"},\"potentialAction\":[{\"@type\":\"SearchAction\",\"target\":{\"@type\":\"EntryPoint\",\"urlTemplate\":\"https:\\\/\\\/diarioprincipios.com\\\/?s={search_term_string}\"},\"query-input\":{\"@type\":\"PropertyValueSpecification\",\"valueRequired\":true,\"valueName\":\"search_term_string\"}}],\"inLanguage\":\"es\"},{\"@type\":\"Organization\",\"@id\":\"https:\\\/\\\/diarioprincipios.com\\\/#organization\",\"name\":\"Principios\",\"url\":\"https:\\\/\\\/diarioprincipios.com\\\/\",\"logo\":{\"@type\":\"ImageObject\",\"inLanguage\":\"es\",\"@id\":\"https:\\\/\\\/diarioprincipios.com\\\/#\\\/schema\\\/logo\\\/image\\\/\",\"url\":\"https:\\\/\\\/diarioprincipios.com\\\/wp-content\\\/uploads\\\/2024\\\/04\\\/cropped-www.diarioprincipios.com_-1.png\",\"contentUrl\":\"https:\\\/\\\/diarioprincipios.com\\\/wp-content\\\/uploads\\\/2024\\\/04\\\/cropped-www.diarioprincipios.com_-1.png\",\"width\":5325,\"height\":1454,\"caption\":\"Principios\"},\"image\":{\"@id\":\"https:\\\/\\\/diarioprincipios.com\\\/#\\\/schema\\\/logo\\\/image\\\/\"}},{\"@type\":\"Person\",\"@id\":\"https:\\\/\\\/diarioprincipios.com\\\/#\\\/schema\\\/person\\\/436d5a1fd41a5e250e23ff5a6a7cb080\",\"name\":\"Hern\u00e1n L\u00f3pez\",\"image\":{\"@type\":\"ImageObject\",\"inLanguage\":\"es\",\"@id\":\"https:\\\/\\\/diarioprincipios.com\\\/wp-content\\\/litespeed\\\/avatar\\\/11ddfe5610ff3bd100522525b2571f48.jpg?ver=1777048341\",\"url\":\"https:\\\/\\\/diarioprincipios.com\\\/wp-content\\\/litespeed\\\/avatar\\\/11ddfe5610ff3bd100522525b2571f48.jpg?ver=1777048341\",\"contentUrl\":\"https:\\\/\\\/diarioprincipios.com\\\/wp-content\\\/litespeed\\\/avatar\\\/11ddfe5610ff3bd100522525b2571f48.jpg?ver=1777048341\",\"caption\":\"Hern\u00e1n L\u00f3pez\"},\"url\":\"https:\\\/\\\/diarioprincipios.com\\\/index.php\\\/author\\\/hernan\\\/\"}]}<\/script>\n<!-- \/ Yoast SEO plugin. -->","yoast_head_json":{"title":"Confederaci\u00f3n Econ\u00f3mica Bonaerense dijo que aplaude decisi\u00f3n del gobierno sobre Vicentin - Principios","robots":{"index":"index","follow":"follow","max-snippet":"max-snippet:-1","max-image-preview":"max-image-preview:large","max-video-preview":"max-video-preview:-1"},"canonical":"https:\/\/diarioprincipios.com\/index.php\/2020\/06\/14\/confederacion-economica-bonaerense-dijo-que-aplaude-decision-del-gobierno-sobre-vicentin\/","og_locale":"es_ES","og_type":"article","og_title":"Confederaci\u00f3n Econ\u00f3mica Bonaerense dijo que aplaude decisi\u00f3n del gobierno sobre Vicentin - Principios","og_description":"El presidente de la Confederaci\u00f3n Econ\u00f3mica de la Provincia de Buenos Aires (Cepba), Guillermo Siro, dijo hoy que aplaude la decisi\u00f3n de gobierno nacional de intervenir la empresa cerealera Vicentin y destac\u00f3 que \u00absi la instrumentaci\u00f3n es estatizar o no, despu\u00e9s se ver\u00e1 porque hay un proceso judicial\u00bb. \u00abEstamos totalmente de acuerdo en que hay...","og_url":"https:\/\/diarioprincipios.com\/index.php\/2020\/06\/14\/confederacion-economica-bonaerense-dijo-que-aplaude-decision-del-gobierno-sobre-vicentin\/","og_site_name":"Principios","article_published_time":"2020-06-15T00:56:51+00:00","article_modified_time":"2020-06-15T00:56:55+00:00","og_image":[{"width":512,"height":341,"url":"https:\/\/diarioprincipios.com\/wp-content\/uploads\/2020\/06\/siro.jpg","type":"image\/jpeg"}],"author":"Hern\u00e1n L\u00f3pez","twitter_card":"summary_large_image","twitter_misc":{"Escrito por":"Hern\u00e1n L\u00f3pez","Tiempo de lectura":"2 minutos"},"schema":{"@context":"https:\/\/schema.org","@graph":[{"@type":"Article","@id":"https:\/\/diarioprincipios.com\/index.php\/2020\/06\/14\/confederacion-economica-bonaerense-dijo-que-aplaude-decision-del-gobierno-sobre-vicentin\/#article","isPartOf":{"@id":"https:\/\/diarioprincipios.com\/index.php\/2020\/06\/14\/confederacion-economica-bonaerense-dijo-que-aplaude-decision-del-gobierno-sobre-vicentin\/"},"author":{"name":"Hern\u00e1n L\u00f3pez","@id":"https:\/\/diarioprincipios.com\/#\/schema\/person\/436d5a1fd41a5e250e23ff5a6a7cb080"},"headline":"Confederaci\u00f3n Econ\u00f3mica Bonaerense dijo que aplaude decisi\u00f3n del gobierno sobre Vicentin","datePublished":"2020-06-15T00:56:51+00:00","dateModified":"2020-06-15T00:56:55+00:00","mainEntityOfPage":{"@id":"https:\/\/diarioprincipios.com\/index.php\/2020\/06\/14\/confederacion-economica-bonaerense-dijo-que-aplaude-decision-del-gobierno-sobre-vicentin\/"},"wordCount":369,"commentCount":0,"publisher":{"@id":"https:\/\/diarioprincipios.com\/#organization"},"image":{"@id":"https:\/\/diarioprincipios.com\/index.php\/2020\/06\/14\/confederacion-economica-bonaerense-dijo-que-aplaude-decision-del-gobierno-sobre-vicentin\/#primaryimage"},"thumbnailUrl":"https:\/\/diarioprincipios.com\/wp-content\/uploads\/2020\/06\/siro.jpg","articleSection":["Provincia"],"inLanguage":"es","potentialAction":[{"@type":"CommentAction","name":"Comment","target":["https:\/\/diarioprincipios.com\/index.php\/2020\/06\/14\/confederacion-economica-bonaerense-dijo-que-aplaude-decision-del-gobierno-sobre-vicentin\/#respond"]}]},{"@type":"WebPage","@id":"https:\/\/diarioprincipios.com\/index.php\/2020\/06\/14\/confederacion-economica-bonaerense-dijo-que-aplaude-decision-del-gobierno-sobre-vicentin\/","url":"https:\/\/diarioprincipios.com\/index.php\/2020\/06\/14\/confederacion-economica-bonaerense-dijo-que-aplaude-decision-del-gobierno-sobre-vicentin\/","name":"Confederaci\u00f3n Econ\u00f3mica Bonaerense dijo que aplaude decisi\u00f3n del gobierno sobre Vicentin - Principios","isPartOf":{"@id":"https:\/\/diarioprincipios.com\/#website"},"primaryImageOfPage":{"@id":"https:\/\/diarioprincipios.com\/index.php\/2020\/06\/14\/confederacion-economica-bonaerense-dijo-que-aplaude-decision-del-gobierno-sobre-vicentin\/#primaryimage"},"image":{"@id":"https:\/\/diarioprincipios.com\/index.php\/2020\/06\/14\/confederacion-economica-bonaerense-dijo-que-aplaude-decision-del-gobierno-sobre-vicentin\/#primaryimage"},"thumbnailUrl":"https:\/\/diarioprincipios.com\/wp-content\/uploads\/2020\/06\/siro.jpg","datePublished":"2020-06-15T00:56:51+00:00","dateModified":"2020-06-15T00:56:55+00:00","breadcrumb":{"@id":"https:\/\/diarioprincipios.com\/index.php\/2020\/06\/14\/confederacion-economica-bonaerense-dijo-que-aplaude-decision-del-gobierno-sobre-vicentin\/#breadcrumb"},"inLanguage":"es","potentialAction":[{"@type":"ReadAction","target":["https:\/\/diarioprincipios.com\/index.php\/2020\/06\/14\/confederacion-economica-bonaerense-dijo-que-aplaude-decision-del-gobierno-sobre-vicentin\/"]}]},{"@type":"ImageObject","inLanguage":"es","@id":"https:\/\/diarioprincipios.com\/index.php\/2020\/06\/14\/confederacion-economica-bonaerense-dijo-que-aplaude-decision-del-gobierno-sobre-vicentin\/#primaryimage","url":"https:\/\/diarioprincipios.com\/wp-content\/uploads\/2020\/06\/siro.jpg","contentUrl":"https:\/\/diarioprincipios.com\/wp-content\/uploads\/2020\/06\/siro.jpg","width":512,"height":341},{"@type":"BreadcrumbList","@id":"https:\/\/diarioprincipios.com\/index.php\/2020\/06\/14\/confederacion-economica-bonaerense-dijo-que-aplaude-decision-del-gobierno-sobre-vicentin\/#breadcrumb","itemListElement":[{"@type":"ListItem","position":1,"name":"Portada","item":"https:\/\/diarioprincipios.com\/"},{"@type":"ListItem","position":2,"name":"Confederaci\u00f3n Econ\u00f3mica Bonaerense dijo que aplaude decisi\u00f3n del gobierno sobre Vicentin"}]},{"@type":"WebSite","@id":"https:\/\/diarioprincipios.com\/#website","url":"https:\/\/diarioprincipios.com\/","name":"Principios","description":"Principios Diario","publisher":{"@id":"https:\/\/diarioprincipios.com\/#organization"},"potentialAction":[{"@type":"SearchAction","target":{"@type":"EntryPoint","urlTemplate":"https:\/\/diarioprincipios.com\/?s={search_term_string}"},"query-input":{"@type":"PropertyValueSpecification","valueRequired":true,"valueName":"search_term_string"}}],"inLanguage":"es"},{"@type":"Organization","@id":"https:\/\/diarioprincipios.com\/#organization","name":"Principios","url":"https:\/\/diarioprincipios.com\/","logo":{"@type":"ImageObject","inLanguage":"es","@id":"https:\/\/diarioprincipios.com\/#\/schema\/logo\/image\/","url":"https:\/\/diarioprincipios.com\/wp-content\/uploads\/2024\/04\/cropped-www.diarioprincipios.com_-1.png","contentUrl":"https:\/\/diarioprincipios.com\/wp-content\/uploads\/2024\/04\/cropped-www.diarioprincipios.com_-1.png","width":5325,"height":1454,"caption":"Principios"},"image":{"@id":"https:\/\/diarioprincipios.com\/#\/schema\/logo\/image\/"}},{"@type":"Person","@id":"https:\/\/diarioprincipios.com\/#\/schema\/person\/436d5a1fd41a5e250e23ff5a6a7cb080","name":"Hern\u00e1n L\u00f3pez","image":{"@type":"ImageObject","inLanguage":"es","@id":"https:\/\/diarioprincipios.com\/wp-content\/litespeed\/avatar\/11ddfe5610ff3bd100522525b2571f48.jpg?ver=1777048341","url":"https:\/\/diarioprincipios.com\/wp-content\/litespeed\/avatar\/11ddfe5610ff3bd100522525b2571f48.jpg?ver=1777048341","contentUrl":"https:\/\/diarioprincipios.com\/wp-content\/litespeed\/avatar\/11ddfe5610ff3bd100522525b2571f48.jpg?ver=1777048341","caption":"Hern\u00e1n L\u00f3pez"},"url":"https:\/\/diarioprincipios.com\/index.php\/author\/hernan\/"}]}},"jetpack_featured_media_url":"https:\/\/diarioprincipios.com\/wp-content\/uploads\/2020\/06\/siro.jpg","_links":{"self":[{"href":"https:\/\/diarioprincipios.com\/index.php\/wp-json\/wp\/v2\/posts\/2888","targetHints":{"allow":["GET"]}}],"collection":[{"href":"https:\/\/diarioprincipios.com\/index.php\/wp-json\/wp\/v2\/posts"}],"about":[{"href":"https:\/\/diarioprincipios.com\/index.php\/wp-json\/wp\/v2\/types\/post"}],"author":[{"embeddable":true,"href":"https:\/\/diarioprincipios.com\/index.php\/wp-json\/wp\/v2\/users\/2"}],"replies":[{"embeddable":true,"href":"https:\/\/diarioprincipios.com\/index.php\/wp-json\/wp\/v2\/comments?post=2888"}],"version-history":[{"count":1,"href":"https:\/\/diarioprincipios.com\/index.php\/wp-json\/wp\/v2\/posts\/2888\/revisions"}],"predecessor-version":[{"id":2890,"href":"https:\/\/diarioprincipios.com\/index.php\/wp-json\/wp\/v2\/posts\/2888\/revisions\/2890"}],"wp:featuredmedia":[{"embeddable":true,"href":"https:\/\/diarioprincipios.com\/index.php\/wp-json\/wp\/v2\/media\/2889"}],"wp:attachment":[{"href":"https:\/\/diarioprincipios.com\/index.php\/wp-json\/wp\/v2\/media?parent=2888"}],"wp:term":[{"taxonomy":"category","embeddable":true,"href":"https:\/\/diarioprincipios.com\/index.php\/wp-json\/wp\/v2\/categories?post=2888"},{"taxonomy":"post_tag","embeddable":true,"href":"https:\/\/diarioprincipios.com\/index.php\/wp-json\/wp\/v2\/tags?post=2888"}],"curies":[{"name":"wp","href":"https:\/\/api.w.org\/{rel}","templated":true}]}}