{"id":2875,"date":"2020-06-14T16:27:18","date_gmt":"2020-06-14T19:27:18","guid":{"rendered":"http:\/\/diarioprincipios.com\/?p=2875"},"modified":"2020-06-14T16:27:23","modified_gmt":"2020-06-14T19:27:23","slug":"el-ex-presidente-menem-continua-internado-por-una-neumonia-sin-asistencia-respiratoria","status":"publish","type":"post","link":"https:\/\/diarioprincipios.com\/index.php\/2020\/06\/14\/el-ex-presidente-menem-continua-internado-por-una-neumonia-sin-asistencia-respiratoria\/","title":{"rendered":"El ex presidente Menem contin\u00faa internado por una neumon\u00eda, sin asistencia respiratoria"},"content":{"rendered":"\n<p>El ex presidente y actual senador nacional por La Rioja Carlos Sa\u00fal Menem continuaba internado hoy con un cuadro de neumon\u00eda en terapia intensiva pero sin asistencia respiratoria y \u00abbien\u00bb de salud, luego de que le dieran negativos los dos hisopados que le realizaron para determinar si hab\u00eda contra\u00eddo coronavirus.<\/p>\n\n\n\n<p>El jefe de Cardiolog\u00eda del Instituto Argentino de Diagn\u00f3stico y Tratamiento (IADT) de esta capital, Luis de la Fuente, confirm\u00f3 a la prensa que Menem \u00abest\u00e1 bien\u00bb y que dieron negativo los dos hisopados para detectar si el ex mandatario ten\u00eda coronavirus.<\/p>\n\n\n\n<p>Menem qued\u00f3 internado el s\u00e1bado por la noche en el IADT de esta capital con cuadro de neumon\u00eda y debilidad muscular y bajos niveles de ox\u00edgeno en sangre.<\/p>\n\n\n\n<p>De la Fuente agreg\u00f3 que se lo intern\u00f3 al detectarse la neumon\u00eda porque \u00abconsider\u00e1bamos que era lo mejor, ya que estaba con tos y un poco de falta de aire\u00bb.<\/p>\n\n\n\n<p>En declaraciones a TN, aclar\u00f3 que \u00aben ning\u00fan momento estuvo entubado\u00bb, al desmentir rumores que dec\u00edan que ten\u00eda asistencia mec\u00e1nica respiratoria.<\/p>\n\n\n\n<p>De la Fuente se\u00f1al\u00f3 que se le hizo una \u00abtomograf\u00eda computada y como se sospechaba, tiene una neumon\u00eda\u00bb, y se\u00f1al\u00f3 que \u00able est\u00e1n dando los antibi\u00f3ticos y qued\u00f3 en terapia para su mejor atenci\u00f3n\u00bb.<\/p>\n\n\n\n<p>A\u00f1adi\u00f3 que \u00abse siguen haciendo los estudios\u00bb, pero recalc\u00f3 que Menem \u00abest\u00e1 bien\u00bb.<\/p>\n\n\n\n<p>El profesional revel\u00f3 que el presidente Alberto Fernandez \u00abmand\u00f3 a un m\u00e9dico personal\u00bb al Instituto del Diagn\u00f3stico para interiorizarse de la salud del ex mandatario.<\/p>\n\n\n\n<p>Seg\u00fan sus allegados, Menem, quien el pr\u00f3ximo 2 de julio cumplir\u00e1 90 a\u00f1os, respet\u00f3 los requisitos del aislamiento social, preventivo y obligatorio por el coronavirus, ya que pertenece a la poblaci\u00f3n de riesgo por su edad.<\/p>\n\n\n\n<p>Previo a su internaci\u00f3n, Menem hab\u00eda posteado mensajes en los que destac\u00f3 la visita que realiz\u00f3 Fern\u00e1ndez a La Rioja, provincia de la que fue gobernador en tres ocasiones.<\/p>\n\n\n\n<p>\u00abAcompa\u00f1o, celebro y saludo al amigo Presidente Alberto Fern\u00e1ndez por visitar nuestra querida provincia de La Rioja, donde fortalece la Fe y la esperanza de nuestra amada tierra\u00bb, ponder\u00f3 el senador nacional.<\/p>\n\n\n\n<p>Y agreg\u00f3: \u00abArgentina sin grandeza no puede ser realmente Argentina. Porque una Naci\u00f3n sin todos sus sectores conjugados en un verdadero trabajo colectivo no es realmente una Naci\u00f3n. A seguir trabajando en conjunto, el beneficio ser\u00e1 para todos los riojanos\u00bb.<\/p>\n","protected":false},"excerpt":{"rendered":"<p>El ex presidente y actual senador nacional por La Rioja Carlos Sa\u00fal Menem continuaba internado hoy con un cuadro de neumon\u00eda en terapia intensiva pero sin asistencia respiratoria y \u00abbien\u00bb de salud, luego de que le dieran negativos los dos hisopados que le realizaron para determinar si hab\u00eda contra\u00eddo coronavirus. El jefe de Cardiolog\u00eda del&#8230;<\/p>\n","protected":false},"author":2,"featured_media":2876,"comment_status":"open","ping_status":"open","sticky":false,"template":"","format":"standard","meta":{"footnotes":""},"categories":[10],"tags":[],"class_list":["post-2875","post","type-post","status-publish","format-standard","has-post-thumbnail","hentry","category-nacion"],"featured_image_src":"https:\/\/diarioprincipios.com\/wp-content\/uploads\/2020\/06\/menem_0.jpg","blog_images":{"medium":"https:\/\/diarioprincipios.com\/wp-content\/uploads\/2020\/06\/menem_0-300x200.jpg","large":"https:\/\/diarioprincipios.com\/wp-content\/uploads\/2020\/06\/menem_0.jpg"},"ams_acf":[],"yoast_head":"<!-- This site is optimized with the Yoast SEO plugin v27.3 - https:\/\/yoast.com\/product\/yoast-seo-wordpress\/ -->\n<title>El ex presidente Menem contin\u00faa internado por una neumon\u00eda, sin asistencia respiratoria - Principios<\/title>\n<meta name=\"robots\" content=\"index, follow, max-snippet:-1, max-image-preview:large, max-video-preview:-1\" \/>\n<link rel=\"canonical\" href=\"https:\/\/diarioprincipios.com\/index.php\/2020\/06\/14\/el-ex-presidente-menem-continua-internado-por-una-neumonia-sin-asistencia-respiratoria\/\" \/>\n<meta property=\"og:locale\" content=\"es_ES\" \/>\n<meta property=\"og:type\" content=\"article\" \/>\n<meta property=\"og:title\" content=\"El ex presidente Menem contin\u00faa internado por una neumon\u00eda, sin asistencia respiratoria - Principios\" \/>\n<meta property=\"og:description\" content=\"El ex presidente y actual senador nacional por La Rioja Carlos Sa\u00fal Menem continuaba internado hoy con un cuadro de neumon\u00eda en terapia intensiva pero sin asistencia respiratoria y \u00abbien\u00bb de salud, luego de que le dieran negativos los dos hisopados que le realizaron para determinar si hab\u00eda contra\u00eddo coronavirus. El jefe de Cardiolog\u00eda del...\" \/>\n<meta property=\"og:url\" content=\"https:\/\/diarioprincipios.com\/index.php\/2020\/06\/14\/el-ex-presidente-menem-continua-internado-por-una-neumonia-sin-asistencia-respiratoria\/\" \/>\n<meta property=\"og:site_name\" content=\"Principios\" \/>\n<meta property=\"article:published_time\" content=\"2020-06-14T19:27:18+00:00\" \/>\n<meta property=\"article:modified_time\" content=\"2020-06-14T19:27:23+00:00\" \/>\n<meta property=\"og:image\" content=\"https:\/\/diarioprincipios.com\/wp-content\/uploads\/2020\/06\/menem_0.jpg\" \/>\n\t<meta property=\"og:image:width\" content=\"960\" \/>\n\t<meta property=\"og:image:height\" content=\"640\" \/>\n\t<meta property=\"og:image:type\" content=\"image\/jpeg\" \/>\n<meta name=\"author\" content=\"Hern\u00e1n L\u00f3pez\" \/>\n<meta name=\"twitter:card\" content=\"summary_large_image\" \/>\n<meta name=\"twitter:label1\" content=\"Escrito por\" \/>\n\t<meta name=\"twitter:data1\" content=\"Hern\u00e1n L\u00f3pez\" \/>\n\t<meta name=\"twitter:label2\" content=\"Tiempo de lectura\" \/>\n\t<meta name=\"twitter:data2\" content=\"2 minutos\" \/>\n<script type=\"application\/ld+json\" class=\"yoast-schema-graph\">{\"@context\":\"https:\\\/\\\/schema.org\",\"@graph\":[{\"@type\":\"Article\",\"@id\":\"https:\\\/\\\/diarioprincipios.com\\\/index.php\\\/2020\\\/06\\\/14\\\/el-ex-presidente-menem-continua-internado-por-una-neumonia-sin-asistencia-respiratoria\\\/#article\",\"isPartOf\":{\"@id\":\"https:\\\/\\\/diarioprincipios.com\\\/index.php\\\/2020\\\/06\\\/14\\\/el-ex-presidente-menem-continua-internado-por-una-neumonia-sin-asistencia-respiratoria\\\/\"},\"author\":{\"name\":\"Hern\u00e1n L\u00f3pez\",\"@id\":\"https:\\\/\\\/diarioprincipios.com\\\/#\\\/schema\\\/person\\\/436d5a1fd41a5e250e23ff5a6a7cb080\"},\"headline\":\"El ex presidente Menem contin\u00faa internado por una neumon\u00eda, sin asistencia respiratoria\",\"datePublished\":\"2020-06-14T19:27:18+00:00\",\"dateModified\":\"2020-06-14T19:27:23+00:00\",\"mainEntityOfPage\":{\"@id\":\"https:\\\/\\\/diarioprincipios.com\\\/index.php\\\/2020\\\/06\\\/14\\\/el-ex-presidente-menem-continua-internado-por-una-neumonia-sin-asistencia-respiratoria\\\/\"},\"wordCount\":429,\"commentCount\":0,\"publisher\":{\"@id\":\"https:\\\/\\\/diarioprincipios.com\\\/#organization\"},\"image\":{\"@id\":\"https:\\\/\\\/diarioprincipios.com\\\/index.php\\\/2020\\\/06\\\/14\\\/el-ex-presidente-menem-continua-internado-por-una-neumonia-sin-asistencia-respiratoria\\\/#primaryimage\"},\"thumbnailUrl\":\"https:\\\/\\\/diarioprincipios.com\\\/wp-content\\\/uploads\\\/2020\\\/06\\\/menem_0.jpg\",\"articleSection\":[\"Naci\u00f3n\"],\"inLanguage\":\"es\",\"potentialAction\":[{\"@type\":\"CommentAction\",\"name\":\"Comment\",\"target\":[\"https:\\\/\\\/diarioprincipios.com\\\/index.php\\\/2020\\\/06\\\/14\\\/el-ex-presidente-menem-continua-internado-por-una-neumonia-sin-asistencia-respiratoria\\\/#respond\"]}]},{\"@type\":\"WebPage\",\"@id\":\"https:\\\/\\\/diarioprincipios.com\\\/index.php\\\/2020\\\/06\\\/14\\\/el-ex-presidente-menem-continua-internado-por-una-neumonia-sin-asistencia-respiratoria\\\/\",\"url\":\"https:\\\/\\\/diarioprincipios.com\\\/index.php\\\/2020\\\/06\\\/14\\\/el-ex-presidente-menem-continua-internado-por-una-neumonia-sin-asistencia-respiratoria\\\/\",\"name\":\"El ex presidente Menem contin\u00faa internado por una neumon\u00eda, sin asistencia respiratoria - Principios\",\"isPartOf\":{\"@id\":\"https:\\\/\\\/diarioprincipios.com\\\/#website\"},\"primaryImageOfPage\":{\"@id\":\"https:\\\/\\\/diarioprincipios.com\\\/index.php\\\/2020\\\/06\\\/14\\\/el-ex-presidente-menem-continua-internado-por-una-neumonia-sin-asistencia-respiratoria\\\/#primaryimage\"},\"image\":{\"@id\":\"https:\\\/\\\/diarioprincipios.com\\\/index.php\\\/2020\\\/06\\\/14\\\/el-ex-presidente-menem-continua-internado-por-una-neumonia-sin-asistencia-respiratoria\\\/#primaryimage\"},\"thumbnailUrl\":\"https:\\\/\\\/diarioprincipios.com\\\/wp-content\\\/uploads\\\/2020\\\/06\\\/menem_0.jpg\",\"datePublished\":\"2020-06-14T19:27:18+00:00\",\"dateModified\":\"2020-06-14T19:27:23+00:00\",\"breadcrumb\":{\"@id\":\"https:\\\/\\\/diarioprincipios.com\\\/index.php\\\/2020\\\/06\\\/14\\\/el-ex-presidente-menem-continua-internado-por-una-neumonia-sin-asistencia-respiratoria\\\/#breadcrumb\"},\"inLanguage\":\"es\",\"potentialAction\":[{\"@type\":\"ReadAction\",\"target\":[\"https:\\\/\\\/diarioprincipios.com\\\/index.php\\\/2020\\\/06\\\/14\\\/el-ex-presidente-menem-continua-internado-por-una-neumonia-sin-asistencia-respiratoria\\\/\"]}]},{\"@type\":\"ImageObject\",\"inLanguage\":\"es\",\"@id\":\"https:\\\/\\\/diarioprincipios.com\\\/index.php\\\/2020\\\/06\\\/14\\\/el-ex-presidente-menem-continua-internado-por-una-neumonia-sin-asistencia-respiratoria\\\/#primaryimage\",\"url\":\"https:\\\/\\\/diarioprincipios.com\\\/wp-content\\\/uploads\\\/2020\\\/06\\\/menem_0.jpg\",\"contentUrl\":\"https:\\\/\\\/diarioprincipios.com\\\/wp-content\\\/uploads\\\/2020\\\/06\\\/menem_0.jpg\",\"width\":960,\"height\":640},{\"@type\":\"BreadcrumbList\",\"@id\":\"https:\\\/\\\/diarioprincipios.com\\\/index.php\\\/2020\\\/06\\\/14\\\/el-ex-presidente-menem-continua-internado-por-una-neumonia-sin-asistencia-respiratoria\\\/#breadcrumb\",\"itemListElement\":[{\"@type\":\"ListItem\",\"position\":1,\"name\":\"Portada\",\"item\":\"https:\\\/\\\/diarioprincipios.com\\\/\"},{\"@type\":\"ListItem\",\"position\":2,\"name\":\"El ex presidente Menem contin\u00faa internado por una neumon\u00eda, sin asistencia respiratoria\"}]},{\"@type\":\"WebSite\",\"@id\":\"https:\\\/\\\/diarioprincipios.com\\\/#website\",\"url\":\"https:\\\/\\\/diarioprincipios.com\\\/\",\"name\":\"Principios\",\"description\":\"Principios Diario\",\"publisher\":{\"@id\":\"https:\\\/\\\/diarioprincipios.com\\\/#organization\"},\"potentialAction\":[{\"@type\":\"SearchAction\",\"target\":{\"@type\":\"EntryPoint\",\"urlTemplate\":\"https:\\\/\\\/diarioprincipios.com\\\/?s={search_term_string}\"},\"query-input\":{\"@type\":\"PropertyValueSpecification\",\"valueRequired\":true,\"valueName\":\"search_term_string\"}}],\"inLanguage\":\"es\"},{\"@type\":\"Organization\",\"@id\":\"https:\\\/\\\/diarioprincipios.com\\\/#organization\",\"name\":\"Principios\",\"url\":\"https:\\\/\\\/diarioprincipios.com\\\/\",\"logo\":{\"@type\":\"ImageObject\",\"inLanguage\":\"es\",\"@id\":\"https:\\\/\\\/diarioprincipios.com\\\/#\\\/schema\\\/logo\\\/image\\\/\",\"url\":\"https:\\\/\\\/diarioprincipios.com\\\/wp-content\\\/uploads\\\/2024\\\/04\\\/cropped-www.diarioprincipios.com_-1.png\",\"contentUrl\":\"https:\\\/\\\/diarioprincipios.com\\\/wp-content\\\/uploads\\\/2024\\\/04\\\/cropped-www.diarioprincipios.com_-1.png\",\"width\":5325,\"height\":1454,\"caption\":\"Principios\"},\"image\":{\"@id\":\"https:\\\/\\\/diarioprincipios.com\\\/#\\\/schema\\\/logo\\\/image\\\/\"}},{\"@type\":\"Person\",\"@id\":\"https:\\\/\\\/diarioprincipios.com\\\/#\\\/schema\\\/person\\\/436d5a1fd41a5e250e23ff5a6a7cb080\",\"name\":\"Hern\u00e1n L\u00f3pez\",\"image\":{\"@type\":\"ImageObject\",\"inLanguage\":\"es\",\"@id\":\"https:\\\/\\\/diarioprincipios.com\\\/wp-content\\\/litespeed\\\/avatar\\\/11ddfe5610ff3bd100522525b2571f48.jpg?ver=1777048341\",\"url\":\"https:\\\/\\\/diarioprincipios.com\\\/wp-content\\\/litespeed\\\/avatar\\\/11ddfe5610ff3bd100522525b2571f48.jpg?ver=1777048341\",\"contentUrl\":\"https:\\\/\\\/diarioprincipios.com\\\/wp-content\\\/litespeed\\\/avatar\\\/11ddfe5610ff3bd100522525b2571f48.jpg?ver=1777048341\",\"caption\":\"Hern\u00e1n L\u00f3pez\"},\"url\":\"https:\\\/\\\/diarioprincipios.com\\\/index.php\\\/author\\\/hernan\\\/\"}]}<\/script>\n<!-- \/ Yoast SEO plugin. -->","yoast_head_json":{"title":"El ex presidente Menem contin\u00faa internado por una neumon\u00eda, sin asistencia respiratoria - Principios","robots":{"index":"index","follow":"follow","max-snippet":"max-snippet:-1","max-image-preview":"max-image-preview:large","max-video-preview":"max-video-preview:-1"},"canonical":"https:\/\/diarioprincipios.com\/index.php\/2020\/06\/14\/el-ex-presidente-menem-continua-internado-por-una-neumonia-sin-asistencia-respiratoria\/","og_locale":"es_ES","og_type":"article","og_title":"El ex presidente Menem contin\u00faa internado por una neumon\u00eda, sin asistencia respiratoria - Principios","og_description":"El ex presidente y actual senador nacional por La Rioja Carlos Sa\u00fal Menem continuaba internado hoy con un cuadro de neumon\u00eda en terapia intensiva pero sin asistencia respiratoria y \u00abbien\u00bb de salud, luego de que le dieran negativos los dos hisopados que le realizaron para determinar si hab\u00eda contra\u00eddo coronavirus. El jefe de Cardiolog\u00eda del...","og_url":"https:\/\/diarioprincipios.com\/index.php\/2020\/06\/14\/el-ex-presidente-menem-continua-internado-por-una-neumonia-sin-asistencia-respiratoria\/","og_site_name":"Principios","article_published_time":"2020-06-14T19:27:18+00:00","article_modified_time":"2020-06-14T19:27:23+00:00","og_image":[{"width":960,"height":640,"url":"https:\/\/diarioprincipios.com\/wp-content\/uploads\/2020\/06\/menem_0.jpg","type":"image\/jpeg"}],"author":"Hern\u00e1n L\u00f3pez","twitter_card":"summary_large_image","twitter_misc":{"Escrito por":"Hern\u00e1n L\u00f3pez","Tiempo de lectura":"2 minutos"},"schema":{"@context":"https:\/\/schema.org","@graph":[{"@type":"Article","@id":"https:\/\/diarioprincipios.com\/index.php\/2020\/06\/14\/el-ex-presidente-menem-continua-internado-por-una-neumonia-sin-asistencia-respiratoria\/#article","isPartOf":{"@id":"https:\/\/diarioprincipios.com\/index.php\/2020\/06\/14\/el-ex-presidente-menem-continua-internado-por-una-neumonia-sin-asistencia-respiratoria\/"},"author":{"name":"Hern\u00e1n L\u00f3pez","@id":"https:\/\/diarioprincipios.com\/#\/schema\/person\/436d5a1fd41a5e250e23ff5a6a7cb080"},"headline":"El ex presidente Menem contin\u00faa internado por una neumon\u00eda, sin asistencia respiratoria","datePublished":"2020-06-14T19:27:18+00:00","dateModified":"2020-06-14T19:27:23+00:00","mainEntityOfPage":{"@id":"https:\/\/diarioprincipios.com\/index.php\/2020\/06\/14\/el-ex-presidente-menem-continua-internado-por-una-neumonia-sin-asistencia-respiratoria\/"},"wordCount":429,"commentCount":0,"publisher":{"@id":"https:\/\/diarioprincipios.com\/#organization"},"image":{"@id":"https:\/\/diarioprincipios.com\/index.php\/2020\/06\/14\/el-ex-presidente-menem-continua-internado-por-una-neumonia-sin-asistencia-respiratoria\/#primaryimage"},"thumbnailUrl":"https:\/\/diarioprincipios.com\/wp-content\/uploads\/2020\/06\/menem_0.jpg","articleSection":["Naci\u00f3n"],"inLanguage":"es","potentialAction":[{"@type":"CommentAction","name":"Comment","target":["https:\/\/diarioprincipios.com\/index.php\/2020\/06\/14\/el-ex-presidente-menem-continua-internado-por-una-neumonia-sin-asistencia-respiratoria\/#respond"]}]},{"@type":"WebPage","@id":"https:\/\/diarioprincipios.com\/index.php\/2020\/06\/14\/el-ex-presidente-menem-continua-internado-por-una-neumonia-sin-asistencia-respiratoria\/","url":"https:\/\/diarioprincipios.com\/index.php\/2020\/06\/14\/el-ex-presidente-menem-continua-internado-por-una-neumonia-sin-asistencia-respiratoria\/","name":"El ex presidente Menem contin\u00faa internado por una neumon\u00eda, sin asistencia respiratoria - Principios","isPartOf":{"@id":"https:\/\/diarioprincipios.com\/#website"},"primaryImageOfPage":{"@id":"https:\/\/diarioprincipios.com\/index.php\/2020\/06\/14\/el-ex-presidente-menem-continua-internado-por-una-neumonia-sin-asistencia-respiratoria\/#primaryimage"},"image":{"@id":"https:\/\/diarioprincipios.com\/index.php\/2020\/06\/14\/el-ex-presidente-menem-continua-internado-por-una-neumonia-sin-asistencia-respiratoria\/#primaryimage"},"thumbnailUrl":"https:\/\/diarioprincipios.com\/wp-content\/uploads\/2020\/06\/menem_0.jpg","datePublished":"2020-06-14T19:27:18+00:00","dateModified":"2020-06-14T19:27:23+00:00","breadcrumb":{"@id":"https:\/\/diarioprincipios.com\/index.php\/2020\/06\/14\/el-ex-presidente-menem-continua-internado-por-una-neumonia-sin-asistencia-respiratoria\/#breadcrumb"},"inLanguage":"es","potentialAction":[{"@type":"ReadAction","target":["https:\/\/diarioprincipios.com\/index.php\/2020\/06\/14\/el-ex-presidente-menem-continua-internado-por-una-neumonia-sin-asistencia-respiratoria\/"]}]},{"@type":"ImageObject","inLanguage":"es","@id":"https:\/\/diarioprincipios.com\/index.php\/2020\/06\/14\/el-ex-presidente-menem-continua-internado-por-una-neumonia-sin-asistencia-respiratoria\/#primaryimage","url":"https:\/\/diarioprincipios.com\/wp-content\/uploads\/2020\/06\/menem_0.jpg","contentUrl":"https:\/\/diarioprincipios.com\/wp-content\/uploads\/2020\/06\/menem_0.jpg","width":960,"height":640},{"@type":"BreadcrumbList","@id":"https:\/\/diarioprincipios.com\/index.php\/2020\/06\/14\/el-ex-presidente-menem-continua-internado-por-una-neumonia-sin-asistencia-respiratoria\/#breadcrumb","itemListElement":[{"@type":"ListItem","position":1,"name":"Portada","item":"https:\/\/diarioprincipios.com\/"},{"@type":"ListItem","position":2,"name":"El ex presidente Menem contin\u00faa internado por una neumon\u00eda, sin asistencia respiratoria"}]},{"@type":"WebSite","@id":"https:\/\/diarioprincipios.com\/#website","url":"https:\/\/diarioprincipios.com\/","name":"Principios","description":"Principios Diario","publisher":{"@id":"https:\/\/diarioprincipios.com\/#organization"},"potentialAction":[{"@type":"SearchAction","target":{"@type":"EntryPoint","urlTemplate":"https:\/\/diarioprincipios.com\/?s={search_term_string}"},"query-input":{"@type":"PropertyValueSpecification","valueRequired":true,"valueName":"search_term_string"}}],"inLanguage":"es"},{"@type":"Organization","@id":"https:\/\/diarioprincipios.com\/#organization","name":"Principios","url":"https:\/\/diarioprincipios.com\/","logo":{"@type":"ImageObject","inLanguage":"es","@id":"https:\/\/diarioprincipios.com\/#\/schema\/logo\/image\/","url":"https:\/\/diarioprincipios.com\/wp-content\/uploads\/2024\/04\/cropped-www.diarioprincipios.com_-1.png","contentUrl":"https:\/\/diarioprincipios.com\/wp-content\/uploads\/2024\/04\/cropped-www.diarioprincipios.com_-1.png","width":5325,"height":1454,"caption":"Principios"},"image":{"@id":"https:\/\/diarioprincipios.com\/#\/schema\/logo\/image\/"}},{"@type":"Person","@id":"https:\/\/diarioprincipios.com\/#\/schema\/person\/436d5a1fd41a5e250e23ff5a6a7cb080","name":"Hern\u00e1n L\u00f3pez","image":{"@type":"ImageObject","inLanguage":"es","@id":"https:\/\/diarioprincipios.com\/wp-content\/litespeed\/avatar\/11ddfe5610ff3bd100522525b2571f48.jpg?ver=1777048341","url":"https:\/\/diarioprincipios.com\/wp-content\/litespeed\/avatar\/11ddfe5610ff3bd100522525b2571f48.jpg?ver=1777048341","contentUrl":"https:\/\/diarioprincipios.com\/wp-content\/litespeed\/avatar\/11ddfe5610ff3bd100522525b2571f48.jpg?ver=1777048341","caption":"Hern\u00e1n L\u00f3pez"},"url":"https:\/\/diarioprincipios.com\/index.php\/author\/hernan\/"}]}},"jetpack_featured_media_url":"https:\/\/diarioprincipios.com\/wp-content\/uploads\/2020\/06\/menem_0.jpg","_links":{"self":[{"href":"https:\/\/diarioprincipios.com\/index.php\/wp-json\/wp\/v2\/posts\/2875","targetHints":{"allow":["GET"]}}],"collection":[{"href":"https:\/\/diarioprincipios.com\/index.php\/wp-json\/wp\/v2\/posts"}],"about":[{"href":"https:\/\/diarioprincipios.com\/index.php\/wp-json\/wp\/v2\/types\/post"}],"author":[{"embeddable":true,"href":"https:\/\/diarioprincipios.com\/index.php\/wp-json\/wp\/v2\/users\/2"}],"replies":[{"embeddable":true,"href":"https:\/\/diarioprincipios.com\/index.php\/wp-json\/wp\/v2\/comments?post=2875"}],"version-history":[{"count":1,"href":"https:\/\/diarioprincipios.com\/index.php\/wp-json\/wp\/v2\/posts\/2875\/revisions"}],"predecessor-version":[{"id":2877,"href":"https:\/\/diarioprincipios.com\/index.php\/wp-json\/wp\/v2\/posts\/2875\/revisions\/2877"}],"wp:featuredmedia":[{"embeddable":true,"href":"https:\/\/diarioprincipios.com\/index.php\/wp-json\/wp\/v2\/media\/2876"}],"wp:attachment":[{"href":"https:\/\/diarioprincipios.com\/index.php\/wp-json\/wp\/v2\/media?parent=2875"}],"wp:term":[{"taxonomy":"category","embeddable":true,"href":"https:\/\/diarioprincipios.com\/index.php\/wp-json\/wp\/v2\/categories?post=2875"},{"taxonomy":"post_tag","embeddable":true,"href":"https:\/\/diarioprincipios.com\/index.php\/wp-json\/wp\/v2\/tags?post=2875"}],"curies":[{"name":"wp","href":"https:\/\/api.w.org\/{rel}","templated":true}]}}