{"id":2857,"date":"2020-06-13T19:28:14","date_gmt":"2020-06-13T22:28:14","guid":{"rendered":"http:\/\/diarioprincipios.com\/?p=2857"},"modified":"2020-06-13T19:28:18","modified_gmt":"2020-06-13T22:28:18","slug":"insaurralde-continuara-internado-en-observacion-hasta-manana-tras-dar-positivo-de-coronavirus","status":"publish","type":"post","link":"https:\/\/diarioprincipios.com\/index.php\/2020\/06\/13\/insaurralde-continuara-internado-en-observacion-hasta-manana-tras-dar-positivo-de-coronavirus\/","title":{"rendered":"Insaurralde continuar\u00e1 internado en observaci\u00f3n hasta ma\u00f1ana, tras dar positivo de coronavirus"},"content":{"rendered":"\n<p>El intendente del municipio bonaerense de Lomas de Zamora, Mart\u00edn Insaurralde, \u201ccontinuar\u00e1 internado en observaci\u00f3n\u201d, al menos hasta ma\u00f1ana, en el hospital de Lavallol, luego de que el viernes se confirmara que dio positivo en una prueba de coronavirus.<\/p>\n\n\n\n<p>Allegados a Insaurralde informaron a T\u00e9lam que el intendente tuvo \u00abalgunos episodios febriles hoy\u00bb y los m\u00e9dicos que lo mantienen en observaci\u00f3n optaron por mantenerlo internado hasta ma\u00f1ana.<\/p>\n\n\n\n<p>\u201cAmaneci\u00f3 mejor, sinti\u00e9ndose bastante mejor que la noche anterior. Le calm\u00f3 el dolor de cabeza que era lo que m\u00e1s le molestaba. Esto es d\u00eda a d\u00eda, y los menos seguir\u00e1 internado hasta ma\u00f1ana\u201d, agregaron las fuentes.<\/p>\n\n\n\n<p>Ayer, el propio Insaurralde comunic\u00f3 -a trav\u00e9s de las rede sociales- que hab\u00eda dado positivo en una prueba de coronavirus y qued\u00f3 internado en el hospital municipal de esa localidad bonaerense por recomendaci\u00f3n de su m\u00e9dico, debido a que present\u00f3 un estado febril y teniendo en cuenta que es paciente de riesgo por haber padecido c\u00e1ncer tiempo atr\u00e1s<\/p>\n\n\n\n<p>Su esposa, la animadora Jessica Cirio, tambi\u00e9n fue hisopada y esta tarde confirm\u00f3 en un video en sus redes sociales que obtuvo resultado negativo.<\/p>\n\n\n\n<p>La noticia sobre el estado de Insaurralde oblig\u00f3 a suspender la visita que el presidente Alberto Fern\u00e1ndez planeaba realizar ayer por la tarde a Catamarca, al constatarse que el ministro de Desarrollo Social e integrante de su comitiva, Daniel Arroyo, hab\u00eda estado reunido con el intendente de Lomas de Zamora.<\/p>\n\n\n\n<p>\u00abDi positivo de coronavirus. Como sociedad, hoy atravesamos el momento m\u00e1s dif\u00edcil porque nos acercamos al pico de contagios. Les pido que se cuiden y que tratemos de minimizar el riesgo entre todos y todas. Por favor, qu\u00e9dense en sus casas todo lo que puedan\u00bb, public\u00f3 ayer Insaurralde, apenas conoci\u00f3 los resultados del test.<\/p>\n\n\n\n<p>En tanto, el presidente de la C\u00e1mara de Diputados de la provincia de Buenos Aires, Federico Oterm\u00edn, que el mi\u00e9rcoles estuvo con Insaurralde en una actividad en el Parque municipal de Lomas de Zamora, dio negativo de un test de coronavirus que se le practico.<\/p>\n\n\n\n<p>\u00abEl test de coronavirus me dio negativo. Gracias a todos y todas los que mandaron mensajitos con buenas ondas. A cuidarse que es el momento m\u00e1s complejo. Fuerza querido amigo Mart\u00edn Insaurralde\u00bb, escribi\u00f3 en su cuenta de Twitter Oterm\u00edn.<\/p>\n","protected":false},"excerpt":{"rendered":"<p>El intendente del municipio bonaerense de Lomas de Zamora, Mart\u00edn Insaurralde, \u201ccontinuar\u00e1 internado en observaci\u00f3n\u201d, al menos hasta ma\u00f1ana, en el hospital de Lavallol, luego de que el viernes se confirmara que dio positivo en una prueba de coronavirus. Allegados a Insaurralde informaron a T\u00e9lam que el intendente tuvo \u00abalgunos episodios febriles hoy\u00bb y los&#8230;<\/p>\n","protected":false},"author":2,"featured_media":2858,"comment_status":"open","ping_status":"open","sticky":false,"template":"","format":"standard","meta":{"footnotes":""},"categories":[11],"tags":[],"class_list":["post-2857","post","type-post","status-publish","format-standard","has-post-thumbnail","hentry","category-municipios"],"featured_image_src":"https:\/\/diarioprincipios.com\/wp-content\/uploads\/2020\/06\/307522_martin_insaurralde.jpg","blog_images":{"medium":"https:\/\/diarioprincipios.com\/wp-content\/uploads\/2020\/06\/307522_martin_insaurralde-300x199.jpg","large":"https:\/\/diarioprincipios.com\/wp-content\/uploads\/2020\/06\/307522_martin_insaurralde.jpg"},"ams_acf":[],"yoast_head":"<!-- This site is optimized with the Yoast SEO plugin v27.3 - https:\/\/yoast.com\/product\/yoast-seo-wordpress\/ -->\n<title>Insaurralde continuar\u00e1 internado en observaci\u00f3n hasta ma\u00f1ana, tras dar positivo de coronavirus - Principios<\/title>\n<meta name=\"robots\" content=\"index, follow, max-snippet:-1, max-image-preview:large, max-video-preview:-1\" \/>\n<link rel=\"canonical\" href=\"https:\/\/diarioprincipios.com\/index.php\/2020\/06\/13\/insaurralde-continuara-internado-en-observacion-hasta-manana-tras-dar-positivo-de-coronavirus\/\" \/>\n<meta property=\"og:locale\" content=\"es_ES\" \/>\n<meta property=\"og:type\" content=\"article\" \/>\n<meta property=\"og:title\" content=\"Insaurralde continuar\u00e1 internado en observaci\u00f3n hasta ma\u00f1ana, tras dar positivo de coronavirus - Principios\" \/>\n<meta property=\"og:description\" content=\"El intendente del municipio bonaerense de Lomas de Zamora, Mart\u00edn Insaurralde, \u201ccontinuar\u00e1 internado en observaci\u00f3n\u201d, al menos hasta ma\u00f1ana, en el hospital de Lavallol, luego de que el viernes se confirmara que dio positivo en una prueba de coronavirus. Allegados a Insaurralde informaron a T\u00e9lam que el intendente tuvo \u00abalgunos episodios febriles hoy\u00bb y los...\" \/>\n<meta property=\"og:url\" content=\"https:\/\/diarioprincipios.com\/index.php\/2020\/06\/13\/insaurralde-continuara-internado-en-observacion-hasta-manana-tras-dar-positivo-de-coronavirus\/\" \/>\n<meta property=\"og:site_name\" content=\"Principios\" \/>\n<meta property=\"article:published_time\" content=\"2020-06-13T22:28:14+00:00\" \/>\n<meta property=\"article:modified_time\" content=\"2020-06-13T22:28:18+00:00\" \/>\n<meta property=\"og:image\" content=\"https:\/\/diarioprincipios.com\/wp-content\/uploads\/2020\/06\/307522_martin_insaurralde.jpg\" \/>\n\t<meta property=\"og:image:width\" content=\"1024\" \/>\n\t<meta property=\"og:image:height\" content=\"680\" \/>\n\t<meta property=\"og:image:type\" content=\"image\/jpeg\" \/>\n<meta name=\"author\" content=\"Hern\u00e1n L\u00f3pez\" \/>\n<meta name=\"twitter:card\" content=\"summary_large_image\" \/>\n<meta name=\"twitter:label1\" content=\"Escrito por\" \/>\n\t<meta name=\"twitter:data1\" content=\"Hern\u00e1n L\u00f3pez\" \/>\n\t<meta name=\"twitter:label2\" content=\"Tiempo de lectura\" \/>\n\t<meta name=\"twitter:data2\" content=\"2 minutos\" \/>\n<script type=\"application\/ld+json\" class=\"yoast-schema-graph\">{\"@context\":\"https:\\\/\\\/schema.org\",\"@graph\":[{\"@type\":\"Article\",\"@id\":\"https:\\\/\\\/diarioprincipios.com\\\/index.php\\\/2020\\\/06\\\/13\\\/insaurralde-continuara-internado-en-observacion-hasta-manana-tras-dar-positivo-de-coronavirus\\\/#article\",\"isPartOf\":{\"@id\":\"https:\\\/\\\/diarioprincipios.com\\\/index.php\\\/2020\\\/06\\\/13\\\/insaurralde-continuara-internado-en-observacion-hasta-manana-tras-dar-positivo-de-coronavirus\\\/\"},\"author\":{\"name\":\"Hern\u00e1n L\u00f3pez\",\"@id\":\"https:\\\/\\\/diarioprincipios.com\\\/#\\\/schema\\\/person\\\/436d5a1fd41a5e250e23ff5a6a7cb080\"},\"headline\":\"Insaurralde continuar\u00e1 internado en observaci\u00f3n hasta ma\u00f1ana, tras dar positivo de coronavirus\",\"datePublished\":\"2020-06-13T22:28:14+00:00\",\"dateModified\":\"2020-06-13T22:28:18+00:00\",\"mainEntityOfPage\":{\"@id\":\"https:\\\/\\\/diarioprincipios.com\\\/index.php\\\/2020\\\/06\\\/13\\\/insaurralde-continuara-internado-en-observacion-hasta-manana-tras-dar-positivo-de-coronavirus\\\/\"},\"wordCount\":418,\"commentCount\":0,\"publisher\":{\"@id\":\"https:\\\/\\\/diarioprincipios.com\\\/#organization\"},\"image\":{\"@id\":\"https:\\\/\\\/diarioprincipios.com\\\/index.php\\\/2020\\\/06\\\/13\\\/insaurralde-continuara-internado-en-observacion-hasta-manana-tras-dar-positivo-de-coronavirus\\\/#primaryimage\"},\"thumbnailUrl\":\"https:\\\/\\\/diarioprincipios.com\\\/wp-content\\\/uploads\\\/2020\\\/06\\\/307522_martin_insaurralde.jpg\",\"articleSection\":[\"Municipios\"],\"inLanguage\":\"es\",\"potentialAction\":[{\"@type\":\"CommentAction\",\"name\":\"Comment\",\"target\":[\"https:\\\/\\\/diarioprincipios.com\\\/index.php\\\/2020\\\/06\\\/13\\\/insaurralde-continuara-internado-en-observacion-hasta-manana-tras-dar-positivo-de-coronavirus\\\/#respond\"]}]},{\"@type\":\"WebPage\",\"@id\":\"https:\\\/\\\/diarioprincipios.com\\\/index.php\\\/2020\\\/06\\\/13\\\/insaurralde-continuara-internado-en-observacion-hasta-manana-tras-dar-positivo-de-coronavirus\\\/\",\"url\":\"https:\\\/\\\/diarioprincipios.com\\\/index.php\\\/2020\\\/06\\\/13\\\/insaurralde-continuara-internado-en-observacion-hasta-manana-tras-dar-positivo-de-coronavirus\\\/\",\"name\":\"Insaurralde continuar\u00e1 internado en observaci\u00f3n hasta ma\u00f1ana, tras dar positivo de coronavirus - Principios\",\"isPartOf\":{\"@id\":\"https:\\\/\\\/diarioprincipios.com\\\/#website\"},\"primaryImageOfPage\":{\"@id\":\"https:\\\/\\\/diarioprincipios.com\\\/index.php\\\/2020\\\/06\\\/13\\\/insaurralde-continuara-internado-en-observacion-hasta-manana-tras-dar-positivo-de-coronavirus\\\/#primaryimage\"},\"image\":{\"@id\":\"https:\\\/\\\/diarioprincipios.com\\\/index.php\\\/2020\\\/06\\\/13\\\/insaurralde-continuara-internado-en-observacion-hasta-manana-tras-dar-positivo-de-coronavirus\\\/#primaryimage\"},\"thumbnailUrl\":\"https:\\\/\\\/diarioprincipios.com\\\/wp-content\\\/uploads\\\/2020\\\/06\\\/307522_martin_insaurralde.jpg\",\"datePublished\":\"2020-06-13T22:28:14+00:00\",\"dateModified\":\"2020-06-13T22:28:18+00:00\",\"breadcrumb\":{\"@id\":\"https:\\\/\\\/diarioprincipios.com\\\/index.php\\\/2020\\\/06\\\/13\\\/insaurralde-continuara-internado-en-observacion-hasta-manana-tras-dar-positivo-de-coronavirus\\\/#breadcrumb\"},\"inLanguage\":\"es\",\"potentialAction\":[{\"@type\":\"ReadAction\",\"target\":[\"https:\\\/\\\/diarioprincipios.com\\\/index.php\\\/2020\\\/06\\\/13\\\/insaurralde-continuara-internado-en-observacion-hasta-manana-tras-dar-positivo-de-coronavirus\\\/\"]}]},{\"@type\":\"ImageObject\",\"inLanguage\":\"es\",\"@id\":\"https:\\\/\\\/diarioprincipios.com\\\/index.php\\\/2020\\\/06\\\/13\\\/insaurralde-continuara-internado-en-observacion-hasta-manana-tras-dar-positivo-de-coronavirus\\\/#primaryimage\",\"url\":\"https:\\\/\\\/diarioprincipios.com\\\/wp-content\\\/uploads\\\/2020\\\/06\\\/307522_martin_insaurralde.jpg\",\"contentUrl\":\"https:\\\/\\\/diarioprincipios.com\\\/wp-content\\\/uploads\\\/2020\\\/06\\\/307522_martin_insaurralde.jpg\",\"width\":1024,\"height\":680},{\"@type\":\"BreadcrumbList\",\"@id\":\"https:\\\/\\\/diarioprincipios.com\\\/index.php\\\/2020\\\/06\\\/13\\\/insaurralde-continuara-internado-en-observacion-hasta-manana-tras-dar-positivo-de-coronavirus\\\/#breadcrumb\",\"itemListElement\":[{\"@type\":\"ListItem\",\"position\":1,\"name\":\"Portada\",\"item\":\"https:\\\/\\\/diarioprincipios.com\\\/\"},{\"@type\":\"ListItem\",\"position\":2,\"name\":\"Insaurralde continuar\u00e1 internado en observaci\u00f3n hasta ma\u00f1ana, tras dar positivo de coronavirus\"}]},{\"@type\":\"WebSite\",\"@id\":\"https:\\\/\\\/diarioprincipios.com\\\/#website\",\"url\":\"https:\\\/\\\/diarioprincipios.com\\\/\",\"name\":\"Principios\",\"description\":\"Principios Diario\",\"publisher\":{\"@id\":\"https:\\\/\\\/diarioprincipios.com\\\/#organization\"},\"potentialAction\":[{\"@type\":\"SearchAction\",\"target\":{\"@type\":\"EntryPoint\",\"urlTemplate\":\"https:\\\/\\\/diarioprincipios.com\\\/?s={search_term_string}\"},\"query-input\":{\"@type\":\"PropertyValueSpecification\",\"valueRequired\":true,\"valueName\":\"search_term_string\"}}],\"inLanguage\":\"es\"},{\"@type\":\"Organization\",\"@id\":\"https:\\\/\\\/diarioprincipios.com\\\/#organization\",\"name\":\"Principios\",\"url\":\"https:\\\/\\\/diarioprincipios.com\\\/\",\"logo\":{\"@type\":\"ImageObject\",\"inLanguage\":\"es\",\"@id\":\"https:\\\/\\\/diarioprincipios.com\\\/#\\\/schema\\\/logo\\\/image\\\/\",\"url\":\"https:\\\/\\\/diarioprincipios.com\\\/wp-content\\\/uploads\\\/2024\\\/04\\\/cropped-www.diarioprincipios.com_-1.png\",\"contentUrl\":\"https:\\\/\\\/diarioprincipios.com\\\/wp-content\\\/uploads\\\/2024\\\/04\\\/cropped-www.diarioprincipios.com_-1.png\",\"width\":5325,\"height\":1454,\"caption\":\"Principios\"},\"image\":{\"@id\":\"https:\\\/\\\/diarioprincipios.com\\\/#\\\/schema\\\/logo\\\/image\\\/\"}},{\"@type\":\"Person\",\"@id\":\"https:\\\/\\\/diarioprincipios.com\\\/#\\\/schema\\\/person\\\/436d5a1fd41a5e250e23ff5a6a7cb080\",\"name\":\"Hern\u00e1n L\u00f3pez\",\"image\":{\"@type\":\"ImageObject\",\"inLanguage\":\"es\",\"@id\":\"https:\\\/\\\/diarioprincipios.com\\\/wp-content\\\/litespeed\\\/avatar\\\/11ddfe5610ff3bd100522525b2571f48.jpg?ver=1777048341\",\"url\":\"https:\\\/\\\/diarioprincipios.com\\\/wp-content\\\/litespeed\\\/avatar\\\/11ddfe5610ff3bd100522525b2571f48.jpg?ver=1777048341\",\"contentUrl\":\"https:\\\/\\\/diarioprincipios.com\\\/wp-content\\\/litespeed\\\/avatar\\\/11ddfe5610ff3bd100522525b2571f48.jpg?ver=1777048341\",\"caption\":\"Hern\u00e1n L\u00f3pez\"},\"url\":\"https:\\\/\\\/diarioprincipios.com\\\/index.php\\\/author\\\/hernan\\\/\"}]}<\/script>\n<!-- \/ Yoast SEO plugin. -->","yoast_head_json":{"title":"Insaurralde continuar\u00e1 internado en observaci\u00f3n hasta ma\u00f1ana, tras dar positivo de coronavirus - Principios","robots":{"index":"index","follow":"follow","max-snippet":"max-snippet:-1","max-image-preview":"max-image-preview:large","max-video-preview":"max-video-preview:-1"},"canonical":"https:\/\/diarioprincipios.com\/index.php\/2020\/06\/13\/insaurralde-continuara-internado-en-observacion-hasta-manana-tras-dar-positivo-de-coronavirus\/","og_locale":"es_ES","og_type":"article","og_title":"Insaurralde continuar\u00e1 internado en observaci\u00f3n hasta ma\u00f1ana, tras dar positivo de coronavirus - Principios","og_description":"El intendente del municipio bonaerense de Lomas de Zamora, Mart\u00edn Insaurralde, \u201ccontinuar\u00e1 internado en observaci\u00f3n\u201d, al menos hasta ma\u00f1ana, en el hospital de Lavallol, luego de que el viernes se confirmara que dio positivo en una prueba de coronavirus. Allegados a Insaurralde informaron a T\u00e9lam que el intendente tuvo \u00abalgunos episodios febriles hoy\u00bb y los...","og_url":"https:\/\/diarioprincipios.com\/index.php\/2020\/06\/13\/insaurralde-continuara-internado-en-observacion-hasta-manana-tras-dar-positivo-de-coronavirus\/","og_site_name":"Principios","article_published_time":"2020-06-13T22:28:14+00:00","article_modified_time":"2020-06-13T22:28:18+00:00","og_image":[{"width":1024,"height":680,"url":"https:\/\/diarioprincipios.com\/wp-content\/uploads\/2020\/06\/307522_martin_insaurralde.jpg","type":"image\/jpeg"}],"author":"Hern\u00e1n L\u00f3pez","twitter_card":"summary_large_image","twitter_misc":{"Escrito por":"Hern\u00e1n L\u00f3pez","Tiempo de lectura":"2 minutos"},"schema":{"@context":"https:\/\/schema.org","@graph":[{"@type":"Article","@id":"https:\/\/diarioprincipios.com\/index.php\/2020\/06\/13\/insaurralde-continuara-internado-en-observacion-hasta-manana-tras-dar-positivo-de-coronavirus\/#article","isPartOf":{"@id":"https:\/\/diarioprincipios.com\/index.php\/2020\/06\/13\/insaurralde-continuara-internado-en-observacion-hasta-manana-tras-dar-positivo-de-coronavirus\/"},"author":{"name":"Hern\u00e1n L\u00f3pez","@id":"https:\/\/diarioprincipios.com\/#\/schema\/person\/436d5a1fd41a5e250e23ff5a6a7cb080"},"headline":"Insaurralde continuar\u00e1 internado en observaci\u00f3n hasta ma\u00f1ana, tras dar positivo de coronavirus","datePublished":"2020-06-13T22:28:14+00:00","dateModified":"2020-06-13T22:28:18+00:00","mainEntityOfPage":{"@id":"https:\/\/diarioprincipios.com\/index.php\/2020\/06\/13\/insaurralde-continuara-internado-en-observacion-hasta-manana-tras-dar-positivo-de-coronavirus\/"},"wordCount":418,"commentCount":0,"publisher":{"@id":"https:\/\/diarioprincipios.com\/#organization"},"image":{"@id":"https:\/\/diarioprincipios.com\/index.php\/2020\/06\/13\/insaurralde-continuara-internado-en-observacion-hasta-manana-tras-dar-positivo-de-coronavirus\/#primaryimage"},"thumbnailUrl":"https:\/\/diarioprincipios.com\/wp-content\/uploads\/2020\/06\/307522_martin_insaurralde.jpg","articleSection":["Municipios"],"inLanguage":"es","potentialAction":[{"@type":"CommentAction","name":"Comment","target":["https:\/\/diarioprincipios.com\/index.php\/2020\/06\/13\/insaurralde-continuara-internado-en-observacion-hasta-manana-tras-dar-positivo-de-coronavirus\/#respond"]}]},{"@type":"WebPage","@id":"https:\/\/diarioprincipios.com\/index.php\/2020\/06\/13\/insaurralde-continuara-internado-en-observacion-hasta-manana-tras-dar-positivo-de-coronavirus\/","url":"https:\/\/diarioprincipios.com\/index.php\/2020\/06\/13\/insaurralde-continuara-internado-en-observacion-hasta-manana-tras-dar-positivo-de-coronavirus\/","name":"Insaurralde continuar\u00e1 internado en observaci\u00f3n hasta ma\u00f1ana, tras dar positivo de coronavirus - Principios","isPartOf":{"@id":"https:\/\/diarioprincipios.com\/#website"},"primaryImageOfPage":{"@id":"https:\/\/diarioprincipios.com\/index.php\/2020\/06\/13\/insaurralde-continuara-internado-en-observacion-hasta-manana-tras-dar-positivo-de-coronavirus\/#primaryimage"},"image":{"@id":"https:\/\/diarioprincipios.com\/index.php\/2020\/06\/13\/insaurralde-continuara-internado-en-observacion-hasta-manana-tras-dar-positivo-de-coronavirus\/#primaryimage"},"thumbnailUrl":"https:\/\/diarioprincipios.com\/wp-content\/uploads\/2020\/06\/307522_martin_insaurralde.jpg","datePublished":"2020-06-13T22:28:14+00:00","dateModified":"2020-06-13T22:28:18+00:00","breadcrumb":{"@id":"https:\/\/diarioprincipios.com\/index.php\/2020\/06\/13\/insaurralde-continuara-internado-en-observacion-hasta-manana-tras-dar-positivo-de-coronavirus\/#breadcrumb"},"inLanguage":"es","potentialAction":[{"@type":"ReadAction","target":["https:\/\/diarioprincipios.com\/index.php\/2020\/06\/13\/insaurralde-continuara-internado-en-observacion-hasta-manana-tras-dar-positivo-de-coronavirus\/"]}]},{"@type":"ImageObject","inLanguage":"es","@id":"https:\/\/diarioprincipios.com\/index.php\/2020\/06\/13\/insaurralde-continuara-internado-en-observacion-hasta-manana-tras-dar-positivo-de-coronavirus\/#primaryimage","url":"https:\/\/diarioprincipios.com\/wp-content\/uploads\/2020\/06\/307522_martin_insaurralde.jpg","contentUrl":"https:\/\/diarioprincipios.com\/wp-content\/uploads\/2020\/06\/307522_martin_insaurralde.jpg","width":1024,"height":680},{"@type":"BreadcrumbList","@id":"https:\/\/diarioprincipios.com\/index.php\/2020\/06\/13\/insaurralde-continuara-internado-en-observacion-hasta-manana-tras-dar-positivo-de-coronavirus\/#breadcrumb","itemListElement":[{"@type":"ListItem","position":1,"name":"Portada","item":"https:\/\/diarioprincipios.com\/"},{"@type":"ListItem","position":2,"name":"Insaurralde continuar\u00e1 internado en observaci\u00f3n hasta ma\u00f1ana, tras dar positivo de coronavirus"}]},{"@type":"WebSite","@id":"https:\/\/diarioprincipios.com\/#website","url":"https:\/\/diarioprincipios.com\/","name":"Principios","description":"Principios Diario","publisher":{"@id":"https:\/\/diarioprincipios.com\/#organization"},"potentialAction":[{"@type":"SearchAction","target":{"@type":"EntryPoint","urlTemplate":"https:\/\/diarioprincipios.com\/?s={search_term_string}"},"query-input":{"@type":"PropertyValueSpecification","valueRequired":true,"valueName":"search_term_string"}}],"inLanguage":"es"},{"@type":"Organization","@id":"https:\/\/diarioprincipios.com\/#organization","name":"Principios","url":"https:\/\/diarioprincipios.com\/","logo":{"@type":"ImageObject","inLanguage":"es","@id":"https:\/\/diarioprincipios.com\/#\/schema\/logo\/image\/","url":"https:\/\/diarioprincipios.com\/wp-content\/uploads\/2024\/04\/cropped-www.diarioprincipios.com_-1.png","contentUrl":"https:\/\/diarioprincipios.com\/wp-content\/uploads\/2024\/04\/cropped-www.diarioprincipios.com_-1.png","width":5325,"height":1454,"caption":"Principios"},"image":{"@id":"https:\/\/diarioprincipios.com\/#\/schema\/logo\/image\/"}},{"@type":"Person","@id":"https:\/\/diarioprincipios.com\/#\/schema\/person\/436d5a1fd41a5e250e23ff5a6a7cb080","name":"Hern\u00e1n L\u00f3pez","image":{"@type":"ImageObject","inLanguage":"es","@id":"https:\/\/diarioprincipios.com\/wp-content\/litespeed\/avatar\/11ddfe5610ff3bd100522525b2571f48.jpg?ver=1777048341","url":"https:\/\/diarioprincipios.com\/wp-content\/litespeed\/avatar\/11ddfe5610ff3bd100522525b2571f48.jpg?ver=1777048341","contentUrl":"https:\/\/diarioprincipios.com\/wp-content\/litespeed\/avatar\/11ddfe5610ff3bd100522525b2571f48.jpg?ver=1777048341","caption":"Hern\u00e1n L\u00f3pez"},"url":"https:\/\/diarioprincipios.com\/index.php\/author\/hernan\/"}]}},"jetpack_featured_media_url":"https:\/\/diarioprincipios.com\/wp-content\/uploads\/2020\/06\/307522_martin_insaurralde.jpg","_links":{"self":[{"href":"https:\/\/diarioprincipios.com\/index.php\/wp-json\/wp\/v2\/posts\/2857","targetHints":{"allow":["GET"]}}],"collection":[{"href":"https:\/\/diarioprincipios.com\/index.php\/wp-json\/wp\/v2\/posts"}],"about":[{"href":"https:\/\/diarioprincipios.com\/index.php\/wp-json\/wp\/v2\/types\/post"}],"author":[{"embeddable":true,"href":"https:\/\/diarioprincipios.com\/index.php\/wp-json\/wp\/v2\/users\/2"}],"replies":[{"embeddable":true,"href":"https:\/\/diarioprincipios.com\/index.php\/wp-json\/wp\/v2\/comments?post=2857"}],"version-history":[{"count":1,"href":"https:\/\/diarioprincipios.com\/index.php\/wp-json\/wp\/v2\/posts\/2857\/revisions"}],"predecessor-version":[{"id":2859,"href":"https:\/\/diarioprincipios.com\/index.php\/wp-json\/wp\/v2\/posts\/2857\/revisions\/2859"}],"wp:featuredmedia":[{"embeddable":true,"href":"https:\/\/diarioprincipios.com\/index.php\/wp-json\/wp\/v2\/media\/2858"}],"wp:attachment":[{"href":"https:\/\/diarioprincipios.com\/index.php\/wp-json\/wp\/v2\/media?parent=2857"}],"wp:term":[{"taxonomy":"category","embeddable":true,"href":"https:\/\/diarioprincipios.com\/index.php\/wp-json\/wp\/v2\/categories?post=2857"},{"taxonomy":"post_tag","embeddable":true,"href":"https:\/\/diarioprincipios.com\/index.php\/wp-json\/wp\/v2\/tags?post=2857"}],"curies":[{"name":"wp","href":"https:\/\/api.w.org\/{rel}","templated":true}]}}