{"id":28521,"date":"2026-09-04T18:01:30","date_gmt":"2026-09-04T21:01:30","guid":{"rendered":"https:\/\/diarioprincipios.com\/?p=28521"},"modified":"2026-09-04T18:01:31","modified_gmt":"2026-09-04T21:01:31","slug":"balor-acompano-a-kicillof-en-la-presentacion-del-plan-de-prevencion-y-mitigacion-del-fenomeno-del-super-nino","status":"publish","type":"post","link":"https:\/\/diarioprincipios.com\/index.php\/2026\/09\/04\/balor-acompano-a-kicillof-en-la-presentacion-del-plan-de-prevencion-y-mitigacion-del-fenomeno-del-super-nino\/","title":{"rendered":"Balor acompa\u00f1\u00f3 a Kicillof en la presentaci\u00f3n del Plan de prevenci\u00f3n y mitigaci\u00f3n del fen\u00f3meno del \u00abS\u00faper Ni\u00f1o\u00bb"},"content":{"rendered":"\n<p class=\"wp-block-paragraph\"><strong>El intendente de Berazategui, Carlos Balor, estuvo junto al gobernador Axel Kicillof durante la presentaci\u00f3n del Plan provincial de pol\u00edticas de prevenci\u00f3n y mitigaci\u00f3n del fen\u00f3meno del \u00abS\u00faper Ni\u00f1o\u00bb, que totaliza una inversi\u00f3n provincial de m\u00e1s de $2,3 billones. El lanzamiento se realiz\u00f3 en la ciudad de La Plata y participaron ministros bonaerenses, adem\u00e1s de 40 jefes y jefas comunales.<\/strong><br>\u00a0<br>En el Sal\u00f3n Dorado de la Casa de Gobierno, Kicillof afirm\u00f3: \u201cHace tiempo que venimos trabajando para reforzar la prevenci\u00f3n ante la posibilidad de un fen\u00f3meno de &#8216;El Ni\u00f1o&#8217; muy fuerte. Por eso, resolvimos crear una Mesa Interministerial que permita coordinar todas las \u00e1reas de la Provincia y mantener un v\u00ednculo directo con los 135 municipios\u00bb. Y agreg\u00f3: \u00abTenemos que prepararnos para un escenario que puede ser muy dif\u00edcil; dise\u00f1ar planes de contingencia y comunicar con claridad para que los y las bonaerenses sepan que pueden producirse precipitaciones mucho m\u00e1s intensas que las habituales\u201d.<br>\u00a0<br>La Mesa Interministerial est\u00e1 integrada por los Ministerios de Gobierno, Ambiente, Infraestructura y Servicios P\u00fablicos, Seguridad, Desarrollo de la Comunidad, Desarrollo Agrario, H\u00e1bitat y Desarrollo Urbano, Salud y Econom\u00eda; y \u00e1reas como el OPISU, la Autoridad del Agua (ADA), la Direcci\u00f3n de Vialidad y ABSA.<br>\u00a0<br>\u201cLamentablemente tenemos un Presidente que niega el cambio clim\u00e1tico y, al mismo tiempo, paraliza la obra p\u00fablica y elimina herramientas fundamentales para mitigar sus consecuencias\u201d, afirm\u00f3 el Gobernador. Y a\u00f1adi\u00f3: \u201cNo podemos aceptar que la Naci\u00f3n abandone sus responsabilidades: necesitamos coordinaci\u00f3n, inversiones y los recursos que aportan las provincias para prevenir y dar respuestas\u201d.<\/p>\n\n\n\n<figure class=\"wp-block-image size-large\"><img loading=\"lazy\" decoding=\"async\" width=\"1024\" height=\"683\" src=\"https:\/\/diarioprincipios.com\/wp-content\/uploads\/2026\/09\/Balor-acompano-a-Kicillof-en-la-presentacion-del-Plan-de-prevencion-y-mitigacion-del-fenomeno-del-Super-Nino-2-1024x683.jpg\" alt=\"\" class=\"wp-image-28522\" srcset=\"https:\/\/diarioprincipios.com\/wp-content\/uploads\/2026\/09\/Balor-acompano-a-Kicillof-en-la-presentacion-del-Plan-de-prevencion-y-mitigacion-del-fenomeno-del-Super-Nino-2-1024x683.jpg 1024w, https:\/\/diarioprincipios.com\/wp-content\/uploads\/2026\/09\/Balor-acompano-a-Kicillof-en-la-presentacion-del-Plan-de-prevencion-y-mitigacion-del-fenomeno-del-Super-Nino-2-300x200.jpg 300w, https:\/\/diarioprincipios.com\/wp-content\/uploads\/2026\/09\/Balor-acompano-a-Kicillof-en-la-presentacion-del-Plan-de-prevencion-y-mitigacion-del-fenomeno-del-Super-Nino-2-768x512.jpg 768w, https:\/\/diarioprincipios.com\/wp-content\/uploads\/2026\/09\/Balor-acompano-a-Kicillof-en-la-presentacion-del-Plan-de-prevencion-y-mitigacion-del-fenomeno-del-Super-Nino-2-1536x1024.jpg 1536w, https:\/\/diarioprincipios.com\/wp-content\/uploads\/2026\/09\/Balor-acompano-a-Kicillof-en-la-presentacion-del-Plan-de-prevencion-y-mitigacion-del-fenomeno-del-Super-Nino-2-600x400.jpg 600w, https:\/\/diarioprincipios.com\/wp-content\/uploads\/2026\/09\/Balor-acompano-a-Kicillof-en-la-presentacion-del-Plan-de-prevencion-y-mitigacion-del-fenomeno-del-Super-Nino-2.jpg 1920w\" sizes=\"auto, (max-width: 1024px) 100vw, 1024px\" \/><\/figure>\n\n\n\n<p class=\"wp-block-paragraph\"><br>\u00a0<br>Adem\u00e1s, Kicillof remarc\u00f3: \u201cNo solo no recibimos ning\u00fan tipo de acompa\u00f1amiento, sino que el Gobierno nacional retiene $293 mil millones del Fondo H\u00eddrico y $2,1 billones correspondientes a los Aportes del Tesoro Nacional (ATN). Mientras coordinamos con todos los municipios y otras provincias, vamos a seguir reclamando que nos devuelvan esos fondos, que tienen que ser utilizados para realizar las obras necesarias y afrontar situaciones de emergencia\u201d.<br>\u00a0<br>El intendente Carlos Balor acompa\u00f1\u00f3 a Axel Kicillof en la presentaci\u00f3n de este Plan de prevenci\u00f3n y mitigaci\u00f3n de fen\u00f3menos clim\u00e1ticos fuertes. Luego del encuentro, confirm\u00f3: \u201cEl Gobernador present\u00f3 las pol\u00edticas p\u00fablicas que la Provincia llevar\u00e1 adelante para hacer frente a los eventos meteorol\u00f3gicos vinculados al fen\u00f3meno del \u201cS\u00faper Ni\u00f1o\u201d.<br>\u00a0<br>Entre las medidas proyectadas, se encuentran un seguimiento semanal de las lluvias y de los niveles de las cuencas; y seguir sumando estaciones meteorol\u00f3gicas y entregando pluvi\u00f3metros para fortalecer la capacidad de anticipaci\u00f3n y respuesta en los distritos. Asimismo, crear un visor provincial de estaciones meteorol\u00f3gicas para que todos los jefes comunales sepan en tiempo real lo que ocurre en cada zona; llevar adelante un trabajo de alertas tempranas, monitoreos constantes con guardias de servicios y asesoramiento a cada distrito; disponer de un comando unificado del sistema de bomberos y de las fuerzas provinciales; y realizar una inversi\u00f3n hist\u00f3rica para la ampliaci\u00f3n de equipamiento (11 helic\u00f3pteros, 427 embarcaciones de rescate acu\u00e1tico, 543 m\u00f3viles de emergencia y una flota propia de drones para relevamiento rural).<\/p>\n","protected":false},"excerpt":{"rendered":"<p>El intendente de Berazategui, Carlos Balor, estuvo junto al gobernador Axel Kicillof durante la presentaci\u00f3n del Plan provincial de pol\u00edticas de prevenci\u00f3n y mitigaci\u00f3n del fen\u00f3meno del \u00abS\u00faper Ni\u00f1o\u00bb, que totaliza una inversi\u00f3n provincial de m\u00e1s de $2,3 billones. El lanzamiento se realiz\u00f3 en la ciudad de La Plata y participaron ministros bonaerenses, adem\u00e1s de&#8230;<\/p>\n","protected":false},"author":2,"featured_media":28523,"comment_status":"open","ping_status":"open","sticky":false,"template":"","format":"standard","meta":{"footnotes":""},"categories":[7],"tags":[],"class_list":["post-28521","post","type-post","status-publish","format-standard","has-post-thumbnail","hentry","category-provincia"],"featured_image_src":"https:\/\/diarioprincipios.com\/wp-content\/uploads\/2026\/09\/Balor-acompano-a-Kicillof-en-la-presentacion-del-Plan-de-prevencion-y-mitigacion-del-fenomeno-del-Super-Nino-1-1024x683.jpg","blog_images":{"medium":"https:\/\/diarioprincipios.com\/wp-content\/uploads\/2026\/09\/Balor-acompano-a-Kicillof-en-la-presentacion-del-Plan-de-prevencion-y-mitigacion-del-fenomeno-del-Super-Nino-1-300x200.jpg","large":"https:\/\/diarioprincipios.com\/wp-content\/uploads\/2026\/09\/Balor-acompano-a-Kicillof-en-la-presentacion-del-Plan-de-prevencion-y-mitigacion-del-fenomeno-del-Super-Nino-1-1024x683.jpg"},"ams_acf":[],"yoast_head":"<!-- This site is optimized with the Yoast SEO plugin v28.4 - https:\/\/yoast.com\/product\/yoast-seo-wordpress\/ -->\n<title>Balor acompa\u00f1\u00f3 a Kicillof en la presentaci\u00f3n del Plan de prevenci\u00f3n y mitigaci\u00f3n del fen\u00f3meno del &quot;S\u00faper Ni\u00f1o&quot; - Principios<\/title>\n<meta name=\"robots\" content=\"index, follow, max-snippet:-1, max-image-preview:large, max-video-preview:-1\" \/>\n<link rel=\"canonical\" href=\"https:\/\/diarioprincipios.com\/index.php\/2026\/09\/04\/balor-acompano-a-kicillof-en-la-presentacion-del-plan-de-prevencion-y-mitigacion-del-fenomeno-del-super-nino\/\" \/>\n<meta property=\"og:locale\" content=\"es_ES\" \/>\n<meta property=\"og:type\" content=\"article\" \/>\n<meta property=\"og:title\" content=\"Balor acompa\u00f1\u00f3 a Kicillof en la presentaci\u00f3n del Plan de prevenci\u00f3n y mitigaci\u00f3n del fen\u00f3meno del &quot;S\u00faper Ni\u00f1o&quot; - Principios\" \/>\n<meta property=\"og:description\" content=\"El intendente de Berazategui, Carlos Balor, estuvo junto al gobernador Axel Kicillof durante la presentaci\u00f3n del Plan provincial de pol\u00edticas de prevenci\u00f3n y mitigaci\u00f3n del fen\u00f3meno del \u00abS\u00faper Ni\u00f1o\u00bb, que totaliza una inversi\u00f3n provincial de m\u00e1s de $2,3 billones. El lanzamiento se realiz\u00f3 en la ciudad de La Plata y participaron ministros bonaerenses, adem\u00e1s de...\" \/>\n<meta property=\"og:url\" content=\"https:\/\/diarioprincipios.com\/index.php\/2026\/09\/04\/balor-acompano-a-kicillof-en-la-presentacion-del-plan-de-prevencion-y-mitigacion-del-fenomeno-del-super-nino\/\" \/>\n<meta property=\"og:site_name\" content=\"Principios\" \/>\n<meta property=\"article:published_time\" content=\"2026-09-04T21:01:30+00:00\" \/>\n<meta property=\"article:modified_time\" content=\"2026-09-04T21:01:31+00:00\" \/>\n<meta property=\"og:image\" content=\"https:\/\/diarioprincipios.com\/wp-content\/uploads\/2026\/09\/Balor-acompano-a-Kicillof-en-la-presentacion-del-Plan-de-prevencion-y-mitigacion-del-fenomeno-del-Super-Nino-1.jpg\" \/>\n\t<meta property=\"og:image:width\" content=\"1920\" \/>\n\t<meta property=\"og:image:height\" content=\"1280\" \/>\n\t<meta property=\"og:image:type\" content=\"image\/jpeg\" \/>\n<meta name=\"author\" content=\"Hern\u00e1n L\u00f3pez\" \/>\n<meta name=\"twitter:card\" content=\"summary_large_image\" \/>\n<meta name=\"twitter:label1\" content=\"Escrito por\" \/>\n\t<meta name=\"twitter:data1\" content=\"Hern\u00e1n L\u00f3pez\" \/>\n\t<meta name=\"twitter:label2\" content=\"Tiempo de lectura\" \/>\n\t<meta name=\"twitter:data2\" content=\"3 minutos\" \/>\n<script type=\"application\/ld+json\" class=\"yoast-schema-graph\">{\"@context\":\"https:\\\/\\\/schema.org\",\"@graph\":[{\"@type\":\"Article\",\"@id\":\"https:\\\/\\\/diarioprincipios.com\\\/index.php\\\/2026\\\/09\\\/04\\\/balor-acompano-a-kicillof-en-la-presentacion-del-plan-de-prevencion-y-mitigacion-del-fenomeno-del-super-nino\\\/#article\",\"isPartOf\":{\"@id\":\"https:\\\/\\\/diarioprincipios.com\\\/index.php\\\/2026\\\/09\\\/04\\\/balor-acompano-a-kicillof-en-la-presentacion-del-plan-de-prevencion-y-mitigacion-del-fenomeno-del-super-nino\\\/\"},\"author\":{\"name\":\"Hern\u00e1n L\u00f3pez\",\"@id\":\"https:\\\/\\\/diarioprincipios.com\\\/#\\\/schema\\\/person\\\/436d5a1fd41a5e250e23ff5a6a7cb080\"},\"headline\":\"Balor acompa\u00f1\u00f3 a Kicillof en la presentaci\u00f3n del Plan de prevenci\u00f3n y mitigaci\u00f3n del fen\u00f3meno del \u00abS\u00faper Ni\u00f1o\u00bb\",\"datePublished\":\"2026-09-04T21:01:30+00:00\",\"dateModified\":\"2026-09-04T21:01:31+00:00\",\"mainEntityOfPage\":{\"@id\":\"https:\\\/\\\/diarioprincipios.com\\\/index.php\\\/2026\\\/09\\\/04\\\/balor-acompano-a-kicillof-en-la-presentacion-del-plan-de-prevencion-y-mitigacion-del-fenomeno-del-super-nino\\\/\"},\"wordCount\":562,\"commentCount\":0,\"publisher\":{\"@id\":\"https:\\\/\\\/diarioprincipios.com\\\/#organization\"},\"image\":{\"@id\":\"https:\\\/\\\/diarioprincipios.com\\\/index.php\\\/2026\\\/09\\\/04\\\/balor-acompano-a-kicillof-en-la-presentacion-del-plan-de-prevencion-y-mitigacion-del-fenomeno-del-super-nino\\\/#primaryimage\"},\"thumbnailUrl\":\"https:\\\/\\\/diarioprincipios.com\\\/wp-content\\\/uploads\\\/2026\\\/09\\\/Balor-acompano-a-Kicillof-en-la-presentacion-del-Plan-de-prevencion-y-mitigacion-del-fenomeno-del-Super-Nino-1.jpg\",\"articleSection\":[\"Provincia\"],\"inLanguage\":\"es\",\"potentialAction\":[{\"@type\":\"CommentAction\",\"name\":\"Comment\",\"target\":[\"https:\\\/\\\/diarioprincipios.com\\\/index.php\\\/2026\\\/09\\\/04\\\/balor-acompano-a-kicillof-en-la-presentacion-del-plan-de-prevencion-y-mitigacion-del-fenomeno-del-super-nino\\\/#respond\"]}]},{\"@type\":\"WebPage\",\"@id\":\"https:\\\/\\\/diarioprincipios.com\\\/index.php\\\/2026\\\/09\\\/04\\\/balor-acompano-a-kicillof-en-la-presentacion-del-plan-de-prevencion-y-mitigacion-del-fenomeno-del-super-nino\\\/\",\"url\":\"https:\\\/\\\/diarioprincipios.com\\\/index.php\\\/2026\\\/09\\\/04\\\/balor-acompano-a-kicillof-en-la-presentacion-del-plan-de-prevencion-y-mitigacion-del-fenomeno-del-super-nino\\\/\",\"name\":\"Balor acompa\u00f1\u00f3 a Kicillof en la presentaci\u00f3n del Plan de prevenci\u00f3n y mitigaci\u00f3n del fen\u00f3meno del \\\"S\u00faper Ni\u00f1o\\\" - Principios\",\"isPartOf\":{\"@id\":\"https:\\\/\\\/diarioprincipios.com\\\/#website\"},\"primaryImageOfPage\":{\"@id\":\"https:\\\/\\\/diarioprincipios.com\\\/index.php\\\/2026\\\/09\\\/04\\\/balor-acompano-a-kicillof-en-la-presentacion-del-plan-de-prevencion-y-mitigacion-del-fenomeno-del-super-nino\\\/#primaryimage\"},\"image\":{\"@id\":\"https:\\\/\\\/diarioprincipios.com\\\/index.php\\\/2026\\\/09\\\/04\\\/balor-acompano-a-kicillof-en-la-presentacion-del-plan-de-prevencion-y-mitigacion-del-fenomeno-del-super-nino\\\/#primaryimage\"},\"thumbnailUrl\":\"https:\\\/\\\/diarioprincipios.com\\\/wp-content\\\/uploads\\\/2026\\\/09\\\/Balor-acompano-a-Kicillof-en-la-presentacion-del-Plan-de-prevencion-y-mitigacion-del-fenomeno-del-Super-Nino-1.jpg\",\"datePublished\":\"2026-09-04T21:01:30+00:00\",\"dateModified\":\"2026-09-04T21:01:31+00:00\",\"breadcrumb\":{\"@id\":\"https:\\\/\\\/diarioprincipios.com\\\/index.php\\\/2026\\\/09\\\/04\\\/balor-acompano-a-kicillof-en-la-presentacion-del-plan-de-prevencion-y-mitigacion-del-fenomeno-del-super-nino\\\/#breadcrumb\"},\"inLanguage\":\"es\",\"potentialAction\":[{\"@type\":\"ReadAction\",\"target\":[\"https:\\\/\\\/diarioprincipios.com\\\/index.php\\\/2026\\\/09\\\/04\\\/balor-acompano-a-kicillof-en-la-presentacion-del-plan-de-prevencion-y-mitigacion-del-fenomeno-del-super-nino\\\/\"]}]},{\"@type\":\"ImageObject\",\"inLanguage\":\"es\",\"@id\":\"https:\\\/\\\/diarioprincipios.com\\\/index.php\\\/2026\\\/09\\\/04\\\/balor-acompano-a-kicillof-en-la-presentacion-del-plan-de-prevencion-y-mitigacion-del-fenomeno-del-super-nino\\\/#primaryimage\",\"url\":\"https:\\\/\\\/diarioprincipios.com\\\/wp-content\\\/uploads\\\/2026\\\/09\\\/Balor-acompano-a-Kicillof-en-la-presentacion-del-Plan-de-prevencion-y-mitigacion-del-fenomeno-del-Super-Nino-1.jpg\",\"contentUrl\":\"https:\\\/\\\/diarioprincipios.com\\\/wp-content\\\/uploads\\\/2026\\\/09\\\/Balor-acompano-a-Kicillof-en-la-presentacion-del-Plan-de-prevencion-y-mitigacion-del-fenomeno-del-Super-Nino-1.jpg\",\"width\":1920,\"height\":1280},{\"@type\":\"BreadcrumbList\",\"@id\":\"https:\\\/\\\/diarioprincipios.com\\\/index.php\\\/2026\\\/09\\\/04\\\/balor-acompano-a-kicillof-en-la-presentacion-del-plan-de-prevencion-y-mitigacion-del-fenomeno-del-super-nino\\\/#breadcrumb\",\"itemListElement\":[{\"@type\":\"ListItem\",\"position\":1,\"name\":\"Portada\",\"item\":\"https:\\\/\\\/diarioprincipios.com\\\/\"},{\"@type\":\"ListItem\",\"position\":2,\"name\":\"Balor acompa\u00f1\u00f3 a Kicillof en la presentaci\u00f3n del Plan de prevenci\u00f3n y mitigaci\u00f3n del fen\u00f3meno del \u00abS\u00faper Ni\u00f1o\u00bb\"}]},{\"@type\":\"WebSite\",\"@id\":\"https:\\\/\\\/diarioprincipios.com\\\/#website\",\"url\":\"https:\\\/\\\/diarioprincipios.com\\\/\",\"name\":\"Principios\",\"description\":\"Principios Diario\",\"publisher\":{\"@id\":\"https:\\\/\\\/diarioprincipios.com\\\/#organization\"},\"potentialAction\":[{\"@type\":\"SearchAction\",\"target\":{\"@type\":\"EntryPoint\",\"urlTemplate\":\"https:\\\/\\\/diarioprincipios.com\\\/?s={search_term_string}\"},\"query-input\":{\"@type\":\"PropertyValueSpecification\",\"valueRequired\":true,\"valueName\":\"search_term_string\"}}],\"inLanguage\":\"es\"},{\"@type\":\"Organization\",\"@id\":\"https:\\\/\\\/diarioprincipios.com\\\/#organization\",\"name\":\"Principios\",\"url\":\"https:\\\/\\\/diarioprincipios.com\\\/\",\"logo\":{\"@type\":\"ImageObject\",\"inLanguage\":\"es\",\"@id\":\"https:\\\/\\\/diarioprincipios.com\\\/#\\\/schema\\\/logo\\\/image\\\/\",\"url\":\"https:\\\/\\\/diarioprincipios.com\\\/wp-content\\\/uploads\\\/2026\\\/08\\\/cropped-LOGO-scaled-1.png\",\"contentUrl\":\"https:\\\/\\\/diarioprincipios.com\\\/wp-content\\\/uploads\\\/2026\\\/08\\\/cropped-LOGO-scaled-1.png\",\"width\":2407,\"height\":594,\"caption\":\"Principios\"},\"image\":{\"@id\":\"https:\\\/\\\/diarioprincipios.com\\\/#\\\/schema\\\/logo\\\/image\\\/\"}},{\"@type\":\"Person\",\"@id\":\"https:\\\/\\\/diarioprincipios.com\\\/#\\\/schema\\\/person\\\/436d5a1fd41a5e250e23ff5a6a7cb080\",\"name\":\"Hern\u00e1n L\u00f3pez\",\"image\":{\"@type\":\"ImageObject\",\"inLanguage\":\"es\",\"@id\":\"https:\\\/\\\/diarioprincipios.com\\\/wp-content\\\/litespeed\\\/avatar\\\/11ddfe5610ff3bd100522525b2571f48.jpg?ver=1788540344\",\"url\":\"https:\\\/\\\/diarioprincipios.com\\\/wp-content\\\/litespeed\\\/avatar\\\/11ddfe5610ff3bd100522525b2571f48.jpg?ver=1788540344\",\"contentUrl\":\"https:\\\/\\\/diarioprincipios.com\\\/wp-content\\\/litespeed\\\/avatar\\\/11ddfe5610ff3bd100522525b2571f48.jpg?ver=1788540344\",\"caption\":\"Hern\u00e1n L\u00f3pez\"},\"url\":\"https:\\\/\\\/diarioprincipios.com\\\/index.php\\\/author\\\/hernan\\\/\"}]}<\/script>\n<!-- \/ Yoast SEO plugin. -->","yoast_head_json":{"title":"Balor acompa\u00f1\u00f3 a Kicillof en la presentaci\u00f3n del Plan de prevenci\u00f3n y mitigaci\u00f3n del fen\u00f3meno del \"S\u00faper Ni\u00f1o\" - Principios","robots":{"index":"index","follow":"follow","max-snippet":"max-snippet:-1","max-image-preview":"max-image-preview:large","max-video-preview":"max-video-preview:-1"},"canonical":"https:\/\/diarioprincipios.com\/index.php\/2026\/09\/04\/balor-acompano-a-kicillof-en-la-presentacion-del-plan-de-prevencion-y-mitigacion-del-fenomeno-del-super-nino\/","og_locale":"es_ES","og_type":"article","og_title":"Balor acompa\u00f1\u00f3 a Kicillof en la presentaci\u00f3n del Plan de prevenci\u00f3n y mitigaci\u00f3n del fen\u00f3meno del \"S\u00faper Ni\u00f1o\" - Principios","og_description":"El intendente de Berazategui, Carlos Balor, estuvo junto al gobernador Axel Kicillof durante la presentaci\u00f3n del Plan provincial de pol\u00edticas de prevenci\u00f3n y mitigaci\u00f3n del fen\u00f3meno del \u00abS\u00faper Ni\u00f1o\u00bb, que totaliza una inversi\u00f3n provincial de m\u00e1s de $2,3 billones. El lanzamiento se realiz\u00f3 en la ciudad de La Plata y participaron ministros bonaerenses, adem\u00e1s de...","og_url":"https:\/\/diarioprincipios.com\/index.php\/2026\/09\/04\/balor-acompano-a-kicillof-en-la-presentacion-del-plan-de-prevencion-y-mitigacion-del-fenomeno-del-super-nino\/","og_site_name":"Principios","article_published_time":"2026-09-04T21:01:30+00:00","article_modified_time":"2026-09-04T21:01:31+00:00","og_image":[{"width":1920,"height":1280,"url":"https:\/\/diarioprincipios.com\/wp-content\/uploads\/2026\/09\/Balor-acompano-a-Kicillof-en-la-presentacion-del-Plan-de-prevencion-y-mitigacion-del-fenomeno-del-Super-Nino-1.jpg","type":"image\/jpeg"}],"author":"Hern\u00e1n L\u00f3pez","twitter_card":"summary_large_image","twitter_misc":{"Escrito por":"Hern\u00e1n L\u00f3pez","Tiempo de lectura":"3 minutos"},"schema":{"@context":"https:\/\/schema.org","@graph":[{"@type":"Article","@id":"https:\/\/diarioprincipios.com\/index.php\/2026\/09\/04\/balor-acompano-a-kicillof-en-la-presentacion-del-plan-de-prevencion-y-mitigacion-del-fenomeno-del-super-nino\/#article","isPartOf":{"@id":"https:\/\/diarioprincipios.com\/index.php\/2026\/09\/04\/balor-acompano-a-kicillof-en-la-presentacion-del-plan-de-prevencion-y-mitigacion-del-fenomeno-del-super-nino\/"},"author":{"name":"Hern\u00e1n L\u00f3pez","@id":"https:\/\/diarioprincipios.com\/#\/schema\/person\/436d5a1fd41a5e250e23ff5a6a7cb080"},"headline":"Balor acompa\u00f1\u00f3 a Kicillof en la presentaci\u00f3n del Plan de prevenci\u00f3n y mitigaci\u00f3n del fen\u00f3meno del \u00abS\u00faper Ni\u00f1o\u00bb","datePublished":"2026-09-04T21:01:30+00:00","dateModified":"2026-09-04T21:01:31+00:00","mainEntityOfPage":{"@id":"https:\/\/diarioprincipios.com\/index.php\/2026\/09\/04\/balor-acompano-a-kicillof-en-la-presentacion-del-plan-de-prevencion-y-mitigacion-del-fenomeno-del-super-nino\/"},"wordCount":562,"commentCount":0,"publisher":{"@id":"https:\/\/diarioprincipios.com\/#organization"},"image":{"@id":"https:\/\/diarioprincipios.com\/index.php\/2026\/09\/04\/balor-acompano-a-kicillof-en-la-presentacion-del-plan-de-prevencion-y-mitigacion-del-fenomeno-del-super-nino\/#primaryimage"},"thumbnailUrl":"https:\/\/diarioprincipios.com\/wp-content\/uploads\/2026\/09\/Balor-acompano-a-Kicillof-en-la-presentacion-del-Plan-de-prevencion-y-mitigacion-del-fenomeno-del-Super-Nino-1.jpg","articleSection":["Provincia"],"inLanguage":"es","potentialAction":[{"@type":"CommentAction","name":"Comment","target":["https:\/\/diarioprincipios.com\/index.php\/2026\/09\/04\/balor-acompano-a-kicillof-en-la-presentacion-del-plan-de-prevencion-y-mitigacion-del-fenomeno-del-super-nino\/#respond"]}]},{"@type":"WebPage","@id":"https:\/\/diarioprincipios.com\/index.php\/2026\/09\/04\/balor-acompano-a-kicillof-en-la-presentacion-del-plan-de-prevencion-y-mitigacion-del-fenomeno-del-super-nino\/","url":"https:\/\/diarioprincipios.com\/index.php\/2026\/09\/04\/balor-acompano-a-kicillof-en-la-presentacion-del-plan-de-prevencion-y-mitigacion-del-fenomeno-del-super-nino\/","name":"Balor acompa\u00f1\u00f3 a Kicillof en la presentaci\u00f3n del Plan de prevenci\u00f3n y mitigaci\u00f3n del fen\u00f3meno del \"S\u00faper Ni\u00f1o\" - Principios","isPartOf":{"@id":"https:\/\/diarioprincipios.com\/#website"},"primaryImageOfPage":{"@id":"https:\/\/diarioprincipios.com\/index.php\/2026\/09\/04\/balor-acompano-a-kicillof-en-la-presentacion-del-plan-de-prevencion-y-mitigacion-del-fenomeno-del-super-nino\/#primaryimage"},"image":{"@id":"https:\/\/diarioprincipios.com\/index.php\/2026\/09\/04\/balor-acompano-a-kicillof-en-la-presentacion-del-plan-de-prevencion-y-mitigacion-del-fenomeno-del-super-nino\/#primaryimage"},"thumbnailUrl":"https:\/\/diarioprincipios.com\/wp-content\/uploads\/2026\/09\/Balor-acompano-a-Kicillof-en-la-presentacion-del-Plan-de-prevencion-y-mitigacion-del-fenomeno-del-Super-Nino-1.jpg","datePublished":"2026-09-04T21:01:30+00:00","dateModified":"2026-09-04T21:01:31+00:00","breadcrumb":{"@id":"https:\/\/diarioprincipios.com\/index.php\/2026\/09\/04\/balor-acompano-a-kicillof-en-la-presentacion-del-plan-de-prevencion-y-mitigacion-del-fenomeno-del-super-nino\/#breadcrumb"},"inLanguage":"es","potentialAction":[{"@type":"ReadAction","target":["https:\/\/diarioprincipios.com\/index.php\/2026\/09\/04\/balor-acompano-a-kicillof-en-la-presentacion-del-plan-de-prevencion-y-mitigacion-del-fenomeno-del-super-nino\/"]}]},{"@type":"ImageObject","inLanguage":"es","@id":"https:\/\/diarioprincipios.com\/index.php\/2026\/09\/04\/balor-acompano-a-kicillof-en-la-presentacion-del-plan-de-prevencion-y-mitigacion-del-fenomeno-del-super-nino\/#primaryimage","url":"https:\/\/diarioprincipios.com\/wp-content\/uploads\/2026\/09\/Balor-acompano-a-Kicillof-en-la-presentacion-del-Plan-de-prevencion-y-mitigacion-del-fenomeno-del-Super-Nino-1.jpg","contentUrl":"https:\/\/diarioprincipios.com\/wp-content\/uploads\/2026\/09\/Balor-acompano-a-Kicillof-en-la-presentacion-del-Plan-de-prevencion-y-mitigacion-del-fenomeno-del-Super-Nino-1.jpg","width":1920,"height":1280},{"@type":"BreadcrumbList","@id":"https:\/\/diarioprincipios.com\/index.php\/2026\/09\/04\/balor-acompano-a-kicillof-en-la-presentacion-del-plan-de-prevencion-y-mitigacion-del-fenomeno-del-super-nino\/#breadcrumb","itemListElement":[{"@type":"ListItem","position":1,"name":"Portada","item":"https:\/\/diarioprincipios.com\/"},{"@type":"ListItem","position":2,"name":"Balor acompa\u00f1\u00f3 a Kicillof en la presentaci\u00f3n del Plan de prevenci\u00f3n y mitigaci\u00f3n del fen\u00f3meno del \u00abS\u00faper Ni\u00f1o\u00bb"}]},{"@type":"WebSite","@id":"https:\/\/diarioprincipios.com\/#website","url":"https:\/\/diarioprincipios.com\/","name":"Principios","description":"Principios Diario","publisher":{"@id":"https:\/\/diarioprincipios.com\/#organization"},"potentialAction":[{"@type":"SearchAction","target":{"@type":"EntryPoint","urlTemplate":"https:\/\/diarioprincipios.com\/?s={search_term_string}"},"query-input":{"@type":"PropertyValueSpecification","valueRequired":true,"valueName":"search_term_string"}}],"inLanguage":"es"},{"@type":"Organization","@id":"https:\/\/diarioprincipios.com\/#organization","name":"Principios","url":"https:\/\/diarioprincipios.com\/","logo":{"@type":"ImageObject","inLanguage":"es","@id":"https:\/\/diarioprincipios.com\/#\/schema\/logo\/image\/","url":"https:\/\/diarioprincipios.com\/wp-content\/uploads\/2026\/08\/cropped-LOGO-scaled-1.png","contentUrl":"https:\/\/diarioprincipios.com\/wp-content\/uploads\/2026\/08\/cropped-LOGO-scaled-1.png","width":2407,"height":594,"caption":"Principios"},"image":{"@id":"https:\/\/diarioprincipios.com\/#\/schema\/logo\/image\/"}},{"@type":"Person","@id":"https:\/\/diarioprincipios.com\/#\/schema\/person\/436d5a1fd41a5e250e23ff5a6a7cb080","name":"Hern\u00e1n L\u00f3pez","image":{"@type":"ImageObject","inLanguage":"es","@id":"https:\/\/diarioprincipios.com\/wp-content\/litespeed\/avatar\/11ddfe5610ff3bd100522525b2571f48.jpg?ver=1788540344","url":"https:\/\/diarioprincipios.com\/wp-content\/litespeed\/avatar\/11ddfe5610ff3bd100522525b2571f48.jpg?ver=1788540344","contentUrl":"https:\/\/diarioprincipios.com\/wp-content\/litespeed\/avatar\/11ddfe5610ff3bd100522525b2571f48.jpg?ver=1788540344","caption":"Hern\u00e1n L\u00f3pez"},"url":"https:\/\/diarioprincipios.com\/index.php\/author\/hernan\/"}]}},"jetpack_featured_media_url":"https:\/\/diarioprincipios.com\/wp-content\/uploads\/2026\/09\/Balor-acompano-a-Kicillof-en-la-presentacion-del-Plan-de-prevencion-y-mitigacion-del-fenomeno-del-Super-Nino-1.jpg","_links":{"self":[{"href":"https:\/\/diarioprincipios.com\/index.php\/wp-json\/wp\/v2\/posts\/28521","targetHints":{"allow":["GET"]}}],"collection":[{"href":"https:\/\/diarioprincipios.com\/index.php\/wp-json\/wp\/v2\/posts"}],"about":[{"href":"https:\/\/diarioprincipios.com\/index.php\/wp-json\/wp\/v2\/types\/post"}],"author":[{"embeddable":true,"href":"https:\/\/diarioprincipios.com\/index.php\/wp-json\/wp\/v2\/users\/2"}],"replies":[{"embeddable":true,"href":"https:\/\/diarioprincipios.com\/index.php\/wp-json\/wp\/v2\/comments?post=28521"}],"version-history":[{"count":1,"href":"https:\/\/diarioprincipios.com\/index.php\/wp-json\/wp\/v2\/posts\/28521\/revisions"}],"predecessor-version":[{"id":28524,"href":"https:\/\/diarioprincipios.com\/index.php\/wp-json\/wp\/v2\/posts\/28521\/revisions\/28524"}],"wp:featuredmedia":[{"embeddable":true,"href":"https:\/\/diarioprincipios.com\/index.php\/wp-json\/wp\/v2\/media\/28523"}],"wp:attachment":[{"href":"https:\/\/diarioprincipios.com\/index.php\/wp-json\/wp\/v2\/media?parent=28521"}],"wp:term":[{"taxonomy":"category","embeddable":true,"href":"https:\/\/diarioprincipios.com\/index.php\/wp-json\/wp\/v2\/categories?post=28521"},{"taxonomy":"post_tag","embeddable":true,"href":"https:\/\/diarioprincipios.com\/index.php\/wp-json\/wp\/v2\/tags?post=28521"}],"curies":[{"name":"wp","href":"https:\/\/api.w.org\/{rel}","templated":true}]}}