{"id":28510,"date":"2026-09-04T11:48:51","date_gmt":"2026-09-04T14:48:51","guid":{"rendered":"https:\/\/diarioprincipios.com\/?p=28510"},"modified":"2026-09-04T11:50:45","modified_gmt":"2026-09-04T14:50:45","slug":"carlos-balor-se-reunio-con-industriales-sanjuaninos-y-berazateguenses-en-el-parque-industrial-platanos","status":"publish","type":"post","link":"https:\/\/diarioprincipios.com\/index.php\/2026\/09\/04\/carlos-balor-se-reunio-con-industriales-sanjuaninos-y-berazateguenses-en-el-parque-industrial-platanos\/","title":{"rendered":"Carlos Balor se reuni\u00f3 con industriales sanjuaninos y berazateguenses en el Parque Industrial Pl\u00e1tanos"},"content":{"rendered":"\n<p class=\"wp-block-paragraph\">El intendente de Berazategui, Carlos Balor, mantuvo un encuentro con representantes de empresas y autoridades del sector productivo de la provincia de San Juan, en el Parque Industrial Pl\u00e1tanos. La reuni\u00f3n se desarroll\u00f3 junto al Cl\u00faster Energ\u00e9tico y Minero de Berazategui y tuvo como objetivo fortalecer los v\u00ednculos entre los sectores industriales, adem\u00e1s de generar nuevas oportunidades de cooperaci\u00f3n e intercambio.<\/p>\n\n\n\n<p class=\"wp-block-paragraph\">\u201cEn Berazategui acompa\u00f1amos a los industriales y les agradecemos. Espero que podamos hacer algo juntos, que se lleven una linda experiencia. Cuenten con nosotros para lo que necesiten, estamos siempre a disposici\u00f3n\u201d, expres\u00f3 Balor, dirigi\u00e9ndose al sector productivo de la provincia de San Juan.<\/p>\n\n\n\n<figure class=\"wp-block-image size-large\"><img loading=\"lazy\" decoding=\"async\" width=\"1024\" height=\"683\" src=\"https:\/\/diarioprincipios.com\/wp-content\/uploads\/2026\/09\/Carlos-Balor-se-reunio-con-industriales-sanjuaninos-y-berazateguenses-en-el-Parque-Industrial-Platanos-3-1024x683.jpg\" alt=\"\" class=\"wp-image-28511\" srcset=\"https:\/\/diarioprincipios.com\/wp-content\/uploads\/2026\/09\/Carlos-Balor-se-reunio-con-industriales-sanjuaninos-y-berazateguenses-en-el-Parque-Industrial-Platanos-3-1024x683.jpg 1024w, https:\/\/diarioprincipios.com\/wp-content\/uploads\/2026\/09\/Carlos-Balor-se-reunio-con-industriales-sanjuaninos-y-berazateguenses-en-el-Parque-Industrial-Platanos-3-300x200.jpg 300w, https:\/\/diarioprincipios.com\/wp-content\/uploads\/2026\/09\/Carlos-Balor-se-reunio-con-industriales-sanjuaninos-y-berazateguenses-en-el-Parque-Industrial-Platanos-3-768x512.jpg 768w, https:\/\/diarioprincipios.com\/wp-content\/uploads\/2026\/09\/Carlos-Balor-se-reunio-con-industriales-sanjuaninos-y-berazateguenses-en-el-Parque-Industrial-Platanos-3-1536x1024.jpg 1536w, https:\/\/diarioprincipios.com\/wp-content\/uploads\/2026\/09\/Carlos-Balor-se-reunio-con-industriales-sanjuaninos-y-berazateguenses-en-el-Parque-Industrial-Platanos-3-600x400.jpg 600w, https:\/\/diarioprincipios.com\/wp-content\/uploads\/2026\/09\/Carlos-Balor-se-reunio-con-industriales-sanjuaninos-y-berazateguenses-en-el-Parque-Industrial-Platanos-3.jpg 1920w\" sizes=\"auto, (max-width: 1024px) 100vw, 1024px\" \/><\/figure>\n\n\n\n<p class=\"wp-block-paragraph\">La delegaci\u00f3n sanjuanina estuvo encabezada por el secretario de Industria, Comercio y Servicios de San Juan, Alejandro Mart\u00edn; y el director de la Agencia de Inversiones de San Juan, Mart\u00edn Palisa. El encuentro tambi\u00e9n cont\u00f3 con la participaci\u00f3n del secretario de Trabajo municipal, Juan Manuel Parra; y del presidente de la Uni\u00f3n Industrial de Berazategui, Alejandro Bartalini; adem\u00e1s de representantes de empresas sanjuaninas y berazateguenses, quienes compartieron experiencias y analizaron posibilidades de articulaci\u00f3n entre ambos sectores productivos.<\/p>\n\n\n\n<p class=\"wp-block-paragraph\">En este sentido, el presidente de la Uni\u00f3n Industrial de Berazategui, Alejandro Bartalini, destac\u00f3: \u201cCon la Uni\u00f3n Industrial de San Juan hemos firmado un convenio de reciprocidad en cuanto a educaci\u00f3n y trabajo conjunto. Estamos muy contentos con esta visita, fue muy fruct\u00edfera y esperamos que se avance en todas las gestiones para que Berazategui y San Juan puedan trabajar juntos. El trabajo que hace el Municipio con los Parques Industriales en Berazategui es muy importante\u201d.<\/p>\n\n\n\n<figure class=\"wp-block-image size-large\"><img loading=\"lazy\" decoding=\"async\" width=\"1024\" height=\"683\" src=\"https:\/\/diarioprincipios.com\/wp-content\/uploads\/2026\/09\/Carlos-Balor-se-reunio-con-industriales-sanjuaninos-y-berazateguenses-en-el-Parque-Industrial-Platanos-2-1024x683.jpg\" alt=\"\" class=\"wp-image-28512\" srcset=\"https:\/\/diarioprincipios.com\/wp-content\/uploads\/2026\/09\/Carlos-Balor-se-reunio-con-industriales-sanjuaninos-y-berazateguenses-en-el-Parque-Industrial-Platanos-2-1024x683.jpg 1024w, https:\/\/diarioprincipios.com\/wp-content\/uploads\/2026\/09\/Carlos-Balor-se-reunio-con-industriales-sanjuaninos-y-berazateguenses-en-el-Parque-Industrial-Platanos-2-300x200.jpg 300w, https:\/\/diarioprincipios.com\/wp-content\/uploads\/2026\/09\/Carlos-Balor-se-reunio-con-industriales-sanjuaninos-y-berazateguenses-en-el-Parque-Industrial-Platanos-2-768x512.jpg 768w, https:\/\/diarioprincipios.com\/wp-content\/uploads\/2026\/09\/Carlos-Balor-se-reunio-con-industriales-sanjuaninos-y-berazateguenses-en-el-Parque-Industrial-Platanos-2-1536x1024.jpg 1536w, https:\/\/diarioprincipios.com\/wp-content\/uploads\/2026\/09\/Carlos-Balor-se-reunio-con-industriales-sanjuaninos-y-berazateguenses-en-el-Parque-Industrial-Platanos-2-600x400.jpg 600w, https:\/\/diarioprincipios.com\/wp-content\/uploads\/2026\/09\/Carlos-Balor-se-reunio-con-industriales-sanjuaninos-y-berazateguenses-en-el-Parque-Industrial-Platanos-2.jpg 1920w\" sizes=\"auto, (max-width: 1024px) 100vw, 1024px\" \/><\/figure>\n\n\n\n<p class=\"wp-block-paragraph\">La visita de la Comitiva sanjuanina surgi\u00f3 a partir del v\u00ednculo generado durante la participaci\u00f3n de empresas que integran el Cl\u00faster Energ\u00e9tico y Minero de Berazategui en la Expo Miner\u00eda, realizada en la provincia de San Juan. Actualmente, este Cl\u00faster local se encuentra conformado por 14 firmas de amplia trayectoria industrial, especializadas en la provisi\u00f3n de productos y servicios para los sectores de petr\u00f3leo, gas y miner\u00eda.<\/p>\n","protected":false},"excerpt":{"rendered":"<p>El intendente de Berazategui, Carlos Balor, mantuvo un encuentro con representantes de empresas y autoridades del sector productivo de la provincia de San Juan, en el Parque Industrial Pl\u00e1tanos. La reuni\u00f3n se desarroll\u00f3 junto al Cl\u00faster Energ\u00e9tico y Minero de Berazategui y tuvo como objetivo fortalecer los v\u00ednculos entre los sectores industriales, adem\u00e1s de generar&#8230;<\/p>\n","protected":false},"author":2,"featured_media":28513,"comment_status":"open","ping_status":"open","sticky":false,"template":"","format":"standard","meta":{"footnotes":""},"categories":[3],"tags":[],"class_list":["post-28510","post","type-post","status-publish","format-standard","has-post-thumbnail","hentry","category-berazategui"],"featured_image_src":"https:\/\/diarioprincipios.com\/wp-content\/uploads\/2026\/09\/Carlos-Balor-se-reunio-con-industriales-sanjuaninos-y-berazateguenses-en-el-Parque-Industrial-Platanos-1-1024x683.jpg","blog_images":{"medium":"https:\/\/diarioprincipios.com\/wp-content\/uploads\/2026\/09\/Carlos-Balor-se-reunio-con-industriales-sanjuaninos-y-berazateguenses-en-el-Parque-Industrial-Platanos-1-300x200.jpg","large":"https:\/\/diarioprincipios.com\/wp-content\/uploads\/2026\/09\/Carlos-Balor-se-reunio-con-industriales-sanjuaninos-y-berazateguenses-en-el-Parque-Industrial-Platanos-1-1024x683.jpg"},"ams_acf":[],"yoast_head":"<!-- This site is optimized with the Yoast SEO plugin v28.4 - https:\/\/yoast.com\/product\/yoast-seo-wordpress\/ -->\n<title>Carlos Balor se reuni\u00f3 con industriales sanjuaninos y berazateguenses en el Parque Industrial Pl\u00e1tanos - Principios<\/title>\n<meta name=\"robots\" content=\"index, follow, max-snippet:-1, max-image-preview:large, max-video-preview:-1\" \/>\n<link rel=\"canonical\" href=\"https:\/\/diarioprincipios.com\/index.php\/2026\/09\/04\/carlos-balor-se-reunio-con-industriales-sanjuaninos-y-berazateguenses-en-el-parque-industrial-platanos\/\" \/>\n<meta property=\"og:locale\" content=\"es_ES\" \/>\n<meta property=\"og:type\" content=\"article\" \/>\n<meta property=\"og:title\" content=\"Carlos Balor se reuni\u00f3 con industriales sanjuaninos y berazateguenses en el Parque Industrial Pl\u00e1tanos - Principios\" \/>\n<meta property=\"og:description\" content=\"El intendente de Berazategui, Carlos Balor, mantuvo un encuentro con representantes de empresas y autoridades del sector productivo de la provincia de San Juan, en el Parque Industrial Pl\u00e1tanos. La reuni\u00f3n se desarroll\u00f3 junto al Cl\u00faster Energ\u00e9tico y Minero de Berazategui y tuvo como objetivo fortalecer los v\u00ednculos entre los sectores industriales, adem\u00e1s de generar...\" \/>\n<meta property=\"og:url\" content=\"https:\/\/diarioprincipios.com\/index.php\/2026\/09\/04\/carlos-balor-se-reunio-con-industriales-sanjuaninos-y-berazateguenses-en-el-parque-industrial-platanos\/\" \/>\n<meta property=\"og:site_name\" content=\"Principios\" \/>\n<meta property=\"article:published_time\" content=\"2026-09-04T14:48:51+00:00\" \/>\n<meta property=\"article:modified_time\" content=\"2026-09-04T14:50:45+00:00\" \/>\n<meta property=\"og:image\" content=\"https:\/\/diarioprincipios.com\/wp-content\/uploads\/2026\/09\/Carlos-Balor-se-reunio-con-industriales-sanjuaninos-y-berazateguenses-en-el-Parque-Industrial-Platanos-1.jpg\" \/>\n\t<meta property=\"og:image:width\" content=\"1920\" \/>\n\t<meta property=\"og:image:height\" content=\"1280\" \/>\n\t<meta property=\"og:image:type\" content=\"image\/jpeg\" \/>\n<meta name=\"author\" content=\"Hern\u00e1n L\u00f3pez\" \/>\n<meta name=\"twitter:card\" content=\"summary_large_image\" \/>\n<meta name=\"twitter:label1\" content=\"Escrito por\" \/>\n\t<meta name=\"twitter:data1\" content=\"Hern\u00e1n L\u00f3pez\" \/>\n\t<meta name=\"twitter:label2\" content=\"Tiempo de lectura\" \/>\n\t<meta name=\"twitter:data2\" content=\"3 minutos\" \/>\n<script type=\"application\/ld+json\" class=\"yoast-schema-graph\">{\"@context\":\"https:\\\/\\\/schema.org\",\"@graph\":[{\"@type\":\"Article\",\"@id\":\"https:\\\/\\\/diarioprincipios.com\\\/index.php\\\/2026\\\/09\\\/04\\\/carlos-balor-se-reunio-con-industriales-sanjuaninos-y-berazateguenses-en-el-parque-industrial-platanos\\\/#article\",\"isPartOf\":{\"@id\":\"https:\\\/\\\/diarioprincipios.com\\\/index.php\\\/2026\\\/09\\\/04\\\/carlos-balor-se-reunio-con-industriales-sanjuaninos-y-berazateguenses-en-el-parque-industrial-platanos\\\/\"},\"author\":{\"name\":\"Hern\u00e1n L\u00f3pez\",\"@id\":\"https:\\\/\\\/diarioprincipios.com\\\/#\\\/schema\\\/person\\\/436d5a1fd41a5e250e23ff5a6a7cb080\"},\"headline\":\"Carlos Balor se reuni\u00f3 con industriales sanjuaninos y berazateguenses en el Parque Industrial Pl\u00e1tanos\",\"datePublished\":\"2026-09-04T14:48:51+00:00\",\"dateModified\":\"2026-09-04T14:50:45+00:00\",\"mainEntityOfPage\":{\"@id\":\"https:\\\/\\\/diarioprincipios.com\\\/index.php\\\/2026\\\/09\\\/04\\\/carlos-balor-se-reunio-con-industriales-sanjuaninos-y-berazateguenses-en-el-parque-industrial-platanos\\\/\"},\"wordCount\":370,\"commentCount\":0,\"publisher\":{\"@id\":\"https:\\\/\\\/diarioprincipios.com\\\/#organization\"},\"image\":{\"@id\":\"https:\\\/\\\/diarioprincipios.com\\\/index.php\\\/2026\\\/09\\\/04\\\/carlos-balor-se-reunio-con-industriales-sanjuaninos-y-berazateguenses-en-el-parque-industrial-platanos\\\/#primaryimage\"},\"thumbnailUrl\":\"https:\\\/\\\/diarioprincipios.com\\\/wp-content\\\/uploads\\\/2026\\\/09\\\/Carlos-Balor-se-reunio-con-industriales-sanjuaninos-y-berazateguenses-en-el-Parque-Industrial-Platanos-1.jpg\",\"articleSection\":[\"Berazategui\"],\"inLanguage\":\"es\",\"potentialAction\":[{\"@type\":\"CommentAction\",\"name\":\"Comment\",\"target\":[\"https:\\\/\\\/diarioprincipios.com\\\/index.php\\\/2026\\\/09\\\/04\\\/carlos-balor-se-reunio-con-industriales-sanjuaninos-y-berazateguenses-en-el-parque-industrial-platanos\\\/#respond\"]}]},{\"@type\":\"WebPage\",\"@id\":\"https:\\\/\\\/diarioprincipios.com\\\/index.php\\\/2026\\\/09\\\/04\\\/carlos-balor-se-reunio-con-industriales-sanjuaninos-y-berazateguenses-en-el-parque-industrial-platanos\\\/\",\"url\":\"https:\\\/\\\/diarioprincipios.com\\\/index.php\\\/2026\\\/09\\\/04\\\/carlos-balor-se-reunio-con-industriales-sanjuaninos-y-berazateguenses-en-el-parque-industrial-platanos\\\/\",\"name\":\"Carlos Balor se reuni\u00f3 con industriales sanjuaninos y berazateguenses en el Parque Industrial Pl\u00e1tanos - Principios\",\"isPartOf\":{\"@id\":\"https:\\\/\\\/diarioprincipios.com\\\/#website\"},\"primaryImageOfPage\":{\"@id\":\"https:\\\/\\\/diarioprincipios.com\\\/index.php\\\/2026\\\/09\\\/04\\\/carlos-balor-se-reunio-con-industriales-sanjuaninos-y-berazateguenses-en-el-parque-industrial-platanos\\\/#primaryimage\"},\"image\":{\"@id\":\"https:\\\/\\\/diarioprincipios.com\\\/index.php\\\/2026\\\/09\\\/04\\\/carlos-balor-se-reunio-con-industriales-sanjuaninos-y-berazateguenses-en-el-parque-industrial-platanos\\\/#primaryimage\"},\"thumbnailUrl\":\"https:\\\/\\\/diarioprincipios.com\\\/wp-content\\\/uploads\\\/2026\\\/09\\\/Carlos-Balor-se-reunio-con-industriales-sanjuaninos-y-berazateguenses-en-el-Parque-Industrial-Platanos-1.jpg\",\"datePublished\":\"2026-09-04T14:48:51+00:00\",\"dateModified\":\"2026-09-04T14:50:45+00:00\",\"breadcrumb\":{\"@id\":\"https:\\\/\\\/diarioprincipios.com\\\/index.php\\\/2026\\\/09\\\/04\\\/carlos-balor-se-reunio-con-industriales-sanjuaninos-y-berazateguenses-en-el-parque-industrial-platanos\\\/#breadcrumb\"},\"inLanguage\":\"es\",\"potentialAction\":[{\"@type\":\"ReadAction\",\"target\":[\"https:\\\/\\\/diarioprincipios.com\\\/index.php\\\/2026\\\/09\\\/04\\\/carlos-balor-se-reunio-con-industriales-sanjuaninos-y-berazateguenses-en-el-parque-industrial-platanos\\\/\"]}]},{\"@type\":\"ImageObject\",\"inLanguage\":\"es\",\"@id\":\"https:\\\/\\\/diarioprincipios.com\\\/index.php\\\/2026\\\/09\\\/04\\\/carlos-balor-se-reunio-con-industriales-sanjuaninos-y-berazateguenses-en-el-parque-industrial-platanos\\\/#primaryimage\",\"url\":\"https:\\\/\\\/diarioprincipios.com\\\/wp-content\\\/uploads\\\/2026\\\/09\\\/Carlos-Balor-se-reunio-con-industriales-sanjuaninos-y-berazateguenses-en-el-Parque-Industrial-Platanos-1.jpg\",\"contentUrl\":\"https:\\\/\\\/diarioprincipios.com\\\/wp-content\\\/uploads\\\/2026\\\/09\\\/Carlos-Balor-se-reunio-con-industriales-sanjuaninos-y-berazateguenses-en-el-Parque-Industrial-Platanos-1.jpg\",\"width\":1920,\"height\":1280},{\"@type\":\"BreadcrumbList\",\"@id\":\"https:\\\/\\\/diarioprincipios.com\\\/index.php\\\/2026\\\/09\\\/04\\\/carlos-balor-se-reunio-con-industriales-sanjuaninos-y-berazateguenses-en-el-parque-industrial-platanos\\\/#breadcrumb\",\"itemListElement\":[{\"@type\":\"ListItem\",\"position\":1,\"name\":\"Portada\",\"item\":\"https:\\\/\\\/diarioprincipios.com\\\/\"},{\"@type\":\"ListItem\",\"position\":2,\"name\":\"Carlos Balor se reuni\u00f3 con industriales sanjuaninos y berazateguenses en el Parque Industrial Pl\u00e1tanos\"}]},{\"@type\":\"WebSite\",\"@id\":\"https:\\\/\\\/diarioprincipios.com\\\/#website\",\"url\":\"https:\\\/\\\/diarioprincipios.com\\\/\",\"name\":\"Principios\",\"description\":\"Principios Diario\",\"publisher\":{\"@id\":\"https:\\\/\\\/diarioprincipios.com\\\/#organization\"},\"potentialAction\":[{\"@type\":\"SearchAction\",\"target\":{\"@type\":\"EntryPoint\",\"urlTemplate\":\"https:\\\/\\\/diarioprincipios.com\\\/?s={search_term_string}\"},\"query-input\":{\"@type\":\"PropertyValueSpecification\",\"valueRequired\":true,\"valueName\":\"search_term_string\"}}],\"inLanguage\":\"es\"},{\"@type\":\"Organization\",\"@id\":\"https:\\\/\\\/diarioprincipios.com\\\/#organization\",\"name\":\"Principios\",\"url\":\"https:\\\/\\\/diarioprincipios.com\\\/\",\"logo\":{\"@type\":\"ImageObject\",\"inLanguage\":\"es\",\"@id\":\"https:\\\/\\\/diarioprincipios.com\\\/#\\\/schema\\\/logo\\\/image\\\/\",\"url\":\"https:\\\/\\\/diarioprincipios.com\\\/wp-content\\\/uploads\\\/2026\\\/08\\\/cropped-LOGO-scaled-1.png\",\"contentUrl\":\"https:\\\/\\\/diarioprincipios.com\\\/wp-content\\\/uploads\\\/2026\\\/08\\\/cropped-LOGO-scaled-1.png\",\"width\":2407,\"height\":594,\"caption\":\"Principios\"},\"image\":{\"@id\":\"https:\\\/\\\/diarioprincipios.com\\\/#\\\/schema\\\/logo\\\/image\\\/\"}},{\"@type\":\"Person\",\"@id\":\"https:\\\/\\\/diarioprincipios.com\\\/#\\\/schema\\\/person\\\/436d5a1fd41a5e250e23ff5a6a7cb080\",\"name\":\"Hern\u00e1n L\u00f3pez\",\"image\":{\"@type\":\"ImageObject\",\"inLanguage\":\"es\",\"@id\":\"https:\\\/\\\/diarioprincipios.com\\\/wp-content\\\/litespeed\\\/avatar\\\/11ddfe5610ff3bd100522525b2571f48.jpg?ver=1788540344\",\"url\":\"https:\\\/\\\/diarioprincipios.com\\\/wp-content\\\/litespeed\\\/avatar\\\/11ddfe5610ff3bd100522525b2571f48.jpg?ver=1788540344\",\"contentUrl\":\"https:\\\/\\\/diarioprincipios.com\\\/wp-content\\\/litespeed\\\/avatar\\\/11ddfe5610ff3bd100522525b2571f48.jpg?ver=1788540344\",\"caption\":\"Hern\u00e1n L\u00f3pez\"},\"url\":\"https:\\\/\\\/diarioprincipios.com\\\/index.php\\\/author\\\/hernan\\\/\"}]}<\/script>\n<!-- \/ Yoast SEO plugin. -->","yoast_head_json":{"title":"Carlos Balor se reuni\u00f3 con industriales sanjuaninos y berazateguenses en el Parque Industrial Pl\u00e1tanos - Principios","robots":{"index":"index","follow":"follow","max-snippet":"max-snippet:-1","max-image-preview":"max-image-preview:large","max-video-preview":"max-video-preview:-1"},"canonical":"https:\/\/diarioprincipios.com\/index.php\/2026\/09\/04\/carlos-balor-se-reunio-con-industriales-sanjuaninos-y-berazateguenses-en-el-parque-industrial-platanos\/","og_locale":"es_ES","og_type":"article","og_title":"Carlos Balor se reuni\u00f3 con industriales sanjuaninos y berazateguenses en el Parque Industrial Pl\u00e1tanos - Principios","og_description":"El intendente de Berazategui, Carlos Balor, mantuvo un encuentro con representantes de empresas y autoridades del sector productivo de la provincia de San Juan, en el Parque Industrial Pl\u00e1tanos. La reuni\u00f3n se desarroll\u00f3 junto al Cl\u00faster Energ\u00e9tico y Minero de Berazategui y tuvo como objetivo fortalecer los v\u00ednculos entre los sectores industriales, adem\u00e1s de generar...","og_url":"https:\/\/diarioprincipios.com\/index.php\/2026\/09\/04\/carlos-balor-se-reunio-con-industriales-sanjuaninos-y-berazateguenses-en-el-parque-industrial-platanos\/","og_site_name":"Principios","article_published_time":"2026-09-04T14:48:51+00:00","article_modified_time":"2026-09-04T14:50:45+00:00","og_image":[{"width":1920,"height":1280,"url":"https:\/\/diarioprincipios.com\/wp-content\/uploads\/2026\/09\/Carlos-Balor-se-reunio-con-industriales-sanjuaninos-y-berazateguenses-en-el-Parque-Industrial-Platanos-1.jpg","type":"image\/jpeg"}],"author":"Hern\u00e1n L\u00f3pez","twitter_card":"summary_large_image","twitter_misc":{"Escrito por":"Hern\u00e1n L\u00f3pez","Tiempo de lectura":"3 minutos"},"schema":{"@context":"https:\/\/schema.org","@graph":[{"@type":"Article","@id":"https:\/\/diarioprincipios.com\/index.php\/2026\/09\/04\/carlos-balor-se-reunio-con-industriales-sanjuaninos-y-berazateguenses-en-el-parque-industrial-platanos\/#article","isPartOf":{"@id":"https:\/\/diarioprincipios.com\/index.php\/2026\/09\/04\/carlos-balor-se-reunio-con-industriales-sanjuaninos-y-berazateguenses-en-el-parque-industrial-platanos\/"},"author":{"name":"Hern\u00e1n L\u00f3pez","@id":"https:\/\/diarioprincipios.com\/#\/schema\/person\/436d5a1fd41a5e250e23ff5a6a7cb080"},"headline":"Carlos Balor se reuni\u00f3 con industriales sanjuaninos y berazateguenses en el Parque Industrial Pl\u00e1tanos","datePublished":"2026-09-04T14:48:51+00:00","dateModified":"2026-09-04T14:50:45+00:00","mainEntityOfPage":{"@id":"https:\/\/diarioprincipios.com\/index.php\/2026\/09\/04\/carlos-balor-se-reunio-con-industriales-sanjuaninos-y-berazateguenses-en-el-parque-industrial-platanos\/"},"wordCount":370,"commentCount":0,"publisher":{"@id":"https:\/\/diarioprincipios.com\/#organization"},"image":{"@id":"https:\/\/diarioprincipios.com\/index.php\/2026\/09\/04\/carlos-balor-se-reunio-con-industriales-sanjuaninos-y-berazateguenses-en-el-parque-industrial-platanos\/#primaryimage"},"thumbnailUrl":"https:\/\/diarioprincipios.com\/wp-content\/uploads\/2026\/09\/Carlos-Balor-se-reunio-con-industriales-sanjuaninos-y-berazateguenses-en-el-Parque-Industrial-Platanos-1.jpg","articleSection":["Berazategui"],"inLanguage":"es","potentialAction":[{"@type":"CommentAction","name":"Comment","target":["https:\/\/diarioprincipios.com\/index.php\/2026\/09\/04\/carlos-balor-se-reunio-con-industriales-sanjuaninos-y-berazateguenses-en-el-parque-industrial-platanos\/#respond"]}]},{"@type":"WebPage","@id":"https:\/\/diarioprincipios.com\/index.php\/2026\/09\/04\/carlos-balor-se-reunio-con-industriales-sanjuaninos-y-berazateguenses-en-el-parque-industrial-platanos\/","url":"https:\/\/diarioprincipios.com\/index.php\/2026\/09\/04\/carlos-balor-se-reunio-con-industriales-sanjuaninos-y-berazateguenses-en-el-parque-industrial-platanos\/","name":"Carlos Balor se reuni\u00f3 con industriales sanjuaninos y berazateguenses en el Parque Industrial Pl\u00e1tanos - Principios","isPartOf":{"@id":"https:\/\/diarioprincipios.com\/#website"},"primaryImageOfPage":{"@id":"https:\/\/diarioprincipios.com\/index.php\/2026\/09\/04\/carlos-balor-se-reunio-con-industriales-sanjuaninos-y-berazateguenses-en-el-parque-industrial-platanos\/#primaryimage"},"image":{"@id":"https:\/\/diarioprincipios.com\/index.php\/2026\/09\/04\/carlos-balor-se-reunio-con-industriales-sanjuaninos-y-berazateguenses-en-el-parque-industrial-platanos\/#primaryimage"},"thumbnailUrl":"https:\/\/diarioprincipios.com\/wp-content\/uploads\/2026\/09\/Carlos-Balor-se-reunio-con-industriales-sanjuaninos-y-berazateguenses-en-el-Parque-Industrial-Platanos-1.jpg","datePublished":"2026-09-04T14:48:51+00:00","dateModified":"2026-09-04T14:50:45+00:00","breadcrumb":{"@id":"https:\/\/diarioprincipios.com\/index.php\/2026\/09\/04\/carlos-balor-se-reunio-con-industriales-sanjuaninos-y-berazateguenses-en-el-parque-industrial-platanos\/#breadcrumb"},"inLanguage":"es","potentialAction":[{"@type":"ReadAction","target":["https:\/\/diarioprincipios.com\/index.php\/2026\/09\/04\/carlos-balor-se-reunio-con-industriales-sanjuaninos-y-berazateguenses-en-el-parque-industrial-platanos\/"]}]},{"@type":"ImageObject","inLanguage":"es","@id":"https:\/\/diarioprincipios.com\/index.php\/2026\/09\/04\/carlos-balor-se-reunio-con-industriales-sanjuaninos-y-berazateguenses-en-el-parque-industrial-platanos\/#primaryimage","url":"https:\/\/diarioprincipios.com\/wp-content\/uploads\/2026\/09\/Carlos-Balor-se-reunio-con-industriales-sanjuaninos-y-berazateguenses-en-el-Parque-Industrial-Platanos-1.jpg","contentUrl":"https:\/\/diarioprincipios.com\/wp-content\/uploads\/2026\/09\/Carlos-Balor-se-reunio-con-industriales-sanjuaninos-y-berazateguenses-en-el-Parque-Industrial-Platanos-1.jpg","width":1920,"height":1280},{"@type":"BreadcrumbList","@id":"https:\/\/diarioprincipios.com\/index.php\/2026\/09\/04\/carlos-balor-se-reunio-con-industriales-sanjuaninos-y-berazateguenses-en-el-parque-industrial-platanos\/#breadcrumb","itemListElement":[{"@type":"ListItem","position":1,"name":"Portada","item":"https:\/\/diarioprincipios.com\/"},{"@type":"ListItem","position":2,"name":"Carlos Balor se reuni\u00f3 con industriales sanjuaninos y berazateguenses en el Parque Industrial Pl\u00e1tanos"}]},{"@type":"WebSite","@id":"https:\/\/diarioprincipios.com\/#website","url":"https:\/\/diarioprincipios.com\/","name":"Principios","description":"Principios Diario","publisher":{"@id":"https:\/\/diarioprincipios.com\/#organization"},"potentialAction":[{"@type":"SearchAction","target":{"@type":"EntryPoint","urlTemplate":"https:\/\/diarioprincipios.com\/?s={search_term_string}"},"query-input":{"@type":"PropertyValueSpecification","valueRequired":true,"valueName":"search_term_string"}}],"inLanguage":"es"},{"@type":"Organization","@id":"https:\/\/diarioprincipios.com\/#organization","name":"Principios","url":"https:\/\/diarioprincipios.com\/","logo":{"@type":"ImageObject","inLanguage":"es","@id":"https:\/\/diarioprincipios.com\/#\/schema\/logo\/image\/","url":"https:\/\/diarioprincipios.com\/wp-content\/uploads\/2026\/08\/cropped-LOGO-scaled-1.png","contentUrl":"https:\/\/diarioprincipios.com\/wp-content\/uploads\/2026\/08\/cropped-LOGO-scaled-1.png","width":2407,"height":594,"caption":"Principios"},"image":{"@id":"https:\/\/diarioprincipios.com\/#\/schema\/logo\/image\/"}},{"@type":"Person","@id":"https:\/\/diarioprincipios.com\/#\/schema\/person\/436d5a1fd41a5e250e23ff5a6a7cb080","name":"Hern\u00e1n L\u00f3pez","image":{"@type":"ImageObject","inLanguage":"es","@id":"https:\/\/diarioprincipios.com\/wp-content\/litespeed\/avatar\/11ddfe5610ff3bd100522525b2571f48.jpg?ver=1788540344","url":"https:\/\/diarioprincipios.com\/wp-content\/litespeed\/avatar\/11ddfe5610ff3bd100522525b2571f48.jpg?ver=1788540344","contentUrl":"https:\/\/diarioprincipios.com\/wp-content\/litespeed\/avatar\/11ddfe5610ff3bd100522525b2571f48.jpg?ver=1788540344","caption":"Hern\u00e1n L\u00f3pez"},"url":"https:\/\/diarioprincipios.com\/index.php\/author\/hernan\/"}]}},"jetpack_featured_media_url":"https:\/\/diarioprincipios.com\/wp-content\/uploads\/2026\/09\/Carlos-Balor-se-reunio-con-industriales-sanjuaninos-y-berazateguenses-en-el-Parque-Industrial-Platanos-1.jpg","_links":{"self":[{"href":"https:\/\/diarioprincipios.com\/index.php\/wp-json\/wp\/v2\/posts\/28510","targetHints":{"allow":["GET"]}}],"collection":[{"href":"https:\/\/diarioprincipios.com\/index.php\/wp-json\/wp\/v2\/posts"}],"about":[{"href":"https:\/\/diarioprincipios.com\/index.php\/wp-json\/wp\/v2\/types\/post"}],"author":[{"embeddable":true,"href":"https:\/\/diarioprincipios.com\/index.php\/wp-json\/wp\/v2\/users\/2"}],"replies":[{"embeddable":true,"href":"https:\/\/diarioprincipios.com\/index.php\/wp-json\/wp\/v2\/comments?post=28510"}],"version-history":[{"count":1,"href":"https:\/\/diarioprincipios.com\/index.php\/wp-json\/wp\/v2\/posts\/28510\/revisions"}],"predecessor-version":[{"id":28514,"href":"https:\/\/diarioprincipios.com\/index.php\/wp-json\/wp\/v2\/posts\/28510\/revisions\/28514"}],"wp:featuredmedia":[{"embeddable":true,"href":"https:\/\/diarioprincipios.com\/index.php\/wp-json\/wp\/v2\/media\/28513"}],"wp:attachment":[{"href":"https:\/\/diarioprincipios.com\/index.php\/wp-json\/wp\/v2\/media?parent=28510"}],"wp:term":[{"taxonomy":"category","embeddable":true,"href":"https:\/\/diarioprincipios.com\/index.php\/wp-json\/wp\/v2\/categories?post=28510"},{"taxonomy":"post_tag","embeddable":true,"href":"https:\/\/diarioprincipios.com\/index.php\/wp-json\/wp\/v2\/tags?post=28510"}],"curies":[{"name":"wp","href":"https:\/\/api.w.org\/{rel}","templated":true}]}}