{"id":28505,"date":"2026-09-04T11:42:42","date_gmt":"2026-09-04T14:42:42","guid":{"rendered":"https:\/\/diarioprincipios.com\/?p=28505"},"modified":"2026-09-04T11:42:43","modified_gmt":"2026-09-04T14:42:43","slug":"nuevo-pavimento-en-el-barrio-agustin-ramirez","status":"publish","type":"post","link":"https:\/\/diarioprincipios.com\/index.php\/2026\/09\/04\/nuevo-pavimento-en-el-barrio-agustin-ramirez\/","title":{"rendered":"Nuevo pavimento en el barrio Agust\u00edn Ram\u00edrez"},"content":{"rendered":"\n<p class=\"wp-block-paragraph\">El intendente de Berazategui, Carlos Balor, encabez\u00f3 el acto de inauguraci\u00f3n de la obra de pavimentaci\u00f3n del pasaje ubicado en la calle 114 B y Av. Florencio Varela. La intervenci\u00f3n mejora la circulaci\u00f3n en la zona y la calidad de vida de los vecinos y vecinas del barrio Agust\u00edn Ram\u00edrez. En ese marco, all\u00ed tambi\u00e9n se celebr\u00f3 el D\u00eda de las Infancias.<\/p>\n\n\n\n<p class=\"wp-block-paragraph\">\u201cSeguimos realizando obras en los barrios de Berazategui. Les pido que nos acompa\u00f1en y que, unidos, continuemos trabajando por Agust\u00edn Ram\u00edrez\u201d, se\u00f1al\u00f3 Balor.<\/p>\n\n\n\n<figure class=\"wp-block-image size-large\"><img loading=\"lazy\" decoding=\"async\" width=\"1024\" height=\"683\" src=\"https:\/\/diarioprincipios.com\/wp-content\/uploads\/2026\/09\/FB_IMG_1788532781178-1024x683.jpg\" alt=\"\" class=\"wp-image-28506\" srcset=\"https:\/\/diarioprincipios.com\/wp-content\/uploads\/2026\/09\/FB_IMG_1788532781178-1024x683.jpg 1024w, https:\/\/diarioprincipios.com\/wp-content\/uploads\/2026\/09\/FB_IMG_1788532781178-300x200.jpg 300w, https:\/\/diarioprincipios.com\/wp-content\/uploads\/2026\/09\/FB_IMG_1788532781178-768x512.jpg 768w, https:\/\/diarioprincipios.com\/wp-content\/uploads\/2026\/09\/FB_IMG_1788532781178-600x400.jpg 600w, https:\/\/diarioprincipios.com\/wp-content\/uploads\/2026\/09\/FB_IMG_1788532781178.jpg 1080w\" sizes=\"auto, (max-width: 1024px) 100vw, 1024px\" \/><\/figure>\n\n\n\n<p class=\"wp-block-paragraph\">A su vez, Nancy Morales, vecina de esa zona, afirm\u00f3: \u201cEstamos m\u00e1s que agradecidos por todo lo que la Municipalidad hace por Agust\u00edn Ram\u00edrez. Esta obra la comenz\u00f3 Juan Jos\u00e9 Mussi y hoy la inaugur\u00f3 nuestro intendente Carlos Balor, quien siempre est\u00e1 con nosotros\u201d.<\/p>\n\n\n\n<p class=\"wp-block-paragraph\">Durante la jornada, adem\u00e1s, se inaugur\u00f3 un mural en homenaje a Juan Jos\u00e9 Mussi. Asimismo, se presentaron las Orquestas Escuelas de los barrios 1\u00b0 de Mayo y Primavera; y hubo juegos y actividades para los m\u00e1s chicos.<\/p>\n\n\n\n<p class=\"wp-block-paragraph\">Junto al Intendente estuvieron integrantes del Gabinete municipal.<\/p>\n","protected":false},"excerpt":{"rendered":"<p>El intendente de Berazategui, Carlos Balor, encabez\u00f3 el acto de inauguraci\u00f3n de la obra de pavimentaci\u00f3n del pasaje ubicado en la calle 114 B y Av. Florencio Varela. La intervenci\u00f3n mejora la circulaci\u00f3n en la zona y la calidad de vida de los vecinos y vecinas del barrio Agust\u00edn Ram\u00edrez. En ese marco, all\u00ed tambi\u00e9n&#8230;<\/p>\n","protected":false},"author":2,"featured_media":28508,"comment_status":"open","ping_status":"open","sticky":false,"template":"","format":"standard","meta":{"footnotes":""},"categories":[3],"tags":[],"class_list":["post-28505","post","type-post","status-publish","format-standard","has-post-thumbnail","hentry","category-berazategui"],"featured_image_src":"https:\/\/diarioprincipios.com\/wp-content\/uploads\/2026\/09\/FB_IMG_1788532777157-1024x683.jpg","blog_images":{"medium":"https:\/\/diarioprincipios.com\/wp-content\/uploads\/2026\/09\/FB_IMG_1788532777157-300x200.jpg","large":"https:\/\/diarioprincipios.com\/wp-content\/uploads\/2026\/09\/FB_IMG_1788532777157-1024x683.jpg"},"ams_acf":[],"yoast_head":"<!-- This site is optimized with the Yoast SEO plugin v28.4 - https:\/\/yoast.com\/product\/yoast-seo-wordpress\/ -->\n<title>Nuevo pavimento en el barrio Agust\u00edn Ram\u00edrez - Principios<\/title>\n<meta name=\"robots\" content=\"index, follow, max-snippet:-1, max-image-preview:large, max-video-preview:-1\" \/>\n<link rel=\"canonical\" href=\"https:\/\/diarioprincipios.com\/index.php\/2026\/09\/04\/nuevo-pavimento-en-el-barrio-agustin-ramirez\/\" \/>\n<meta property=\"og:locale\" content=\"es_ES\" \/>\n<meta property=\"og:type\" content=\"article\" \/>\n<meta property=\"og:title\" content=\"Nuevo pavimento en el barrio Agust\u00edn Ram\u00edrez - Principios\" \/>\n<meta property=\"og:description\" content=\"El intendente de Berazategui, Carlos Balor, encabez\u00f3 el acto de inauguraci\u00f3n de la obra de pavimentaci\u00f3n del pasaje ubicado en la calle 114 B y Av. Florencio Varela. La intervenci\u00f3n mejora la circulaci\u00f3n en la zona y la calidad de vida de los vecinos y vecinas del barrio Agust\u00edn Ram\u00edrez. En ese marco, all\u00ed tambi\u00e9n...\" \/>\n<meta property=\"og:url\" content=\"https:\/\/diarioprincipios.com\/index.php\/2026\/09\/04\/nuevo-pavimento-en-el-barrio-agustin-ramirez\/\" \/>\n<meta property=\"og:site_name\" content=\"Principios\" \/>\n<meta property=\"article:published_time\" content=\"2026-09-04T14:42:42+00:00\" \/>\n<meta property=\"article:modified_time\" content=\"2026-09-04T14:42:43+00:00\" \/>\n<meta property=\"og:image\" content=\"https:\/\/diarioprincipios.com\/wp-content\/uploads\/2026\/09\/FB_IMG_1788532777157.jpg\" \/>\n\t<meta property=\"og:image:width\" content=\"1080\" \/>\n\t<meta property=\"og:image:height\" content=\"720\" \/>\n\t<meta property=\"og:image:type\" content=\"image\/jpeg\" \/>\n<meta name=\"author\" content=\"Hern\u00e1n L\u00f3pez\" \/>\n<meta name=\"twitter:card\" content=\"summary_large_image\" \/>\n<meta name=\"twitter:label1\" content=\"Escrito por\" \/>\n\t<meta name=\"twitter:data1\" content=\"Hern\u00e1n L\u00f3pez\" \/>\n\t<meta name=\"twitter:label2\" content=\"Tiempo de lectura\" \/>\n\t<meta name=\"twitter:data2\" content=\"2 minutos\" \/>\n<script type=\"application\/ld+json\" class=\"yoast-schema-graph\">{\"@context\":\"https:\\\/\\\/schema.org\",\"@graph\":[{\"@type\":\"Article\",\"@id\":\"https:\\\/\\\/diarioprincipios.com\\\/index.php\\\/2026\\\/09\\\/04\\\/nuevo-pavimento-en-el-barrio-agustin-ramirez\\\/#article\",\"isPartOf\":{\"@id\":\"https:\\\/\\\/diarioprincipios.com\\\/index.php\\\/2026\\\/09\\\/04\\\/nuevo-pavimento-en-el-barrio-agustin-ramirez\\\/\"},\"author\":{\"name\":\"Hern\u00e1n L\u00f3pez\",\"@id\":\"https:\\\/\\\/diarioprincipios.com\\\/#\\\/schema\\\/person\\\/436d5a1fd41a5e250e23ff5a6a7cb080\"},\"headline\":\"Nuevo pavimento en el barrio Agust\u00edn Ram\u00edrez\",\"datePublished\":\"2026-09-04T14:42:42+00:00\",\"dateModified\":\"2026-09-04T14:42:43+00:00\",\"mainEntityOfPage\":{\"@id\":\"https:\\\/\\\/diarioprincipios.com\\\/index.php\\\/2026\\\/09\\\/04\\\/nuevo-pavimento-en-el-barrio-agustin-ramirez\\\/\"},\"wordCount\":198,\"commentCount\":0,\"publisher\":{\"@id\":\"https:\\\/\\\/diarioprincipios.com\\\/#organization\"},\"image\":{\"@id\":\"https:\\\/\\\/diarioprincipios.com\\\/index.php\\\/2026\\\/09\\\/04\\\/nuevo-pavimento-en-el-barrio-agustin-ramirez\\\/#primaryimage\"},\"thumbnailUrl\":\"https:\\\/\\\/diarioprincipios.com\\\/wp-content\\\/uploads\\\/2026\\\/09\\\/FB_IMG_1788532777157.jpg\",\"articleSection\":[\"Berazategui\"],\"inLanguage\":\"es\",\"potentialAction\":[{\"@type\":\"CommentAction\",\"name\":\"Comment\",\"target\":[\"https:\\\/\\\/diarioprincipios.com\\\/index.php\\\/2026\\\/09\\\/04\\\/nuevo-pavimento-en-el-barrio-agustin-ramirez\\\/#respond\"]}]},{\"@type\":\"WebPage\",\"@id\":\"https:\\\/\\\/diarioprincipios.com\\\/index.php\\\/2026\\\/09\\\/04\\\/nuevo-pavimento-en-el-barrio-agustin-ramirez\\\/\",\"url\":\"https:\\\/\\\/diarioprincipios.com\\\/index.php\\\/2026\\\/09\\\/04\\\/nuevo-pavimento-en-el-barrio-agustin-ramirez\\\/\",\"name\":\"Nuevo pavimento en el barrio Agust\u00edn Ram\u00edrez - Principios\",\"isPartOf\":{\"@id\":\"https:\\\/\\\/diarioprincipios.com\\\/#website\"},\"primaryImageOfPage\":{\"@id\":\"https:\\\/\\\/diarioprincipios.com\\\/index.php\\\/2026\\\/09\\\/04\\\/nuevo-pavimento-en-el-barrio-agustin-ramirez\\\/#primaryimage\"},\"image\":{\"@id\":\"https:\\\/\\\/diarioprincipios.com\\\/index.php\\\/2026\\\/09\\\/04\\\/nuevo-pavimento-en-el-barrio-agustin-ramirez\\\/#primaryimage\"},\"thumbnailUrl\":\"https:\\\/\\\/diarioprincipios.com\\\/wp-content\\\/uploads\\\/2026\\\/09\\\/FB_IMG_1788532777157.jpg\",\"datePublished\":\"2026-09-04T14:42:42+00:00\",\"dateModified\":\"2026-09-04T14:42:43+00:00\",\"breadcrumb\":{\"@id\":\"https:\\\/\\\/diarioprincipios.com\\\/index.php\\\/2026\\\/09\\\/04\\\/nuevo-pavimento-en-el-barrio-agustin-ramirez\\\/#breadcrumb\"},\"inLanguage\":\"es\",\"potentialAction\":[{\"@type\":\"ReadAction\",\"target\":[\"https:\\\/\\\/diarioprincipios.com\\\/index.php\\\/2026\\\/09\\\/04\\\/nuevo-pavimento-en-el-barrio-agustin-ramirez\\\/\"]}]},{\"@type\":\"ImageObject\",\"inLanguage\":\"es\",\"@id\":\"https:\\\/\\\/diarioprincipios.com\\\/index.php\\\/2026\\\/09\\\/04\\\/nuevo-pavimento-en-el-barrio-agustin-ramirez\\\/#primaryimage\",\"url\":\"https:\\\/\\\/diarioprincipios.com\\\/wp-content\\\/uploads\\\/2026\\\/09\\\/FB_IMG_1788532777157.jpg\",\"contentUrl\":\"https:\\\/\\\/diarioprincipios.com\\\/wp-content\\\/uploads\\\/2026\\\/09\\\/FB_IMG_1788532777157.jpg\",\"width\":1080,\"height\":720},{\"@type\":\"BreadcrumbList\",\"@id\":\"https:\\\/\\\/diarioprincipios.com\\\/index.php\\\/2026\\\/09\\\/04\\\/nuevo-pavimento-en-el-barrio-agustin-ramirez\\\/#breadcrumb\",\"itemListElement\":[{\"@type\":\"ListItem\",\"position\":1,\"name\":\"Portada\",\"item\":\"https:\\\/\\\/diarioprincipios.com\\\/\"},{\"@type\":\"ListItem\",\"position\":2,\"name\":\"Nuevo pavimento en el barrio Agust\u00edn Ram\u00edrez\"}]},{\"@type\":\"WebSite\",\"@id\":\"https:\\\/\\\/diarioprincipios.com\\\/#website\",\"url\":\"https:\\\/\\\/diarioprincipios.com\\\/\",\"name\":\"Principios\",\"description\":\"Principios Diario\",\"publisher\":{\"@id\":\"https:\\\/\\\/diarioprincipios.com\\\/#organization\"},\"potentialAction\":[{\"@type\":\"SearchAction\",\"target\":{\"@type\":\"EntryPoint\",\"urlTemplate\":\"https:\\\/\\\/diarioprincipios.com\\\/?s={search_term_string}\"},\"query-input\":{\"@type\":\"PropertyValueSpecification\",\"valueRequired\":true,\"valueName\":\"search_term_string\"}}],\"inLanguage\":\"es\"},{\"@type\":\"Organization\",\"@id\":\"https:\\\/\\\/diarioprincipios.com\\\/#organization\",\"name\":\"Principios\",\"url\":\"https:\\\/\\\/diarioprincipios.com\\\/\",\"logo\":{\"@type\":\"ImageObject\",\"inLanguage\":\"es\",\"@id\":\"https:\\\/\\\/diarioprincipios.com\\\/#\\\/schema\\\/logo\\\/image\\\/\",\"url\":\"https:\\\/\\\/diarioprincipios.com\\\/wp-content\\\/uploads\\\/2026\\\/08\\\/cropped-LOGO-scaled-1.png\",\"contentUrl\":\"https:\\\/\\\/diarioprincipios.com\\\/wp-content\\\/uploads\\\/2026\\\/08\\\/cropped-LOGO-scaled-1.png\",\"width\":2407,\"height\":594,\"caption\":\"Principios\"},\"image\":{\"@id\":\"https:\\\/\\\/diarioprincipios.com\\\/#\\\/schema\\\/logo\\\/image\\\/\"}},{\"@type\":\"Person\",\"@id\":\"https:\\\/\\\/diarioprincipios.com\\\/#\\\/schema\\\/person\\\/436d5a1fd41a5e250e23ff5a6a7cb080\",\"name\":\"Hern\u00e1n L\u00f3pez\",\"image\":{\"@type\":\"ImageObject\",\"inLanguage\":\"es\",\"@id\":\"https:\\\/\\\/diarioprincipios.com\\\/wp-content\\\/litespeed\\\/avatar\\\/11ddfe5610ff3bd100522525b2571f48.jpg?ver=1788540344\",\"url\":\"https:\\\/\\\/diarioprincipios.com\\\/wp-content\\\/litespeed\\\/avatar\\\/11ddfe5610ff3bd100522525b2571f48.jpg?ver=1788540344\",\"contentUrl\":\"https:\\\/\\\/diarioprincipios.com\\\/wp-content\\\/litespeed\\\/avatar\\\/11ddfe5610ff3bd100522525b2571f48.jpg?ver=1788540344\",\"caption\":\"Hern\u00e1n L\u00f3pez\"},\"url\":\"https:\\\/\\\/diarioprincipios.com\\\/index.php\\\/author\\\/hernan\\\/\"}]}<\/script>\n<!-- \/ Yoast SEO plugin. -->","yoast_head_json":{"title":"Nuevo pavimento en el barrio Agust\u00edn Ram\u00edrez - Principios","robots":{"index":"index","follow":"follow","max-snippet":"max-snippet:-1","max-image-preview":"max-image-preview:large","max-video-preview":"max-video-preview:-1"},"canonical":"https:\/\/diarioprincipios.com\/index.php\/2026\/09\/04\/nuevo-pavimento-en-el-barrio-agustin-ramirez\/","og_locale":"es_ES","og_type":"article","og_title":"Nuevo pavimento en el barrio Agust\u00edn Ram\u00edrez - Principios","og_description":"El intendente de Berazategui, Carlos Balor, encabez\u00f3 el acto de inauguraci\u00f3n de la obra de pavimentaci\u00f3n del pasaje ubicado en la calle 114 B y Av. Florencio Varela. La intervenci\u00f3n mejora la circulaci\u00f3n en la zona y la calidad de vida de los vecinos y vecinas del barrio Agust\u00edn Ram\u00edrez. En ese marco, all\u00ed tambi\u00e9n...","og_url":"https:\/\/diarioprincipios.com\/index.php\/2026\/09\/04\/nuevo-pavimento-en-el-barrio-agustin-ramirez\/","og_site_name":"Principios","article_published_time":"2026-09-04T14:42:42+00:00","article_modified_time":"2026-09-04T14:42:43+00:00","og_image":[{"width":1080,"height":720,"url":"https:\/\/diarioprincipios.com\/wp-content\/uploads\/2026\/09\/FB_IMG_1788532777157.jpg","type":"image\/jpeg"}],"author":"Hern\u00e1n L\u00f3pez","twitter_card":"summary_large_image","twitter_misc":{"Escrito por":"Hern\u00e1n L\u00f3pez","Tiempo de lectura":"2 minutos"},"schema":{"@context":"https:\/\/schema.org","@graph":[{"@type":"Article","@id":"https:\/\/diarioprincipios.com\/index.php\/2026\/09\/04\/nuevo-pavimento-en-el-barrio-agustin-ramirez\/#article","isPartOf":{"@id":"https:\/\/diarioprincipios.com\/index.php\/2026\/09\/04\/nuevo-pavimento-en-el-barrio-agustin-ramirez\/"},"author":{"name":"Hern\u00e1n L\u00f3pez","@id":"https:\/\/diarioprincipios.com\/#\/schema\/person\/436d5a1fd41a5e250e23ff5a6a7cb080"},"headline":"Nuevo pavimento en el barrio Agust\u00edn Ram\u00edrez","datePublished":"2026-09-04T14:42:42+00:00","dateModified":"2026-09-04T14:42:43+00:00","mainEntityOfPage":{"@id":"https:\/\/diarioprincipios.com\/index.php\/2026\/09\/04\/nuevo-pavimento-en-el-barrio-agustin-ramirez\/"},"wordCount":198,"commentCount":0,"publisher":{"@id":"https:\/\/diarioprincipios.com\/#organization"},"image":{"@id":"https:\/\/diarioprincipios.com\/index.php\/2026\/09\/04\/nuevo-pavimento-en-el-barrio-agustin-ramirez\/#primaryimage"},"thumbnailUrl":"https:\/\/diarioprincipios.com\/wp-content\/uploads\/2026\/09\/FB_IMG_1788532777157.jpg","articleSection":["Berazategui"],"inLanguage":"es","potentialAction":[{"@type":"CommentAction","name":"Comment","target":["https:\/\/diarioprincipios.com\/index.php\/2026\/09\/04\/nuevo-pavimento-en-el-barrio-agustin-ramirez\/#respond"]}]},{"@type":"WebPage","@id":"https:\/\/diarioprincipios.com\/index.php\/2026\/09\/04\/nuevo-pavimento-en-el-barrio-agustin-ramirez\/","url":"https:\/\/diarioprincipios.com\/index.php\/2026\/09\/04\/nuevo-pavimento-en-el-barrio-agustin-ramirez\/","name":"Nuevo pavimento en el barrio Agust\u00edn Ram\u00edrez - Principios","isPartOf":{"@id":"https:\/\/diarioprincipios.com\/#website"},"primaryImageOfPage":{"@id":"https:\/\/diarioprincipios.com\/index.php\/2026\/09\/04\/nuevo-pavimento-en-el-barrio-agustin-ramirez\/#primaryimage"},"image":{"@id":"https:\/\/diarioprincipios.com\/index.php\/2026\/09\/04\/nuevo-pavimento-en-el-barrio-agustin-ramirez\/#primaryimage"},"thumbnailUrl":"https:\/\/diarioprincipios.com\/wp-content\/uploads\/2026\/09\/FB_IMG_1788532777157.jpg","datePublished":"2026-09-04T14:42:42+00:00","dateModified":"2026-09-04T14:42:43+00:00","breadcrumb":{"@id":"https:\/\/diarioprincipios.com\/index.php\/2026\/09\/04\/nuevo-pavimento-en-el-barrio-agustin-ramirez\/#breadcrumb"},"inLanguage":"es","potentialAction":[{"@type":"ReadAction","target":["https:\/\/diarioprincipios.com\/index.php\/2026\/09\/04\/nuevo-pavimento-en-el-barrio-agustin-ramirez\/"]}]},{"@type":"ImageObject","inLanguage":"es","@id":"https:\/\/diarioprincipios.com\/index.php\/2026\/09\/04\/nuevo-pavimento-en-el-barrio-agustin-ramirez\/#primaryimage","url":"https:\/\/diarioprincipios.com\/wp-content\/uploads\/2026\/09\/FB_IMG_1788532777157.jpg","contentUrl":"https:\/\/diarioprincipios.com\/wp-content\/uploads\/2026\/09\/FB_IMG_1788532777157.jpg","width":1080,"height":720},{"@type":"BreadcrumbList","@id":"https:\/\/diarioprincipios.com\/index.php\/2026\/09\/04\/nuevo-pavimento-en-el-barrio-agustin-ramirez\/#breadcrumb","itemListElement":[{"@type":"ListItem","position":1,"name":"Portada","item":"https:\/\/diarioprincipios.com\/"},{"@type":"ListItem","position":2,"name":"Nuevo pavimento en el barrio Agust\u00edn Ram\u00edrez"}]},{"@type":"WebSite","@id":"https:\/\/diarioprincipios.com\/#website","url":"https:\/\/diarioprincipios.com\/","name":"Principios","description":"Principios Diario","publisher":{"@id":"https:\/\/diarioprincipios.com\/#organization"},"potentialAction":[{"@type":"SearchAction","target":{"@type":"EntryPoint","urlTemplate":"https:\/\/diarioprincipios.com\/?s={search_term_string}"},"query-input":{"@type":"PropertyValueSpecification","valueRequired":true,"valueName":"search_term_string"}}],"inLanguage":"es"},{"@type":"Organization","@id":"https:\/\/diarioprincipios.com\/#organization","name":"Principios","url":"https:\/\/diarioprincipios.com\/","logo":{"@type":"ImageObject","inLanguage":"es","@id":"https:\/\/diarioprincipios.com\/#\/schema\/logo\/image\/","url":"https:\/\/diarioprincipios.com\/wp-content\/uploads\/2026\/08\/cropped-LOGO-scaled-1.png","contentUrl":"https:\/\/diarioprincipios.com\/wp-content\/uploads\/2026\/08\/cropped-LOGO-scaled-1.png","width":2407,"height":594,"caption":"Principios"},"image":{"@id":"https:\/\/diarioprincipios.com\/#\/schema\/logo\/image\/"}},{"@type":"Person","@id":"https:\/\/diarioprincipios.com\/#\/schema\/person\/436d5a1fd41a5e250e23ff5a6a7cb080","name":"Hern\u00e1n L\u00f3pez","image":{"@type":"ImageObject","inLanguage":"es","@id":"https:\/\/diarioprincipios.com\/wp-content\/litespeed\/avatar\/11ddfe5610ff3bd100522525b2571f48.jpg?ver=1788540344","url":"https:\/\/diarioprincipios.com\/wp-content\/litespeed\/avatar\/11ddfe5610ff3bd100522525b2571f48.jpg?ver=1788540344","contentUrl":"https:\/\/diarioprincipios.com\/wp-content\/litespeed\/avatar\/11ddfe5610ff3bd100522525b2571f48.jpg?ver=1788540344","caption":"Hern\u00e1n L\u00f3pez"},"url":"https:\/\/diarioprincipios.com\/index.php\/author\/hernan\/"}]}},"jetpack_featured_media_url":"https:\/\/diarioprincipios.com\/wp-content\/uploads\/2026\/09\/FB_IMG_1788532777157.jpg","_links":{"self":[{"href":"https:\/\/diarioprincipios.com\/index.php\/wp-json\/wp\/v2\/posts\/28505","targetHints":{"allow":["GET"]}}],"collection":[{"href":"https:\/\/diarioprincipios.com\/index.php\/wp-json\/wp\/v2\/posts"}],"about":[{"href":"https:\/\/diarioprincipios.com\/index.php\/wp-json\/wp\/v2\/types\/post"}],"author":[{"embeddable":true,"href":"https:\/\/diarioprincipios.com\/index.php\/wp-json\/wp\/v2\/users\/2"}],"replies":[{"embeddable":true,"href":"https:\/\/diarioprincipios.com\/index.php\/wp-json\/wp\/v2\/comments?post=28505"}],"version-history":[{"count":1,"href":"https:\/\/diarioprincipios.com\/index.php\/wp-json\/wp\/v2\/posts\/28505\/revisions"}],"predecessor-version":[{"id":28509,"href":"https:\/\/diarioprincipios.com\/index.php\/wp-json\/wp\/v2\/posts\/28505\/revisions\/28509"}],"wp:featuredmedia":[{"embeddable":true,"href":"https:\/\/diarioprincipios.com\/index.php\/wp-json\/wp\/v2\/media\/28508"}],"wp:attachment":[{"href":"https:\/\/diarioprincipios.com\/index.php\/wp-json\/wp\/v2\/media?parent=28505"}],"wp:term":[{"taxonomy":"category","embeddable":true,"href":"https:\/\/diarioprincipios.com\/index.php\/wp-json\/wp\/v2\/categories?post=28505"},{"taxonomy":"post_tag","embeddable":true,"href":"https:\/\/diarioprincipios.com\/index.php\/wp-json\/wp\/v2\/tags?post=28505"}],"curies":[{"name":"wp","href":"https:\/\/api.w.org\/{rel}","templated":true}]}}