{"id":28497,"date":"2026-09-04T11:33:44","date_gmt":"2026-09-04T14:33:44","guid":{"rendered":"https:\/\/diarioprincipios.com\/?p=28497"},"modified":"2026-09-04T11:33:45","modified_gmt":"2026-09-04T14:33:45","slug":"65-anos-de-la-sociedad-de-fomento-islas-malvinas-argentinas","status":"publish","type":"post","link":"https:\/\/diarioprincipios.com\/index.php\/2026\/09\/04\/65-anos-de-la-sociedad-de-fomento-islas-malvinas-argentinas\/","title":{"rendered":"65 a\u00f1os de la Sociedad de Fomento Islas Malvinas Argentinas"},"content":{"rendered":"\n<p class=\"wp-block-paragraph\"><strong>La Sociedad de Fomento Islas Malvinas Argentinas celebr\u00f3 su 65\u00b0 aniversario y el intendente de Berazategui, Carlos Balor, comparti\u00f3 el festejo junto a vecinos y vecinas.<\/strong><\/p>\n\n\n\n<p class=\"wp-block-paragraph\">All\u00ed, Balor asegur\u00f3: \u201cQuiero felicitarlos y agradecerles el trabajo que hacen en la instituci\u00f3n. Nosotros, desde la Municipalidad, seguimos el camino que nos marc\u00f3 Juan Jos\u00e9 Mussi, que es estar cerca de los vecinos. Por eso, continuemos trabajando unidos por el barrio\u201d.<\/p>\n\n\n\n<figure class=\"wp-block-image size-large\"><img loading=\"lazy\" decoding=\"async\" width=\"1024\" height=\"683\" src=\"https:\/\/diarioprincipios.com\/wp-content\/uploads\/2026\/09\/Carlos-Balor-celebro-los-65-anos-de-la-Sociedad-de-Fomento-Islas-Malvinas-Argentinas-1-1024x683.jpg\" alt=\"\" class=\"wp-image-28498\" srcset=\"https:\/\/diarioprincipios.com\/wp-content\/uploads\/2026\/09\/Carlos-Balor-celebro-los-65-anos-de-la-Sociedad-de-Fomento-Islas-Malvinas-Argentinas-1-1024x683.jpg 1024w, https:\/\/diarioprincipios.com\/wp-content\/uploads\/2026\/09\/Carlos-Balor-celebro-los-65-anos-de-la-Sociedad-de-Fomento-Islas-Malvinas-Argentinas-1-300x200.jpg 300w, https:\/\/diarioprincipios.com\/wp-content\/uploads\/2026\/09\/Carlos-Balor-celebro-los-65-anos-de-la-Sociedad-de-Fomento-Islas-Malvinas-Argentinas-1-768x512.jpg 768w, https:\/\/diarioprincipios.com\/wp-content\/uploads\/2026\/09\/Carlos-Balor-celebro-los-65-anos-de-la-Sociedad-de-Fomento-Islas-Malvinas-Argentinas-1-1536x1024.jpg 1536w, https:\/\/diarioprincipios.com\/wp-content\/uploads\/2026\/09\/Carlos-Balor-celebro-los-65-anos-de-la-Sociedad-de-Fomento-Islas-Malvinas-Argentinas-1-600x400.jpg 600w, https:\/\/diarioprincipios.com\/wp-content\/uploads\/2026\/09\/Carlos-Balor-celebro-los-65-anos-de-la-Sociedad-de-Fomento-Islas-Malvinas-Argentinas-1.jpg 1920w\" sizes=\"auto, (max-width: 1024px) 100vw, 1024px\" \/><\/figure>\n\n\n\n<p class=\"wp-block-paragraph\">Por su parte, la presidenta de la Sociedad de Fomento, Paola Goitea, destac\u00f3: \u201cHace tres a\u00f1os que integro la Comisi\u00f3n Directiva. Primero, de la mano de Juan Jos\u00e9 Mussi hicimos muchas cosas; y hoy continuamos de esa manera con el intendente Carlos Balor\u201d.<br><br>Estuvieron presentes, adem\u00e1s, integrantes del Gabinete municipal.<\/p>\n","protected":false},"excerpt":{"rendered":"<p>La Sociedad de Fomento Islas Malvinas Argentinas celebr\u00f3 su 65\u00b0 aniversario y el intendente de Berazategui, Carlos Balor, comparti\u00f3 el festejo junto a vecinos y vecinas. All\u00ed, Balor asegur\u00f3: \u201cQuiero felicitarlos y agradecerles el trabajo que hacen en la instituci\u00f3n. Nosotros, desde la Municipalidad, seguimos el camino que nos marc\u00f3 Juan Jos\u00e9 Mussi, que es&#8230;<\/p>\n","protected":false},"author":2,"featured_media":28499,"comment_status":"open","ping_status":"open","sticky":false,"template":"","format":"standard","meta":{"footnotes":""},"categories":[3],"tags":[],"class_list":["post-28497","post","type-post","status-publish","format-standard","has-post-thumbnail","hentry","category-berazategui"],"featured_image_src":"https:\/\/diarioprincipios.com\/wp-content\/uploads\/2026\/09\/Carlos-Balor-celebro-los-65-anos-de-la-Sociedad-de-Fomento-Islas-Malvinas-Argentinas-2-1024x683.jpg","blog_images":{"medium":"https:\/\/diarioprincipios.com\/wp-content\/uploads\/2026\/09\/Carlos-Balor-celebro-los-65-anos-de-la-Sociedad-de-Fomento-Islas-Malvinas-Argentinas-2-300x200.jpg","large":"https:\/\/diarioprincipios.com\/wp-content\/uploads\/2026\/09\/Carlos-Balor-celebro-los-65-anos-de-la-Sociedad-de-Fomento-Islas-Malvinas-Argentinas-2-1024x683.jpg"},"ams_acf":[],"yoast_head":"<!-- This site is optimized with the Yoast SEO plugin v28.4 - https:\/\/yoast.com\/product\/yoast-seo-wordpress\/ -->\n<title>65 a\u00f1os de la Sociedad de Fomento Islas Malvinas Argentinas - Principios<\/title>\n<meta name=\"robots\" content=\"index, follow, max-snippet:-1, max-image-preview:large, max-video-preview:-1\" \/>\n<link rel=\"canonical\" href=\"https:\/\/diarioprincipios.com\/index.php\/2026\/09\/04\/65-anos-de-la-sociedad-de-fomento-islas-malvinas-argentinas\/\" \/>\n<meta property=\"og:locale\" content=\"es_ES\" \/>\n<meta property=\"og:type\" content=\"article\" \/>\n<meta property=\"og:title\" content=\"65 a\u00f1os de la Sociedad de Fomento Islas Malvinas Argentinas - Principios\" \/>\n<meta property=\"og:description\" content=\"La Sociedad de Fomento Islas Malvinas Argentinas celebr\u00f3 su 65\u00b0 aniversario y el intendente de Berazategui, Carlos Balor, comparti\u00f3 el festejo junto a vecinos y vecinas. All\u00ed, Balor asegur\u00f3: \u201cQuiero felicitarlos y agradecerles el trabajo que hacen en la instituci\u00f3n. Nosotros, desde la Municipalidad, seguimos el camino que nos marc\u00f3 Juan Jos\u00e9 Mussi, que es...\" \/>\n<meta property=\"og:url\" content=\"https:\/\/diarioprincipios.com\/index.php\/2026\/09\/04\/65-anos-de-la-sociedad-de-fomento-islas-malvinas-argentinas\/\" \/>\n<meta property=\"og:site_name\" content=\"Principios\" \/>\n<meta property=\"article:published_time\" content=\"2026-09-04T14:33:44+00:00\" \/>\n<meta property=\"article:modified_time\" content=\"2026-09-04T14:33:45+00:00\" \/>\n<meta property=\"og:image\" content=\"https:\/\/diarioprincipios.com\/wp-content\/uploads\/2026\/09\/Carlos-Balor-celebro-los-65-anos-de-la-Sociedad-de-Fomento-Islas-Malvinas-Argentinas-2.jpg\" \/>\n\t<meta property=\"og:image:width\" content=\"1920\" \/>\n\t<meta property=\"og:image:height\" content=\"1280\" \/>\n\t<meta property=\"og:image:type\" content=\"image\/jpeg\" \/>\n<meta name=\"author\" content=\"Hern\u00e1n L\u00f3pez\" \/>\n<meta name=\"twitter:card\" content=\"summary_large_image\" \/>\n<meta name=\"twitter:label1\" content=\"Escrito por\" \/>\n\t<meta name=\"twitter:data1\" content=\"Hern\u00e1n L\u00f3pez\" \/>\n\t<meta name=\"twitter:label2\" content=\"Tiempo de lectura\" \/>\n\t<meta name=\"twitter:data2\" content=\"1 minuto\" \/>\n<script type=\"application\/ld+json\" class=\"yoast-schema-graph\">{\"@context\":\"https:\\\/\\\/schema.org\",\"@graph\":[{\"@type\":\"Article\",\"@id\":\"https:\\\/\\\/diarioprincipios.com\\\/index.php\\\/2026\\\/09\\\/04\\\/65-anos-de-la-sociedad-de-fomento-islas-malvinas-argentinas\\\/#article\",\"isPartOf\":{\"@id\":\"https:\\\/\\\/diarioprincipios.com\\\/index.php\\\/2026\\\/09\\\/04\\\/65-anos-de-la-sociedad-de-fomento-islas-malvinas-argentinas\\\/\"},\"author\":{\"name\":\"Hern\u00e1n L\u00f3pez\",\"@id\":\"https:\\\/\\\/diarioprincipios.com\\\/#\\\/schema\\\/person\\\/436d5a1fd41a5e250e23ff5a6a7cb080\"},\"headline\":\"65 a\u00f1os de la Sociedad de Fomento Islas Malvinas Argentinas\",\"datePublished\":\"2026-09-04T14:33:44+00:00\",\"dateModified\":\"2026-09-04T14:33:45+00:00\",\"mainEntityOfPage\":{\"@id\":\"https:\\\/\\\/diarioprincipios.com\\\/index.php\\\/2026\\\/09\\\/04\\\/65-anos-de-la-sociedad-de-fomento-islas-malvinas-argentinas\\\/\"},\"wordCount\":131,\"commentCount\":0,\"publisher\":{\"@id\":\"https:\\\/\\\/diarioprincipios.com\\\/#organization\"},\"image\":{\"@id\":\"https:\\\/\\\/diarioprincipios.com\\\/index.php\\\/2026\\\/09\\\/04\\\/65-anos-de-la-sociedad-de-fomento-islas-malvinas-argentinas\\\/#primaryimage\"},\"thumbnailUrl\":\"https:\\\/\\\/diarioprincipios.com\\\/wp-content\\\/uploads\\\/2026\\\/09\\\/Carlos-Balor-celebro-los-65-anos-de-la-Sociedad-de-Fomento-Islas-Malvinas-Argentinas-2.jpg\",\"articleSection\":[\"Berazategui\"],\"inLanguage\":\"es\",\"potentialAction\":[{\"@type\":\"CommentAction\",\"name\":\"Comment\",\"target\":[\"https:\\\/\\\/diarioprincipios.com\\\/index.php\\\/2026\\\/09\\\/04\\\/65-anos-de-la-sociedad-de-fomento-islas-malvinas-argentinas\\\/#respond\"]}]},{\"@type\":\"WebPage\",\"@id\":\"https:\\\/\\\/diarioprincipios.com\\\/index.php\\\/2026\\\/09\\\/04\\\/65-anos-de-la-sociedad-de-fomento-islas-malvinas-argentinas\\\/\",\"url\":\"https:\\\/\\\/diarioprincipios.com\\\/index.php\\\/2026\\\/09\\\/04\\\/65-anos-de-la-sociedad-de-fomento-islas-malvinas-argentinas\\\/\",\"name\":\"65 a\u00f1os de la Sociedad de Fomento Islas Malvinas Argentinas - Principios\",\"isPartOf\":{\"@id\":\"https:\\\/\\\/diarioprincipios.com\\\/#website\"},\"primaryImageOfPage\":{\"@id\":\"https:\\\/\\\/diarioprincipios.com\\\/index.php\\\/2026\\\/09\\\/04\\\/65-anos-de-la-sociedad-de-fomento-islas-malvinas-argentinas\\\/#primaryimage\"},\"image\":{\"@id\":\"https:\\\/\\\/diarioprincipios.com\\\/index.php\\\/2026\\\/09\\\/04\\\/65-anos-de-la-sociedad-de-fomento-islas-malvinas-argentinas\\\/#primaryimage\"},\"thumbnailUrl\":\"https:\\\/\\\/diarioprincipios.com\\\/wp-content\\\/uploads\\\/2026\\\/09\\\/Carlos-Balor-celebro-los-65-anos-de-la-Sociedad-de-Fomento-Islas-Malvinas-Argentinas-2.jpg\",\"datePublished\":\"2026-09-04T14:33:44+00:00\",\"dateModified\":\"2026-09-04T14:33:45+00:00\",\"breadcrumb\":{\"@id\":\"https:\\\/\\\/diarioprincipios.com\\\/index.php\\\/2026\\\/09\\\/04\\\/65-anos-de-la-sociedad-de-fomento-islas-malvinas-argentinas\\\/#breadcrumb\"},\"inLanguage\":\"es\",\"potentialAction\":[{\"@type\":\"ReadAction\",\"target\":[\"https:\\\/\\\/diarioprincipios.com\\\/index.php\\\/2026\\\/09\\\/04\\\/65-anos-de-la-sociedad-de-fomento-islas-malvinas-argentinas\\\/\"]}]},{\"@type\":\"ImageObject\",\"inLanguage\":\"es\",\"@id\":\"https:\\\/\\\/diarioprincipios.com\\\/index.php\\\/2026\\\/09\\\/04\\\/65-anos-de-la-sociedad-de-fomento-islas-malvinas-argentinas\\\/#primaryimage\",\"url\":\"https:\\\/\\\/diarioprincipios.com\\\/wp-content\\\/uploads\\\/2026\\\/09\\\/Carlos-Balor-celebro-los-65-anos-de-la-Sociedad-de-Fomento-Islas-Malvinas-Argentinas-2.jpg\",\"contentUrl\":\"https:\\\/\\\/diarioprincipios.com\\\/wp-content\\\/uploads\\\/2026\\\/09\\\/Carlos-Balor-celebro-los-65-anos-de-la-Sociedad-de-Fomento-Islas-Malvinas-Argentinas-2.jpg\",\"width\":1920,\"height\":1280},{\"@type\":\"BreadcrumbList\",\"@id\":\"https:\\\/\\\/diarioprincipios.com\\\/index.php\\\/2026\\\/09\\\/04\\\/65-anos-de-la-sociedad-de-fomento-islas-malvinas-argentinas\\\/#breadcrumb\",\"itemListElement\":[{\"@type\":\"ListItem\",\"position\":1,\"name\":\"Portada\",\"item\":\"https:\\\/\\\/diarioprincipios.com\\\/\"},{\"@type\":\"ListItem\",\"position\":2,\"name\":\"65 a\u00f1os de la Sociedad de Fomento Islas Malvinas Argentinas\"}]},{\"@type\":\"WebSite\",\"@id\":\"https:\\\/\\\/diarioprincipios.com\\\/#website\",\"url\":\"https:\\\/\\\/diarioprincipios.com\\\/\",\"name\":\"Principios\",\"description\":\"Principios Diario\",\"publisher\":{\"@id\":\"https:\\\/\\\/diarioprincipios.com\\\/#organization\"},\"potentialAction\":[{\"@type\":\"SearchAction\",\"target\":{\"@type\":\"EntryPoint\",\"urlTemplate\":\"https:\\\/\\\/diarioprincipios.com\\\/?s={search_term_string}\"},\"query-input\":{\"@type\":\"PropertyValueSpecification\",\"valueRequired\":true,\"valueName\":\"search_term_string\"}}],\"inLanguage\":\"es\"},{\"@type\":\"Organization\",\"@id\":\"https:\\\/\\\/diarioprincipios.com\\\/#organization\",\"name\":\"Principios\",\"url\":\"https:\\\/\\\/diarioprincipios.com\\\/\",\"logo\":{\"@type\":\"ImageObject\",\"inLanguage\":\"es\",\"@id\":\"https:\\\/\\\/diarioprincipios.com\\\/#\\\/schema\\\/logo\\\/image\\\/\",\"url\":\"https:\\\/\\\/diarioprincipios.com\\\/wp-content\\\/uploads\\\/2026\\\/08\\\/cropped-LOGO-scaled-1.png\",\"contentUrl\":\"https:\\\/\\\/diarioprincipios.com\\\/wp-content\\\/uploads\\\/2026\\\/08\\\/cropped-LOGO-scaled-1.png\",\"width\":2407,\"height\":594,\"caption\":\"Principios\"},\"image\":{\"@id\":\"https:\\\/\\\/diarioprincipios.com\\\/#\\\/schema\\\/logo\\\/image\\\/\"}},{\"@type\":\"Person\",\"@id\":\"https:\\\/\\\/diarioprincipios.com\\\/#\\\/schema\\\/person\\\/436d5a1fd41a5e250e23ff5a6a7cb080\",\"name\":\"Hern\u00e1n L\u00f3pez\",\"image\":{\"@type\":\"ImageObject\",\"inLanguage\":\"es\",\"@id\":\"https:\\\/\\\/diarioprincipios.com\\\/wp-content\\\/litespeed\\\/avatar\\\/11ddfe5610ff3bd100522525b2571f48.jpg?ver=1787935507\",\"url\":\"https:\\\/\\\/diarioprincipios.com\\\/wp-content\\\/litespeed\\\/avatar\\\/11ddfe5610ff3bd100522525b2571f48.jpg?ver=1787935507\",\"contentUrl\":\"https:\\\/\\\/diarioprincipios.com\\\/wp-content\\\/litespeed\\\/avatar\\\/11ddfe5610ff3bd100522525b2571f48.jpg?ver=1787935507\",\"caption\":\"Hern\u00e1n L\u00f3pez\"},\"url\":\"https:\\\/\\\/diarioprincipios.com\\\/index.php\\\/author\\\/hernan\\\/\"}]}<\/script>\n<!-- \/ Yoast SEO plugin. -->","yoast_head_json":{"title":"65 a\u00f1os de la Sociedad de Fomento Islas Malvinas Argentinas - Principios","robots":{"index":"index","follow":"follow","max-snippet":"max-snippet:-1","max-image-preview":"max-image-preview:large","max-video-preview":"max-video-preview:-1"},"canonical":"https:\/\/diarioprincipios.com\/index.php\/2026\/09\/04\/65-anos-de-la-sociedad-de-fomento-islas-malvinas-argentinas\/","og_locale":"es_ES","og_type":"article","og_title":"65 a\u00f1os de la Sociedad de Fomento Islas Malvinas Argentinas - Principios","og_description":"La Sociedad de Fomento Islas Malvinas Argentinas celebr\u00f3 su 65\u00b0 aniversario y el intendente de Berazategui, Carlos Balor, comparti\u00f3 el festejo junto a vecinos y vecinas. All\u00ed, Balor asegur\u00f3: \u201cQuiero felicitarlos y agradecerles el trabajo que hacen en la instituci\u00f3n. Nosotros, desde la Municipalidad, seguimos el camino que nos marc\u00f3 Juan Jos\u00e9 Mussi, que es...","og_url":"https:\/\/diarioprincipios.com\/index.php\/2026\/09\/04\/65-anos-de-la-sociedad-de-fomento-islas-malvinas-argentinas\/","og_site_name":"Principios","article_published_time":"2026-09-04T14:33:44+00:00","article_modified_time":"2026-09-04T14:33:45+00:00","og_image":[{"width":1920,"height":1280,"url":"https:\/\/diarioprincipios.com\/wp-content\/uploads\/2026\/09\/Carlos-Balor-celebro-los-65-anos-de-la-Sociedad-de-Fomento-Islas-Malvinas-Argentinas-2.jpg","type":"image\/jpeg"}],"author":"Hern\u00e1n L\u00f3pez","twitter_card":"summary_large_image","twitter_misc":{"Escrito por":"Hern\u00e1n L\u00f3pez","Tiempo de lectura":"1 minuto"},"schema":{"@context":"https:\/\/schema.org","@graph":[{"@type":"Article","@id":"https:\/\/diarioprincipios.com\/index.php\/2026\/09\/04\/65-anos-de-la-sociedad-de-fomento-islas-malvinas-argentinas\/#article","isPartOf":{"@id":"https:\/\/diarioprincipios.com\/index.php\/2026\/09\/04\/65-anos-de-la-sociedad-de-fomento-islas-malvinas-argentinas\/"},"author":{"name":"Hern\u00e1n L\u00f3pez","@id":"https:\/\/diarioprincipios.com\/#\/schema\/person\/436d5a1fd41a5e250e23ff5a6a7cb080"},"headline":"65 a\u00f1os de la Sociedad de Fomento Islas Malvinas Argentinas","datePublished":"2026-09-04T14:33:44+00:00","dateModified":"2026-09-04T14:33:45+00:00","mainEntityOfPage":{"@id":"https:\/\/diarioprincipios.com\/index.php\/2026\/09\/04\/65-anos-de-la-sociedad-de-fomento-islas-malvinas-argentinas\/"},"wordCount":131,"commentCount":0,"publisher":{"@id":"https:\/\/diarioprincipios.com\/#organization"},"image":{"@id":"https:\/\/diarioprincipios.com\/index.php\/2026\/09\/04\/65-anos-de-la-sociedad-de-fomento-islas-malvinas-argentinas\/#primaryimage"},"thumbnailUrl":"https:\/\/diarioprincipios.com\/wp-content\/uploads\/2026\/09\/Carlos-Balor-celebro-los-65-anos-de-la-Sociedad-de-Fomento-Islas-Malvinas-Argentinas-2.jpg","articleSection":["Berazategui"],"inLanguage":"es","potentialAction":[{"@type":"CommentAction","name":"Comment","target":["https:\/\/diarioprincipios.com\/index.php\/2026\/09\/04\/65-anos-de-la-sociedad-de-fomento-islas-malvinas-argentinas\/#respond"]}]},{"@type":"WebPage","@id":"https:\/\/diarioprincipios.com\/index.php\/2026\/09\/04\/65-anos-de-la-sociedad-de-fomento-islas-malvinas-argentinas\/","url":"https:\/\/diarioprincipios.com\/index.php\/2026\/09\/04\/65-anos-de-la-sociedad-de-fomento-islas-malvinas-argentinas\/","name":"65 a\u00f1os de la Sociedad de Fomento Islas Malvinas Argentinas - Principios","isPartOf":{"@id":"https:\/\/diarioprincipios.com\/#website"},"primaryImageOfPage":{"@id":"https:\/\/diarioprincipios.com\/index.php\/2026\/09\/04\/65-anos-de-la-sociedad-de-fomento-islas-malvinas-argentinas\/#primaryimage"},"image":{"@id":"https:\/\/diarioprincipios.com\/index.php\/2026\/09\/04\/65-anos-de-la-sociedad-de-fomento-islas-malvinas-argentinas\/#primaryimage"},"thumbnailUrl":"https:\/\/diarioprincipios.com\/wp-content\/uploads\/2026\/09\/Carlos-Balor-celebro-los-65-anos-de-la-Sociedad-de-Fomento-Islas-Malvinas-Argentinas-2.jpg","datePublished":"2026-09-04T14:33:44+00:00","dateModified":"2026-09-04T14:33:45+00:00","breadcrumb":{"@id":"https:\/\/diarioprincipios.com\/index.php\/2026\/09\/04\/65-anos-de-la-sociedad-de-fomento-islas-malvinas-argentinas\/#breadcrumb"},"inLanguage":"es","potentialAction":[{"@type":"ReadAction","target":["https:\/\/diarioprincipios.com\/index.php\/2026\/09\/04\/65-anos-de-la-sociedad-de-fomento-islas-malvinas-argentinas\/"]}]},{"@type":"ImageObject","inLanguage":"es","@id":"https:\/\/diarioprincipios.com\/index.php\/2026\/09\/04\/65-anos-de-la-sociedad-de-fomento-islas-malvinas-argentinas\/#primaryimage","url":"https:\/\/diarioprincipios.com\/wp-content\/uploads\/2026\/09\/Carlos-Balor-celebro-los-65-anos-de-la-Sociedad-de-Fomento-Islas-Malvinas-Argentinas-2.jpg","contentUrl":"https:\/\/diarioprincipios.com\/wp-content\/uploads\/2026\/09\/Carlos-Balor-celebro-los-65-anos-de-la-Sociedad-de-Fomento-Islas-Malvinas-Argentinas-2.jpg","width":1920,"height":1280},{"@type":"BreadcrumbList","@id":"https:\/\/diarioprincipios.com\/index.php\/2026\/09\/04\/65-anos-de-la-sociedad-de-fomento-islas-malvinas-argentinas\/#breadcrumb","itemListElement":[{"@type":"ListItem","position":1,"name":"Portada","item":"https:\/\/diarioprincipios.com\/"},{"@type":"ListItem","position":2,"name":"65 a\u00f1os de la Sociedad de Fomento Islas Malvinas Argentinas"}]},{"@type":"WebSite","@id":"https:\/\/diarioprincipios.com\/#website","url":"https:\/\/diarioprincipios.com\/","name":"Principios","description":"Principios Diario","publisher":{"@id":"https:\/\/diarioprincipios.com\/#organization"},"potentialAction":[{"@type":"SearchAction","target":{"@type":"EntryPoint","urlTemplate":"https:\/\/diarioprincipios.com\/?s={search_term_string}"},"query-input":{"@type":"PropertyValueSpecification","valueRequired":true,"valueName":"search_term_string"}}],"inLanguage":"es"},{"@type":"Organization","@id":"https:\/\/diarioprincipios.com\/#organization","name":"Principios","url":"https:\/\/diarioprincipios.com\/","logo":{"@type":"ImageObject","inLanguage":"es","@id":"https:\/\/diarioprincipios.com\/#\/schema\/logo\/image\/","url":"https:\/\/diarioprincipios.com\/wp-content\/uploads\/2026\/08\/cropped-LOGO-scaled-1.png","contentUrl":"https:\/\/diarioprincipios.com\/wp-content\/uploads\/2026\/08\/cropped-LOGO-scaled-1.png","width":2407,"height":594,"caption":"Principios"},"image":{"@id":"https:\/\/diarioprincipios.com\/#\/schema\/logo\/image\/"}},{"@type":"Person","@id":"https:\/\/diarioprincipios.com\/#\/schema\/person\/436d5a1fd41a5e250e23ff5a6a7cb080","name":"Hern\u00e1n L\u00f3pez","image":{"@type":"ImageObject","inLanguage":"es","@id":"https:\/\/diarioprincipios.com\/wp-content\/litespeed\/avatar\/11ddfe5610ff3bd100522525b2571f48.jpg?ver=1787935507","url":"https:\/\/diarioprincipios.com\/wp-content\/litespeed\/avatar\/11ddfe5610ff3bd100522525b2571f48.jpg?ver=1787935507","contentUrl":"https:\/\/diarioprincipios.com\/wp-content\/litespeed\/avatar\/11ddfe5610ff3bd100522525b2571f48.jpg?ver=1787935507","caption":"Hern\u00e1n L\u00f3pez"},"url":"https:\/\/diarioprincipios.com\/index.php\/author\/hernan\/"}]}},"jetpack_featured_media_url":"https:\/\/diarioprincipios.com\/wp-content\/uploads\/2026\/09\/Carlos-Balor-celebro-los-65-anos-de-la-Sociedad-de-Fomento-Islas-Malvinas-Argentinas-2.jpg","_links":{"self":[{"href":"https:\/\/diarioprincipios.com\/index.php\/wp-json\/wp\/v2\/posts\/28497","targetHints":{"allow":["GET"]}}],"collection":[{"href":"https:\/\/diarioprincipios.com\/index.php\/wp-json\/wp\/v2\/posts"}],"about":[{"href":"https:\/\/diarioprincipios.com\/index.php\/wp-json\/wp\/v2\/types\/post"}],"author":[{"embeddable":true,"href":"https:\/\/diarioprincipios.com\/index.php\/wp-json\/wp\/v2\/users\/2"}],"replies":[{"embeddable":true,"href":"https:\/\/diarioprincipios.com\/index.php\/wp-json\/wp\/v2\/comments?post=28497"}],"version-history":[{"count":1,"href":"https:\/\/diarioprincipios.com\/index.php\/wp-json\/wp\/v2\/posts\/28497\/revisions"}],"predecessor-version":[{"id":28500,"href":"https:\/\/diarioprincipios.com\/index.php\/wp-json\/wp\/v2\/posts\/28497\/revisions\/28500"}],"wp:featuredmedia":[{"embeddable":true,"href":"https:\/\/diarioprincipios.com\/index.php\/wp-json\/wp\/v2\/media\/28499"}],"wp:attachment":[{"href":"https:\/\/diarioprincipios.com\/index.php\/wp-json\/wp\/v2\/media?parent=28497"}],"wp:term":[{"taxonomy":"category","embeddable":true,"href":"https:\/\/diarioprincipios.com\/index.php\/wp-json\/wp\/v2\/categories?post=28497"},{"taxonomy":"post_tag","embeddable":true,"href":"https:\/\/diarioprincipios.com\/index.php\/wp-json\/wp\/v2\/tags?post=28497"}],"curies":[{"name":"wp","href":"https:\/\/api.w.org\/{rel}","templated":true}]}}