{"id":28490,"date":"2026-09-03T21:52:20","date_gmt":"2026-09-04T00:52:20","guid":{"rendered":"https:\/\/diarioprincipios.com\/?p=28490"},"modified":"2026-09-03T21:52:20","modified_gmt":"2026-09-04T00:52:20","slug":"carlos-balor-estuvo-en-el-arranque-del-bera-rock-2026","status":"publish","type":"post","link":"https:\/\/diarioprincipios.com\/index.php\/2026\/09\/03\/carlos-balor-estuvo-en-el-arranque-del-bera-rock-2026\/","title":{"rendered":"Carlos Balor estuvo en el arranque del Bera Rock 2026"},"content":{"rendered":"\n<p class=\"wp-block-paragraph\">El intendente Carlos Balor estuvo presente en el inicio del Bera Rock 2026, el emblem\u00e1tico festival de bandas organizado por la Municipalidad de Berazategui. La nueva edici\u00f3n tendr\u00e1 lugar hasta el domingo 6 de septiembre, en el Centro Municipal de Actividades Roberto De Vicenzo (Calle 148 y 18). La entrada es gratuita y por orden de llegada, sujeta a la capacidad del lugar.<\/p>\n\n\n\n<p class=\"wp-block-paragraph\">\u201cArranc\u00f3 el Bera Rock y pudimos disfrutar del talento de las Escuelas que participan del bloque \u00b4Rock en Construcci\u00f3n\u00b4. Despu\u00e9s de tres a\u00f1os, tomamos la decisi\u00f3n de recuperar uno de los eventos m\u00e1s esperados por los vecinos de Berazategui \u00a1y pudimos hacerlo realidad! Estuvimos en la primera fecha y charlamos con los estudiantes de las Escuelas Distritales orientadas en M\u00fasica\u201d, expres\u00f3 Balor. Y destac\u00f3: \u201cMe llena de orgullo que podamos volver a disfrutar de un festival de esta magnitud con m\u00e1s de 90 bandas locales y grandes artistas, como CTM Claudio Tano Marciello, Eruca Sativa y Los Tipitos\u201d.<\/p>\n\n\n\n<figure class=\"wp-block-image size-large\"><img loading=\"lazy\" decoding=\"async\" width=\"1024\" height=\"682\" src=\"https:\/\/diarioprincipios.com\/wp-content\/uploads\/2026\/09\/Carlos-Balor-estuvo-en-el-arranque-del-Bera-Rock-2026-1-1024x682.jpg\" alt=\"\" class=\"wp-image-28491\" srcset=\"https:\/\/diarioprincipios.com\/wp-content\/uploads\/2026\/09\/Carlos-Balor-estuvo-en-el-arranque-del-Bera-Rock-2026-1-1024x682.jpg 1024w, https:\/\/diarioprincipios.com\/wp-content\/uploads\/2026\/09\/Carlos-Balor-estuvo-en-el-arranque-del-Bera-Rock-2026-1-300x200.jpg 300w, https:\/\/diarioprincipios.com\/wp-content\/uploads\/2026\/09\/Carlos-Balor-estuvo-en-el-arranque-del-Bera-Rock-2026-1-768x512.jpg 768w, https:\/\/diarioprincipios.com\/wp-content\/uploads\/2026\/09\/Carlos-Balor-estuvo-en-el-arranque-del-Bera-Rock-2026-1-1536x1023.jpg 1536w, https:\/\/diarioprincipios.com\/wp-content\/uploads\/2026\/09\/Carlos-Balor-estuvo-en-el-arranque-del-Bera-Rock-2026-1-820x545.jpg 820w, https:\/\/diarioprincipios.com\/wp-content\/uploads\/2026\/09\/Carlos-Balor-estuvo-en-el-arranque-del-Bera-Rock-2026-1-600x400.jpg 600w, https:\/\/diarioprincipios.com\/wp-content\/uploads\/2026\/09\/Carlos-Balor-estuvo-en-el-arranque-del-Bera-Rock-2026-1.jpg 1600w\" sizes=\"auto, (max-width: 1024px) 100vw, 1024px\" \/><\/figure>\n\n\n\n<p class=\"wp-block-paragraph\">Durante cuatro jornadas, el p\u00fablico podr\u00e1 disfrutar de m\u00e1s de 90 bandas y artistas, con propuestas que recorren distintos estilos vinculados al rock. Todos los d\u00edas se presentar\u00e1n bandas locales, y los shows principales estar\u00e1n a cargo de CTM Claudio Tano Marciello (el jueves 3), Eruca Sativa (viernes 4) y Los Tipitos (domingo 6). En tanto, el s\u00e1bado estar\u00e1 destinado \u00edntegramente a grupos del distrito.<\/p>\n\n\n\n<p class=\"wp-block-paragraph\">El Bera Rock es organizado por la Secretar\u00eda de Cultura y Educaci\u00f3n municipal y se consolid\u00f3 como uno de los festivales musicales emblem\u00e1ticos de la zona sur del Conurbano. Desde su primera edici\u00f3n en 2009, impulsada por el Dr. Juan Jos\u00e9 Mussi, el evento se caracteriza por brindar un espacio a artistas locales y escuelas berazateguenses, acompa\u00f1ados por reconocidos referentes del rock nacional.<\/p>\n\n\n\n<figure class=\"wp-block-image size-large\"><img loading=\"lazy\" decoding=\"async\" width=\"1024\" height=\"682\" src=\"https:\/\/diarioprincipios.com\/wp-content\/uploads\/2026\/09\/Carlos-Balor-estuvo-en-el-arranque-del-Bera-Rock-2026-4-1024x682.jpg\" alt=\"\" class=\"wp-image-28492\" srcset=\"https:\/\/diarioprincipios.com\/wp-content\/uploads\/2026\/09\/Carlos-Balor-estuvo-en-el-arranque-del-Bera-Rock-2026-4-1024x682.jpg 1024w, https:\/\/diarioprincipios.com\/wp-content\/uploads\/2026\/09\/Carlos-Balor-estuvo-en-el-arranque-del-Bera-Rock-2026-4-300x200.jpg 300w, https:\/\/diarioprincipios.com\/wp-content\/uploads\/2026\/09\/Carlos-Balor-estuvo-en-el-arranque-del-Bera-Rock-2026-4-768x512.jpg 768w, https:\/\/diarioprincipios.com\/wp-content\/uploads\/2026\/09\/Carlos-Balor-estuvo-en-el-arranque-del-Bera-Rock-2026-4-1536x1023.jpg 1536w, https:\/\/diarioprincipios.com\/wp-content\/uploads\/2026\/09\/Carlos-Balor-estuvo-en-el-arranque-del-Bera-Rock-2026-4-820x545.jpg 820w, https:\/\/diarioprincipios.com\/wp-content\/uploads\/2026\/09\/Carlos-Balor-estuvo-en-el-arranque-del-Bera-Rock-2026-4-600x400.jpg 600w, https:\/\/diarioprincipios.com\/wp-content\/uploads\/2026\/09\/Carlos-Balor-estuvo-en-el-arranque-del-Bera-Rock-2026-4.jpg 1600w\" sizes=\"auto, (max-width: 1024px) 100vw, 1024px\" \/><\/figure>\n\n\n\n<p class=\"wp-block-paragraph\">A lo largo de sus cuatro jornadas, el festival ofrecer\u00e1 recitales desde las 14.00 con bandas tributo, la Orquesta Escuela Municipal y artistas de distintos g\u00e9neros, adem\u00e1s de un sector gastron\u00f3mico. Como en cada edici\u00f3n, el Centro Municipal de Actividades Roberto De Vicenzo ser\u00e1 un espacio libre de alcohol y humo, pensado para que personas de todas las edades puedan disfrutar de la m\u00fasica en un entorno seguro y familiar.<\/p>\n","protected":false},"excerpt":{"rendered":"<p>El intendente Carlos Balor estuvo presente en el inicio del Bera Rock 2026, el emblem\u00e1tico festival de bandas organizado por la Municipalidad de Berazategui. La nueva edici\u00f3n tendr\u00e1 lugar hasta el domingo 6 de septiembre, en el Centro Municipal de Actividades Roberto De Vicenzo (Calle 148 y 18). La entrada es gratuita y por orden&#8230;<\/p>\n","protected":false},"author":2,"featured_media":28493,"comment_status":"open","ping_status":"open","sticky":false,"template":"","format":"standard","meta":{"footnotes":""},"categories":[3],"tags":[],"class_list":["post-28490","post","type-post","status-publish","format-standard","has-post-thumbnail","hentry","category-berazategui"],"featured_image_src":"https:\/\/diarioprincipios.com\/wp-content\/uploads\/2026\/09\/Carlos-Balor-estuvo-en-el-arranque-del-Bera-Rock-2026-3-1024x682.jpg","blog_images":{"medium":"https:\/\/diarioprincipios.com\/wp-content\/uploads\/2026\/09\/Carlos-Balor-estuvo-en-el-arranque-del-Bera-Rock-2026-3-300x200.jpg","large":"https:\/\/diarioprincipios.com\/wp-content\/uploads\/2026\/09\/Carlos-Balor-estuvo-en-el-arranque-del-Bera-Rock-2026-3-1024x682.jpg"},"ams_acf":[],"yoast_head":"<!-- This site is optimized with the Yoast SEO plugin v28.4 - https:\/\/yoast.com\/product\/yoast-seo-wordpress\/ -->\n<title>Carlos Balor estuvo en el arranque del Bera Rock 2026 - Principios<\/title>\n<meta name=\"robots\" content=\"index, follow, max-snippet:-1, max-image-preview:large, max-video-preview:-1\" \/>\n<link rel=\"canonical\" href=\"https:\/\/diarioprincipios.com\/index.php\/2026\/09\/03\/carlos-balor-estuvo-en-el-arranque-del-bera-rock-2026\/\" \/>\n<meta property=\"og:locale\" content=\"es_ES\" \/>\n<meta property=\"og:type\" content=\"article\" \/>\n<meta property=\"og:title\" content=\"Carlos Balor estuvo en el arranque del Bera Rock 2026 - Principios\" \/>\n<meta property=\"og:description\" content=\"El intendente Carlos Balor estuvo presente en el inicio del Bera Rock 2026, el emblem\u00e1tico festival de bandas organizado por la Municipalidad de Berazategui. La nueva edici\u00f3n tendr\u00e1 lugar hasta el domingo 6 de septiembre, en el Centro Municipal de Actividades Roberto De Vicenzo (Calle 148 y 18). La entrada es gratuita y por orden...\" \/>\n<meta property=\"og:url\" content=\"https:\/\/diarioprincipios.com\/index.php\/2026\/09\/03\/carlos-balor-estuvo-en-el-arranque-del-bera-rock-2026\/\" \/>\n<meta property=\"og:site_name\" content=\"Principios\" \/>\n<meta property=\"article:published_time\" content=\"2026-09-04T00:52:20+00:00\" \/>\n<meta property=\"og:image\" content=\"https:\/\/diarioprincipios.com\/wp-content\/uploads\/2026\/09\/Carlos-Balor-estuvo-en-el-arranque-del-Bera-Rock-2026-3.jpg\" \/>\n\t<meta property=\"og:image:width\" content=\"1600\" \/>\n\t<meta property=\"og:image:height\" content=\"1066\" \/>\n\t<meta property=\"og:image:type\" content=\"image\/jpeg\" \/>\n<meta name=\"author\" content=\"Hern\u00e1n L\u00f3pez\" \/>\n<meta name=\"twitter:card\" content=\"summary_large_image\" \/>\n<meta name=\"twitter:label1\" content=\"Escrito por\" \/>\n\t<meta name=\"twitter:data1\" content=\"Hern\u00e1n L\u00f3pez\" \/>\n\t<meta name=\"twitter:label2\" content=\"Tiempo de lectura\" \/>\n\t<meta name=\"twitter:data2\" content=\"3 minutos\" \/>\n<script type=\"application\/ld+json\" class=\"yoast-schema-graph\">{\"@context\":\"https:\\\/\\\/schema.org\",\"@graph\":[{\"@type\":\"Article\",\"@id\":\"https:\\\/\\\/diarioprincipios.com\\\/index.php\\\/2026\\\/09\\\/03\\\/carlos-balor-estuvo-en-el-arranque-del-bera-rock-2026\\\/#article\",\"isPartOf\":{\"@id\":\"https:\\\/\\\/diarioprincipios.com\\\/index.php\\\/2026\\\/09\\\/03\\\/carlos-balor-estuvo-en-el-arranque-del-bera-rock-2026\\\/\"},\"author\":{\"name\":\"Hern\u00e1n L\u00f3pez\",\"@id\":\"https:\\\/\\\/diarioprincipios.com\\\/#\\\/schema\\\/person\\\/436d5a1fd41a5e250e23ff5a6a7cb080\"},\"headline\":\"Carlos Balor estuvo en el arranque del Bera Rock 2026\",\"datePublished\":\"2026-09-04T00:52:20+00:00\",\"mainEntityOfPage\":{\"@id\":\"https:\\\/\\\/diarioprincipios.com\\\/index.php\\\/2026\\\/09\\\/03\\\/carlos-balor-estuvo-en-el-arranque-del-bera-rock-2026\\\/\"},\"wordCount\":382,\"commentCount\":0,\"publisher\":{\"@id\":\"https:\\\/\\\/diarioprincipios.com\\\/#organization\"},\"image\":{\"@id\":\"https:\\\/\\\/diarioprincipios.com\\\/index.php\\\/2026\\\/09\\\/03\\\/carlos-balor-estuvo-en-el-arranque-del-bera-rock-2026\\\/#primaryimage\"},\"thumbnailUrl\":\"https:\\\/\\\/diarioprincipios.com\\\/wp-content\\\/uploads\\\/2026\\\/09\\\/Carlos-Balor-estuvo-en-el-arranque-del-Bera-Rock-2026-3.jpg\",\"articleSection\":[\"Berazategui\"],\"inLanguage\":\"es\",\"potentialAction\":[{\"@type\":\"CommentAction\",\"name\":\"Comment\",\"target\":[\"https:\\\/\\\/diarioprincipios.com\\\/index.php\\\/2026\\\/09\\\/03\\\/carlos-balor-estuvo-en-el-arranque-del-bera-rock-2026\\\/#respond\"]}]},{\"@type\":\"WebPage\",\"@id\":\"https:\\\/\\\/diarioprincipios.com\\\/index.php\\\/2026\\\/09\\\/03\\\/carlos-balor-estuvo-en-el-arranque-del-bera-rock-2026\\\/\",\"url\":\"https:\\\/\\\/diarioprincipios.com\\\/index.php\\\/2026\\\/09\\\/03\\\/carlos-balor-estuvo-en-el-arranque-del-bera-rock-2026\\\/\",\"name\":\"Carlos Balor estuvo en el arranque del Bera Rock 2026 - Principios\",\"isPartOf\":{\"@id\":\"https:\\\/\\\/diarioprincipios.com\\\/#website\"},\"primaryImageOfPage\":{\"@id\":\"https:\\\/\\\/diarioprincipios.com\\\/index.php\\\/2026\\\/09\\\/03\\\/carlos-balor-estuvo-en-el-arranque-del-bera-rock-2026\\\/#primaryimage\"},\"image\":{\"@id\":\"https:\\\/\\\/diarioprincipios.com\\\/index.php\\\/2026\\\/09\\\/03\\\/carlos-balor-estuvo-en-el-arranque-del-bera-rock-2026\\\/#primaryimage\"},\"thumbnailUrl\":\"https:\\\/\\\/diarioprincipios.com\\\/wp-content\\\/uploads\\\/2026\\\/09\\\/Carlos-Balor-estuvo-en-el-arranque-del-Bera-Rock-2026-3.jpg\",\"datePublished\":\"2026-09-04T00:52:20+00:00\",\"breadcrumb\":{\"@id\":\"https:\\\/\\\/diarioprincipios.com\\\/index.php\\\/2026\\\/09\\\/03\\\/carlos-balor-estuvo-en-el-arranque-del-bera-rock-2026\\\/#breadcrumb\"},\"inLanguage\":\"es\",\"potentialAction\":[{\"@type\":\"ReadAction\",\"target\":[\"https:\\\/\\\/diarioprincipios.com\\\/index.php\\\/2026\\\/09\\\/03\\\/carlos-balor-estuvo-en-el-arranque-del-bera-rock-2026\\\/\"]}]},{\"@type\":\"ImageObject\",\"inLanguage\":\"es\",\"@id\":\"https:\\\/\\\/diarioprincipios.com\\\/index.php\\\/2026\\\/09\\\/03\\\/carlos-balor-estuvo-en-el-arranque-del-bera-rock-2026\\\/#primaryimage\",\"url\":\"https:\\\/\\\/diarioprincipios.com\\\/wp-content\\\/uploads\\\/2026\\\/09\\\/Carlos-Balor-estuvo-en-el-arranque-del-Bera-Rock-2026-3.jpg\",\"contentUrl\":\"https:\\\/\\\/diarioprincipios.com\\\/wp-content\\\/uploads\\\/2026\\\/09\\\/Carlos-Balor-estuvo-en-el-arranque-del-Bera-Rock-2026-3.jpg\",\"width\":1600,\"height\":1066},{\"@type\":\"BreadcrumbList\",\"@id\":\"https:\\\/\\\/diarioprincipios.com\\\/index.php\\\/2026\\\/09\\\/03\\\/carlos-balor-estuvo-en-el-arranque-del-bera-rock-2026\\\/#breadcrumb\",\"itemListElement\":[{\"@type\":\"ListItem\",\"position\":1,\"name\":\"Portada\",\"item\":\"https:\\\/\\\/diarioprincipios.com\\\/\"},{\"@type\":\"ListItem\",\"position\":2,\"name\":\"Carlos Balor estuvo en el arranque del Bera Rock 2026\"}]},{\"@type\":\"WebSite\",\"@id\":\"https:\\\/\\\/diarioprincipios.com\\\/#website\",\"url\":\"https:\\\/\\\/diarioprincipios.com\\\/\",\"name\":\"Principios\",\"description\":\"Principios Diario\",\"publisher\":{\"@id\":\"https:\\\/\\\/diarioprincipios.com\\\/#organization\"},\"potentialAction\":[{\"@type\":\"SearchAction\",\"target\":{\"@type\":\"EntryPoint\",\"urlTemplate\":\"https:\\\/\\\/diarioprincipios.com\\\/?s={search_term_string}\"},\"query-input\":{\"@type\":\"PropertyValueSpecification\",\"valueRequired\":true,\"valueName\":\"search_term_string\"}}],\"inLanguage\":\"es\"},{\"@type\":\"Organization\",\"@id\":\"https:\\\/\\\/diarioprincipios.com\\\/#organization\",\"name\":\"Principios\",\"url\":\"https:\\\/\\\/diarioprincipios.com\\\/\",\"logo\":{\"@type\":\"ImageObject\",\"inLanguage\":\"es\",\"@id\":\"https:\\\/\\\/diarioprincipios.com\\\/#\\\/schema\\\/logo\\\/image\\\/\",\"url\":\"https:\\\/\\\/diarioprincipios.com\\\/wp-content\\\/uploads\\\/2026\\\/08\\\/cropped-LOGO-scaled-1.png\",\"contentUrl\":\"https:\\\/\\\/diarioprincipios.com\\\/wp-content\\\/uploads\\\/2026\\\/08\\\/cropped-LOGO-scaled-1.png\",\"width\":2407,\"height\":594,\"caption\":\"Principios\"},\"image\":{\"@id\":\"https:\\\/\\\/diarioprincipios.com\\\/#\\\/schema\\\/logo\\\/image\\\/\"}},{\"@type\":\"Person\",\"@id\":\"https:\\\/\\\/diarioprincipios.com\\\/#\\\/schema\\\/person\\\/436d5a1fd41a5e250e23ff5a6a7cb080\",\"name\":\"Hern\u00e1n L\u00f3pez\",\"image\":{\"@type\":\"ImageObject\",\"inLanguage\":\"es\",\"@id\":\"https:\\\/\\\/diarioprincipios.com\\\/wp-content\\\/litespeed\\\/avatar\\\/11ddfe5610ff3bd100522525b2571f48.jpg?ver=1787935507\",\"url\":\"https:\\\/\\\/diarioprincipios.com\\\/wp-content\\\/litespeed\\\/avatar\\\/11ddfe5610ff3bd100522525b2571f48.jpg?ver=1787935507\",\"contentUrl\":\"https:\\\/\\\/diarioprincipios.com\\\/wp-content\\\/litespeed\\\/avatar\\\/11ddfe5610ff3bd100522525b2571f48.jpg?ver=1787935507\",\"caption\":\"Hern\u00e1n L\u00f3pez\"},\"url\":\"https:\\\/\\\/diarioprincipios.com\\\/index.php\\\/author\\\/hernan\\\/\"}]}<\/script>\n<!-- \/ Yoast SEO plugin. -->","yoast_head_json":{"title":"Carlos Balor estuvo en el arranque del Bera Rock 2026 - Principios","robots":{"index":"index","follow":"follow","max-snippet":"max-snippet:-1","max-image-preview":"max-image-preview:large","max-video-preview":"max-video-preview:-1"},"canonical":"https:\/\/diarioprincipios.com\/index.php\/2026\/09\/03\/carlos-balor-estuvo-en-el-arranque-del-bera-rock-2026\/","og_locale":"es_ES","og_type":"article","og_title":"Carlos Balor estuvo en el arranque del Bera Rock 2026 - Principios","og_description":"El intendente Carlos Balor estuvo presente en el inicio del Bera Rock 2026, el emblem\u00e1tico festival de bandas organizado por la Municipalidad de Berazategui. La nueva edici\u00f3n tendr\u00e1 lugar hasta el domingo 6 de septiembre, en el Centro Municipal de Actividades Roberto De Vicenzo (Calle 148 y 18). La entrada es gratuita y por orden...","og_url":"https:\/\/diarioprincipios.com\/index.php\/2026\/09\/03\/carlos-balor-estuvo-en-el-arranque-del-bera-rock-2026\/","og_site_name":"Principios","article_published_time":"2026-09-04T00:52:20+00:00","og_image":[{"width":1600,"height":1066,"url":"https:\/\/diarioprincipios.com\/wp-content\/uploads\/2026\/09\/Carlos-Balor-estuvo-en-el-arranque-del-Bera-Rock-2026-3.jpg","type":"image\/jpeg"}],"author":"Hern\u00e1n L\u00f3pez","twitter_card":"summary_large_image","twitter_misc":{"Escrito por":"Hern\u00e1n L\u00f3pez","Tiempo de lectura":"3 minutos"},"schema":{"@context":"https:\/\/schema.org","@graph":[{"@type":"Article","@id":"https:\/\/diarioprincipios.com\/index.php\/2026\/09\/03\/carlos-balor-estuvo-en-el-arranque-del-bera-rock-2026\/#article","isPartOf":{"@id":"https:\/\/diarioprincipios.com\/index.php\/2026\/09\/03\/carlos-balor-estuvo-en-el-arranque-del-bera-rock-2026\/"},"author":{"name":"Hern\u00e1n L\u00f3pez","@id":"https:\/\/diarioprincipios.com\/#\/schema\/person\/436d5a1fd41a5e250e23ff5a6a7cb080"},"headline":"Carlos Balor estuvo en el arranque del Bera Rock 2026","datePublished":"2026-09-04T00:52:20+00:00","mainEntityOfPage":{"@id":"https:\/\/diarioprincipios.com\/index.php\/2026\/09\/03\/carlos-balor-estuvo-en-el-arranque-del-bera-rock-2026\/"},"wordCount":382,"commentCount":0,"publisher":{"@id":"https:\/\/diarioprincipios.com\/#organization"},"image":{"@id":"https:\/\/diarioprincipios.com\/index.php\/2026\/09\/03\/carlos-balor-estuvo-en-el-arranque-del-bera-rock-2026\/#primaryimage"},"thumbnailUrl":"https:\/\/diarioprincipios.com\/wp-content\/uploads\/2026\/09\/Carlos-Balor-estuvo-en-el-arranque-del-Bera-Rock-2026-3.jpg","articleSection":["Berazategui"],"inLanguage":"es","potentialAction":[{"@type":"CommentAction","name":"Comment","target":["https:\/\/diarioprincipios.com\/index.php\/2026\/09\/03\/carlos-balor-estuvo-en-el-arranque-del-bera-rock-2026\/#respond"]}]},{"@type":"WebPage","@id":"https:\/\/diarioprincipios.com\/index.php\/2026\/09\/03\/carlos-balor-estuvo-en-el-arranque-del-bera-rock-2026\/","url":"https:\/\/diarioprincipios.com\/index.php\/2026\/09\/03\/carlos-balor-estuvo-en-el-arranque-del-bera-rock-2026\/","name":"Carlos Balor estuvo en el arranque del Bera Rock 2026 - Principios","isPartOf":{"@id":"https:\/\/diarioprincipios.com\/#website"},"primaryImageOfPage":{"@id":"https:\/\/diarioprincipios.com\/index.php\/2026\/09\/03\/carlos-balor-estuvo-en-el-arranque-del-bera-rock-2026\/#primaryimage"},"image":{"@id":"https:\/\/diarioprincipios.com\/index.php\/2026\/09\/03\/carlos-balor-estuvo-en-el-arranque-del-bera-rock-2026\/#primaryimage"},"thumbnailUrl":"https:\/\/diarioprincipios.com\/wp-content\/uploads\/2026\/09\/Carlos-Balor-estuvo-en-el-arranque-del-Bera-Rock-2026-3.jpg","datePublished":"2026-09-04T00:52:20+00:00","breadcrumb":{"@id":"https:\/\/diarioprincipios.com\/index.php\/2026\/09\/03\/carlos-balor-estuvo-en-el-arranque-del-bera-rock-2026\/#breadcrumb"},"inLanguage":"es","potentialAction":[{"@type":"ReadAction","target":["https:\/\/diarioprincipios.com\/index.php\/2026\/09\/03\/carlos-balor-estuvo-en-el-arranque-del-bera-rock-2026\/"]}]},{"@type":"ImageObject","inLanguage":"es","@id":"https:\/\/diarioprincipios.com\/index.php\/2026\/09\/03\/carlos-balor-estuvo-en-el-arranque-del-bera-rock-2026\/#primaryimage","url":"https:\/\/diarioprincipios.com\/wp-content\/uploads\/2026\/09\/Carlos-Balor-estuvo-en-el-arranque-del-Bera-Rock-2026-3.jpg","contentUrl":"https:\/\/diarioprincipios.com\/wp-content\/uploads\/2026\/09\/Carlos-Balor-estuvo-en-el-arranque-del-Bera-Rock-2026-3.jpg","width":1600,"height":1066},{"@type":"BreadcrumbList","@id":"https:\/\/diarioprincipios.com\/index.php\/2026\/09\/03\/carlos-balor-estuvo-en-el-arranque-del-bera-rock-2026\/#breadcrumb","itemListElement":[{"@type":"ListItem","position":1,"name":"Portada","item":"https:\/\/diarioprincipios.com\/"},{"@type":"ListItem","position":2,"name":"Carlos Balor estuvo en el arranque del Bera Rock 2026"}]},{"@type":"WebSite","@id":"https:\/\/diarioprincipios.com\/#website","url":"https:\/\/diarioprincipios.com\/","name":"Principios","description":"Principios Diario","publisher":{"@id":"https:\/\/diarioprincipios.com\/#organization"},"potentialAction":[{"@type":"SearchAction","target":{"@type":"EntryPoint","urlTemplate":"https:\/\/diarioprincipios.com\/?s={search_term_string}"},"query-input":{"@type":"PropertyValueSpecification","valueRequired":true,"valueName":"search_term_string"}}],"inLanguage":"es"},{"@type":"Organization","@id":"https:\/\/diarioprincipios.com\/#organization","name":"Principios","url":"https:\/\/diarioprincipios.com\/","logo":{"@type":"ImageObject","inLanguage":"es","@id":"https:\/\/diarioprincipios.com\/#\/schema\/logo\/image\/","url":"https:\/\/diarioprincipios.com\/wp-content\/uploads\/2026\/08\/cropped-LOGO-scaled-1.png","contentUrl":"https:\/\/diarioprincipios.com\/wp-content\/uploads\/2026\/08\/cropped-LOGO-scaled-1.png","width":2407,"height":594,"caption":"Principios"},"image":{"@id":"https:\/\/diarioprincipios.com\/#\/schema\/logo\/image\/"}},{"@type":"Person","@id":"https:\/\/diarioprincipios.com\/#\/schema\/person\/436d5a1fd41a5e250e23ff5a6a7cb080","name":"Hern\u00e1n L\u00f3pez","image":{"@type":"ImageObject","inLanguage":"es","@id":"https:\/\/diarioprincipios.com\/wp-content\/litespeed\/avatar\/11ddfe5610ff3bd100522525b2571f48.jpg?ver=1787935507","url":"https:\/\/diarioprincipios.com\/wp-content\/litespeed\/avatar\/11ddfe5610ff3bd100522525b2571f48.jpg?ver=1787935507","contentUrl":"https:\/\/diarioprincipios.com\/wp-content\/litespeed\/avatar\/11ddfe5610ff3bd100522525b2571f48.jpg?ver=1787935507","caption":"Hern\u00e1n L\u00f3pez"},"url":"https:\/\/diarioprincipios.com\/index.php\/author\/hernan\/"}]}},"jetpack_featured_media_url":"https:\/\/diarioprincipios.com\/wp-content\/uploads\/2026\/09\/Carlos-Balor-estuvo-en-el-arranque-del-Bera-Rock-2026-3.jpg","_links":{"self":[{"href":"https:\/\/diarioprincipios.com\/index.php\/wp-json\/wp\/v2\/posts\/28490","targetHints":{"allow":["GET"]}}],"collection":[{"href":"https:\/\/diarioprincipios.com\/index.php\/wp-json\/wp\/v2\/posts"}],"about":[{"href":"https:\/\/diarioprincipios.com\/index.php\/wp-json\/wp\/v2\/types\/post"}],"author":[{"embeddable":true,"href":"https:\/\/diarioprincipios.com\/index.php\/wp-json\/wp\/v2\/users\/2"}],"replies":[{"embeddable":true,"href":"https:\/\/diarioprincipios.com\/index.php\/wp-json\/wp\/v2\/comments?post=28490"}],"version-history":[{"count":1,"href":"https:\/\/diarioprincipios.com\/index.php\/wp-json\/wp\/v2\/posts\/28490\/revisions"}],"predecessor-version":[{"id":28494,"href":"https:\/\/diarioprincipios.com\/index.php\/wp-json\/wp\/v2\/posts\/28490\/revisions\/28494"}],"wp:featuredmedia":[{"embeddable":true,"href":"https:\/\/diarioprincipios.com\/index.php\/wp-json\/wp\/v2\/media\/28493"}],"wp:attachment":[{"href":"https:\/\/diarioprincipios.com\/index.php\/wp-json\/wp\/v2\/media?parent=28490"}],"wp:term":[{"taxonomy":"category","embeddable":true,"href":"https:\/\/diarioprincipios.com\/index.php\/wp-json\/wp\/v2\/categories?post=28490"},{"taxonomy":"post_tag","embeddable":true,"href":"https:\/\/diarioprincipios.com\/index.php\/wp-json\/wp\/v2\/tags?post=28490"}],"curies":[{"name":"wp","href":"https:\/\/api.w.org\/{rel}","templated":true}]}}