{"id":28486,"date":"2026-09-03T14:05:04","date_gmt":"2026-09-03T17:05:04","guid":{"rendered":"https:\/\/diarioprincipios.com\/?p=28486"},"modified":"2026-09-03T14:05:05","modified_gmt":"2026-09-03T17:05:05","slug":"el-domingo-se-cumplen-39-anos-de-una-eleccion-que-marco-un-antes-y-un-despues-en-la-historia-politica-de-berazategui","status":"publish","type":"post","link":"https:\/\/diarioprincipios.com\/index.php\/2026\/09\/03\/el-domingo-se-cumplen-39-anos-de-una-eleccion-que-marco-un-antes-y-un-despues-en-la-historia-politica-de-berazategui\/","title":{"rendered":"El domingo se cumplen 39 a\u00f1os de una elecci\u00f3n que marc\u00f3 un antes y un despu\u00e9s en la historia pol\u00edtica de Berazategui"},"content":{"rendered":"\n<p class=\"wp-block-paragraph\">El 6 de septiembre de 1987 qued\u00f3 grabado en la historia pol\u00edtica de Berazategui. Ese d\u00eda, el Dr. Juan Jos\u00e9 Mussi lleg\u00f3 por primera vez a la Intendencia de la ciudad, luego de imponerse en las elecciones generales con el 52,74% de los votos, superando por m\u00e1s de 20 puntos al candidato de la Uni\u00f3n C\u00edvica Radical, el comerciante de la avenida 14, Daniel del Corral.<br>Pero aquella victoria no fue producto de una campa\u00f1a aislada. Fue el resultado de un proceso pol\u00edtico que Mussi hab\u00eda comenzado a construir y que se consolid\u00f3 dos a\u00f1os antes, en las elecciones legislativas de 1985.<\/p>\n\n\n\n<p class=\"wp-block-paragraph\">El comienzo de un camino pol\u00edtico<\/p>\n\n\n\n<p class=\"wp-block-paragraph\">En 1985, con el respaldo de dirigentes como Carlos Grosso y Antonio Cafiero, Mussi enfrent\u00f3 al entonces intendente Arturo Ram\u00f3n en las elecciones legislativas.<br>El resultado permiti\u00f3 al espacio de Mussi obtener cuatro bancas de concejales, que fueron ocupadas por Oscar Arrondo, \u201cEl Flaco\u201d Aguiar, Margarita Mateo y Alberto Quarchioni. La UCR tambi\u00e9n obtuvo cuatro bancas, mientras que el espacio del intendente Ram\u00f3n consigui\u00f3 dos y el Partido Intransigente otras dos.<br>El cierre de aquella campa\u00f1a de la Lista 91 tuvo lugar en plena avenida 14, en la zona c\u00e9ntrica donde funcionaba Bonafide.<br>El respaldo conseguido en las urnas fortaleci\u00f3 pol\u00edticamente a Mussi, quien en 1986 asumi\u00f3 la conducci\u00f3n del Partido Justicialista de Berazategui, con el acompa\u00f1amiento pol\u00edtico de Antonio Cafiero.<br>Un a\u00f1o m\u00e1s tarde llegar\u00eda el gran desaf\u00edo.<\/p>\n\n\n\n<p class=\"wp-block-paragraph\">De la interna peronista a la Intendencia<\/p>\n\n\n\n<p class=\"wp-block-paragraph\">El 26 de abril de 1987, Mussi gan\u00f3 las elecciones internas del peronismo frente al intendente Arturo Ram\u00f3n, convirti\u00e9ndose en el candidato justicialista para las elecciones generales.<br>La campa\u00f1a culminar\u00eda el 6 de septiembre con una contundente victoria sobre Daniel del Corral.<br>El cierre de campa\u00f1a se realiz\u00f3 en la hoy hist\u00f3rica calle 158 de Pl\u00e1tanos, a la cual se inpondr\u00e1 este domingo el nombre de Juan Jos\u00e9 Mussi, donde distintas figuras del peronismo local acompa\u00f1aron al candidato a intendente.<br>Por la Juventud habl\u00f3 aquel d\u00eda quien luego se convertir\u00eda en un hist\u00f3rico concejal, Omar Acosta. Tambi\u00e9n hicieron uso de la palabra Silvia Valeiro, por la Rama Femenina; Dante Palladino y Hugo Guerrieri, dirigente de aquella hist\u00f3rica Casa Peronista y candidato a senador provincial y primer concejal, respectivamente.<br>La locuci\u00f3n estuvo a cargo de Antonio Amarilla, actual Secretario de Gobierno, y Patricia Lob.<\/p>\n\n\n\n<p class=\"wp-block-paragraph\">Una campa\u00f1a con recursos muy diferentes<\/p>\n\n\n\n<p class=\"wp-block-paragraph\">El centro de c\u00f3mputos de aquella jornada electoral estuvo a cargo del recordado Oscar Arrondo y funcion\u00f3 en un local del primer piso ubicado en Lisandro de la Torre, entre 14 y 15.<br>All\u00ed, lejos de la tecnolog\u00eda actual, los resultados se segu\u00edan con una m\u00e1quina de sumar, mientras militantes y dirigentes esperaban las noticias provenientes de las mesas de votaci\u00f3n.<br>Tres d\u00edas antes de las elecciones, Mussi hab\u00eda participado de un debate radial con Daniel del Corral en una emisora de Quilmes, en el tramo final de una campa\u00f1a que terminar\u00eda consagr\u00e1ndolo intendente.<\/p>\n\n\n\n<p class=\"wp-block-paragraph\">La Lista 95 y una victoria hist\u00f3rica<\/p>\n\n\n\n<p class=\"wp-block-paragraph\">En aquella elecci\u00f3n, la Lista 95 llevaba como principales candidatos a \u00cdtalo Luder para Diputado Nacional, Antonio Cafiero para Gobernador y Juan Jos\u00e9 Mussi para Intendente.<br>En Berazategui, Hugo Guerrieri encabezaba la lista de concejales y Juan Monz\u00f3n era candidato a consejero escolar.<br>La victoria de Mussi tambi\u00e9n tuvo un fuerte respaldo legislativo: obtuvo ocho bancas de concejales, que, sumadas a las cuatro conseguidas en 1985, le permitieron comenzar su gesti\u00f3n municipal con el acompa\u00f1amiento de 12 concejales.<\/p>\n\n\n\n<p class=\"wp-block-paragraph\">Del consultorio a la Municipalidad<\/p>\n\n\n\n<p class=\"wp-block-paragraph\">Al momento de ganar las elecciones, Juan Jos\u00e9 Mussi continuaba ejerciendo su profesi\u00f3n de m\u00e9dico en la Cl\u00ednica Tiscornia.<br>Desde all\u00ed, aquel dirigente que hab\u00eda comenzado a construir su espacio pol\u00edtico en 1985 iniciaba una trayectoria que marcar\u00eda profundamente la historia contempor\u00e1nea de Berazategui.<br>El 6 de septiembre de 1987, con el 52,74% de los votos, comenzaba formalmente el camino de Juan Jos\u00e9 Mussi en la Intendencia.<br>Una historia que, casi cuatro d\u00e9cadas despu\u00e9s, permanece profundamente ligada a la identidad pol\u00edtica y social de Berazategui.<\/p>\n\n\n\n<p class=\"wp-block-paragraph\">PRINCIPIOS \u2014 Informando a Berazategui Siempre<\/p>\n","protected":false},"excerpt":{"rendered":"<p>El 6 de septiembre de 1987 qued\u00f3 grabado en la historia pol\u00edtica de Berazategui. Ese d\u00eda, el Dr. Juan Jos\u00e9 Mussi lleg\u00f3 por primera vez a la Intendencia de la ciudad, luego de imponerse en las elecciones generales con el 52,74% de los votos, superando por m\u00e1s de 20 puntos al candidato de la Uni\u00f3n&#8230;<\/p>\n","protected":false},"author":2,"featured_media":28487,"comment_status":"open","ping_status":"open","sticky":false,"template":"","format":"standard","meta":{"footnotes":""},"categories":[3,24],"tags":[],"class_list":["post-28486","post","type-post","status-publish","format-standard","has-post-thumbnail","hentry","category-berazategui","category-politica"],"featured_image_src":"https:\/\/diarioprincipios.com\/wp-content\/uploads\/2026\/09\/IMG-20260901-WA0112.jpg","blog_images":{"medium":"https:\/\/diarioprincipios.com\/wp-content\/uploads\/2026\/09\/IMG-20260901-WA0112.jpg","large":"https:\/\/diarioprincipios.com\/wp-content\/uploads\/2026\/09\/IMG-20260901-WA0112.jpg"},"ams_acf":[],"yoast_head":"<!-- This site is optimized with the Yoast SEO plugin v28.4 - https:\/\/yoast.com\/product\/yoast-seo-wordpress\/ -->\n<title>El domingo se cumplen 39 a\u00f1os de una elecci\u00f3n que marc\u00f3 un antes y un despu\u00e9s en la historia pol\u00edtica de Berazategui - Principios<\/title>\n<meta name=\"robots\" content=\"index, follow, max-snippet:-1, max-image-preview:large, max-video-preview:-1\" \/>\n<link rel=\"canonical\" href=\"https:\/\/diarioprincipios.com\/index.php\/2026\/09\/03\/el-domingo-se-cumplen-39-anos-de-una-eleccion-que-marco-un-antes-y-un-despues-en-la-historia-politica-de-berazategui\/\" \/>\n<meta property=\"og:locale\" content=\"es_ES\" \/>\n<meta property=\"og:type\" content=\"article\" \/>\n<meta property=\"og:title\" content=\"El domingo se cumplen 39 a\u00f1os de una elecci\u00f3n que marc\u00f3 un antes y un despu\u00e9s en la historia pol\u00edtica de Berazategui - Principios\" \/>\n<meta property=\"og:description\" content=\"El 6 de septiembre de 1987 qued\u00f3 grabado en la historia pol\u00edtica de Berazategui. Ese d\u00eda, el Dr. Juan Jos\u00e9 Mussi lleg\u00f3 por primera vez a la Intendencia de la ciudad, luego de imponerse en las elecciones generales con el 52,74% de los votos, superando por m\u00e1s de 20 puntos al candidato de la Uni\u00f3n...\" \/>\n<meta property=\"og:url\" content=\"https:\/\/diarioprincipios.com\/index.php\/2026\/09\/03\/el-domingo-se-cumplen-39-anos-de-una-eleccion-que-marco-un-antes-y-un-despues-en-la-historia-politica-de-berazategui\/\" \/>\n<meta property=\"og:site_name\" content=\"Principios\" \/>\n<meta property=\"article:published_time\" content=\"2026-09-03T17:05:04+00:00\" \/>\n<meta property=\"article:modified_time\" content=\"2026-09-03T17:05:05+00:00\" \/>\n<meta property=\"og:image\" content=\"https:\/\/diarioprincipios.com\/wp-content\/uploads\/2026\/09\/IMG-20260901-WA0112.jpg\" \/>\n\t<meta property=\"og:image:width\" content=\"225\" \/>\n\t<meta property=\"og:image:height\" content=\"225\" \/>\n\t<meta property=\"og:image:type\" content=\"image\/jpeg\" \/>\n<meta name=\"author\" content=\"Hern\u00e1n L\u00f3pez\" \/>\n<meta name=\"twitter:card\" content=\"summary_large_image\" \/>\n<meta name=\"twitter:label1\" content=\"Escrito por\" \/>\n\t<meta name=\"twitter:data1\" content=\"Hern\u00e1n L\u00f3pez\" \/>\n\t<meta name=\"twitter:label2\" content=\"Tiempo de lectura\" \/>\n\t<meta name=\"twitter:data2\" content=\"4 minutos\" \/>\n<script type=\"application\/ld+json\" class=\"yoast-schema-graph\">{\"@context\":\"https:\\\/\\\/schema.org\",\"@graph\":[{\"@type\":\"Article\",\"@id\":\"https:\\\/\\\/diarioprincipios.com\\\/index.php\\\/2026\\\/09\\\/03\\\/el-domingo-se-cumplen-39-anos-de-una-eleccion-que-marco-un-antes-y-un-despues-en-la-historia-politica-de-berazategui\\\/#article\",\"isPartOf\":{\"@id\":\"https:\\\/\\\/diarioprincipios.com\\\/index.php\\\/2026\\\/09\\\/03\\\/el-domingo-se-cumplen-39-anos-de-una-eleccion-que-marco-un-antes-y-un-despues-en-la-historia-politica-de-berazategui\\\/\"},\"author\":{\"name\":\"Hern\u00e1n L\u00f3pez\",\"@id\":\"https:\\\/\\\/diarioprincipios.com\\\/#\\\/schema\\\/person\\\/436d5a1fd41a5e250e23ff5a6a7cb080\"},\"headline\":\"El domingo se cumplen 39 a\u00f1os de una elecci\u00f3n que marc\u00f3 un antes y un despu\u00e9s en la historia pol\u00edtica de Berazategui\",\"datePublished\":\"2026-09-03T17:05:04+00:00\",\"dateModified\":\"2026-09-03T17:05:05+00:00\",\"mainEntityOfPage\":{\"@id\":\"https:\\\/\\\/diarioprincipios.com\\\/index.php\\\/2026\\\/09\\\/03\\\/el-domingo-se-cumplen-39-anos-de-una-eleccion-que-marco-un-antes-y-un-despues-en-la-historia-politica-de-berazategui\\\/\"},\"wordCount\":732,\"commentCount\":0,\"publisher\":{\"@id\":\"https:\\\/\\\/diarioprincipios.com\\\/#organization\"},\"image\":{\"@id\":\"https:\\\/\\\/diarioprincipios.com\\\/index.php\\\/2026\\\/09\\\/03\\\/el-domingo-se-cumplen-39-anos-de-una-eleccion-que-marco-un-antes-y-un-despues-en-la-historia-politica-de-berazategui\\\/#primaryimage\"},\"thumbnailUrl\":\"https:\\\/\\\/diarioprincipios.com\\\/wp-content\\\/uploads\\\/2026\\\/09\\\/IMG-20260901-WA0112.jpg\",\"articleSection\":[\"Berazategui\",\"Pol\u00edtica\"],\"inLanguage\":\"es\",\"potentialAction\":[{\"@type\":\"CommentAction\",\"name\":\"Comment\",\"target\":[\"https:\\\/\\\/diarioprincipios.com\\\/index.php\\\/2026\\\/09\\\/03\\\/el-domingo-se-cumplen-39-anos-de-una-eleccion-que-marco-un-antes-y-un-despues-en-la-historia-politica-de-berazategui\\\/#respond\"]}]},{\"@type\":\"WebPage\",\"@id\":\"https:\\\/\\\/diarioprincipios.com\\\/index.php\\\/2026\\\/09\\\/03\\\/el-domingo-se-cumplen-39-anos-de-una-eleccion-que-marco-un-antes-y-un-despues-en-la-historia-politica-de-berazategui\\\/\",\"url\":\"https:\\\/\\\/diarioprincipios.com\\\/index.php\\\/2026\\\/09\\\/03\\\/el-domingo-se-cumplen-39-anos-de-una-eleccion-que-marco-un-antes-y-un-despues-en-la-historia-politica-de-berazategui\\\/\",\"name\":\"El domingo se cumplen 39 a\u00f1os de una elecci\u00f3n que marc\u00f3 un antes y un despu\u00e9s en la historia pol\u00edtica de Berazategui - Principios\",\"isPartOf\":{\"@id\":\"https:\\\/\\\/diarioprincipios.com\\\/#website\"},\"primaryImageOfPage\":{\"@id\":\"https:\\\/\\\/diarioprincipios.com\\\/index.php\\\/2026\\\/09\\\/03\\\/el-domingo-se-cumplen-39-anos-de-una-eleccion-que-marco-un-antes-y-un-despues-en-la-historia-politica-de-berazategui\\\/#primaryimage\"},\"image\":{\"@id\":\"https:\\\/\\\/diarioprincipios.com\\\/index.php\\\/2026\\\/09\\\/03\\\/el-domingo-se-cumplen-39-anos-de-una-eleccion-que-marco-un-antes-y-un-despues-en-la-historia-politica-de-berazategui\\\/#primaryimage\"},\"thumbnailUrl\":\"https:\\\/\\\/diarioprincipios.com\\\/wp-content\\\/uploads\\\/2026\\\/09\\\/IMG-20260901-WA0112.jpg\",\"datePublished\":\"2026-09-03T17:05:04+00:00\",\"dateModified\":\"2026-09-03T17:05:05+00:00\",\"breadcrumb\":{\"@id\":\"https:\\\/\\\/diarioprincipios.com\\\/index.php\\\/2026\\\/09\\\/03\\\/el-domingo-se-cumplen-39-anos-de-una-eleccion-que-marco-un-antes-y-un-despues-en-la-historia-politica-de-berazategui\\\/#breadcrumb\"},\"inLanguage\":\"es\",\"potentialAction\":[{\"@type\":\"ReadAction\",\"target\":[\"https:\\\/\\\/diarioprincipios.com\\\/index.php\\\/2026\\\/09\\\/03\\\/el-domingo-se-cumplen-39-anos-de-una-eleccion-que-marco-un-antes-y-un-despues-en-la-historia-politica-de-berazategui\\\/\"]}]},{\"@type\":\"ImageObject\",\"inLanguage\":\"es\",\"@id\":\"https:\\\/\\\/diarioprincipios.com\\\/index.php\\\/2026\\\/09\\\/03\\\/el-domingo-se-cumplen-39-anos-de-una-eleccion-que-marco-un-antes-y-un-despues-en-la-historia-politica-de-berazategui\\\/#primaryimage\",\"url\":\"https:\\\/\\\/diarioprincipios.com\\\/wp-content\\\/uploads\\\/2026\\\/09\\\/IMG-20260901-WA0112.jpg\",\"contentUrl\":\"https:\\\/\\\/diarioprincipios.com\\\/wp-content\\\/uploads\\\/2026\\\/09\\\/IMG-20260901-WA0112.jpg\",\"width\":225,\"height\":225},{\"@type\":\"BreadcrumbList\",\"@id\":\"https:\\\/\\\/diarioprincipios.com\\\/index.php\\\/2026\\\/09\\\/03\\\/el-domingo-se-cumplen-39-anos-de-una-eleccion-que-marco-un-antes-y-un-despues-en-la-historia-politica-de-berazategui\\\/#breadcrumb\",\"itemListElement\":[{\"@type\":\"ListItem\",\"position\":1,\"name\":\"Portada\",\"item\":\"https:\\\/\\\/diarioprincipios.com\\\/\"},{\"@type\":\"ListItem\",\"position\":2,\"name\":\"El domingo se cumplen 39 a\u00f1os de una elecci\u00f3n que marc\u00f3 un antes y un despu\u00e9s en la historia pol\u00edtica de Berazategui\"}]},{\"@type\":\"WebSite\",\"@id\":\"https:\\\/\\\/diarioprincipios.com\\\/#website\",\"url\":\"https:\\\/\\\/diarioprincipios.com\\\/\",\"name\":\"Principios\",\"description\":\"Principios Diario\",\"publisher\":{\"@id\":\"https:\\\/\\\/diarioprincipios.com\\\/#organization\"},\"potentialAction\":[{\"@type\":\"SearchAction\",\"target\":{\"@type\":\"EntryPoint\",\"urlTemplate\":\"https:\\\/\\\/diarioprincipios.com\\\/?s={search_term_string}\"},\"query-input\":{\"@type\":\"PropertyValueSpecification\",\"valueRequired\":true,\"valueName\":\"search_term_string\"}}],\"inLanguage\":\"es\"},{\"@type\":\"Organization\",\"@id\":\"https:\\\/\\\/diarioprincipios.com\\\/#organization\",\"name\":\"Principios\",\"url\":\"https:\\\/\\\/diarioprincipios.com\\\/\",\"logo\":{\"@type\":\"ImageObject\",\"inLanguage\":\"es\",\"@id\":\"https:\\\/\\\/diarioprincipios.com\\\/#\\\/schema\\\/logo\\\/image\\\/\",\"url\":\"https:\\\/\\\/diarioprincipios.com\\\/wp-content\\\/uploads\\\/2026\\\/08\\\/cropped-LOGO-scaled-1.png\",\"contentUrl\":\"https:\\\/\\\/diarioprincipios.com\\\/wp-content\\\/uploads\\\/2026\\\/08\\\/cropped-LOGO-scaled-1.png\",\"width\":2407,\"height\":594,\"caption\":\"Principios\"},\"image\":{\"@id\":\"https:\\\/\\\/diarioprincipios.com\\\/#\\\/schema\\\/logo\\\/image\\\/\"}},{\"@type\":\"Person\",\"@id\":\"https:\\\/\\\/diarioprincipios.com\\\/#\\\/schema\\\/person\\\/436d5a1fd41a5e250e23ff5a6a7cb080\",\"name\":\"Hern\u00e1n L\u00f3pez\",\"image\":{\"@type\":\"ImageObject\",\"inLanguage\":\"es\",\"@id\":\"https:\\\/\\\/diarioprincipios.com\\\/wp-content\\\/litespeed\\\/avatar\\\/11ddfe5610ff3bd100522525b2571f48.jpg?ver=1787935507\",\"url\":\"https:\\\/\\\/diarioprincipios.com\\\/wp-content\\\/litespeed\\\/avatar\\\/11ddfe5610ff3bd100522525b2571f48.jpg?ver=1787935507\",\"contentUrl\":\"https:\\\/\\\/diarioprincipios.com\\\/wp-content\\\/litespeed\\\/avatar\\\/11ddfe5610ff3bd100522525b2571f48.jpg?ver=1787935507\",\"caption\":\"Hern\u00e1n L\u00f3pez\"},\"url\":\"https:\\\/\\\/diarioprincipios.com\\\/index.php\\\/author\\\/hernan\\\/\"}]}<\/script>\n<!-- \/ Yoast SEO plugin. -->","yoast_head_json":{"title":"El domingo se cumplen 39 a\u00f1os de una elecci\u00f3n que marc\u00f3 un antes y un despu\u00e9s en la historia pol\u00edtica de Berazategui - Principios","robots":{"index":"index","follow":"follow","max-snippet":"max-snippet:-1","max-image-preview":"max-image-preview:large","max-video-preview":"max-video-preview:-1"},"canonical":"https:\/\/diarioprincipios.com\/index.php\/2026\/09\/03\/el-domingo-se-cumplen-39-anos-de-una-eleccion-que-marco-un-antes-y-un-despues-en-la-historia-politica-de-berazategui\/","og_locale":"es_ES","og_type":"article","og_title":"El domingo se cumplen 39 a\u00f1os de una elecci\u00f3n que marc\u00f3 un antes y un despu\u00e9s en la historia pol\u00edtica de Berazategui - Principios","og_description":"El 6 de septiembre de 1987 qued\u00f3 grabado en la historia pol\u00edtica de Berazategui. Ese d\u00eda, el Dr. Juan Jos\u00e9 Mussi lleg\u00f3 por primera vez a la Intendencia de la ciudad, luego de imponerse en las elecciones generales con el 52,74% de los votos, superando por m\u00e1s de 20 puntos al candidato de la Uni\u00f3n...","og_url":"https:\/\/diarioprincipios.com\/index.php\/2026\/09\/03\/el-domingo-se-cumplen-39-anos-de-una-eleccion-que-marco-un-antes-y-un-despues-en-la-historia-politica-de-berazategui\/","og_site_name":"Principios","article_published_time":"2026-09-03T17:05:04+00:00","article_modified_time":"2026-09-03T17:05:05+00:00","og_image":[{"width":225,"height":225,"url":"https:\/\/diarioprincipios.com\/wp-content\/uploads\/2026\/09\/IMG-20260901-WA0112.jpg","type":"image\/jpeg"}],"author":"Hern\u00e1n L\u00f3pez","twitter_card":"summary_large_image","twitter_misc":{"Escrito por":"Hern\u00e1n L\u00f3pez","Tiempo de lectura":"4 minutos"},"schema":{"@context":"https:\/\/schema.org","@graph":[{"@type":"Article","@id":"https:\/\/diarioprincipios.com\/index.php\/2026\/09\/03\/el-domingo-se-cumplen-39-anos-de-una-eleccion-que-marco-un-antes-y-un-despues-en-la-historia-politica-de-berazategui\/#article","isPartOf":{"@id":"https:\/\/diarioprincipios.com\/index.php\/2026\/09\/03\/el-domingo-se-cumplen-39-anos-de-una-eleccion-que-marco-un-antes-y-un-despues-en-la-historia-politica-de-berazategui\/"},"author":{"name":"Hern\u00e1n L\u00f3pez","@id":"https:\/\/diarioprincipios.com\/#\/schema\/person\/436d5a1fd41a5e250e23ff5a6a7cb080"},"headline":"El domingo se cumplen 39 a\u00f1os de una elecci\u00f3n que marc\u00f3 un antes y un despu\u00e9s en la historia pol\u00edtica de Berazategui","datePublished":"2026-09-03T17:05:04+00:00","dateModified":"2026-09-03T17:05:05+00:00","mainEntityOfPage":{"@id":"https:\/\/diarioprincipios.com\/index.php\/2026\/09\/03\/el-domingo-se-cumplen-39-anos-de-una-eleccion-que-marco-un-antes-y-un-despues-en-la-historia-politica-de-berazategui\/"},"wordCount":732,"commentCount":0,"publisher":{"@id":"https:\/\/diarioprincipios.com\/#organization"},"image":{"@id":"https:\/\/diarioprincipios.com\/index.php\/2026\/09\/03\/el-domingo-se-cumplen-39-anos-de-una-eleccion-que-marco-un-antes-y-un-despues-en-la-historia-politica-de-berazategui\/#primaryimage"},"thumbnailUrl":"https:\/\/diarioprincipios.com\/wp-content\/uploads\/2026\/09\/IMG-20260901-WA0112.jpg","articleSection":["Berazategui","Pol\u00edtica"],"inLanguage":"es","potentialAction":[{"@type":"CommentAction","name":"Comment","target":["https:\/\/diarioprincipios.com\/index.php\/2026\/09\/03\/el-domingo-se-cumplen-39-anos-de-una-eleccion-que-marco-un-antes-y-un-despues-en-la-historia-politica-de-berazategui\/#respond"]}]},{"@type":"WebPage","@id":"https:\/\/diarioprincipios.com\/index.php\/2026\/09\/03\/el-domingo-se-cumplen-39-anos-de-una-eleccion-que-marco-un-antes-y-un-despues-en-la-historia-politica-de-berazategui\/","url":"https:\/\/diarioprincipios.com\/index.php\/2026\/09\/03\/el-domingo-se-cumplen-39-anos-de-una-eleccion-que-marco-un-antes-y-un-despues-en-la-historia-politica-de-berazategui\/","name":"El domingo se cumplen 39 a\u00f1os de una elecci\u00f3n que marc\u00f3 un antes y un despu\u00e9s en la historia pol\u00edtica de Berazategui - Principios","isPartOf":{"@id":"https:\/\/diarioprincipios.com\/#website"},"primaryImageOfPage":{"@id":"https:\/\/diarioprincipios.com\/index.php\/2026\/09\/03\/el-domingo-se-cumplen-39-anos-de-una-eleccion-que-marco-un-antes-y-un-despues-en-la-historia-politica-de-berazategui\/#primaryimage"},"image":{"@id":"https:\/\/diarioprincipios.com\/index.php\/2026\/09\/03\/el-domingo-se-cumplen-39-anos-de-una-eleccion-que-marco-un-antes-y-un-despues-en-la-historia-politica-de-berazategui\/#primaryimage"},"thumbnailUrl":"https:\/\/diarioprincipios.com\/wp-content\/uploads\/2026\/09\/IMG-20260901-WA0112.jpg","datePublished":"2026-09-03T17:05:04+00:00","dateModified":"2026-09-03T17:05:05+00:00","breadcrumb":{"@id":"https:\/\/diarioprincipios.com\/index.php\/2026\/09\/03\/el-domingo-se-cumplen-39-anos-de-una-eleccion-que-marco-un-antes-y-un-despues-en-la-historia-politica-de-berazategui\/#breadcrumb"},"inLanguage":"es","potentialAction":[{"@type":"ReadAction","target":["https:\/\/diarioprincipios.com\/index.php\/2026\/09\/03\/el-domingo-se-cumplen-39-anos-de-una-eleccion-que-marco-un-antes-y-un-despues-en-la-historia-politica-de-berazategui\/"]}]},{"@type":"ImageObject","inLanguage":"es","@id":"https:\/\/diarioprincipios.com\/index.php\/2026\/09\/03\/el-domingo-se-cumplen-39-anos-de-una-eleccion-que-marco-un-antes-y-un-despues-en-la-historia-politica-de-berazategui\/#primaryimage","url":"https:\/\/diarioprincipios.com\/wp-content\/uploads\/2026\/09\/IMG-20260901-WA0112.jpg","contentUrl":"https:\/\/diarioprincipios.com\/wp-content\/uploads\/2026\/09\/IMG-20260901-WA0112.jpg","width":225,"height":225},{"@type":"BreadcrumbList","@id":"https:\/\/diarioprincipios.com\/index.php\/2026\/09\/03\/el-domingo-se-cumplen-39-anos-de-una-eleccion-que-marco-un-antes-y-un-despues-en-la-historia-politica-de-berazategui\/#breadcrumb","itemListElement":[{"@type":"ListItem","position":1,"name":"Portada","item":"https:\/\/diarioprincipios.com\/"},{"@type":"ListItem","position":2,"name":"El domingo se cumplen 39 a\u00f1os de una elecci\u00f3n que marc\u00f3 un antes y un despu\u00e9s en la historia pol\u00edtica de Berazategui"}]},{"@type":"WebSite","@id":"https:\/\/diarioprincipios.com\/#website","url":"https:\/\/diarioprincipios.com\/","name":"Principios","description":"Principios Diario","publisher":{"@id":"https:\/\/diarioprincipios.com\/#organization"},"potentialAction":[{"@type":"SearchAction","target":{"@type":"EntryPoint","urlTemplate":"https:\/\/diarioprincipios.com\/?s={search_term_string}"},"query-input":{"@type":"PropertyValueSpecification","valueRequired":true,"valueName":"search_term_string"}}],"inLanguage":"es"},{"@type":"Organization","@id":"https:\/\/diarioprincipios.com\/#organization","name":"Principios","url":"https:\/\/diarioprincipios.com\/","logo":{"@type":"ImageObject","inLanguage":"es","@id":"https:\/\/diarioprincipios.com\/#\/schema\/logo\/image\/","url":"https:\/\/diarioprincipios.com\/wp-content\/uploads\/2026\/08\/cropped-LOGO-scaled-1.png","contentUrl":"https:\/\/diarioprincipios.com\/wp-content\/uploads\/2026\/08\/cropped-LOGO-scaled-1.png","width":2407,"height":594,"caption":"Principios"},"image":{"@id":"https:\/\/diarioprincipios.com\/#\/schema\/logo\/image\/"}},{"@type":"Person","@id":"https:\/\/diarioprincipios.com\/#\/schema\/person\/436d5a1fd41a5e250e23ff5a6a7cb080","name":"Hern\u00e1n L\u00f3pez","image":{"@type":"ImageObject","inLanguage":"es","@id":"https:\/\/diarioprincipios.com\/wp-content\/litespeed\/avatar\/11ddfe5610ff3bd100522525b2571f48.jpg?ver=1787935507","url":"https:\/\/diarioprincipios.com\/wp-content\/litespeed\/avatar\/11ddfe5610ff3bd100522525b2571f48.jpg?ver=1787935507","contentUrl":"https:\/\/diarioprincipios.com\/wp-content\/litespeed\/avatar\/11ddfe5610ff3bd100522525b2571f48.jpg?ver=1787935507","caption":"Hern\u00e1n L\u00f3pez"},"url":"https:\/\/diarioprincipios.com\/index.php\/author\/hernan\/"}]}},"jetpack_featured_media_url":"https:\/\/diarioprincipios.com\/wp-content\/uploads\/2026\/09\/IMG-20260901-WA0112.jpg","_links":{"self":[{"href":"https:\/\/diarioprincipios.com\/index.php\/wp-json\/wp\/v2\/posts\/28486","targetHints":{"allow":["GET"]}}],"collection":[{"href":"https:\/\/diarioprincipios.com\/index.php\/wp-json\/wp\/v2\/posts"}],"about":[{"href":"https:\/\/diarioprincipios.com\/index.php\/wp-json\/wp\/v2\/types\/post"}],"author":[{"embeddable":true,"href":"https:\/\/diarioprincipios.com\/index.php\/wp-json\/wp\/v2\/users\/2"}],"replies":[{"embeddable":true,"href":"https:\/\/diarioprincipios.com\/index.php\/wp-json\/wp\/v2\/comments?post=28486"}],"version-history":[{"count":1,"href":"https:\/\/diarioprincipios.com\/index.php\/wp-json\/wp\/v2\/posts\/28486\/revisions"}],"predecessor-version":[{"id":28488,"href":"https:\/\/diarioprincipios.com\/index.php\/wp-json\/wp\/v2\/posts\/28486\/revisions\/28488"}],"wp:featuredmedia":[{"embeddable":true,"href":"https:\/\/diarioprincipios.com\/index.php\/wp-json\/wp\/v2\/media\/28487"}],"wp:attachment":[{"href":"https:\/\/diarioprincipios.com\/index.php\/wp-json\/wp\/v2\/media?parent=28486"}],"wp:term":[{"taxonomy":"category","embeddable":true,"href":"https:\/\/diarioprincipios.com\/index.php\/wp-json\/wp\/v2\/categories?post=28486"},{"taxonomy":"post_tag","embeddable":true,"href":"https:\/\/diarioprincipios.com\/index.php\/wp-json\/wp\/v2\/tags?post=28486"}],"curies":[{"name":"wp","href":"https:\/\/api.w.org\/{rel}","templated":true}]}}