{"id":28461,"date":"2026-09-02T14:39:07","date_gmt":"2026-09-02T17:39:07","guid":{"rendered":"https:\/\/diarioprincipios.com\/?p=28461"},"modified":"2026-09-02T14:39:08","modified_gmt":"2026-09-02T17:39:08","slug":"carlos-balor-participo-del-festejo-por-el-dia-de-las-infancias-en-villa-espana","status":"publish","type":"post","link":"https:\/\/diarioprincipios.com\/index.php\/2026\/09\/02\/carlos-balor-participo-del-festejo-por-el-dia-de-las-infancias-en-villa-espana\/","title":{"rendered":"Carlos Balor particip\u00f3 del festejo por el D\u00eda de las Infancias en Villa Espa\u00f1a"},"content":{"rendered":"\n<p class=\"wp-block-paragraph\"><strong>El intendente de Berazategui, Carlos Balor, particip\u00f3 del festejo por el D\u00eda de las Infancias organizado por Vecinos Unidos de Villa Espa\u00f1a. Se realiz\u00f3 en la Plaza del Barrio Luchetti, donde ni\u00f1os y ni\u00f1as disfrutaron de distintas atracciones.<br><\/strong><br>En el lugar, Balor recalc\u00f3: \u00abGracias a todos los que organizaron esta celebraci\u00f3n. Estoy contento de estar junto a ustedes. Vamos a seguir al lado de nuestros vecinos, que es lo que nos ense\u00f1\u00f3 Juan Jos\u00e9 Mussi\u00bb.<\/p>\n\n\n\n<figure class=\"wp-block-image size-large\"><img loading=\"lazy\" decoding=\"async\" width=\"1024\" height=\"683\" src=\"https:\/\/diarioprincipios.com\/wp-content\/uploads\/2026\/09\/Carlos-Balor-participo-del-festejo-por-el-Dia-de-las-Infancias-en-Villa-Espana-2-1024x683.jpg\" alt=\"\" class=\"wp-image-28462\" srcset=\"https:\/\/diarioprincipios.com\/wp-content\/uploads\/2026\/09\/Carlos-Balor-participo-del-festejo-por-el-Dia-de-las-Infancias-en-Villa-Espana-2-1024x683.jpg 1024w, https:\/\/diarioprincipios.com\/wp-content\/uploads\/2026\/09\/Carlos-Balor-participo-del-festejo-por-el-Dia-de-las-Infancias-en-Villa-Espana-2-300x200.jpg 300w, https:\/\/diarioprincipios.com\/wp-content\/uploads\/2026\/09\/Carlos-Balor-participo-del-festejo-por-el-Dia-de-las-Infancias-en-Villa-Espana-2-768x512.jpg 768w, https:\/\/diarioprincipios.com\/wp-content\/uploads\/2026\/09\/Carlos-Balor-participo-del-festejo-por-el-Dia-de-las-Infancias-en-Villa-Espana-2-1536x1024.jpg 1536w, https:\/\/diarioprincipios.com\/wp-content\/uploads\/2026\/09\/Carlos-Balor-participo-del-festejo-por-el-Dia-de-las-Infancias-en-Villa-Espana-2-600x400.jpg 600w, https:\/\/diarioprincipios.com\/wp-content\/uploads\/2026\/09\/Carlos-Balor-participo-del-festejo-por-el-Dia-de-las-Infancias-en-Villa-Espana-2.jpg 1920w\" sizes=\"auto, (max-width: 1024px) 100vw, 1024px\" \/><\/figure>\n\n\n\n<p class=\"wp-block-paragraph\">Como parte del festejo estuvo Cultura Colectiva, de la Secretar\u00eda de Cultura y Educaci\u00f3n municipal, con sus juegos y talleres. Asimismo, la Cartera local de Servicios P\u00fablicos despleg\u00f3 actividades para los m\u00e1s chicos. Adem\u00e1s, hubo m\u00fasica en vivo y sorteos.<\/p>\n\n\n\n<p class=\"wp-block-paragraph\">Estuvieron presentes, tambi\u00e9n, integrantes del Gabinete municipal.<\/p>\n","protected":false},"excerpt":{"rendered":"<p>El intendente de Berazategui, Carlos Balor, particip\u00f3 del festejo por el D\u00eda de las Infancias organizado por Vecinos Unidos de Villa Espa\u00f1a. Se realiz\u00f3 en la Plaza del Barrio Luchetti, donde ni\u00f1os y ni\u00f1as disfrutaron de distintas atracciones.En el lugar, Balor recalc\u00f3: \u00abGracias a todos los que organizaron esta celebraci\u00f3n. Estoy contento de estar junto&#8230;<\/p>\n","protected":false},"author":2,"featured_media":28463,"comment_status":"open","ping_status":"open","sticky":false,"template":"","format":"standard","meta":{"footnotes":""},"categories":[3],"tags":[],"class_list":["post-28461","post","type-post","status-publish","format-standard","has-post-thumbnail","hentry","category-berazategui"],"featured_image_src":"https:\/\/diarioprincipios.com\/wp-content\/uploads\/2026\/09\/Carlos-Balor-participo-del-festejo-por-el-Dia-de-las-Infancias-en-Villa-Espana-1-1024x683.jpg","blog_images":{"medium":"https:\/\/diarioprincipios.com\/wp-content\/uploads\/2026\/09\/Carlos-Balor-participo-del-festejo-por-el-Dia-de-las-Infancias-en-Villa-Espana-1-300x200.jpg","large":"https:\/\/diarioprincipios.com\/wp-content\/uploads\/2026\/09\/Carlos-Balor-participo-del-festejo-por-el-Dia-de-las-Infancias-en-Villa-Espana-1-1024x683.jpg"},"ams_acf":[],"yoast_head":"<!-- This site is optimized with the Yoast SEO plugin v28.3 - https:\/\/yoast.com\/product\/yoast-seo-wordpress\/ -->\n<title>Carlos Balor particip\u00f3 del festejo por el D\u00eda de las Infancias en Villa Espa\u00f1a - Principios<\/title>\n<meta name=\"robots\" content=\"index, follow, max-snippet:-1, max-image-preview:large, max-video-preview:-1\" \/>\n<link rel=\"canonical\" href=\"https:\/\/diarioprincipios.com\/index.php\/2026\/09\/02\/carlos-balor-participo-del-festejo-por-el-dia-de-las-infancias-en-villa-espana\/\" \/>\n<meta property=\"og:locale\" content=\"es_ES\" \/>\n<meta property=\"og:type\" content=\"article\" \/>\n<meta property=\"og:title\" content=\"Carlos Balor particip\u00f3 del festejo por el D\u00eda de las Infancias en Villa Espa\u00f1a - Principios\" \/>\n<meta property=\"og:description\" content=\"El intendente de Berazategui, Carlos Balor, particip\u00f3 del festejo por el D\u00eda de las Infancias organizado por Vecinos Unidos de Villa Espa\u00f1a. Se realiz\u00f3 en la Plaza del Barrio Luchetti, donde ni\u00f1os y ni\u00f1as disfrutaron de distintas atracciones.En el lugar, Balor recalc\u00f3: \u00abGracias a todos los que organizaron esta celebraci\u00f3n. Estoy contento de estar junto...\" \/>\n<meta property=\"og:url\" content=\"https:\/\/diarioprincipios.com\/index.php\/2026\/09\/02\/carlos-balor-participo-del-festejo-por-el-dia-de-las-infancias-en-villa-espana\/\" \/>\n<meta property=\"og:site_name\" content=\"Principios\" \/>\n<meta property=\"article:published_time\" content=\"2026-09-02T17:39:07+00:00\" \/>\n<meta property=\"article:modified_time\" content=\"2026-09-02T17:39:08+00:00\" \/>\n<meta property=\"og:image\" content=\"https:\/\/diarioprincipios.com\/wp-content\/uploads\/2026\/09\/Carlos-Balor-participo-del-festejo-por-el-Dia-de-las-Infancias-en-Villa-Espana-1.jpg\" \/>\n\t<meta property=\"og:image:width\" content=\"1920\" \/>\n\t<meta property=\"og:image:height\" content=\"1280\" \/>\n\t<meta property=\"og:image:type\" content=\"image\/jpeg\" \/>\n<meta name=\"author\" content=\"Hern\u00e1n L\u00f3pez\" \/>\n<meta name=\"twitter:card\" content=\"summary_large_image\" \/>\n<meta name=\"twitter:label1\" content=\"Escrito por\" \/>\n\t<meta name=\"twitter:data1\" content=\"Hern\u00e1n L\u00f3pez\" \/>\n\t<meta name=\"twitter:label2\" content=\"Tiempo de lectura\" \/>\n\t<meta name=\"twitter:data2\" content=\"1 minuto\" \/>\n<script type=\"application\/ld+json\" class=\"yoast-schema-graph\">{\"@context\":\"https:\\\/\\\/schema.org\",\"@graph\":[{\"@type\":\"Article\",\"@id\":\"https:\\\/\\\/diarioprincipios.com\\\/index.php\\\/2026\\\/09\\\/02\\\/carlos-balor-participo-del-festejo-por-el-dia-de-las-infancias-en-villa-espana\\\/#article\",\"isPartOf\":{\"@id\":\"https:\\\/\\\/diarioprincipios.com\\\/index.php\\\/2026\\\/09\\\/02\\\/carlos-balor-participo-del-festejo-por-el-dia-de-las-infancias-en-villa-espana\\\/\"},\"author\":{\"name\":\"Hern\u00e1n L\u00f3pez\",\"@id\":\"https:\\\/\\\/diarioprincipios.com\\\/#\\\/schema\\\/person\\\/436d5a1fd41a5e250e23ff5a6a7cb080\"},\"headline\":\"Carlos Balor particip\u00f3 del festejo por el D\u00eda de las Infancias en Villa Espa\u00f1a\",\"datePublished\":\"2026-09-02T17:39:07+00:00\",\"dateModified\":\"2026-09-02T17:39:08+00:00\",\"mainEntityOfPage\":{\"@id\":\"https:\\\/\\\/diarioprincipios.com\\\/index.php\\\/2026\\\/09\\\/02\\\/carlos-balor-participo-del-festejo-por-el-dia-de-las-infancias-en-villa-espana\\\/\"},\"wordCount\":150,\"commentCount\":0,\"publisher\":{\"@id\":\"https:\\\/\\\/diarioprincipios.com\\\/#organization\"},\"image\":{\"@id\":\"https:\\\/\\\/diarioprincipios.com\\\/index.php\\\/2026\\\/09\\\/02\\\/carlos-balor-participo-del-festejo-por-el-dia-de-las-infancias-en-villa-espana\\\/#primaryimage\"},\"thumbnailUrl\":\"https:\\\/\\\/diarioprincipios.com\\\/wp-content\\\/uploads\\\/2026\\\/09\\\/Carlos-Balor-participo-del-festejo-por-el-Dia-de-las-Infancias-en-Villa-Espana-1.jpg\",\"articleSection\":[\"Berazategui\"],\"inLanguage\":\"es\",\"potentialAction\":[{\"@type\":\"CommentAction\",\"name\":\"Comment\",\"target\":[\"https:\\\/\\\/diarioprincipios.com\\\/index.php\\\/2026\\\/09\\\/02\\\/carlos-balor-participo-del-festejo-por-el-dia-de-las-infancias-en-villa-espana\\\/#respond\"]}]},{\"@type\":\"WebPage\",\"@id\":\"https:\\\/\\\/diarioprincipios.com\\\/index.php\\\/2026\\\/09\\\/02\\\/carlos-balor-participo-del-festejo-por-el-dia-de-las-infancias-en-villa-espana\\\/\",\"url\":\"https:\\\/\\\/diarioprincipios.com\\\/index.php\\\/2026\\\/09\\\/02\\\/carlos-balor-participo-del-festejo-por-el-dia-de-las-infancias-en-villa-espana\\\/\",\"name\":\"Carlos Balor particip\u00f3 del festejo por el D\u00eda de las Infancias en Villa Espa\u00f1a - Principios\",\"isPartOf\":{\"@id\":\"https:\\\/\\\/diarioprincipios.com\\\/#website\"},\"primaryImageOfPage\":{\"@id\":\"https:\\\/\\\/diarioprincipios.com\\\/index.php\\\/2026\\\/09\\\/02\\\/carlos-balor-participo-del-festejo-por-el-dia-de-las-infancias-en-villa-espana\\\/#primaryimage\"},\"image\":{\"@id\":\"https:\\\/\\\/diarioprincipios.com\\\/index.php\\\/2026\\\/09\\\/02\\\/carlos-balor-participo-del-festejo-por-el-dia-de-las-infancias-en-villa-espana\\\/#primaryimage\"},\"thumbnailUrl\":\"https:\\\/\\\/diarioprincipios.com\\\/wp-content\\\/uploads\\\/2026\\\/09\\\/Carlos-Balor-participo-del-festejo-por-el-Dia-de-las-Infancias-en-Villa-Espana-1.jpg\",\"datePublished\":\"2026-09-02T17:39:07+00:00\",\"dateModified\":\"2026-09-02T17:39:08+00:00\",\"breadcrumb\":{\"@id\":\"https:\\\/\\\/diarioprincipios.com\\\/index.php\\\/2026\\\/09\\\/02\\\/carlos-balor-participo-del-festejo-por-el-dia-de-las-infancias-en-villa-espana\\\/#breadcrumb\"},\"inLanguage\":\"es\",\"potentialAction\":[{\"@type\":\"ReadAction\",\"target\":[\"https:\\\/\\\/diarioprincipios.com\\\/index.php\\\/2026\\\/09\\\/02\\\/carlos-balor-participo-del-festejo-por-el-dia-de-las-infancias-en-villa-espana\\\/\"]}]},{\"@type\":\"ImageObject\",\"inLanguage\":\"es\",\"@id\":\"https:\\\/\\\/diarioprincipios.com\\\/index.php\\\/2026\\\/09\\\/02\\\/carlos-balor-participo-del-festejo-por-el-dia-de-las-infancias-en-villa-espana\\\/#primaryimage\",\"url\":\"https:\\\/\\\/diarioprincipios.com\\\/wp-content\\\/uploads\\\/2026\\\/09\\\/Carlos-Balor-participo-del-festejo-por-el-Dia-de-las-Infancias-en-Villa-Espana-1.jpg\",\"contentUrl\":\"https:\\\/\\\/diarioprincipios.com\\\/wp-content\\\/uploads\\\/2026\\\/09\\\/Carlos-Balor-participo-del-festejo-por-el-Dia-de-las-Infancias-en-Villa-Espana-1.jpg\",\"width\":1920,\"height\":1280},{\"@type\":\"BreadcrumbList\",\"@id\":\"https:\\\/\\\/diarioprincipios.com\\\/index.php\\\/2026\\\/09\\\/02\\\/carlos-balor-participo-del-festejo-por-el-dia-de-las-infancias-en-villa-espana\\\/#breadcrumb\",\"itemListElement\":[{\"@type\":\"ListItem\",\"position\":1,\"name\":\"Portada\",\"item\":\"https:\\\/\\\/diarioprincipios.com\\\/\"},{\"@type\":\"ListItem\",\"position\":2,\"name\":\"Carlos Balor particip\u00f3 del festejo por el D\u00eda de las Infancias en Villa Espa\u00f1a\"}]},{\"@type\":\"WebSite\",\"@id\":\"https:\\\/\\\/diarioprincipios.com\\\/#website\",\"url\":\"https:\\\/\\\/diarioprincipios.com\\\/\",\"name\":\"Principios\",\"description\":\"Principios Diario\",\"publisher\":{\"@id\":\"https:\\\/\\\/diarioprincipios.com\\\/#organization\"},\"potentialAction\":[{\"@type\":\"SearchAction\",\"target\":{\"@type\":\"EntryPoint\",\"urlTemplate\":\"https:\\\/\\\/diarioprincipios.com\\\/?s={search_term_string}\"},\"query-input\":{\"@type\":\"PropertyValueSpecification\",\"valueRequired\":true,\"valueName\":\"search_term_string\"}}],\"inLanguage\":\"es\"},{\"@type\":\"Organization\",\"@id\":\"https:\\\/\\\/diarioprincipios.com\\\/#organization\",\"name\":\"Principios\",\"url\":\"https:\\\/\\\/diarioprincipios.com\\\/\",\"logo\":{\"@type\":\"ImageObject\",\"inLanguage\":\"es\",\"@id\":\"https:\\\/\\\/diarioprincipios.com\\\/#\\\/schema\\\/logo\\\/image\\\/\",\"url\":\"https:\\\/\\\/diarioprincipios.com\\\/wp-content\\\/uploads\\\/2026\\\/08\\\/cropped-LOGO-scaled-1.png\",\"contentUrl\":\"https:\\\/\\\/diarioprincipios.com\\\/wp-content\\\/uploads\\\/2026\\\/08\\\/cropped-LOGO-scaled-1.png\",\"width\":2407,\"height\":594,\"caption\":\"Principios\"},\"image\":{\"@id\":\"https:\\\/\\\/diarioprincipios.com\\\/#\\\/schema\\\/logo\\\/image\\\/\"}},{\"@type\":\"Person\",\"@id\":\"https:\\\/\\\/diarioprincipios.com\\\/#\\\/schema\\\/person\\\/436d5a1fd41a5e250e23ff5a6a7cb080\",\"name\":\"Hern\u00e1n L\u00f3pez\",\"image\":{\"@type\":\"ImageObject\",\"inLanguage\":\"es\",\"@id\":\"https:\\\/\\\/diarioprincipios.com\\\/wp-content\\\/litespeed\\\/avatar\\\/11ddfe5610ff3bd100522525b2571f48.jpg?ver=1787935507\",\"url\":\"https:\\\/\\\/diarioprincipios.com\\\/wp-content\\\/litespeed\\\/avatar\\\/11ddfe5610ff3bd100522525b2571f48.jpg?ver=1787935507\",\"contentUrl\":\"https:\\\/\\\/diarioprincipios.com\\\/wp-content\\\/litespeed\\\/avatar\\\/11ddfe5610ff3bd100522525b2571f48.jpg?ver=1787935507\",\"caption\":\"Hern\u00e1n L\u00f3pez\"},\"url\":\"https:\\\/\\\/diarioprincipios.com\\\/index.php\\\/author\\\/hernan\\\/\"}]}<\/script>\n<!-- \/ Yoast SEO plugin. -->","yoast_head_json":{"title":"Carlos Balor particip\u00f3 del festejo por el D\u00eda de las Infancias en Villa Espa\u00f1a - Principios","robots":{"index":"index","follow":"follow","max-snippet":"max-snippet:-1","max-image-preview":"max-image-preview:large","max-video-preview":"max-video-preview:-1"},"canonical":"https:\/\/diarioprincipios.com\/index.php\/2026\/09\/02\/carlos-balor-participo-del-festejo-por-el-dia-de-las-infancias-en-villa-espana\/","og_locale":"es_ES","og_type":"article","og_title":"Carlos Balor particip\u00f3 del festejo por el D\u00eda de las Infancias en Villa Espa\u00f1a - Principios","og_description":"El intendente de Berazategui, Carlos Balor, particip\u00f3 del festejo por el D\u00eda de las Infancias organizado por Vecinos Unidos de Villa Espa\u00f1a. Se realiz\u00f3 en la Plaza del Barrio Luchetti, donde ni\u00f1os y ni\u00f1as disfrutaron de distintas atracciones.En el lugar, Balor recalc\u00f3: \u00abGracias a todos los que organizaron esta celebraci\u00f3n. Estoy contento de estar junto...","og_url":"https:\/\/diarioprincipios.com\/index.php\/2026\/09\/02\/carlos-balor-participo-del-festejo-por-el-dia-de-las-infancias-en-villa-espana\/","og_site_name":"Principios","article_published_time":"2026-09-02T17:39:07+00:00","article_modified_time":"2026-09-02T17:39:08+00:00","og_image":[{"width":1920,"height":1280,"url":"https:\/\/diarioprincipios.com\/wp-content\/uploads\/2026\/09\/Carlos-Balor-participo-del-festejo-por-el-Dia-de-las-Infancias-en-Villa-Espana-1.jpg","type":"image\/jpeg"}],"author":"Hern\u00e1n L\u00f3pez","twitter_card":"summary_large_image","twitter_misc":{"Escrito por":"Hern\u00e1n L\u00f3pez","Tiempo de lectura":"1 minuto"},"schema":{"@context":"https:\/\/schema.org","@graph":[{"@type":"Article","@id":"https:\/\/diarioprincipios.com\/index.php\/2026\/09\/02\/carlos-balor-participo-del-festejo-por-el-dia-de-las-infancias-en-villa-espana\/#article","isPartOf":{"@id":"https:\/\/diarioprincipios.com\/index.php\/2026\/09\/02\/carlos-balor-participo-del-festejo-por-el-dia-de-las-infancias-en-villa-espana\/"},"author":{"name":"Hern\u00e1n L\u00f3pez","@id":"https:\/\/diarioprincipios.com\/#\/schema\/person\/436d5a1fd41a5e250e23ff5a6a7cb080"},"headline":"Carlos Balor particip\u00f3 del festejo por el D\u00eda de las Infancias en Villa Espa\u00f1a","datePublished":"2026-09-02T17:39:07+00:00","dateModified":"2026-09-02T17:39:08+00:00","mainEntityOfPage":{"@id":"https:\/\/diarioprincipios.com\/index.php\/2026\/09\/02\/carlos-balor-participo-del-festejo-por-el-dia-de-las-infancias-en-villa-espana\/"},"wordCount":150,"commentCount":0,"publisher":{"@id":"https:\/\/diarioprincipios.com\/#organization"},"image":{"@id":"https:\/\/diarioprincipios.com\/index.php\/2026\/09\/02\/carlos-balor-participo-del-festejo-por-el-dia-de-las-infancias-en-villa-espana\/#primaryimage"},"thumbnailUrl":"https:\/\/diarioprincipios.com\/wp-content\/uploads\/2026\/09\/Carlos-Balor-participo-del-festejo-por-el-Dia-de-las-Infancias-en-Villa-Espana-1.jpg","articleSection":["Berazategui"],"inLanguage":"es","potentialAction":[{"@type":"CommentAction","name":"Comment","target":["https:\/\/diarioprincipios.com\/index.php\/2026\/09\/02\/carlos-balor-participo-del-festejo-por-el-dia-de-las-infancias-en-villa-espana\/#respond"]}]},{"@type":"WebPage","@id":"https:\/\/diarioprincipios.com\/index.php\/2026\/09\/02\/carlos-balor-participo-del-festejo-por-el-dia-de-las-infancias-en-villa-espana\/","url":"https:\/\/diarioprincipios.com\/index.php\/2026\/09\/02\/carlos-balor-participo-del-festejo-por-el-dia-de-las-infancias-en-villa-espana\/","name":"Carlos Balor particip\u00f3 del festejo por el D\u00eda de las Infancias en Villa Espa\u00f1a - Principios","isPartOf":{"@id":"https:\/\/diarioprincipios.com\/#website"},"primaryImageOfPage":{"@id":"https:\/\/diarioprincipios.com\/index.php\/2026\/09\/02\/carlos-balor-participo-del-festejo-por-el-dia-de-las-infancias-en-villa-espana\/#primaryimage"},"image":{"@id":"https:\/\/diarioprincipios.com\/index.php\/2026\/09\/02\/carlos-balor-participo-del-festejo-por-el-dia-de-las-infancias-en-villa-espana\/#primaryimage"},"thumbnailUrl":"https:\/\/diarioprincipios.com\/wp-content\/uploads\/2026\/09\/Carlos-Balor-participo-del-festejo-por-el-Dia-de-las-Infancias-en-Villa-Espana-1.jpg","datePublished":"2026-09-02T17:39:07+00:00","dateModified":"2026-09-02T17:39:08+00:00","breadcrumb":{"@id":"https:\/\/diarioprincipios.com\/index.php\/2026\/09\/02\/carlos-balor-participo-del-festejo-por-el-dia-de-las-infancias-en-villa-espana\/#breadcrumb"},"inLanguage":"es","potentialAction":[{"@type":"ReadAction","target":["https:\/\/diarioprincipios.com\/index.php\/2026\/09\/02\/carlos-balor-participo-del-festejo-por-el-dia-de-las-infancias-en-villa-espana\/"]}]},{"@type":"ImageObject","inLanguage":"es","@id":"https:\/\/diarioprincipios.com\/index.php\/2026\/09\/02\/carlos-balor-participo-del-festejo-por-el-dia-de-las-infancias-en-villa-espana\/#primaryimage","url":"https:\/\/diarioprincipios.com\/wp-content\/uploads\/2026\/09\/Carlos-Balor-participo-del-festejo-por-el-Dia-de-las-Infancias-en-Villa-Espana-1.jpg","contentUrl":"https:\/\/diarioprincipios.com\/wp-content\/uploads\/2026\/09\/Carlos-Balor-participo-del-festejo-por-el-Dia-de-las-Infancias-en-Villa-Espana-1.jpg","width":1920,"height":1280},{"@type":"BreadcrumbList","@id":"https:\/\/diarioprincipios.com\/index.php\/2026\/09\/02\/carlos-balor-participo-del-festejo-por-el-dia-de-las-infancias-en-villa-espana\/#breadcrumb","itemListElement":[{"@type":"ListItem","position":1,"name":"Portada","item":"https:\/\/diarioprincipios.com\/"},{"@type":"ListItem","position":2,"name":"Carlos Balor particip\u00f3 del festejo por el D\u00eda de las Infancias en Villa Espa\u00f1a"}]},{"@type":"WebSite","@id":"https:\/\/diarioprincipios.com\/#website","url":"https:\/\/diarioprincipios.com\/","name":"Principios","description":"Principios Diario","publisher":{"@id":"https:\/\/diarioprincipios.com\/#organization"},"potentialAction":[{"@type":"SearchAction","target":{"@type":"EntryPoint","urlTemplate":"https:\/\/diarioprincipios.com\/?s={search_term_string}"},"query-input":{"@type":"PropertyValueSpecification","valueRequired":true,"valueName":"search_term_string"}}],"inLanguage":"es"},{"@type":"Organization","@id":"https:\/\/diarioprincipios.com\/#organization","name":"Principios","url":"https:\/\/diarioprincipios.com\/","logo":{"@type":"ImageObject","inLanguage":"es","@id":"https:\/\/diarioprincipios.com\/#\/schema\/logo\/image\/","url":"https:\/\/diarioprincipios.com\/wp-content\/uploads\/2026\/08\/cropped-LOGO-scaled-1.png","contentUrl":"https:\/\/diarioprincipios.com\/wp-content\/uploads\/2026\/08\/cropped-LOGO-scaled-1.png","width":2407,"height":594,"caption":"Principios"},"image":{"@id":"https:\/\/diarioprincipios.com\/#\/schema\/logo\/image\/"}},{"@type":"Person","@id":"https:\/\/diarioprincipios.com\/#\/schema\/person\/436d5a1fd41a5e250e23ff5a6a7cb080","name":"Hern\u00e1n L\u00f3pez","image":{"@type":"ImageObject","inLanguage":"es","@id":"https:\/\/diarioprincipios.com\/wp-content\/litespeed\/avatar\/11ddfe5610ff3bd100522525b2571f48.jpg?ver=1787935507","url":"https:\/\/diarioprincipios.com\/wp-content\/litespeed\/avatar\/11ddfe5610ff3bd100522525b2571f48.jpg?ver=1787935507","contentUrl":"https:\/\/diarioprincipios.com\/wp-content\/litespeed\/avatar\/11ddfe5610ff3bd100522525b2571f48.jpg?ver=1787935507","caption":"Hern\u00e1n L\u00f3pez"},"url":"https:\/\/diarioprincipios.com\/index.php\/author\/hernan\/"}]}},"jetpack_featured_media_url":"https:\/\/diarioprincipios.com\/wp-content\/uploads\/2026\/09\/Carlos-Balor-participo-del-festejo-por-el-Dia-de-las-Infancias-en-Villa-Espana-1.jpg","_links":{"self":[{"href":"https:\/\/diarioprincipios.com\/index.php\/wp-json\/wp\/v2\/posts\/28461","targetHints":{"allow":["GET"]}}],"collection":[{"href":"https:\/\/diarioprincipios.com\/index.php\/wp-json\/wp\/v2\/posts"}],"about":[{"href":"https:\/\/diarioprincipios.com\/index.php\/wp-json\/wp\/v2\/types\/post"}],"author":[{"embeddable":true,"href":"https:\/\/diarioprincipios.com\/index.php\/wp-json\/wp\/v2\/users\/2"}],"replies":[{"embeddable":true,"href":"https:\/\/diarioprincipios.com\/index.php\/wp-json\/wp\/v2\/comments?post=28461"}],"version-history":[{"count":1,"href":"https:\/\/diarioprincipios.com\/index.php\/wp-json\/wp\/v2\/posts\/28461\/revisions"}],"predecessor-version":[{"id":28464,"href":"https:\/\/diarioprincipios.com\/index.php\/wp-json\/wp\/v2\/posts\/28461\/revisions\/28464"}],"wp:featuredmedia":[{"embeddable":true,"href":"https:\/\/diarioprincipios.com\/index.php\/wp-json\/wp\/v2\/media\/28463"}],"wp:attachment":[{"href":"https:\/\/diarioprincipios.com\/index.php\/wp-json\/wp\/v2\/media?parent=28461"}],"wp:term":[{"taxonomy":"category","embeddable":true,"href":"https:\/\/diarioprincipios.com\/index.php\/wp-json\/wp\/v2\/categories?post=28461"},{"taxonomy":"post_tag","embeddable":true,"href":"https:\/\/diarioprincipios.com\/index.php\/wp-json\/wp\/v2\/tags?post=28461"}],"curies":[{"name":"wp","href":"https:\/\/api.w.org\/{rel}","templated":true}]}}