{"id":28457,"date":"2026-09-02T13:07:21","date_gmt":"2026-09-02T16:07:21","guid":{"rendered":"https:\/\/diarioprincipios.com\/?p=28457"},"modified":"2026-09-02T13:07:22","modified_gmt":"2026-09-02T16:07:22","slug":"el-centro-de-jubilados-12-de-octubre-festejo-su-33-aniversario","status":"publish","type":"post","link":"https:\/\/diarioprincipios.com\/index.php\/2026\/09\/02\/el-centro-de-jubilados-12-de-octubre-festejo-su-33-aniversario\/","title":{"rendered":"El Centro de Jubilados 12 de Octubre festej\u00f3 su 33\u00b0 aniversario"},"content":{"rendered":"\n<p class=\"wp-block-paragraph\"><strong>El Centro de Jubilados 12 de Octubre celebr\u00f3 sus 33 a\u00f1os con un encuentro al que asistieron vecinos, vecinas y el intendente municipal, Carlos Balor, quien recalc\u00f3 la importancia de este tipo de instituciones.<\/strong><\/p>\n\n\n\n<p class=\"wp-block-paragraph\">\u00abUstedes hacen mucho por los vecinos mayores. Todos los Centros de Jubilados de Berazategui nos enorgullecen. Nos hace bien venir a estas instituciones y nos carga las pilas. Vamos a seguir trabajando por los Centros, como lo hac\u00eda Juan Jos\u00e9 Mussi. Les pedimos que no aflojen; vamos a estar siempre al lado de ustedes\u00bb, remarc\u00f3 Carlos Balor.<\/p>\n\n\n\n<figure class=\"wp-block-image size-large\"><img loading=\"lazy\" decoding=\"async\" width=\"1024\" height=\"683\" src=\"https:\/\/diarioprincipios.com\/wp-content\/uploads\/2026\/09\/El-Centro-de-Jubilados-12-de-Octubre-festejo-su-33\u00b0-aniversario-4-1024x683.jpg\" alt=\"\" class=\"wp-image-28458\" srcset=\"https:\/\/diarioprincipios.com\/wp-content\/uploads\/2026\/09\/El-Centro-de-Jubilados-12-de-Octubre-festejo-su-33\u00b0-aniversario-4-1024x683.jpg 1024w, https:\/\/diarioprincipios.com\/wp-content\/uploads\/2026\/09\/El-Centro-de-Jubilados-12-de-Octubre-festejo-su-33\u00b0-aniversario-4-300x200.jpg 300w, https:\/\/diarioprincipios.com\/wp-content\/uploads\/2026\/09\/El-Centro-de-Jubilados-12-de-Octubre-festejo-su-33\u00b0-aniversario-4-768x512.jpg 768w, https:\/\/diarioprincipios.com\/wp-content\/uploads\/2026\/09\/El-Centro-de-Jubilados-12-de-Octubre-festejo-su-33\u00b0-aniversario-4-1536x1024.jpg 1536w, https:\/\/diarioprincipios.com\/wp-content\/uploads\/2026\/09\/El-Centro-de-Jubilados-12-de-Octubre-festejo-su-33\u00b0-aniversario-4-600x400.jpg 600w, https:\/\/diarioprincipios.com\/wp-content\/uploads\/2026\/09\/El-Centro-de-Jubilados-12-de-Octubre-festejo-su-33\u00b0-aniversario-4.jpg 1920w\" sizes=\"auto, (max-width: 1024px) 100vw, 1024px\" \/><\/figure>\n\n\n\n<p class=\"wp-block-paragraph\">En tanto, la presidenta del Centro de Jubilados, Mercedes Villar, expres\u00f3: \u201c\u00c9ste es un espacio de encuentro y contenci\u00f3n para los mayores. Por eso, muchas gracias al Intendente por visitarnos y por la ayuda que nos da siempre la Municipalidad\u00bb.<\/p>\n\n\n\n<p class=\"wp-block-paragraph\">Junto al intendente Carlos Balor, estuvieron integrantes del Gabinete municipal.<\/p>\n","protected":false},"excerpt":{"rendered":"<p>El Centro de Jubilados 12 de Octubre celebr\u00f3 sus 33 a\u00f1os con un encuentro al que asistieron vecinos, vecinas y el intendente municipal, Carlos Balor, quien recalc\u00f3 la importancia de este tipo de instituciones. \u00abUstedes hacen mucho por los vecinos mayores. Todos los Centros de Jubilados de Berazategui nos enorgullecen. Nos hace bien venir a&#8230;<\/p>\n","protected":false},"author":2,"featured_media":28459,"comment_status":"open","ping_status":"open","sticky":false,"template":"","format":"standard","meta":{"footnotes":""},"categories":[3],"tags":[],"class_list":["post-28457","post","type-post","status-publish","format-standard","has-post-thumbnail","hentry","category-berazategui"],"featured_image_src":"https:\/\/diarioprincipios.com\/wp-content\/uploads\/2026\/09\/El-Centro-de-Jubilados-12-de-Octubre-festejo-su-33\u00b0-aniversario-1-1024x683.jpg","blog_images":{"medium":"https:\/\/diarioprincipios.com\/wp-content\/uploads\/2026\/09\/El-Centro-de-Jubilados-12-de-Octubre-festejo-su-33\u00b0-aniversario-1-300x200.jpg","large":"https:\/\/diarioprincipios.com\/wp-content\/uploads\/2026\/09\/El-Centro-de-Jubilados-12-de-Octubre-festejo-su-33\u00b0-aniversario-1-1024x683.jpg"},"ams_acf":[],"yoast_head":"<!-- This site is optimized with the Yoast SEO plugin v28.3 - https:\/\/yoast.com\/product\/yoast-seo-wordpress\/ -->\n<title>El Centro de Jubilados 12 de Octubre festej\u00f3 su 33\u00b0 aniversario - Principios<\/title>\n<meta name=\"robots\" content=\"index, follow, max-snippet:-1, max-image-preview:large, max-video-preview:-1\" \/>\n<link rel=\"canonical\" href=\"https:\/\/diarioprincipios.com\/index.php\/2026\/09\/02\/el-centro-de-jubilados-12-de-octubre-festejo-su-33-aniversario\/\" \/>\n<meta property=\"og:locale\" content=\"es_ES\" \/>\n<meta property=\"og:type\" content=\"article\" \/>\n<meta property=\"og:title\" content=\"El Centro de Jubilados 12 de Octubre festej\u00f3 su 33\u00b0 aniversario - Principios\" \/>\n<meta property=\"og:description\" content=\"El Centro de Jubilados 12 de Octubre celebr\u00f3 sus 33 a\u00f1os con un encuentro al que asistieron vecinos, vecinas y el intendente municipal, Carlos Balor, quien recalc\u00f3 la importancia de este tipo de instituciones. \u00abUstedes hacen mucho por los vecinos mayores. Todos los Centros de Jubilados de Berazategui nos enorgullecen. Nos hace bien venir a...\" \/>\n<meta property=\"og:url\" content=\"https:\/\/diarioprincipios.com\/index.php\/2026\/09\/02\/el-centro-de-jubilados-12-de-octubre-festejo-su-33-aniversario\/\" \/>\n<meta property=\"og:site_name\" content=\"Principios\" \/>\n<meta property=\"article:published_time\" content=\"2026-09-02T16:07:21+00:00\" \/>\n<meta property=\"article:modified_time\" content=\"2026-09-02T16:07:22+00:00\" \/>\n<meta property=\"og:image\" content=\"https:\/\/diarioprincipios.com\/wp-content\/uploads\/2026\/09\/El-Centro-de-Jubilados-12-de-Octubre-festejo-su-33\u00b0-aniversario-1.jpg\" \/>\n\t<meta property=\"og:image:width\" content=\"1920\" \/>\n\t<meta property=\"og:image:height\" content=\"1280\" \/>\n\t<meta property=\"og:image:type\" content=\"image\/jpeg\" \/>\n<meta name=\"author\" content=\"Hern\u00e1n L\u00f3pez\" \/>\n<meta name=\"twitter:card\" content=\"summary_large_image\" \/>\n<meta name=\"twitter:label1\" content=\"Escrito por\" \/>\n\t<meta name=\"twitter:data1\" content=\"Hern\u00e1n L\u00f3pez\" \/>\n\t<meta name=\"twitter:label2\" content=\"Tiempo de lectura\" \/>\n\t<meta name=\"twitter:data2\" content=\"2 minutos\" \/>\n<script type=\"application\/ld+json\" class=\"yoast-schema-graph\">{\"@context\":\"https:\\\/\\\/schema.org\",\"@graph\":[{\"@type\":\"Article\",\"@id\":\"https:\\\/\\\/diarioprincipios.com\\\/index.php\\\/2026\\\/09\\\/02\\\/el-centro-de-jubilados-12-de-octubre-festejo-su-33-aniversario\\\/#article\",\"isPartOf\":{\"@id\":\"https:\\\/\\\/diarioprincipios.com\\\/index.php\\\/2026\\\/09\\\/02\\\/el-centro-de-jubilados-12-de-octubre-festejo-su-33-aniversario\\\/\"},\"author\":{\"name\":\"Hern\u00e1n L\u00f3pez\",\"@id\":\"https:\\\/\\\/diarioprincipios.com\\\/#\\\/schema\\\/person\\\/436d5a1fd41a5e250e23ff5a6a7cb080\"},\"headline\":\"El Centro de Jubilados 12 de Octubre festej\u00f3 su 33\u00b0 aniversario\",\"datePublished\":\"2026-09-02T16:07:21+00:00\",\"dateModified\":\"2026-09-02T16:07:22+00:00\",\"mainEntityOfPage\":{\"@id\":\"https:\\\/\\\/diarioprincipios.com\\\/index.php\\\/2026\\\/09\\\/02\\\/el-centro-de-jubilados-12-de-octubre-festejo-su-33-aniversario\\\/\"},\"wordCount\":151,\"commentCount\":0,\"publisher\":{\"@id\":\"https:\\\/\\\/diarioprincipios.com\\\/#organization\"},\"image\":{\"@id\":\"https:\\\/\\\/diarioprincipios.com\\\/index.php\\\/2026\\\/09\\\/02\\\/el-centro-de-jubilados-12-de-octubre-festejo-su-33-aniversario\\\/#primaryimage\"},\"thumbnailUrl\":\"https:\\\/\\\/diarioprincipios.com\\\/wp-content\\\/uploads\\\/2026\\\/09\\\/El-Centro-de-Jubilados-12-de-Octubre-festejo-su-33\u00b0-aniversario-1.jpg\",\"articleSection\":[\"Berazategui\"],\"inLanguage\":\"es\",\"potentialAction\":[{\"@type\":\"CommentAction\",\"name\":\"Comment\",\"target\":[\"https:\\\/\\\/diarioprincipios.com\\\/index.php\\\/2026\\\/09\\\/02\\\/el-centro-de-jubilados-12-de-octubre-festejo-su-33-aniversario\\\/#respond\"]}]},{\"@type\":\"WebPage\",\"@id\":\"https:\\\/\\\/diarioprincipios.com\\\/index.php\\\/2026\\\/09\\\/02\\\/el-centro-de-jubilados-12-de-octubre-festejo-su-33-aniversario\\\/\",\"url\":\"https:\\\/\\\/diarioprincipios.com\\\/index.php\\\/2026\\\/09\\\/02\\\/el-centro-de-jubilados-12-de-octubre-festejo-su-33-aniversario\\\/\",\"name\":\"El Centro de Jubilados 12 de Octubre festej\u00f3 su 33\u00b0 aniversario - Principios\",\"isPartOf\":{\"@id\":\"https:\\\/\\\/diarioprincipios.com\\\/#website\"},\"primaryImageOfPage\":{\"@id\":\"https:\\\/\\\/diarioprincipios.com\\\/index.php\\\/2026\\\/09\\\/02\\\/el-centro-de-jubilados-12-de-octubre-festejo-su-33-aniversario\\\/#primaryimage\"},\"image\":{\"@id\":\"https:\\\/\\\/diarioprincipios.com\\\/index.php\\\/2026\\\/09\\\/02\\\/el-centro-de-jubilados-12-de-octubre-festejo-su-33-aniversario\\\/#primaryimage\"},\"thumbnailUrl\":\"https:\\\/\\\/diarioprincipios.com\\\/wp-content\\\/uploads\\\/2026\\\/09\\\/El-Centro-de-Jubilados-12-de-Octubre-festejo-su-33\u00b0-aniversario-1.jpg\",\"datePublished\":\"2026-09-02T16:07:21+00:00\",\"dateModified\":\"2026-09-02T16:07:22+00:00\",\"breadcrumb\":{\"@id\":\"https:\\\/\\\/diarioprincipios.com\\\/index.php\\\/2026\\\/09\\\/02\\\/el-centro-de-jubilados-12-de-octubre-festejo-su-33-aniversario\\\/#breadcrumb\"},\"inLanguage\":\"es\",\"potentialAction\":[{\"@type\":\"ReadAction\",\"target\":[\"https:\\\/\\\/diarioprincipios.com\\\/index.php\\\/2026\\\/09\\\/02\\\/el-centro-de-jubilados-12-de-octubre-festejo-su-33-aniversario\\\/\"]}]},{\"@type\":\"ImageObject\",\"inLanguage\":\"es\",\"@id\":\"https:\\\/\\\/diarioprincipios.com\\\/index.php\\\/2026\\\/09\\\/02\\\/el-centro-de-jubilados-12-de-octubre-festejo-su-33-aniversario\\\/#primaryimage\",\"url\":\"https:\\\/\\\/diarioprincipios.com\\\/wp-content\\\/uploads\\\/2026\\\/09\\\/El-Centro-de-Jubilados-12-de-Octubre-festejo-su-33\u00b0-aniversario-1.jpg\",\"contentUrl\":\"https:\\\/\\\/diarioprincipios.com\\\/wp-content\\\/uploads\\\/2026\\\/09\\\/El-Centro-de-Jubilados-12-de-Octubre-festejo-su-33\u00b0-aniversario-1.jpg\",\"width\":1920,\"height\":1280},{\"@type\":\"BreadcrumbList\",\"@id\":\"https:\\\/\\\/diarioprincipios.com\\\/index.php\\\/2026\\\/09\\\/02\\\/el-centro-de-jubilados-12-de-octubre-festejo-su-33-aniversario\\\/#breadcrumb\",\"itemListElement\":[{\"@type\":\"ListItem\",\"position\":1,\"name\":\"Portada\",\"item\":\"https:\\\/\\\/diarioprincipios.com\\\/\"},{\"@type\":\"ListItem\",\"position\":2,\"name\":\"El Centro de Jubilados 12 de Octubre festej\u00f3 su 33\u00b0 aniversario\"}]},{\"@type\":\"WebSite\",\"@id\":\"https:\\\/\\\/diarioprincipios.com\\\/#website\",\"url\":\"https:\\\/\\\/diarioprincipios.com\\\/\",\"name\":\"Principios\",\"description\":\"Principios Diario\",\"publisher\":{\"@id\":\"https:\\\/\\\/diarioprincipios.com\\\/#organization\"},\"potentialAction\":[{\"@type\":\"SearchAction\",\"target\":{\"@type\":\"EntryPoint\",\"urlTemplate\":\"https:\\\/\\\/diarioprincipios.com\\\/?s={search_term_string}\"},\"query-input\":{\"@type\":\"PropertyValueSpecification\",\"valueRequired\":true,\"valueName\":\"search_term_string\"}}],\"inLanguage\":\"es\"},{\"@type\":\"Organization\",\"@id\":\"https:\\\/\\\/diarioprincipios.com\\\/#organization\",\"name\":\"Principios\",\"url\":\"https:\\\/\\\/diarioprincipios.com\\\/\",\"logo\":{\"@type\":\"ImageObject\",\"inLanguage\":\"es\",\"@id\":\"https:\\\/\\\/diarioprincipios.com\\\/#\\\/schema\\\/logo\\\/image\\\/\",\"url\":\"https:\\\/\\\/diarioprincipios.com\\\/wp-content\\\/uploads\\\/2026\\\/08\\\/cropped-LOGO-scaled-1.png\",\"contentUrl\":\"https:\\\/\\\/diarioprincipios.com\\\/wp-content\\\/uploads\\\/2026\\\/08\\\/cropped-LOGO-scaled-1.png\",\"width\":2407,\"height\":594,\"caption\":\"Principios\"},\"image\":{\"@id\":\"https:\\\/\\\/diarioprincipios.com\\\/#\\\/schema\\\/logo\\\/image\\\/\"}},{\"@type\":\"Person\",\"@id\":\"https:\\\/\\\/diarioprincipios.com\\\/#\\\/schema\\\/person\\\/436d5a1fd41a5e250e23ff5a6a7cb080\",\"name\":\"Hern\u00e1n L\u00f3pez\",\"image\":{\"@type\":\"ImageObject\",\"inLanguage\":\"es\",\"@id\":\"https:\\\/\\\/diarioprincipios.com\\\/wp-content\\\/litespeed\\\/avatar\\\/11ddfe5610ff3bd100522525b2571f48.jpg?ver=1787935507\",\"url\":\"https:\\\/\\\/diarioprincipios.com\\\/wp-content\\\/litespeed\\\/avatar\\\/11ddfe5610ff3bd100522525b2571f48.jpg?ver=1787935507\",\"contentUrl\":\"https:\\\/\\\/diarioprincipios.com\\\/wp-content\\\/litespeed\\\/avatar\\\/11ddfe5610ff3bd100522525b2571f48.jpg?ver=1787935507\",\"caption\":\"Hern\u00e1n L\u00f3pez\"},\"url\":\"https:\\\/\\\/diarioprincipios.com\\\/index.php\\\/author\\\/hernan\\\/\"}]}<\/script>\n<!-- \/ Yoast SEO plugin. -->","yoast_head_json":{"title":"El Centro de Jubilados 12 de Octubre festej\u00f3 su 33\u00b0 aniversario - Principios","robots":{"index":"index","follow":"follow","max-snippet":"max-snippet:-1","max-image-preview":"max-image-preview:large","max-video-preview":"max-video-preview:-1"},"canonical":"https:\/\/diarioprincipios.com\/index.php\/2026\/09\/02\/el-centro-de-jubilados-12-de-octubre-festejo-su-33-aniversario\/","og_locale":"es_ES","og_type":"article","og_title":"El Centro de Jubilados 12 de Octubre festej\u00f3 su 33\u00b0 aniversario - Principios","og_description":"El Centro de Jubilados 12 de Octubre celebr\u00f3 sus 33 a\u00f1os con un encuentro al que asistieron vecinos, vecinas y el intendente municipal, Carlos Balor, quien recalc\u00f3 la importancia de este tipo de instituciones. \u00abUstedes hacen mucho por los vecinos mayores. Todos los Centros de Jubilados de Berazategui nos enorgullecen. Nos hace bien venir a...","og_url":"https:\/\/diarioprincipios.com\/index.php\/2026\/09\/02\/el-centro-de-jubilados-12-de-octubre-festejo-su-33-aniversario\/","og_site_name":"Principios","article_published_time":"2026-09-02T16:07:21+00:00","article_modified_time":"2026-09-02T16:07:22+00:00","og_image":[{"width":1920,"height":1280,"url":"https:\/\/diarioprincipios.com\/wp-content\/uploads\/2026\/09\/El-Centro-de-Jubilados-12-de-Octubre-festejo-su-33\u00b0-aniversario-1.jpg","type":"image\/jpeg"}],"author":"Hern\u00e1n L\u00f3pez","twitter_card":"summary_large_image","twitter_misc":{"Escrito por":"Hern\u00e1n L\u00f3pez","Tiempo de lectura":"2 minutos"},"schema":{"@context":"https:\/\/schema.org","@graph":[{"@type":"Article","@id":"https:\/\/diarioprincipios.com\/index.php\/2026\/09\/02\/el-centro-de-jubilados-12-de-octubre-festejo-su-33-aniversario\/#article","isPartOf":{"@id":"https:\/\/diarioprincipios.com\/index.php\/2026\/09\/02\/el-centro-de-jubilados-12-de-octubre-festejo-su-33-aniversario\/"},"author":{"name":"Hern\u00e1n L\u00f3pez","@id":"https:\/\/diarioprincipios.com\/#\/schema\/person\/436d5a1fd41a5e250e23ff5a6a7cb080"},"headline":"El Centro de Jubilados 12 de Octubre festej\u00f3 su 33\u00b0 aniversario","datePublished":"2026-09-02T16:07:21+00:00","dateModified":"2026-09-02T16:07:22+00:00","mainEntityOfPage":{"@id":"https:\/\/diarioprincipios.com\/index.php\/2026\/09\/02\/el-centro-de-jubilados-12-de-octubre-festejo-su-33-aniversario\/"},"wordCount":151,"commentCount":0,"publisher":{"@id":"https:\/\/diarioprincipios.com\/#organization"},"image":{"@id":"https:\/\/diarioprincipios.com\/index.php\/2026\/09\/02\/el-centro-de-jubilados-12-de-octubre-festejo-su-33-aniversario\/#primaryimage"},"thumbnailUrl":"https:\/\/diarioprincipios.com\/wp-content\/uploads\/2026\/09\/El-Centro-de-Jubilados-12-de-Octubre-festejo-su-33\u00b0-aniversario-1.jpg","articleSection":["Berazategui"],"inLanguage":"es","potentialAction":[{"@type":"CommentAction","name":"Comment","target":["https:\/\/diarioprincipios.com\/index.php\/2026\/09\/02\/el-centro-de-jubilados-12-de-octubre-festejo-su-33-aniversario\/#respond"]}]},{"@type":"WebPage","@id":"https:\/\/diarioprincipios.com\/index.php\/2026\/09\/02\/el-centro-de-jubilados-12-de-octubre-festejo-su-33-aniversario\/","url":"https:\/\/diarioprincipios.com\/index.php\/2026\/09\/02\/el-centro-de-jubilados-12-de-octubre-festejo-su-33-aniversario\/","name":"El Centro de Jubilados 12 de Octubre festej\u00f3 su 33\u00b0 aniversario - Principios","isPartOf":{"@id":"https:\/\/diarioprincipios.com\/#website"},"primaryImageOfPage":{"@id":"https:\/\/diarioprincipios.com\/index.php\/2026\/09\/02\/el-centro-de-jubilados-12-de-octubre-festejo-su-33-aniversario\/#primaryimage"},"image":{"@id":"https:\/\/diarioprincipios.com\/index.php\/2026\/09\/02\/el-centro-de-jubilados-12-de-octubre-festejo-su-33-aniversario\/#primaryimage"},"thumbnailUrl":"https:\/\/diarioprincipios.com\/wp-content\/uploads\/2026\/09\/El-Centro-de-Jubilados-12-de-Octubre-festejo-su-33\u00b0-aniversario-1.jpg","datePublished":"2026-09-02T16:07:21+00:00","dateModified":"2026-09-02T16:07:22+00:00","breadcrumb":{"@id":"https:\/\/diarioprincipios.com\/index.php\/2026\/09\/02\/el-centro-de-jubilados-12-de-octubre-festejo-su-33-aniversario\/#breadcrumb"},"inLanguage":"es","potentialAction":[{"@type":"ReadAction","target":["https:\/\/diarioprincipios.com\/index.php\/2026\/09\/02\/el-centro-de-jubilados-12-de-octubre-festejo-su-33-aniversario\/"]}]},{"@type":"ImageObject","inLanguage":"es","@id":"https:\/\/diarioprincipios.com\/index.php\/2026\/09\/02\/el-centro-de-jubilados-12-de-octubre-festejo-su-33-aniversario\/#primaryimage","url":"https:\/\/diarioprincipios.com\/wp-content\/uploads\/2026\/09\/El-Centro-de-Jubilados-12-de-Octubre-festejo-su-33\u00b0-aniversario-1.jpg","contentUrl":"https:\/\/diarioprincipios.com\/wp-content\/uploads\/2026\/09\/El-Centro-de-Jubilados-12-de-Octubre-festejo-su-33\u00b0-aniversario-1.jpg","width":1920,"height":1280},{"@type":"BreadcrumbList","@id":"https:\/\/diarioprincipios.com\/index.php\/2026\/09\/02\/el-centro-de-jubilados-12-de-octubre-festejo-su-33-aniversario\/#breadcrumb","itemListElement":[{"@type":"ListItem","position":1,"name":"Portada","item":"https:\/\/diarioprincipios.com\/"},{"@type":"ListItem","position":2,"name":"El Centro de Jubilados 12 de Octubre festej\u00f3 su 33\u00b0 aniversario"}]},{"@type":"WebSite","@id":"https:\/\/diarioprincipios.com\/#website","url":"https:\/\/diarioprincipios.com\/","name":"Principios","description":"Principios Diario","publisher":{"@id":"https:\/\/diarioprincipios.com\/#organization"},"potentialAction":[{"@type":"SearchAction","target":{"@type":"EntryPoint","urlTemplate":"https:\/\/diarioprincipios.com\/?s={search_term_string}"},"query-input":{"@type":"PropertyValueSpecification","valueRequired":true,"valueName":"search_term_string"}}],"inLanguage":"es"},{"@type":"Organization","@id":"https:\/\/diarioprincipios.com\/#organization","name":"Principios","url":"https:\/\/diarioprincipios.com\/","logo":{"@type":"ImageObject","inLanguage":"es","@id":"https:\/\/diarioprincipios.com\/#\/schema\/logo\/image\/","url":"https:\/\/diarioprincipios.com\/wp-content\/uploads\/2026\/08\/cropped-LOGO-scaled-1.png","contentUrl":"https:\/\/diarioprincipios.com\/wp-content\/uploads\/2026\/08\/cropped-LOGO-scaled-1.png","width":2407,"height":594,"caption":"Principios"},"image":{"@id":"https:\/\/diarioprincipios.com\/#\/schema\/logo\/image\/"}},{"@type":"Person","@id":"https:\/\/diarioprincipios.com\/#\/schema\/person\/436d5a1fd41a5e250e23ff5a6a7cb080","name":"Hern\u00e1n L\u00f3pez","image":{"@type":"ImageObject","inLanguage":"es","@id":"https:\/\/diarioprincipios.com\/wp-content\/litespeed\/avatar\/11ddfe5610ff3bd100522525b2571f48.jpg?ver=1787935507","url":"https:\/\/diarioprincipios.com\/wp-content\/litespeed\/avatar\/11ddfe5610ff3bd100522525b2571f48.jpg?ver=1787935507","contentUrl":"https:\/\/diarioprincipios.com\/wp-content\/litespeed\/avatar\/11ddfe5610ff3bd100522525b2571f48.jpg?ver=1787935507","caption":"Hern\u00e1n L\u00f3pez"},"url":"https:\/\/diarioprincipios.com\/index.php\/author\/hernan\/"}]}},"jetpack_featured_media_url":"https:\/\/diarioprincipios.com\/wp-content\/uploads\/2026\/09\/El-Centro-de-Jubilados-12-de-Octubre-festejo-su-33\u00b0-aniversario-1.jpg","_links":{"self":[{"href":"https:\/\/diarioprincipios.com\/index.php\/wp-json\/wp\/v2\/posts\/28457","targetHints":{"allow":["GET"]}}],"collection":[{"href":"https:\/\/diarioprincipios.com\/index.php\/wp-json\/wp\/v2\/posts"}],"about":[{"href":"https:\/\/diarioprincipios.com\/index.php\/wp-json\/wp\/v2\/types\/post"}],"author":[{"embeddable":true,"href":"https:\/\/diarioprincipios.com\/index.php\/wp-json\/wp\/v2\/users\/2"}],"replies":[{"embeddable":true,"href":"https:\/\/diarioprincipios.com\/index.php\/wp-json\/wp\/v2\/comments?post=28457"}],"version-history":[{"count":1,"href":"https:\/\/diarioprincipios.com\/index.php\/wp-json\/wp\/v2\/posts\/28457\/revisions"}],"predecessor-version":[{"id":28460,"href":"https:\/\/diarioprincipios.com\/index.php\/wp-json\/wp\/v2\/posts\/28457\/revisions\/28460"}],"wp:featuredmedia":[{"embeddable":true,"href":"https:\/\/diarioprincipios.com\/index.php\/wp-json\/wp\/v2\/media\/28459"}],"wp:attachment":[{"href":"https:\/\/diarioprincipios.com\/index.php\/wp-json\/wp\/v2\/media?parent=28457"}],"wp:term":[{"taxonomy":"category","embeddable":true,"href":"https:\/\/diarioprincipios.com\/index.php\/wp-json\/wp\/v2\/categories?post=28457"},{"taxonomy":"post_tag","embeddable":true,"href":"https:\/\/diarioprincipios.com\/index.php\/wp-json\/wp\/v2\/tags?post=28457"}],"curies":[{"name":"wp","href":"https:\/\/api.w.org\/{rel}","templated":true}]}}