{"id":28453,"date":"2026-09-01T19:23:18","date_gmt":"2026-09-01T22:23:18","guid":{"rendered":"https:\/\/diarioprincipios.com\/?p=28453"},"modified":"2026-09-01T19:23:20","modified_gmt":"2026-09-01T22:23:20","slug":"la-provincia-prorroga-por-120-dias-el-vencimiento-de-las-licencias-nacionales-de-conducir","status":"publish","type":"post","link":"https:\/\/diarioprincipios.com\/index.php\/2026\/09\/01\/la-provincia-prorroga-por-120-dias-el-vencimiento-de-las-licencias-nacionales-de-conducir\/","title":{"rendered":"La Provincia prorroga por 120 d\u00edas el vencimiento de las Licencias Nacionales de Conducir"},"content":{"rendered":"\n<p class=\"wp-block-paragraph\">La medida, dispuesta por el Ministerio de Transporte de la Provincia de Buenos Aires, alcanza a los vencimientos que hayan operado u operen entre el 1\u00b0 de julio y el 31 de octubre de 2026. Adem\u00e1s, la Provincia solicit\u00f3 a la Agencia Nacional de Seguridad Vial, organismo competente para habilitar prestadores, ampliar la oferta disponible para generar mayor capacidad de atenci\u00f3n y facilitar el acceso a turnos para capacitaci\u00f3n y ex\u00e1menes psicof\u00edsicos.<\/p>\n\n\n\n<p class=\"wp-block-paragraph\">El Ministerio de Transporte de la Provincia de Buenos Aires, a cargo de Mart\u00edn Marinucci, estableci\u00f3 una nueva pr\u00f3rroga de 120 d\u00edas corridos para las Licencias Nacionales de Conducir emitidas en territorio bonaerense cuyos vencimientos hayan operado u operen entre el 1\u00b0 de julio y el 31 de octubre de 2026.<\/p>\n\n\n\n<p class=\"wp-block-paragraph\">La decisi\u00f3n, establecida mediante la Disposici\u00f3n N\u00b0 12\/2026, tiene como objetivo garantizar la continuidad laboral de las y los conductores profesionales interjurisdiccionales ante las dificultades que a\u00fan persisten para acceder en tiempo y forma a turnos ante los prestadores externos registrados ante la Agencia Nacional de Seguridad Vial (ANSV), encargados de realizar las instancias de capacitaci\u00f3n y los ex\u00e1menes psicof\u00edsicos exigidos por el r\u00e9gimen nacional.<\/p>\n\n\n\n<p class=\"wp-block-paragraph\">De esta manera, se aclara que las dificultades mencionadas no corresponden a los turnos otorgados por los Centros de Emisi\u00f3n de Licencias para la realizaci\u00f3n del tr\u00e1mite de otorgamiento o renovaci\u00f3n, sino al acceso a las instancias previas de capacitaci\u00f3n y evaluaci\u00f3n psicof\u00edsica a cargo de prestadores externos registrados ante la ANSV.<\/p>\n\n\n\n<p class=\"wp-block-paragraph\">En el marco del nuevo r\u00e9gimen nacional para las Licencias Nacionales de Conducir profesionales interjurisdiccionales, la facultad para autorizar y habilitar nuevos prestadores de capacitaci\u00f3n y de ex\u00e1menes psicof\u00edsicos corresponde a la Agencia Nacional de Seguridad Vial.<\/p>\n\n\n\n<p class=\"wp-block-paragraph\">Ante esta situaci\u00f3n, y con el objetivo de ampliar las alternativas disponibles para las y los conductores bonaerenses, el Ministerio de Transporte de la Provincia de Buenos Aires solicit\u00f3 formalmente a la ANSV que avance en la incorporaci\u00f3n y habilitaci\u00f3n de nuevos prestadores externos, de manera de incrementar la capacidad de atenci\u00f3n, generar una mayor disponibilidad de turnos y mejorar la cobertura territorial.<\/p>\n\n\n\n<p class=\"wp-block-paragraph\">Mientras se avanza en ese proceso, cuya autorizaci\u00f3n se encuentra dentro de las competencias del organismo nacional, la Provincia dispuso esta pr\u00f3rroga excepcional por 120 d\u00edas para evitar que las dificultades para acceder a las instancias requeridas por el r\u00e9gimen nacional afecten la continuidad laboral de las y los conductores profesionales interjurisdiccionales.<\/p>\n\n\n\n<p class=\"wp-block-paragraph\">En paralelo, se ampliaron las alternativas disponibles a trav\u00e9s de prestadores externos registrados ante la ANSV en jurisdicciones cercanas a la Provincia de Buenos Aires. En la Ciudad Aut\u00f3noma de Buenos Aires (CABA) se encuentran autorizados tres prestadores para la realizaci\u00f3n de ex\u00e1menes psicof\u00edsicos y seis para capacitaci\u00f3n; en Viedma, R\u00edo Negro, se incorporaron dos prestadores psicof\u00edsicos y uno de capacitaci\u00f3n; mientras que en La Pampa se agregaron un prestador psicof\u00edsico y tres de capacitaci\u00f3n, ubicados en Santa Rosa, General Pico e Intendente Alvear.<\/p>\n\n\n\n<p class=\"wp-block-paragraph\">La ampliaci\u00f3n de la red de prestadores permite generar una mayor disponibilidad de turnos para capacitaci\u00f3n y ex\u00e1menes psicof\u00edsicos y facilitar el cumplimiento de los requisitos establecidos por el r\u00e9gimen nacional, especialmente para quienes, por razones de cercan\u00eda geogr\u00e1fica, pueden acceder a centros ubicados en jurisdicciones pr\u00f3ximas.<\/p>\n\n\n\n<p class=\"wp-block-paragraph\">Alcance nacional<\/p>\n\n\n\n<p class=\"wp-block-paragraph\">La medida alcanza a las Licencias Nacionales de Conducir profesionales interjurisdiccionales emitidas en la Provincia de Buenos Aires, por lo que la pr\u00f3rroga de su vigencia tiene validez en todo el territorio de la Rep\u00fablica Argentina.<\/p>\n\n\n\n<p class=\"wp-block-paragraph\">Las y los conductores comprendidos en la Disposici\u00f3n podr\u00e1n circular con su licencia durante los 120 d\u00edas adicionales, contados desde la fecha de su vencimiento.<\/p>\n\n\n\n<p class=\"wp-block-paragraph\">Para facilitar la acreditaci\u00f3n de la vigencia prorrogada ante eventuales controles de tr\u00e1nsito, se recomienda llevar en el veh\u00edculo una copia impresa de la Disposici\u00f3n N\u00b0 12\/2026, junto con la Licencia Nacional de Conducir.<\/p>\n\n\n\n<p class=\"wp-block-paragraph\">La pr\u00f3rroga es de car\u00e1cter excepcional y transitorio y est\u00e1 destinada a acompa\u00f1ar a las y los conductores profesionales interjurisdiccionales mientras se ampl\u00eda la red de prestadores externos registrados ante la ANSV y, con ello, las posibilidades de acceder a las instancias de capacitaci\u00f3n y examen psicof\u00edsico establecidas por el r\u00e9gimen nacional.<\/p>\n","protected":false},"excerpt":{"rendered":"<p>La medida, dispuesta por el Ministerio de Transporte de la Provincia de Buenos Aires, alcanza a los vencimientos que hayan operado u operen entre el 1\u00b0 de julio y el 31 de octubre de 2026. Adem\u00e1s, la Provincia solicit\u00f3 a la Agencia Nacional de Seguridad Vial, organismo competente para habilitar prestadores, ampliar la oferta disponible&#8230;<\/p>\n","protected":false},"author":2,"featured_media":28454,"comment_status":"open","ping_status":"open","sticky":false,"template":"","format":"standard","meta":{"footnotes":""},"categories":[7],"tags":[],"class_list":["post-28453","post","type-post","status-publish","format-standard","has-post-thumbnail","hentry","category-provincia"],"featured_image_src":"https:\/\/diarioprincipios.com\/wp-content\/uploads\/2026\/09\/licencias.jpg","blog_images":{"medium":"https:\/\/diarioprincipios.com\/wp-content\/uploads\/2026\/09\/licencias-300x200.jpg","large":"https:\/\/diarioprincipios.com\/wp-content\/uploads\/2026\/09\/licencias.jpg"},"ams_acf":[],"yoast_head":"<!-- This site is optimized with the Yoast SEO plugin v28.3 - https:\/\/yoast.com\/product\/yoast-seo-wordpress\/ -->\n<title>La Provincia prorroga por 120 d\u00edas el vencimiento de las Licencias Nacionales de Conducir - Principios<\/title>\n<meta name=\"robots\" content=\"index, follow, max-snippet:-1, max-image-preview:large, max-video-preview:-1\" \/>\n<link rel=\"canonical\" href=\"https:\/\/diarioprincipios.com\/index.php\/2026\/09\/01\/la-provincia-prorroga-por-120-dias-el-vencimiento-de-las-licencias-nacionales-de-conducir\/\" \/>\n<meta property=\"og:locale\" content=\"es_ES\" \/>\n<meta property=\"og:type\" content=\"article\" \/>\n<meta property=\"og:title\" content=\"La Provincia prorroga por 120 d\u00edas el vencimiento de las Licencias Nacionales de Conducir - Principios\" \/>\n<meta property=\"og:description\" content=\"La medida, dispuesta por el Ministerio de Transporte de la Provincia de Buenos Aires, alcanza a los vencimientos que hayan operado u operen entre el 1\u00b0 de julio y el 31 de octubre de 2026. Adem\u00e1s, la Provincia solicit\u00f3 a la Agencia Nacional de Seguridad Vial, organismo competente para habilitar prestadores, ampliar la oferta disponible...\" \/>\n<meta property=\"og:url\" content=\"https:\/\/diarioprincipios.com\/index.php\/2026\/09\/01\/la-provincia-prorroga-por-120-dias-el-vencimiento-de-las-licencias-nacionales-de-conducir\/\" \/>\n<meta property=\"og:site_name\" content=\"Principios\" \/>\n<meta property=\"article:published_time\" content=\"2026-09-01T22:23:18+00:00\" \/>\n<meta property=\"article:modified_time\" content=\"2026-09-01T22:23:20+00:00\" \/>\n<meta property=\"og:image\" content=\"https:\/\/diarioprincipios.com\/wp-content\/uploads\/2026\/09\/licencias.jpg\" \/>\n\t<meta property=\"og:image:width\" content=\"700\" \/>\n\t<meta property=\"og:image:height\" content=\"466\" \/>\n\t<meta property=\"og:image:type\" content=\"image\/jpeg\" \/>\n<meta name=\"author\" content=\"Hern\u00e1n L\u00f3pez\" \/>\n<meta name=\"twitter:card\" content=\"summary_large_image\" \/>\n<meta name=\"twitter:label1\" content=\"Escrito por\" \/>\n\t<meta name=\"twitter:data1\" content=\"Hern\u00e1n L\u00f3pez\" \/>\n\t<meta name=\"twitter:label2\" content=\"Tiempo de lectura\" \/>\n\t<meta name=\"twitter:data2\" content=\"4 minutos\" \/>\n<script type=\"application\/ld+json\" class=\"yoast-schema-graph\">{\"@context\":\"https:\\\/\\\/schema.org\",\"@graph\":[{\"@type\":\"Article\",\"@id\":\"https:\\\/\\\/diarioprincipios.com\\\/index.php\\\/2026\\\/09\\\/01\\\/la-provincia-prorroga-por-120-dias-el-vencimiento-de-las-licencias-nacionales-de-conducir\\\/#article\",\"isPartOf\":{\"@id\":\"https:\\\/\\\/diarioprincipios.com\\\/index.php\\\/2026\\\/09\\\/01\\\/la-provincia-prorroga-por-120-dias-el-vencimiento-de-las-licencias-nacionales-de-conducir\\\/\"},\"author\":{\"name\":\"Hern\u00e1n L\u00f3pez\",\"@id\":\"https:\\\/\\\/diarioprincipios.com\\\/#\\\/schema\\\/person\\\/436d5a1fd41a5e250e23ff5a6a7cb080\"},\"headline\":\"La Provincia prorroga por 120 d\u00edas el vencimiento de las Licencias Nacionales de Conducir\",\"datePublished\":\"2026-09-01T22:23:18+00:00\",\"dateModified\":\"2026-09-01T22:23:20+00:00\",\"mainEntityOfPage\":{\"@id\":\"https:\\\/\\\/diarioprincipios.com\\\/index.php\\\/2026\\\/09\\\/01\\\/la-provincia-prorroga-por-120-dias-el-vencimiento-de-las-licencias-nacionales-de-conducir\\\/\"},\"wordCount\":744,\"commentCount\":0,\"publisher\":{\"@id\":\"https:\\\/\\\/diarioprincipios.com\\\/#organization\"},\"image\":{\"@id\":\"https:\\\/\\\/diarioprincipios.com\\\/index.php\\\/2026\\\/09\\\/01\\\/la-provincia-prorroga-por-120-dias-el-vencimiento-de-las-licencias-nacionales-de-conducir\\\/#primaryimage\"},\"thumbnailUrl\":\"https:\\\/\\\/diarioprincipios.com\\\/wp-content\\\/uploads\\\/2026\\\/09\\\/licencias.jpg\",\"articleSection\":[\"Provincia\"],\"inLanguage\":\"es\",\"potentialAction\":[{\"@type\":\"CommentAction\",\"name\":\"Comment\",\"target\":[\"https:\\\/\\\/diarioprincipios.com\\\/index.php\\\/2026\\\/09\\\/01\\\/la-provincia-prorroga-por-120-dias-el-vencimiento-de-las-licencias-nacionales-de-conducir\\\/#respond\"]}]},{\"@type\":\"WebPage\",\"@id\":\"https:\\\/\\\/diarioprincipios.com\\\/index.php\\\/2026\\\/09\\\/01\\\/la-provincia-prorroga-por-120-dias-el-vencimiento-de-las-licencias-nacionales-de-conducir\\\/\",\"url\":\"https:\\\/\\\/diarioprincipios.com\\\/index.php\\\/2026\\\/09\\\/01\\\/la-provincia-prorroga-por-120-dias-el-vencimiento-de-las-licencias-nacionales-de-conducir\\\/\",\"name\":\"La Provincia prorroga por 120 d\u00edas el vencimiento de las Licencias Nacionales de Conducir - Principios\",\"isPartOf\":{\"@id\":\"https:\\\/\\\/diarioprincipios.com\\\/#website\"},\"primaryImageOfPage\":{\"@id\":\"https:\\\/\\\/diarioprincipios.com\\\/index.php\\\/2026\\\/09\\\/01\\\/la-provincia-prorroga-por-120-dias-el-vencimiento-de-las-licencias-nacionales-de-conducir\\\/#primaryimage\"},\"image\":{\"@id\":\"https:\\\/\\\/diarioprincipios.com\\\/index.php\\\/2026\\\/09\\\/01\\\/la-provincia-prorroga-por-120-dias-el-vencimiento-de-las-licencias-nacionales-de-conducir\\\/#primaryimage\"},\"thumbnailUrl\":\"https:\\\/\\\/diarioprincipios.com\\\/wp-content\\\/uploads\\\/2026\\\/09\\\/licencias.jpg\",\"datePublished\":\"2026-09-01T22:23:18+00:00\",\"dateModified\":\"2026-09-01T22:23:20+00:00\",\"breadcrumb\":{\"@id\":\"https:\\\/\\\/diarioprincipios.com\\\/index.php\\\/2026\\\/09\\\/01\\\/la-provincia-prorroga-por-120-dias-el-vencimiento-de-las-licencias-nacionales-de-conducir\\\/#breadcrumb\"},\"inLanguage\":\"es\",\"potentialAction\":[{\"@type\":\"ReadAction\",\"target\":[\"https:\\\/\\\/diarioprincipios.com\\\/index.php\\\/2026\\\/09\\\/01\\\/la-provincia-prorroga-por-120-dias-el-vencimiento-de-las-licencias-nacionales-de-conducir\\\/\"]}]},{\"@type\":\"ImageObject\",\"inLanguage\":\"es\",\"@id\":\"https:\\\/\\\/diarioprincipios.com\\\/index.php\\\/2026\\\/09\\\/01\\\/la-provincia-prorroga-por-120-dias-el-vencimiento-de-las-licencias-nacionales-de-conducir\\\/#primaryimage\",\"url\":\"https:\\\/\\\/diarioprincipios.com\\\/wp-content\\\/uploads\\\/2026\\\/09\\\/licencias.jpg\",\"contentUrl\":\"https:\\\/\\\/diarioprincipios.com\\\/wp-content\\\/uploads\\\/2026\\\/09\\\/licencias.jpg\",\"width\":700,\"height\":466},{\"@type\":\"BreadcrumbList\",\"@id\":\"https:\\\/\\\/diarioprincipios.com\\\/index.php\\\/2026\\\/09\\\/01\\\/la-provincia-prorroga-por-120-dias-el-vencimiento-de-las-licencias-nacionales-de-conducir\\\/#breadcrumb\",\"itemListElement\":[{\"@type\":\"ListItem\",\"position\":1,\"name\":\"Portada\",\"item\":\"https:\\\/\\\/diarioprincipios.com\\\/\"},{\"@type\":\"ListItem\",\"position\":2,\"name\":\"La Provincia prorroga por 120 d\u00edas el vencimiento de las Licencias Nacionales de Conducir\"}]},{\"@type\":\"WebSite\",\"@id\":\"https:\\\/\\\/diarioprincipios.com\\\/#website\",\"url\":\"https:\\\/\\\/diarioprincipios.com\\\/\",\"name\":\"Principios\",\"description\":\"Principios Diario\",\"publisher\":{\"@id\":\"https:\\\/\\\/diarioprincipios.com\\\/#organization\"},\"potentialAction\":[{\"@type\":\"SearchAction\",\"target\":{\"@type\":\"EntryPoint\",\"urlTemplate\":\"https:\\\/\\\/diarioprincipios.com\\\/?s={search_term_string}\"},\"query-input\":{\"@type\":\"PropertyValueSpecification\",\"valueRequired\":true,\"valueName\":\"search_term_string\"}}],\"inLanguage\":\"es\"},{\"@type\":\"Organization\",\"@id\":\"https:\\\/\\\/diarioprincipios.com\\\/#organization\",\"name\":\"Principios\",\"url\":\"https:\\\/\\\/diarioprincipios.com\\\/\",\"logo\":{\"@type\":\"ImageObject\",\"inLanguage\":\"es\",\"@id\":\"https:\\\/\\\/diarioprincipios.com\\\/#\\\/schema\\\/logo\\\/image\\\/\",\"url\":\"https:\\\/\\\/diarioprincipios.com\\\/wp-content\\\/uploads\\\/2026\\\/08\\\/cropped-LOGO-scaled-1.png\",\"contentUrl\":\"https:\\\/\\\/diarioprincipios.com\\\/wp-content\\\/uploads\\\/2026\\\/08\\\/cropped-LOGO-scaled-1.png\",\"width\":2407,\"height\":594,\"caption\":\"Principios\"},\"image\":{\"@id\":\"https:\\\/\\\/diarioprincipios.com\\\/#\\\/schema\\\/logo\\\/image\\\/\"}},{\"@type\":\"Person\",\"@id\":\"https:\\\/\\\/diarioprincipios.com\\\/#\\\/schema\\\/person\\\/436d5a1fd41a5e250e23ff5a6a7cb080\",\"name\":\"Hern\u00e1n L\u00f3pez\",\"image\":{\"@type\":\"ImageObject\",\"inLanguage\":\"es\",\"@id\":\"https:\\\/\\\/diarioprincipios.com\\\/wp-content\\\/litespeed\\\/avatar\\\/11ddfe5610ff3bd100522525b2571f48.jpg?ver=1787935507\",\"url\":\"https:\\\/\\\/diarioprincipios.com\\\/wp-content\\\/litespeed\\\/avatar\\\/11ddfe5610ff3bd100522525b2571f48.jpg?ver=1787935507\",\"contentUrl\":\"https:\\\/\\\/diarioprincipios.com\\\/wp-content\\\/litespeed\\\/avatar\\\/11ddfe5610ff3bd100522525b2571f48.jpg?ver=1787935507\",\"caption\":\"Hern\u00e1n L\u00f3pez\"},\"url\":\"https:\\\/\\\/diarioprincipios.com\\\/index.php\\\/author\\\/hernan\\\/\"}]}<\/script>\n<!-- \/ Yoast SEO plugin. -->","yoast_head_json":{"title":"La Provincia prorroga por 120 d\u00edas el vencimiento de las Licencias Nacionales de Conducir - Principios","robots":{"index":"index","follow":"follow","max-snippet":"max-snippet:-1","max-image-preview":"max-image-preview:large","max-video-preview":"max-video-preview:-1"},"canonical":"https:\/\/diarioprincipios.com\/index.php\/2026\/09\/01\/la-provincia-prorroga-por-120-dias-el-vencimiento-de-las-licencias-nacionales-de-conducir\/","og_locale":"es_ES","og_type":"article","og_title":"La Provincia prorroga por 120 d\u00edas el vencimiento de las Licencias Nacionales de Conducir - Principios","og_description":"La medida, dispuesta por el Ministerio de Transporte de la Provincia de Buenos Aires, alcanza a los vencimientos que hayan operado u operen entre el 1\u00b0 de julio y el 31 de octubre de 2026. Adem\u00e1s, la Provincia solicit\u00f3 a la Agencia Nacional de Seguridad Vial, organismo competente para habilitar prestadores, ampliar la oferta disponible...","og_url":"https:\/\/diarioprincipios.com\/index.php\/2026\/09\/01\/la-provincia-prorroga-por-120-dias-el-vencimiento-de-las-licencias-nacionales-de-conducir\/","og_site_name":"Principios","article_published_time":"2026-09-01T22:23:18+00:00","article_modified_time":"2026-09-01T22:23:20+00:00","og_image":[{"width":700,"height":466,"url":"https:\/\/diarioprincipios.com\/wp-content\/uploads\/2026\/09\/licencias.jpg","type":"image\/jpeg"}],"author":"Hern\u00e1n L\u00f3pez","twitter_card":"summary_large_image","twitter_misc":{"Escrito por":"Hern\u00e1n L\u00f3pez","Tiempo de lectura":"4 minutos"},"schema":{"@context":"https:\/\/schema.org","@graph":[{"@type":"Article","@id":"https:\/\/diarioprincipios.com\/index.php\/2026\/09\/01\/la-provincia-prorroga-por-120-dias-el-vencimiento-de-las-licencias-nacionales-de-conducir\/#article","isPartOf":{"@id":"https:\/\/diarioprincipios.com\/index.php\/2026\/09\/01\/la-provincia-prorroga-por-120-dias-el-vencimiento-de-las-licencias-nacionales-de-conducir\/"},"author":{"name":"Hern\u00e1n L\u00f3pez","@id":"https:\/\/diarioprincipios.com\/#\/schema\/person\/436d5a1fd41a5e250e23ff5a6a7cb080"},"headline":"La Provincia prorroga por 120 d\u00edas el vencimiento de las Licencias Nacionales de Conducir","datePublished":"2026-09-01T22:23:18+00:00","dateModified":"2026-09-01T22:23:20+00:00","mainEntityOfPage":{"@id":"https:\/\/diarioprincipios.com\/index.php\/2026\/09\/01\/la-provincia-prorroga-por-120-dias-el-vencimiento-de-las-licencias-nacionales-de-conducir\/"},"wordCount":744,"commentCount":0,"publisher":{"@id":"https:\/\/diarioprincipios.com\/#organization"},"image":{"@id":"https:\/\/diarioprincipios.com\/index.php\/2026\/09\/01\/la-provincia-prorroga-por-120-dias-el-vencimiento-de-las-licencias-nacionales-de-conducir\/#primaryimage"},"thumbnailUrl":"https:\/\/diarioprincipios.com\/wp-content\/uploads\/2026\/09\/licencias.jpg","articleSection":["Provincia"],"inLanguage":"es","potentialAction":[{"@type":"CommentAction","name":"Comment","target":["https:\/\/diarioprincipios.com\/index.php\/2026\/09\/01\/la-provincia-prorroga-por-120-dias-el-vencimiento-de-las-licencias-nacionales-de-conducir\/#respond"]}]},{"@type":"WebPage","@id":"https:\/\/diarioprincipios.com\/index.php\/2026\/09\/01\/la-provincia-prorroga-por-120-dias-el-vencimiento-de-las-licencias-nacionales-de-conducir\/","url":"https:\/\/diarioprincipios.com\/index.php\/2026\/09\/01\/la-provincia-prorroga-por-120-dias-el-vencimiento-de-las-licencias-nacionales-de-conducir\/","name":"La Provincia prorroga por 120 d\u00edas el vencimiento de las Licencias Nacionales de Conducir - Principios","isPartOf":{"@id":"https:\/\/diarioprincipios.com\/#website"},"primaryImageOfPage":{"@id":"https:\/\/diarioprincipios.com\/index.php\/2026\/09\/01\/la-provincia-prorroga-por-120-dias-el-vencimiento-de-las-licencias-nacionales-de-conducir\/#primaryimage"},"image":{"@id":"https:\/\/diarioprincipios.com\/index.php\/2026\/09\/01\/la-provincia-prorroga-por-120-dias-el-vencimiento-de-las-licencias-nacionales-de-conducir\/#primaryimage"},"thumbnailUrl":"https:\/\/diarioprincipios.com\/wp-content\/uploads\/2026\/09\/licencias.jpg","datePublished":"2026-09-01T22:23:18+00:00","dateModified":"2026-09-01T22:23:20+00:00","breadcrumb":{"@id":"https:\/\/diarioprincipios.com\/index.php\/2026\/09\/01\/la-provincia-prorroga-por-120-dias-el-vencimiento-de-las-licencias-nacionales-de-conducir\/#breadcrumb"},"inLanguage":"es","potentialAction":[{"@type":"ReadAction","target":["https:\/\/diarioprincipios.com\/index.php\/2026\/09\/01\/la-provincia-prorroga-por-120-dias-el-vencimiento-de-las-licencias-nacionales-de-conducir\/"]}]},{"@type":"ImageObject","inLanguage":"es","@id":"https:\/\/diarioprincipios.com\/index.php\/2026\/09\/01\/la-provincia-prorroga-por-120-dias-el-vencimiento-de-las-licencias-nacionales-de-conducir\/#primaryimage","url":"https:\/\/diarioprincipios.com\/wp-content\/uploads\/2026\/09\/licencias.jpg","contentUrl":"https:\/\/diarioprincipios.com\/wp-content\/uploads\/2026\/09\/licencias.jpg","width":700,"height":466},{"@type":"BreadcrumbList","@id":"https:\/\/diarioprincipios.com\/index.php\/2026\/09\/01\/la-provincia-prorroga-por-120-dias-el-vencimiento-de-las-licencias-nacionales-de-conducir\/#breadcrumb","itemListElement":[{"@type":"ListItem","position":1,"name":"Portada","item":"https:\/\/diarioprincipios.com\/"},{"@type":"ListItem","position":2,"name":"La Provincia prorroga por 120 d\u00edas el vencimiento de las Licencias Nacionales de Conducir"}]},{"@type":"WebSite","@id":"https:\/\/diarioprincipios.com\/#website","url":"https:\/\/diarioprincipios.com\/","name":"Principios","description":"Principios Diario","publisher":{"@id":"https:\/\/diarioprincipios.com\/#organization"},"potentialAction":[{"@type":"SearchAction","target":{"@type":"EntryPoint","urlTemplate":"https:\/\/diarioprincipios.com\/?s={search_term_string}"},"query-input":{"@type":"PropertyValueSpecification","valueRequired":true,"valueName":"search_term_string"}}],"inLanguage":"es"},{"@type":"Organization","@id":"https:\/\/diarioprincipios.com\/#organization","name":"Principios","url":"https:\/\/diarioprincipios.com\/","logo":{"@type":"ImageObject","inLanguage":"es","@id":"https:\/\/diarioprincipios.com\/#\/schema\/logo\/image\/","url":"https:\/\/diarioprincipios.com\/wp-content\/uploads\/2026\/08\/cropped-LOGO-scaled-1.png","contentUrl":"https:\/\/diarioprincipios.com\/wp-content\/uploads\/2026\/08\/cropped-LOGO-scaled-1.png","width":2407,"height":594,"caption":"Principios"},"image":{"@id":"https:\/\/diarioprincipios.com\/#\/schema\/logo\/image\/"}},{"@type":"Person","@id":"https:\/\/diarioprincipios.com\/#\/schema\/person\/436d5a1fd41a5e250e23ff5a6a7cb080","name":"Hern\u00e1n L\u00f3pez","image":{"@type":"ImageObject","inLanguage":"es","@id":"https:\/\/diarioprincipios.com\/wp-content\/litespeed\/avatar\/11ddfe5610ff3bd100522525b2571f48.jpg?ver=1787935507","url":"https:\/\/diarioprincipios.com\/wp-content\/litespeed\/avatar\/11ddfe5610ff3bd100522525b2571f48.jpg?ver=1787935507","contentUrl":"https:\/\/diarioprincipios.com\/wp-content\/litespeed\/avatar\/11ddfe5610ff3bd100522525b2571f48.jpg?ver=1787935507","caption":"Hern\u00e1n L\u00f3pez"},"url":"https:\/\/diarioprincipios.com\/index.php\/author\/hernan\/"}]}},"jetpack_featured_media_url":"https:\/\/diarioprincipios.com\/wp-content\/uploads\/2026\/09\/licencias.jpg","_links":{"self":[{"href":"https:\/\/diarioprincipios.com\/index.php\/wp-json\/wp\/v2\/posts\/28453","targetHints":{"allow":["GET"]}}],"collection":[{"href":"https:\/\/diarioprincipios.com\/index.php\/wp-json\/wp\/v2\/posts"}],"about":[{"href":"https:\/\/diarioprincipios.com\/index.php\/wp-json\/wp\/v2\/types\/post"}],"author":[{"embeddable":true,"href":"https:\/\/diarioprincipios.com\/index.php\/wp-json\/wp\/v2\/users\/2"}],"replies":[{"embeddable":true,"href":"https:\/\/diarioprincipios.com\/index.php\/wp-json\/wp\/v2\/comments?post=28453"}],"version-history":[{"count":1,"href":"https:\/\/diarioprincipios.com\/index.php\/wp-json\/wp\/v2\/posts\/28453\/revisions"}],"predecessor-version":[{"id":28455,"href":"https:\/\/diarioprincipios.com\/index.php\/wp-json\/wp\/v2\/posts\/28453\/revisions\/28455"}],"wp:featuredmedia":[{"embeddable":true,"href":"https:\/\/diarioprincipios.com\/index.php\/wp-json\/wp\/v2\/media\/28454"}],"wp:attachment":[{"href":"https:\/\/diarioprincipios.com\/index.php\/wp-json\/wp\/v2\/media?parent=28453"}],"wp:term":[{"taxonomy":"category","embeddable":true,"href":"https:\/\/diarioprincipios.com\/index.php\/wp-json\/wp\/v2\/categories?post=28453"},{"taxonomy":"post_tag","embeddable":true,"href":"https:\/\/diarioprincipios.com\/index.php\/wp-json\/wp\/v2\/tags?post=28453"}],"curies":[{"name":"wp","href":"https:\/\/api.w.org\/{rel}","templated":true}]}}