{"id":28442,"date":"2026-09-01T17:55:46","date_gmt":"2026-09-01T20:55:46","guid":{"rendered":"https:\/\/diarioprincipios.com\/?p=28442"},"modified":"2026-09-01T17:55:47","modified_gmt":"2026-09-01T20:55:47","slug":"los-bomberos-voluntarios-de-berazategui-celebraron-el-dia-del-nino-con-un-multitudinario-festejo","status":"publish","type":"post","link":"https:\/\/diarioprincipios.com\/index.php\/2026\/09\/01\/los-bomberos-voluntarios-de-berazategui-celebraron-el-dia-del-nino-con-un-multitudinario-festejo\/","title":{"rendered":"Los Bomberos Voluntarios de Berazategui celebraron el D\u00eda del Ni\u00f1o con un multitudinario festejo"},"content":{"rendered":"\n<p class=\"wp-block-paragraph\">El domingo 30 de agosto, el Cuartel de Bomberos Voluntarios de Berazategui se visti\u00f3 de fiesta para celebrar el D\u00eda del Ni\u00f1o con una jornada llena de alegr\u00eda, juegos, sorteos, sorpresas y numerosas actividades especialmente pensadas para los m\u00e1s chicos.<\/p>\n\n\n\n<p class=\"wp-block-paragraph\">El festejo cont\u00f3 con una multitudinaria participaci\u00f3n de familias que se acercaron para compartir una tarde diferente junto a los integrantes del cuerpo de Bomberos Voluntarios.<\/p>\n\n\n\n<figure class=\"wp-block-image size-large\"><img loading=\"lazy\" decoding=\"async\" width=\"897\" height=\"1024\" src=\"https:\/\/diarioprincipios.com\/wp-content\/uploads\/2026\/09\/Screenshot_20260831_190926_WhatsApp-897x1024.jpg\" alt=\"\" class=\"wp-image-28443\" srcset=\"https:\/\/diarioprincipios.com\/wp-content\/uploads\/2026\/09\/Screenshot_20260831_190926_WhatsApp-897x1024.jpg 897w, https:\/\/diarioprincipios.com\/wp-content\/uploads\/2026\/09\/Screenshot_20260831_190926_WhatsApp-263x300.jpg 263w, https:\/\/diarioprincipios.com\/wp-content\/uploads\/2026\/09\/Screenshot_20260831_190926_WhatsApp-768x877.jpg 768w, https:\/\/diarioprincipios.com\/wp-content\/uploads\/2026\/09\/Screenshot_20260831_190926_WhatsApp.jpg 1080w\" sizes=\"auto, (max-width: 897px) 100vw, 897px\" \/><\/figure>\n\n\n\n<p class=\"wp-block-paragraph\">Uno de los momentos m\u00e1s esperados fue la posibilidad que tuvieron los ni\u00f1os de jugar a ser bomberos por un d\u00eda. Vestidos con la indumentaria caracter\u00edstica, pudieron participar de distintas actividades y conocer de cerca parte del trabajo que realizan diariamente los servidores p\u00fablicos, disfrutando de una experiencia que seguramente quedar\u00e1 como un recuerdo inolvidable.<\/p>\n\n\n\n<p class=\"wp-block-paragraph\">Durante la jornada tambi\u00e9n hubo juegos, sorteos y muchas sorpresas, generando un clima de encuentro, diversi\u00f3n y camarader\u00eda entre las familias y los bomberos.<\/p>\n\n\n\n<figure class=\"wp-block-image size-large\"><img loading=\"lazy\" decoding=\"async\" width=\"989\" height=\"1024\" src=\"https:\/\/diarioprincipios.com\/wp-content\/uploads\/2026\/09\/IMG-20260831-WA0076-989x1024.jpg\" alt=\"\" class=\"wp-image-28444\" srcset=\"https:\/\/diarioprincipios.com\/wp-content\/uploads\/2026\/09\/IMG-20260831-WA0076-989x1024.jpg 989w, https:\/\/diarioprincipios.com\/wp-content\/uploads\/2026\/09\/IMG-20260831-WA0076-290x300.jpg 290w, https:\/\/diarioprincipios.com\/wp-content\/uploads\/2026\/09\/IMG-20260831-WA0076-768x795.jpg 768w, https:\/\/diarioprincipios.com\/wp-content\/uploads\/2026\/09\/IMG-20260831-WA0076.jpg 1200w\" sizes=\"auto, (max-width: 989px) 100vw, 989px\" \/><\/figure>\n\n\n\n<p class=\"wp-block-paragraph\">La organizaci\u00f3n cont\u00f3 con el compromiso y la participaci\u00f3n de integrantes del Cuerpo Activo, a cargo del Subcomandante Mart\u00edn Ruiz Diaz y de la Comisi\u00f3n de Bomberos, presidida por Enrique \u201cChollo\u201d Rochetti, quienes trabajaron para que cada detalle del festejo estuviera preparado y los chicos pudieran disfrutar plenamente de su d\u00eda.<\/p>\n\n\n\n<p class=\"wp-block-paragraph\">Desde la instituci\u00f3n expresaron un especial agradecimiento a todos los que colaboraron y aportaron su esfuerzo para hacer posible esta celebraci\u00f3n, as\u00ed como a las familias que acompa\u00f1aron y participaron de esta jornada tan especial.<\/p>\n\n\n\n<p class=\"wp-block-paragraph\">Una vez m\u00e1s, los Bomberos Voluntarios de Berazategui demostraron que su compromiso con la comunidad va mucho m\u00e1s all\u00e1 de su tarea cotidiana, fortaleciendo los v\u00ednculos con los vecinos y generando espacios de encuentro para toda la familia.<\/p>\n","protected":false},"excerpt":{"rendered":"<p>El domingo 30 de agosto, el Cuartel de Bomberos Voluntarios de Berazategui se visti\u00f3 de fiesta para celebrar el D\u00eda del Ni\u00f1o con una jornada llena de alegr\u00eda, juegos, sorteos, sorpresas y numerosas actividades especialmente pensadas para los m\u00e1s chicos. El festejo cont\u00f3 con una multitudinaria participaci\u00f3n de familias que se acercaron para compartir una&#8230;<\/p>\n","protected":false},"author":2,"featured_media":28451,"comment_status":"open","ping_status":"open","sticky":false,"template":"","format":"standard","meta":{"footnotes":""},"categories":[3],"tags":[],"class_list":["post-28442","post","type-post","status-publish","format-standard","has-post-thumbnail","hentry","category-berazategui"],"featured_image_src":"https:\/\/diarioprincipios.com\/wp-content\/uploads\/2026\/09\/Screenshot_20260831_190929_WhatsApp-792x1024.jpg","blog_images":{"medium":"https:\/\/diarioprincipios.com\/wp-content\/uploads\/2026\/09\/Screenshot_20260831_190929_WhatsApp-232x300.jpg","large":"https:\/\/diarioprincipios.com\/wp-content\/uploads\/2026\/09\/Screenshot_20260831_190929_WhatsApp-792x1024.jpg"},"ams_acf":[],"yoast_head":"<!-- This site is optimized with the Yoast SEO plugin v28.3 - https:\/\/yoast.com\/product\/yoast-seo-wordpress\/ -->\n<title>Los Bomberos Voluntarios de Berazategui celebraron el D\u00eda del Ni\u00f1o con un multitudinario festejo - Principios<\/title>\n<meta name=\"robots\" content=\"index, follow, max-snippet:-1, max-image-preview:large, max-video-preview:-1\" \/>\n<link rel=\"canonical\" href=\"https:\/\/diarioprincipios.com\/index.php\/2026\/09\/01\/los-bomberos-voluntarios-de-berazategui-celebraron-el-dia-del-nino-con-un-multitudinario-festejo\/\" \/>\n<meta property=\"og:locale\" content=\"es_ES\" \/>\n<meta property=\"og:type\" content=\"article\" \/>\n<meta property=\"og:title\" content=\"Los Bomberos Voluntarios de Berazategui celebraron el D\u00eda del Ni\u00f1o con un multitudinario festejo - Principios\" \/>\n<meta property=\"og:description\" content=\"El domingo 30 de agosto, el Cuartel de Bomberos Voluntarios de Berazategui se visti\u00f3 de fiesta para celebrar el D\u00eda del Ni\u00f1o con una jornada llena de alegr\u00eda, juegos, sorteos, sorpresas y numerosas actividades especialmente pensadas para los m\u00e1s chicos. El festejo cont\u00f3 con una multitudinaria participaci\u00f3n de familias que se acercaron para compartir una...\" \/>\n<meta property=\"og:url\" content=\"https:\/\/diarioprincipios.com\/index.php\/2026\/09\/01\/los-bomberos-voluntarios-de-berazategui-celebraron-el-dia-del-nino-con-un-multitudinario-festejo\/\" \/>\n<meta property=\"og:site_name\" content=\"Principios\" \/>\n<meta property=\"article:published_time\" content=\"2026-09-01T20:55:46+00:00\" \/>\n<meta property=\"article:modified_time\" content=\"2026-09-01T20:55:47+00:00\" \/>\n<meta property=\"og:image\" content=\"https:\/\/diarioprincipios.com\/wp-content\/uploads\/2026\/09\/Screenshot_20260831_190929_WhatsApp.jpg\" \/>\n\t<meta property=\"og:image:width\" content=\"1080\" \/>\n\t<meta property=\"og:image:height\" content=\"1396\" \/>\n\t<meta property=\"og:image:type\" content=\"image\/jpeg\" \/>\n<meta name=\"author\" content=\"Hern\u00e1n L\u00f3pez\" \/>\n<meta name=\"twitter:card\" content=\"summary_large_image\" \/>\n<meta name=\"twitter:label1\" content=\"Escrito por\" \/>\n\t<meta name=\"twitter:data1\" content=\"Hern\u00e1n L\u00f3pez\" \/>\n\t<meta name=\"twitter:label2\" content=\"Tiempo de lectura\" \/>\n\t<meta name=\"twitter:data2\" content=\"2 minutos\" \/>\n<script type=\"application\/ld+json\" class=\"yoast-schema-graph\">{\"@context\":\"https:\\\/\\\/schema.org\",\"@graph\":[{\"@type\":\"Article\",\"@id\":\"https:\\\/\\\/diarioprincipios.com\\\/index.php\\\/2026\\\/09\\\/01\\\/los-bomberos-voluntarios-de-berazategui-celebraron-el-dia-del-nino-con-un-multitudinario-festejo\\\/#article\",\"isPartOf\":{\"@id\":\"https:\\\/\\\/diarioprincipios.com\\\/index.php\\\/2026\\\/09\\\/01\\\/los-bomberos-voluntarios-de-berazategui-celebraron-el-dia-del-nino-con-un-multitudinario-festejo\\\/\"},\"author\":{\"name\":\"Hern\u00e1n L\u00f3pez\",\"@id\":\"https:\\\/\\\/diarioprincipios.com\\\/#\\\/schema\\\/person\\\/436d5a1fd41a5e250e23ff5a6a7cb080\"},\"headline\":\"Los Bomberos Voluntarios de Berazategui celebraron el D\u00eda del Ni\u00f1o con un multitudinario festejo\",\"datePublished\":\"2026-09-01T20:55:46+00:00\",\"dateModified\":\"2026-09-01T20:55:47+00:00\",\"mainEntityOfPage\":{\"@id\":\"https:\\\/\\\/diarioprincipios.com\\\/index.php\\\/2026\\\/09\\\/01\\\/los-bomberos-voluntarios-de-berazategui-celebraron-el-dia-del-nino-con-un-multitudinario-festejo\\\/\"},\"wordCount\":308,\"commentCount\":0,\"publisher\":{\"@id\":\"https:\\\/\\\/diarioprincipios.com\\\/#organization\"},\"image\":{\"@id\":\"https:\\\/\\\/diarioprincipios.com\\\/index.php\\\/2026\\\/09\\\/01\\\/los-bomberos-voluntarios-de-berazategui-celebraron-el-dia-del-nino-con-un-multitudinario-festejo\\\/#primaryimage\"},\"thumbnailUrl\":\"https:\\\/\\\/diarioprincipios.com\\\/wp-content\\\/uploads\\\/2026\\\/09\\\/Screenshot_20260831_190929_WhatsApp.jpg\",\"articleSection\":[\"Berazategui\"],\"inLanguage\":\"es\",\"potentialAction\":[{\"@type\":\"CommentAction\",\"name\":\"Comment\",\"target\":[\"https:\\\/\\\/diarioprincipios.com\\\/index.php\\\/2026\\\/09\\\/01\\\/los-bomberos-voluntarios-de-berazategui-celebraron-el-dia-del-nino-con-un-multitudinario-festejo\\\/#respond\"]}]},{\"@type\":\"WebPage\",\"@id\":\"https:\\\/\\\/diarioprincipios.com\\\/index.php\\\/2026\\\/09\\\/01\\\/los-bomberos-voluntarios-de-berazategui-celebraron-el-dia-del-nino-con-un-multitudinario-festejo\\\/\",\"url\":\"https:\\\/\\\/diarioprincipios.com\\\/index.php\\\/2026\\\/09\\\/01\\\/los-bomberos-voluntarios-de-berazategui-celebraron-el-dia-del-nino-con-un-multitudinario-festejo\\\/\",\"name\":\"Los Bomberos Voluntarios de Berazategui celebraron el D\u00eda del Ni\u00f1o con un multitudinario festejo - Principios\",\"isPartOf\":{\"@id\":\"https:\\\/\\\/diarioprincipios.com\\\/#website\"},\"primaryImageOfPage\":{\"@id\":\"https:\\\/\\\/diarioprincipios.com\\\/index.php\\\/2026\\\/09\\\/01\\\/los-bomberos-voluntarios-de-berazategui-celebraron-el-dia-del-nino-con-un-multitudinario-festejo\\\/#primaryimage\"},\"image\":{\"@id\":\"https:\\\/\\\/diarioprincipios.com\\\/index.php\\\/2026\\\/09\\\/01\\\/los-bomberos-voluntarios-de-berazategui-celebraron-el-dia-del-nino-con-un-multitudinario-festejo\\\/#primaryimage\"},\"thumbnailUrl\":\"https:\\\/\\\/diarioprincipios.com\\\/wp-content\\\/uploads\\\/2026\\\/09\\\/Screenshot_20260831_190929_WhatsApp.jpg\",\"datePublished\":\"2026-09-01T20:55:46+00:00\",\"dateModified\":\"2026-09-01T20:55:47+00:00\",\"breadcrumb\":{\"@id\":\"https:\\\/\\\/diarioprincipios.com\\\/index.php\\\/2026\\\/09\\\/01\\\/los-bomberos-voluntarios-de-berazategui-celebraron-el-dia-del-nino-con-un-multitudinario-festejo\\\/#breadcrumb\"},\"inLanguage\":\"es\",\"potentialAction\":[{\"@type\":\"ReadAction\",\"target\":[\"https:\\\/\\\/diarioprincipios.com\\\/index.php\\\/2026\\\/09\\\/01\\\/los-bomberos-voluntarios-de-berazategui-celebraron-el-dia-del-nino-con-un-multitudinario-festejo\\\/\"]}]},{\"@type\":\"ImageObject\",\"inLanguage\":\"es\",\"@id\":\"https:\\\/\\\/diarioprincipios.com\\\/index.php\\\/2026\\\/09\\\/01\\\/los-bomberos-voluntarios-de-berazategui-celebraron-el-dia-del-nino-con-un-multitudinario-festejo\\\/#primaryimage\",\"url\":\"https:\\\/\\\/diarioprincipios.com\\\/wp-content\\\/uploads\\\/2026\\\/09\\\/Screenshot_20260831_190929_WhatsApp.jpg\",\"contentUrl\":\"https:\\\/\\\/diarioprincipios.com\\\/wp-content\\\/uploads\\\/2026\\\/09\\\/Screenshot_20260831_190929_WhatsApp.jpg\",\"width\":1080,\"height\":1396},{\"@type\":\"BreadcrumbList\",\"@id\":\"https:\\\/\\\/diarioprincipios.com\\\/index.php\\\/2026\\\/09\\\/01\\\/los-bomberos-voluntarios-de-berazategui-celebraron-el-dia-del-nino-con-un-multitudinario-festejo\\\/#breadcrumb\",\"itemListElement\":[{\"@type\":\"ListItem\",\"position\":1,\"name\":\"Portada\",\"item\":\"https:\\\/\\\/diarioprincipios.com\\\/\"},{\"@type\":\"ListItem\",\"position\":2,\"name\":\"Los Bomberos Voluntarios de Berazategui celebraron el D\u00eda del Ni\u00f1o con un multitudinario festejo\"}]},{\"@type\":\"WebSite\",\"@id\":\"https:\\\/\\\/diarioprincipios.com\\\/#website\",\"url\":\"https:\\\/\\\/diarioprincipios.com\\\/\",\"name\":\"Principios\",\"description\":\"Principios Diario\",\"publisher\":{\"@id\":\"https:\\\/\\\/diarioprincipios.com\\\/#organization\"},\"potentialAction\":[{\"@type\":\"SearchAction\",\"target\":{\"@type\":\"EntryPoint\",\"urlTemplate\":\"https:\\\/\\\/diarioprincipios.com\\\/?s={search_term_string}\"},\"query-input\":{\"@type\":\"PropertyValueSpecification\",\"valueRequired\":true,\"valueName\":\"search_term_string\"}}],\"inLanguage\":\"es\"},{\"@type\":\"Organization\",\"@id\":\"https:\\\/\\\/diarioprincipios.com\\\/#organization\",\"name\":\"Principios\",\"url\":\"https:\\\/\\\/diarioprincipios.com\\\/\",\"logo\":{\"@type\":\"ImageObject\",\"inLanguage\":\"es\",\"@id\":\"https:\\\/\\\/diarioprincipios.com\\\/#\\\/schema\\\/logo\\\/image\\\/\",\"url\":\"https:\\\/\\\/diarioprincipios.com\\\/wp-content\\\/uploads\\\/2026\\\/08\\\/cropped-LOGO-scaled-1.png\",\"contentUrl\":\"https:\\\/\\\/diarioprincipios.com\\\/wp-content\\\/uploads\\\/2026\\\/08\\\/cropped-LOGO-scaled-1.png\",\"width\":2407,\"height\":594,\"caption\":\"Principios\"},\"image\":{\"@id\":\"https:\\\/\\\/diarioprincipios.com\\\/#\\\/schema\\\/logo\\\/image\\\/\"}},{\"@type\":\"Person\",\"@id\":\"https:\\\/\\\/diarioprincipios.com\\\/#\\\/schema\\\/person\\\/436d5a1fd41a5e250e23ff5a6a7cb080\",\"name\":\"Hern\u00e1n L\u00f3pez\",\"image\":{\"@type\":\"ImageObject\",\"inLanguage\":\"es\",\"@id\":\"https:\\\/\\\/diarioprincipios.com\\\/wp-content\\\/litespeed\\\/avatar\\\/11ddfe5610ff3bd100522525b2571f48.jpg?ver=1787935507\",\"url\":\"https:\\\/\\\/diarioprincipios.com\\\/wp-content\\\/litespeed\\\/avatar\\\/11ddfe5610ff3bd100522525b2571f48.jpg?ver=1787935507\",\"contentUrl\":\"https:\\\/\\\/diarioprincipios.com\\\/wp-content\\\/litespeed\\\/avatar\\\/11ddfe5610ff3bd100522525b2571f48.jpg?ver=1787935507\",\"caption\":\"Hern\u00e1n L\u00f3pez\"},\"url\":\"https:\\\/\\\/diarioprincipios.com\\\/index.php\\\/author\\\/hernan\\\/\"}]}<\/script>\n<!-- \/ Yoast SEO plugin. -->","yoast_head_json":{"title":"Los Bomberos Voluntarios de Berazategui celebraron el D\u00eda del Ni\u00f1o con un multitudinario festejo - Principios","robots":{"index":"index","follow":"follow","max-snippet":"max-snippet:-1","max-image-preview":"max-image-preview:large","max-video-preview":"max-video-preview:-1"},"canonical":"https:\/\/diarioprincipios.com\/index.php\/2026\/09\/01\/los-bomberos-voluntarios-de-berazategui-celebraron-el-dia-del-nino-con-un-multitudinario-festejo\/","og_locale":"es_ES","og_type":"article","og_title":"Los Bomberos Voluntarios de Berazategui celebraron el D\u00eda del Ni\u00f1o con un multitudinario festejo - Principios","og_description":"El domingo 30 de agosto, el Cuartel de Bomberos Voluntarios de Berazategui se visti\u00f3 de fiesta para celebrar el D\u00eda del Ni\u00f1o con una jornada llena de alegr\u00eda, juegos, sorteos, sorpresas y numerosas actividades especialmente pensadas para los m\u00e1s chicos. El festejo cont\u00f3 con una multitudinaria participaci\u00f3n de familias que se acercaron para compartir una...","og_url":"https:\/\/diarioprincipios.com\/index.php\/2026\/09\/01\/los-bomberos-voluntarios-de-berazategui-celebraron-el-dia-del-nino-con-un-multitudinario-festejo\/","og_site_name":"Principios","article_published_time":"2026-09-01T20:55:46+00:00","article_modified_time":"2026-09-01T20:55:47+00:00","og_image":[{"width":1080,"height":1396,"url":"https:\/\/diarioprincipios.com\/wp-content\/uploads\/2026\/09\/Screenshot_20260831_190929_WhatsApp.jpg","type":"image\/jpeg"}],"author":"Hern\u00e1n L\u00f3pez","twitter_card":"summary_large_image","twitter_misc":{"Escrito por":"Hern\u00e1n L\u00f3pez","Tiempo de lectura":"2 minutos"},"schema":{"@context":"https:\/\/schema.org","@graph":[{"@type":"Article","@id":"https:\/\/diarioprincipios.com\/index.php\/2026\/09\/01\/los-bomberos-voluntarios-de-berazategui-celebraron-el-dia-del-nino-con-un-multitudinario-festejo\/#article","isPartOf":{"@id":"https:\/\/diarioprincipios.com\/index.php\/2026\/09\/01\/los-bomberos-voluntarios-de-berazategui-celebraron-el-dia-del-nino-con-un-multitudinario-festejo\/"},"author":{"name":"Hern\u00e1n L\u00f3pez","@id":"https:\/\/diarioprincipios.com\/#\/schema\/person\/436d5a1fd41a5e250e23ff5a6a7cb080"},"headline":"Los Bomberos Voluntarios de Berazategui celebraron el D\u00eda del Ni\u00f1o con un multitudinario festejo","datePublished":"2026-09-01T20:55:46+00:00","dateModified":"2026-09-01T20:55:47+00:00","mainEntityOfPage":{"@id":"https:\/\/diarioprincipios.com\/index.php\/2026\/09\/01\/los-bomberos-voluntarios-de-berazategui-celebraron-el-dia-del-nino-con-un-multitudinario-festejo\/"},"wordCount":308,"commentCount":0,"publisher":{"@id":"https:\/\/diarioprincipios.com\/#organization"},"image":{"@id":"https:\/\/diarioprincipios.com\/index.php\/2026\/09\/01\/los-bomberos-voluntarios-de-berazategui-celebraron-el-dia-del-nino-con-un-multitudinario-festejo\/#primaryimage"},"thumbnailUrl":"https:\/\/diarioprincipios.com\/wp-content\/uploads\/2026\/09\/Screenshot_20260831_190929_WhatsApp.jpg","articleSection":["Berazategui"],"inLanguage":"es","potentialAction":[{"@type":"CommentAction","name":"Comment","target":["https:\/\/diarioprincipios.com\/index.php\/2026\/09\/01\/los-bomberos-voluntarios-de-berazategui-celebraron-el-dia-del-nino-con-un-multitudinario-festejo\/#respond"]}]},{"@type":"WebPage","@id":"https:\/\/diarioprincipios.com\/index.php\/2026\/09\/01\/los-bomberos-voluntarios-de-berazategui-celebraron-el-dia-del-nino-con-un-multitudinario-festejo\/","url":"https:\/\/diarioprincipios.com\/index.php\/2026\/09\/01\/los-bomberos-voluntarios-de-berazategui-celebraron-el-dia-del-nino-con-un-multitudinario-festejo\/","name":"Los Bomberos Voluntarios de Berazategui celebraron el D\u00eda del Ni\u00f1o con un multitudinario festejo - Principios","isPartOf":{"@id":"https:\/\/diarioprincipios.com\/#website"},"primaryImageOfPage":{"@id":"https:\/\/diarioprincipios.com\/index.php\/2026\/09\/01\/los-bomberos-voluntarios-de-berazategui-celebraron-el-dia-del-nino-con-un-multitudinario-festejo\/#primaryimage"},"image":{"@id":"https:\/\/diarioprincipios.com\/index.php\/2026\/09\/01\/los-bomberos-voluntarios-de-berazategui-celebraron-el-dia-del-nino-con-un-multitudinario-festejo\/#primaryimage"},"thumbnailUrl":"https:\/\/diarioprincipios.com\/wp-content\/uploads\/2026\/09\/Screenshot_20260831_190929_WhatsApp.jpg","datePublished":"2026-09-01T20:55:46+00:00","dateModified":"2026-09-01T20:55:47+00:00","breadcrumb":{"@id":"https:\/\/diarioprincipios.com\/index.php\/2026\/09\/01\/los-bomberos-voluntarios-de-berazategui-celebraron-el-dia-del-nino-con-un-multitudinario-festejo\/#breadcrumb"},"inLanguage":"es","potentialAction":[{"@type":"ReadAction","target":["https:\/\/diarioprincipios.com\/index.php\/2026\/09\/01\/los-bomberos-voluntarios-de-berazategui-celebraron-el-dia-del-nino-con-un-multitudinario-festejo\/"]}]},{"@type":"ImageObject","inLanguage":"es","@id":"https:\/\/diarioprincipios.com\/index.php\/2026\/09\/01\/los-bomberos-voluntarios-de-berazategui-celebraron-el-dia-del-nino-con-un-multitudinario-festejo\/#primaryimage","url":"https:\/\/diarioprincipios.com\/wp-content\/uploads\/2026\/09\/Screenshot_20260831_190929_WhatsApp.jpg","contentUrl":"https:\/\/diarioprincipios.com\/wp-content\/uploads\/2026\/09\/Screenshot_20260831_190929_WhatsApp.jpg","width":1080,"height":1396},{"@type":"BreadcrumbList","@id":"https:\/\/diarioprincipios.com\/index.php\/2026\/09\/01\/los-bomberos-voluntarios-de-berazategui-celebraron-el-dia-del-nino-con-un-multitudinario-festejo\/#breadcrumb","itemListElement":[{"@type":"ListItem","position":1,"name":"Portada","item":"https:\/\/diarioprincipios.com\/"},{"@type":"ListItem","position":2,"name":"Los Bomberos Voluntarios de Berazategui celebraron el D\u00eda del Ni\u00f1o con un multitudinario festejo"}]},{"@type":"WebSite","@id":"https:\/\/diarioprincipios.com\/#website","url":"https:\/\/diarioprincipios.com\/","name":"Principios","description":"Principios Diario","publisher":{"@id":"https:\/\/diarioprincipios.com\/#organization"},"potentialAction":[{"@type":"SearchAction","target":{"@type":"EntryPoint","urlTemplate":"https:\/\/diarioprincipios.com\/?s={search_term_string}"},"query-input":{"@type":"PropertyValueSpecification","valueRequired":true,"valueName":"search_term_string"}}],"inLanguage":"es"},{"@type":"Organization","@id":"https:\/\/diarioprincipios.com\/#organization","name":"Principios","url":"https:\/\/diarioprincipios.com\/","logo":{"@type":"ImageObject","inLanguage":"es","@id":"https:\/\/diarioprincipios.com\/#\/schema\/logo\/image\/","url":"https:\/\/diarioprincipios.com\/wp-content\/uploads\/2026\/08\/cropped-LOGO-scaled-1.png","contentUrl":"https:\/\/diarioprincipios.com\/wp-content\/uploads\/2026\/08\/cropped-LOGO-scaled-1.png","width":2407,"height":594,"caption":"Principios"},"image":{"@id":"https:\/\/diarioprincipios.com\/#\/schema\/logo\/image\/"}},{"@type":"Person","@id":"https:\/\/diarioprincipios.com\/#\/schema\/person\/436d5a1fd41a5e250e23ff5a6a7cb080","name":"Hern\u00e1n L\u00f3pez","image":{"@type":"ImageObject","inLanguage":"es","@id":"https:\/\/diarioprincipios.com\/wp-content\/litespeed\/avatar\/11ddfe5610ff3bd100522525b2571f48.jpg?ver=1787935507","url":"https:\/\/diarioprincipios.com\/wp-content\/litespeed\/avatar\/11ddfe5610ff3bd100522525b2571f48.jpg?ver=1787935507","contentUrl":"https:\/\/diarioprincipios.com\/wp-content\/litespeed\/avatar\/11ddfe5610ff3bd100522525b2571f48.jpg?ver=1787935507","caption":"Hern\u00e1n L\u00f3pez"},"url":"https:\/\/diarioprincipios.com\/index.php\/author\/hernan\/"}]}},"jetpack_featured_media_url":"https:\/\/diarioprincipios.com\/wp-content\/uploads\/2026\/09\/Screenshot_20260831_190929_WhatsApp.jpg","_links":{"self":[{"href":"https:\/\/diarioprincipios.com\/index.php\/wp-json\/wp\/v2\/posts\/28442","targetHints":{"allow":["GET"]}}],"collection":[{"href":"https:\/\/diarioprincipios.com\/index.php\/wp-json\/wp\/v2\/posts"}],"about":[{"href":"https:\/\/diarioprincipios.com\/index.php\/wp-json\/wp\/v2\/types\/post"}],"author":[{"embeddable":true,"href":"https:\/\/diarioprincipios.com\/index.php\/wp-json\/wp\/v2\/users\/2"}],"replies":[{"embeddable":true,"href":"https:\/\/diarioprincipios.com\/index.php\/wp-json\/wp\/v2\/comments?post=28442"}],"version-history":[{"count":1,"href":"https:\/\/diarioprincipios.com\/index.php\/wp-json\/wp\/v2\/posts\/28442\/revisions"}],"predecessor-version":[{"id":28452,"href":"https:\/\/diarioprincipios.com\/index.php\/wp-json\/wp\/v2\/posts\/28442\/revisions\/28452"}],"wp:featuredmedia":[{"embeddable":true,"href":"https:\/\/diarioprincipios.com\/index.php\/wp-json\/wp\/v2\/media\/28451"}],"wp:attachment":[{"href":"https:\/\/diarioprincipios.com\/index.php\/wp-json\/wp\/v2\/media?parent=28442"}],"wp:term":[{"taxonomy":"category","embeddable":true,"href":"https:\/\/diarioprincipios.com\/index.php\/wp-json\/wp\/v2\/categories?post=28442"},{"taxonomy":"post_tag","embeddable":true,"href":"https:\/\/diarioprincipios.com\/index.php\/wp-json\/wp\/v2\/tags?post=28442"}],"curies":[{"name":"wp","href":"https:\/\/api.w.org\/{rel}","templated":true}]}}