{"id":28432,"date":"2026-09-01T16:17:34","date_gmt":"2026-09-01T19:17:34","guid":{"rendered":"https:\/\/diarioprincipios.com\/?p=28432"},"modified":"2026-09-01T16:17:35","modified_gmt":"2026-09-01T19:17:35","slug":"comenzo-la-cuenta-regresiva-para-el-bera-rock-2026","status":"publish","type":"post","link":"https:\/\/diarioprincipios.com\/index.php\/2026\/09\/01\/comenzo-la-cuenta-regresiva-para-el-bera-rock-2026\/","title":{"rendered":"Comenz\u00f3 la cuenta regresiva para el Bera Rock 2026"},"content":{"rendered":"\n<p class=\"wp-block-paragraph\">Esta semana arranca una nueva edici\u00f3n del Bera Rock, el emblem\u00e1tico festival organizado por la Municipalidad de Berazategui e impulsado por el intendente Carlos Balor. Se realizar\u00e1 del jueves 3 al domingo 6 de septiembre en el Centro Municipal de Actividades Roberto De Vicenzo (148 y 18), con entrada gratuita y por orden de llegada (con capacidad limitada). El evento contar\u00e1 con m\u00e1s de 80 bandas y artistas, adem\u00e1s de los shows centrales de CTM Claudio Tano Marciello, Eruca Sativa y Los Tipitos. Cada jornada comenzar\u00e1 a las 14.00 y reunir\u00e1 propuestas de distintos estilos y expresiones vinculadas al rock.<\/p>\n\n\n\n<p class=\"wp-block-paragraph\">El Bera Rock es organizado por la Secretar\u00eda de Cultura y Educaci\u00f3n municipal. En esta edici\u00f3n 2026, el jueves 3 de septiembre a las 23.00 se presentar\u00e1 CTM Claudio Tano Marciello, uno de los m\u00fasicos m\u00e1s destacados del heavy metal y rock nacional, reconocido por haber sido guitarrista principal y compositor de la emblem\u00e1tica Almafuerte. El viernes 4 a las 23.55 ser\u00e1 el turno de Eruca Sativa, una de las bandas m\u00e1s influyentes del rock alternativo y hard rock argentino. Finalmente, el domingo 6 a las 22.00, Los Tipitos subir\u00e1n al escenario para cerrar una nueva edici\u00f3n del festival.<\/p>\n\n\n\n<p class=\"wp-block-paragraph\">Asimismo, a lo largo de las cuatro jornadas participar\u00e1n m\u00e1s de 90 bandas de rock, artistas de Escuelas locales, bandas tributo, la Orquesta Escuela Municipal y otros grupos destacados. Se podr\u00e1n disfrutar propuestas de Rock Nacional, Funk Rock, Reggae, Instrumental, Ska, Rock &amp; Roll, Blues, Country, Folk Fusi\u00f3n, Pop, Pop\/Rock, Progresivo, Alternativo, Experimental, Indie, Heavy, New Metal, Hard Rock, Hardcore, Punk y Grunge. Adem\u00e1s, habr\u00e1 un variado sector gastron\u00f3mico a disposici\u00f3n del p\u00fablico.<\/p>\n\n\n\n<figure class=\"wp-block-image size-large\"><img loading=\"lazy\" decoding=\"async\" width=\"819\" height=\"1024\" src=\"https:\/\/diarioprincipios.com\/wp-content\/uploads\/2026\/09\/Comenzo-la-cuenta-regresiva-para-el-Bera-Rock-2026-2-819x1024.jpg\" alt=\"\" class=\"wp-image-28433\" srcset=\"https:\/\/diarioprincipios.com\/wp-content\/uploads\/2026\/09\/Comenzo-la-cuenta-regresiva-para-el-Bera-Rock-2026-2-819x1024.jpg 819w, https:\/\/diarioprincipios.com\/wp-content\/uploads\/2026\/09\/Comenzo-la-cuenta-regresiva-para-el-Bera-Rock-2026-2-240x300.jpg 240w, https:\/\/diarioprincipios.com\/wp-content\/uploads\/2026\/09\/Comenzo-la-cuenta-regresiva-para-el-Bera-Rock-2026-2-768x960.jpg 768w, https:\/\/diarioprincipios.com\/wp-content\/uploads\/2026\/09\/Comenzo-la-cuenta-regresiva-para-el-Bera-Rock-2026-2-1229x1536.jpg 1229w, https:\/\/diarioprincipios.com\/wp-content\/uploads\/2026\/09\/Comenzo-la-cuenta-regresiva-para-el-Bera-Rock-2026-2-1639x2048.jpg 1639w, https:\/\/diarioprincipios.com\/wp-content\/uploads\/2026\/09\/Comenzo-la-cuenta-regresiva-para-el-Bera-Rock-2026-2-scaled.jpg 2048w\" sizes=\"auto, (max-width: 819px) 100vw, 819px\" \/><\/figure>\n\n\n\n<p class=\"wp-block-paragraph\">Un cl\u00e1sico de Berazategui<\/p>\n\n\n\n<p class=\"wp-block-paragraph\">El Bera Rock tuvo su primera edici\u00f3n en 2009, por gesti\u00f3n del Dr. Juan Jos\u00e9 Mussi. Ese a\u00f1o bati\u00f3 el R\u00e9cord Guinness al ofrecer 160 horas y 35 minutos ininterrumpidos con 439 bandas de rock en vivo, una marca que no volvi\u00f3 a ser superada por ning\u00fan otro evento del mundo. Con el paso del tiempo, el festival se convirti\u00f3 en un evento emblem\u00e1tico de la zona sur del Conurbano, con la asistencia de m\u00e1s de 40 mil personas por edici\u00f3n. Se caracteriza por impulsar talentos locales a trav\u00e9s de diferentes convocatorias, a la par de la presencia de artistas de renombre.<\/p>\n\n\n\n<p class=\"wp-block-paragraph\">El Centro Municipal de Actividades Roberto De Vicenzo oficia como un espacio libre de alcohol y humo, donde espectadores de todas las edades pueden disfrutar de recitales de distintos subg\u00e9neros del rock. A su vez, los y las artistas cuentan con asistencia t\u00e9cnica de alta calidad en luces, sonido y dos escenarios completos.<\/p>\n\n\n\n<p class=\"wp-block-paragraph\">Para m\u00e1s informaci\u00f3n, se puede ingresar en berazategui.gob.ar\/cultura.<\/p>\n","protected":false},"excerpt":{"rendered":"<p>Esta semana arranca una nueva edici\u00f3n del Bera Rock, el emblem\u00e1tico festival organizado por la Municipalidad de Berazategui e impulsado por el intendente Carlos Balor. Se realizar\u00e1 del jueves 3 al domingo 6 de septiembre en el Centro Municipal de Actividades Roberto De Vicenzo (148 y 18), con entrada gratuita y por orden de llegada&#8230;<\/p>\n","protected":false},"author":2,"featured_media":28434,"comment_status":"open","ping_status":"open","sticky":false,"template":"","format":"standard","meta":{"footnotes":""},"categories":[3],"tags":[],"class_list":["post-28432","post","type-post","status-publish","format-standard","has-post-thumbnail","hentry","category-berazategui"],"featured_image_src":"https:\/\/diarioprincipios.com\/wp-content\/uploads\/2026\/09\/Comenzo-la-cuenta-regresiva-para-el-Bera-Rock-2026-1-1024x683.jpg","blog_images":{"medium":"https:\/\/diarioprincipios.com\/wp-content\/uploads\/2026\/09\/Comenzo-la-cuenta-regresiva-para-el-Bera-Rock-2026-1-300x200.jpg","large":"https:\/\/diarioprincipios.com\/wp-content\/uploads\/2026\/09\/Comenzo-la-cuenta-regresiva-para-el-Bera-Rock-2026-1-1024x683.jpg"},"ams_acf":[],"yoast_head":"<!-- This site is optimized with the Yoast SEO plugin v28.3 - https:\/\/yoast.com\/product\/yoast-seo-wordpress\/ -->\n<title>Comenz\u00f3 la cuenta regresiva para el Bera Rock 2026 - Principios<\/title>\n<meta name=\"robots\" content=\"index, follow, max-snippet:-1, max-image-preview:large, max-video-preview:-1\" \/>\n<link rel=\"canonical\" href=\"https:\/\/diarioprincipios.com\/index.php\/2026\/09\/01\/comenzo-la-cuenta-regresiva-para-el-bera-rock-2026\/\" \/>\n<meta property=\"og:locale\" content=\"es_ES\" \/>\n<meta property=\"og:type\" content=\"article\" \/>\n<meta property=\"og:title\" content=\"Comenz\u00f3 la cuenta regresiva para el Bera Rock 2026 - Principios\" \/>\n<meta property=\"og:description\" content=\"Esta semana arranca una nueva edici\u00f3n del Bera Rock, el emblem\u00e1tico festival organizado por la Municipalidad de Berazategui e impulsado por el intendente Carlos Balor. Se realizar\u00e1 del jueves 3 al domingo 6 de septiembre en el Centro Municipal de Actividades Roberto De Vicenzo (148 y 18), con entrada gratuita y por orden de llegada...\" \/>\n<meta property=\"og:url\" content=\"https:\/\/diarioprincipios.com\/index.php\/2026\/09\/01\/comenzo-la-cuenta-regresiva-para-el-bera-rock-2026\/\" \/>\n<meta property=\"og:site_name\" content=\"Principios\" \/>\n<meta property=\"article:published_time\" content=\"2026-09-01T19:17:34+00:00\" \/>\n<meta property=\"article:modified_time\" content=\"2026-09-01T19:17:35+00:00\" \/>\n<meta property=\"og:image\" content=\"https:\/\/diarioprincipios.com\/wp-content\/uploads\/2026\/09\/Comenzo-la-cuenta-regresiva-para-el-Bera-Rock-2026-1.jpg\" \/>\n\t<meta property=\"og:image:width\" content=\"1920\" \/>\n\t<meta property=\"og:image:height\" content=\"1280\" \/>\n\t<meta property=\"og:image:type\" content=\"image\/jpeg\" \/>\n<meta name=\"author\" content=\"Hern\u00e1n L\u00f3pez\" \/>\n<meta name=\"twitter:card\" content=\"summary_large_image\" \/>\n<meta name=\"twitter:label1\" content=\"Escrito por\" \/>\n\t<meta name=\"twitter:data1\" content=\"Hern\u00e1n L\u00f3pez\" \/>\n\t<meta name=\"twitter:label2\" content=\"Tiempo de lectura\" \/>\n\t<meta name=\"twitter:data2\" content=\"3 minutos\" \/>\n<script type=\"application\/ld+json\" class=\"yoast-schema-graph\">{\"@context\":\"https:\\\/\\\/schema.org\",\"@graph\":[{\"@type\":\"Article\",\"@id\":\"https:\\\/\\\/diarioprincipios.com\\\/index.php\\\/2026\\\/09\\\/01\\\/comenzo-la-cuenta-regresiva-para-el-bera-rock-2026\\\/#article\",\"isPartOf\":{\"@id\":\"https:\\\/\\\/diarioprincipios.com\\\/index.php\\\/2026\\\/09\\\/01\\\/comenzo-la-cuenta-regresiva-para-el-bera-rock-2026\\\/\"},\"author\":{\"name\":\"Hern\u00e1n L\u00f3pez\",\"@id\":\"https:\\\/\\\/diarioprincipios.com\\\/#\\\/schema\\\/person\\\/436d5a1fd41a5e250e23ff5a6a7cb080\"},\"headline\":\"Comenz\u00f3 la cuenta regresiva para el Bera Rock 2026\",\"datePublished\":\"2026-09-01T19:17:34+00:00\",\"dateModified\":\"2026-09-01T19:17:35+00:00\",\"mainEntityOfPage\":{\"@id\":\"https:\\\/\\\/diarioprincipios.com\\\/index.php\\\/2026\\\/09\\\/01\\\/comenzo-la-cuenta-regresiva-para-el-bera-rock-2026\\\/\"},\"wordCount\":467,\"commentCount\":0,\"publisher\":{\"@id\":\"https:\\\/\\\/diarioprincipios.com\\\/#organization\"},\"image\":{\"@id\":\"https:\\\/\\\/diarioprincipios.com\\\/index.php\\\/2026\\\/09\\\/01\\\/comenzo-la-cuenta-regresiva-para-el-bera-rock-2026\\\/#primaryimage\"},\"thumbnailUrl\":\"https:\\\/\\\/diarioprincipios.com\\\/wp-content\\\/uploads\\\/2026\\\/09\\\/Comenzo-la-cuenta-regresiva-para-el-Bera-Rock-2026-1.jpg\",\"articleSection\":[\"Berazategui\"],\"inLanguage\":\"es\",\"potentialAction\":[{\"@type\":\"CommentAction\",\"name\":\"Comment\",\"target\":[\"https:\\\/\\\/diarioprincipios.com\\\/index.php\\\/2026\\\/09\\\/01\\\/comenzo-la-cuenta-regresiva-para-el-bera-rock-2026\\\/#respond\"]}]},{\"@type\":\"WebPage\",\"@id\":\"https:\\\/\\\/diarioprincipios.com\\\/index.php\\\/2026\\\/09\\\/01\\\/comenzo-la-cuenta-regresiva-para-el-bera-rock-2026\\\/\",\"url\":\"https:\\\/\\\/diarioprincipios.com\\\/index.php\\\/2026\\\/09\\\/01\\\/comenzo-la-cuenta-regresiva-para-el-bera-rock-2026\\\/\",\"name\":\"Comenz\u00f3 la cuenta regresiva para el Bera Rock 2026 - Principios\",\"isPartOf\":{\"@id\":\"https:\\\/\\\/diarioprincipios.com\\\/#website\"},\"primaryImageOfPage\":{\"@id\":\"https:\\\/\\\/diarioprincipios.com\\\/index.php\\\/2026\\\/09\\\/01\\\/comenzo-la-cuenta-regresiva-para-el-bera-rock-2026\\\/#primaryimage\"},\"image\":{\"@id\":\"https:\\\/\\\/diarioprincipios.com\\\/index.php\\\/2026\\\/09\\\/01\\\/comenzo-la-cuenta-regresiva-para-el-bera-rock-2026\\\/#primaryimage\"},\"thumbnailUrl\":\"https:\\\/\\\/diarioprincipios.com\\\/wp-content\\\/uploads\\\/2026\\\/09\\\/Comenzo-la-cuenta-regresiva-para-el-Bera-Rock-2026-1.jpg\",\"datePublished\":\"2026-09-01T19:17:34+00:00\",\"dateModified\":\"2026-09-01T19:17:35+00:00\",\"breadcrumb\":{\"@id\":\"https:\\\/\\\/diarioprincipios.com\\\/index.php\\\/2026\\\/09\\\/01\\\/comenzo-la-cuenta-regresiva-para-el-bera-rock-2026\\\/#breadcrumb\"},\"inLanguage\":\"es\",\"potentialAction\":[{\"@type\":\"ReadAction\",\"target\":[\"https:\\\/\\\/diarioprincipios.com\\\/index.php\\\/2026\\\/09\\\/01\\\/comenzo-la-cuenta-regresiva-para-el-bera-rock-2026\\\/\"]}]},{\"@type\":\"ImageObject\",\"inLanguage\":\"es\",\"@id\":\"https:\\\/\\\/diarioprincipios.com\\\/index.php\\\/2026\\\/09\\\/01\\\/comenzo-la-cuenta-regresiva-para-el-bera-rock-2026\\\/#primaryimage\",\"url\":\"https:\\\/\\\/diarioprincipios.com\\\/wp-content\\\/uploads\\\/2026\\\/09\\\/Comenzo-la-cuenta-regresiva-para-el-Bera-Rock-2026-1.jpg\",\"contentUrl\":\"https:\\\/\\\/diarioprincipios.com\\\/wp-content\\\/uploads\\\/2026\\\/09\\\/Comenzo-la-cuenta-regresiva-para-el-Bera-Rock-2026-1.jpg\",\"width\":1920,\"height\":1280},{\"@type\":\"BreadcrumbList\",\"@id\":\"https:\\\/\\\/diarioprincipios.com\\\/index.php\\\/2026\\\/09\\\/01\\\/comenzo-la-cuenta-regresiva-para-el-bera-rock-2026\\\/#breadcrumb\",\"itemListElement\":[{\"@type\":\"ListItem\",\"position\":1,\"name\":\"Portada\",\"item\":\"https:\\\/\\\/diarioprincipios.com\\\/\"},{\"@type\":\"ListItem\",\"position\":2,\"name\":\"Comenz\u00f3 la cuenta regresiva para el Bera Rock 2026\"}]},{\"@type\":\"WebSite\",\"@id\":\"https:\\\/\\\/diarioprincipios.com\\\/#website\",\"url\":\"https:\\\/\\\/diarioprincipios.com\\\/\",\"name\":\"Principios\",\"description\":\"Principios Diario\",\"publisher\":{\"@id\":\"https:\\\/\\\/diarioprincipios.com\\\/#organization\"},\"potentialAction\":[{\"@type\":\"SearchAction\",\"target\":{\"@type\":\"EntryPoint\",\"urlTemplate\":\"https:\\\/\\\/diarioprincipios.com\\\/?s={search_term_string}\"},\"query-input\":{\"@type\":\"PropertyValueSpecification\",\"valueRequired\":true,\"valueName\":\"search_term_string\"}}],\"inLanguage\":\"es\"},{\"@type\":\"Organization\",\"@id\":\"https:\\\/\\\/diarioprincipios.com\\\/#organization\",\"name\":\"Principios\",\"url\":\"https:\\\/\\\/diarioprincipios.com\\\/\",\"logo\":{\"@type\":\"ImageObject\",\"inLanguage\":\"es\",\"@id\":\"https:\\\/\\\/diarioprincipios.com\\\/#\\\/schema\\\/logo\\\/image\\\/\",\"url\":\"https:\\\/\\\/diarioprincipios.com\\\/wp-content\\\/uploads\\\/2026\\\/08\\\/cropped-LOGO-scaled-1.png\",\"contentUrl\":\"https:\\\/\\\/diarioprincipios.com\\\/wp-content\\\/uploads\\\/2026\\\/08\\\/cropped-LOGO-scaled-1.png\",\"width\":2407,\"height\":594,\"caption\":\"Principios\"},\"image\":{\"@id\":\"https:\\\/\\\/diarioprincipios.com\\\/#\\\/schema\\\/logo\\\/image\\\/\"}},{\"@type\":\"Person\",\"@id\":\"https:\\\/\\\/diarioprincipios.com\\\/#\\\/schema\\\/person\\\/436d5a1fd41a5e250e23ff5a6a7cb080\",\"name\":\"Hern\u00e1n L\u00f3pez\",\"image\":{\"@type\":\"ImageObject\",\"inLanguage\":\"es\",\"@id\":\"https:\\\/\\\/diarioprincipios.com\\\/wp-content\\\/litespeed\\\/avatar\\\/11ddfe5610ff3bd100522525b2571f48.jpg?ver=1787935507\",\"url\":\"https:\\\/\\\/diarioprincipios.com\\\/wp-content\\\/litespeed\\\/avatar\\\/11ddfe5610ff3bd100522525b2571f48.jpg?ver=1787935507\",\"contentUrl\":\"https:\\\/\\\/diarioprincipios.com\\\/wp-content\\\/litespeed\\\/avatar\\\/11ddfe5610ff3bd100522525b2571f48.jpg?ver=1787935507\",\"caption\":\"Hern\u00e1n L\u00f3pez\"},\"url\":\"https:\\\/\\\/diarioprincipios.com\\\/index.php\\\/author\\\/hernan\\\/\"}]}<\/script>\n<!-- \/ Yoast SEO plugin. -->","yoast_head_json":{"title":"Comenz\u00f3 la cuenta regresiva para el Bera Rock 2026 - Principios","robots":{"index":"index","follow":"follow","max-snippet":"max-snippet:-1","max-image-preview":"max-image-preview:large","max-video-preview":"max-video-preview:-1"},"canonical":"https:\/\/diarioprincipios.com\/index.php\/2026\/09\/01\/comenzo-la-cuenta-regresiva-para-el-bera-rock-2026\/","og_locale":"es_ES","og_type":"article","og_title":"Comenz\u00f3 la cuenta regresiva para el Bera Rock 2026 - Principios","og_description":"Esta semana arranca una nueva edici\u00f3n del Bera Rock, el emblem\u00e1tico festival organizado por la Municipalidad de Berazategui e impulsado por el intendente Carlos Balor. Se realizar\u00e1 del jueves 3 al domingo 6 de septiembre en el Centro Municipal de Actividades Roberto De Vicenzo (148 y 18), con entrada gratuita y por orden de llegada...","og_url":"https:\/\/diarioprincipios.com\/index.php\/2026\/09\/01\/comenzo-la-cuenta-regresiva-para-el-bera-rock-2026\/","og_site_name":"Principios","article_published_time":"2026-09-01T19:17:34+00:00","article_modified_time":"2026-09-01T19:17:35+00:00","og_image":[{"width":1920,"height":1280,"url":"https:\/\/diarioprincipios.com\/wp-content\/uploads\/2026\/09\/Comenzo-la-cuenta-regresiva-para-el-Bera-Rock-2026-1.jpg","type":"image\/jpeg"}],"author":"Hern\u00e1n L\u00f3pez","twitter_card":"summary_large_image","twitter_misc":{"Escrito por":"Hern\u00e1n L\u00f3pez","Tiempo de lectura":"3 minutos"},"schema":{"@context":"https:\/\/schema.org","@graph":[{"@type":"Article","@id":"https:\/\/diarioprincipios.com\/index.php\/2026\/09\/01\/comenzo-la-cuenta-regresiva-para-el-bera-rock-2026\/#article","isPartOf":{"@id":"https:\/\/diarioprincipios.com\/index.php\/2026\/09\/01\/comenzo-la-cuenta-regresiva-para-el-bera-rock-2026\/"},"author":{"name":"Hern\u00e1n L\u00f3pez","@id":"https:\/\/diarioprincipios.com\/#\/schema\/person\/436d5a1fd41a5e250e23ff5a6a7cb080"},"headline":"Comenz\u00f3 la cuenta regresiva para el Bera Rock 2026","datePublished":"2026-09-01T19:17:34+00:00","dateModified":"2026-09-01T19:17:35+00:00","mainEntityOfPage":{"@id":"https:\/\/diarioprincipios.com\/index.php\/2026\/09\/01\/comenzo-la-cuenta-regresiva-para-el-bera-rock-2026\/"},"wordCount":467,"commentCount":0,"publisher":{"@id":"https:\/\/diarioprincipios.com\/#organization"},"image":{"@id":"https:\/\/diarioprincipios.com\/index.php\/2026\/09\/01\/comenzo-la-cuenta-regresiva-para-el-bera-rock-2026\/#primaryimage"},"thumbnailUrl":"https:\/\/diarioprincipios.com\/wp-content\/uploads\/2026\/09\/Comenzo-la-cuenta-regresiva-para-el-Bera-Rock-2026-1.jpg","articleSection":["Berazategui"],"inLanguage":"es","potentialAction":[{"@type":"CommentAction","name":"Comment","target":["https:\/\/diarioprincipios.com\/index.php\/2026\/09\/01\/comenzo-la-cuenta-regresiva-para-el-bera-rock-2026\/#respond"]}]},{"@type":"WebPage","@id":"https:\/\/diarioprincipios.com\/index.php\/2026\/09\/01\/comenzo-la-cuenta-regresiva-para-el-bera-rock-2026\/","url":"https:\/\/diarioprincipios.com\/index.php\/2026\/09\/01\/comenzo-la-cuenta-regresiva-para-el-bera-rock-2026\/","name":"Comenz\u00f3 la cuenta regresiva para el Bera Rock 2026 - Principios","isPartOf":{"@id":"https:\/\/diarioprincipios.com\/#website"},"primaryImageOfPage":{"@id":"https:\/\/diarioprincipios.com\/index.php\/2026\/09\/01\/comenzo-la-cuenta-regresiva-para-el-bera-rock-2026\/#primaryimage"},"image":{"@id":"https:\/\/diarioprincipios.com\/index.php\/2026\/09\/01\/comenzo-la-cuenta-regresiva-para-el-bera-rock-2026\/#primaryimage"},"thumbnailUrl":"https:\/\/diarioprincipios.com\/wp-content\/uploads\/2026\/09\/Comenzo-la-cuenta-regresiva-para-el-Bera-Rock-2026-1.jpg","datePublished":"2026-09-01T19:17:34+00:00","dateModified":"2026-09-01T19:17:35+00:00","breadcrumb":{"@id":"https:\/\/diarioprincipios.com\/index.php\/2026\/09\/01\/comenzo-la-cuenta-regresiva-para-el-bera-rock-2026\/#breadcrumb"},"inLanguage":"es","potentialAction":[{"@type":"ReadAction","target":["https:\/\/diarioprincipios.com\/index.php\/2026\/09\/01\/comenzo-la-cuenta-regresiva-para-el-bera-rock-2026\/"]}]},{"@type":"ImageObject","inLanguage":"es","@id":"https:\/\/diarioprincipios.com\/index.php\/2026\/09\/01\/comenzo-la-cuenta-regresiva-para-el-bera-rock-2026\/#primaryimage","url":"https:\/\/diarioprincipios.com\/wp-content\/uploads\/2026\/09\/Comenzo-la-cuenta-regresiva-para-el-Bera-Rock-2026-1.jpg","contentUrl":"https:\/\/diarioprincipios.com\/wp-content\/uploads\/2026\/09\/Comenzo-la-cuenta-regresiva-para-el-Bera-Rock-2026-1.jpg","width":1920,"height":1280},{"@type":"BreadcrumbList","@id":"https:\/\/diarioprincipios.com\/index.php\/2026\/09\/01\/comenzo-la-cuenta-regresiva-para-el-bera-rock-2026\/#breadcrumb","itemListElement":[{"@type":"ListItem","position":1,"name":"Portada","item":"https:\/\/diarioprincipios.com\/"},{"@type":"ListItem","position":2,"name":"Comenz\u00f3 la cuenta regresiva para el Bera Rock 2026"}]},{"@type":"WebSite","@id":"https:\/\/diarioprincipios.com\/#website","url":"https:\/\/diarioprincipios.com\/","name":"Principios","description":"Principios Diario","publisher":{"@id":"https:\/\/diarioprincipios.com\/#organization"},"potentialAction":[{"@type":"SearchAction","target":{"@type":"EntryPoint","urlTemplate":"https:\/\/diarioprincipios.com\/?s={search_term_string}"},"query-input":{"@type":"PropertyValueSpecification","valueRequired":true,"valueName":"search_term_string"}}],"inLanguage":"es"},{"@type":"Organization","@id":"https:\/\/diarioprincipios.com\/#organization","name":"Principios","url":"https:\/\/diarioprincipios.com\/","logo":{"@type":"ImageObject","inLanguage":"es","@id":"https:\/\/diarioprincipios.com\/#\/schema\/logo\/image\/","url":"https:\/\/diarioprincipios.com\/wp-content\/uploads\/2026\/08\/cropped-LOGO-scaled-1.png","contentUrl":"https:\/\/diarioprincipios.com\/wp-content\/uploads\/2026\/08\/cropped-LOGO-scaled-1.png","width":2407,"height":594,"caption":"Principios"},"image":{"@id":"https:\/\/diarioprincipios.com\/#\/schema\/logo\/image\/"}},{"@type":"Person","@id":"https:\/\/diarioprincipios.com\/#\/schema\/person\/436d5a1fd41a5e250e23ff5a6a7cb080","name":"Hern\u00e1n L\u00f3pez","image":{"@type":"ImageObject","inLanguage":"es","@id":"https:\/\/diarioprincipios.com\/wp-content\/litespeed\/avatar\/11ddfe5610ff3bd100522525b2571f48.jpg?ver=1787935507","url":"https:\/\/diarioprincipios.com\/wp-content\/litespeed\/avatar\/11ddfe5610ff3bd100522525b2571f48.jpg?ver=1787935507","contentUrl":"https:\/\/diarioprincipios.com\/wp-content\/litespeed\/avatar\/11ddfe5610ff3bd100522525b2571f48.jpg?ver=1787935507","caption":"Hern\u00e1n L\u00f3pez"},"url":"https:\/\/diarioprincipios.com\/index.php\/author\/hernan\/"}]}},"jetpack_featured_media_url":"https:\/\/diarioprincipios.com\/wp-content\/uploads\/2026\/09\/Comenzo-la-cuenta-regresiva-para-el-Bera-Rock-2026-1.jpg","_links":{"self":[{"href":"https:\/\/diarioprincipios.com\/index.php\/wp-json\/wp\/v2\/posts\/28432","targetHints":{"allow":["GET"]}}],"collection":[{"href":"https:\/\/diarioprincipios.com\/index.php\/wp-json\/wp\/v2\/posts"}],"about":[{"href":"https:\/\/diarioprincipios.com\/index.php\/wp-json\/wp\/v2\/types\/post"}],"author":[{"embeddable":true,"href":"https:\/\/diarioprincipios.com\/index.php\/wp-json\/wp\/v2\/users\/2"}],"replies":[{"embeddable":true,"href":"https:\/\/diarioprincipios.com\/index.php\/wp-json\/wp\/v2\/comments?post=28432"}],"version-history":[{"count":1,"href":"https:\/\/diarioprincipios.com\/index.php\/wp-json\/wp\/v2\/posts\/28432\/revisions"}],"predecessor-version":[{"id":28435,"href":"https:\/\/diarioprincipios.com\/index.php\/wp-json\/wp\/v2\/posts\/28432\/revisions\/28435"}],"wp:featuredmedia":[{"embeddable":true,"href":"https:\/\/diarioprincipios.com\/index.php\/wp-json\/wp\/v2\/media\/28434"}],"wp:attachment":[{"href":"https:\/\/diarioprincipios.com\/index.php\/wp-json\/wp\/v2\/media?parent=28432"}],"wp:term":[{"taxonomy":"category","embeddable":true,"href":"https:\/\/diarioprincipios.com\/index.php\/wp-json\/wp\/v2\/categories?post=28432"},{"taxonomy":"post_tag","embeddable":true,"href":"https:\/\/diarioprincipios.com\/index.php\/wp-json\/wp\/v2\/tags?post=28432"}],"curies":[{"name":"wp","href":"https:\/\/api.w.org\/{rel}","templated":true}]}}