{"id":28424,"date":"2026-08-31T20:21:41","date_gmt":"2026-08-31T23:21:41","guid":{"rendered":"https:\/\/diarioprincipios.com\/?p=28424"},"modified":"2026-08-31T20:21:41","modified_gmt":"2026-08-31T23:21:41","slug":"a-39-anos-del-triunfo-que-lo-llevo-por-primera-vez-a-la-intendencia-de-berazategui-habra-un-gran-homenaje-a-juan-jose-mussi-en-platanos","status":"publish","type":"post","link":"https:\/\/diarioprincipios.com\/index.php\/2026\/08\/31\/a-39-anos-del-triunfo-que-lo-llevo-por-primera-vez-a-la-intendencia-de-berazategui-habra-un-gran-homenaje-a-juan-jose-mussi-en-platanos\/","title":{"rendered":"A 39 a\u00f1os del triunfo que lo llev\u00f3 por primera vez a la Intendencia de Berazategui habr\u00e1 un gran homenaje a Juan Jos\u00e9 Mussi en Pl\u00e1tanos"},"content":{"rendered":"\n<p class=\"wp-block-paragraph\">Este domingo 6 de septiembre se realizar\u00e1 un acto que comenzar\u00e1 con una caminata hasta la casa donde naci\u00f3 el hist\u00f3rico dirigente berazateguense<\/p>\n\n\n\n<p class=\"wp-block-paragraph\">Este domingo 6 de septiembre, Berazategui rendir\u00e1 un emotivo homenaje al Dr. Juan Jos\u00e9 Mussi, al imponerse su nombre a la calle 158, en el tramo comprendido entre la avenida Bemberg y la calle 42.<\/p>\n\n\n\n<p class=\"wp-block-paragraph\">La actividad comenzar\u00e1 a las 10.30 horas en la intersecci\u00f3n de las calles 158 y 45, desde donde vecinos, instituciones y representantes de la comunidad caminar\u00e1n juntos hasta la casa que vio nacer a Mussi.<\/p>\n\n\n\n<p class=\"wp-block-paragraph\">La iniciativa representa un reconocimiento a la trayectoria de un hombre profundamente ligado a la historia de Berazategui, ciudad a la que dedic\u00f3 gran parte de su vida y de su actividad p\u00fablica.<\/p>\n\n\n\n<p class=\"wp-block-paragraph\">El homenaje es convocado por el intendente municipal Carlos Balor, quien defini\u00f3 a Mussi como \u201cun gran amigo\u201d y destac\u00f3 su dedicaci\u00f3n permanente a Berazategui.<\/p>\n\n\n\n<p class=\"wp-block-paragraph\">El 6 de septiembre de 1987, Juan Jos\u00e9 Mussi gan\u00f3 por primera vez las elecciones a intendente de Berazategui, cargo que desempe\u00f1\u00f3 en seis oportunidades, consolid\u00e1ndose como la figura m\u00e1s importante de la historia pol\u00edtica y social del distrito.<\/p>\n\n\n\n<p class=\"wp-block-paragraph\">\u201cEn homenaje a mi gran amigo, que dedic\u00f3 su vida a Berazategui, este domingo se impondr\u00e1 el nombre Dr. Juan Jos\u00e9 Mussi a la calle 158 desde Av. Bemberg hasta 42\u201d, expres\u00f3 Balor.<\/p>\n\n\n\n<p class=\"wp-block-paragraph\">El jefe comunal invit\u00f3 a toda la comunidad a participar de este momento especial y remarc\u00f3 el profundo significado de regresar al lugar donde comenz\u00f3 la historia personal de quien se convirti\u00f3 en la figura m\u00e1s reconocida de la vida pol\u00edtica y social berazateguense.<\/p>\n\n\n\n<p class=\"wp-block-paragraph\">Una calle llevar\u00e1 su nombre, pero el homenaje busca tambi\u00e9n mantener viva una historia, una trayectoria y un v\u00ednculo profundo con la ciudad.<\/p>\n\n\n\n<p class=\"wp-block-paragraph\">Dr Juan Jos\u00e9 Mussi \u201cEn el coraz\u00f3n siempre, en Berazategui siempre\u201d. \ud83e\udde1<\/p>\n","protected":false},"excerpt":{"rendered":"<p>Este domingo 6 de septiembre se realizar\u00e1 un acto que comenzar\u00e1 con una caminata hasta la casa donde naci\u00f3 el hist\u00f3rico dirigente berazateguense Este domingo 6 de septiembre, Berazategui rendir\u00e1 un emotivo homenaje al Dr. Juan Jos\u00e9 Mussi, al imponerse su nombre a la calle 158, en el tramo comprendido entre la avenida Bemberg y&#8230;<\/p>\n","protected":false},"author":2,"featured_media":28425,"comment_status":"open","ping_status":"open","sticky":false,"template":"","format":"standard","meta":{"footnotes":""},"categories":[3],"tags":[],"class_list":["post-28424","post","type-post","status-publish","format-standard","has-post-thumbnail","hentry","category-berazategui"],"featured_image_src":"https:\/\/diarioprincipios.com\/wp-content\/uploads\/2026\/08\/FB_IMG_1788217668638-819x1024.jpg","blog_images":{"medium":"https:\/\/diarioprincipios.com\/wp-content\/uploads\/2026\/08\/FB_IMG_1788217668638-240x300.jpg","large":"https:\/\/diarioprincipios.com\/wp-content\/uploads\/2026\/08\/FB_IMG_1788217668638-819x1024.jpg"},"ams_acf":[],"yoast_head":"<!-- This site is optimized with the Yoast SEO plugin v28.3 - https:\/\/yoast.com\/product\/yoast-seo-wordpress\/ -->\n<title>A 39 a\u00f1os del triunfo que lo llev\u00f3 por primera vez a la Intendencia de Berazategui habr\u00e1 un gran homenaje a Juan Jos\u00e9 Mussi en Pl\u00e1tanos - Principios<\/title>\n<meta name=\"robots\" content=\"index, follow, max-snippet:-1, max-image-preview:large, max-video-preview:-1\" \/>\n<link rel=\"canonical\" href=\"https:\/\/diarioprincipios.com\/index.php\/2026\/08\/31\/a-39-anos-del-triunfo-que-lo-llevo-por-primera-vez-a-la-intendencia-de-berazategui-habra-un-gran-homenaje-a-juan-jose-mussi-en-platanos\/\" \/>\n<meta property=\"og:locale\" content=\"es_ES\" \/>\n<meta property=\"og:type\" content=\"article\" \/>\n<meta property=\"og:title\" content=\"A 39 a\u00f1os del triunfo que lo llev\u00f3 por primera vez a la Intendencia de Berazategui habr\u00e1 un gran homenaje a Juan Jos\u00e9 Mussi en Pl\u00e1tanos - Principios\" \/>\n<meta property=\"og:description\" content=\"Este domingo 6 de septiembre se realizar\u00e1 un acto que comenzar\u00e1 con una caminata hasta la casa donde naci\u00f3 el hist\u00f3rico dirigente berazateguense Este domingo 6 de septiembre, Berazategui rendir\u00e1 un emotivo homenaje al Dr. Juan Jos\u00e9 Mussi, al imponerse su nombre a la calle 158, en el tramo comprendido entre la avenida Bemberg y...\" \/>\n<meta property=\"og:url\" content=\"https:\/\/diarioprincipios.com\/index.php\/2026\/08\/31\/a-39-anos-del-triunfo-que-lo-llevo-por-primera-vez-a-la-intendencia-de-berazategui-habra-un-gran-homenaje-a-juan-jose-mussi-en-platanos\/\" \/>\n<meta property=\"og:site_name\" content=\"Principios\" \/>\n<meta property=\"article:published_time\" content=\"2026-08-31T23:21:41+00:00\" \/>\n<meta property=\"og:image\" content=\"https:\/\/diarioprincipios.com\/wp-content\/uploads\/2026\/08\/FB_IMG_1788217668638.jpg\" \/>\n\t<meta property=\"og:image:width\" content=\"1080\" \/>\n\t<meta property=\"og:image:height\" content=\"1350\" \/>\n\t<meta property=\"og:image:type\" content=\"image\/jpeg\" \/>\n<meta name=\"author\" content=\"Hern\u00e1n L\u00f3pez\" \/>\n<meta name=\"twitter:card\" content=\"summary_large_image\" \/>\n<meta name=\"twitter:label1\" content=\"Escrito por\" \/>\n\t<meta name=\"twitter:data1\" content=\"Hern\u00e1n L\u00f3pez\" \/>\n\t<meta name=\"twitter:label2\" content=\"Tiempo de lectura\" \/>\n\t<meta name=\"twitter:data2\" content=\"2 minutos\" \/>\n<script type=\"application\/ld+json\" class=\"yoast-schema-graph\">{\"@context\":\"https:\\\/\\\/schema.org\",\"@graph\":[{\"@type\":\"Article\",\"@id\":\"https:\\\/\\\/diarioprincipios.com\\\/index.php\\\/2026\\\/08\\\/31\\\/a-39-anos-del-triunfo-que-lo-llevo-por-primera-vez-a-la-intendencia-de-berazategui-habra-un-gran-homenaje-a-juan-jose-mussi-en-platanos\\\/#article\",\"isPartOf\":{\"@id\":\"https:\\\/\\\/diarioprincipios.com\\\/index.php\\\/2026\\\/08\\\/31\\\/a-39-anos-del-triunfo-que-lo-llevo-por-primera-vez-a-la-intendencia-de-berazategui-habra-un-gran-homenaje-a-juan-jose-mussi-en-platanos\\\/\"},\"author\":{\"name\":\"Hern\u00e1n L\u00f3pez\",\"@id\":\"https:\\\/\\\/diarioprincipios.com\\\/#\\\/schema\\\/person\\\/436d5a1fd41a5e250e23ff5a6a7cb080\"},\"headline\":\"A 39 a\u00f1os del triunfo que lo llev\u00f3 por primera vez a la Intendencia de Berazategui habr\u00e1 un gran homenaje a Juan Jos\u00e9 Mussi en Pl\u00e1tanos\",\"datePublished\":\"2026-08-31T23:21:41+00:00\",\"mainEntityOfPage\":{\"@id\":\"https:\\\/\\\/diarioprincipios.com\\\/index.php\\\/2026\\\/08\\\/31\\\/a-39-anos-del-triunfo-que-lo-llevo-por-primera-vez-a-la-intendencia-de-berazategui-habra-un-gran-homenaje-a-juan-jose-mussi-en-platanos\\\/\"},\"wordCount\":330,\"commentCount\":0,\"publisher\":{\"@id\":\"https:\\\/\\\/diarioprincipios.com\\\/#organization\"},\"image\":{\"@id\":\"https:\\\/\\\/diarioprincipios.com\\\/index.php\\\/2026\\\/08\\\/31\\\/a-39-anos-del-triunfo-que-lo-llevo-por-primera-vez-a-la-intendencia-de-berazategui-habra-un-gran-homenaje-a-juan-jose-mussi-en-platanos\\\/#primaryimage\"},\"thumbnailUrl\":\"https:\\\/\\\/diarioprincipios.com\\\/wp-content\\\/uploads\\\/2026\\\/08\\\/FB_IMG_1788217668638.jpg\",\"articleSection\":[\"Berazategui\"],\"inLanguage\":\"es\",\"potentialAction\":[{\"@type\":\"CommentAction\",\"name\":\"Comment\",\"target\":[\"https:\\\/\\\/diarioprincipios.com\\\/index.php\\\/2026\\\/08\\\/31\\\/a-39-anos-del-triunfo-que-lo-llevo-por-primera-vez-a-la-intendencia-de-berazategui-habra-un-gran-homenaje-a-juan-jose-mussi-en-platanos\\\/#respond\"]}]},{\"@type\":\"WebPage\",\"@id\":\"https:\\\/\\\/diarioprincipios.com\\\/index.php\\\/2026\\\/08\\\/31\\\/a-39-anos-del-triunfo-que-lo-llevo-por-primera-vez-a-la-intendencia-de-berazategui-habra-un-gran-homenaje-a-juan-jose-mussi-en-platanos\\\/\",\"url\":\"https:\\\/\\\/diarioprincipios.com\\\/index.php\\\/2026\\\/08\\\/31\\\/a-39-anos-del-triunfo-que-lo-llevo-por-primera-vez-a-la-intendencia-de-berazategui-habra-un-gran-homenaje-a-juan-jose-mussi-en-platanos\\\/\",\"name\":\"A 39 a\u00f1os del triunfo que lo llev\u00f3 por primera vez a la Intendencia de Berazategui habr\u00e1 un gran homenaje a Juan Jos\u00e9 Mussi en Pl\u00e1tanos - Principios\",\"isPartOf\":{\"@id\":\"https:\\\/\\\/diarioprincipios.com\\\/#website\"},\"primaryImageOfPage\":{\"@id\":\"https:\\\/\\\/diarioprincipios.com\\\/index.php\\\/2026\\\/08\\\/31\\\/a-39-anos-del-triunfo-que-lo-llevo-por-primera-vez-a-la-intendencia-de-berazategui-habra-un-gran-homenaje-a-juan-jose-mussi-en-platanos\\\/#primaryimage\"},\"image\":{\"@id\":\"https:\\\/\\\/diarioprincipios.com\\\/index.php\\\/2026\\\/08\\\/31\\\/a-39-anos-del-triunfo-que-lo-llevo-por-primera-vez-a-la-intendencia-de-berazategui-habra-un-gran-homenaje-a-juan-jose-mussi-en-platanos\\\/#primaryimage\"},\"thumbnailUrl\":\"https:\\\/\\\/diarioprincipios.com\\\/wp-content\\\/uploads\\\/2026\\\/08\\\/FB_IMG_1788217668638.jpg\",\"datePublished\":\"2026-08-31T23:21:41+00:00\",\"breadcrumb\":{\"@id\":\"https:\\\/\\\/diarioprincipios.com\\\/index.php\\\/2026\\\/08\\\/31\\\/a-39-anos-del-triunfo-que-lo-llevo-por-primera-vez-a-la-intendencia-de-berazategui-habra-un-gran-homenaje-a-juan-jose-mussi-en-platanos\\\/#breadcrumb\"},\"inLanguage\":\"es\",\"potentialAction\":[{\"@type\":\"ReadAction\",\"target\":[\"https:\\\/\\\/diarioprincipios.com\\\/index.php\\\/2026\\\/08\\\/31\\\/a-39-anos-del-triunfo-que-lo-llevo-por-primera-vez-a-la-intendencia-de-berazategui-habra-un-gran-homenaje-a-juan-jose-mussi-en-platanos\\\/\"]}]},{\"@type\":\"ImageObject\",\"inLanguage\":\"es\",\"@id\":\"https:\\\/\\\/diarioprincipios.com\\\/index.php\\\/2026\\\/08\\\/31\\\/a-39-anos-del-triunfo-que-lo-llevo-por-primera-vez-a-la-intendencia-de-berazategui-habra-un-gran-homenaje-a-juan-jose-mussi-en-platanos\\\/#primaryimage\",\"url\":\"https:\\\/\\\/diarioprincipios.com\\\/wp-content\\\/uploads\\\/2026\\\/08\\\/FB_IMG_1788217668638.jpg\",\"contentUrl\":\"https:\\\/\\\/diarioprincipios.com\\\/wp-content\\\/uploads\\\/2026\\\/08\\\/FB_IMG_1788217668638.jpg\",\"width\":1080,\"height\":1350},{\"@type\":\"BreadcrumbList\",\"@id\":\"https:\\\/\\\/diarioprincipios.com\\\/index.php\\\/2026\\\/08\\\/31\\\/a-39-anos-del-triunfo-que-lo-llevo-por-primera-vez-a-la-intendencia-de-berazategui-habra-un-gran-homenaje-a-juan-jose-mussi-en-platanos\\\/#breadcrumb\",\"itemListElement\":[{\"@type\":\"ListItem\",\"position\":1,\"name\":\"Portada\",\"item\":\"https:\\\/\\\/diarioprincipios.com\\\/\"},{\"@type\":\"ListItem\",\"position\":2,\"name\":\"A 39 a\u00f1os del triunfo que lo llev\u00f3 por primera vez a la Intendencia de Berazategui habr\u00e1 un gran homenaje a Juan Jos\u00e9 Mussi en Pl\u00e1tanos\"}]},{\"@type\":\"WebSite\",\"@id\":\"https:\\\/\\\/diarioprincipios.com\\\/#website\",\"url\":\"https:\\\/\\\/diarioprincipios.com\\\/\",\"name\":\"Principios\",\"description\":\"Principios Diario\",\"publisher\":{\"@id\":\"https:\\\/\\\/diarioprincipios.com\\\/#organization\"},\"potentialAction\":[{\"@type\":\"SearchAction\",\"target\":{\"@type\":\"EntryPoint\",\"urlTemplate\":\"https:\\\/\\\/diarioprincipios.com\\\/?s={search_term_string}\"},\"query-input\":{\"@type\":\"PropertyValueSpecification\",\"valueRequired\":true,\"valueName\":\"search_term_string\"}}],\"inLanguage\":\"es\"},{\"@type\":\"Organization\",\"@id\":\"https:\\\/\\\/diarioprincipios.com\\\/#organization\",\"name\":\"Principios\",\"url\":\"https:\\\/\\\/diarioprincipios.com\\\/\",\"logo\":{\"@type\":\"ImageObject\",\"inLanguage\":\"es\",\"@id\":\"https:\\\/\\\/diarioprincipios.com\\\/#\\\/schema\\\/logo\\\/image\\\/\",\"url\":\"https:\\\/\\\/diarioprincipios.com\\\/wp-content\\\/uploads\\\/2026\\\/08\\\/cropped-LOGO-scaled-1.png\",\"contentUrl\":\"https:\\\/\\\/diarioprincipios.com\\\/wp-content\\\/uploads\\\/2026\\\/08\\\/cropped-LOGO-scaled-1.png\",\"width\":2407,\"height\":594,\"caption\":\"Principios\"},\"image\":{\"@id\":\"https:\\\/\\\/diarioprincipios.com\\\/#\\\/schema\\\/logo\\\/image\\\/\"}},{\"@type\":\"Person\",\"@id\":\"https:\\\/\\\/diarioprincipios.com\\\/#\\\/schema\\\/person\\\/436d5a1fd41a5e250e23ff5a6a7cb080\",\"name\":\"Hern\u00e1n L\u00f3pez\",\"image\":{\"@type\":\"ImageObject\",\"inLanguage\":\"es\",\"@id\":\"https:\\\/\\\/diarioprincipios.com\\\/wp-content\\\/litespeed\\\/avatar\\\/11ddfe5610ff3bd100522525b2571f48.jpg?ver=1787935507\",\"url\":\"https:\\\/\\\/diarioprincipios.com\\\/wp-content\\\/litespeed\\\/avatar\\\/11ddfe5610ff3bd100522525b2571f48.jpg?ver=1787935507\",\"contentUrl\":\"https:\\\/\\\/diarioprincipios.com\\\/wp-content\\\/litespeed\\\/avatar\\\/11ddfe5610ff3bd100522525b2571f48.jpg?ver=1787935507\",\"caption\":\"Hern\u00e1n L\u00f3pez\"},\"url\":\"https:\\\/\\\/diarioprincipios.com\\\/index.php\\\/author\\\/hernan\\\/\"}]}<\/script>\n<!-- \/ Yoast SEO plugin. -->","yoast_head_json":{"title":"A 39 a\u00f1os del triunfo que lo llev\u00f3 por primera vez a la Intendencia de Berazategui habr\u00e1 un gran homenaje a Juan Jos\u00e9 Mussi en Pl\u00e1tanos - Principios","robots":{"index":"index","follow":"follow","max-snippet":"max-snippet:-1","max-image-preview":"max-image-preview:large","max-video-preview":"max-video-preview:-1"},"canonical":"https:\/\/diarioprincipios.com\/index.php\/2026\/08\/31\/a-39-anos-del-triunfo-que-lo-llevo-por-primera-vez-a-la-intendencia-de-berazategui-habra-un-gran-homenaje-a-juan-jose-mussi-en-platanos\/","og_locale":"es_ES","og_type":"article","og_title":"A 39 a\u00f1os del triunfo que lo llev\u00f3 por primera vez a la Intendencia de Berazategui habr\u00e1 un gran homenaje a Juan Jos\u00e9 Mussi en Pl\u00e1tanos - Principios","og_description":"Este domingo 6 de septiembre se realizar\u00e1 un acto que comenzar\u00e1 con una caminata hasta la casa donde naci\u00f3 el hist\u00f3rico dirigente berazateguense Este domingo 6 de septiembre, Berazategui rendir\u00e1 un emotivo homenaje al Dr. Juan Jos\u00e9 Mussi, al imponerse su nombre a la calle 158, en el tramo comprendido entre la avenida Bemberg y...","og_url":"https:\/\/diarioprincipios.com\/index.php\/2026\/08\/31\/a-39-anos-del-triunfo-que-lo-llevo-por-primera-vez-a-la-intendencia-de-berazategui-habra-un-gran-homenaje-a-juan-jose-mussi-en-platanos\/","og_site_name":"Principios","article_published_time":"2026-08-31T23:21:41+00:00","og_image":[{"width":1080,"height":1350,"url":"https:\/\/diarioprincipios.com\/wp-content\/uploads\/2026\/08\/FB_IMG_1788217668638.jpg","type":"image\/jpeg"}],"author":"Hern\u00e1n L\u00f3pez","twitter_card":"summary_large_image","twitter_misc":{"Escrito por":"Hern\u00e1n L\u00f3pez","Tiempo de lectura":"2 minutos"},"schema":{"@context":"https:\/\/schema.org","@graph":[{"@type":"Article","@id":"https:\/\/diarioprincipios.com\/index.php\/2026\/08\/31\/a-39-anos-del-triunfo-que-lo-llevo-por-primera-vez-a-la-intendencia-de-berazategui-habra-un-gran-homenaje-a-juan-jose-mussi-en-platanos\/#article","isPartOf":{"@id":"https:\/\/diarioprincipios.com\/index.php\/2026\/08\/31\/a-39-anos-del-triunfo-que-lo-llevo-por-primera-vez-a-la-intendencia-de-berazategui-habra-un-gran-homenaje-a-juan-jose-mussi-en-platanos\/"},"author":{"name":"Hern\u00e1n L\u00f3pez","@id":"https:\/\/diarioprincipios.com\/#\/schema\/person\/436d5a1fd41a5e250e23ff5a6a7cb080"},"headline":"A 39 a\u00f1os del triunfo que lo llev\u00f3 por primera vez a la Intendencia de Berazategui habr\u00e1 un gran homenaje a Juan Jos\u00e9 Mussi en Pl\u00e1tanos","datePublished":"2026-08-31T23:21:41+00:00","mainEntityOfPage":{"@id":"https:\/\/diarioprincipios.com\/index.php\/2026\/08\/31\/a-39-anos-del-triunfo-que-lo-llevo-por-primera-vez-a-la-intendencia-de-berazategui-habra-un-gran-homenaje-a-juan-jose-mussi-en-platanos\/"},"wordCount":330,"commentCount":0,"publisher":{"@id":"https:\/\/diarioprincipios.com\/#organization"},"image":{"@id":"https:\/\/diarioprincipios.com\/index.php\/2026\/08\/31\/a-39-anos-del-triunfo-que-lo-llevo-por-primera-vez-a-la-intendencia-de-berazategui-habra-un-gran-homenaje-a-juan-jose-mussi-en-platanos\/#primaryimage"},"thumbnailUrl":"https:\/\/diarioprincipios.com\/wp-content\/uploads\/2026\/08\/FB_IMG_1788217668638.jpg","articleSection":["Berazategui"],"inLanguage":"es","potentialAction":[{"@type":"CommentAction","name":"Comment","target":["https:\/\/diarioprincipios.com\/index.php\/2026\/08\/31\/a-39-anos-del-triunfo-que-lo-llevo-por-primera-vez-a-la-intendencia-de-berazategui-habra-un-gran-homenaje-a-juan-jose-mussi-en-platanos\/#respond"]}]},{"@type":"WebPage","@id":"https:\/\/diarioprincipios.com\/index.php\/2026\/08\/31\/a-39-anos-del-triunfo-que-lo-llevo-por-primera-vez-a-la-intendencia-de-berazategui-habra-un-gran-homenaje-a-juan-jose-mussi-en-platanos\/","url":"https:\/\/diarioprincipios.com\/index.php\/2026\/08\/31\/a-39-anos-del-triunfo-que-lo-llevo-por-primera-vez-a-la-intendencia-de-berazategui-habra-un-gran-homenaje-a-juan-jose-mussi-en-platanos\/","name":"A 39 a\u00f1os del triunfo que lo llev\u00f3 por primera vez a la Intendencia de Berazategui habr\u00e1 un gran homenaje a Juan Jos\u00e9 Mussi en Pl\u00e1tanos - Principios","isPartOf":{"@id":"https:\/\/diarioprincipios.com\/#website"},"primaryImageOfPage":{"@id":"https:\/\/diarioprincipios.com\/index.php\/2026\/08\/31\/a-39-anos-del-triunfo-que-lo-llevo-por-primera-vez-a-la-intendencia-de-berazategui-habra-un-gran-homenaje-a-juan-jose-mussi-en-platanos\/#primaryimage"},"image":{"@id":"https:\/\/diarioprincipios.com\/index.php\/2026\/08\/31\/a-39-anos-del-triunfo-que-lo-llevo-por-primera-vez-a-la-intendencia-de-berazategui-habra-un-gran-homenaje-a-juan-jose-mussi-en-platanos\/#primaryimage"},"thumbnailUrl":"https:\/\/diarioprincipios.com\/wp-content\/uploads\/2026\/08\/FB_IMG_1788217668638.jpg","datePublished":"2026-08-31T23:21:41+00:00","breadcrumb":{"@id":"https:\/\/diarioprincipios.com\/index.php\/2026\/08\/31\/a-39-anos-del-triunfo-que-lo-llevo-por-primera-vez-a-la-intendencia-de-berazategui-habra-un-gran-homenaje-a-juan-jose-mussi-en-platanos\/#breadcrumb"},"inLanguage":"es","potentialAction":[{"@type":"ReadAction","target":["https:\/\/diarioprincipios.com\/index.php\/2026\/08\/31\/a-39-anos-del-triunfo-que-lo-llevo-por-primera-vez-a-la-intendencia-de-berazategui-habra-un-gran-homenaje-a-juan-jose-mussi-en-platanos\/"]}]},{"@type":"ImageObject","inLanguage":"es","@id":"https:\/\/diarioprincipios.com\/index.php\/2026\/08\/31\/a-39-anos-del-triunfo-que-lo-llevo-por-primera-vez-a-la-intendencia-de-berazategui-habra-un-gran-homenaje-a-juan-jose-mussi-en-platanos\/#primaryimage","url":"https:\/\/diarioprincipios.com\/wp-content\/uploads\/2026\/08\/FB_IMG_1788217668638.jpg","contentUrl":"https:\/\/diarioprincipios.com\/wp-content\/uploads\/2026\/08\/FB_IMG_1788217668638.jpg","width":1080,"height":1350},{"@type":"BreadcrumbList","@id":"https:\/\/diarioprincipios.com\/index.php\/2026\/08\/31\/a-39-anos-del-triunfo-que-lo-llevo-por-primera-vez-a-la-intendencia-de-berazategui-habra-un-gran-homenaje-a-juan-jose-mussi-en-platanos\/#breadcrumb","itemListElement":[{"@type":"ListItem","position":1,"name":"Portada","item":"https:\/\/diarioprincipios.com\/"},{"@type":"ListItem","position":2,"name":"A 39 a\u00f1os del triunfo que lo llev\u00f3 por primera vez a la Intendencia de Berazategui habr\u00e1 un gran homenaje a Juan Jos\u00e9 Mussi en Pl\u00e1tanos"}]},{"@type":"WebSite","@id":"https:\/\/diarioprincipios.com\/#website","url":"https:\/\/diarioprincipios.com\/","name":"Principios","description":"Principios Diario","publisher":{"@id":"https:\/\/diarioprincipios.com\/#organization"},"potentialAction":[{"@type":"SearchAction","target":{"@type":"EntryPoint","urlTemplate":"https:\/\/diarioprincipios.com\/?s={search_term_string}"},"query-input":{"@type":"PropertyValueSpecification","valueRequired":true,"valueName":"search_term_string"}}],"inLanguage":"es"},{"@type":"Organization","@id":"https:\/\/diarioprincipios.com\/#organization","name":"Principios","url":"https:\/\/diarioprincipios.com\/","logo":{"@type":"ImageObject","inLanguage":"es","@id":"https:\/\/diarioprincipios.com\/#\/schema\/logo\/image\/","url":"https:\/\/diarioprincipios.com\/wp-content\/uploads\/2026\/08\/cropped-LOGO-scaled-1.png","contentUrl":"https:\/\/diarioprincipios.com\/wp-content\/uploads\/2026\/08\/cropped-LOGO-scaled-1.png","width":2407,"height":594,"caption":"Principios"},"image":{"@id":"https:\/\/diarioprincipios.com\/#\/schema\/logo\/image\/"}},{"@type":"Person","@id":"https:\/\/diarioprincipios.com\/#\/schema\/person\/436d5a1fd41a5e250e23ff5a6a7cb080","name":"Hern\u00e1n L\u00f3pez","image":{"@type":"ImageObject","inLanguage":"es","@id":"https:\/\/diarioprincipios.com\/wp-content\/litespeed\/avatar\/11ddfe5610ff3bd100522525b2571f48.jpg?ver=1787935507","url":"https:\/\/diarioprincipios.com\/wp-content\/litespeed\/avatar\/11ddfe5610ff3bd100522525b2571f48.jpg?ver=1787935507","contentUrl":"https:\/\/diarioprincipios.com\/wp-content\/litespeed\/avatar\/11ddfe5610ff3bd100522525b2571f48.jpg?ver=1787935507","caption":"Hern\u00e1n L\u00f3pez"},"url":"https:\/\/diarioprincipios.com\/index.php\/author\/hernan\/"}]}},"jetpack_featured_media_url":"https:\/\/diarioprincipios.com\/wp-content\/uploads\/2026\/08\/FB_IMG_1788217668638.jpg","_links":{"self":[{"href":"https:\/\/diarioprincipios.com\/index.php\/wp-json\/wp\/v2\/posts\/28424","targetHints":{"allow":["GET"]}}],"collection":[{"href":"https:\/\/diarioprincipios.com\/index.php\/wp-json\/wp\/v2\/posts"}],"about":[{"href":"https:\/\/diarioprincipios.com\/index.php\/wp-json\/wp\/v2\/types\/post"}],"author":[{"embeddable":true,"href":"https:\/\/diarioprincipios.com\/index.php\/wp-json\/wp\/v2\/users\/2"}],"replies":[{"embeddable":true,"href":"https:\/\/diarioprincipios.com\/index.php\/wp-json\/wp\/v2\/comments?post=28424"}],"version-history":[{"count":1,"href":"https:\/\/diarioprincipios.com\/index.php\/wp-json\/wp\/v2\/posts\/28424\/revisions"}],"predecessor-version":[{"id":28426,"href":"https:\/\/diarioprincipios.com\/index.php\/wp-json\/wp\/v2\/posts\/28424\/revisions\/28426"}],"wp:featuredmedia":[{"embeddable":true,"href":"https:\/\/diarioprincipios.com\/index.php\/wp-json\/wp\/v2\/media\/28425"}],"wp:attachment":[{"href":"https:\/\/diarioprincipios.com\/index.php\/wp-json\/wp\/v2\/media?parent=28424"}],"wp:term":[{"taxonomy":"category","embeddable":true,"href":"https:\/\/diarioprincipios.com\/index.php\/wp-json\/wp\/v2\/categories?post=28424"},{"taxonomy":"post_tag","embeddable":true,"href":"https:\/\/diarioprincipios.com\/index.php\/wp-json\/wp\/v2\/tags?post=28424"}],"curies":[{"name":"wp","href":"https:\/\/api.w.org\/{rel}","templated":true}]}}