{"id":28416,"date":"2026-08-31T19:00:25","date_gmt":"2026-08-31T22:00:25","guid":{"rendered":"https:\/\/diarioprincipios.com\/?p=28416"},"modified":"2026-08-31T19:00:26","modified_gmt":"2026-08-31T22:00:26","slug":"14-anos-junto-a-los-vecinos-una-ong-de-pueblo-nuevo-que-transforma-solidaridad-en-accion","status":"publish","type":"post","link":"https:\/\/diarioprincipios.com\/index.php\/2026\/08\/31\/14-anos-junto-a-los-vecinos-una-ong-de-pueblo-nuevo-que-transforma-solidaridad-en-accion\/","title":{"rendered":"14 a\u00f1os junto a los vecinos: una ONG de Pueblo Nuevo que transforma solidaridad en acci\u00f3n"},"content":{"rendered":"\n<p class=\"wp-block-paragraph\">Con 14 a\u00f1os de trayectoria, una organizaci\u00f3n social de Pueblo Nuevo, Hudson, sostiene un trabajo comunitario permanente y silencioso, acompa\u00f1ando a familias de distintos barrios de Berazategui con asistencia, proyectos laborales y ayuda habitacional.<\/p>\n\n\n\n<p class=\"wp-block-paragraph\">Durante todo este tiempo, la instituci\u00f3n ha acompa\u00f1ado a numerosos vecinos con iniciativas destinadas a mejorar sus condiciones de vida, generar oportunidades de trabajo y brindar respuestas concretas ante distintas necesidades.<\/p>\n\n\n\n<figure class=\"wp-block-image size-large\"><img loading=\"lazy\" decoding=\"async\" width=\"1024\" height=\"907\" src=\"https:\/\/diarioprincipios.com\/wp-content\/uploads\/2026\/08\/IMG-20260831-WA0050-1024x907.jpg\" alt=\"\" class=\"wp-image-28417\" srcset=\"https:\/\/diarioprincipios.com\/wp-content\/uploads\/2026\/08\/IMG-20260831-WA0050-1024x907.jpg 1024w, https:\/\/diarioprincipios.com\/wp-content\/uploads\/2026\/08\/IMG-20260831-WA0050-300x266.jpg 300w, https:\/\/diarioprincipios.com\/wp-content\/uploads\/2026\/08\/IMG-20260831-WA0050-768x680.jpg 768w, https:\/\/diarioprincipios.com\/wp-content\/uploads\/2026\/08\/IMG-20260831-WA0050.jpg 1200w\" sizes=\"auto, (max-width: 1024px) 100vw, 1024px\" \/><\/figure>\n\n\n\n<p class=\"wp-block-paragraph\">Entre las acciones realizadas se destacan la finalizaci\u00f3n de tres fines educativos, el trabajo vinculado a la cosecha de un campo y la comercializaci\u00f3n de verduras, as\u00ed como la entrega de proyectos de trabajo con maquinarias, destinados a que vecinos pudieran desarrollar distintas actividades laborales.<\/p>\n\n\n\n<p class=\"wp-block-paragraph\">Durante el a\u00f1o pasado, la ONG que tiene como presidente a Eduardo Villarreal y como secretario a Fabi\u00e1n Aldo Toledo,<br>tambi\u00e9n llev\u00f3 adelante la entrega de 50 proyectos de ayuda habitacional, destinados a colaborar con familias que necesitaban realizar reparaciones en sus viviendas. A esto se sum\u00f3 la distribuci\u00f3n de materiales como chapas, tirantes, clavaderas y alfaj\u00edas.<\/p>\n\n\n\n<figure class=\"wp-block-image size-large\"><img loading=\"lazy\" decoding=\"async\" width=\"1024\" height=\"576\" src=\"https:\/\/diarioprincipios.com\/wp-content\/uploads\/2026\/08\/IMG-20260831-WA0066-1024x576.jpg\" alt=\"\" class=\"wp-image-28418\" srcset=\"https:\/\/diarioprincipios.com\/wp-content\/uploads\/2026\/08\/IMG-20260831-WA0066-1024x576.jpg 1024w, https:\/\/diarioprincipios.com\/wp-content\/uploads\/2026\/08\/IMG-20260831-WA0066-300x169.jpg 300w, https:\/\/diarioprincipios.com\/wp-content\/uploads\/2026\/08\/IMG-20260831-WA0066-768x432.jpg 768w, https:\/\/diarioprincipios.com\/wp-content\/uploads\/2026\/08\/IMG-20260831-WA0066-1536x864.jpg 1536w, https:\/\/diarioprincipios.com\/wp-content\/uploads\/2026\/08\/IMG-20260831-WA0066.jpg 1599w\" sizes=\"auto, (max-width: 1024px) 100vw, 1024px\" \/><\/figure>\n\n\n\n<p class=\"wp-block-paragraph\">Otra de las tareas que se sostiene de manera mensual es la entrega de aproximadamente 300 bolsones de mercader\u00eda, que son distribuidos entre familias de diferentes barrios de Berazategui.<\/p>\n\n\n\n<p class=\"wp-block-paragraph\">Solidaridad que tambi\u00e9n llega a los m\u00e1s chicos<\/p>\n\n\n\n<p class=\"wp-block-paragraph\">Como parte de este compromiso comunitario, cada a\u00f1o la organizaci\u00f3n acompa\u00f1a a las familias de Pueblo Nuevo con una celebraci\u00f3n por el D\u00eda del Ni\u00f1o, poniendo el foco en los m\u00e1s peque\u00f1os.<\/p>\n\n\n\n<p class=\"wp-block-paragraph\">En esta oportunidad, la ONG decidi\u00f3 trabajar en conjunto con los vecinos y la comisi\u00f3n del barrio. La propuesta comenz\u00f3 a organizarse hace aproximadamente dos meses y fue posible gracias a las donaciones de juguetes y golosinas.<\/p>\n\n\n\n<figure class=\"wp-block-image size-large\"><img loading=\"lazy\" decoding=\"async\" width=\"1024\" height=\"768\" src=\"https:\/\/diarioprincipios.com\/wp-content\/uploads\/2026\/08\/IMG-20260831-WA0058-1024x768.jpg\" alt=\"\" class=\"wp-image-28419\" srcset=\"https:\/\/diarioprincipios.com\/wp-content\/uploads\/2026\/08\/IMG-20260831-WA0058-1024x768.jpg 1024w, https:\/\/diarioprincipios.com\/wp-content\/uploads\/2026\/08\/IMG-20260831-WA0058-300x225.jpg 300w, https:\/\/diarioprincipios.com\/wp-content\/uploads\/2026\/08\/IMG-20260831-WA0058-768x576.jpg 768w, https:\/\/diarioprincipios.com\/wp-content\/uploads\/2026\/08\/IMG-20260831-WA0058-1536x1152.jpg 1536w, https:\/\/diarioprincipios.com\/wp-content\/uploads\/2026\/08\/IMG-20260831-WA0058.jpg 1600w\" sizes=\"auto, (max-width: 1024px) 100vw, 1024px\" \/><\/figure>\n\n\n\n<p class=\"wp-block-paragraph\">Desde la organizaci\u00f3n expresaron su agradecimiento a todos los vecinos de Pueblo Nuevo por su colaboraci\u00f3n y, especialmente, a los compa\u00f1eros de Bustillo, Villa Mitre y Villa Espa\u00f1a, quienes tambi\u00e9n se sumaron para acompa\u00f1ar a los ni\u00f1os.<\/p>\n\n\n\n<p class=\"wp-block-paragraph\">\u201cCreemos que nuestros peque\u00f1os son el futuro de nuestra patria chica\u201d, expresaron desde la instituci\u00f3n, recordando una frase del ex intendente Juan Jos\u00e9 Mussi.<\/p>\n\n\n\n<figure class=\"wp-block-image size-large\"><img loading=\"lazy\" decoding=\"async\" width=\"1024\" height=\"768\" src=\"https:\/\/diarioprincipios.com\/wp-content\/uploads\/2026\/08\/IMG-20260831-WA0054-1024x768.jpg\" alt=\"\" class=\"wp-image-28420\" srcset=\"https:\/\/diarioprincipios.com\/wp-content\/uploads\/2026\/08\/IMG-20260831-WA0054-1024x768.jpg 1024w, https:\/\/diarioprincipios.com\/wp-content\/uploads\/2026\/08\/IMG-20260831-WA0054-300x225.jpg 300w, https:\/\/diarioprincipios.com\/wp-content\/uploads\/2026\/08\/IMG-20260831-WA0054-768x576.jpg 768w, https:\/\/diarioprincipios.com\/wp-content\/uploads\/2026\/08\/IMG-20260831-WA0054-1536x1152.jpg 1536w, https:\/\/diarioprincipios.com\/wp-content\/uploads\/2026\/08\/IMG-20260831-WA0054.jpg 1600w\" sizes=\"auto, (max-width: 1024px) 100vw, 1024px\" \/><\/figure>\n\n\n\n<p class=\"wp-block-paragraph\">La organizaci\u00f3n reafirm\u00f3 su compromiso de continuar trabajando junto a los vecinos y fortaleciendo las acciones solidarias que desarrolla desde hace 14 a\u00f1os, convencida de que la participaci\u00f3n comunitaria y la solidaridad son herramientas fundamentales para construir un mejor futuro.<\/p>\n","protected":false},"excerpt":{"rendered":"<p>Con 14 a\u00f1os de trayectoria, una organizaci\u00f3n social de Pueblo Nuevo, Hudson, sostiene un trabajo comunitario permanente y silencioso, acompa\u00f1ando a familias de distintos barrios de Berazategui con asistencia, proyectos laborales y ayuda habitacional. Durante todo este tiempo, la instituci\u00f3n ha acompa\u00f1ado a numerosos vecinos con iniciativas destinadas a mejorar sus condiciones de vida, generar&#8230;<\/p>\n","protected":false},"author":2,"featured_media":28422,"comment_status":"open","ping_status":"open","sticky":false,"template":"","format":"standard","meta":{"footnotes":""},"categories":[3],"tags":[],"class_list":["post-28416","post","type-post","status-publish","format-standard","has-post-thumbnail","hentry","category-berazategui"],"featured_image_src":"https:\/\/diarioprincipios.com\/wp-content\/uploads\/2026\/08\/IMG-20260831-WA0060-1024x768.jpg","blog_images":{"medium":"https:\/\/diarioprincipios.com\/wp-content\/uploads\/2026\/08\/IMG-20260831-WA0060-300x225.jpg","large":"https:\/\/diarioprincipios.com\/wp-content\/uploads\/2026\/08\/IMG-20260831-WA0060-1024x768.jpg"},"ams_acf":[],"yoast_head":"<!-- This site is optimized with the Yoast SEO plugin v28.3 - https:\/\/yoast.com\/product\/yoast-seo-wordpress\/ -->\n<title>14 a\u00f1os junto a los vecinos: una ONG de Pueblo Nuevo que transforma solidaridad en acci\u00f3n - Principios<\/title>\n<meta name=\"robots\" content=\"index, follow, max-snippet:-1, max-image-preview:large, max-video-preview:-1\" \/>\n<link rel=\"canonical\" href=\"https:\/\/diarioprincipios.com\/index.php\/2026\/08\/31\/14-anos-junto-a-los-vecinos-una-ong-de-pueblo-nuevo-que-transforma-solidaridad-en-accion\/\" \/>\n<meta property=\"og:locale\" content=\"es_ES\" \/>\n<meta property=\"og:type\" content=\"article\" \/>\n<meta property=\"og:title\" content=\"14 a\u00f1os junto a los vecinos: una ONG de Pueblo Nuevo que transforma solidaridad en acci\u00f3n - Principios\" \/>\n<meta property=\"og:description\" content=\"Con 14 a\u00f1os de trayectoria, una organizaci\u00f3n social de Pueblo Nuevo, Hudson, sostiene un trabajo comunitario permanente y silencioso, acompa\u00f1ando a familias de distintos barrios de Berazategui con asistencia, proyectos laborales y ayuda habitacional. Durante todo este tiempo, la instituci\u00f3n ha acompa\u00f1ado a numerosos vecinos con iniciativas destinadas a mejorar sus condiciones de vida, generar...\" \/>\n<meta property=\"og:url\" content=\"https:\/\/diarioprincipios.com\/index.php\/2026\/08\/31\/14-anos-junto-a-los-vecinos-una-ong-de-pueblo-nuevo-que-transforma-solidaridad-en-accion\/\" \/>\n<meta property=\"og:site_name\" content=\"Principios\" \/>\n<meta property=\"article:published_time\" content=\"2026-08-31T22:00:25+00:00\" \/>\n<meta property=\"article:modified_time\" content=\"2026-08-31T22:00:26+00:00\" \/>\n<meta property=\"og:image\" content=\"https:\/\/diarioprincipios.com\/wp-content\/uploads\/2026\/08\/IMG-20260831-WA0060.jpg\" \/>\n\t<meta property=\"og:image:width\" content=\"1280\" \/>\n\t<meta property=\"og:image:height\" content=\"960\" \/>\n\t<meta property=\"og:image:type\" content=\"image\/jpeg\" \/>\n<meta name=\"author\" content=\"Hern\u00e1n L\u00f3pez\" \/>\n<meta name=\"twitter:card\" content=\"summary_large_image\" \/>\n<meta name=\"twitter:label1\" content=\"Escrito por\" \/>\n\t<meta name=\"twitter:data1\" content=\"Hern\u00e1n L\u00f3pez\" \/>\n\t<meta name=\"twitter:label2\" content=\"Tiempo de lectura\" \/>\n\t<meta name=\"twitter:data2\" content=\"3 minutos\" \/>\n<script type=\"application\/ld+json\" class=\"yoast-schema-graph\">{\"@context\":\"https:\\\/\\\/schema.org\",\"@graph\":[{\"@type\":\"Article\",\"@id\":\"https:\\\/\\\/diarioprincipios.com\\\/index.php\\\/2026\\\/08\\\/31\\\/14-anos-junto-a-los-vecinos-una-ong-de-pueblo-nuevo-que-transforma-solidaridad-en-accion\\\/#article\",\"isPartOf\":{\"@id\":\"https:\\\/\\\/diarioprincipios.com\\\/index.php\\\/2026\\\/08\\\/31\\\/14-anos-junto-a-los-vecinos-una-ong-de-pueblo-nuevo-que-transforma-solidaridad-en-accion\\\/\"},\"author\":{\"name\":\"Hern\u00e1n L\u00f3pez\",\"@id\":\"https:\\\/\\\/diarioprincipios.com\\\/#\\\/schema\\\/person\\\/436d5a1fd41a5e250e23ff5a6a7cb080\"},\"headline\":\"14 a\u00f1os junto a los vecinos: una ONG de Pueblo Nuevo que transforma solidaridad en acci\u00f3n\",\"datePublished\":\"2026-08-31T22:00:25+00:00\",\"dateModified\":\"2026-08-31T22:00:26+00:00\",\"mainEntityOfPage\":{\"@id\":\"https:\\\/\\\/diarioprincipios.com\\\/index.php\\\/2026\\\/08\\\/31\\\/14-anos-junto-a-los-vecinos-una-ong-de-pueblo-nuevo-que-transforma-solidaridad-en-accion\\\/\"},\"wordCount\":423,\"commentCount\":0,\"publisher\":{\"@id\":\"https:\\\/\\\/diarioprincipios.com\\\/#organization\"},\"image\":{\"@id\":\"https:\\\/\\\/diarioprincipios.com\\\/index.php\\\/2026\\\/08\\\/31\\\/14-anos-junto-a-los-vecinos-una-ong-de-pueblo-nuevo-que-transforma-solidaridad-en-accion\\\/#primaryimage\"},\"thumbnailUrl\":\"https:\\\/\\\/diarioprincipios.com\\\/wp-content\\\/uploads\\\/2026\\\/08\\\/IMG-20260831-WA0060.jpg\",\"articleSection\":[\"Berazategui\"],\"inLanguage\":\"es\",\"potentialAction\":[{\"@type\":\"CommentAction\",\"name\":\"Comment\",\"target\":[\"https:\\\/\\\/diarioprincipios.com\\\/index.php\\\/2026\\\/08\\\/31\\\/14-anos-junto-a-los-vecinos-una-ong-de-pueblo-nuevo-que-transforma-solidaridad-en-accion\\\/#respond\"]}]},{\"@type\":\"WebPage\",\"@id\":\"https:\\\/\\\/diarioprincipios.com\\\/index.php\\\/2026\\\/08\\\/31\\\/14-anos-junto-a-los-vecinos-una-ong-de-pueblo-nuevo-que-transforma-solidaridad-en-accion\\\/\",\"url\":\"https:\\\/\\\/diarioprincipios.com\\\/index.php\\\/2026\\\/08\\\/31\\\/14-anos-junto-a-los-vecinos-una-ong-de-pueblo-nuevo-que-transforma-solidaridad-en-accion\\\/\",\"name\":\"14 a\u00f1os junto a los vecinos: una ONG de Pueblo Nuevo que transforma solidaridad en acci\u00f3n - Principios\",\"isPartOf\":{\"@id\":\"https:\\\/\\\/diarioprincipios.com\\\/#website\"},\"primaryImageOfPage\":{\"@id\":\"https:\\\/\\\/diarioprincipios.com\\\/index.php\\\/2026\\\/08\\\/31\\\/14-anos-junto-a-los-vecinos-una-ong-de-pueblo-nuevo-que-transforma-solidaridad-en-accion\\\/#primaryimage\"},\"image\":{\"@id\":\"https:\\\/\\\/diarioprincipios.com\\\/index.php\\\/2026\\\/08\\\/31\\\/14-anos-junto-a-los-vecinos-una-ong-de-pueblo-nuevo-que-transforma-solidaridad-en-accion\\\/#primaryimage\"},\"thumbnailUrl\":\"https:\\\/\\\/diarioprincipios.com\\\/wp-content\\\/uploads\\\/2026\\\/08\\\/IMG-20260831-WA0060.jpg\",\"datePublished\":\"2026-08-31T22:00:25+00:00\",\"dateModified\":\"2026-08-31T22:00:26+00:00\",\"breadcrumb\":{\"@id\":\"https:\\\/\\\/diarioprincipios.com\\\/index.php\\\/2026\\\/08\\\/31\\\/14-anos-junto-a-los-vecinos-una-ong-de-pueblo-nuevo-que-transforma-solidaridad-en-accion\\\/#breadcrumb\"},\"inLanguage\":\"es\",\"potentialAction\":[{\"@type\":\"ReadAction\",\"target\":[\"https:\\\/\\\/diarioprincipios.com\\\/index.php\\\/2026\\\/08\\\/31\\\/14-anos-junto-a-los-vecinos-una-ong-de-pueblo-nuevo-que-transforma-solidaridad-en-accion\\\/\"]}]},{\"@type\":\"ImageObject\",\"inLanguage\":\"es\",\"@id\":\"https:\\\/\\\/diarioprincipios.com\\\/index.php\\\/2026\\\/08\\\/31\\\/14-anos-junto-a-los-vecinos-una-ong-de-pueblo-nuevo-que-transforma-solidaridad-en-accion\\\/#primaryimage\",\"url\":\"https:\\\/\\\/diarioprincipios.com\\\/wp-content\\\/uploads\\\/2026\\\/08\\\/IMG-20260831-WA0060.jpg\",\"contentUrl\":\"https:\\\/\\\/diarioprincipios.com\\\/wp-content\\\/uploads\\\/2026\\\/08\\\/IMG-20260831-WA0060.jpg\",\"width\":1280,\"height\":960},{\"@type\":\"BreadcrumbList\",\"@id\":\"https:\\\/\\\/diarioprincipios.com\\\/index.php\\\/2026\\\/08\\\/31\\\/14-anos-junto-a-los-vecinos-una-ong-de-pueblo-nuevo-que-transforma-solidaridad-en-accion\\\/#breadcrumb\",\"itemListElement\":[{\"@type\":\"ListItem\",\"position\":1,\"name\":\"Portada\",\"item\":\"https:\\\/\\\/diarioprincipios.com\\\/\"},{\"@type\":\"ListItem\",\"position\":2,\"name\":\"14 a\u00f1os junto a los vecinos: una ONG de Pueblo Nuevo que transforma solidaridad en acci\u00f3n\"}]},{\"@type\":\"WebSite\",\"@id\":\"https:\\\/\\\/diarioprincipios.com\\\/#website\",\"url\":\"https:\\\/\\\/diarioprincipios.com\\\/\",\"name\":\"Principios\",\"description\":\"Principios Diario\",\"publisher\":{\"@id\":\"https:\\\/\\\/diarioprincipios.com\\\/#organization\"},\"potentialAction\":[{\"@type\":\"SearchAction\",\"target\":{\"@type\":\"EntryPoint\",\"urlTemplate\":\"https:\\\/\\\/diarioprincipios.com\\\/?s={search_term_string}\"},\"query-input\":{\"@type\":\"PropertyValueSpecification\",\"valueRequired\":true,\"valueName\":\"search_term_string\"}}],\"inLanguage\":\"es\"},{\"@type\":\"Organization\",\"@id\":\"https:\\\/\\\/diarioprincipios.com\\\/#organization\",\"name\":\"Principios\",\"url\":\"https:\\\/\\\/diarioprincipios.com\\\/\",\"logo\":{\"@type\":\"ImageObject\",\"inLanguage\":\"es\",\"@id\":\"https:\\\/\\\/diarioprincipios.com\\\/#\\\/schema\\\/logo\\\/image\\\/\",\"url\":\"https:\\\/\\\/diarioprincipios.com\\\/wp-content\\\/uploads\\\/2026\\\/08\\\/cropped-LOGO-scaled-1.png\",\"contentUrl\":\"https:\\\/\\\/diarioprincipios.com\\\/wp-content\\\/uploads\\\/2026\\\/08\\\/cropped-LOGO-scaled-1.png\",\"width\":2407,\"height\":594,\"caption\":\"Principios\"},\"image\":{\"@id\":\"https:\\\/\\\/diarioprincipios.com\\\/#\\\/schema\\\/logo\\\/image\\\/\"}},{\"@type\":\"Person\",\"@id\":\"https:\\\/\\\/diarioprincipios.com\\\/#\\\/schema\\\/person\\\/436d5a1fd41a5e250e23ff5a6a7cb080\",\"name\":\"Hern\u00e1n L\u00f3pez\",\"image\":{\"@type\":\"ImageObject\",\"inLanguage\":\"es\",\"@id\":\"https:\\\/\\\/diarioprincipios.com\\\/wp-content\\\/litespeed\\\/avatar\\\/11ddfe5610ff3bd100522525b2571f48.jpg?ver=1787935507\",\"url\":\"https:\\\/\\\/diarioprincipios.com\\\/wp-content\\\/litespeed\\\/avatar\\\/11ddfe5610ff3bd100522525b2571f48.jpg?ver=1787935507\",\"contentUrl\":\"https:\\\/\\\/diarioprincipios.com\\\/wp-content\\\/litespeed\\\/avatar\\\/11ddfe5610ff3bd100522525b2571f48.jpg?ver=1787935507\",\"caption\":\"Hern\u00e1n L\u00f3pez\"},\"url\":\"https:\\\/\\\/diarioprincipios.com\\\/index.php\\\/author\\\/hernan\\\/\"}]}<\/script>\n<!-- \/ Yoast SEO plugin. -->","yoast_head_json":{"title":"14 a\u00f1os junto a los vecinos: una ONG de Pueblo Nuevo que transforma solidaridad en acci\u00f3n - Principios","robots":{"index":"index","follow":"follow","max-snippet":"max-snippet:-1","max-image-preview":"max-image-preview:large","max-video-preview":"max-video-preview:-1"},"canonical":"https:\/\/diarioprincipios.com\/index.php\/2026\/08\/31\/14-anos-junto-a-los-vecinos-una-ong-de-pueblo-nuevo-que-transforma-solidaridad-en-accion\/","og_locale":"es_ES","og_type":"article","og_title":"14 a\u00f1os junto a los vecinos: una ONG de Pueblo Nuevo que transforma solidaridad en acci\u00f3n - Principios","og_description":"Con 14 a\u00f1os de trayectoria, una organizaci\u00f3n social de Pueblo Nuevo, Hudson, sostiene un trabajo comunitario permanente y silencioso, acompa\u00f1ando a familias de distintos barrios de Berazategui con asistencia, proyectos laborales y ayuda habitacional. Durante todo este tiempo, la instituci\u00f3n ha acompa\u00f1ado a numerosos vecinos con iniciativas destinadas a mejorar sus condiciones de vida, generar...","og_url":"https:\/\/diarioprincipios.com\/index.php\/2026\/08\/31\/14-anos-junto-a-los-vecinos-una-ong-de-pueblo-nuevo-que-transforma-solidaridad-en-accion\/","og_site_name":"Principios","article_published_time":"2026-08-31T22:00:25+00:00","article_modified_time":"2026-08-31T22:00:26+00:00","og_image":[{"width":1280,"height":960,"url":"https:\/\/diarioprincipios.com\/wp-content\/uploads\/2026\/08\/IMG-20260831-WA0060.jpg","type":"image\/jpeg"}],"author":"Hern\u00e1n L\u00f3pez","twitter_card":"summary_large_image","twitter_misc":{"Escrito por":"Hern\u00e1n L\u00f3pez","Tiempo de lectura":"3 minutos"},"schema":{"@context":"https:\/\/schema.org","@graph":[{"@type":"Article","@id":"https:\/\/diarioprincipios.com\/index.php\/2026\/08\/31\/14-anos-junto-a-los-vecinos-una-ong-de-pueblo-nuevo-que-transforma-solidaridad-en-accion\/#article","isPartOf":{"@id":"https:\/\/diarioprincipios.com\/index.php\/2026\/08\/31\/14-anos-junto-a-los-vecinos-una-ong-de-pueblo-nuevo-que-transforma-solidaridad-en-accion\/"},"author":{"name":"Hern\u00e1n L\u00f3pez","@id":"https:\/\/diarioprincipios.com\/#\/schema\/person\/436d5a1fd41a5e250e23ff5a6a7cb080"},"headline":"14 a\u00f1os junto a los vecinos: una ONG de Pueblo Nuevo que transforma solidaridad en acci\u00f3n","datePublished":"2026-08-31T22:00:25+00:00","dateModified":"2026-08-31T22:00:26+00:00","mainEntityOfPage":{"@id":"https:\/\/diarioprincipios.com\/index.php\/2026\/08\/31\/14-anos-junto-a-los-vecinos-una-ong-de-pueblo-nuevo-que-transforma-solidaridad-en-accion\/"},"wordCount":423,"commentCount":0,"publisher":{"@id":"https:\/\/diarioprincipios.com\/#organization"},"image":{"@id":"https:\/\/diarioprincipios.com\/index.php\/2026\/08\/31\/14-anos-junto-a-los-vecinos-una-ong-de-pueblo-nuevo-que-transforma-solidaridad-en-accion\/#primaryimage"},"thumbnailUrl":"https:\/\/diarioprincipios.com\/wp-content\/uploads\/2026\/08\/IMG-20260831-WA0060.jpg","articleSection":["Berazategui"],"inLanguage":"es","potentialAction":[{"@type":"CommentAction","name":"Comment","target":["https:\/\/diarioprincipios.com\/index.php\/2026\/08\/31\/14-anos-junto-a-los-vecinos-una-ong-de-pueblo-nuevo-que-transforma-solidaridad-en-accion\/#respond"]}]},{"@type":"WebPage","@id":"https:\/\/diarioprincipios.com\/index.php\/2026\/08\/31\/14-anos-junto-a-los-vecinos-una-ong-de-pueblo-nuevo-que-transforma-solidaridad-en-accion\/","url":"https:\/\/diarioprincipios.com\/index.php\/2026\/08\/31\/14-anos-junto-a-los-vecinos-una-ong-de-pueblo-nuevo-que-transforma-solidaridad-en-accion\/","name":"14 a\u00f1os junto a los vecinos: una ONG de Pueblo Nuevo que transforma solidaridad en acci\u00f3n - Principios","isPartOf":{"@id":"https:\/\/diarioprincipios.com\/#website"},"primaryImageOfPage":{"@id":"https:\/\/diarioprincipios.com\/index.php\/2026\/08\/31\/14-anos-junto-a-los-vecinos-una-ong-de-pueblo-nuevo-que-transforma-solidaridad-en-accion\/#primaryimage"},"image":{"@id":"https:\/\/diarioprincipios.com\/index.php\/2026\/08\/31\/14-anos-junto-a-los-vecinos-una-ong-de-pueblo-nuevo-que-transforma-solidaridad-en-accion\/#primaryimage"},"thumbnailUrl":"https:\/\/diarioprincipios.com\/wp-content\/uploads\/2026\/08\/IMG-20260831-WA0060.jpg","datePublished":"2026-08-31T22:00:25+00:00","dateModified":"2026-08-31T22:00:26+00:00","breadcrumb":{"@id":"https:\/\/diarioprincipios.com\/index.php\/2026\/08\/31\/14-anos-junto-a-los-vecinos-una-ong-de-pueblo-nuevo-que-transforma-solidaridad-en-accion\/#breadcrumb"},"inLanguage":"es","potentialAction":[{"@type":"ReadAction","target":["https:\/\/diarioprincipios.com\/index.php\/2026\/08\/31\/14-anos-junto-a-los-vecinos-una-ong-de-pueblo-nuevo-que-transforma-solidaridad-en-accion\/"]}]},{"@type":"ImageObject","inLanguage":"es","@id":"https:\/\/diarioprincipios.com\/index.php\/2026\/08\/31\/14-anos-junto-a-los-vecinos-una-ong-de-pueblo-nuevo-que-transforma-solidaridad-en-accion\/#primaryimage","url":"https:\/\/diarioprincipios.com\/wp-content\/uploads\/2026\/08\/IMG-20260831-WA0060.jpg","contentUrl":"https:\/\/diarioprincipios.com\/wp-content\/uploads\/2026\/08\/IMG-20260831-WA0060.jpg","width":1280,"height":960},{"@type":"BreadcrumbList","@id":"https:\/\/diarioprincipios.com\/index.php\/2026\/08\/31\/14-anos-junto-a-los-vecinos-una-ong-de-pueblo-nuevo-que-transforma-solidaridad-en-accion\/#breadcrumb","itemListElement":[{"@type":"ListItem","position":1,"name":"Portada","item":"https:\/\/diarioprincipios.com\/"},{"@type":"ListItem","position":2,"name":"14 a\u00f1os junto a los vecinos: una ONG de Pueblo Nuevo que transforma solidaridad en acci\u00f3n"}]},{"@type":"WebSite","@id":"https:\/\/diarioprincipios.com\/#website","url":"https:\/\/diarioprincipios.com\/","name":"Principios","description":"Principios Diario","publisher":{"@id":"https:\/\/diarioprincipios.com\/#organization"},"potentialAction":[{"@type":"SearchAction","target":{"@type":"EntryPoint","urlTemplate":"https:\/\/diarioprincipios.com\/?s={search_term_string}"},"query-input":{"@type":"PropertyValueSpecification","valueRequired":true,"valueName":"search_term_string"}}],"inLanguage":"es"},{"@type":"Organization","@id":"https:\/\/diarioprincipios.com\/#organization","name":"Principios","url":"https:\/\/diarioprincipios.com\/","logo":{"@type":"ImageObject","inLanguage":"es","@id":"https:\/\/diarioprincipios.com\/#\/schema\/logo\/image\/","url":"https:\/\/diarioprincipios.com\/wp-content\/uploads\/2026\/08\/cropped-LOGO-scaled-1.png","contentUrl":"https:\/\/diarioprincipios.com\/wp-content\/uploads\/2026\/08\/cropped-LOGO-scaled-1.png","width":2407,"height":594,"caption":"Principios"},"image":{"@id":"https:\/\/diarioprincipios.com\/#\/schema\/logo\/image\/"}},{"@type":"Person","@id":"https:\/\/diarioprincipios.com\/#\/schema\/person\/436d5a1fd41a5e250e23ff5a6a7cb080","name":"Hern\u00e1n L\u00f3pez","image":{"@type":"ImageObject","inLanguage":"es","@id":"https:\/\/diarioprincipios.com\/wp-content\/litespeed\/avatar\/11ddfe5610ff3bd100522525b2571f48.jpg?ver=1787935507","url":"https:\/\/diarioprincipios.com\/wp-content\/litespeed\/avatar\/11ddfe5610ff3bd100522525b2571f48.jpg?ver=1787935507","contentUrl":"https:\/\/diarioprincipios.com\/wp-content\/litespeed\/avatar\/11ddfe5610ff3bd100522525b2571f48.jpg?ver=1787935507","caption":"Hern\u00e1n L\u00f3pez"},"url":"https:\/\/diarioprincipios.com\/index.php\/author\/hernan\/"}]}},"jetpack_featured_media_url":"https:\/\/diarioprincipios.com\/wp-content\/uploads\/2026\/08\/IMG-20260831-WA0060.jpg","_links":{"self":[{"href":"https:\/\/diarioprincipios.com\/index.php\/wp-json\/wp\/v2\/posts\/28416","targetHints":{"allow":["GET"]}}],"collection":[{"href":"https:\/\/diarioprincipios.com\/index.php\/wp-json\/wp\/v2\/posts"}],"about":[{"href":"https:\/\/diarioprincipios.com\/index.php\/wp-json\/wp\/v2\/types\/post"}],"author":[{"embeddable":true,"href":"https:\/\/diarioprincipios.com\/index.php\/wp-json\/wp\/v2\/users\/2"}],"replies":[{"embeddable":true,"href":"https:\/\/diarioprincipios.com\/index.php\/wp-json\/wp\/v2\/comments?post=28416"}],"version-history":[{"count":1,"href":"https:\/\/diarioprincipios.com\/index.php\/wp-json\/wp\/v2\/posts\/28416\/revisions"}],"predecessor-version":[{"id":28423,"href":"https:\/\/diarioprincipios.com\/index.php\/wp-json\/wp\/v2\/posts\/28416\/revisions\/28423"}],"wp:featuredmedia":[{"embeddable":true,"href":"https:\/\/diarioprincipios.com\/index.php\/wp-json\/wp\/v2\/media\/28422"}],"wp:attachment":[{"href":"https:\/\/diarioprincipios.com\/index.php\/wp-json\/wp\/v2\/media?parent=28416"}],"wp:term":[{"taxonomy":"category","embeddable":true,"href":"https:\/\/diarioprincipios.com\/index.php\/wp-json\/wp\/v2\/categories?post=28416"},{"taxonomy":"post_tag","embeddable":true,"href":"https:\/\/diarioprincipios.com\/index.php\/wp-json\/wp\/v2\/tags?post=28416"}],"curies":[{"name":"wp","href":"https:\/\/api.w.org\/{rel}","templated":true}]}}