{"id":2823,"date":"2020-06-12T13:45:40","date_gmt":"2020-06-12T16:45:40","guid":{"rendered":"http:\/\/diarioprincipios.com\/?p=2823"},"modified":"2020-06-12T13:45:44","modified_gmt":"2020-06-12T16:45:44","slug":"alberto-fernandez-y-fabiola-yanez-se-comprometieron-a-erradicar-el-trabajo-infantil","status":"publish","type":"post","link":"https:\/\/diarioprincipios.com\/index.php\/2020\/06\/12\/alberto-fernandez-y-fabiola-yanez-se-comprometieron-a-erradicar-el-trabajo-infantil\/","title":{"rendered":"Alberto Fern\u00e1ndez y Fabiola Y\u00e1\u00f1ez se comprometieron a \u00aberradicar el trabajo infantil\u00bb"},"content":{"rendered":"\n<p>El presidente Alberto Fern\u00e1ndez y la primera dama Fabiola Y\u00e1\u00f1ez abogaron por \u00aberradicar el trabajo infantil\u00bb, al conmemorarse hoy el D\u00eda Mundial contra el Trabajo Infantil instaurado por la Organizaci\u00f3n Mundial del Trabajo (OIT).<\/p>\n\n\n\n<p>Fern\u00e1ndez y Y\u00e1\u00f1ez compartieron un mensaje -que ser\u00e1 difundido por redes sociales- en el que expresaron su compromiso para trabajar en la erradicaci\u00f3n de esa pr\u00e1ctica de explotaci\u00f3n de los menores de edad.<\/p>\n\n\n\n<p>La Primera Dama, quien se encuentra abocada especialmente a la infancia, dio apertura al video bajo el lema \u00abLos ni\u00f1os deben trabajar s\u00f3lo en sus sue\u00f1os\u00bb, seguida por Fern\u00e1ndez, quien inst\u00f3 a \u00abadoptar medidas inmediatas y eficaces para erradicar el trabajo infantil\u00bb.<\/p>\n\n\n\n<p>\u00abEl mundo del trabajo es un mundo adulto, con exigencias f\u00edsicas y mentales desmedidas para los chicos. Los ni\u00f1os tienen que desarrollar su personalidad mediante el juego y a trav\u00e9s de la relaci\u00f3n con sus amigos y familiares. El trabajo infantil priva a los ni\u00f1os de su infancia y perjudica su desarrollo f\u00edsico y psicol\u00f3gico\u00bb, consign\u00f3 Presidencia en un comunicado.<\/p>\n\n\n\n<p>El 12 de junio de 2002, la OIT instituy\u00f3 el primer D\u00eda Mundial contra el Trabajo Infantil como forma de poner de manifiesto la grave situaci\u00f3n de los ni\u00f1os v\u00edctimas de esta realidad, y con el objetivo de llamar la atenci\u00f3n a la comunidad sobre el problema que representa el trabajo de millones de ni\u00f1os, ni\u00f1as y adolescentes en el mundo.<\/p>\n","protected":false},"excerpt":{"rendered":"<p>El presidente Alberto Fern\u00e1ndez y la primera dama Fabiola Y\u00e1\u00f1ez abogaron por \u00aberradicar el trabajo infantil\u00bb, al conmemorarse hoy el D\u00eda Mundial contra el Trabajo Infantil instaurado por la Organizaci\u00f3n Mundial del Trabajo (OIT). Fern\u00e1ndez y Y\u00e1\u00f1ez compartieron un mensaje -que ser\u00e1 difundido por redes sociales- en el que expresaron su compromiso para trabajar en&#8230;<\/p>\n","protected":false},"author":2,"featured_media":2824,"comment_status":"open","ping_status":"open","sticky":false,"template":"","format":"standard","meta":{"footnotes":""},"categories":[10],"tags":[],"class_list":["post-2823","post","type-post","status-publish","format-standard","has-post-thumbnail","hentry","category-nacion"],"featured_image_src":"https:\/\/diarioprincipios.com\/wp-content\/uploads\/2020\/06\/trabajo-infantil-1.jpg","blog_images":{"medium":"https:\/\/diarioprincipios.com\/wp-content\/uploads\/2020\/06\/trabajo-infantil-1-300x181.jpg","large":"https:\/\/diarioprincipios.com\/wp-content\/uploads\/2020\/06\/trabajo-infantil-1.jpg"},"ams_acf":[],"yoast_head":"<!-- This site is optimized with the Yoast SEO plugin v27.3 - https:\/\/yoast.com\/product\/yoast-seo-wordpress\/ -->\n<title>Alberto Fern\u00e1ndez y Fabiola Y\u00e1\u00f1ez se comprometieron a &quot;erradicar el trabajo infantil&quot; - Principios<\/title>\n<meta name=\"robots\" content=\"index, follow, max-snippet:-1, max-image-preview:large, max-video-preview:-1\" \/>\n<link rel=\"canonical\" href=\"https:\/\/diarioprincipios.com\/index.php\/2020\/06\/12\/alberto-fernandez-y-fabiola-yanez-se-comprometieron-a-erradicar-el-trabajo-infantil\/\" \/>\n<meta property=\"og:locale\" content=\"es_ES\" \/>\n<meta property=\"og:type\" content=\"article\" \/>\n<meta property=\"og:title\" content=\"Alberto Fern\u00e1ndez y Fabiola Y\u00e1\u00f1ez se comprometieron a &quot;erradicar el trabajo infantil&quot; - Principios\" \/>\n<meta property=\"og:description\" content=\"El presidente Alberto Fern\u00e1ndez y la primera dama Fabiola Y\u00e1\u00f1ez abogaron por \u00aberradicar el trabajo infantil\u00bb, al conmemorarse hoy el D\u00eda Mundial contra el Trabajo Infantil instaurado por la Organizaci\u00f3n Mundial del Trabajo (OIT). Fern\u00e1ndez y Y\u00e1\u00f1ez compartieron un mensaje -que ser\u00e1 difundido por redes sociales- en el que expresaron su compromiso para trabajar en...\" \/>\n<meta property=\"og:url\" content=\"https:\/\/diarioprincipios.com\/index.php\/2020\/06\/12\/alberto-fernandez-y-fabiola-yanez-se-comprometieron-a-erradicar-el-trabajo-infantil\/\" \/>\n<meta property=\"og:site_name\" content=\"Principios\" \/>\n<meta property=\"article:published_time\" content=\"2020-06-12T16:45:40+00:00\" \/>\n<meta property=\"article:modified_time\" content=\"2020-06-12T16:45:44+00:00\" \/>\n<meta property=\"og:image\" content=\"https:\/\/diarioprincipios.com\/wp-content\/uploads\/2020\/06\/trabajo-infantil-1.jpg\" \/>\n\t<meta property=\"og:image:width\" content=\"800\" \/>\n\t<meta property=\"og:image:height\" content=\"483\" \/>\n\t<meta property=\"og:image:type\" content=\"image\/jpeg\" \/>\n<meta name=\"author\" content=\"Hern\u00e1n L\u00f3pez\" \/>\n<meta name=\"twitter:card\" content=\"summary_large_image\" \/>\n<meta name=\"twitter:label1\" content=\"Escrito por\" \/>\n\t<meta name=\"twitter:data1\" content=\"Hern\u00e1n L\u00f3pez\" \/>\n\t<meta name=\"twitter:label2\" content=\"Tiempo de lectura\" \/>\n\t<meta name=\"twitter:data2\" content=\"1 minuto\" \/>\n<script type=\"application\/ld+json\" class=\"yoast-schema-graph\">{\"@context\":\"https:\\\/\\\/schema.org\",\"@graph\":[{\"@type\":\"Article\",\"@id\":\"https:\\\/\\\/diarioprincipios.com\\\/index.php\\\/2020\\\/06\\\/12\\\/alberto-fernandez-y-fabiola-yanez-se-comprometieron-a-erradicar-el-trabajo-infantil\\\/#article\",\"isPartOf\":{\"@id\":\"https:\\\/\\\/diarioprincipios.com\\\/index.php\\\/2020\\\/06\\\/12\\\/alberto-fernandez-y-fabiola-yanez-se-comprometieron-a-erradicar-el-trabajo-infantil\\\/\"},\"author\":{\"name\":\"Hern\u00e1n L\u00f3pez\",\"@id\":\"https:\\\/\\\/diarioprincipios.com\\\/#\\\/schema\\\/person\\\/436d5a1fd41a5e250e23ff5a6a7cb080\"},\"headline\":\"Alberto Fern\u00e1ndez y Fabiola Y\u00e1\u00f1ez se comprometieron a \u00aberradicar el trabajo infantil\u00bb\",\"datePublished\":\"2020-06-12T16:45:40+00:00\",\"dateModified\":\"2020-06-12T16:45:44+00:00\",\"mainEntityOfPage\":{\"@id\":\"https:\\\/\\\/diarioprincipios.com\\\/index.php\\\/2020\\\/06\\\/12\\\/alberto-fernandez-y-fabiola-yanez-se-comprometieron-a-erradicar-el-trabajo-infantil\\\/\"},\"wordCount\":269,\"commentCount\":0,\"publisher\":{\"@id\":\"https:\\\/\\\/diarioprincipios.com\\\/#organization\"},\"image\":{\"@id\":\"https:\\\/\\\/diarioprincipios.com\\\/index.php\\\/2020\\\/06\\\/12\\\/alberto-fernandez-y-fabiola-yanez-se-comprometieron-a-erradicar-el-trabajo-infantil\\\/#primaryimage\"},\"thumbnailUrl\":\"https:\\\/\\\/diarioprincipios.com\\\/wp-content\\\/uploads\\\/2020\\\/06\\\/trabajo-infantil-1.jpg\",\"articleSection\":[\"Naci\u00f3n\"],\"inLanguage\":\"es\",\"potentialAction\":[{\"@type\":\"CommentAction\",\"name\":\"Comment\",\"target\":[\"https:\\\/\\\/diarioprincipios.com\\\/index.php\\\/2020\\\/06\\\/12\\\/alberto-fernandez-y-fabiola-yanez-se-comprometieron-a-erradicar-el-trabajo-infantil\\\/#respond\"]}]},{\"@type\":\"WebPage\",\"@id\":\"https:\\\/\\\/diarioprincipios.com\\\/index.php\\\/2020\\\/06\\\/12\\\/alberto-fernandez-y-fabiola-yanez-se-comprometieron-a-erradicar-el-trabajo-infantil\\\/\",\"url\":\"https:\\\/\\\/diarioprincipios.com\\\/index.php\\\/2020\\\/06\\\/12\\\/alberto-fernandez-y-fabiola-yanez-se-comprometieron-a-erradicar-el-trabajo-infantil\\\/\",\"name\":\"Alberto Fern\u00e1ndez y Fabiola Y\u00e1\u00f1ez se comprometieron a \\\"erradicar el trabajo infantil\\\" - Principios\",\"isPartOf\":{\"@id\":\"https:\\\/\\\/diarioprincipios.com\\\/#website\"},\"primaryImageOfPage\":{\"@id\":\"https:\\\/\\\/diarioprincipios.com\\\/index.php\\\/2020\\\/06\\\/12\\\/alberto-fernandez-y-fabiola-yanez-se-comprometieron-a-erradicar-el-trabajo-infantil\\\/#primaryimage\"},\"image\":{\"@id\":\"https:\\\/\\\/diarioprincipios.com\\\/index.php\\\/2020\\\/06\\\/12\\\/alberto-fernandez-y-fabiola-yanez-se-comprometieron-a-erradicar-el-trabajo-infantil\\\/#primaryimage\"},\"thumbnailUrl\":\"https:\\\/\\\/diarioprincipios.com\\\/wp-content\\\/uploads\\\/2020\\\/06\\\/trabajo-infantil-1.jpg\",\"datePublished\":\"2020-06-12T16:45:40+00:00\",\"dateModified\":\"2020-06-12T16:45:44+00:00\",\"breadcrumb\":{\"@id\":\"https:\\\/\\\/diarioprincipios.com\\\/index.php\\\/2020\\\/06\\\/12\\\/alberto-fernandez-y-fabiola-yanez-se-comprometieron-a-erradicar-el-trabajo-infantil\\\/#breadcrumb\"},\"inLanguage\":\"es\",\"potentialAction\":[{\"@type\":\"ReadAction\",\"target\":[\"https:\\\/\\\/diarioprincipios.com\\\/index.php\\\/2020\\\/06\\\/12\\\/alberto-fernandez-y-fabiola-yanez-se-comprometieron-a-erradicar-el-trabajo-infantil\\\/\"]}]},{\"@type\":\"ImageObject\",\"inLanguage\":\"es\",\"@id\":\"https:\\\/\\\/diarioprincipios.com\\\/index.php\\\/2020\\\/06\\\/12\\\/alberto-fernandez-y-fabiola-yanez-se-comprometieron-a-erradicar-el-trabajo-infantil\\\/#primaryimage\",\"url\":\"https:\\\/\\\/diarioprincipios.com\\\/wp-content\\\/uploads\\\/2020\\\/06\\\/trabajo-infantil-1.jpg\",\"contentUrl\":\"https:\\\/\\\/diarioprincipios.com\\\/wp-content\\\/uploads\\\/2020\\\/06\\\/trabajo-infantil-1.jpg\",\"width\":800,\"height\":483},{\"@type\":\"BreadcrumbList\",\"@id\":\"https:\\\/\\\/diarioprincipios.com\\\/index.php\\\/2020\\\/06\\\/12\\\/alberto-fernandez-y-fabiola-yanez-se-comprometieron-a-erradicar-el-trabajo-infantil\\\/#breadcrumb\",\"itemListElement\":[{\"@type\":\"ListItem\",\"position\":1,\"name\":\"Portada\",\"item\":\"https:\\\/\\\/diarioprincipios.com\\\/\"},{\"@type\":\"ListItem\",\"position\":2,\"name\":\"Alberto Fern\u00e1ndez y Fabiola Y\u00e1\u00f1ez se comprometieron a \u00aberradicar el trabajo infantil\u00bb\"}]},{\"@type\":\"WebSite\",\"@id\":\"https:\\\/\\\/diarioprincipios.com\\\/#website\",\"url\":\"https:\\\/\\\/diarioprincipios.com\\\/\",\"name\":\"Principios\",\"description\":\"Principios Diario\",\"publisher\":{\"@id\":\"https:\\\/\\\/diarioprincipios.com\\\/#organization\"},\"potentialAction\":[{\"@type\":\"SearchAction\",\"target\":{\"@type\":\"EntryPoint\",\"urlTemplate\":\"https:\\\/\\\/diarioprincipios.com\\\/?s={search_term_string}\"},\"query-input\":{\"@type\":\"PropertyValueSpecification\",\"valueRequired\":true,\"valueName\":\"search_term_string\"}}],\"inLanguage\":\"es\"},{\"@type\":\"Organization\",\"@id\":\"https:\\\/\\\/diarioprincipios.com\\\/#organization\",\"name\":\"Principios\",\"url\":\"https:\\\/\\\/diarioprincipios.com\\\/\",\"logo\":{\"@type\":\"ImageObject\",\"inLanguage\":\"es\",\"@id\":\"https:\\\/\\\/diarioprincipios.com\\\/#\\\/schema\\\/logo\\\/image\\\/\",\"url\":\"https:\\\/\\\/diarioprincipios.com\\\/wp-content\\\/uploads\\\/2024\\\/04\\\/cropped-www.diarioprincipios.com_-1.png\",\"contentUrl\":\"https:\\\/\\\/diarioprincipios.com\\\/wp-content\\\/uploads\\\/2024\\\/04\\\/cropped-www.diarioprincipios.com_-1.png\",\"width\":5325,\"height\":1454,\"caption\":\"Principios\"},\"image\":{\"@id\":\"https:\\\/\\\/diarioprincipios.com\\\/#\\\/schema\\\/logo\\\/image\\\/\"}},{\"@type\":\"Person\",\"@id\":\"https:\\\/\\\/diarioprincipios.com\\\/#\\\/schema\\\/person\\\/436d5a1fd41a5e250e23ff5a6a7cb080\",\"name\":\"Hern\u00e1n L\u00f3pez\",\"image\":{\"@type\":\"ImageObject\",\"inLanguage\":\"es\",\"@id\":\"https:\\\/\\\/diarioprincipios.com\\\/wp-content\\\/litespeed\\\/avatar\\\/11ddfe5610ff3bd100522525b2571f48.jpg?ver=1777048341\",\"url\":\"https:\\\/\\\/diarioprincipios.com\\\/wp-content\\\/litespeed\\\/avatar\\\/11ddfe5610ff3bd100522525b2571f48.jpg?ver=1777048341\",\"contentUrl\":\"https:\\\/\\\/diarioprincipios.com\\\/wp-content\\\/litespeed\\\/avatar\\\/11ddfe5610ff3bd100522525b2571f48.jpg?ver=1777048341\",\"caption\":\"Hern\u00e1n L\u00f3pez\"},\"url\":\"https:\\\/\\\/diarioprincipios.com\\\/index.php\\\/author\\\/hernan\\\/\"}]}<\/script>\n<!-- \/ Yoast SEO plugin. -->","yoast_head_json":{"title":"Alberto Fern\u00e1ndez y Fabiola Y\u00e1\u00f1ez se comprometieron a \"erradicar el trabajo infantil\" - Principios","robots":{"index":"index","follow":"follow","max-snippet":"max-snippet:-1","max-image-preview":"max-image-preview:large","max-video-preview":"max-video-preview:-1"},"canonical":"https:\/\/diarioprincipios.com\/index.php\/2020\/06\/12\/alberto-fernandez-y-fabiola-yanez-se-comprometieron-a-erradicar-el-trabajo-infantil\/","og_locale":"es_ES","og_type":"article","og_title":"Alberto Fern\u00e1ndez y Fabiola Y\u00e1\u00f1ez se comprometieron a \"erradicar el trabajo infantil\" - Principios","og_description":"El presidente Alberto Fern\u00e1ndez y la primera dama Fabiola Y\u00e1\u00f1ez abogaron por \u00aberradicar el trabajo infantil\u00bb, al conmemorarse hoy el D\u00eda Mundial contra el Trabajo Infantil instaurado por la Organizaci\u00f3n Mundial del Trabajo (OIT). Fern\u00e1ndez y Y\u00e1\u00f1ez compartieron un mensaje -que ser\u00e1 difundido por redes sociales- en el que expresaron su compromiso para trabajar en...","og_url":"https:\/\/diarioprincipios.com\/index.php\/2020\/06\/12\/alberto-fernandez-y-fabiola-yanez-se-comprometieron-a-erradicar-el-trabajo-infantil\/","og_site_name":"Principios","article_published_time":"2020-06-12T16:45:40+00:00","article_modified_time":"2020-06-12T16:45:44+00:00","og_image":[{"width":800,"height":483,"url":"https:\/\/diarioprincipios.com\/wp-content\/uploads\/2020\/06\/trabajo-infantil-1.jpg","type":"image\/jpeg"}],"author":"Hern\u00e1n L\u00f3pez","twitter_card":"summary_large_image","twitter_misc":{"Escrito por":"Hern\u00e1n L\u00f3pez","Tiempo de lectura":"1 minuto"},"schema":{"@context":"https:\/\/schema.org","@graph":[{"@type":"Article","@id":"https:\/\/diarioprincipios.com\/index.php\/2020\/06\/12\/alberto-fernandez-y-fabiola-yanez-se-comprometieron-a-erradicar-el-trabajo-infantil\/#article","isPartOf":{"@id":"https:\/\/diarioprincipios.com\/index.php\/2020\/06\/12\/alberto-fernandez-y-fabiola-yanez-se-comprometieron-a-erradicar-el-trabajo-infantil\/"},"author":{"name":"Hern\u00e1n L\u00f3pez","@id":"https:\/\/diarioprincipios.com\/#\/schema\/person\/436d5a1fd41a5e250e23ff5a6a7cb080"},"headline":"Alberto Fern\u00e1ndez y Fabiola Y\u00e1\u00f1ez se comprometieron a \u00aberradicar el trabajo infantil\u00bb","datePublished":"2020-06-12T16:45:40+00:00","dateModified":"2020-06-12T16:45:44+00:00","mainEntityOfPage":{"@id":"https:\/\/diarioprincipios.com\/index.php\/2020\/06\/12\/alberto-fernandez-y-fabiola-yanez-se-comprometieron-a-erradicar-el-trabajo-infantil\/"},"wordCount":269,"commentCount":0,"publisher":{"@id":"https:\/\/diarioprincipios.com\/#organization"},"image":{"@id":"https:\/\/diarioprincipios.com\/index.php\/2020\/06\/12\/alberto-fernandez-y-fabiola-yanez-se-comprometieron-a-erradicar-el-trabajo-infantil\/#primaryimage"},"thumbnailUrl":"https:\/\/diarioprincipios.com\/wp-content\/uploads\/2020\/06\/trabajo-infantil-1.jpg","articleSection":["Naci\u00f3n"],"inLanguage":"es","potentialAction":[{"@type":"CommentAction","name":"Comment","target":["https:\/\/diarioprincipios.com\/index.php\/2020\/06\/12\/alberto-fernandez-y-fabiola-yanez-se-comprometieron-a-erradicar-el-trabajo-infantil\/#respond"]}]},{"@type":"WebPage","@id":"https:\/\/diarioprincipios.com\/index.php\/2020\/06\/12\/alberto-fernandez-y-fabiola-yanez-se-comprometieron-a-erradicar-el-trabajo-infantil\/","url":"https:\/\/diarioprincipios.com\/index.php\/2020\/06\/12\/alberto-fernandez-y-fabiola-yanez-se-comprometieron-a-erradicar-el-trabajo-infantil\/","name":"Alberto Fern\u00e1ndez y Fabiola Y\u00e1\u00f1ez se comprometieron a \"erradicar el trabajo infantil\" - Principios","isPartOf":{"@id":"https:\/\/diarioprincipios.com\/#website"},"primaryImageOfPage":{"@id":"https:\/\/diarioprincipios.com\/index.php\/2020\/06\/12\/alberto-fernandez-y-fabiola-yanez-se-comprometieron-a-erradicar-el-trabajo-infantil\/#primaryimage"},"image":{"@id":"https:\/\/diarioprincipios.com\/index.php\/2020\/06\/12\/alberto-fernandez-y-fabiola-yanez-se-comprometieron-a-erradicar-el-trabajo-infantil\/#primaryimage"},"thumbnailUrl":"https:\/\/diarioprincipios.com\/wp-content\/uploads\/2020\/06\/trabajo-infantil-1.jpg","datePublished":"2020-06-12T16:45:40+00:00","dateModified":"2020-06-12T16:45:44+00:00","breadcrumb":{"@id":"https:\/\/diarioprincipios.com\/index.php\/2020\/06\/12\/alberto-fernandez-y-fabiola-yanez-se-comprometieron-a-erradicar-el-trabajo-infantil\/#breadcrumb"},"inLanguage":"es","potentialAction":[{"@type":"ReadAction","target":["https:\/\/diarioprincipios.com\/index.php\/2020\/06\/12\/alberto-fernandez-y-fabiola-yanez-se-comprometieron-a-erradicar-el-trabajo-infantil\/"]}]},{"@type":"ImageObject","inLanguage":"es","@id":"https:\/\/diarioprincipios.com\/index.php\/2020\/06\/12\/alberto-fernandez-y-fabiola-yanez-se-comprometieron-a-erradicar-el-trabajo-infantil\/#primaryimage","url":"https:\/\/diarioprincipios.com\/wp-content\/uploads\/2020\/06\/trabajo-infantil-1.jpg","contentUrl":"https:\/\/diarioprincipios.com\/wp-content\/uploads\/2020\/06\/trabajo-infantil-1.jpg","width":800,"height":483},{"@type":"BreadcrumbList","@id":"https:\/\/diarioprincipios.com\/index.php\/2020\/06\/12\/alberto-fernandez-y-fabiola-yanez-se-comprometieron-a-erradicar-el-trabajo-infantil\/#breadcrumb","itemListElement":[{"@type":"ListItem","position":1,"name":"Portada","item":"https:\/\/diarioprincipios.com\/"},{"@type":"ListItem","position":2,"name":"Alberto Fern\u00e1ndez y Fabiola Y\u00e1\u00f1ez se comprometieron a \u00aberradicar el trabajo infantil\u00bb"}]},{"@type":"WebSite","@id":"https:\/\/diarioprincipios.com\/#website","url":"https:\/\/diarioprincipios.com\/","name":"Principios","description":"Principios Diario","publisher":{"@id":"https:\/\/diarioprincipios.com\/#organization"},"potentialAction":[{"@type":"SearchAction","target":{"@type":"EntryPoint","urlTemplate":"https:\/\/diarioprincipios.com\/?s={search_term_string}"},"query-input":{"@type":"PropertyValueSpecification","valueRequired":true,"valueName":"search_term_string"}}],"inLanguage":"es"},{"@type":"Organization","@id":"https:\/\/diarioprincipios.com\/#organization","name":"Principios","url":"https:\/\/diarioprincipios.com\/","logo":{"@type":"ImageObject","inLanguage":"es","@id":"https:\/\/diarioprincipios.com\/#\/schema\/logo\/image\/","url":"https:\/\/diarioprincipios.com\/wp-content\/uploads\/2024\/04\/cropped-www.diarioprincipios.com_-1.png","contentUrl":"https:\/\/diarioprincipios.com\/wp-content\/uploads\/2024\/04\/cropped-www.diarioprincipios.com_-1.png","width":5325,"height":1454,"caption":"Principios"},"image":{"@id":"https:\/\/diarioprincipios.com\/#\/schema\/logo\/image\/"}},{"@type":"Person","@id":"https:\/\/diarioprincipios.com\/#\/schema\/person\/436d5a1fd41a5e250e23ff5a6a7cb080","name":"Hern\u00e1n L\u00f3pez","image":{"@type":"ImageObject","inLanguage":"es","@id":"https:\/\/diarioprincipios.com\/wp-content\/litespeed\/avatar\/11ddfe5610ff3bd100522525b2571f48.jpg?ver=1777048341","url":"https:\/\/diarioprincipios.com\/wp-content\/litespeed\/avatar\/11ddfe5610ff3bd100522525b2571f48.jpg?ver=1777048341","contentUrl":"https:\/\/diarioprincipios.com\/wp-content\/litespeed\/avatar\/11ddfe5610ff3bd100522525b2571f48.jpg?ver=1777048341","caption":"Hern\u00e1n L\u00f3pez"},"url":"https:\/\/diarioprincipios.com\/index.php\/author\/hernan\/"}]}},"jetpack_featured_media_url":"https:\/\/diarioprincipios.com\/wp-content\/uploads\/2020\/06\/trabajo-infantil-1.jpg","_links":{"self":[{"href":"https:\/\/diarioprincipios.com\/index.php\/wp-json\/wp\/v2\/posts\/2823","targetHints":{"allow":["GET"]}}],"collection":[{"href":"https:\/\/diarioprincipios.com\/index.php\/wp-json\/wp\/v2\/posts"}],"about":[{"href":"https:\/\/diarioprincipios.com\/index.php\/wp-json\/wp\/v2\/types\/post"}],"author":[{"embeddable":true,"href":"https:\/\/diarioprincipios.com\/index.php\/wp-json\/wp\/v2\/users\/2"}],"replies":[{"embeddable":true,"href":"https:\/\/diarioprincipios.com\/index.php\/wp-json\/wp\/v2\/comments?post=2823"}],"version-history":[{"count":1,"href":"https:\/\/diarioprincipios.com\/index.php\/wp-json\/wp\/v2\/posts\/2823\/revisions"}],"predecessor-version":[{"id":2825,"href":"https:\/\/diarioprincipios.com\/index.php\/wp-json\/wp\/v2\/posts\/2823\/revisions\/2825"}],"wp:featuredmedia":[{"embeddable":true,"href":"https:\/\/diarioprincipios.com\/index.php\/wp-json\/wp\/v2\/media\/2824"}],"wp:attachment":[{"href":"https:\/\/diarioprincipios.com\/index.php\/wp-json\/wp\/v2\/media?parent=2823"}],"wp:term":[{"taxonomy":"category","embeddable":true,"href":"https:\/\/diarioprincipios.com\/index.php\/wp-json\/wp\/v2\/categories?post=2823"},{"taxonomy":"post_tag","embeddable":true,"href":"https:\/\/diarioprincipios.com\/index.php\/wp-json\/wp\/v2\/tags?post=2823"}],"curies":[{"name":"wp","href":"https:\/\/api.w.org\/{rel}","templated":true}]}}