{"id":280,"date":"2020-03-11T17:07:45","date_gmt":"2020-03-11T17:07:45","guid":{"rendered":"http:\/\/diarioprincipios.com\/?p=280"},"modified":"2020-03-11T17:07:46","modified_gmt":"2020-03-11T17:07:46","slug":"medidas-en-quilmes-por-el-coronavirus","status":"publish","type":"post","link":"https:\/\/diarioprincipios.com\/index.php\/2020\/03\/11\/medidas-en-quilmes-por-el-coronavirus\/","title":{"rendered":"Medidas en Quilmes por el Coronavirus"},"content":{"rendered":"\n<p>El secretario de Salud local, Jonatan Konfino, encabez\u00f3 una reuni\u00f3n con especialistas m\u00e9dicos y profesionales de los hospitales, centros de salud y cl\u00ednicas tanto p\u00fablicas como privadas del distrito, con el fin de articular y coordinar acciones conjuntas para brindar una respuesta a la situaci\u00f3n del coronavirus (COVID-19) que atraviesa el pa\u00eds.<\/p>\n\n\n\n<p>\u201cLo importante de la reuni\u00f3n fue unificar criterios de evaluaci\u00f3n, manejo y seguimiento de los casos, para que todos los quilme\u00f1os y quilme\u00f1as sean evaluados bajo los mismos criterios epidemiol\u00f3gicos que no son otros que los que marcan los ministerios de Salud de la Provincia de Buenos Aires y de la Naci\u00f3n\u201d, detall\u00f3 Konfino.<\/p>\n\n\n\n<p>El funcionario remarc\u00f3 que seg\u00fan la informaci\u00f3n que public\u00f3 el Ministerio de Salud de la Naci\u00f3n, hay 17 casos de coronavirus confirmados en la Argentina. Todos ellos son con antecedentes de viaje a Europa y manifest\u00f3 que no hay ninguno confirmado en Quilmes.<\/p>\n\n\n\n<figure class=\"wp-block-image size-large\"><img loading=\"lazy\" decoding=\"async\" width=\"1024\" height=\"1024\" src=\"https:\/\/diarioprincipios.com\/wp-content\/uploads\/2020\/03\/IMG-20200311-WA0024-1024x1024.jpg\" alt=\"\" class=\"wp-image-282\" srcset=\"https:\/\/diarioprincipios.com\/wp-content\/uploads\/2020\/03\/IMG-20200311-WA0024-1024x1024.jpg 1024w, https:\/\/diarioprincipios.com\/wp-content\/uploads\/2020\/03\/IMG-20200311-WA0024-300x300.jpg 300w, https:\/\/diarioprincipios.com\/wp-content\/uploads\/2020\/03\/IMG-20200311-WA0024-150x150.jpg 150w, https:\/\/diarioprincipios.com\/wp-content\/uploads\/2020\/03\/IMG-20200311-WA0024-768x767.jpg 768w, https:\/\/diarioprincipios.com\/wp-content\/uploads\/2020\/03\/IMG-20200311-WA0024.jpg 1280w\" sizes=\"auto, (max-width: 1024px) 100vw, 1024px\" \/><\/figure>\n\n\n\n<p>Recomendaciones sobre el coronavirus<\/p>\n\n\n\n<p>Es un virus que provoca una enfermedad respiratoria. Se transmite por contacto directo con una persona infectada. Los s\u00edntomas son: fiebre y tos, dolor de garganta y dificultad respiratoria.<br>\nSi en los \u00faltimos 14 d\u00edas estuviste en regiones con circulaci\u00f3n viral (Europa, Estados Unidos, China, Corea del Sur, Jap\u00f3n e Ir\u00e1n) o en contacto directo con un caso confirmado, evit\u00e1 el contacto con otras personas. Estas son las recomendaciones a tener en cuenta:<br>\n\u2022    Lavarse las manos frecuentemente.<br>\n\u2022    Al toser y estornudar, cubrirse la nariz y boca con el pliegue del codo y l\u00e1vate las manos.<br>\n\u2022    Evitar el contacto directo con personas que tengan enfermedades respiratorias.<br>\n\u2022    Ventilar los ambientes cerrados.<br>\n\u2022    Evitar compartir mate, vasos, cubiertos.<br>\n\u2022    No te automediques. Consult\u00e1 en el centro de salud m\u00e1s cercano.<\/p>\n\n\n\n<p>Ante cualquier consulta comunicate al 0221-4255437 o por mail a epiquilmes@quilmes.gov.ar.<\/p>\n","protected":false},"excerpt":{"rendered":"<p>El secretario de Salud local, Jonatan Konfino, encabez\u00f3 una reuni\u00f3n con especialistas m\u00e9dicos y profesionales de los hospitales, centros de salud y cl\u00ednicas tanto p\u00fablicas como privadas del distrito, con el fin de articular y coordinar acciones conjuntas para brindar una respuesta a la situaci\u00f3n del coronavirus (COVID-19) que atraviesa el pa\u00eds. \u201cLo importante de&#8230;<\/p>\n","protected":false},"author":2,"featured_media":281,"comment_status":"open","ping_status":"open","sticky":false,"template":"","format":"standard","meta":{"footnotes":""},"categories":[4],"tags":[],"class_list":["post-280","post","type-post","status-publish","format-standard","has-post-thumbnail","hentry","category-quilmes"],"featured_image_src":"https:\/\/diarioprincipios.com\/wp-content\/uploads\/2020\/03\/IMG-20200311-WA0026-1024x1024.jpg","blog_images":{"medium":"https:\/\/diarioprincipios.com\/wp-content\/uploads\/2020\/03\/IMG-20200311-WA0026-300x300.jpg","large":"https:\/\/diarioprincipios.com\/wp-content\/uploads\/2020\/03\/IMG-20200311-WA0026-1024x1024.jpg"},"ams_acf":[],"yoast_head":"<!-- This site is optimized with the Yoast SEO plugin v27.3 - https:\/\/yoast.com\/product\/yoast-seo-wordpress\/ -->\n<title>Medidas en Quilmes por el Coronavirus - Principios<\/title>\n<meta name=\"robots\" content=\"index, follow, max-snippet:-1, max-image-preview:large, max-video-preview:-1\" \/>\n<link rel=\"canonical\" href=\"https:\/\/diarioprincipios.com\/index.php\/2020\/03\/11\/medidas-en-quilmes-por-el-coronavirus\/\" \/>\n<meta property=\"og:locale\" content=\"es_ES\" \/>\n<meta property=\"og:type\" content=\"article\" \/>\n<meta property=\"og:title\" content=\"Medidas en Quilmes por el Coronavirus - Principios\" \/>\n<meta property=\"og:description\" content=\"El secretario de Salud local, Jonatan Konfino, encabez\u00f3 una reuni\u00f3n con especialistas m\u00e9dicos y profesionales de los hospitales, centros de salud y cl\u00ednicas tanto p\u00fablicas como privadas del distrito, con el fin de articular y coordinar acciones conjuntas para brindar una respuesta a la situaci\u00f3n del coronavirus (COVID-19) que atraviesa el pa\u00eds. \u201cLo importante de...\" \/>\n<meta property=\"og:url\" content=\"https:\/\/diarioprincipios.com\/index.php\/2020\/03\/11\/medidas-en-quilmes-por-el-coronavirus\/\" \/>\n<meta property=\"og:site_name\" content=\"Principios\" \/>\n<meta property=\"article:published_time\" content=\"2020-03-11T17:07:45+00:00\" \/>\n<meta property=\"article:modified_time\" content=\"2020-03-11T17:07:46+00:00\" \/>\n<meta property=\"og:image\" content=\"https:\/\/diarioprincipios.com\/wp-content\/uploads\/2020\/03\/IMG-20200311-WA0026.jpg\" \/>\n\t<meta property=\"og:image:width\" content=\"1080\" \/>\n\t<meta property=\"og:image:height\" content=\"1080\" \/>\n\t<meta property=\"og:image:type\" content=\"image\/jpeg\" \/>\n<meta name=\"author\" content=\"Hern\u00e1n L\u00f3pez\" \/>\n<meta name=\"twitter:card\" content=\"summary_large_image\" \/>\n<meta name=\"twitter:label1\" content=\"Escrito por\" \/>\n\t<meta name=\"twitter:data1\" content=\"Hern\u00e1n L\u00f3pez\" \/>\n\t<meta name=\"twitter:label2\" content=\"Tiempo de lectura\" \/>\n\t<meta name=\"twitter:data2\" content=\"2 minutos\" \/>\n<script type=\"application\/ld+json\" class=\"yoast-schema-graph\">{\"@context\":\"https:\\\/\\\/schema.org\",\"@graph\":[{\"@type\":\"Article\",\"@id\":\"https:\\\/\\\/diarioprincipios.com\\\/index.php\\\/2020\\\/03\\\/11\\\/medidas-en-quilmes-por-el-coronavirus\\\/#article\",\"isPartOf\":{\"@id\":\"https:\\\/\\\/diarioprincipios.com\\\/index.php\\\/2020\\\/03\\\/11\\\/medidas-en-quilmes-por-el-coronavirus\\\/\"},\"author\":{\"name\":\"Hern\u00e1n L\u00f3pez\",\"@id\":\"https:\\\/\\\/diarioprincipios.com\\\/#\\\/schema\\\/person\\\/436d5a1fd41a5e250e23ff5a6a7cb080\"},\"headline\":\"Medidas en Quilmes por el Coronavirus\",\"datePublished\":\"2020-03-11T17:07:45+00:00\",\"dateModified\":\"2020-03-11T17:07:46+00:00\",\"mainEntityOfPage\":{\"@id\":\"https:\\\/\\\/diarioprincipios.com\\\/index.php\\\/2020\\\/03\\\/11\\\/medidas-en-quilmes-por-el-coronavirus\\\/\"},\"wordCount\":318,\"commentCount\":0,\"publisher\":{\"@id\":\"https:\\\/\\\/diarioprincipios.com\\\/#organization\"},\"image\":{\"@id\":\"https:\\\/\\\/diarioprincipios.com\\\/index.php\\\/2020\\\/03\\\/11\\\/medidas-en-quilmes-por-el-coronavirus\\\/#primaryimage\"},\"thumbnailUrl\":\"https:\\\/\\\/diarioprincipios.com\\\/wp-content\\\/uploads\\\/2020\\\/03\\\/IMG-20200311-WA0026.jpg\",\"articleSection\":[\"Quilmes\"],\"inLanguage\":\"es\",\"potentialAction\":[{\"@type\":\"CommentAction\",\"name\":\"Comment\",\"target\":[\"https:\\\/\\\/diarioprincipios.com\\\/index.php\\\/2020\\\/03\\\/11\\\/medidas-en-quilmes-por-el-coronavirus\\\/#respond\"]}]},{\"@type\":\"WebPage\",\"@id\":\"https:\\\/\\\/diarioprincipios.com\\\/index.php\\\/2020\\\/03\\\/11\\\/medidas-en-quilmes-por-el-coronavirus\\\/\",\"url\":\"https:\\\/\\\/diarioprincipios.com\\\/index.php\\\/2020\\\/03\\\/11\\\/medidas-en-quilmes-por-el-coronavirus\\\/\",\"name\":\"Medidas en Quilmes por el Coronavirus - Principios\",\"isPartOf\":{\"@id\":\"https:\\\/\\\/diarioprincipios.com\\\/#website\"},\"primaryImageOfPage\":{\"@id\":\"https:\\\/\\\/diarioprincipios.com\\\/index.php\\\/2020\\\/03\\\/11\\\/medidas-en-quilmes-por-el-coronavirus\\\/#primaryimage\"},\"image\":{\"@id\":\"https:\\\/\\\/diarioprincipios.com\\\/index.php\\\/2020\\\/03\\\/11\\\/medidas-en-quilmes-por-el-coronavirus\\\/#primaryimage\"},\"thumbnailUrl\":\"https:\\\/\\\/diarioprincipios.com\\\/wp-content\\\/uploads\\\/2020\\\/03\\\/IMG-20200311-WA0026.jpg\",\"datePublished\":\"2020-03-11T17:07:45+00:00\",\"dateModified\":\"2020-03-11T17:07:46+00:00\",\"breadcrumb\":{\"@id\":\"https:\\\/\\\/diarioprincipios.com\\\/index.php\\\/2020\\\/03\\\/11\\\/medidas-en-quilmes-por-el-coronavirus\\\/#breadcrumb\"},\"inLanguage\":\"es\",\"potentialAction\":[{\"@type\":\"ReadAction\",\"target\":[\"https:\\\/\\\/diarioprincipios.com\\\/index.php\\\/2020\\\/03\\\/11\\\/medidas-en-quilmes-por-el-coronavirus\\\/\"]}]},{\"@type\":\"ImageObject\",\"inLanguage\":\"es\",\"@id\":\"https:\\\/\\\/diarioprincipios.com\\\/index.php\\\/2020\\\/03\\\/11\\\/medidas-en-quilmes-por-el-coronavirus\\\/#primaryimage\",\"url\":\"https:\\\/\\\/diarioprincipios.com\\\/wp-content\\\/uploads\\\/2020\\\/03\\\/IMG-20200311-WA0026.jpg\",\"contentUrl\":\"https:\\\/\\\/diarioprincipios.com\\\/wp-content\\\/uploads\\\/2020\\\/03\\\/IMG-20200311-WA0026.jpg\",\"width\":1080,\"height\":1080},{\"@type\":\"BreadcrumbList\",\"@id\":\"https:\\\/\\\/diarioprincipios.com\\\/index.php\\\/2020\\\/03\\\/11\\\/medidas-en-quilmes-por-el-coronavirus\\\/#breadcrumb\",\"itemListElement\":[{\"@type\":\"ListItem\",\"position\":1,\"name\":\"Portada\",\"item\":\"https:\\\/\\\/diarioprincipios.com\\\/\"},{\"@type\":\"ListItem\",\"position\":2,\"name\":\"Medidas en Quilmes por el Coronavirus\"}]},{\"@type\":\"WebSite\",\"@id\":\"https:\\\/\\\/diarioprincipios.com\\\/#website\",\"url\":\"https:\\\/\\\/diarioprincipios.com\\\/\",\"name\":\"Principios\",\"description\":\"Principios Diario\",\"publisher\":{\"@id\":\"https:\\\/\\\/diarioprincipios.com\\\/#organization\"},\"potentialAction\":[{\"@type\":\"SearchAction\",\"target\":{\"@type\":\"EntryPoint\",\"urlTemplate\":\"https:\\\/\\\/diarioprincipios.com\\\/?s={search_term_string}\"},\"query-input\":{\"@type\":\"PropertyValueSpecification\",\"valueRequired\":true,\"valueName\":\"search_term_string\"}}],\"inLanguage\":\"es\"},{\"@type\":\"Organization\",\"@id\":\"https:\\\/\\\/diarioprincipios.com\\\/#organization\",\"name\":\"Principios\",\"url\":\"https:\\\/\\\/diarioprincipios.com\\\/\",\"logo\":{\"@type\":\"ImageObject\",\"inLanguage\":\"es\",\"@id\":\"https:\\\/\\\/diarioprincipios.com\\\/#\\\/schema\\\/logo\\\/image\\\/\",\"url\":\"https:\\\/\\\/diarioprincipios.com\\\/wp-content\\\/uploads\\\/2024\\\/04\\\/cropped-www.diarioprincipios.com_-1.png\",\"contentUrl\":\"https:\\\/\\\/diarioprincipios.com\\\/wp-content\\\/uploads\\\/2024\\\/04\\\/cropped-www.diarioprincipios.com_-1.png\",\"width\":5325,\"height\":1454,\"caption\":\"Principios\"},\"image\":{\"@id\":\"https:\\\/\\\/diarioprincipios.com\\\/#\\\/schema\\\/logo\\\/image\\\/\"}},{\"@type\":\"Person\",\"@id\":\"https:\\\/\\\/diarioprincipios.com\\\/#\\\/schema\\\/person\\\/436d5a1fd41a5e250e23ff5a6a7cb080\",\"name\":\"Hern\u00e1n L\u00f3pez\",\"image\":{\"@type\":\"ImageObject\",\"inLanguage\":\"es\",\"@id\":\"https:\\\/\\\/diarioprincipios.com\\\/wp-content\\\/litespeed\\\/avatar\\\/11ddfe5610ff3bd100522525b2571f48.jpg?ver=1777653193\",\"url\":\"https:\\\/\\\/diarioprincipios.com\\\/wp-content\\\/litespeed\\\/avatar\\\/11ddfe5610ff3bd100522525b2571f48.jpg?ver=1777653193\",\"contentUrl\":\"https:\\\/\\\/diarioprincipios.com\\\/wp-content\\\/litespeed\\\/avatar\\\/11ddfe5610ff3bd100522525b2571f48.jpg?ver=1777653193\",\"caption\":\"Hern\u00e1n L\u00f3pez\"},\"url\":\"https:\\\/\\\/diarioprincipios.com\\\/index.php\\\/author\\\/hernan\\\/\"}]}<\/script>\n<!-- \/ Yoast SEO plugin. -->","yoast_head_json":{"title":"Medidas en Quilmes por el Coronavirus - Principios","robots":{"index":"index","follow":"follow","max-snippet":"max-snippet:-1","max-image-preview":"max-image-preview:large","max-video-preview":"max-video-preview:-1"},"canonical":"https:\/\/diarioprincipios.com\/index.php\/2020\/03\/11\/medidas-en-quilmes-por-el-coronavirus\/","og_locale":"es_ES","og_type":"article","og_title":"Medidas en Quilmes por el Coronavirus - Principios","og_description":"El secretario de Salud local, Jonatan Konfino, encabez\u00f3 una reuni\u00f3n con especialistas m\u00e9dicos y profesionales de los hospitales, centros de salud y cl\u00ednicas tanto p\u00fablicas como privadas del distrito, con el fin de articular y coordinar acciones conjuntas para brindar una respuesta a la situaci\u00f3n del coronavirus (COVID-19) que atraviesa el pa\u00eds. \u201cLo importante de...","og_url":"https:\/\/diarioprincipios.com\/index.php\/2020\/03\/11\/medidas-en-quilmes-por-el-coronavirus\/","og_site_name":"Principios","article_published_time":"2020-03-11T17:07:45+00:00","article_modified_time":"2020-03-11T17:07:46+00:00","og_image":[{"width":1080,"height":1080,"url":"https:\/\/diarioprincipios.com\/wp-content\/uploads\/2020\/03\/IMG-20200311-WA0026.jpg","type":"image\/jpeg"}],"author":"Hern\u00e1n L\u00f3pez","twitter_card":"summary_large_image","twitter_misc":{"Escrito por":"Hern\u00e1n L\u00f3pez","Tiempo de lectura":"2 minutos"},"schema":{"@context":"https:\/\/schema.org","@graph":[{"@type":"Article","@id":"https:\/\/diarioprincipios.com\/index.php\/2020\/03\/11\/medidas-en-quilmes-por-el-coronavirus\/#article","isPartOf":{"@id":"https:\/\/diarioprincipios.com\/index.php\/2020\/03\/11\/medidas-en-quilmes-por-el-coronavirus\/"},"author":{"name":"Hern\u00e1n L\u00f3pez","@id":"https:\/\/diarioprincipios.com\/#\/schema\/person\/436d5a1fd41a5e250e23ff5a6a7cb080"},"headline":"Medidas en Quilmes por el Coronavirus","datePublished":"2020-03-11T17:07:45+00:00","dateModified":"2020-03-11T17:07:46+00:00","mainEntityOfPage":{"@id":"https:\/\/diarioprincipios.com\/index.php\/2020\/03\/11\/medidas-en-quilmes-por-el-coronavirus\/"},"wordCount":318,"commentCount":0,"publisher":{"@id":"https:\/\/diarioprincipios.com\/#organization"},"image":{"@id":"https:\/\/diarioprincipios.com\/index.php\/2020\/03\/11\/medidas-en-quilmes-por-el-coronavirus\/#primaryimage"},"thumbnailUrl":"https:\/\/diarioprincipios.com\/wp-content\/uploads\/2020\/03\/IMG-20200311-WA0026.jpg","articleSection":["Quilmes"],"inLanguage":"es","potentialAction":[{"@type":"CommentAction","name":"Comment","target":["https:\/\/diarioprincipios.com\/index.php\/2020\/03\/11\/medidas-en-quilmes-por-el-coronavirus\/#respond"]}]},{"@type":"WebPage","@id":"https:\/\/diarioprincipios.com\/index.php\/2020\/03\/11\/medidas-en-quilmes-por-el-coronavirus\/","url":"https:\/\/diarioprincipios.com\/index.php\/2020\/03\/11\/medidas-en-quilmes-por-el-coronavirus\/","name":"Medidas en Quilmes por el Coronavirus - Principios","isPartOf":{"@id":"https:\/\/diarioprincipios.com\/#website"},"primaryImageOfPage":{"@id":"https:\/\/diarioprincipios.com\/index.php\/2020\/03\/11\/medidas-en-quilmes-por-el-coronavirus\/#primaryimage"},"image":{"@id":"https:\/\/diarioprincipios.com\/index.php\/2020\/03\/11\/medidas-en-quilmes-por-el-coronavirus\/#primaryimage"},"thumbnailUrl":"https:\/\/diarioprincipios.com\/wp-content\/uploads\/2020\/03\/IMG-20200311-WA0026.jpg","datePublished":"2020-03-11T17:07:45+00:00","dateModified":"2020-03-11T17:07:46+00:00","breadcrumb":{"@id":"https:\/\/diarioprincipios.com\/index.php\/2020\/03\/11\/medidas-en-quilmes-por-el-coronavirus\/#breadcrumb"},"inLanguage":"es","potentialAction":[{"@type":"ReadAction","target":["https:\/\/diarioprincipios.com\/index.php\/2020\/03\/11\/medidas-en-quilmes-por-el-coronavirus\/"]}]},{"@type":"ImageObject","inLanguage":"es","@id":"https:\/\/diarioprincipios.com\/index.php\/2020\/03\/11\/medidas-en-quilmes-por-el-coronavirus\/#primaryimage","url":"https:\/\/diarioprincipios.com\/wp-content\/uploads\/2020\/03\/IMG-20200311-WA0026.jpg","contentUrl":"https:\/\/diarioprincipios.com\/wp-content\/uploads\/2020\/03\/IMG-20200311-WA0026.jpg","width":1080,"height":1080},{"@type":"BreadcrumbList","@id":"https:\/\/diarioprincipios.com\/index.php\/2020\/03\/11\/medidas-en-quilmes-por-el-coronavirus\/#breadcrumb","itemListElement":[{"@type":"ListItem","position":1,"name":"Portada","item":"https:\/\/diarioprincipios.com\/"},{"@type":"ListItem","position":2,"name":"Medidas en Quilmes por el Coronavirus"}]},{"@type":"WebSite","@id":"https:\/\/diarioprincipios.com\/#website","url":"https:\/\/diarioprincipios.com\/","name":"Principios","description":"Principios Diario","publisher":{"@id":"https:\/\/diarioprincipios.com\/#organization"},"potentialAction":[{"@type":"SearchAction","target":{"@type":"EntryPoint","urlTemplate":"https:\/\/diarioprincipios.com\/?s={search_term_string}"},"query-input":{"@type":"PropertyValueSpecification","valueRequired":true,"valueName":"search_term_string"}}],"inLanguage":"es"},{"@type":"Organization","@id":"https:\/\/diarioprincipios.com\/#organization","name":"Principios","url":"https:\/\/diarioprincipios.com\/","logo":{"@type":"ImageObject","inLanguage":"es","@id":"https:\/\/diarioprincipios.com\/#\/schema\/logo\/image\/","url":"https:\/\/diarioprincipios.com\/wp-content\/uploads\/2024\/04\/cropped-www.diarioprincipios.com_-1.png","contentUrl":"https:\/\/diarioprincipios.com\/wp-content\/uploads\/2024\/04\/cropped-www.diarioprincipios.com_-1.png","width":5325,"height":1454,"caption":"Principios"},"image":{"@id":"https:\/\/diarioprincipios.com\/#\/schema\/logo\/image\/"}},{"@type":"Person","@id":"https:\/\/diarioprincipios.com\/#\/schema\/person\/436d5a1fd41a5e250e23ff5a6a7cb080","name":"Hern\u00e1n L\u00f3pez","image":{"@type":"ImageObject","inLanguage":"es","@id":"https:\/\/diarioprincipios.com\/wp-content\/litespeed\/avatar\/11ddfe5610ff3bd100522525b2571f48.jpg?ver=1777653193","url":"https:\/\/diarioprincipios.com\/wp-content\/litespeed\/avatar\/11ddfe5610ff3bd100522525b2571f48.jpg?ver=1777653193","contentUrl":"https:\/\/diarioprincipios.com\/wp-content\/litespeed\/avatar\/11ddfe5610ff3bd100522525b2571f48.jpg?ver=1777653193","caption":"Hern\u00e1n L\u00f3pez"},"url":"https:\/\/diarioprincipios.com\/index.php\/author\/hernan\/"}]}},"jetpack_featured_media_url":"https:\/\/diarioprincipios.com\/wp-content\/uploads\/2020\/03\/IMG-20200311-WA0026.jpg","_links":{"self":[{"href":"https:\/\/diarioprincipios.com\/index.php\/wp-json\/wp\/v2\/posts\/280","targetHints":{"allow":["GET"]}}],"collection":[{"href":"https:\/\/diarioprincipios.com\/index.php\/wp-json\/wp\/v2\/posts"}],"about":[{"href":"https:\/\/diarioprincipios.com\/index.php\/wp-json\/wp\/v2\/types\/post"}],"author":[{"embeddable":true,"href":"https:\/\/diarioprincipios.com\/index.php\/wp-json\/wp\/v2\/users\/2"}],"replies":[{"embeddable":true,"href":"https:\/\/diarioprincipios.com\/index.php\/wp-json\/wp\/v2\/comments?post=280"}],"version-history":[{"count":1,"href":"https:\/\/diarioprincipios.com\/index.php\/wp-json\/wp\/v2\/posts\/280\/revisions"}],"predecessor-version":[{"id":283,"href":"https:\/\/diarioprincipios.com\/index.php\/wp-json\/wp\/v2\/posts\/280\/revisions\/283"}],"wp:featuredmedia":[{"embeddable":true,"href":"https:\/\/diarioprincipios.com\/index.php\/wp-json\/wp\/v2\/media\/281"}],"wp:attachment":[{"href":"https:\/\/diarioprincipios.com\/index.php\/wp-json\/wp\/v2\/media?parent=280"}],"wp:term":[{"taxonomy":"category","embeddable":true,"href":"https:\/\/diarioprincipios.com\/index.php\/wp-json\/wp\/v2\/categories?post=280"},{"taxonomy":"post_tag","embeddable":true,"href":"https:\/\/diarioprincipios.com\/index.php\/wp-json\/wp\/v2\/tags?post=280"}],"curies":[{"name":"wp","href":"https:\/\/api.w.org\/{rel}","templated":true}]}}