{"id":277,"date":"2020-03-11T17:01:53","date_gmt":"2020-03-11T17:01:53","guid":{"rendered":"http:\/\/diarioprincipios.com\/?p=277"},"modified":"2020-03-11T17:01:55","modified_gmt":"2020-03-11T17:01:55","slug":"ferraresi-inauguro-el-edificio-del-jardin-de-infantes-provincial-n-934-de-la-saladita","status":"publish","type":"post","link":"https:\/\/diarioprincipios.com\/index.php\/2020\/03\/11\/ferraresi-inauguro-el-edificio-del-jardin-de-infantes-provincial-n-934-de-la-saladita\/","title":{"rendered":"Ferraresi inaugur\u00f3 el edificio del Jard\u00edn de Infantes Provincial N\u00b0 934 de La Saladita"},"content":{"rendered":"\n<p>La comuna invirti\u00f3 $ 26 millones de pesos en esta obra. La flamante sede lleva el nombre de \u201cMariano Ferreyra\u201d, el cual fue elegido por los vecinos del barrio.<\/p>\n\n\n\n<p>El intendente de Avellaneda, Jorge Ferraresi, inaugur\u00f3 el edificio municipal \u201cMariano Ferreyra\u201d, ubicado en la calle G\u00e9nova 3561, del barrio La Saladita. All\u00ed funcionar\u00e1 el Jard\u00edn de Infantes Provincial N\u00b0 934, una instituci\u00f3n que cuenta ahora con un edificio que resuelve todas las necesidades de infraestructura y equipamiento de su comunidad.<\/p>\n\n\n\n<p>Esta nueva sede se hizo gracias a una inversi\u00f3n municipal de $ 26 millones y cuenta con tres aulas, SUM, patio descubierto, cocina, sanitarios, ba\u00f1os para discapacitados, espacios administrativos y todas las comodidades.<\/p>\n\n\n\n<p>En su discurso, Ferraresi destac\u00f3 el nuevo tiempo que se vive en la Argentina: \u201dEmpezamos a so\u00f1ar esta obra en un tiempo en el que era dif\u00edcil hacerlo. Ahora si podemos so\u00f1ar en conjunto, porque hay un gobierno nacional y provincial que acompa\u00f1an este proceso\u201d.<\/p>\n\n\n\n<p>Tambi\u00e9n remarc\u00f3 los valores y convicciones por los que dej\u00f3 su vida Mariano Ferreyra, cuyo nombre fue elegido por los vecinos y vecinas para darle nombre a este edificio: \u201c\u00c9l era un luchador que peleaba por estos derechos y por la reivindicaci\u00f3n de conquistas sociales como estas\u201d.<\/p>\n\n\n\n<p>Previamente, la secretaria de Evaluaci\u00f3n del Ministerio de Educaci\u00f3n de la Naci\u00f3n, Gabriela Diker, elogi\u00f3 la gesti\u00f3n municipal y estos logros: \u201cAvellaneda tiene una pol\u00edtica de cuidado y protecci\u00f3n integral de la infancia. En estos tiempos, inaugurar una escuela es un acto de justicia\u201d.<\/p>\n\n\n\n<p>Gran cantidad de vecinas y vecinos del barrio participaron del acto y recorrieron junto a los funcionarios sus flamantes instalaciones. Adem\u00e1s del intendente, estuvieron presentes el jefe de Gabinete, Alejo Chornobroff; la secretaria de Educaci\u00f3n, Mar\u00eda Laura de Vincenti; la presidenta del Consejo Escolar, Claudia Colaso; el jefe distrital, Gustavo Pistorino; el director provincial de Infraestructura Escolar, Gustavo Chedas y la directora del Jard\u00edn, Andrea Gonz\u00e1lez.<\/p>\n","protected":false},"excerpt":{"rendered":"<p>La comuna invirti\u00f3 $ 26 millones de pesos en esta obra. La flamante sede lleva el nombre de \u201cMariano Ferreyra\u201d, el cual fue elegido por los vecinos del barrio. El intendente de Avellaneda, Jorge Ferraresi, inaugur\u00f3 el edificio municipal \u201cMariano Ferreyra\u201d, ubicado en la calle G\u00e9nova 3561, del barrio La Saladita. All\u00ed funcionar\u00e1 el Jard\u00edn&#8230;<\/p>\n","protected":false},"author":2,"featured_media":278,"comment_status":"open","ping_status":"open","sticky":false,"template":"","format":"standard","meta":{"footnotes":""},"categories":[5],"tags":[],"class_list":["post-277","post","type-post","status-publish","format-standard","has-post-thumbnail","hentry","category-avellaneda"],"featured_image_src":"https:\/\/diarioprincipios.com\/wp-content\/uploads\/2020\/03\/00ad3dd4-f7af-4ff7-a4e6-ee31242930eb-1024x670.jpg","blog_images":{"medium":"https:\/\/diarioprincipios.com\/wp-content\/uploads\/2020\/03\/00ad3dd4-f7af-4ff7-a4e6-ee31242930eb-300x196.jpg","large":"https:\/\/diarioprincipios.com\/wp-content\/uploads\/2020\/03\/00ad3dd4-f7af-4ff7-a4e6-ee31242930eb-1024x670.jpg"},"ams_acf":[],"yoast_head":"<!-- This site is optimized with the Yoast SEO plugin v27.3 - https:\/\/yoast.com\/product\/yoast-seo-wordpress\/ -->\n<title>Ferraresi inaugur\u00f3 el edificio del Jard\u00edn de Infantes Provincial N\u00b0 934 de La Saladita - Principios<\/title>\n<meta name=\"robots\" content=\"index, follow, max-snippet:-1, max-image-preview:large, max-video-preview:-1\" \/>\n<link rel=\"canonical\" href=\"https:\/\/diarioprincipios.com\/index.php\/2020\/03\/11\/ferraresi-inauguro-el-edificio-del-jardin-de-infantes-provincial-n-934-de-la-saladita\/\" \/>\n<meta property=\"og:locale\" content=\"es_ES\" \/>\n<meta property=\"og:type\" content=\"article\" \/>\n<meta property=\"og:title\" content=\"Ferraresi inaugur\u00f3 el edificio del Jard\u00edn de Infantes Provincial N\u00b0 934 de La Saladita - Principios\" \/>\n<meta property=\"og:description\" content=\"La comuna invirti\u00f3 $ 26 millones de pesos en esta obra. La flamante sede lleva el nombre de \u201cMariano Ferreyra\u201d, el cual fue elegido por los vecinos del barrio. El intendente de Avellaneda, Jorge Ferraresi, inaugur\u00f3 el edificio municipal \u201cMariano Ferreyra\u201d, ubicado en la calle G\u00e9nova 3561, del barrio La Saladita. All\u00ed funcionar\u00e1 el Jard\u00edn...\" \/>\n<meta property=\"og:url\" content=\"https:\/\/diarioprincipios.com\/index.php\/2020\/03\/11\/ferraresi-inauguro-el-edificio-del-jardin-de-infantes-provincial-n-934-de-la-saladita\/\" \/>\n<meta property=\"og:site_name\" content=\"Principios\" \/>\n<meta property=\"article:published_time\" content=\"2020-03-11T17:01:53+00:00\" \/>\n<meta property=\"article:modified_time\" content=\"2020-03-11T17:01:55+00:00\" \/>\n<meta property=\"og:image\" content=\"https:\/\/diarioprincipios.com\/wp-content\/uploads\/2020\/03\/00ad3dd4-f7af-4ff7-a4e6-ee31242930eb.jpg\" \/>\n\t<meta property=\"og:image:width\" content=\"1280\" \/>\n\t<meta property=\"og:image:height\" content=\"837\" \/>\n\t<meta property=\"og:image:type\" content=\"image\/jpeg\" \/>\n<meta name=\"author\" content=\"Hern\u00e1n L\u00f3pez\" \/>\n<meta name=\"twitter:card\" content=\"summary_large_image\" \/>\n<meta name=\"twitter:label1\" content=\"Escrito por\" \/>\n\t<meta name=\"twitter:data1\" content=\"Hern\u00e1n L\u00f3pez\" \/>\n\t<meta name=\"twitter:label2\" content=\"Tiempo de lectura\" \/>\n\t<meta name=\"twitter:data2\" content=\"2 minutos\" \/>\n<script type=\"application\/ld+json\" class=\"yoast-schema-graph\">{\"@context\":\"https:\\\/\\\/schema.org\",\"@graph\":[{\"@type\":\"Article\",\"@id\":\"https:\\\/\\\/diarioprincipios.com\\\/index.php\\\/2020\\\/03\\\/11\\\/ferraresi-inauguro-el-edificio-del-jardin-de-infantes-provincial-n-934-de-la-saladita\\\/#article\",\"isPartOf\":{\"@id\":\"https:\\\/\\\/diarioprincipios.com\\\/index.php\\\/2020\\\/03\\\/11\\\/ferraresi-inauguro-el-edificio-del-jardin-de-infantes-provincial-n-934-de-la-saladita\\\/\"},\"author\":{\"name\":\"Hern\u00e1n L\u00f3pez\",\"@id\":\"https:\\\/\\\/diarioprincipios.com\\\/#\\\/schema\\\/person\\\/436d5a1fd41a5e250e23ff5a6a7cb080\"},\"headline\":\"Ferraresi inaugur\u00f3 el edificio del Jard\u00edn de Infantes Provincial N\u00b0 934 de La Saladita\",\"datePublished\":\"2020-03-11T17:01:53+00:00\",\"dateModified\":\"2020-03-11T17:01:55+00:00\",\"mainEntityOfPage\":{\"@id\":\"https:\\\/\\\/diarioprincipios.com\\\/index.php\\\/2020\\\/03\\\/11\\\/ferraresi-inauguro-el-edificio-del-jardin-de-infantes-provincial-n-934-de-la-saladita\\\/\"},\"wordCount\":345,\"commentCount\":0,\"publisher\":{\"@id\":\"https:\\\/\\\/diarioprincipios.com\\\/#organization\"},\"image\":{\"@id\":\"https:\\\/\\\/diarioprincipios.com\\\/index.php\\\/2020\\\/03\\\/11\\\/ferraresi-inauguro-el-edificio-del-jardin-de-infantes-provincial-n-934-de-la-saladita\\\/#primaryimage\"},\"thumbnailUrl\":\"https:\\\/\\\/diarioprincipios.com\\\/wp-content\\\/uploads\\\/2020\\\/03\\\/00ad3dd4-f7af-4ff7-a4e6-ee31242930eb.jpg\",\"articleSection\":[\"Avellaneda\"],\"inLanguage\":\"es\",\"potentialAction\":[{\"@type\":\"CommentAction\",\"name\":\"Comment\",\"target\":[\"https:\\\/\\\/diarioprincipios.com\\\/index.php\\\/2020\\\/03\\\/11\\\/ferraresi-inauguro-el-edificio-del-jardin-de-infantes-provincial-n-934-de-la-saladita\\\/#respond\"]}]},{\"@type\":\"WebPage\",\"@id\":\"https:\\\/\\\/diarioprincipios.com\\\/index.php\\\/2020\\\/03\\\/11\\\/ferraresi-inauguro-el-edificio-del-jardin-de-infantes-provincial-n-934-de-la-saladita\\\/\",\"url\":\"https:\\\/\\\/diarioprincipios.com\\\/index.php\\\/2020\\\/03\\\/11\\\/ferraresi-inauguro-el-edificio-del-jardin-de-infantes-provincial-n-934-de-la-saladita\\\/\",\"name\":\"Ferraresi inaugur\u00f3 el edificio del Jard\u00edn de Infantes Provincial N\u00b0 934 de La Saladita - Principios\",\"isPartOf\":{\"@id\":\"https:\\\/\\\/diarioprincipios.com\\\/#website\"},\"primaryImageOfPage\":{\"@id\":\"https:\\\/\\\/diarioprincipios.com\\\/index.php\\\/2020\\\/03\\\/11\\\/ferraresi-inauguro-el-edificio-del-jardin-de-infantes-provincial-n-934-de-la-saladita\\\/#primaryimage\"},\"image\":{\"@id\":\"https:\\\/\\\/diarioprincipios.com\\\/index.php\\\/2020\\\/03\\\/11\\\/ferraresi-inauguro-el-edificio-del-jardin-de-infantes-provincial-n-934-de-la-saladita\\\/#primaryimage\"},\"thumbnailUrl\":\"https:\\\/\\\/diarioprincipios.com\\\/wp-content\\\/uploads\\\/2020\\\/03\\\/00ad3dd4-f7af-4ff7-a4e6-ee31242930eb.jpg\",\"datePublished\":\"2020-03-11T17:01:53+00:00\",\"dateModified\":\"2020-03-11T17:01:55+00:00\",\"breadcrumb\":{\"@id\":\"https:\\\/\\\/diarioprincipios.com\\\/index.php\\\/2020\\\/03\\\/11\\\/ferraresi-inauguro-el-edificio-del-jardin-de-infantes-provincial-n-934-de-la-saladita\\\/#breadcrumb\"},\"inLanguage\":\"es\",\"potentialAction\":[{\"@type\":\"ReadAction\",\"target\":[\"https:\\\/\\\/diarioprincipios.com\\\/index.php\\\/2020\\\/03\\\/11\\\/ferraresi-inauguro-el-edificio-del-jardin-de-infantes-provincial-n-934-de-la-saladita\\\/\"]}]},{\"@type\":\"ImageObject\",\"inLanguage\":\"es\",\"@id\":\"https:\\\/\\\/diarioprincipios.com\\\/index.php\\\/2020\\\/03\\\/11\\\/ferraresi-inauguro-el-edificio-del-jardin-de-infantes-provincial-n-934-de-la-saladita\\\/#primaryimage\",\"url\":\"https:\\\/\\\/diarioprincipios.com\\\/wp-content\\\/uploads\\\/2020\\\/03\\\/00ad3dd4-f7af-4ff7-a4e6-ee31242930eb.jpg\",\"contentUrl\":\"https:\\\/\\\/diarioprincipios.com\\\/wp-content\\\/uploads\\\/2020\\\/03\\\/00ad3dd4-f7af-4ff7-a4e6-ee31242930eb.jpg\",\"width\":1280,\"height\":837},{\"@type\":\"BreadcrumbList\",\"@id\":\"https:\\\/\\\/diarioprincipios.com\\\/index.php\\\/2020\\\/03\\\/11\\\/ferraresi-inauguro-el-edificio-del-jardin-de-infantes-provincial-n-934-de-la-saladita\\\/#breadcrumb\",\"itemListElement\":[{\"@type\":\"ListItem\",\"position\":1,\"name\":\"Portada\",\"item\":\"https:\\\/\\\/diarioprincipios.com\\\/\"},{\"@type\":\"ListItem\",\"position\":2,\"name\":\"Ferraresi inaugur\u00f3 el edificio del Jard\u00edn de Infantes Provincial N\u00b0 934 de La Saladita\"}]},{\"@type\":\"WebSite\",\"@id\":\"https:\\\/\\\/diarioprincipios.com\\\/#website\",\"url\":\"https:\\\/\\\/diarioprincipios.com\\\/\",\"name\":\"Principios\",\"description\":\"Principios Diario\",\"publisher\":{\"@id\":\"https:\\\/\\\/diarioprincipios.com\\\/#organization\"},\"potentialAction\":[{\"@type\":\"SearchAction\",\"target\":{\"@type\":\"EntryPoint\",\"urlTemplate\":\"https:\\\/\\\/diarioprincipios.com\\\/?s={search_term_string}\"},\"query-input\":{\"@type\":\"PropertyValueSpecification\",\"valueRequired\":true,\"valueName\":\"search_term_string\"}}],\"inLanguage\":\"es\"},{\"@type\":\"Organization\",\"@id\":\"https:\\\/\\\/diarioprincipios.com\\\/#organization\",\"name\":\"Principios\",\"url\":\"https:\\\/\\\/diarioprincipios.com\\\/\",\"logo\":{\"@type\":\"ImageObject\",\"inLanguage\":\"es\",\"@id\":\"https:\\\/\\\/diarioprincipios.com\\\/#\\\/schema\\\/logo\\\/image\\\/\",\"url\":\"https:\\\/\\\/diarioprincipios.com\\\/wp-content\\\/uploads\\\/2024\\\/04\\\/cropped-www.diarioprincipios.com_-1.png\",\"contentUrl\":\"https:\\\/\\\/diarioprincipios.com\\\/wp-content\\\/uploads\\\/2024\\\/04\\\/cropped-www.diarioprincipios.com_-1.png\",\"width\":5325,\"height\":1454,\"caption\":\"Principios\"},\"image\":{\"@id\":\"https:\\\/\\\/diarioprincipios.com\\\/#\\\/schema\\\/logo\\\/image\\\/\"}},{\"@type\":\"Person\",\"@id\":\"https:\\\/\\\/diarioprincipios.com\\\/#\\\/schema\\\/person\\\/436d5a1fd41a5e250e23ff5a6a7cb080\",\"name\":\"Hern\u00e1n L\u00f3pez\",\"image\":{\"@type\":\"ImageObject\",\"inLanguage\":\"es\",\"@id\":\"https:\\\/\\\/diarioprincipios.com\\\/wp-content\\\/litespeed\\\/avatar\\\/11ddfe5610ff3bd100522525b2571f48.jpg?ver=1777653193\",\"url\":\"https:\\\/\\\/diarioprincipios.com\\\/wp-content\\\/litespeed\\\/avatar\\\/11ddfe5610ff3bd100522525b2571f48.jpg?ver=1777653193\",\"contentUrl\":\"https:\\\/\\\/diarioprincipios.com\\\/wp-content\\\/litespeed\\\/avatar\\\/11ddfe5610ff3bd100522525b2571f48.jpg?ver=1777653193\",\"caption\":\"Hern\u00e1n L\u00f3pez\"},\"url\":\"https:\\\/\\\/diarioprincipios.com\\\/index.php\\\/author\\\/hernan\\\/\"}]}<\/script>\n<!-- \/ Yoast SEO plugin. -->","yoast_head_json":{"title":"Ferraresi inaugur\u00f3 el edificio del Jard\u00edn de Infantes Provincial N\u00b0 934 de La Saladita - Principios","robots":{"index":"index","follow":"follow","max-snippet":"max-snippet:-1","max-image-preview":"max-image-preview:large","max-video-preview":"max-video-preview:-1"},"canonical":"https:\/\/diarioprincipios.com\/index.php\/2020\/03\/11\/ferraresi-inauguro-el-edificio-del-jardin-de-infantes-provincial-n-934-de-la-saladita\/","og_locale":"es_ES","og_type":"article","og_title":"Ferraresi inaugur\u00f3 el edificio del Jard\u00edn de Infantes Provincial N\u00b0 934 de La Saladita - Principios","og_description":"La comuna invirti\u00f3 $ 26 millones de pesos en esta obra. La flamante sede lleva el nombre de \u201cMariano Ferreyra\u201d, el cual fue elegido por los vecinos del barrio. El intendente de Avellaneda, Jorge Ferraresi, inaugur\u00f3 el edificio municipal \u201cMariano Ferreyra\u201d, ubicado en la calle G\u00e9nova 3561, del barrio La Saladita. All\u00ed funcionar\u00e1 el Jard\u00edn...","og_url":"https:\/\/diarioprincipios.com\/index.php\/2020\/03\/11\/ferraresi-inauguro-el-edificio-del-jardin-de-infantes-provincial-n-934-de-la-saladita\/","og_site_name":"Principios","article_published_time":"2020-03-11T17:01:53+00:00","article_modified_time":"2020-03-11T17:01:55+00:00","og_image":[{"width":1280,"height":837,"url":"https:\/\/diarioprincipios.com\/wp-content\/uploads\/2020\/03\/00ad3dd4-f7af-4ff7-a4e6-ee31242930eb.jpg","type":"image\/jpeg"}],"author":"Hern\u00e1n L\u00f3pez","twitter_card":"summary_large_image","twitter_misc":{"Escrito por":"Hern\u00e1n L\u00f3pez","Tiempo de lectura":"2 minutos"},"schema":{"@context":"https:\/\/schema.org","@graph":[{"@type":"Article","@id":"https:\/\/diarioprincipios.com\/index.php\/2020\/03\/11\/ferraresi-inauguro-el-edificio-del-jardin-de-infantes-provincial-n-934-de-la-saladita\/#article","isPartOf":{"@id":"https:\/\/diarioprincipios.com\/index.php\/2020\/03\/11\/ferraresi-inauguro-el-edificio-del-jardin-de-infantes-provincial-n-934-de-la-saladita\/"},"author":{"name":"Hern\u00e1n L\u00f3pez","@id":"https:\/\/diarioprincipios.com\/#\/schema\/person\/436d5a1fd41a5e250e23ff5a6a7cb080"},"headline":"Ferraresi inaugur\u00f3 el edificio del Jard\u00edn de Infantes Provincial N\u00b0 934 de La Saladita","datePublished":"2020-03-11T17:01:53+00:00","dateModified":"2020-03-11T17:01:55+00:00","mainEntityOfPage":{"@id":"https:\/\/diarioprincipios.com\/index.php\/2020\/03\/11\/ferraresi-inauguro-el-edificio-del-jardin-de-infantes-provincial-n-934-de-la-saladita\/"},"wordCount":345,"commentCount":0,"publisher":{"@id":"https:\/\/diarioprincipios.com\/#organization"},"image":{"@id":"https:\/\/diarioprincipios.com\/index.php\/2020\/03\/11\/ferraresi-inauguro-el-edificio-del-jardin-de-infantes-provincial-n-934-de-la-saladita\/#primaryimage"},"thumbnailUrl":"https:\/\/diarioprincipios.com\/wp-content\/uploads\/2020\/03\/00ad3dd4-f7af-4ff7-a4e6-ee31242930eb.jpg","articleSection":["Avellaneda"],"inLanguage":"es","potentialAction":[{"@type":"CommentAction","name":"Comment","target":["https:\/\/diarioprincipios.com\/index.php\/2020\/03\/11\/ferraresi-inauguro-el-edificio-del-jardin-de-infantes-provincial-n-934-de-la-saladita\/#respond"]}]},{"@type":"WebPage","@id":"https:\/\/diarioprincipios.com\/index.php\/2020\/03\/11\/ferraresi-inauguro-el-edificio-del-jardin-de-infantes-provincial-n-934-de-la-saladita\/","url":"https:\/\/diarioprincipios.com\/index.php\/2020\/03\/11\/ferraresi-inauguro-el-edificio-del-jardin-de-infantes-provincial-n-934-de-la-saladita\/","name":"Ferraresi inaugur\u00f3 el edificio del Jard\u00edn de Infantes Provincial N\u00b0 934 de La Saladita - Principios","isPartOf":{"@id":"https:\/\/diarioprincipios.com\/#website"},"primaryImageOfPage":{"@id":"https:\/\/diarioprincipios.com\/index.php\/2020\/03\/11\/ferraresi-inauguro-el-edificio-del-jardin-de-infantes-provincial-n-934-de-la-saladita\/#primaryimage"},"image":{"@id":"https:\/\/diarioprincipios.com\/index.php\/2020\/03\/11\/ferraresi-inauguro-el-edificio-del-jardin-de-infantes-provincial-n-934-de-la-saladita\/#primaryimage"},"thumbnailUrl":"https:\/\/diarioprincipios.com\/wp-content\/uploads\/2020\/03\/00ad3dd4-f7af-4ff7-a4e6-ee31242930eb.jpg","datePublished":"2020-03-11T17:01:53+00:00","dateModified":"2020-03-11T17:01:55+00:00","breadcrumb":{"@id":"https:\/\/diarioprincipios.com\/index.php\/2020\/03\/11\/ferraresi-inauguro-el-edificio-del-jardin-de-infantes-provincial-n-934-de-la-saladita\/#breadcrumb"},"inLanguage":"es","potentialAction":[{"@type":"ReadAction","target":["https:\/\/diarioprincipios.com\/index.php\/2020\/03\/11\/ferraresi-inauguro-el-edificio-del-jardin-de-infantes-provincial-n-934-de-la-saladita\/"]}]},{"@type":"ImageObject","inLanguage":"es","@id":"https:\/\/diarioprincipios.com\/index.php\/2020\/03\/11\/ferraresi-inauguro-el-edificio-del-jardin-de-infantes-provincial-n-934-de-la-saladita\/#primaryimage","url":"https:\/\/diarioprincipios.com\/wp-content\/uploads\/2020\/03\/00ad3dd4-f7af-4ff7-a4e6-ee31242930eb.jpg","contentUrl":"https:\/\/diarioprincipios.com\/wp-content\/uploads\/2020\/03\/00ad3dd4-f7af-4ff7-a4e6-ee31242930eb.jpg","width":1280,"height":837},{"@type":"BreadcrumbList","@id":"https:\/\/diarioprincipios.com\/index.php\/2020\/03\/11\/ferraresi-inauguro-el-edificio-del-jardin-de-infantes-provincial-n-934-de-la-saladita\/#breadcrumb","itemListElement":[{"@type":"ListItem","position":1,"name":"Portada","item":"https:\/\/diarioprincipios.com\/"},{"@type":"ListItem","position":2,"name":"Ferraresi inaugur\u00f3 el edificio del Jard\u00edn de Infantes Provincial N\u00b0 934 de La Saladita"}]},{"@type":"WebSite","@id":"https:\/\/diarioprincipios.com\/#website","url":"https:\/\/diarioprincipios.com\/","name":"Principios","description":"Principios Diario","publisher":{"@id":"https:\/\/diarioprincipios.com\/#organization"},"potentialAction":[{"@type":"SearchAction","target":{"@type":"EntryPoint","urlTemplate":"https:\/\/diarioprincipios.com\/?s={search_term_string}"},"query-input":{"@type":"PropertyValueSpecification","valueRequired":true,"valueName":"search_term_string"}}],"inLanguage":"es"},{"@type":"Organization","@id":"https:\/\/diarioprincipios.com\/#organization","name":"Principios","url":"https:\/\/diarioprincipios.com\/","logo":{"@type":"ImageObject","inLanguage":"es","@id":"https:\/\/diarioprincipios.com\/#\/schema\/logo\/image\/","url":"https:\/\/diarioprincipios.com\/wp-content\/uploads\/2024\/04\/cropped-www.diarioprincipios.com_-1.png","contentUrl":"https:\/\/diarioprincipios.com\/wp-content\/uploads\/2024\/04\/cropped-www.diarioprincipios.com_-1.png","width":5325,"height":1454,"caption":"Principios"},"image":{"@id":"https:\/\/diarioprincipios.com\/#\/schema\/logo\/image\/"}},{"@type":"Person","@id":"https:\/\/diarioprincipios.com\/#\/schema\/person\/436d5a1fd41a5e250e23ff5a6a7cb080","name":"Hern\u00e1n L\u00f3pez","image":{"@type":"ImageObject","inLanguage":"es","@id":"https:\/\/diarioprincipios.com\/wp-content\/litespeed\/avatar\/11ddfe5610ff3bd100522525b2571f48.jpg?ver=1777653193","url":"https:\/\/diarioprincipios.com\/wp-content\/litespeed\/avatar\/11ddfe5610ff3bd100522525b2571f48.jpg?ver=1777653193","contentUrl":"https:\/\/diarioprincipios.com\/wp-content\/litespeed\/avatar\/11ddfe5610ff3bd100522525b2571f48.jpg?ver=1777653193","caption":"Hern\u00e1n L\u00f3pez"},"url":"https:\/\/diarioprincipios.com\/index.php\/author\/hernan\/"}]}},"jetpack_featured_media_url":"https:\/\/diarioprincipios.com\/wp-content\/uploads\/2020\/03\/00ad3dd4-f7af-4ff7-a4e6-ee31242930eb.jpg","_links":{"self":[{"href":"https:\/\/diarioprincipios.com\/index.php\/wp-json\/wp\/v2\/posts\/277","targetHints":{"allow":["GET"]}}],"collection":[{"href":"https:\/\/diarioprincipios.com\/index.php\/wp-json\/wp\/v2\/posts"}],"about":[{"href":"https:\/\/diarioprincipios.com\/index.php\/wp-json\/wp\/v2\/types\/post"}],"author":[{"embeddable":true,"href":"https:\/\/diarioprincipios.com\/index.php\/wp-json\/wp\/v2\/users\/2"}],"replies":[{"embeddable":true,"href":"https:\/\/diarioprincipios.com\/index.php\/wp-json\/wp\/v2\/comments?post=277"}],"version-history":[{"count":1,"href":"https:\/\/diarioprincipios.com\/index.php\/wp-json\/wp\/v2\/posts\/277\/revisions"}],"predecessor-version":[{"id":279,"href":"https:\/\/diarioprincipios.com\/index.php\/wp-json\/wp\/v2\/posts\/277\/revisions\/279"}],"wp:featuredmedia":[{"embeddable":true,"href":"https:\/\/diarioprincipios.com\/index.php\/wp-json\/wp\/v2\/media\/278"}],"wp:attachment":[{"href":"https:\/\/diarioprincipios.com\/index.php\/wp-json\/wp\/v2\/media?parent=277"}],"wp:term":[{"taxonomy":"category","embeddable":true,"href":"https:\/\/diarioprincipios.com\/index.php\/wp-json\/wp\/v2\/categories?post=277"},{"taxonomy":"post_tag","embeddable":true,"href":"https:\/\/diarioprincipios.com\/index.php\/wp-json\/wp\/v2\/tags?post=277"}],"curies":[{"name":"wp","href":"https:\/\/api.w.org\/{rel}","templated":true}]}}