{"id":2755,"date":"2020-06-11T11:56:45","date_gmt":"2020-06-11T14:56:45","guid":{"rendered":"http:\/\/diarioprincipios.com\/?p=2755"},"modified":"2020-06-11T11:56:59","modified_gmt":"2020-06-11T14:56:59","slug":"arba-amplia-el-plazo-para-abonar-impuestos-inmobiliario-urbano-automotores-y-planes-de-pagos","status":"publish","type":"post","link":"https:\/\/diarioprincipios.com\/index.php\/2020\/06\/11\/arba-amplia-el-plazo-para-abonar-impuestos-inmobiliario-urbano-automotores-y-planes-de-pagos\/","title":{"rendered":"ARBA ampl\u00eda el plazo para abonar impuestos Inmobiliario Urbano, Automotores y planes de pagos"},"content":{"rendered":"\n<p>La Agencia de Recaudaci\u00f3n de la provincia de Buenos Aires (ARBA) extendi\u00f3 el plazo para abonar en t\u00e9rmino los impuestos Inmobiliario, Automotores y las cuotas de los planes de pagos cuyo vencimiento operaba en el mes de junio, anunci\u00f3 hoy el director ejecutivo de ese organismo, Cristian Girard.<\/p>\n\n\n\n<p>En declaraciones a radio Provincia, Girard afirm\u00f3: \u201cDecidimos extender por 60 d\u00edas el plazo para abonar en t\u00e9rmino la tercera cuota del Impuesto Inmobiliario Urbano, en sus plantas edificadas y bald\u00eda, que venc\u00eda en el d\u00eda de hoy\u201d.<\/p>\n\n\n\n<p>Por consiguiente, los contribuyentes podr\u00e1n pagar en t\u00e9rmino ese tributo hasta el 10 de agosto pr\u00f3ximo.<\/p>\n\n\n\n<p>El titular de ARBA asegur\u00f3 que el beneficio incluye tambi\u00e9n al Impuesto a los Automotores al plantear que \u201cla reprogramaci\u00f3n alcanza a la segunda cuota cuyo vencimiento estaba previsto para el lunes 15 de junio. Ahora, podr\u00e1n abonarse hasta el 14 de agosto y acceder a bonificaciones de hasta 20% por pago en t\u00e9rmino\u201d.<\/p>\n\n\n\n<p>El funcionario subray\u00f3 que las medidas est\u00e1n alineadas con la voluntad del gobernador Axel Kicillof de \u201cacompa\u00f1ar el esfuerzo y compromiso que muestran todos los d\u00edas las y los bonaerenses al enfrentar las dificultades de la pandemia\u201d de coronavirus.<\/p>\n\n\n\n<p>Luego sostuvo que estos beneficios \u201ccontemplan la situaci\u00f3n de aquellos contribuyentes que tuvieron dificultades para generar ingresos en este tiempo de aislamiento, y les permite pagar sin intereses y con descuento\u201d.<\/p>\n\n\n\n<p>Asimismo, Girard explic\u00f3 que \u201cARBA tambi\u00e9n ampli\u00f3 por dos meses el plazo para cumplir con las cuotas y anticipos de planes de pago, pasando del 10 de junio al 10 de agosto\u00bb, y a\u00f1adi\u00f3 que la medida \u00ababarca tanto a las pymes como al resto de los contribuyentes adheridos a programas de regularizaci\u00f3n\u201d.<\/p>\n\n\n\n<p>Girard destac\u00f3 la importancia de que \u201cquienes puedan pagar lo sigan haciendo en las fechas previstas originalmente, como viene ocurriendo mayoritariamente\u201d, y remarc\u00f3 que \u201cla Provincia necesita recursos para atender la demanda sanitaria en este dif\u00edcil momento que enfrentamos\u201d.<\/p>\n\n\n\n<p>Seg\u00fan explic\u00f3, la Provincia recaud\u00f3 unos $7.500 millones menos de los esperado en mayo producto de la situaci\u00f3n que provoc\u00f3 la Covid-19, lo que representa una ca\u00edda del 25% respecto de lo que se esperaba recaudar en ese mes.<\/p>\n\n\n\n<p>El director de ARBA se\u00f1al\u00f3 que \u201cla pandemia afecta fuertemente la capacidad de recaudar\u201d, aunque \u201csi bien fue malo, el mes de mayo fue mejor que el anterior y esperamos que junio mejore\u201d, debido a la apertura de algunas actividades que influyen, sobre todo, en la recaudaci\u00f3n del impuesto a los Ingresos Brutos.<\/p>\n\n\n\n<p>\u201cLa decisi\u00f3n del gobernador es muy clara, preservamos la vida, y una vez garantizada se abren actividades asociadas a la producci\u00f3n, no a las actividades recreativas\u201d, concluy\u00f3.<\/p>\n\n\n\n<p>Seg\u00fan datos de la Agencia de Recaudaci\u00f3n, en la provincia de Buenos Aires hay registrados unos 2,5 millones de automotores que tributan ante ARBA, m\u00e1s de 5 millones de inmuebles edificados y casi 1,8 millones de terrenos bald\u00edos cuyos propietarios acceder\u00e1n al beneficio anunciado.<\/p>\n","protected":false},"excerpt":{"rendered":"<p>La Agencia de Recaudaci\u00f3n de la provincia de Buenos Aires (ARBA) extendi\u00f3 el plazo para abonar en t\u00e9rmino los impuestos Inmobiliario, Automotores y las cuotas de los planes de pagos cuyo vencimiento operaba en el mes de junio, anunci\u00f3 hoy el director ejecutivo de ese organismo, Cristian Girard. En declaraciones a radio Provincia, Girard afirm\u00f3:&#8230;<\/p>\n","protected":false},"author":2,"featured_media":1456,"comment_status":"open","ping_status":"open","sticky":false,"template":"","format":"standard","meta":{"footnotes":""},"categories":[7],"tags":[],"class_list":["post-2755","post","type-post","status-publish","format-standard","has-post-thumbnail","hentry","category-provincia"],"featured_image_src":"https:\/\/diarioprincipios.com\/wp-content\/uploads\/2020\/05\/unnamed.jpg","blog_images":{"medium":"https:\/\/diarioprincipios.com\/wp-content\/uploads\/2020\/05\/unnamed-300x168.jpg","large":"https:\/\/diarioprincipios.com\/wp-content\/uploads\/2020\/05\/unnamed.jpg"},"ams_acf":[],"yoast_head":"<!-- This site is optimized with the Yoast SEO plugin v27.3 - https:\/\/yoast.com\/product\/yoast-seo-wordpress\/ -->\n<title>ARBA ampl\u00eda el plazo para abonar impuestos Inmobiliario Urbano, Automotores y planes de pagos - Principios<\/title>\n<meta name=\"robots\" content=\"index, follow, max-snippet:-1, max-image-preview:large, max-video-preview:-1\" \/>\n<link rel=\"canonical\" href=\"https:\/\/diarioprincipios.com\/index.php\/2020\/06\/11\/arba-amplia-el-plazo-para-abonar-impuestos-inmobiliario-urbano-automotores-y-planes-de-pagos\/\" \/>\n<meta property=\"og:locale\" content=\"es_ES\" \/>\n<meta property=\"og:type\" content=\"article\" \/>\n<meta property=\"og:title\" content=\"ARBA ampl\u00eda el plazo para abonar impuestos Inmobiliario Urbano, Automotores y planes de pagos - Principios\" \/>\n<meta property=\"og:description\" content=\"La Agencia de Recaudaci\u00f3n de la provincia de Buenos Aires (ARBA) extendi\u00f3 el plazo para abonar en t\u00e9rmino los impuestos Inmobiliario, Automotores y las cuotas de los planes de pagos cuyo vencimiento operaba en el mes de junio, anunci\u00f3 hoy el director ejecutivo de ese organismo, Cristian Girard. En declaraciones a radio Provincia, Girard afirm\u00f3:...\" \/>\n<meta property=\"og:url\" content=\"https:\/\/diarioprincipios.com\/index.php\/2020\/06\/11\/arba-amplia-el-plazo-para-abonar-impuestos-inmobiliario-urbano-automotores-y-planes-de-pagos\/\" \/>\n<meta property=\"og:site_name\" content=\"Principios\" \/>\n<meta property=\"article:published_time\" content=\"2020-06-11T14:56:45+00:00\" \/>\n<meta property=\"article:modified_time\" content=\"2020-06-11T14:56:59+00:00\" \/>\n<meta property=\"og:image\" content=\"https:\/\/diarioprincipios.com\/wp-content\/uploads\/2020\/05\/unnamed.jpg\" \/>\n\t<meta property=\"og:image:width\" content=\"512\" \/>\n\t<meta property=\"og:image:height\" content=\"287\" \/>\n\t<meta property=\"og:image:type\" content=\"image\/jpeg\" \/>\n<meta name=\"author\" content=\"Hern\u00e1n L\u00f3pez\" \/>\n<meta name=\"twitter:card\" content=\"summary_large_image\" \/>\n<meta name=\"twitter:label1\" content=\"Escrito por\" \/>\n\t<meta name=\"twitter:data1\" content=\"Hern\u00e1n L\u00f3pez\" \/>\n\t<meta name=\"twitter:label2\" content=\"Tiempo de lectura\" \/>\n\t<meta name=\"twitter:data2\" content=\"3 minutos\" \/>\n<script type=\"application\/ld+json\" class=\"yoast-schema-graph\">{\"@context\":\"https:\\\/\\\/schema.org\",\"@graph\":[{\"@type\":\"Article\",\"@id\":\"https:\\\/\\\/diarioprincipios.com\\\/index.php\\\/2020\\\/06\\\/11\\\/arba-amplia-el-plazo-para-abonar-impuestos-inmobiliario-urbano-automotores-y-planes-de-pagos\\\/#article\",\"isPartOf\":{\"@id\":\"https:\\\/\\\/diarioprincipios.com\\\/index.php\\\/2020\\\/06\\\/11\\\/arba-amplia-el-plazo-para-abonar-impuestos-inmobiliario-urbano-automotores-y-planes-de-pagos\\\/\"},\"author\":{\"name\":\"Hern\u00e1n L\u00f3pez\",\"@id\":\"https:\\\/\\\/diarioprincipios.com\\\/#\\\/schema\\\/person\\\/436d5a1fd41a5e250e23ff5a6a7cb080\"},\"headline\":\"ARBA ampl\u00eda el plazo para abonar impuestos Inmobiliario Urbano, Automotores y planes de pagos\",\"datePublished\":\"2020-06-11T14:56:45+00:00\",\"dateModified\":\"2020-06-11T14:56:59+00:00\",\"mainEntityOfPage\":{\"@id\":\"https:\\\/\\\/diarioprincipios.com\\\/index.php\\\/2020\\\/06\\\/11\\\/arba-amplia-el-plazo-para-abonar-impuestos-inmobiliario-urbano-automotores-y-planes-de-pagos\\\/\"},\"wordCount\":518,\"commentCount\":0,\"publisher\":{\"@id\":\"https:\\\/\\\/diarioprincipios.com\\\/#organization\"},\"image\":{\"@id\":\"https:\\\/\\\/diarioprincipios.com\\\/index.php\\\/2020\\\/06\\\/11\\\/arba-amplia-el-plazo-para-abonar-impuestos-inmobiliario-urbano-automotores-y-planes-de-pagos\\\/#primaryimage\"},\"thumbnailUrl\":\"https:\\\/\\\/diarioprincipios.com\\\/wp-content\\\/uploads\\\/2020\\\/05\\\/unnamed.jpg\",\"articleSection\":[\"Provincia\"],\"inLanguage\":\"es\",\"potentialAction\":[{\"@type\":\"CommentAction\",\"name\":\"Comment\",\"target\":[\"https:\\\/\\\/diarioprincipios.com\\\/index.php\\\/2020\\\/06\\\/11\\\/arba-amplia-el-plazo-para-abonar-impuestos-inmobiliario-urbano-automotores-y-planes-de-pagos\\\/#respond\"]}]},{\"@type\":\"WebPage\",\"@id\":\"https:\\\/\\\/diarioprincipios.com\\\/index.php\\\/2020\\\/06\\\/11\\\/arba-amplia-el-plazo-para-abonar-impuestos-inmobiliario-urbano-automotores-y-planes-de-pagos\\\/\",\"url\":\"https:\\\/\\\/diarioprincipios.com\\\/index.php\\\/2020\\\/06\\\/11\\\/arba-amplia-el-plazo-para-abonar-impuestos-inmobiliario-urbano-automotores-y-planes-de-pagos\\\/\",\"name\":\"ARBA ampl\u00eda el plazo para abonar impuestos Inmobiliario Urbano, Automotores y planes de pagos - Principios\",\"isPartOf\":{\"@id\":\"https:\\\/\\\/diarioprincipios.com\\\/#website\"},\"primaryImageOfPage\":{\"@id\":\"https:\\\/\\\/diarioprincipios.com\\\/index.php\\\/2020\\\/06\\\/11\\\/arba-amplia-el-plazo-para-abonar-impuestos-inmobiliario-urbano-automotores-y-planes-de-pagos\\\/#primaryimage\"},\"image\":{\"@id\":\"https:\\\/\\\/diarioprincipios.com\\\/index.php\\\/2020\\\/06\\\/11\\\/arba-amplia-el-plazo-para-abonar-impuestos-inmobiliario-urbano-automotores-y-planes-de-pagos\\\/#primaryimage\"},\"thumbnailUrl\":\"https:\\\/\\\/diarioprincipios.com\\\/wp-content\\\/uploads\\\/2020\\\/05\\\/unnamed.jpg\",\"datePublished\":\"2020-06-11T14:56:45+00:00\",\"dateModified\":\"2020-06-11T14:56:59+00:00\",\"breadcrumb\":{\"@id\":\"https:\\\/\\\/diarioprincipios.com\\\/index.php\\\/2020\\\/06\\\/11\\\/arba-amplia-el-plazo-para-abonar-impuestos-inmobiliario-urbano-automotores-y-planes-de-pagos\\\/#breadcrumb\"},\"inLanguage\":\"es\",\"potentialAction\":[{\"@type\":\"ReadAction\",\"target\":[\"https:\\\/\\\/diarioprincipios.com\\\/index.php\\\/2020\\\/06\\\/11\\\/arba-amplia-el-plazo-para-abonar-impuestos-inmobiliario-urbano-automotores-y-planes-de-pagos\\\/\"]}]},{\"@type\":\"ImageObject\",\"inLanguage\":\"es\",\"@id\":\"https:\\\/\\\/diarioprincipios.com\\\/index.php\\\/2020\\\/06\\\/11\\\/arba-amplia-el-plazo-para-abonar-impuestos-inmobiliario-urbano-automotores-y-planes-de-pagos\\\/#primaryimage\",\"url\":\"https:\\\/\\\/diarioprincipios.com\\\/wp-content\\\/uploads\\\/2020\\\/05\\\/unnamed.jpg\",\"contentUrl\":\"https:\\\/\\\/diarioprincipios.com\\\/wp-content\\\/uploads\\\/2020\\\/05\\\/unnamed.jpg\",\"width\":512,\"height\":287},{\"@type\":\"BreadcrumbList\",\"@id\":\"https:\\\/\\\/diarioprincipios.com\\\/index.php\\\/2020\\\/06\\\/11\\\/arba-amplia-el-plazo-para-abonar-impuestos-inmobiliario-urbano-automotores-y-planes-de-pagos\\\/#breadcrumb\",\"itemListElement\":[{\"@type\":\"ListItem\",\"position\":1,\"name\":\"Portada\",\"item\":\"https:\\\/\\\/diarioprincipios.com\\\/\"},{\"@type\":\"ListItem\",\"position\":2,\"name\":\"ARBA ampl\u00eda el plazo para abonar impuestos Inmobiliario Urbano, Automotores y planes de pagos\"}]},{\"@type\":\"WebSite\",\"@id\":\"https:\\\/\\\/diarioprincipios.com\\\/#website\",\"url\":\"https:\\\/\\\/diarioprincipios.com\\\/\",\"name\":\"Principios\",\"description\":\"Principios Diario\",\"publisher\":{\"@id\":\"https:\\\/\\\/diarioprincipios.com\\\/#organization\"},\"potentialAction\":[{\"@type\":\"SearchAction\",\"target\":{\"@type\":\"EntryPoint\",\"urlTemplate\":\"https:\\\/\\\/diarioprincipios.com\\\/?s={search_term_string}\"},\"query-input\":{\"@type\":\"PropertyValueSpecification\",\"valueRequired\":true,\"valueName\":\"search_term_string\"}}],\"inLanguage\":\"es\"},{\"@type\":\"Organization\",\"@id\":\"https:\\\/\\\/diarioprincipios.com\\\/#organization\",\"name\":\"Principios\",\"url\":\"https:\\\/\\\/diarioprincipios.com\\\/\",\"logo\":{\"@type\":\"ImageObject\",\"inLanguage\":\"es\",\"@id\":\"https:\\\/\\\/diarioprincipios.com\\\/#\\\/schema\\\/logo\\\/image\\\/\",\"url\":\"https:\\\/\\\/diarioprincipios.com\\\/wp-content\\\/uploads\\\/2024\\\/04\\\/cropped-www.diarioprincipios.com_-1.png\",\"contentUrl\":\"https:\\\/\\\/diarioprincipios.com\\\/wp-content\\\/uploads\\\/2024\\\/04\\\/cropped-www.diarioprincipios.com_-1.png\",\"width\":5325,\"height\":1454,\"caption\":\"Principios\"},\"image\":{\"@id\":\"https:\\\/\\\/diarioprincipios.com\\\/#\\\/schema\\\/logo\\\/image\\\/\"}},{\"@type\":\"Person\",\"@id\":\"https:\\\/\\\/diarioprincipios.com\\\/#\\\/schema\\\/person\\\/436d5a1fd41a5e250e23ff5a6a7cb080\",\"name\":\"Hern\u00e1n L\u00f3pez\",\"image\":{\"@type\":\"ImageObject\",\"inLanguage\":\"es\",\"@id\":\"https:\\\/\\\/diarioprincipios.com\\\/wp-content\\\/litespeed\\\/avatar\\\/11ddfe5610ff3bd100522525b2571f48.jpg?ver=1777048341\",\"url\":\"https:\\\/\\\/diarioprincipios.com\\\/wp-content\\\/litespeed\\\/avatar\\\/11ddfe5610ff3bd100522525b2571f48.jpg?ver=1777048341\",\"contentUrl\":\"https:\\\/\\\/diarioprincipios.com\\\/wp-content\\\/litespeed\\\/avatar\\\/11ddfe5610ff3bd100522525b2571f48.jpg?ver=1777048341\",\"caption\":\"Hern\u00e1n L\u00f3pez\"},\"url\":\"https:\\\/\\\/diarioprincipios.com\\\/index.php\\\/author\\\/hernan\\\/\"}]}<\/script>\n<!-- \/ Yoast SEO plugin. -->","yoast_head_json":{"title":"ARBA ampl\u00eda el plazo para abonar impuestos Inmobiliario Urbano, Automotores y planes de pagos - Principios","robots":{"index":"index","follow":"follow","max-snippet":"max-snippet:-1","max-image-preview":"max-image-preview:large","max-video-preview":"max-video-preview:-1"},"canonical":"https:\/\/diarioprincipios.com\/index.php\/2020\/06\/11\/arba-amplia-el-plazo-para-abonar-impuestos-inmobiliario-urbano-automotores-y-planes-de-pagos\/","og_locale":"es_ES","og_type":"article","og_title":"ARBA ampl\u00eda el plazo para abonar impuestos Inmobiliario Urbano, Automotores y planes de pagos - Principios","og_description":"La Agencia de Recaudaci\u00f3n de la provincia de Buenos Aires (ARBA) extendi\u00f3 el plazo para abonar en t\u00e9rmino los impuestos Inmobiliario, Automotores y las cuotas de los planes de pagos cuyo vencimiento operaba en el mes de junio, anunci\u00f3 hoy el director ejecutivo de ese organismo, Cristian Girard. En declaraciones a radio Provincia, Girard afirm\u00f3:...","og_url":"https:\/\/diarioprincipios.com\/index.php\/2020\/06\/11\/arba-amplia-el-plazo-para-abonar-impuestos-inmobiliario-urbano-automotores-y-planes-de-pagos\/","og_site_name":"Principios","article_published_time":"2020-06-11T14:56:45+00:00","article_modified_time":"2020-06-11T14:56:59+00:00","og_image":[{"width":512,"height":287,"url":"https:\/\/diarioprincipios.com\/wp-content\/uploads\/2020\/05\/unnamed.jpg","type":"image\/jpeg"}],"author":"Hern\u00e1n L\u00f3pez","twitter_card":"summary_large_image","twitter_misc":{"Escrito por":"Hern\u00e1n L\u00f3pez","Tiempo de lectura":"3 minutos"},"schema":{"@context":"https:\/\/schema.org","@graph":[{"@type":"Article","@id":"https:\/\/diarioprincipios.com\/index.php\/2020\/06\/11\/arba-amplia-el-plazo-para-abonar-impuestos-inmobiliario-urbano-automotores-y-planes-de-pagos\/#article","isPartOf":{"@id":"https:\/\/diarioprincipios.com\/index.php\/2020\/06\/11\/arba-amplia-el-plazo-para-abonar-impuestos-inmobiliario-urbano-automotores-y-planes-de-pagos\/"},"author":{"name":"Hern\u00e1n L\u00f3pez","@id":"https:\/\/diarioprincipios.com\/#\/schema\/person\/436d5a1fd41a5e250e23ff5a6a7cb080"},"headline":"ARBA ampl\u00eda el plazo para abonar impuestos Inmobiliario Urbano, Automotores y planes de pagos","datePublished":"2020-06-11T14:56:45+00:00","dateModified":"2020-06-11T14:56:59+00:00","mainEntityOfPage":{"@id":"https:\/\/diarioprincipios.com\/index.php\/2020\/06\/11\/arba-amplia-el-plazo-para-abonar-impuestos-inmobiliario-urbano-automotores-y-planes-de-pagos\/"},"wordCount":518,"commentCount":0,"publisher":{"@id":"https:\/\/diarioprincipios.com\/#organization"},"image":{"@id":"https:\/\/diarioprincipios.com\/index.php\/2020\/06\/11\/arba-amplia-el-plazo-para-abonar-impuestos-inmobiliario-urbano-automotores-y-planes-de-pagos\/#primaryimage"},"thumbnailUrl":"https:\/\/diarioprincipios.com\/wp-content\/uploads\/2020\/05\/unnamed.jpg","articleSection":["Provincia"],"inLanguage":"es","potentialAction":[{"@type":"CommentAction","name":"Comment","target":["https:\/\/diarioprincipios.com\/index.php\/2020\/06\/11\/arba-amplia-el-plazo-para-abonar-impuestos-inmobiliario-urbano-automotores-y-planes-de-pagos\/#respond"]}]},{"@type":"WebPage","@id":"https:\/\/diarioprincipios.com\/index.php\/2020\/06\/11\/arba-amplia-el-plazo-para-abonar-impuestos-inmobiliario-urbano-automotores-y-planes-de-pagos\/","url":"https:\/\/diarioprincipios.com\/index.php\/2020\/06\/11\/arba-amplia-el-plazo-para-abonar-impuestos-inmobiliario-urbano-automotores-y-planes-de-pagos\/","name":"ARBA ampl\u00eda el plazo para abonar impuestos Inmobiliario Urbano, Automotores y planes de pagos - Principios","isPartOf":{"@id":"https:\/\/diarioprincipios.com\/#website"},"primaryImageOfPage":{"@id":"https:\/\/diarioprincipios.com\/index.php\/2020\/06\/11\/arba-amplia-el-plazo-para-abonar-impuestos-inmobiliario-urbano-automotores-y-planes-de-pagos\/#primaryimage"},"image":{"@id":"https:\/\/diarioprincipios.com\/index.php\/2020\/06\/11\/arba-amplia-el-plazo-para-abonar-impuestos-inmobiliario-urbano-automotores-y-planes-de-pagos\/#primaryimage"},"thumbnailUrl":"https:\/\/diarioprincipios.com\/wp-content\/uploads\/2020\/05\/unnamed.jpg","datePublished":"2020-06-11T14:56:45+00:00","dateModified":"2020-06-11T14:56:59+00:00","breadcrumb":{"@id":"https:\/\/diarioprincipios.com\/index.php\/2020\/06\/11\/arba-amplia-el-plazo-para-abonar-impuestos-inmobiliario-urbano-automotores-y-planes-de-pagos\/#breadcrumb"},"inLanguage":"es","potentialAction":[{"@type":"ReadAction","target":["https:\/\/diarioprincipios.com\/index.php\/2020\/06\/11\/arba-amplia-el-plazo-para-abonar-impuestos-inmobiliario-urbano-automotores-y-planes-de-pagos\/"]}]},{"@type":"ImageObject","inLanguage":"es","@id":"https:\/\/diarioprincipios.com\/index.php\/2020\/06\/11\/arba-amplia-el-plazo-para-abonar-impuestos-inmobiliario-urbano-automotores-y-planes-de-pagos\/#primaryimage","url":"https:\/\/diarioprincipios.com\/wp-content\/uploads\/2020\/05\/unnamed.jpg","contentUrl":"https:\/\/diarioprincipios.com\/wp-content\/uploads\/2020\/05\/unnamed.jpg","width":512,"height":287},{"@type":"BreadcrumbList","@id":"https:\/\/diarioprincipios.com\/index.php\/2020\/06\/11\/arba-amplia-el-plazo-para-abonar-impuestos-inmobiliario-urbano-automotores-y-planes-de-pagos\/#breadcrumb","itemListElement":[{"@type":"ListItem","position":1,"name":"Portada","item":"https:\/\/diarioprincipios.com\/"},{"@type":"ListItem","position":2,"name":"ARBA ampl\u00eda el plazo para abonar impuestos Inmobiliario Urbano, Automotores y planes de pagos"}]},{"@type":"WebSite","@id":"https:\/\/diarioprincipios.com\/#website","url":"https:\/\/diarioprincipios.com\/","name":"Principios","description":"Principios Diario","publisher":{"@id":"https:\/\/diarioprincipios.com\/#organization"},"potentialAction":[{"@type":"SearchAction","target":{"@type":"EntryPoint","urlTemplate":"https:\/\/diarioprincipios.com\/?s={search_term_string}"},"query-input":{"@type":"PropertyValueSpecification","valueRequired":true,"valueName":"search_term_string"}}],"inLanguage":"es"},{"@type":"Organization","@id":"https:\/\/diarioprincipios.com\/#organization","name":"Principios","url":"https:\/\/diarioprincipios.com\/","logo":{"@type":"ImageObject","inLanguage":"es","@id":"https:\/\/diarioprincipios.com\/#\/schema\/logo\/image\/","url":"https:\/\/diarioprincipios.com\/wp-content\/uploads\/2024\/04\/cropped-www.diarioprincipios.com_-1.png","contentUrl":"https:\/\/diarioprincipios.com\/wp-content\/uploads\/2024\/04\/cropped-www.diarioprincipios.com_-1.png","width":5325,"height":1454,"caption":"Principios"},"image":{"@id":"https:\/\/diarioprincipios.com\/#\/schema\/logo\/image\/"}},{"@type":"Person","@id":"https:\/\/diarioprincipios.com\/#\/schema\/person\/436d5a1fd41a5e250e23ff5a6a7cb080","name":"Hern\u00e1n L\u00f3pez","image":{"@type":"ImageObject","inLanguage":"es","@id":"https:\/\/diarioprincipios.com\/wp-content\/litespeed\/avatar\/11ddfe5610ff3bd100522525b2571f48.jpg?ver=1777048341","url":"https:\/\/diarioprincipios.com\/wp-content\/litespeed\/avatar\/11ddfe5610ff3bd100522525b2571f48.jpg?ver=1777048341","contentUrl":"https:\/\/diarioprincipios.com\/wp-content\/litespeed\/avatar\/11ddfe5610ff3bd100522525b2571f48.jpg?ver=1777048341","caption":"Hern\u00e1n L\u00f3pez"},"url":"https:\/\/diarioprincipios.com\/index.php\/author\/hernan\/"}]}},"jetpack_featured_media_url":"https:\/\/diarioprincipios.com\/wp-content\/uploads\/2020\/05\/unnamed.jpg","_links":{"self":[{"href":"https:\/\/diarioprincipios.com\/index.php\/wp-json\/wp\/v2\/posts\/2755","targetHints":{"allow":["GET"]}}],"collection":[{"href":"https:\/\/diarioprincipios.com\/index.php\/wp-json\/wp\/v2\/posts"}],"about":[{"href":"https:\/\/diarioprincipios.com\/index.php\/wp-json\/wp\/v2\/types\/post"}],"author":[{"embeddable":true,"href":"https:\/\/diarioprincipios.com\/index.php\/wp-json\/wp\/v2\/users\/2"}],"replies":[{"embeddable":true,"href":"https:\/\/diarioprincipios.com\/index.php\/wp-json\/wp\/v2\/comments?post=2755"}],"version-history":[{"count":1,"href":"https:\/\/diarioprincipios.com\/index.php\/wp-json\/wp\/v2\/posts\/2755\/revisions"}],"predecessor-version":[{"id":2756,"href":"https:\/\/diarioprincipios.com\/index.php\/wp-json\/wp\/v2\/posts\/2755\/revisions\/2756"}],"wp:featuredmedia":[{"embeddable":true,"href":"https:\/\/diarioprincipios.com\/index.php\/wp-json\/wp\/v2\/media\/1456"}],"wp:attachment":[{"href":"https:\/\/diarioprincipios.com\/index.php\/wp-json\/wp\/v2\/media?parent=2755"}],"wp:term":[{"taxonomy":"category","embeddable":true,"href":"https:\/\/diarioprincipios.com\/index.php\/wp-json\/wp\/v2\/categories?post=2755"},{"taxonomy":"post_tag","embeddable":true,"href":"https:\/\/diarioprincipios.com\/index.php\/wp-json\/wp\/v2\/tags?post=2755"}],"curies":[{"name":"wp","href":"https:\/\/api.w.org\/{rel}","templated":true}]}}