{"id":2732,"date":"2020-06-10T18:58:43","date_gmt":"2020-06-10T21:58:43","guid":{"rendered":"http:\/\/diarioprincipios.com\/?p=2732"},"modified":"2020-06-10T18:58:47","modified_gmt":"2020-06-10T21:58:47","slug":"kicillof-anuncio-asistencia-a-municipios-para-pacientes-extrahospitalarios-con-coronavirus","status":"publish","type":"post","link":"https:\/\/diarioprincipios.com\/index.php\/2020\/06\/10\/kicillof-anuncio-asistencia-a-municipios-para-pacientes-extrahospitalarios-con-coronavirus\/","title":{"rendered":"Kicillof anunci\u00f3 asistencia a municipios para pacientes extrahospitalarios con coronavirus"},"content":{"rendered":"\n<p>El gobernador bonaerense, Axel Kicillof, anunci\u00f3 hoy que la provincia otorgar\u00e1 una asistencia financiera a los municipios para que hagan frente a los gastos que demande la atenci\u00f3n sanitaria de pacientes con coronavirus que no requieran internaci\u00f3n y deban ser asistidos en centros de aislamiento extrahospitalarios.<\/p>\n\n\n\n<p>Durante una teleconferencia que mantuvo con intendentes bonaerenses, Kicillof anunci\u00f3 que se transferir\u00e1n dos mil pesos diarios por cada plaza efectivamente utilizada, en concepto de aportes no reintegrables, a trav\u00e9s del Ministerio de Salud provincial.<\/p>\n\n\n\n<p>Para ello, el programa de asistencia establecer\u00e1 un \u00abRegistro \u00danico de Establecimientos de Aislamiento Extrahospitalario\u00bb con el fin de mantener actualizada la cantidad de camas disponibles, inform\u00f3 la gobernaci\u00f3n provincial.<\/p>\n\n\n\n<p>\u00abEstamos dispuestos a invertir lo necesario para que las y los bonaerenses que sufran coronavirus sean tratados y reconocer as\u00ed su derecho a que el Estado los asista cuando est\u00e1n enfermos\u00bb, afirm\u00f3 Kicillof.<\/p>\n\n\n\n<p>Agreg\u00f3 que \u00abse ha trabajado fuertemente con los intendentes en la instalaci\u00f3n de centros de recuperaci\u00f3n para pacientes leves, incrementando entre 10.000 y 15.000 el n\u00famero de camas disponibles para su tratamiento\u00bb.<\/p>\n\n\n\n<p>Por su parte, el ministro de Salud, Daniel Gollan, destac\u00f3 el trabajo en conjunto que viene realizando la Provincia con los distritos para mantener preparado el sistema de salud de cada regi\u00f3n.<\/p>\n\n\n\n<p>\u00abLa idea es construir un sistema solidario donde nos vayamos compensando en la medida que lo necesitemos\u00bb, grafic\u00f3.<\/p>\n\n\n\n<p>Seg\u00fan se detall\u00f3, los centros de aislamiento deber\u00e1n cumplir con estrictos protocolos de funcionamiento, medidas de seguridad, higiene y limpieza, como as\u00ed tambi\u00e9n servicios adecuados de alimentaci\u00f3n y atenci\u00f3n m\u00e9dica.<\/p>\n","protected":false},"excerpt":{"rendered":"<p>El gobernador bonaerense, Axel Kicillof, anunci\u00f3 hoy que la provincia otorgar\u00e1 una asistencia financiera a los municipios para que hagan frente a los gastos que demande la atenci\u00f3n sanitaria de pacientes con coronavirus que no requieran internaci\u00f3n y deban ser asistidos en centros de aislamiento extrahospitalarios. Durante una teleconferencia que mantuvo con intendentes bonaerenses, Kicillof&#8230;<\/p>\n","protected":false},"author":2,"featured_media":2733,"comment_status":"open","ping_status":"open","sticky":false,"template":"","format":"standard","meta":{"footnotes":""},"categories":[7],"tags":[],"class_list":["post-2732","post","type-post","status-publish","format-standard","has-post-thumbnail","hentry","category-provincia"],"featured_image_src":"https:\/\/diarioprincipios.com\/wp-content\/uploads\/2020\/06\/kicillof-extendio-el-plazo-de-negociacion-por-la-deuda-961993.jpg","blog_images":{"medium":"https:\/\/diarioprincipios.com\/wp-content\/uploads\/2020\/06\/kicillof-extendio-el-plazo-de-negociacion-por-la-deuda-961993-300x206.jpg","large":"https:\/\/diarioprincipios.com\/wp-content\/uploads\/2020\/06\/kicillof-extendio-el-plazo-de-negociacion-por-la-deuda-961993.jpg"},"ams_acf":[],"yoast_head":"<!-- This site is optimized with the Yoast SEO plugin v27.3 - https:\/\/yoast.com\/product\/yoast-seo-wordpress\/ -->\n<title>Kicillof anunci\u00f3 asistencia a municipios para pacientes extrahospitalarios con coronavirus - Principios<\/title>\n<meta name=\"robots\" content=\"index, follow, max-snippet:-1, max-image-preview:large, max-video-preview:-1\" \/>\n<link rel=\"canonical\" href=\"https:\/\/diarioprincipios.com\/index.php\/2020\/06\/10\/kicillof-anuncio-asistencia-a-municipios-para-pacientes-extrahospitalarios-con-coronavirus\/\" \/>\n<meta property=\"og:locale\" content=\"es_ES\" \/>\n<meta property=\"og:type\" content=\"article\" \/>\n<meta property=\"og:title\" content=\"Kicillof anunci\u00f3 asistencia a municipios para pacientes extrahospitalarios con coronavirus - Principios\" \/>\n<meta property=\"og:description\" content=\"El gobernador bonaerense, Axel Kicillof, anunci\u00f3 hoy que la provincia otorgar\u00e1 una asistencia financiera a los municipios para que hagan frente a los gastos que demande la atenci\u00f3n sanitaria de pacientes con coronavirus que no requieran internaci\u00f3n y deban ser asistidos en centros de aislamiento extrahospitalarios. Durante una teleconferencia que mantuvo con intendentes bonaerenses, Kicillof...\" \/>\n<meta property=\"og:url\" content=\"https:\/\/diarioprincipios.com\/index.php\/2020\/06\/10\/kicillof-anuncio-asistencia-a-municipios-para-pacientes-extrahospitalarios-con-coronavirus\/\" \/>\n<meta property=\"og:site_name\" content=\"Principios\" \/>\n<meta property=\"article:published_time\" content=\"2020-06-10T21:58:43+00:00\" \/>\n<meta property=\"article:modified_time\" content=\"2020-06-10T21:58:47+00:00\" \/>\n<meta property=\"og:image\" content=\"https:\/\/diarioprincipios.com\/wp-content\/uploads\/2020\/06\/kicillof-extendio-el-plazo-de-negociacion-por-la-deuda-961993.jpg\" \/>\n\t<meta property=\"og:image:width\" content=\"728\" \/>\n\t<meta property=\"og:image:height\" content=\"500\" \/>\n\t<meta property=\"og:image:type\" content=\"image\/jpeg\" \/>\n<meta name=\"author\" content=\"Hern\u00e1n L\u00f3pez\" \/>\n<meta name=\"twitter:card\" content=\"summary_large_image\" \/>\n<meta name=\"twitter:label1\" content=\"Escrito por\" \/>\n\t<meta name=\"twitter:data1\" content=\"Hern\u00e1n L\u00f3pez\" \/>\n\t<meta name=\"twitter:label2\" content=\"Tiempo de lectura\" \/>\n\t<meta name=\"twitter:data2\" content=\"1 minuto\" \/>\n<script type=\"application\/ld+json\" class=\"yoast-schema-graph\">{\"@context\":\"https:\\\/\\\/schema.org\",\"@graph\":[{\"@type\":\"Article\",\"@id\":\"https:\\\/\\\/diarioprincipios.com\\\/index.php\\\/2020\\\/06\\\/10\\\/kicillof-anuncio-asistencia-a-municipios-para-pacientes-extrahospitalarios-con-coronavirus\\\/#article\",\"isPartOf\":{\"@id\":\"https:\\\/\\\/diarioprincipios.com\\\/index.php\\\/2020\\\/06\\\/10\\\/kicillof-anuncio-asistencia-a-municipios-para-pacientes-extrahospitalarios-con-coronavirus\\\/\"},\"author\":{\"name\":\"Hern\u00e1n L\u00f3pez\",\"@id\":\"https:\\\/\\\/diarioprincipios.com\\\/#\\\/schema\\\/person\\\/436d5a1fd41a5e250e23ff5a6a7cb080\"},\"headline\":\"Kicillof anunci\u00f3 asistencia a municipios para pacientes extrahospitalarios con coronavirus\",\"datePublished\":\"2020-06-10T21:58:43+00:00\",\"dateModified\":\"2020-06-10T21:58:47+00:00\",\"mainEntityOfPage\":{\"@id\":\"https:\\\/\\\/diarioprincipios.com\\\/index.php\\\/2020\\\/06\\\/10\\\/kicillof-anuncio-asistencia-a-municipios-para-pacientes-extrahospitalarios-con-coronavirus\\\/\"},\"wordCount\":280,\"commentCount\":0,\"publisher\":{\"@id\":\"https:\\\/\\\/diarioprincipios.com\\\/#organization\"},\"image\":{\"@id\":\"https:\\\/\\\/diarioprincipios.com\\\/index.php\\\/2020\\\/06\\\/10\\\/kicillof-anuncio-asistencia-a-municipios-para-pacientes-extrahospitalarios-con-coronavirus\\\/#primaryimage\"},\"thumbnailUrl\":\"https:\\\/\\\/diarioprincipios.com\\\/wp-content\\\/uploads\\\/2020\\\/06\\\/kicillof-extendio-el-plazo-de-negociacion-por-la-deuda-961993.jpg\",\"articleSection\":[\"Provincia\"],\"inLanguage\":\"es\",\"potentialAction\":[{\"@type\":\"CommentAction\",\"name\":\"Comment\",\"target\":[\"https:\\\/\\\/diarioprincipios.com\\\/index.php\\\/2020\\\/06\\\/10\\\/kicillof-anuncio-asistencia-a-municipios-para-pacientes-extrahospitalarios-con-coronavirus\\\/#respond\"]}]},{\"@type\":\"WebPage\",\"@id\":\"https:\\\/\\\/diarioprincipios.com\\\/index.php\\\/2020\\\/06\\\/10\\\/kicillof-anuncio-asistencia-a-municipios-para-pacientes-extrahospitalarios-con-coronavirus\\\/\",\"url\":\"https:\\\/\\\/diarioprincipios.com\\\/index.php\\\/2020\\\/06\\\/10\\\/kicillof-anuncio-asistencia-a-municipios-para-pacientes-extrahospitalarios-con-coronavirus\\\/\",\"name\":\"Kicillof anunci\u00f3 asistencia a municipios para pacientes extrahospitalarios con coronavirus - Principios\",\"isPartOf\":{\"@id\":\"https:\\\/\\\/diarioprincipios.com\\\/#website\"},\"primaryImageOfPage\":{\"@id\":\"https:\\\/\\\/diarioprincipios.com\\\/index.php\\\/2020\\\/06\\\/10\\\/kicillof-anuncio-asistencia-a-municipios-para-pacientes-extrahospitalarios-con-coronavirus\\\/#primaryimage\"},\"image\":{\"@id\":\"https:\\\/\\\/diarioprincipios.com\\\/index.php\\\/2020\\\/06\\\/10\\\/kicillof-anuncio-asistencia-a-municipios-para-pacientes-extrahospitalarios-con-coronavirus\\\/#primaryimage\"},\"thumbnailUrl\":\"https:\\\/\\\/diarioprincipios.com\\\/wp-content\\\/uploads\\\/2020\\\/06\\\/kicillof-extendio-el-plazo-de-negociacion-por-la-deuda-961993.jpg\",\"datePublished\":\"2020-06-10T21:58:43+00:00\",\"dateModified\":\"2020-06-10T21:58:47+00:00\",\"breadcrumb\":{\"@id\":\"https:\\\/\\\/diarioprincipios.com\\\/index.php\\\/2020\\\/06\\\/10\\\/kicillof-anuncio-asistencia-a-municipios-para-pacientes-extrahospitalarios-con-coronavirus\\\/#breadcrumb\"},\"inLanguage\":\"es\",\"potentialAction\":[{\"@type\":\"ReadAction\",\"target\":[\"https:\\\/\\\/diarioprincipios.com\\\/index.php\\\/2020\\\/06\\\/10\\\/kicillof-anuncio-asistencia-a-municipios-para-pacientes-extrahospitalarios-con-coronavirus\\\/\"]}]},{\"@type\":\"ImageObject\",\"inLanguage\":\"es\",\"@id\":\"https:\\\/\\\/diarioprincipios.com\\\/index.php\\\/2020\\\/06\\\/10\\\/kicillof-anuncio-asistencia-a-municipios-para-pacientes-extrahospitalarios-con-coronavirus\\\/#primaryimage\",\"url\":\"https:\\\/\\\/diarioprincipios.com\\\/wp-content\\\/uploads\\\/2020\\\/06\\\/kicillof-extendio-el-plazo-de-negociacion-por-la-deuda-961993.jpg\",\"contentUrl\":\"https:\\\/\\\/diarioprincipios.com\\\/wp-content\\\/uploads\\\/2020\\\/06\\\/kicillof-extendio-el-plazo-de-negociacion-por-la-deuda-961993.jpg\",\"width\":728,\"height\":500},{\"@type\":\"BreadcrumbList\",\"@id\":\"https:\\\/\\\/diarioprincipios.com\\\/index.php\\\/2020\\\/06\\\/10\\\/kicillof-anuncio-asistencia-a-municipios-para-pacientes-extrahospitalarios-con-coronavirus\\\/#breadcrumb\",\"itemListElement\":[{\"@type\":\"ListItem\",\"position\":1,\"name\":\"Portada\",\"item\":\"https:\\\/\\\/diarioprincipios.com\\\/\"},{\"@type\":\"ListItem\",\"position\":2,\"name\":\"Kicillof anunci\u00f3 asistencia a municipios para pacientes extrahospitalarios con coronavirus\"}]},{\"@type\":\"WebSite\",\"@id\":\"https:\\\/\\\/diarioprincipios.com\\\/#website\",\"url\":\"https:\\\/\\\/diarioprincipios.com\\\/\",\"name\":\"Principios\",\"description\":\"Principios Diario\",\"publisher\":{\"@id\":\"https:\\\/\\\/diarioprincipios.com\\\/#organization\"},\"potentialAction\":[{\"@type\":\"SearchAction\",\"target\":{\"@type\":\"EntryPoint\",\"urlTemplate\":\"https:\\\/\\\/diarioprincipios.com\\\/?s={search_term_string}\"},\"query-input\":{\"@type\":\"PropertyValueSpecification\",\"valueRequired\":true,\"valueName\":\"search_term_string\"}}],\"inLanguage\":\"es\"},{\"@type\":\"Organization\",\"@id\":\"https:\\\/\\\/diarioprincipios.com\\\/#organization\",\"name\":\"Principios\",\"url\":\"https:\\\/\\\/diarioprincipios.com\\\/\",\"logo\":{\"@type\":\"ImageObject\",\"inLanguage\":\"es\",\"@id\":\"https:\\\/\\\/diarioprincipios.com\\\/#\\\/schema\\\/logo\\\/image\\\/\",\"url\":\"https:\\\/\\\/diarioprincipios.com\\\/wp-content\\\/uploads\\\/2024\\\/04\\\/cropped-www.diarioprincipios.com_-1.png\",\"contentUrl\":\"https:\\\/\\\/diarioprincipios.com\\\/wp-content\\\/uploads\\\/2024\\\/04\\\/cropped-www.diarioprincipios.com_-1.png\",\"width\":5325,\"height\":1454,\"caption\":\"Principios\"},\"image\":{\"@id\":\"https:\\\/\\\/diarioprincipios.com\\\/#\\\/schema\\\/logo\\\/image\\\/\"}},{\"@type\":\"Person\",\"@id\":\"https:\\\/\\\/diarioprincipios.com\\\/#\\\/schema\\\/person\\\/436d5a1fd41a5e250e23ff5a6a7cb080\",\"name\":\"Hern\u00e1n L\u00f3pez\",\"image\":{\"@type\":\"ImageObject\",\"inLanguage\":\"es\",\"@id\":\"https:\\\/\\\/diarioprincipios.com\\\/wp-content\\\/litespeed\\\/avatar\\\/11ddfe5610ff3bd100522525b2571f48.jpg?ver=1777653193\",\"url\":\"https:\\\/\\\/diarioprincipios.com\\\/wp-content\\\/litespeed\\\/avatar\\\/11ddfe5610ff3bd100522525b2571f48.jpg?ver=1777653193\",\"contentUrl\":\"https:\\\/\\\/diarioprincipios.com\\\/wp-content\\\/litespeed\\\/avatar\\\/11ddfe5610ff3bd100522525b2571f48.jpg?ver=1777653193\",\"caption\":\"Hern\u00e1n L\u00f3pez\"},\"url\":\"https:\\\/\\\/diarioprincipios.com\\\/index.php\\\/author\\\/hernan\\\/\"}]}<\/script>\n<!-- \/ Yoast SEO plugin. -->","yoast_head_json":{"title":"Kicillof anunci\u00f3 asistencia a municipios para pacientes extrahospitalarios con coronavirus - Principios","robots":{"index":"index","follow":"follow","max-snippet":"max-snippet:-1","max-image-preview":"max-image-preview:large","max-video-preview":"max-video-preview:-1"},"canonical":"https:\/\/diarioprincipios.com\/index.php\/2020\/06\/10\/kicillof-anuncio-asistencia-a-municipios-para-pacientes-extrahospitalarios-con-coronavirus\/","og_locale":"es_ES","og_type":"article","og_title":"Kicillof anunci\u00f3 asistencia a municipios para pacientes extrahospitalarios con coronavirus - Principios","og_description":"El gobernador bonaerense, Axel Kicillof, anunci\u00f3 hoy que la provincia otorgar\u00e1 una asistencia financiera a los municipios para que hagan frente a los gastos que demande la atenci\u00f3n sanitaria de pacientes con coronavirus que no requieran internaci\u00f3n y deban ser asistidos en centros de aislamiento extrahospitalarios. Durante una teleconferencia que mantuvo con intendentes bonaerenses, Kicillof...","og_url":"https:\/\/diarioprincipios.com\/index.php\/2020\/06\/10\/kicillof-anuncio-asistencia-a-municipios-para-pacientes-extrahospitalarios-con-coronavirus\/","og_site_name":"Principios","article_published_time":"2020-06-10T21:58:43+00:00","article_modified_time":"2020-06-10T21:58:47+00:00","og_image":[{"width":728,"height":500,"url":"https:\/\/diarioprincipios.com\/wp-content\/uploads\/2020\/06\/kicillof-extendio-el-plazo-de-negociacion-por-la-deuda-961993.jpg","type":"image\/jpeg"}],"author":"Hern\u00e1n L\u00f3pez","twitter_card":"summary_large_image","twitter_misc":{"Escrito por":"Hern\u00e1n L\u00f3pez","Tiempo de lectura":"1 minuto"},"schema":{"@context":"https:\/\/schema.org","@graph":[{"@type":"Article","@id":"https:\/\/diarioprincipios.com\/index.php\/2020\/06\/10\/kicillof-anuncio-asistencia-a-municipios-para-pacientes-extrahospitalarios-con-coronavirus\/#article","isPartOf":{"@id":"https:\/\/diarioprincipios.com\/index.php\/2020\/06\/10\/kicillof-anuncio-asistencia-a-municipios-para-pacientes-extrahospitalarios-con-coronavirus\/"},"author":{"name":"Hern\u00e1n L\u00f3pez","@id":"https:\/\/diarioprincipios.com\/#\/schema\/person\/436d5a1fd41a5e250e23ff5a6a7cb080"},"headline":"Kicillof anunci\u00f3 asistencia a municipios para pacientes extrahospitalarios con coronavirus","datePublished":"2020-06-10T21:58:43+00:00","dateModified":"2020-06-10T21:58:47+00:00","mainEntityOfPage":{"@id":"https:\/\/diarioprincipios.com\/index.php\/2020\/06\/10\/kicillof-anuncio-asistencia-a-municipios-para-pacientes-extrahospitalarios-con-coronavirus\/"},"wordCount":280,"commentCount":0,"publisher":{"@id":"https:\/\/diarioprincipios.com\/#organization"},"image":{"@id":"https:\/\/diarioprincipios.com\/index.php\/2020\/06\/10\/kicillof-anuncio-asistencia-a-municipios-para-pacientes-extrahospitalarios-con-coronavirus\/#primaryimage"},"thumbnailUrl":"https:\/\/diarioprincipios.com\/wp-content\/uploads\/2020\/06\/kicillof-extendio-el-plazo-de-negociacion-por-la-deuda-961993.jpg","articleSection":["Provincia"],"inLanguage":"es","potentialAction":[{"@type":"CommentAction","name":"Comment","target":["https:\/\/diarioprincipios.com\/index.php\/2020\/06\/10\/kicillof-anuncio-asistencia-a-municipios-para-pacientes-extrahospitalarios-con-coronavirus\/#respond"]}]},{"@type":"WebPage","@id":"https:\/\/diarioprincipios.com\/index.php\/2020\/06\/10\/kicillof-anuncio-asistencia-a-municipios-para-pacientes-extrahospitalarios-con-coronavirus\/","url":"https:\/\/diarioprincipios.com\/index.php\/2020\/06\/10\/kicillof-anuncio-asistencia-a-municipios-para-pacientes-extrahospitalarios-con-coronavirus\/","name":"Kicillof anunci\u00f3 asistencia a municipios para pacientes extrahospitalarios con coronavirus - Principios","isPartOf":{"@id":"https:\/\/diarioprincipios.com\/#website"},"primaryImageOfPage":{"@id":"https:\/\/diarioprincipios.com\/index.php\/2020\/06\/10\/kicillof-anuncio-asistencia-a-municipios-para-pacientes-extrahospitalarios-con-coronavirus\/#primaryimage"},"image":{"@id":"https:\/\/diarioprincipios.com\/index.php\/2020\/06\/10\/kicillof-anuncio-asistencia-a-municipios-para-pacientes-extrahospitalarios-con-coronavirus\/#primaryimage"},"thumbnailUrl":"https:\/\/diarioprincipios.com\/wp-content\/uploads\/2020\/06\/kicillof-extendio-el-plazo-de-negociacion-por-la-deuda-961993.jpg","datePublished":"2020-06-10T21:58:43+00:00","dateModified":"2020-06-10T21:58:47+00:00","breadcrumb":{"@id":"https:\/\/diarioprincipios.com\/index.php\/2020\/06\/10\/kicillof-anuncio-asistencia-a-municipios-para-pacientes-extrahospitalarios-con-coronavirus\/#breadcrumb"},"inLanguage":"es","potentialAction":[{"@type":"ReadAction","target":["https:\/\/diarioprincipios.com\/index.php\/2020\/06\/10\/kicillof-anuncio-asistencia-a-municipios-para-pacientes-extrahospitalarios-con-coronavirus\/"]}]},{"@type":"ImageObject","inLanguage":"es","@id":"https:\/\/diarioprincipios.com\/index.php\/2020\/06\/10\/kicillof-anuncio-asistencia-a-municipios-para-pacientes-extrahospitalarios-con-coronavirus\/#primaryimage","url":"https:\/\/diarioprincipios.com\/wp-content\/uploads\/2020\/06\/kicillof-extendio-el-plazo-de-negociacion-por-la-deuda-961993.jpg","contentUrl":"https:\/\/diarioprincipios.com\/wp-content\/uploads\/2020\/06\/kicillof-extendio-el-plazo-de-negociacion-por-la-deuda-961993.jpg","width":728,"height":500},{"@type":"BreadcrumbList","@id":"https:\/\/diarioprincipios.com\/index.php\/2020\/06\/10\/kicillof-anuncio-asistencia-a-municipios-para-pacientes-extrahospitalarios-con-coronavirus\/#breadcrumb","itemListElement":[{"@type":"ListItem","position":1,"name":"Portada","item":"https:\/\/diarioprincipios.com\/"},{"@type":"ListItem","position":2,"name":"Kicillof anunci\u00f3 asistencia a municipios para pacientes extrahospitalarios con coronavirus"}]},{"@type":"WebSite","@id":"https:\/\/diarioprincipios.com\/#website","url":"https:\/\/diarioprincipios.com\/","name":"Principios","description":"Principios Diario","publisher":{"@id":"https:\/\/diarioprincipios.com\/#organization"},"potentialAction":[{"@type":"SearchAction","target":{"@type":"EntryPoint","urlTemplate":"https:\/\/diarioprincipios.com\/?s={search_term_string}"},"query-input":{"@type":"PropertyValueSpecification","valueRequired":true,"valueName":"search_term_string"}}],"inLanguage":"es"},{"@type":"Organization","@id":"https:\/\/diarioprincipios.com\/#organization","name":"Principios","url":"https:\/\/diarioprincipios.com\/","logo":{"@type":"ImageObject","inLanguage":"es","@id":"https:\/\/diarioprincipios.com\/#\/schema\/logo\/image\/","url":"https:\/\/diarioprincipios.com\/wp-content\/uploads\/2024\/04\/cropped-www.diarioprincipios.com_-1.png","contentUrl":"https:\/\/diarioprincipios.com\/wp-content\/uploads\/2024\/04\/cropped-www.diarioprincipios.com_-1.png","width":5325,"height":1454,"caption":"Principios"},"image":{"@id":"https:\/\/diarioprincipios.com\/#\/schema\/logo\/image\/"}},{"@type":"Person","@id":"https:\/\/diarioprincipios.com\/#\/schema\/person\/436d5a1fd41a5e250e23ff5a6a7cb080","name":"Hern\u00e1n L\u00f3pez","image":{"@type":"ImageObject","inLanguage":"es","@id":"https:\/\/diarioprincipios.com\/wp-content\/litespeed\/avatar\/11ddfe5610ff3bd100522525b2571f48.jpg?ver=1777653193","url":"https:\/\/diarioprincipios.com\/wp-content\/litespeed\/avatar\/11ddfe5610ff3bd100522525b2571f48.jpg?ver=1777653193","contentUrl":"https:\/\/diarioprincipios.com\/wp-content\/litespeed\/avatar\/11ddfe5610ff3bd100522525b2571f48.jpg?ver=1777653193","caption":"Hern\u00e1n L\u00f3pez"},"url":"https:\/\/diarioprincipios.com\/index.php\/author\/hernan\/"}]}},"jetpack_featured_media_url":"https:\/\/diarioprincipios.com\/wp-content\/uploads\/2020\/06\/kicillof-extendio-el-plazo-de-negociacion-por-la-deuda-961993.jpg","_links":{"self":[{"href":"https:\/\/diarioprincipios.com\/index.php\/wp-json\/wp\/v2\/posts\/2732","targetHints":{"allow":["GET"]}}],"collection":[{"href":"https:\/\/diarioprincipios.com\/index.php\/wp-json\/wp\/v2\/posts"}],"about":[{"href":"https:\/\/diarioprincipios.com\/index.php\/wp-json\/wp\/v2\/types\/post"}],"author":[{"embeddable":true,"href":"https:\/\/diarioprincipios.com\/index.php\/wp-json\/wp\/v2\/users\/2"}],"replies":[{"embeddable":true,"href":"https:\/\/diarioprincipios.com\/index.php\/wp-json\/wp\/v2\/comments?post=2732"}],"version-history":[{"count":1,"href":"https:\/\/diarioprincipios.com\/index.php\/wp-json\/wp\/v2\/posts\/2732\/revisions"}],"predecessor-version":[{"id":2734,"href":"https:\/\/diarioprincipios.com\/index.php\/wp-json\/wp\/v2\/posts\/2732\/revisions\/2734"}],"wp:featuredmedia":[{"embeddable":true,"href":"https:\/\/diarioprincipios.com\/index.php\/wp-json\/wp\/v2\/media\/2733"}],"wp:attachment":[{"href":"https:\/\/diarioprincipios.com\/index.php\/wp-json\/wp\/v2\/media?parent=2732"}],"wp:term":[{"taxonomy":"category","embeddable":true,"href":"https:\/\/diarioprincipios.com\/index.php\/wp-json\/wp\/v2\/categories?post=2732"},{"taxonomy":"post_tag","embeddable":true,"href":"https:\/\/diarioprincipios.com\/index.php\/wp-json\/wp\/v2\/tags?post=2732"}],"curies":[{"name":"wp","href":"https:\/\/api.w.org\/{rel}","templated":true}]}}