{"id":2730,"date":"2020-06-10T16:19:48","date_gmt":"2020-06-10T19:19:48","guid":{"rendered":"http:\/\/diarioprincipios.com\/?p=2730"},"modified":"2020-06-10T16:19:53","modified_gmt":"2020-06-10T19:19:53","slug":"con-fondos-nacionales-mussi-realizara-obras-para-mejorar-el-abastecimiento-de-agua-potable","status":"publish","type":"post","link":"https:\/\/diarioprincipios.com\/index.php\/2020\/06\/10\/con-fondos-nacionales-mussi-realizara-obras-para-mejorar-el-abastecimiento-de-agua-potable\/","title":{"rendered":"Con fondos nacionales, Mussi realizar\u00e1 obras para mejorar el abastecimiento de agua potable"},"content":{"rendered":"\n<p><strong>El jefe comunal, Juan Jos\u00e9 Mussi, recibi\u00f3 en el Edificio Municipal al ministro de Obras P\u00fablicas de la Naci\u00f3n, Gabriel Katopodis, con quien firm\u00f3 un convenio, en el marco del Plan \u201cArgentina Hace\u201d, mediante el cual se van a transferir fondos para concretar proyectos de infraestructura dentro de Berazategui. Estos recursos se utilizar\u00e1n para obras que mejorar\u00e1n la red de abastecimiento de agua potable del Municipio.<\/strong><\/p>\n\n\n\n<p>En relaci\u00f3n a la reuni\u00f3n, el ministro Katopodis afirm\u00f3: \u201cHemos firmado un primer convenio en el marco del Programa \u2018Argentina hace\u2019, que es un plan del Ministerio de Obras P\u00fablicas de la Naci\u00f3n para transferir fondos y llevar adelante proyectos de infraestructura. En el caso de Berazategui, lo que vamos a encarar son una serie de obras vinculadas a todo el sistema de abastecimiento de agua potable y, al mismo tiempo, proyectos de infraestructura, pavimentos y mejoras de espacios p\u00fablicos\u201d.<\/p>\n\n\n\n<p>El funcionario, quien estuvo acompa\u00f1ado por el subadministrador del ENOHSA (Ente Nacional de Obras H\u00eddricas de Saneamiento), N\u00e9stor \u00c1lvarez, resalt\u00f3: \u201cPara nosotros, Berazategui es una referencia muy importante. Los que fuimos intendentes, siempre la consideramos como una marca de gesti\u00f3n, por la calidad de los servicios, por el rol de Estado Municipal, y por la capacidad para pensar y planificar una ciudad como lo hicieron\u201d.<\/p>\n\n\n\n<p>Por su parte, el intendente municipal, Juan Jos\u00e9 Mussi, manifest\u00f3: \u201cHay que agradecer al presidente de la Naci\u00f3n, Alberto Fern\u00e1ndez, por haber puesto a un Intendente en el \u00e1rea de Obras P\u00fablicas. Necesitamos a alguien que interprete y conozca los problemas de los municipios\u201d.<\/p>\n\n\n\n<p>Asimismo, sostuvo: \u201cNos pone muy contentos la prontitud de la respuesta del Ministro y que pudimos firmar un convenio que fundamentalmente apunta a algo a lo que yo me compromet\u00ed, que es llegar al verano por lo menos con el 50% de los problemas del suministro de agua solucionado. Nos hemos comprometido para que podamos comenzar la obra y finalizarla hacia fines de noviembre o los primeros d\u00edas de diciembre\u201d.<\/p>\n","protected":false},"excerpt":{"rendered":"<p>El jefe comunal, Juan Jos\u00e9 Mussi, recibi\u00f3 en el Edificio Municipal al ministro de Obras P\u00fablicas de la Naci\u00f3n, Gabriel Katopodis, con quien firm\u00f3 un convenio, en el marco del Plan \u201cArgentina Hace\u201d, mediante el cual se van a transferir fondos para concretar proyectos de infraestructura dentro de Berazategui. Estos recursos se utilizar\u00e1n para obras&#8230;<\/p>\n","protected":false},"author":2,"featured_media":2668,"comment_status":"open","ping_status":"open","sticky":false,"template":"","format":"standard","meta":{"footnotes":""},"categories":[3],"tags":[],"class_list":["post-2730","post","type-post","status-publish","format-standard","has-post-thumbnail","hentry","category-berazategui"],"featured_image_src":"https:\/\/diarioprincipios.com\/wp-content\/uploads\/2020\/06\/FB_IMG_1591729223534-1024x683.jpg","blog_images":{"medium":"https:\/\/diarioprincipios.com\/wp-content\/uploads\/2020\/06\/FB_IMG_1591729223534-300x200.jpg","large":"https:\/\/diarioprincipios.com\/wp-content\/uploads\/2020\/06\/FB_IMG_1591729223534-1024x683.jpg"},"ams_acf":[],"yoast_head":"<!-- This site is optimized with the Yoast SEO plugin v27.3 - https:\/\/yoast.com\/product\/yoast-seo-wordpress\/ -->\n<title>Con fondos nacionales, Mussi realizar\u00e1 obras para mejorar el abastecimiento de agua potable - Principios<\/title>\n<meta name=\"robots\" content=\"index, follow, max-snippet:-1, max-image-preview:large, max-video-preview:-1\" \/>\n<link rel=\"canonical\" href=\"https:\/\/diarioprincipios.com\/index.php\/2020\/06\/10\/con-fondos-nacionales-mussi-realizara-obras-para-mejorar-el-abastecimiento-de-agua-potable\/\" \/>\n<meta property=\"og:locale\" content=\"es_ES\" \/>\n<meta property=\"og:type\" content=\"article\" \/>\n<meta property=\"og:title\" content=\"Con fondos nacionales, Mussi realizar\u00e1 obras para mejorar el abastecimiento de agua potable - Principios\" \/>\n<meta property=\"og:description\" content=\"El jefe comunal, Juan Jos\u00e9 Mussi, recibi\u00f3 en el Edificio Municipal al ministro de Obras P\u00fablicas de la Naci\u00f3n, Gabriel Katopodis, con quien firm\u00f3 un convenio, en el marco del Plan \u201cArgentina Hace\u201d, mediante el cual se van a transferir fondos para concretar proyectos de infraestructura dentro de Berazategui. Estos recursos se utilizar\u00e1n para obras...\" \/>\n<meta property=\"og:url\" content=\"https:\/\/diarioprincipios.com\/index.php\/2020\/06\/10\/con-fondos-nacionales-mussi-realizara-obras-para-mejorar-el-abastecimiento-de-agua-potable\/\" \/>\n<meta property=\"og:site_name\" content=\"Principios\" \/>\n<meta property=\"article:published_time\" content=\"2020-06-10T19:19:48+00:00\" \/>\n<meta property=\"article:modified_time\" content=\"2020-06-10T19:19:53+00:00\" \/>\n<meta property=\"og:image\" content=\"https:\/\/diarioprincipios.com\/wp-content\/uploads\/2020\/06\/FB_IMG_1591729223534.jpg\" \/>\n\t<meta property=\"og:image:width\" content=\"1080\" \/>\n\t<meta property=\"og:image:height\" content=\"720\" \/>\n\t<meta property=\"og:image:type\" content=\"image\/jpeg\" \/>\n<meta name=\"author\" content=\"Hern\u00e1n L\u00f3pez\" \/>\n<meta name=\"twitter:card\" content=\"summary_large_image\" \/>\n<meta name=\"twitter:label1\" content=\"Escrito por\" \/>\n\t<meta name=\"twitter:data1\" content=\"Hern\u00e1n L\u00f3pez\" \/>\n\t<meta name=\"twitter:label2\" content=\"Tiempo de lectura\" \/>\n\t<meta name=\"twitter:data2\" content=\"2 minutos\" \/>\n<script type=\"application\/ld+json\" class=\"yoast-schema-graph\">{\"@context\":\"https:\\\/\\\/schema.org\",\"@graph\":[{\"@type\":\"Article\",\"@id\":\"https:\\\/\\\/diarioprincipios.com\\\/index.php\\\/2020\\\/06\\\/10\\\/con-fondos-nacionales-mussi-realizara-obras-para-mejorar-el-abastecimiento-de-agua-potable\\\/#article\",\"isPartOf\":{\"@id\":\"https:\\\/\\\/diarioprincipios.com\\\/index.php\\\/2020\\\/06\\\/10\\\/con-fondos-nacionales-mussi-realizara-obras-para-mejorar-el-abastecimiento-de-agua-potable\\\/\"},\"author\":{\"name\":\"Hern\u00e1n L\u00f3pez\",\"@id\":\"https:\\\/\\\/diarioprincipios.com\\\/#\\\/schema\\\/person\\\/436d5a1fd41a5e250e23ff5a6a7cb080\"},\"headline\":\"Con fondos nacionales, Mussi realizar\u00e1 obras para mejorar el abastecimiento de agua potable\",\"datePublished\":\"2020-06-10T19:19:48+00:00\",\"dateModified\":\"2020-06-10T19:19:53+00:00\",\"mainEntityOfPage\":{\"@id\":\"https:\\\/\\\/diarioprincipios.com\\\/index.php\\\/2020\\\/06\\\/10\\\/con-fondos-nacionales-mussi-realizara-obras-para-mejorar-el-abastecimiento-de-agua-potable\\\/\"},\"wordCount\":354,\"commentCount\":0,\"publisher\":{\"@id\":\"https:\\\/\\\/diarioprincipios.com\\\/#organization\"},\"image\":{\"@id\":\"https:\\\/\\\/diarioprincipios.com\\\/index.php\\\/2020\\\/06\\\/10\\\/con-fondos-nacionales-mussi-realizara-obras-para-mejorar-el-abastecimiento-de-agua-potable\\\/#primaryimage\"},\"thumbnailUrl\":\"https:\\\/\\\/diarioprincipios.com\\\/wp-content\\\/uploads\\\/2020\\\/06\\\/FB_IMG_1591729223534.jpg\",\"articleSection\":[\"Berazategui\"],\"inLanguage\":\"es\",\"potentialAction\":[{\"@type\":\"CommentAction\",\"name\":\"Comment\",\"target\":[\"https:\\\/\\\/diarioprincipios.com\\\/index.php\\\/2020\\\/06\\\/10\\\/con-fondos-nacionales-mussi-realizara-obras-para-mejorar-el-abastecimiento-de-agua-potable\\\/#respond\"]}]},{\"@type\":\"WebPage\",\"@id\":\"https:\\\/\\\/diarioprincipios.com\\\/index.php\\\/2020\\\/06\\\/10\\\/con-fondos-nacionales-mussi-realizara-obras-para-mejorar-el-abastecimiento-de-agua-potable\\\/\",\"url\":\"https:\\\/\\\/diarioprincipios.com\\\/index.php\\\/2020\\\/06\\\/10\\\/con-fondos-nacionales-mussi-realizara-obras-para-mejorar-el-abastecimiento-de-agua-potable\\\/\",\"name\":\"Con fondos nacionales, Mussi realizar\u00e1 obras para mejorar el abastecimiento de agua potable - Principios\",\"isPartOf\":{\"@id\":\"https:\\\/\\\/diarioprincipios.com\\\/#website\"},\"primaryImageOfPage\":{\"@id\":\"https:\\\/\\\/diarioprincipios.com\\\/index.php\\\/2020\\\/06\\\/10\\\/con-fondos-nacionales-mussi-realizara-obras-para-mejorar-el-abastecimiento-de-agua-potable\\\/#primaryimage\"},\"image\":{\"@id\":\"https:\\\/\\\/diarioprincipios.com\\\/index.php\\\/2020\\\/06\\\/10\\\/con-fondos-nacionales-mussi-realizara-obras-para-mejorar-el-abastecimiento-de-agua-potable\\\/#primaryimage\"},\"thumbnailUrl\":\"https:\\\/\\\/diarioprincipios.com\\\/wp-content\\\/uploads\\\/2020\\\/06\\\/FB_IMG_1591729223534.jpg\",\"datePublished\":\"2020-06-10T19:19:48+00:00\",\"dateModified\":\"2020-06-10T19:19:53+00:00\",\"breadcrumb\":{\"@id\":\"https:\\\/\\\/diarioprincipios.com\\\/index.php\\\/2020\\\/06\\\/10\\\/con-fondos-nacionales-mussi-realizara-obras-para-mejorar-el-abastecimiento-de-agua-potable\\\/#breadcrumb\"},\"inLanguage\":\"es\",\"potentialAction\":[{\"@type\":\"ReadAction\",\"target\":[\"https:\\\/\\\/diarioprincipios.com\\\/index.php\\\/2020\\\/06\\\/10\\\/con-fondos-nacionales-mussi-realizara-obras-para-mejorar-el-abastecimiento-de-agua-potable\\\/\"]}]},{\"@type\":\"ImageObject\",\"inLanguage\":\"es\",\"@id\":\"https:\\\/\\\/diarioprincipios.com\\\/index.php\\\/2020\\\/06\\\/10\\\/con-fondos-nacionales-mussi-realizara-obras-para-mejorar-el-abastecimiento-de-agua-potable\\\/#primaryimage\",\"url\":\"https:\\\/\\\/diarioprincipios.com\\\/wp-content\\\/uploads\\\/2020\\\/06\\\/FB_IMG_1591729223534.jpg\",\"contentUrl\":\"https:\\\/\\\/diarioprincipios.com\\\/wp-content\\\/uploads\\\/2020\\\/06\\\/FB_IMG_1591729223534.jpg\",\"width\":1080,\"height\":720},{\"@type\":\"BreadcrumbList\",\"@id\":\"https:\\\/\\\/diarioprincipios.com\\\/index.php\\\/2020\\\/06\\\/10\\\/con-fondos-nacionales-mussi-realizara-obras-para-mejorar-el-abastecimiento-de-agua-potable\\\/#breadcrumb\",\"itemListElement\":[{\"@type\":\"ListItem\",\"position\":1,\"name\":\"Portada\",\"item\":\"https:\\\/\\\/diarioprincipios.com\\\/\"},{\"@type\":\"ListItem\",\"position\":2,\"name\":\"Con fondos nacionales, Mussi realizar\u00e1 obras para mejorar el abastecimiento de agua potable\"}]},{\"@type\":\"WebSite\",\"@id\":\"https:\\\/\\\/diarioprincipios.com\\\/#website\",\"url\":\"https:\\\/\\\/diarioprincipios.com\\\/\",\"name\":\"Principios\",\"description\":\"Principios Diario\",\"publisher\":{\"@id\":\"https:\\\/\\\/diarioprincipios.com\\\/#organization\"},\"potentialAction\":[{\"@type\":\"SearchAction\",\"target\":{\"@type\":\"EntryPoint\",\"urlTemplate\":\"https:\\\/\\\/diarioprincipios.com\\\/?s={search_term_string}\"},\"query-input\":{\"@type\":\"PropertyValueSpecification\",\"valueRequired\":true,\"valueName\":\"search_term_string\"}}],\"inLanguage\":\"es\"},{\"@type\":\"Organization\",\"@id\":\"https:\\\/\\\/diarioprincipios.com\\\/#organization\",\"name\":\"Principios\",\"url\":\"https:\\\/\\\/diarioprincipios.com\\\/\",\"logo\":{\"@type\":\"ImageObject\",\"inLanguage\":\"es\",\"@id\":\"https:\\\/\\\/diarioprincipios.com\\\/#\\\/schema\\\/logo\\\/image\\\/\",\"url\":\"https:\\\/\\\/diarioprincipios.com\\\/wp-content\\\/uploads\\\/2024\\\/04\\\/cropped-www.diarioprincipios.com_-1.png\",\"contentUrl\":\"https:\\\/\\\/diarioprincipios.com\\\/wp-content\\\/uploads\\\/2024\\\/04\\\/cropped-www.diarioprincipios.com_-1.png\",\"width\":5325,\"height\":1454,\"caption\":\"Principios\"},\"image\":{\"@id\":\"https:\\\/\\\/diarioprincipios.com\\\/#\\\/schema\\\/logo\\\/image\\\/\"}},{\"@type\":\"Person\",\"@id\":\"https:\\\/\\\/diarioprincipios.com\\\/#\\\/schema\\\/person\\\/436d5a1fd41a5e250e23ff5a6a7cb080\",\"name\":\"Hern\u00e1n L\u00f3pez\",\"image\":{\"@type\":\"ImageObject\",\"inLanguage\":\"es\",\"@id\":\"https:\\\/\\\/diarioprincipios.com\\\/wp-content\\\/litespeed\\\/avatar\\\/11ddfe5610ff3bd100522525b2571f48.jpg?ver=1777048341\",\"url\":\"https:\\\/\\\/diarioprincipios.com\\\/wp-content\\\/litespeed\\\/avatar\\\/11ddfe5610ff3bd100522525b2571f48.jpg?ver=1777048341\",\"contentUrl\":\"https:\\\/\\\/diarioprincipios.com\\\/wp-content\\\/litespeed\\\/avatar\\\/11ddfe5610ff3bd100522525b2571f48.jpg?ver=1777048341\",\"caption\":\"Hern\u00e1n L\u00f3pez\"},\"url\":\"https:\\\/\\\/diarioprincipios.com\\\/index.php\\\/author\\\/hernan\\\/\"}]}<\/script>\n<!-- \/ Yoast SEO plugin. -->","yoast_head_json":{"title":"Con fondos nacionales, Mussi realizar\u00e1 obras para mejorar el abastecimiento de agua potable - Principios","robots":{"index":"index","follow":"follow","max-snippet":"max-snippet:-1","max-image-preview":"max-image-preview:large","max-video-preview":"max-video-preview:-1"},"canonical":"https:\/\/diarioprincipios.com\/index.php\/2020\/06\/10\/con-fondos-nacionales-mussi-realizara-obras-para-mejorar-el-abastecimiento-de-agua-potable\/","og_locale":"es_ES","og_type":"article","og_title":"Con fondos nacionales, Mussi realizar\u00e1 obras para mejorar el abastecimiento de agua potable - Principios","og_description":"El jefe comunal, Juan Jos\u00e9 Mussi, recibi\u00f3 en el Edificio Municipal al ministro de Obras P\u00fablicas de la Naci\u00f3n, Gabriel Katopodis, con quien firm\u00f3 un convenio, en el marco del Plan \u201cArgentina Hace\u201d, mediante el cual se van a transferir fondos para concretar proyectos de infraestructura dentro de Berazategui. Estos recursos se utilizar\u00e1n para obras...","og_url":"https:\/\/diarioprincipios.com\/index.php\/2020\/06\/10\/con-fondos-nacionales-mussi-realizara-obras-para-mejorar-el-abastecimiento-de-agua-potable\/","og_site_name":"Principios","article_published_time":"2020-06-10T19:19:48+00:00","article_modified_time":"2020-06-10T19:19:53+00:00","og_image":[{"width":1080,"height":720,"url":"https:\/\/diarioprincipios.com\/wp-content\/uploads\/2020\/06\/FB_IMG_1591729223534.jpg","type":"image\/jpeg"}],"author":"Hern\u00e1n L\u00f3pez","twitter_card":"summary_large_image","twitter_misc":{"Escrito por":"Hern\u00e1n L\u00f3pez","Tiempo de lectura":"2 minutos"},"schema":{"@context":"https:\/\/schema.org","@graph":[{"@type":"Article","@id":"https:\/\/diarioprincipios.com\/index.php\/2020\/06\/10\/con-fondos-nacionales-mussi-realizara-obras-para-mejorar-el-abastecimiento-de-agua-potable\/#article","isPartOf":{"@id":"https:\/\/diarioprincipios.com\/index.php\/2020\/06\/10\/con-fondos-nacionales-mussi-realizara-obras-para-mejorar-el-abastecimiento-de-agua-potable\/"},"author":{"name":"Hern\u00e1n L\u00f3pez","@id":"https:\/\/diarioprincipios.com\/#\/schema\/person\/436d5a1fd41a5e250e23ff5a6a7cb080"},"headline":"Con fondos nacionales, Mussi realizar\u00e1 obras para mejorar el abastecimiento de agua potable","datePublished":"2020-06-10T19:19:48+00:00","dateModified":"2020-06-10T19:19:53+00:00","mainEntityOfPage":{"@id":"https:\/\/diarioprincipios.com\/index.php\/2020\/06\/10\/con-fondos-nacionales-mussi-realizara-obras-para-mejorar-el-abastecimiento-de-agua-potable\/"},"wordCount":354,"commentCount":0,"publisher":{"@id":"https:\/\/diarioprincipios.com\/#organization"},"image":{"@id":"https:\/\/diarioprincipios.com\/index.php\/2020\/06\/10\/con-fondos-nacionales-mussi-realizara-obras-para-mejorar-el-abastecimiento-de-agua-potable\/#primaryimage"},"thumbnailUrl":"https:\/\/diarioprincipios.com\/wp-content\/uploads\/2020\/06\/FB_IMG_1591729223534.jpg","articleSection":["Berazategui"],"inLanguage":"es","potentialAction":[{"@type":"CommentAction","name":"Comment","target":["https:\/\/diarioprincipios.com\/index.php\/2020\/06\/10\/con-fondos-nacionales-mussi-realizara-obras-para-mejorar-el-abastecimiento-de-agua-potable\/#respond"]}]},{"@type":"WebPage","@id":"https:\/\/diarioprincipios.com\/index.php\/2020\/06\/10\/con-fondos-nacionales-mussi-realizara-obras-para-mejorar-el-abastecimiento-de-agua-potable\/","url":"https:\/\/diarioprincipios.com\/index.php\/2020\/06\/10\/con-fondos-nacionales-mussi-realizara-obras-para-mejorar-el-abastecimiento-de-agua-potable\/","name":"Con fondos nacionales, Mussi realizar\u00e1 obras para mejorar el abastecimiento de agua potable - Principios","isPartOf":{"@id":"https:\/\/diarioprincipios.com\/#website"},"primaryImageOfPage":{"@id":"https:\/\/diarioprincipios.com\/index.php\/2020\/06\/10\/con-fondos-nacionales-mussi-realizara-obras-para-mejorar-el-abastecimiento-de-agua-potable\/#primaryimage"},"image":{"@id":"https:\/\/diarioprincipios.com\/index.php\/2020\/06\/10\/con-fondos-nacionales-mussi-realizara-obras-para-mejorar-el-abastecimiento-de-agua-potable\/#primaryimage"},"thumbnailUrl":"https:\/\/diarioprincipios.com\/wp-content\/uploads\/2020\/06\/FB_IMG_1591729223534.jpg","datePublished":"2020-06-10T19:19:48+00:00","dateModified":"2020-06-10T19:19:53+00:00","breadcrumb":{"@id":"https:\/\/diarioprincipios.com\/index.php\/2020\/06\/10\/con-fondos-nacionales-mussi-realizara-obras-para-mejorar-el-abastecimiento-de-agua-potable\/#breadcrumb"},"inLanguage":"es","potentialAction":[{"@type":"ReadAction","target":["https:\/\/diarioprincipios.com\/index.php\/2020\/06\/10\/con-fondos-nacionales-mussi-realizara-obras-para-mejorar-el-abastecimiento-de-agua-potable\/"]}]},{"@type":"ImageObject","inLanguage":"es","@id":"https:\/\/diarioprincipios.com\/index.php\/2020\/06\/10\/con-fondos-nacionales-mussi-realizara-obras-para-mejorar-el-abastecimiento-de-agua-potable\/#primaryimage","url":"https:\/\/diarioprincipios.com\/wp-content\/uploads\/2020\/06\/FB_IMG_1591729223534.jpg","contentUrl":"https:\/\/diarioprincipios.com\/wp-content\/uploads\/2020\/06\/FB_IMG_1591729223534.jpg","width":1080,"height":720},{"@type":"BreadcrumbList","@id":"https:\/\/diarioprincipios.com\/index.php\/2020\/06\/10\/con-fondos-nacionales-mussi-realizara-obras-para-mejorar-el-abastecimiento-de-agua-potable\/#breadcrumb","itemListElement":[{"@type":"ListItem","position":1,"name":"Portada","item":"https:\/\/diarioprincipios.com\/"},{"@type":"ListItem","position":2,"name":"Con fondos nacionales, Mussi realizar\u00e1 obras para mejorar el abastecimiento de agua potable"}]},{"@type":"WebSite","@id":"https:\/\/diarioprincipios.com\/#website","url":"https:\/\/diarioprincipios.com\/","name":"Principios","description":"Principios Diario","publisher":{"@id":"https:\/\/diarioprincipios.com\/#organization"},"potentialAction":[{"@type":"SearchAction","target":{"@type":"EntryPoint","urlTemplate":"https:\/\/diarioprincipios.com\/?s={search_term_string}"},"query-input":{"@type":"PropertyValueSpecification","valueRequired":true,"valueName":"search_term_string"}}],"inLanguage":"es"},{"@type":"Organization","@id":"https:\/\/diarioprincipios.com\/#organization","name":"Principios","url":"https:\/\/diarioprincipios.com\/","logo":{"@type":"ImageObject","inLanguage":"es","@id":"https:\/\/diarioprincipios.com\/#\/schema\/logo\/image\/","url":"https:\/\/diarioprincipios.com\/wp-content\/uploads\/2024\/04\/cropped-www.diarioprincipios.com_-1.png","contentUrl":"https:\/\/diarioprincipios.com\/wp-content\/uploads\/2024\/04\/cropped-www.diarioprincipios.com_-1.png","width":5325,"height":1454,"caption":"Principios"},"image":{"@id":"https:\/\/diarioprincipios.com\/#\/schema\/logo\/image\/"}},{"@type":"Person","@id":"https:\/\/diarioprincipios.com\/#\/schema\/person\/436d5a1fd41a5e250e23ff5a6a7cb080","name":"Hern\u00e1n L\u00f3pez","image":{"@type":"ImageObject","inLanguage":"es","@id":"https:\/\/diarioprincipios.com\/wp-content\/litespeed\/avatar\/11ddfe5610ff3bd100522525b2571f48.jpg?ver=1777048341","url":"https:\/\/diarioprincipios.com\/wp-content\/litespeed\/avatar\/11ddfe5610ff3bd100522525b2571f48.jpg?ver=1777048341","contentUrl":"https:\/\/diarioprincipios.com\/wp-content\/litespeed\/avatar\/11ddfe5610ff3bd100522525b2571f48.jpg?ver=1777048341","caption":"Hern\u00e1n L\u00f3pez"},"url":"https:\/\/diarioprincipios.com\/index.php\/author\/hernan\/"}]}},"jetpack_featured_media_url":"https:\/\/diarioprincipios.com\/wp-content\/uploads\/2020\/06\/FB_IMG_1591729223534.jpg","_links":{"self":[{"href":"https:\/\/diarioprincipios.com\/index.php\/wp-json\/wp\/v2\/posts\/2730","targetHints":{"allow":["GET"]}}],"collection":[{"href":"https:\/\/diarioprincipios.com\/index.php\/wp-json\/wp\/v2\/posts"}],"about":[{"href":"https:\/\/diarioprincipios.com\/index.php\/wp-json\/wp\/v2\/types\/post"}],"author":[{"embeddable":true,"href":"https:\/\/diarioprincipios.com\/index.php\/wp-json\/wp\/v2\/users\/2"}],"replies":[{"embeddable":true,"href":"https:\/\/diarioprincipios.com\/index.php\/wp-json\/wp\/v2\/comments?post=2730"}],"version-history":[{"count":1,"href":"https:\/\/diarioprincipios.com\/index.php\/wp-json\/wp\/v2\/posts\/2730\/revisions"}],"predecessor-version":[{"id":2731,"href":"https:\/\/diarioprincipios.com\/index.php\/wp-json\/wp\/v2\/posts\/2730\/revisions\/2731"}],"wp:featuredmedia":[{"embeddable":true,"href":"https:\/\/diarioprincipios.com\/index.php\/wp-json\/wp\/v2\/media\/2668"}],"wp:attachment":[{"href":"https:\/\/diarioprincipios.com\/index.php\/wp-json\/wp\/v2\/media?parent=2730"}],"wp:term":[{"taxonomy":"category","embeddable":true,"href":"https:\/\/diarioprincipios.com\/index.php\/wp-json\/wp\/v2\/categories?post=2730"},{"taxonomy":"post_tag","embeddable":true,"href":"https:\/\/diarioprincipios.com\/index.php\/wp-json\/wp\/v2\/tags?post=2730"}],"curies":[{"name":"wp","href":"https:\/\/api.w.org\/{rel}","templated":true}]}}