{"id":2724,"date":"2020-06-10T16:08:20","date_gmt":"2020-06-10T19:08:20","guid":{"rendered":"http:\/\/diarioprincipios.com\/?p=2724"},"modified":"2020-06-10T16:08:25","modified_gmt":"2020-06-10T19:08:25","slug":"mussi-se-reunio-con-autoridades-provinciales-para-resolver-problemas-de-habitat-en-berazategui","status":"publish","type":"post","link":"https:\/\/diarioprincipios.com\/index.php\/2020\/06\/10\/mussi-se-reunio-con-autoridades-provinciales-para-resolver-problemas-de-habitat-en-berazategui\/","title":{"rendered":"Mussi se reuni\u00f3 con autoridades provinciales para resolver problemas de h\u00e1bitat en Berazategui"},"content":{"rendered":"\n<p><strong>El intendente de Berazategui, Dr. Juan Jos\u00e9 Mussi, recibi\u00f3 en su despacho al subsecretario de H\u00e1bitat del Ministerio de Desarrollo de la Comunidad de la provincia de Buenos Aires, Arq. Rub\u00e9n Pascolini.<\/strong><\/p>\n\n\n\n<p>El objetivo de la reuni\u00f3n fue coordinar acciones para resolver distintas situaciones relacionadas con el h\u00e1bitat en el distrito berazateguense.<\/p>\n\n\n\n<p>Tras el encuentro, realizado en el Edificio Municipal, Mussi afirm\u00f3: \u201cNos reconforta que las autoridades bonaerenses tengan tan presente a Berazategui y sigan colaborando para mejorar la vida de nuestros vecinos y vecinas\u201d.<\/p>\n\n\n\n<p>De la reuni\u00f3n, tambi\u00e9n particip\u00f3 Luc\u00eda Vega, titular de la Agencia de Administraci\u00f3n de Tierras y H\u00e1bitat del Municipio.<\/p>\n","protected":false},"excerpt":{"rendered":"<p>El intendente de Berazategui, Dr. Juan Jos\u00e9 Mussi, recibi\u00f3 en su despacho al subsecretario de H\u00e1bitat del Ministerio de Desarrollo de la Comunidad de la provincia de Buenos Aires, Arq. Rub\u00e9n Pascolini. El objetivo de la reuni\u00f3n fue coordinar acciones para resolver distintas situaciones relacionadas con el h\u00e1bitat en el distrito berazateguense. Tras el encuentro,&#8230;<\/p>\n","protected":false},"author":2,"featured_media":2725,"comment_status":"open","ping_status":"open","sticky":false,"template":"","format":"standard","meta":{"footnotes":""},"categories":[3],"tags":[],"class_list":["post-2724","post","type-post","status-publish","format-standard","has-post-thumbnail","hentry","category-berazategui"],"featured_image_src":"https:\/\/diarioprincipios.com\/wp-content\/uploads\/2020\/06\/COORDINAN-ACCIONES-PARA-RESOLVER-PROBLEMAS-DE-H\u00c1BITAT-EN-BERAZATEGUI-.jpeg","blog_images":{"medium":"https:\/\/diarioprincipios.com\/wp-content\/uploads\/2020\/06\/COORDINAN-ACCIONES-PARA-RESOLVER-PROBLEMAS-DE-H\u00c1BITAT-EN-BERAZATEGUI--300x200.jpeg","large":"https:\/\/diarioprincipios.com\/wp-content\/uploads\/2020\/06\/COORDINAN-ACCIONES-PARA-RESOLVER-PROBLEMAS-DE-H\u00c1BITAT-EN-BERAZATEGUI-.jpeg"},"ams_acf":[],"yoast_head":"<!-- This site is optimized with the Yoast SEO plugin v27.3 - https:\/\/yoast.com\/product\/yoast-seo-wordpress\/ -->\n<title>Mussi se reuni\u00f3 con autoridades provinciales para resolver problemas de h\u00e1bitat en Berazategui - Principios<\/title>\n<meta name=\"robots\" content=\"index, follow, max-snippet:-1, max-image-preview:large, max-video-preview:-1\" \/>\n<link rel=\"canonical\" href=\"https:\/\/diarioprincipios.com\/index.php\/2020\/06\/10\/mussi-se-reunio-con-autoridades-provinciales-para-resolver-problemas-de-habitat-en-berazategui\/\" \/>\n<meta property=\"og:locale\" content=\"es_ES\" \/>\n<meta property=\"og:type\" content=\"article\" \/>\n<meta property=\"og:title\" content=\"Mussi se reuni\u00f3 con autoridades provinciales para resolver problemas de h\u00e1bitat en Berazategui - Principios\" \/>\n<meta property=\"og:description\" content=\"El intendente de Berazategui, Dr. Juan Jos\u00e9 Mussi, recibi\u00f3 en su despacho al subsecretario de H\u00e1bitat del Ministerio de Desarrollo de la Comunidad de la provincia de Buenos Aires, Arq. Rub\u00e9n Pascolini. El objetivo de la reuni\u00f3n fue coordinar acciones para resolver distintas situaciones relacionadas con el h\u00e1bitat en el distrito berazateguense. Tras el encuentro,...\" \/>\n<meta property=\"og:url\" content=\"https:\/\/diarioprincipios.com\/index.php\/2020\/06\/10\/mussi-se-reunio-con-autoridades-provinciales-para-resolver-problemas-de-habitat-en-berazategui\/\" \/>\n<meta property=\"og:site_name\" content=\"Principios\" \/>\n<meta property=\"article:published_time\" content=\"2020-06-10T19:08:20+00:00\" \/>\n<meta property=\"article:modified_time\" content=\"2020-06-10T19:08:25+00:00\" \/>\n<meta property=\"og:image\" content=\"https:\/\/diarioprincipios.com\/wp-content\/uploads\/2020\/06\/COORDINAN-ACCIONES-PARA-RESOLVER-PROBLEMAS-DE-H\u00c1BITAT-EN-BERAZATEGUI-.jpeg\" \/>\n\t<meta property=\"og:image:width\" content=\"960\" \/>\n\t<meta property=\"og:image:height\" content=\"640\" \/>\n\t<meta property=\"og:image:type\" content=\"image\/jpeg\" \/>\n<meta name=\"author\" content=\"Hern\u00e1n L\u00f3pez\" \/>\n<meta name=\"twitter:card\" content=\"summary_large_image\" \/>\n<meta name=\"twitter:label1\" content=\"Escrito por\" \/>\n\t<meta name=\"twitter:data1\" content=\"Hern\u00e1n L\u00f3pez\" \/>\n\t<meta name=\"twitter:label2\" content=\"Tiempo de lectura\" \/>\n\t<meta name=\"twitter:data2\" content=\"1 minuto\" \/>\n<script type=\"application\/ld+json\" class=\"yoast-schema-graph\">{\"@context\":\"https:\\\/\\\/schema.org\",\"@graph\":[{\"@type\":\"Article\",\"@id\":\"https:\\\/\\\/diarioprincipios.com\\\/index.php\\\/2020\\\/06\\\/10\\\/mussi-se-reunio-con-autoridades-provinciales-para-resolver-problemas-de-habitat-en-berazategui\\\/#article\",\"isPartOf\":{\"@id\":\"https:\\\/\\\/diarioprincipios.com\\\/index.php\\\/2020\\\/06\\\/10\\\/mussi-se-reunio-con-autoridades-provinciales-para-resolver-problemas-de-habitat-en-berazategui\\\/\"},\"author\":{\"name\":\"Hern\u00e1n L\u00f3pez\",\"@id\":\"https:\\\/\\\/diarioprincipios.com\\\/#\\\/schema\\\/person\\\/436d5a1fd41a5e250e23ff5a6a7cb080\"},\"headline\":\"Mussi se reuni\u00f3 con autoridades provinciales para resolver problemas de h\u00e1bitat en Berazategui\",\"datePublished\":\"2020-06-10T19:08:20+00:00\",\"dateModified\":\"2020-06-10T19:08:25+00:00\",\"mainEntityOfPage\":{\"@id\":\"https:\\\/\\\/diarioprincipios.com\\\/index.php\\\/2020\\\/06\\\/10\\\/mussi-se-reunio-con-autoridades-provinciales-para-resolver-problemas-de-habitat-en-berazategui\\\/\"},\"wordCount\":127,\"commentCount\":0,\"publisher\":{\"@id\":\"https:\\\/\\\/diarioprincipios.com\\\/#organization\"},\"image\":{\"@id\":\"https:\\\/\\\/diarioprincipios.com\\\/index.php\\\/2020\\\/06\\\/10\\\/mussi-se-reunio-con-autoridades-provinciales-para-resolver-problemas-de-habitat-en-berazategui\\\/#primaryimage\"},\"thumbnailUrl\":\"https:\\\/\\\/diarioprincipios.com\\\/wp-content\\\/uploads\\\/2020\\\/06\\\/COORDINAN-ACCIONES-PARA-RESOLVER-PROBLEMAS-DE-H\u00c1BITAT-EN-BERAZATEGUI-.jpeg\",\"articleSection\":[\"Berazategui\"],\"inLanguage\":\"es\",\"potentialAction\":[{\"@type\":\"CommentAction\",\"name\":\"Comment\",\"target\":[\"https:\\\/\\\/diarioprincipios.com\\\/index.php\\\/2020\\\/06\\\/10\\\/mussi-se-reunio-con-autoridades-provinciales-para-resolver-problemas-de-habitat-en-berazategui\\\/#respond\"]}]},{\"@type\":\"WebPage\",\"@id\":\"https:\\\/\\\/diarioprincipios.com\\\/index.php\\\/2020\\\/06\\\/10\\\/mussi-se-reunio-con-autoridades-provinciales-para-resolver-problemas-de-habitat-en-berazategui\\\/\",\"url\":\"https:\\\/\\\/diarioprincipios.com\\\/index.php\\\/2020\\\/06\\\/10\\\/mussi-se-reunio-con-autoridades-provinciales-para-resolver-problemas-de-habitat-en-berazategui\\\/\",\"name\":\"Mussi se reuni\u00f3 con autoridades provinciales para resolver problemas de h\u00e1bitat en Berazategui - Principios\",\"isPartOf\":{\"@id\":\"https:\\\/\\\/diarioprincipios.com\\\/#website\"},\"primaryImageOfPage\":{\"@id\":\"https:\\\/\\\/diarioprincipios.com\\\/index.php\\\/2020\\\/06\\\/10\\\/mussi-se-reunio-con-autoridades-provinciales-para-resolver-problemas-de-habitat-en-berazategui\\\/#primaryimage\"},\"image\":{\"@id\":\"https:\\\/\\\/diarioprincipios.com\\\/index.php\\\/2020\\\/06\\\/10\\\/mussi-se-reunio-con-autoridades-provinciales-para-resolver-problemas-de-habitat-en-berazategui\\\/#primaryimage\"},\"thumbnailUrl\":\"https:\\\/\\\/diarioprincipios.com\\\/wp-content\\\/uploads\\\/2020\\\/06\\\/COORDINAN-ACCIONES-PARA-RESOLVER-PROBLEMAS-DE-H\u00c1BITAT-EN-BERAZATEGUI-.jpeg\",\"datePublished\":\"2020-06-10T19:08:20+00:00\",\"dateModified\":\"2020-06-10T19:08:25+00:00\",\"breadcrumb\":{\"@id\":\"https:\\\/\\\/diarioprincipios.com\\\/index.php\\\/2020\\\/06\\\/10\\\/mussi-se-reunio-con-autoridades-provinciales-para-resolver-problemas-de-habitat-en-berazategui\\\/#breadcrumb\"},\"inLanguage\":\"es\",\"potentialAction\":[{\"@type\":\"ReadAction\",\"target\":[\"https:\\\/\\\/diarioprincipios.com\\\/index.php\\\/2020\\\/06\\\/10\\\/mussi-se-reunio-con-autoridades-provinciales-para-resolver-problemas-de-habitat-en-berazategui\\\/\"]}]},{\"@type\":\"ImageObject\",\"inLanguage\":\"es\",\"@id\":\"https:\\\/\\\/diarioprincipios.com\\\/index.php\\\/2020\\\/06\\\/10\\\/mussi-se-reunio-con-autoridades-provinciales-para-resolver-problemas-de-habitat-en-berazategui\\\/#primaryimage\",\"url\":\"https:\\\/\\\/diarioprincipios.com\\\/wp-content\\\/uploads\\\/2020\\\/06\\\/COORDINAN-ACCIONES-PARA-RESOLVER-PROBLEMAS-DE-H\u00c1BITAT-EN-BERAZATEGUI-.jpeg\",\"contentUrl\":\"https:\\\/\\\/diarioprincipios.com\\\/wp-content\\\/uploads\\\/2020\\\/06\\\/COORDINAN-ACCIONES-PARA-RESOLVER-PROBLEMAS-DE-H\u00c1BITAT-EN-BERAZATEGUI-.jpeg\",\"width\":960,\"height\":640},{\"@type\":\"BreadcrumbList\",\"@id\":\"https:\\\/\\\/diarioprincipios.com\\\/index.php\\\/2020\\\/06\\\/10\\\/mussi-se-reunio-con-autoridades-provinciales-para-resolver-problemas-de-habitat-en-berazategui\\\/#breadcrumb\",\"itemListElement\":[{\"@type\":\"ListItem\",\"position\":1,\"name\":\"Portada\",\"item\":\"https:\\\/\\\/diarioprincipios.com\\\/\"},{\"@type\":\"ListItem\",\"position\":2,\"name\":\"Mussi se reuni\u00f3 con autoridades provinciales para resolver problemas de h\u00e1bitat en Berazategui\"}]},{\"@type\":\"WebSite\",\"@id\":\"https:\\\/\\\/diarioprincipios.com\\\/#website\",\"url\":\"https:\\\/\\\/diarioprincipios.com\\\/\",\"name\":\"Principios\",\"description\":\"Principios Diario\",\"publisher\":{\"@id\":\"https:\\\/\\\/diarioprincipios.com\\\/#organization\"},\"potentialAction\":[{\"@type\":\"SearchAction\",\"target\":{\"@type\":\"EntryPoint\",\"urlTemplate\":\"https:\\\/\\\/diarioprincipios.com\\\/?s={search_term_string}\"},\"query-input\":{\"@type\":\"PropertyValueSpecification\",\"valueRequired\":true,\"valueName\":\"search_term_string\"}}],\"inLanguage\":\"es\"},{\"@type\":\"Organization\",\"@id\":\"https:\\\/\\\/diarioprincipios.com\\\/#organization\",\"name\":\"Principios\",\"url\":\"https:\\\/\\\/diarioprincipios.com\\\/\",\"logo\":{\"@type\":\"ImageObject\",\"inLanguage\":\"es\",\"@id\":\"https:\\\/\\\/diarioprincipios.com\\\/#\\\/schema\\\/logo\\\/image\\\/\",\"url\":\"https:\\\/\\\/diarioprincipios.com\\\/wp-content\\\/uploads\\\/2024\\\/04\\\/cropped-www.diarioprincipios.com_-1.png\",\"contentUrl\":\"https:\\\/\\\/diarioprincipios.com\\\/wp-content\\\/uploads\\\/2024\\\/04\\\/cropped-www.diarioprincipios.com_-1.png\",\"width\":5325,\"height\":1454,\"caption\":\"Principios\"},\"image\":{\"@id\":\"https:\\\/\\\/diarioprincipios.com\\\/#\\\/schema\\\/logo\\\/image\\\/\"}},{\"@type\":\"Person\",\"@id\":\"https:\\\/\\\/diarioprincipios.com\\\/#\\\/schema\\\/person\\\/436d5a1fd41a5e250e23ff5a6a7cb080\",\"name\":\"Hern\u00e1n L\u00f3pez\",\"image\":{\"@type\":\"ImageObject\",\"inLanguage\":\"es\",\"@id\":\"https:\\\/\\\/diarioprincipios.com\\\/wp-content\\\/litespeed\\\/avatar\\\/11ddfe5610ff3bd100522525b2571f48.jpg?ver=1777048341\",\"url\":\"https:\\\/\\\/diarioprincipios.com\\\/wp-content\\\/litespeed\\\/avatar\\\/11ddfe5610ff3bd100522525b2571f48.jpg?ver=1777048341\",\"contentUrl\":\"https:\\\/\\\/diarioprincipios.com\\\/wp-content\\\/litespeed\\\/avatar\\\/11ddfe5610ff3bd100522525b2571f48.jpg?ver=1777048341\",\"caption\":\"Hern\u00e1n L\u00f3pez\"},\"url\":\"https:\\\/\\\/diarioprincipios.com\\\/index.php\\\/author\\\/hernan\\\/\"}]}<\/script>\n<!-- \/ Yoast SEO plugin. -->","yoast_head_json":{"title":"Mussi se reuni\u00f3 con autoridades provinciales para resolver problemas de h\u00e1bitat en Berazategui - Principios","robots":{"index":"index","follow":"follow","max-snippet":"max-snippet:-1","max-image-preview":"max-image-preview:large","max-video-preview":"max-video-preview:-1"},"canonical":"https:\/\/diarioprincipios.com\/index.php\/2020\/06\/10\/mussi-se-reunio-con-autoridades-provinciales-para-resolver-problemas-de-habitat-en-berazategui\/","og_locale":"es_ES","og_type":"article","og_title":"Mussi se reuni\u00f3 con autoridades provinciales para resolver problemas de h\u00e1bitat en Berazategui - Principios","og_description":"El intendente de Berazategui, Dr. Juan Jos\u00e9 Mussi, recibi\u00f3 en su despacho al subsecretario de H\u00e1bitat del Ministerio de Desarrollo de la Comunidad de la provincia de Buenos Aires, Arq. Rub\u00e9n Pascolini. El objetivo de la reuni\u00f3n fue coordinar acciones para resolver distintas situaciones relacionadas con el h\u00e1bitat en el distrito berazateguense. Tras el encuentro,...","og_url":"https:\/\/diarioprincipios.com\/index.php\/2020\/06\/10\/mussi-se-reunio-con-autoridades-provinciales-para-resolver-problemas-de-habitat-en-berazategui\/","og_site_name":"Principios","article_published_time":"2020-06-10T19:08:20+00:00","article_modified_time":"2020-06-10T19:08:25+00:00","og_image":[{"width":960,"height":640,"url":"https:\/\/diarioprincipios.com\/wp-content\/uploads\/2020\/06\/COORDINAN-ACCIONES-PARA-RESOLVER-PROBLEMAS-DE-H\u00c1BITAT-EN-BERAZATEGUI-.jpeg","type":"image\/jpeg"}],"author":"Hern\u00e1n L\u00f3pez","twitter_card":"summary_large_image","twitter_misc":{"Escrito por":"Hern\u00e1n L\u00f3pez","Tiempo de lectura":"1 minuto"},"schema":{"@context":"https:\/\/schema.org","@graph":[{"@type":"Article","@id":"https:\/\/diarioprincipios.com\/index.php\/2020\/06\/10\/mussi-se-reunio-con-autoridades-provinciales-para-resolver-problemas-de-habitat-en-berazategui\/#article","isPartOf":{"@id":"https:\/\/diarioprincipios.com\/index.php\/2020\/06\/10\/mussi-se-reunio-con-autoridades-provinciales-para-resolver-problemas-de-habitat-en-berazategui\/"},"author":{"name":"Hern\u00e1n L\u00f3pez","@id":"https:\/\/diarioprincipios.com\/#\/schema\/person\/436d5a1fd41a5e250e23ff5a6a7cb080"},"headline":"Mussi se reuni\u00f3 con autoridades provinciales para resolver problemas de h\u00e1bitat en Berazategui","datePublished":"2020-06-10T19:08:20+00:00","dateModified":"2020-06-10T19:08:25+00:00","mainEntityOfPage":{"@id":"https:\/\/diarioprincipios.com\/index.php\/2020\/06\/10\/mussi-se-reunio-con-autoridades-provinciales-para-resolver-problemas-de-habitat-en-berazategui\/"},"wordCount":127,"commentCount":0,"publisher":{"@id":"https:\/\/diarioprincipios.com\/#organization"},"image":{"@id":"https:\/\/diarioprincipios.com\/index.php\/2020\/06\/10\/mussi-se-reunio-con-autoridades-provinciales-para-resolver-problemas-de-habitat-en-berazategui\/#primaryimage"},"thumbnailUrl":"https:\/\/diarioprincipios.com\/wp-content\/uploads\/2020\/06\/COORDINAN-ACCIONES-PARA-RESOLVER-PROBLEMAS-DE-H\u00c1BITAT-EN-BERAZATEGUI-.jpeg","articleSection":["Berazategui"],"inLanguage":"es","potentialAction":[{"@type":"CommentAction","name":"Comment","target":["https:\/\/diarioprincipios.com\/index.php\/2020\/06\/10\/mussi-se-reunio-con-autoridades-provinciales-para-resolver-problemas-de-habitat-en-berazategui\/#respond"]}]},{"@type":"WebPage","@id":"https:\/\/diarioprincipios.com\/index.php\/2020\/06\/10\/mussi-se-reunio-con-autoridades-provinciales-para-resolver-problemas-de-habitat-en-berazategui\/","url":"https:\/\/diarioprincipios.com\/index.php\/2020\/06\/10\/mussi-se-reunio-con-autoridades-provinciales-para-resolver-problemas-de-habitat-en-berazategui\/","name":"Mussi se reuni\u00f3 con autoridades provinciales para resolver problemas de h\u00e1bitat en Berazategui - Principios","isPartOf":{"@id":"https:\/\/diarioprincipios.com\/#website"},"primaryImageOfPage":{"@id":"https:\/\/diarioprincipios.com\/index.php\/2020\/06\/10\/mussi-se-reunio-con-autoridades-provinciales-para-resolver-problemas-de-habitat-en-berazategui\/#primaryimage"},"image":{"@id":"https:\/\/diarioprincipios.com\/index.php\/2020\/06\/10\/mussi-se-reunio-con-autoridades-provinciales-para-resolver-problemas-de-habitat-en-berazategui\/#primaryimage"},"thumbnailUrl":"https:\/\/diarioprincipios.com\/wp-content\/uploads\/2020\/06\/COORDINAN-ACCIONES-PARA-RESOLVER-PROBLEMAS-DE-H\u00c1BITAT-EN-BERAZATEGUI-.jpeg","datePublished":"2020-06-10T19:08:20+00:00","dateModified":"2020-06-10T19:08:25+00:00","breadcrumb":{"@id":"https:\/\/diarioprincipios.com\/index.php\/2020\/06\/10\/mussi-se-reunio-con-autoridades-provinciales-para-resolver-problemas-de-habitat-en-berazategui\/#breadcrumb"},"inLanguage":"es","potentialAction":[{"@type":"ReadAction","target":["https:\/\/diarioprincipios.com\/index.php\/2020\/06\/10\/mussi-se-reunio-con-autoridades-provinciales-para-resolver-problemas-de-habitat-en-berazategui\/"]}]},{"@type":"ImageObject","inLanguage":"es","@id":"https:\/\/diarioprincipios.com\/index.php\/2020\/06\/10\/mussi-se-reunio-con-autoridades-provinciales-para-resolver-problemas-de-habitat-en-berazategui\/#primaryimage","url":"https:\/\/diarioprincipios.com\/wp-content\/uploads\/2020\/06\/COORDINAN-ACCIONES-PARA-RESOLVER-PROBLEMAS-DE-H\u00c1BITAT-EN-BERAZATEGUI-.jpeg","contentUrl":"https:\/\/diarioprincipios.com\/wp-content\/uploads\/2020\/06\/COORDINAN-ACCIONES-PARA-RESOLVER-PROBLEMAS-DE-H\u00c1BITAT-EN-BERAZATEGUI-.jpeg","width":960,"height":640},{"@type":"BreadcrumbList","@id":"https:\/\/diarioprincipios.com\/index.php\/2020\/06\/10\/mussi-se-reunio-con-autoridades-provinciales-para-resolver-problemas-de-habitat-en-berazategui\/#breadcrumb","itemListElement":[{"@type":"ListItem","position":1,"name":"Portada","item":"https:\/\/diarioprincipios.com\/"},{"@type":"ListItem","position":2,"name":"Mussi se reuni\u00f3 con autoridades provinciales para resolver problemas de h\u00e1bitat en Berazategui"}]},{"@type":"WebSite","@id":"https:\/\/diarioprincipios.com\/#website","url":"https:\/\/diarioprincipios.com\/","name":"Principios","description":"Principios Diario","publisher":{"@id":"https:\/\/diarioprincipios.com\/#organization"},"potentialAction":[{"@type":"SearchAction","target":{"@type":"EntryPoint","urlTemplate":"https:\/\/diarioprincipios.com\/?s={search_term_string}"},"query-input":{"@type":"PropertyValueSpecification","valueRequired":true,"valueName":"search_term_string"}}],"inLanguage":"es"},{"@type":"Organization","@id":"https:\/\/diarioprincipios.com\/#organization","name":"Principios","url":"https:\/\/diarioprincipios.com\/","logo":{"@type":"ImageObject","inLanguage":"es","@id":"https:\/\/diarioprincipios.com\/#\/schema\/logo\/image\/","url":"https:\/\/diarioprincipios.com\/wp-content\/uploads\/2024\/04\/cropped-www.diarioprincipios.com_-1.png","contentUrl":"https:\/\/diarioprincipios.com\/wp-content\/uploads\/2024\/04\/cropped-www.diarioprincipios.com_-1.png","width":5325,"height":1454,"caption":"Principios"},"image":{"@id":"https:\/\/diarioprincipios.com\/#\/schema\/logo\/image\/"}},{"@type":"Person","@id":"https:\/\/diarioprincipios.com\/#\/schema\/person\/436d5a1fd41a5e250e23ff5a6a7cb080","name":"Hern\u00e1n L\u00f3pez","image":{"@type":"ImageObject","inLanguage":"es","@id":"https:\/\/diarioprincipios.com\/wp-content\/litespeed\/avatar\/11ddfe5610ff3bd100522525b2571f48.jpg?ver=1777048341","url":"https:\/\/diarioprincipios.com\/wp-content\/litespeed\/avatar\/11ddfe5610ff3bd100522525b2571f48.jpg?ver=1777048341","contentUrl":"https:\/\/diarioprincipios.com\/wp-content\/litespeed\/avatar\/11ddfe5610ff3bd100522525b2571f48.jpg?ver=1777048341","caption":"Hern\u00e1n L\u00f3pez"},"url":"https:\/\/diarioprincipios.com\/index.php\/author\/hernan\/"}]}},"jetpack_featured_media_url":"https:\/\/diarioprincipios.com\/wp-content\/uploads\/2020\/06\/COORDINAN-ACCIONES-PARA-RESOLVER-PROBLEMAS-DE-H\u00c1BITAT-EN-BERAZATEGUI-.jpeg","_links":{"self":[{"href":"https:\/\/diarioprincipios.com\/index.php\/wp-json\/wp\/v2\/posts\/2724","targetHints":{"allow":["GET"]}}],"collection":[{"href":"https:\/\/diarioprincipios.com\/index.php\/wp-json\/wp\/v2\/posts"}],"about":[{"href":"https:\/\/diarioprincipios.com\/index.php\/wp-json\/wp\/v2\/types\/post"}],"author":[{"embeddable":true,"href":"https:\/\/diarioprincipios.com\/index.php\/wp-json\/wp\/v2\/users\/2"}],"replies":[{"embeddable":true,"href":"https:\/\/diarioprincipios.com\/index.php\/wp-json\/wp\/v2\/comments?post=2724"}],"version-history":[{"count":1,"href":"https:\/\/diarioprincipios.com\/index.php\/wp-json\/wp\/v2\/posts\/2724\/revisions"}],"predecessor-version":[{"id":2726,"href":"https:\/\/diarioprincipios.com\/index.php\/wp-json\/wp\/v2\/posts\/2724\/revisions\/2726"}],"wp:featuredmedia":[{"embeddable":true,"href":"https:\/\/diarioprincipios.com\/index.php\/wp-json\/wp\/v2\/media\/2725"}],"wp:attachment":[{"href":"https:\/\/diarioprincipios.com\/index.php\/wp-json\/wp\/v2\/media?parent=2724"}],"wp:term":[{"taxonomy":"category","embeddable":true,"href":"https:\/\/diarioprincipios.com\/index.php\/wp-json\/wp\/v2\/categories?post=2724"},{"taxonomy":"post_tag","embeddable":true,"href":"https:\/\/diarioprincipios.com\/index.php\/wp-json\/wp\/v2\/tags?post=2724"}],"curies":[{"name":"wp","href":"https:\/\/api.w.org\/{rel}","templated":true}]}}