{"id":27239,"date":"2026-04-29T16:24:42","date_gmt":"2026-04-29T19:24:42","guid":{"rendered":"https:\/\/diarioprincipios.com\/?p=27239"},"modified":"2026-04-29T16:24:43","modified_gmt":"2026-04-29T19:24:43","slug":"por-el-cierre-de-fabricas-y-comercios-berazategui-se-reunio-con-referentes-del-sector-productivo","status":"publish","type":"post","link":"https:\/\/diarioprincipios.com\/index.php\/2026\/04\/29\/por-el-cierre-de-fabricas-y-comercios-berazategui-se-reunio-con-referentes-del-sector-productivo\/","title":{"rendered":"Por el cierre de f\u00e1bricas y comercios, Berazategui se reuni\u00f3 con referentes del sector productivo"},"content":{"rendered":"\n<p>Por indicaci\u00f3n del intendente, Carlos Balor, y ante la preocupaci\u00f3n por la situaci\u00f3n socioecon\u00f3mica que atraviesa Berazategui, se realiz\u00f3 una reuni\u00f3n con representantes de distintos sectores del aparato productivo local, para analizar el impacto que generan en el distrito la suspensi\u00f3n de actividades y el cierre de f\u00e1bricas y comercios. El encuentro fue convocado por el secretario de Trabajo municipal, Juan M. Parra, y el subsecretario de Asuntos Provinciales, Alberto Quarchioni, con el objetivo de avanzar en un diagn\u00f3stico com\u00fan frente a la creciente fractura del entramado productivo.<\/p>\n\n\n\n<p>La reuni\u00f3n cont\u00f3 con la participaci\u00f3n de referentes sindicales, industriales y de la multisectorial local, quienes expusieron sus inquietudes ante la ca\u00edda de la actividad econ\u00f3mica, la p\u00e9rdida de fuentes de trabajo y la necesidad de sostener el entramado industrial y comercial de Berazategui. Tambi\u00e9n particip\u00f3 Daniel Rosato, presidente de Industrias Pymes Argentina (IPA).<\/p>\n\n\n\n<p>Entre los presentes estuvieron Omar Acosta, presidente del bloque justicialista del Concejo Deliberante local; Emilio Piaggi, concejal por la UOM; Alberto Wehbe y Claudio De Gaetano, en representaci\u00f3n del Sindicato del Vidrio; y Tito Geneiro, del gremio gastron\u00f3mico. Ellos se comprometieron a trasladar las inquietudes al plenario de la mesa y a continuar articulando acciones conjuntas en defensa de la producci\u00f3n y el empleo local.<\/p>\n","protected":false},"excerpt":{"rendered":"<p>Por indicaci\u00f3n del intendente, Carlos Balor, y ante la preocupaci\u00f3n por la situaci\u00f3n socioecon\u00f3mica que atraviesa Berazategui, se realiz\u00f3 una reuni\u00f3n con representantes de distintos sectores del aparato productivo local, para analizar el impacto que generan en el distrito la suspensi\u00f3n de actividades y el cierre de f\u00e1bricas y comercios. El encuentro fue convocado por&#8230;<\/p>\n","protected":false},"author":2,"featured_media":27240,"comment_status":"open","ping_status":"open","sticky":false,"template":"","format":"standard","meta":{"footnotes":""},"categories":[3,18],"tags":[],"class_list":["post-27239","post","type-post","status-publish","format-standard","has-post-thumbnail","hentry","category-berazategui","category-comercio-industria"],"featured_image_src":"https:\/\/diarioprincipios.com\/wp-content\/uploads\/2026\/04\/IMG-20260429-WA0052-1024x682.jpg","blog_images":{"medium":"https:\/\/diarioprincipios.com\/wp-content\/uploads\/2026\/04\/IMG-20260429-WA0052-300x200.jpg","large":"https:\/\/diarioprincipios.com\/wp-content\/uploads\/2026\/04\/IMG-20260429-WA0052-1024x682.jpg"},"ams_acf":[],"yoast_head":"<!-- This site is optimized with the Yoast SEO plugin v27.3 - https:\/\/yoast.com\/product\/yoast-seo-wordpress\/ -->\n<title>Por el cierre de f\u00e1bricas y comercios, Berazategui se reuni\u00f3 con referentes del sector productivo - Principios<\/title>\n<meta name=\"robots\" content=\"index, follow, max-snippet:-1, max-image-preview:large, max-video-preview:-1\" \/>\n<link rel=\"canonical\" href=\"https:\/\/diarioprincipios.com\/index.php\/2026\/04\/29\/por-el-cierre-de-fabricas-y-comercios-berazategui-se-reunio-con-referentes-del-sector-productivo\/\" \/>\n<meta property=\"og:locale\" content=\"es_ES\" \/>\n<meta property=\"og:type\" content=\"article\" \/>\n<meta property=\"og:title\" content=\"Por el cierre de f\u00e1bricas y comercios, Berazategui se reuni\u00f3 con referentes del sector productivo - Principios\" \/>\n<meta property=\"og:description\" content=\"Por indicaci\u00f3n del intendente, Carlos Balor, y ante la preocupaci\u00f3n por la situaci\u00f3n socioecon\u00f3mica que atraviesa Berazategui, se realiz\u00f3 una reuni\u00f3n con representantes de distintos sectores del aparato productivo local, para analizar el impacto que generan en el distrito la suspensi\u00f3n de actividades y el cierre de f\u00e1bricas y comercios. El encuentro fue convocado por...\" \/>\n<meta property=\"og:url\" content=\"https:\/\/diarioprincipios.com\/index.php\/2026\/04\/29\/por-el-cierre-de-fabricas-y-comercios-berazategui-se-reunio-con-referentes-del-sector-productivo\/\" \/>\n<meta property=\"og:site_name\" content=\"Principios\" \/>\n<meta property=\"article:published_time\" content=\"2026-04-29T19:24:42+00:00\" \/>\n<meta property=\"article:modified_time\" content=\"2026-04-29T19:24:43+00:00\" \/>\n<meta property=\"og:image\" content=\"https:\/\/diarioprincipios.com\/wp-content\/uploads\/2026\/04\/IMG-20260429-WA0052.jpg\" \/>\n\t<meta property=\"og:image:width\" content=\"1600\" \/>\n\t<meta property=\"og:image:height\" content=\"1066\" \/>\n\t<meta property=\"og:image:type\" content=\"image\/jpeg\" \/>\n<meta name=\"author\" content=\"Hern\u00e1n L\u00f3pez\" \/>\n<meta name=\"twitter:card\" content=\"summary_large_image\" \/>\n<meta name=\"twitter:label1\" content=\"Escrito por\" \/>\n\t<meta name=\"twitter:data1\" content=\"Hern\u00e1n L\u00f3pez\" \/>\n\t<meta name=\"twitter:label2\" content=\"Tiempo de lectura\" \/>\n\t<meta name=\"twitter:data2\" content=\"2 minutos\" \/>\n<script type=\"application\/ld+json\" class=\"yoast-schema-graph\">{\"@context\":\"https:\\\/\\\/schema.org\",\"@graph\":[{\"@type\":\"Article\",\"@id\":\"https:\\\/\\\/diarioprincipios.com\\\/index.php\\\/2026\\\/04\\\/29\\\/por-el-cierre-de-fabricas-y-comercios-berazategui-se-reunio-con-referentes-del-sector-productivo\\\/#article\",\"isPartOf\":{\"@id\":\"https:\\\/\\\/diarioprincipios.com\\\/index.php\\\/2026\\\/04\\\/29\\\/por-el-cierre-de-fabricas-y-comercios-berazategui-se-reunio-con-referentes-del-sector-productivo\\\/\"},\"author\":{\"name\":\"Hern\u00e1n L\u00f3pez\",\"@id\":\"https:\\\/\\\/diarioprincipios.com\\\/#\\\/schema\\\/person\\\/436d5a1fd41a5e250e23ff5a6a7cb080\"},\"headline\":\"Por el cierre de f\u00e1bricas y comercios, Berazategui se reuni\u00f3 con referentes del sector productivo\",\"datePublished\":\"2026-04-29T19:24:42+00:00\",\"dateModified\":\"2026-04-29T19:24:43+00:00\",\"mainEntityOfPage\":{\"@id\":\"https:\\\/\\\/diarioprincipios.com\\\/index.php\\\/2026\\\/04\\\/29\\\/por-el-cierre-de-fabricas-y-comercios-berazategui-se-reunio-con-referentes-del-sector-productivo\\\/\"},\"wordCount\":241,\"commentCount\":0,\"publisher\":{\"@id\":\"https:\\\/\\\/diarioprincipios.com\\\/#organization\"},\"image\":{\"@id\":\"https:\\\/\\\/diarioprincipios.com\\\/index.php\\\/2026\\\/04\\\/29\\\/por-el-cierre-de-fabricas-y-comercios-berazategui-se-reunio-con-referentes-del-sector-productivo\\\/#primaryimage\"},\"thumbnailUrl\":\"https:\\\/\\\/diarioprincipios.com\\\/wp-content\\\/uploads\\\/2026\\\/04\\\/IMG-20260429-WA0052.jpg\",\"articleSection\":[\"Berazategui\",\"Comercio e Industria\"],\"inLanguage\":\"es\",\"potentialAction\":[{\"@type\":\"CommentAction\",\"name\":\"Comment\",\"target\":[\"https:\\\/\\\/diarioprincipios.com\\\/index.php\\\/2026\\\/04\\\/29\\\/por-el-cierre-de-fabricas-y-comercios-berazategui-se-reunio-con-referentes-del-sector-productivo\\\/#respond\"]}]},{\"@type\":\"WebPage\",\"@id\":\"https:\\\/\\\/diarioprincipios.com\\\/index.php\\\/2026\\\/04\\\/29\\\/por-el-cierre-de-fabricas-y-comercios-berazategui-se-reunio-con-referentes-del-sector-productivo\\\/\",\"url\":\"https:\\\/\\\/diarioprincipios.com\\\/index.php\\\/2026\\\/04\\\/29\\\/por-el-cierre-de-fabricas-y-comercios-berazategui-se-reunio-con-referentes-del-sector-productivo\\\/\",\"name\":\"Por el cierre de f\u00e1bricas y comercios, Berazategui se reuni\u00f3 con referentes del sector productivo - Principios\",\"isPartOf\":{\"@id\":\"https:\\\/\\\/diarioprincipios.com\\\/#website\"},\"primaryImageOfPage\":{\"@id\":\"https:\\\/\\\/diarioprincipios.com\\\/index.php\\\/2026\\\/04\\\/29\\\/por-el-cierre-de-fabricas-y-comercios-berazategui-se-reunio-con-referentes-del-sector-productivo\\\/#primaryimage\"},\"image\":{\"@id\":\"https:\\\/\\\/diarioprincipios.com\\\/index.php\\\/2026\\\/04\\\/29\\\/por-el-cierre-de-fabricas-y-comercios-berazategui-se-reunio-con-referentes-del-sector-productivo\\\/#primaryimage\"},\"thumbnailUrl\":\"https:\\\/\\\/diarioprincipios.com\\\/wp-content\\\/uploads\\\/2026\\\/04\\\/IMG-20260429-WA0052.jpg\",\"datePublished\":\"2026-04-29T19:24:42+00:00\",\"dateModified\":\"2026-04-29T19:24:43+00:00\",\"breadcrumb\":{\"@id\":\"https:\\\/\\\/diarioprincipios.com\\\/index.php\\\/2026\\\/04\\\/29\\\/por-el-cierre-de-fabricas-y-comercios-berazategui-se-reunio-con-referentes-del-sector-productivo\\\/#breadcrumb\"},\"inLanguage\":\"es\",\"potentialAction\":[{\"@type\":\"ReadAction\",\"target\":[\"https:\\\/\\\/diarioprincipios.com\\\/index.php\\\/2026\\\/04\\\/29\\\/por-el-cierre-de-fabricas-y-comercios-berazategui-se-reunio-con-referentes-del-sector-productivo\\\/\"]}]},{\"@type\":\"ImageObject\",\"inLanguage\":\"es\",\"@id\":\"https:\\\/\\\/diarioprincipios.com\\\/index.php\\\/2026\\\/04\\\/29\\\/por-el-cierre-de-fabricas-y-comercios-berazategui-se-reunio-con-referentes-del-sector-productivo\\\/#primaryimage\",\"url\":\"https:\\\/\\\/diarioprincipios.com\\\/wp-content\\\/uploads\\\/2026\\\/04\\\/IMG-20260429-WA0052.jpg\",\"contentUrl\":\"https:\\\/\\\/diarioprincipios.com\\\/wp-content\\\/uploads\\\/2026\\\/04\\\/IMG-20260429-WA0052.jpg\",\"width\":1600,\"height\":1066},{\"@type\":\"BreadcrumbList\",\"@id\":\"https:\\\/\\\/diarioprincipios.com\\\/index.php\\\/2026\\\/04\\\/29\\\/por-el-cierre-de-fabricas-y-comercios-berazategui-se-reunio-con-referentes-del-sector-productivo\\\/#breadcrumb\",\"itemListElement\":[{\"@type\":\"ListItem\",\"position\":1,\"name\":\"Portada\",\"item\":\"https:\\\/\\\/diarioprincipios.com\\\/\"},{\"@type\":\"ListItem\",\"position\":2,\"name\":\"Por el cierre de f\u00e1bricas y comercios, Berazategui se reuni\u00f3 con referentes del sector productivo\"}]},{\"@type\":\"WebSite\",\"@id\":\"https:\\\/\\\/diarioprincipios.com\\\/#website\",\"url\":\"https:\\\/\\\/diarioprincipios.com\\\/\",\"name\":\"Principios\",\"description\":\"Principios Diario\",\"publisher\":{\"@id\":\"https:\\\/\\\/diarioprincipios.com\\\/#organization\"},\"potentialAction\":[{\"@type\":\"SearchAction\",\"target\":{\"@type\":\"EntryPoint\",\"urlTemplate\":\"https:\\\/\\\/diarioprincipios.com\\\/?s={search_term_string}\"},\"query-input\":{\"@type\":\"PropertyValueSpecification\",\"valueRequired\":true,\"valueName\":\"search_term_string\"}}],\"inLanguage\":\"es\"},{\"@type\":\"Organization\",\"@id\":\"https:\\\/\\\/diarioprincipios.com\\\/#organization\",\"name\":\"Principios\",\"url\":\"https:\\\/\\\/diarioprincipios.com\\\/\",\"logo\":{\"@type\":\"ImageObject\",\"inLanguage\":\"es\",\"@id\":\"https:\\\/\\\/diarioprincipios.com\\\/#\\\/schema\\\/logo\\\/image\\\/\",\"url\":\"https:\\\/\\\/diarioprincipios.com\\\/wp-content\\\/uploads\\\/2024\\\/04\\\/cropped-www.diarioprincipios.com_-1.png\",\"contentUrl\":\"https:\\\/\\\/diarioprincipios.com\\\/wp-content\\\/uploads\\\/2024\\\/04\\\/cropped-www.diarioprincipios.com_-1.png\",\"width\":5325,\"height\":1454,\"caption\":\"Principios\"},\"image\":{\"@id\":\"https:\\\/\\\/diarioprincipios.com\\\/#\\\/schema\\\/logo\\\/image\\\/\"}},{\"@type\":\"Person\",\"@id\":\"https:\\\/\\\/diarioprincipios.com\\\/#\\\/schema\\\/person\\\/436d5a1fd41a5e250e23ff5a6a7cb080\",\"name\":\"Hern\u00e1n L\u00f3pez\",\"image\":{\"@type\":\"ImageObject\",\"inLanguage\":\"es\",\"@id\":\"https:\\\/\\\/diarioprincipios.com\\\/wp-content\\\/litespeed\\\/avatar\\\/11ddfe5610ff3bd100522525b2571f48.jpg?ver=1777048341\",\"url\":\"https:\\\/\\\/diarioprincipios.com\\\/wp-content\\\/litespeed\\\/avatar\\\/11ddfe5610ff3bd100522525b2571f48.jpg?ver=1777048341\",\"contentUrl\":\"https:\\\/\\\/diarioprincipios.com\\\/wp-content\\\/litespeed\\\/avatar\\\/11ddfe5610ff3bd100522525b2571f48.jpg?ver=1777048341\",\"caption\":\"Hern\u00e1n L\u00f3pez\"},\"url\":\"https:\\\/\\\/diarioprincipios.com\\\/index.php\\\/author\\\/hernan\\\/\"}]}<\/script>\n<!-- \/ Yoast SEO plugin. -->","yoast_head_json":{"title":"Por el cierre de f\u00e1bricas y comercios, Berazategui se reuni\u00f3 con referentes del sector productivo - Principios","robots":{"index":"index","follow":"follow","max-snippet":"max-snippet:-1","max-image-preview":"max-image-preview:large","max-video-preview":"max-video-preview:-1"},"canonical":"https:\/\/diarioprincipios.com\/index.php\/2026\/04\/29\/por-el-cierre-de-fabricas-y-comercios-berazategui-se-reunio-con-referentes-del-sector-productivo\/","og_locale":"es_ES","og_type":"article","og_title":"Por el cierre de f\u00e1bricas y comercios, Berazategui se reuni\u00f3 con referentes del sector productivo - Principios","og_description":"Por indicaci\u00f3n del intendente, Carlos Balor, y ante la preocupaci\u00f3n por la situaci\u00f3n socioecon\u00f3mica que atraviesa Berazategui, se realiz\u00f3 una reuni\u00f3n con representantes de distintos sectores del aparato productivo local, para analizar el impacto que generan en el distrito la suspensi\u00f3n de actividades y el cierre de f\u00e1bricas y comercios. El encuentro fue convocado por...","og_url":"https:\/\/diarioprincipios.com\/index.php\/2026\/04\/29\/por-el-cierre-de-fabricas-y-comercios-berazategui-se-reunio-con-referentes-del-sector-productivo\/","og_site_name":"Principios","article_published_time":"2026-04-29T19:24:42+00:00","article_modified_time":"2026-04-29T19:24:43+00:00","og_image":[{"width":1600,"height":1066,"url":"https:\/\/diarioprincipios.com\/wp-content\/uploads\/2026\/04\/IMG-20260429-WA0052.jpg","type":"image\/jpeg"}],"author":"Hern\u00e1n L\u00f3pez","twitter_card":"summary_large_image","twitter_misc":{"Escrito por":"Hern\u00e1n L\u00f3pez","Tiempo de lectura":"2 minutos"},"schema":{"@context":"https:\/\/schema.org","@graph":[{"@type":"Article","@id":"https:\/\/diarioprincipios.com\/index.php\/2026\/04\/29\/por-el-cierre-de-fabricas-y-comercios-berazategui-se-reunio-con-referentes-del-sector-productivo\/#article","isPartOf":{"@id":"https:\/\/diarioprincipios.com\/index.php\/2026\/04\/29\/por-el-cierre-de-fabricas-y-comercios-berazategui-se-reunio-con-referentes-del-sector-productivo\/"},"author":{"name":"Hern\u00e1n L\u00f3pez","@id":"https:\/\/diarioprincipios.com\/#\/schema\/person\/436d5a1fd41a5e250e23ff5a6a7cb080"},"headline":"Por el cierre de f\u00e1bricas y comercios, Berazategui se reuni\u00f3 con referentes del sector productivo","datePublished":"2026-04-29T19:24:42+00:00","dateModified":"2026-04-29T19:24:43+00:00","mainEntityOfPage":{"@id":"https:\/\/diarioprincipios.com\/index.php\/2026\/04\/29\/por-el-cierre-de-fabricas-y-comercios-berazategui-se-reunio-con-referentes-del-sector-productivo\/"},"wordCount":241,"commentCount":0,"publisher":{"@id":"https:\/\/diarioprincipios.com\/#organization"},"image":{"@id":"https:\/\/diarioprincipios.com\/index.php\/2026\/04\/29\/por-el-cierre-de-fabricas-y-comercios-berazategui-se-reunio-con-referentes-del-sector-productivo\/#primaryimage"},"thumbnailUrl":"https:\/\/diarioprincipios.com\/wp-content\/uploads\/2026\/04\/IMG-20260429-WA0052.jpg","articleSection":["Berazategui","Comercio e Industria"],"inLanguage":"es","potentialAction":[{"@type":"CommentAction","name":"Comment","target":["https:\/\/diarioprincipios.com\/index.php\/2026\/04\/29\/por-el-cierre-de-fabricas-y-comercios-berazategui-se-reunio-con-referentes-del-sector-productivo\/#respond"]}]},{"@type":"WebPage","@id":"https:\/\/diarioprincipios.com\/index.php\/2026\/04\/29\/por-el-cierre-de-fabricas-y-comercios-berazategui-se-reunio-con-referentes-del-sector-productivo\/","url":"https:\/\/diarioprincipios.com\/index.php\/2026\/04\/29\/por-el-cierre-de-fabricas-y-comercios-berazategui-se-reunio-con-referentes-del-sector-productivo\/","name":"Por el cierre de f\u00e1bricas y comercios, Berazategui se reuni\u00f3 con referentes del sector productivo - Principios","isPartOf":{"@id":"https:\/\/diarioprincipios.com\/#website"},"primaryImageOfPage":{"@id":"https:\/\/diarioprincipios.com\/index.php\/2026\/04\/29\/por-el-cierre-de-fabricas-y-comercios-berazategui-se-reunio-con-referentes-del-sector-productivo\/#primaryimage"},"image":{"@id":"https:\/\/diarioprincipios.com\/index.php\/2026\/04\/29\/por-el-cierre-de-fabricas-y-comercios-berazategui-se-reunio-con-referentes-del-sector-productivo\/#primaryimage"},"thumbnailUrl":"https:\/\/diarioprincipios.com\/wp-content\/uploads\/2026\/04\/IMG-20260429-WA0052.jpg","datePublished":"2026-04-29T19:24:42+00:00","dateModified":"2026-04-29T19:24:43+00:00","breadcrumb":{"@id":"https:\/\/diarioprincipios.com\/index.php\/2026\/04\/29\/por-el-cierre-de-fabricas-y-comercios-berazategui-se-reunio-con-referentes-del-sector-productivo\/#breadcrumb"},"inLanguage":"es","potentialAction":[{"@type":"ReadAction","target":["https:\/\/diarioprincipios.com\/index.php\/2026\/04\/29\/por-el-cierre-de-fabricas-y-comercios-berazategui-se-reunio-con-referentes-del-sector-productivo\/"]}]},{"@type":"ImageObject","inLanguage":"es","@id":"https:\/\/diarioprincipios.com\/index.php\/2026\/04\/29\/por-el-cierre-de-fabricas-y-comercios-berazategui-se-reunio-con-referentes-del-sector-productivo\/#primaryimage","url":"https:\/\/diarioprincipios.com\/wp-content\/uploads\/2026\/04\/IMG-20260429-WA0052.jpg","contentUrl":"https:\/\/diarioprincipios.com\/wp-content\/uploads\/2026\/04\/IMG-20260429-WA0052.jpg","width":1600,"height":1066},{"@type":"BreadcrumbList","@id":"https:\/\/diarioprincipios.com\/index.php\/2026\/04\/29\/por-el-cierre-de-fabricas-y-comercios-berazategui-se-reunio-con-referentes-del-sector-productivo\/#breadcrumb","itemListElement":[{"@type":"ListItem","position":1,"name":"Portada","item":"https:\/\/diarioprincipios.com\/"},{"@type":"ListItem","position":2,"name":"Por el cierre de f\u00e1bricas y comercios, Berazategui se reuni\u00f3 con referentes del sector productivo"}]},{"@type":"WebSite","@id":"https:\/\/diarioprincipios.com\/#website","url":"https:\/\/diarioprincipios.com\/","name":"Principios","description":"Principios Diario","publisher":{"@id":"https:\/\/diarioprincipios.com\/#organization"},"potentialAction":[{"@type":"SearchAction","target":{"@type":"EntryPoint","urlTemplate":"https:\/\/diarioprincipios.com\/?s={search_term_string}"},"query-input":{"@type":"PropertyValueSpecification","valueRequired":true,"valueName":"search_term_string"}}],"inLanguage":"es"},{"@type":"Organization","@id":"https:\/\/diarioprincipios.com\/#organization","name":"Principios","url":"https:\/\/diarioprincipios.com\/","logo":{"@type":"ImageObject","inLanguage":"es","@id":"https:\/\/diarioprincipios.com\/#\/schema\/logo\/image\/","url":"https:\/\/diarioprincipios.com\/wp-content\/uploads\/2024\/04\/cropped-www.diarioprincipios.com_-1.png","contentUrl":"https:\/\/diarioprincipios.com\/wp-content\/uploads\/2024\/04\/cropped-www.diarioprincipios.com_-1.png","width":5325,"height":1454,"caption":"Principios"},"image":{"@id":"https:\/\/diarioprincipios.com\/#\/schema\/logo\/image\/"}},{"@type":"Person","@id":"https:\/\/diarioprincipios.com\/#\/schema\/person\/436d5a1fd41a5e250e23ff5a6a7cb080","name":"Hern\u00e1n L\u00f3pez","image":{"@type":"ImageObject","inLanguage":"es","@id":"https:\/\/diarioprincipios.com\/wp-content\/litespeed\/avatar\/11ddfe5610ff3bd100522525b2571f48.jpg?ver=1777048341","url":"https:\/\/diarioprincipios.com\/wp-content\/litespeed\/avatar\/11ddfe5610ff3bd100522525b2571f48.jpg?ver=1777048341","contentUrl":"https:\/\/diarioprincipios.com\/wp-content\/litespeed\/avatar\/11ddfe5610ff3bd100522525b2571f48.jpg?ver=1777048341","caption":"Hern\u00e1n L\u00f3pez"},"url":"https:\/\/diarioprincipios.com\/index.php\/author\/hernan\/"}]}},"jetpack_featured_media_url":"https:\/\/diarioprincipios.com\/wp-content\/uploads\/2026\/04\/IMG-20260429-WA0052.jpg","_links":{"self":[{"href":"https:\/\/diarioprincipios.com\/index.php\/wp-json\/wp\/v2\/posts\/27239","targetHints":{"allow":["GET"]}}],"collection":[{"href":"https:\/\/diarioprincipios.com\/index.php\/wp-json\/wp\/v2\/posts"}],"about":[{"href":"https:\/\/diarioprincipios.com\/index.php\/wp-json\/wp\/v2\/types\/post"}],"author":[{"embeddable":true,"href":"https:\/\/diarioprincipios.com\/index.php\/wp-json\/wp\/v2\/users\/2"}],"replies":[{"embeddable":true,"href":"https:\/\/diarioprincipios.com\/index.php\/wp-json\/wp\/v2\/comments?post=27239"}],"version-history":[{"count":1,"href":"https:\/\/diarioprincipios.com\/index.php\/wp-json\/wp\/v2\/posts\/27239\/revisions"}],"predecessor-version":[{"id":27241,"href":"https:\/\/diarioprincipios.com\/index.php\/wp-json\/wp\/v2\/posts\/27239\/revisions\/27241"}],"wp:featuredmedia":[{"embeddable":true,"href":"https:\/\/diarioprincipios.com\/index.php\/wp-json\/wp\/v2\/media\/27240"}],"wp:attachment":[{"href":"https:\/\/diarioprincipios.com\/index.php\/wp-json\/wp\/v2\/media?parent=27239"}],"wp:term":[{"taxonomy":"category","embeddable":true,"href":"https:\/\/diarioprincipios.com\/index.php\/wp-json\/wp\/v2\/categories?post=27239"},{"taxonomy":"post_tag","embeddable":true,"href":"https:\/\/diarioprincipios.com\/index.php\/wp-json\/wp\/v2\/tags?post=27239"}],"curies":[{"name":"wp","href":"https:\/\/api.w.org\/{rel}","templated":true}]}}