{"id":27234,"date":"2026-04-29T14:02:18","date_gmt":"2026-04-29T17:02:18","guid":{"rendered":"https:\/\/diarioprincipios.com\/?p=27234"},"modified":"2026-04-29T14:02:19","modified_gmt":"2026-04-29T17:02:19","slug":"jornada-de-capacitacion-y-asesoramiento-para-cooperadoras-escolares","status":"publish","type":"post","link":"https:\/\/diarioprincipios.com\/index.php\/2026\/04\/29\/jornada-de-capacitacion-y-asesoramiento-para-cooperadoras-escolares\/","title":{"rendered":"Jornada de capacitaci\u00f3n y asesoramiento para cooperadoras escolares"},"content":{"rendered":"\n<p><strong>El intendente de Berazategui, Carlos Balor, encabez\u00f3 una jornada de capacitaci\u00f3n y asesoramiento destinada a integrantes de cooperadoras escolares y directivos de distintos establecimientos educativos del distrito.<\/strong><\/p>\n\n\n\n<p>El objetivo fue brindar informaci\u00f3n sobre la documentaci\u00f3n y los procedimientos que deber\u00e1n realizar durante 2026. Adem\u00e1s, se ofreci\u00f3 orientaci\u00f3n a aquellas instituciones que a\u00fan no cuentan con cooperadora o necesitan reorganizarla. La actividad tambi\u00e9n cont\u00f3 con la participaci\u00f3n de la inspectora Jefa Distrital, Gladys Ram\u00edrez; y FECOBE (Federaci\u00f3n de Cooperadores Escolares).<\/p>\n\n\n\n<p>En ese marco, el intendente Carlos Balor expres\u00f3: \u201cSiempre digo que los integrantes de una cooperadora, tienen un compromiso muy grande y trabajan comprometidos con lo que hacen. As\u00ed que quiero felicitarlos y dejarles un fuerte abrazo\u201d.<\/p>\n\n\n\n<figure class=\"wp-block-image size-large\"><img loading=\"lazy\" decoding=\"async\" width=\"1024\" height=\"683\" src=\"https:\/\/diarioprincipios.com\/wp-content\/uploads\/2026\/04\/Carlos-Balor-encabezo-una-jornada-de-capacitacion-y-asesoramiento-para-cooperadoras-escolares-de-Berazategui-2-1024x683.jpg\" alt=\"\" class=\"wp-image-27235\" srcset=\"https:\/\/diarioprincipios.com\/wp-content\/uploads\/2026\/04\/Carlos-Balor-encabezo-una-jornada-de-capacitacion-y-asesoramiento-para-cooperadoras-escolares-de-Berazategui-2-1024x683.jpg 1024w, https:\/\/diarioprincipios.com\/wp-content\/uploads\/2026\/04\/Carlos-Balor-encabezo-una-jornada-de-capacitacion-y-asesoramiento-para-cooperadoras-escolares-de-Berazategui-2-300x200.jpg 300w, https:\/\/diarioprincipios.com\/wp-content\/uploads\/2026\/04\/Carlos-Balor-encabezo-una-jornada-de-capacitacion-y-asesoramiento-para-cooperadoras-escolares-de-Berazategui-2-768x512.jpg 768w, https:\/\/diarioprincipios.com\/wp-content\/uploads\/2026\/04\/Carlos-Balor-encabezo-una-jornada-de-capacitacion-y-asesoramiento-para-cooperadoras-escolares-de-Berazategui-2-1536x1024.jpg 1536w, https:\/\/diarioprincipios.com\/wp-content\/uploads\/2026\/04\/Carlos-Balor-encabezo-una-jornada-de-capacitacion-y-asesoramiento-para-cooperadoras-escolares-de-Berazategui-2-600x400.jpg 600w, https:\/\/diarioprincipios.com\/wp-content\/uploads\/2026\/04\/Carlos-Balor-encabezo-una-jornada-de-capacitacion-y-asesoramiento-para-cooperadoras-escolares-de-Berazategui-2.jpg 2048w\" sizes=\"auto, (max-width: 1024px) 100vw, 1024px\" \/><\/figure>\n\n\n\n<p>Durante el encuentro se destac\u00f3 el trabajo que realizan las cooperadoras escolares en Berazategui, donde 190 de las 209 instituciones educativas del distrito cuentan actualmente con estos espacios constituidos, fortaleciendo as\u00ed el acompa\u00f1amiento a las comunidades educativas.<\/p>\n\n\n\n<p>Por su parte, la inspectora jefa distrital, Gladys Ram\u00edrez, se\u00f1al\u00f3: \u201cQuiero agradecerle al intendente de Berazategui, Carlos Balor, quien nos acompa\u00f1a hoy. Yo digo que \u00e9l contin\u00faa la gesti\u00f3n del Dr. Mussi con compromiso y convicci\u00f3n, porque \u00e9l est\u00e1 seguro que ese es el camino\u201d. Y agreg\u00f3: \u201cMe parece importante que nos encontremos. Esta capacitaci\u00f3n fue promovida a\u00f1o a a\u00f1o desde el Consejo Escolar, desde las cooperadoras escolares y por el mismo Dr. Mussi. Es un momento especial del pa\u00eds, un escenario complejo desde lo econ\u00f3mico y social. Por eso comparto con lo que dec\u00eda el Intendente: tienen un valor muy importante las cooperadoras con esa presencia en las escuelas\u201d.<\/p>\n\n\n\n<p>Junto a la comunidad educativa, tambi\u00e9n estuvieron integrantes del Gabinete municipal, consejeros escolares y concejales.<\/p>\n","protected":false},"excerpt":{"rendered":"<p>El intendente de Berazategui, Carlos Balor, encabez\u00f3 una jornada de capacitaci\u00f3n y asesoramiento destinada a integrantes de cooperadoras escolares y directivos de distintos establecimientos educativos del distrito. El objetivo fue brindar informaci\u00f3n sobre la documentaci\u00f3n y los procedimientos que deber\u00e1n realizar durante 2026. Adem\u00e1s, se ofreci\u00f3 orientaci\u00f3n a aquellas instituciones que a\u00fan no cuentan con&#8230;<\/p>\n","protected":false},"author":2,"featured_media":27236,"comment_status":"open","ping_status":"open","sticky":false,"template":"","format":"standard","meta":{"footnotes":""},"categories":[3,19],"tags":[],"class_list":["post-27234","post","type-post","status-publish","format-standard","has-post-thumbnail","hentry","category-berazategui","category-cultura-educacion"],"featured_image_src":"https:\/\/diarioprincipios.com\/wp-content\/uploads\/2026\/04\/Carlos-Balor-encabezo-una-jornada-de-capacitacion-y-asesoramiento-para-cooperadoras-escolares-de-Berazategui-3-1024x683.jpg","blog_images":{"medium":"https:\/\/diarioprincipios.com\/wp-content\/uploads\/2026\/04\/Carlos-Balor-encabezo-una-jornada-de-capacitacion-y-asesoramiento-para-cooperadoras-escolares-de-Berazategui-3-300x200.jpg","large":"https:\/\/diarioprincipios.com\/wp-content\/uploads\/2026\/04\/Carlos-Balor-encabezo-una-jornada-de-capacitacion-y-asesoramiento-para-cooperadoras-escolares-de-Berazategui-3-1024x683.jpg"},"ams_acf":[],"yoast_head":"<!-- This site is optimized with the Yoast SEO plugin v27.3 - https:\/\/yoast.com\/product\/yoast-seo-wordpress\/ -->\n<title>Jornada de capacitaci\u00f3n y asesoramiento para cooperadoras escolares - Principios<\/title>\n<meta name=\"robots\" content=\"index, follow, max-snippet:-1, max-image-preview:large, max-video-preview:-1\" \/>\n<link rel=\"canonical\" href=\"https:\/\/diarioprincipios.com\/index.php\/2026\/04\/29\/jornada-de-capacitacion-y-asesoramiento-para-cooperadoras-escolares\/\" \/>\n<meta property=\"og:locale\" content=\"es_ES\" \/>\n<meta property=\"og:type\" content=\"article\" \/>\n<meta property=\"og:title\" content=\"Jornada de capacitaci\u00f3n y asesoramiento para cooperadoras escolares - Principios\" \/>\n<meta property=\"og:description\" content=\"El intendente de Berazategui, Carlos Balor, encabez\u00f3 una jornada de capacitaci\u00f3n y asesoramiento destinada a integrantes de cooperadoras escolares y directivos de distintos establecimientos educativos del distrito. El objetivo fue brindar informaci\u00f3n sobre la documentaci\u00f3n y los procedimientos que deber\u00e1n realizar durante 2026. Adem\u00e1s, se ofreci\u00f3 orientaci\u00f3n a aquellas instituciones que a\u00fan no cuentan con...\" \/>\n<meta property=\"og:url\" content=\"https:\/\/diarioprincipios.com\/index.php\/2026\/04\/29\/jornada-de-capacitacion-y-asesoramiento-para-cooperadoras-escolares\/\" \/>\n<meta property=\"og:site_name\" content=\"Principios\" \/>\n<meta property=\"article:published_time\" content=\"2026-04-29T17:02:18+00:00\" \/>\n<meta property=\"article:modified_time\" content=\"2026-04-29T17:02:19+00:00\" \/>\n<meta property=\"og:image\" content=\"https:\/\/diarioprincipios.com\/wp-content\/uploads\/2026\/04\/Carlos-Balor-encabezo-una-jornada-de-capacitacion-y-asesoramiento-para-cooperadoras-escolares-de-Berazategui-3.jpg\" \/>\n\t<meta property=\"og:image:width\" content=\"2048\" \/>\n\t<meta property=\"og:image:height\" content=\"1365\" \/>\n\t<meta property=\"og:image:type\" content=\"image\/jpeg\" \/>\n<meta name=\"author\" content=\"Hern\u00e1n L\u00f3pez\" \/>\n<meta name=\"twitter:card\" content=\"summary_large_image\" \/>\n<meta name=\"twitter:label1\" content=\"Escrito por\" \/>\n\t<meta name=\"twitter:data1\" content=\"Hern\u00e1n L\u00f3pez\" \/>\n\t<meta name=\"twitter:label2\" content=\"Tiempo de lectura\" \/>\n\t<meta name=\"twitter:data2\" content=\"2 minutos\" \/>\n<script type=\"application\/ld+json\" class=\"yoast-schema-graph\">{\"@context\":\"https:\\\/\\\/schema.org\",\"@graph\":[{\"@type\":\"Article\",\"@id\":\"https:\\\/\\\/diarioprincipios.com\\\/index.php\\\/2026\\\/04\\\/29\\\/jornada-de-capacitacion-y-asesoramiento-para-cooperadoras-escolares\\\/#article\",\"isPartOf\":{\"@id\":\"https:\\\/\\\/diarioprincipios.com\\\/index.php\\\/2026\\\/04\\\/29\\\/jornada-de-capacitacion-y-asesoramiento-para-cooperadoras-escolares\\\/\"},\"author\":{\"name\":\"Hern\u00e1n L\u00f3pez\",\"@id\":\"https:\\\/\\\/diarioprincipios.com\\\/#\\\/schema\\\/person\\\/436d5a1fd41a5e250e23ff5a6a7cb080\"},\"headline\":\"Jornada de capacitaci\u00f3n y asesoramiento para cooperadoras escolares\",\"datePublished\":\"2026-04-29T17:02:18+00:00\",\"dateModified\":\"2026-04-29T17:02:19+00:00\",\"mainEntityOfPage\":{\"@id\":\"https:\\\/\\\/diarioprincipios.com\\\/index.php\\\/2026\\\/04\\\/29\\\/jornada-de-capacitacion-y-asesoramiento-para-cooperadoras-escolares\\\/\"},\"wordCount\":309,\"commentCount\":0,\"publisher\":{\"@id\":\"https:\\\/\\\/diarioprincipios.com\\\/#organization\"},\"image\":{\"@id\":\"https:\\\/\\\/diarioprincipios.com\\\/index.php\\\/2026\\\/04\\\/29\\\/jornada-de-capacitacion-y-asesoramiento-para-cooperadoras-escolares\\\/#primaryimage\"},\"thumbnailUrl\":\"https:\\\/\\\/diarioprincipios.com\\\/wp-content\\\/uploads\\\/2026\\\/04\\\/Carlos-Balor-encabezo-una-jornada-de-capacitacion-y-asesoramiento-para-cooperadoras-escolares-de-Berazategui-3.jpg\",\"articleSection\":[\"Berazategui\",\"Cultura y Educaci\u00f3n\"],\"inLanguage\":\"es\",\"potentialAction\":[{\"@type\":\"CommentAction\",\"name\":\"Comment\",\"target\":[\"https:\\\/\\\/diarioprincipios.com\\\/index.php\\\/2026\\\/04\\\/29\\\/jornada-de-capacitacion-y-asesoramiento-para-cooperadoras-escolares\\\/#respond\"]}]},{\"@type\":\"WebPage\",\"@id\":\"https:\\\/\\\/diarioprincipios.com\\\/index.php\\\/2026\\\/04\\\/29\\\/jornada-de-capacitacion-y-asesoramiento-para-cooperadoras-escolares\\\/\",\"url\":\"https:\\\/\\\/diarioprincipios.com\\\/index.php\\\/2026\\\/04\\\/29\\\/jornada-de-capacitacion-y-asesoramiento-para-cooperadoras-escolares\\\/\",\"name\":\"Jornada de capacitaci\u00f3n y asesoramiento para cooperadoras escolares - Principios\",\"isPartOf\":{\"@id\":\"https:\\\/\\\/diarioprincipios.com\\\/#website\"},\"primaryImageOfPage\":{\"@id\":\"https:\\\/\\\/diarioprincipios.com\\\/index.php\\\/2026\\\/04\\\/29\\\/jornada-de-capacitacion-y-asesoramiento-para-cooperadoras-escolares\\\/#primaryimage\"},\"image\":{\"@id\":\"https:\\\/\\\/diarioprincipios.com\\\/index.php\\\/2026\\\/04\\\/29\\\/jornada-de-capacitacion-y-asesoramiento-para-cooperadoras-escolares\\\/#primaryimage\"},\"thumbnailUrl\":\"https:\\\/\\\/diarioprincipios.com\\\/wp-content\\\/uploads\\\/2026\\\/04\\\/Carlos-Balor-encabezo-una-jornada-de-capacitacion-y-asesoramiento-para-cooperadoras-escolares-de-Berazategui-3.jpg\",\"datePublished\":\"2026-04-29T17:02:18+00:00\",\"dateModified\":\"2026-04-29T17:02:19+00:00\",\"breadcrumb\":{\"@id\":\"https:\\\/\\\/diarioprincipios.com\\\/index.php\\\/2026\\\/04\\\/29\\\/jornada-de-capacitacion-y-asesoramiento-para-cooperadoras-escolares\\\/#breadcrumb\"},\"inLanguage\":\"es\",\"potentialAction\":[{\"@type\":\"ReadAction\",\"target\":[\"https:\\\/\\\/diarioprincipios.com\\\/index.php\\\/2026\\\/04\\\/29\\\/jornada-de-capacitacion-y-asesoramiento-para-cooperadoras-escolares\\\/\"]}]},{\"@type\":\"ImageObject\",\"inLanguage\":\"es\",\"@id\":\"https:\\\/\\\/diarioprincipios.com\\\/index.php\\\/2026\\\/04\\\/29\\\/jornada-de-capacitacion-y-asesoramiento-para-cooperadoras-escolares\\\/#primaryimage\",\"url\":\"https:\\\/\\\/diarioprincipios.com\\\/wp-content\\\/uploads\\\/2026\\\/04\\\/Carlos-Balor-encabezo-una-jornada-de-capacitacion-y-asesoramiento-para-cooperadoras-escolares-de-Berazategui-3.jpg\",\"contentUrl\":\"https:\\\/\\\/diarioprincipios.com\\\/wp-content\\\/uploads\\\/2026\\\/04\\\/Carlos-Balor-encabezo-una-jornada-de-capacitacion-y-asesoramiento-para-cooperadoras-escolares-de-Berazategui-3.jpg\",\"width\":2048,\"height\":1365},{\"@type\":\"BreadcrumbList\",\"@id\":\"https:\\\/\\\/diarioprincipios.com\\\/index.php\\\/2026\\\/04\\\/29\\\/jornada-de-capacitacion-y-asesoramiento-para-cooperadoras-escolares\\\/#breadcrumb\",\"itemListElement\":[{\"@type\":\"ListItem\",\"position\":1,\"name\":\"Portada\",\"item\":\"https:\\\/\\\/diarioprincipios.com\\\/\"},{\"@type\":\"ListItem\",\"position\":2,\"name\":\"Jornada de capacitaci\u00f3n y asesoramiento para cooperadoras escolares\"}]},{\"@type\":\"WebSite\",\"@id\":\"https:\\\/\\\/diarioprincipios.com\\\/#website\",\"url\":\"https:\\\/\\\/diarioprincipios.com\\\/\",\"name\":\"Principios\",\"description\":\"Principios Diario\",\"publisher\":{\"@id\":\"https:\\\/\\\/diarioprincipios.com\\\/#organization\"},\"potentialAction\":[{\"@type\":\"SearchAction\",\"target\":{\"@type\":\"EntryPoint\",\"urlTemplate\":\"https:\\\/\\\/diarioprincipios.com\\\/?s={search_term_string}\"},\"query-input\":{\"@type\":\"PropertyValueSpecification\",\"valueRequired\":true,\"valueName\":\"search_term_string\"}}],\"inLanguage\":\"es\"},{\"@type\":\"Organization\",\"@id\":\"https:\\\/\\\/diarioprincipios.com\\\/#organization\",\"name\":\"Principios\",\"url\":\"https:\\\/\\\/diarioprincipios.com\\\/\",\"logo\":{\"@type\":\"ImageObject\",\"inLanguage\":\"es\",\"@id\":\"https:\\\/\\\/diarioprincipios.com\\\/#\\\/schema\\\/logo\\\/image\\\/\",\"url\":\"https:\\\/\\\/diarioprincipios.com\\\/wp-content\\\/uploads\\\/2024\\\/04\\\/cropped-www.diarioprincipios.com_-1.png\",\"contentUrl\":\"https:\\\/\\\/diarioprincipios.com\\\/wp-content\\\/uploads\\\/2024\\\/04\\\/cropped-www.diarioprincipios.com_-1.png\",\"width\":5325,\"height\":1454,\"caption\":\"Principios\"},\"image\":{\"@id\":\"https:\\\/\\\/diarioprincipios.com\\\/#\\\/schema\\\/logo\\\/image\\\/\"}},{\"@type\":\"Person\",\"@id\":\"https:\\\/\\\/diarioprincipios.com\\\/#\\\/schema\\\/person\\\/436d5a1fd41a5e250e23ff5a6a7cb080\",\"name\":\"Hern\u00e1n L\u00f3pez\",\"image\":{\"@type\":\"ImageObject\",\"inLanguage\":\"es\",\"@id\":\"https:\\\/\\\/diarioprincipios.com\\\/wp-content\\\/litespeed\\\/avatar\\\/11ddfe5610ff3bd100522525b2571f48.jpg?ver=1777048341\",\"url\":\"https:\\\/\\\/diarioprincipios.com\\\/wp-content\\\/litespeed\\\/avatar\\\/11ddfe5610ff3bd100522525b2571f48.jpg?ver=1777048341\",\"contentUrl\":\"https:\\\/\\\/diarioprincipios.com\\\/wp-content\\\/litespeed\\\/avatar\\\/11ddfe5610ff3bd100522525b2571f48.jpg?ver=1777048341\",\"caption\":\"Hern\u00e1n L\u00f3pez\"},\"url\":\"https:\\\/\\\/diarioprincipios.com\\\/index.php\\\/author\\\/hernan\\\/\"}]}<\/script>\n<!-- \/ Yoast SEO plugin. -->","yoast_head_json":{"title":"Jornada de capacitaci\u00f3n y asesoramiento para cooperadoras escolares - Principios","robots":{"index":"index","follow":"follow","max-snippet":"max-snippet:-1","max-image-preview":"max-image-preview:large","max-video-preview":"max-video-preview:-1"},"canonical":"https:\/\/diarioprincipios.com\/index.php\/2026\/04\/29\/jornada-de-capacitacion-y-asesoramiento-para-cooperadoras-escolares\/","og_locale":"es_ES","og_type":"article","og_title":"Jornada de capacitaci\u00f3n y asesoramiento para cooperadoras escolares - Principios","og_description":"El intendente de Berazategui, Carlos Balor, encabez\u00f3 una jornada de capacitaci\u00f3n y asesoramiento destinada a integrantes de cooperadoras escolares y directivos de distintos establecimientos educativos del distrito. El objetivo fue brindar informaci\u00f3n sobre la documentaci\u00f3n y los procedimientos que deber\u00e1n realizar durante 2026. Adem\u00e1s, se ofreci\u00f3 orientaci\u00f3n a aquellas instituciones que a\u00fan no cuentan con...","og_url":"https:\/\/diarioprincipios.com\/index.php\/2026\/04\/29\/jornada-de-capacitacion-y-asesoramiento-para-cooperadoras-escolares\/","og_site_name":"Principios","article_published_time":"2026-04-29T17:02:18+00:00","article_modified_time":"2026-04-29T17:02:19+00:00","og_image":[{"width":2048,"height":1365,"url":"https:\/\/diarioprincipios.com\/wp-content\/uploads\/2026\/04\/Carlos-Balor-encabezo-una-jornada-de-capacitacion-y-asesoramiento-para-cooperadoras-escolares-de-Berazategui-3.jpg","type":"image\/jpeg"}],"author":"Hern\u00e1n L\u00f3pez","twitter_card":"summary_large_image","twitter_misc":{"Escrito por":"Hern\u00e1n L\u00f3pez","Tiempo de lectura":"2 minutos"},"schema":{"@context":"https:\/\/schema.org","@graph":[{"@type":"Article","@id":"https:\/\/diarioprincipios.com\/index.php\/2026\/04\/29\/jornada-de-capacitacion-y-asesoramiento-para-cooperadoras-escolares\/#article","isPartOf":{"@id":"https:\/\/diarioprincipios.com\/index.php\/2026\/04\/29\/jornada-de-capacitacion-y-asesoramiento-para-cooperadoras-escolares\/"},"author":{"name":"Hern\u00e1n L\u00f3pez","@id":"https:\/\/diarioprincipios.com\/#\/schema\/person\/436d5a1fd41a5e250e23ff5a6a7cb080"},"headline":"Jornada de capacitaci\u00f3n y asesoramiento para cooperadoras escolares","datePublished":"2026-04-29T17:02:18+00:00","dateModified":"2026-04-29T17:02:19+00:00","mainEntityOfPage":{"@id":"https:\/\/diarioprincipios.com\/index.php\/2026\/04\/29\/jornada-de-capacitacion-y-asesoramiento-para-cooperadoras-escolares\/"},"wordCount":309,"commentCount":0,"publisher":{"@id":"https:\/\/diarioprincipios.com\/#organization"},"image":{"@id":"https:\/\/diarioprincipios.com\/index.php\/2026\/04\/29\/jornada-de-capacitacion-y-asesoramiento-para-cooperadoras-escolares\/#primaryimage"},"thumbnailUrl":"https:\/\/diarioprincipios.com\/wp-content\/uploads\/2026\/04\/Carlos-Balor-encabezo-una-jornada-de-capacitacion-y-asesoramiento-para-cooperadoras-escolares-de-Berazategui-3.jpg","articleSection":["Berazategui","Cultura y Educaci\u00f3n"],"inLanguage":"es","potentialAction":[{"@type":"CommentAction","name":"Comment","target":["https:\/\/diarioprincipios.com\/index.php\/2026\/04\/29\/jornada-de-capacitacion-y-asesoramiento-para-cooperadoras-escolares\/#respond"]}]},{"@type":"WebPage","@id":"https:\/\/diarioprincipios.com\/index.php\/2026\/04\/29\/jornada-de-capacitacion-y-asesoramiento-para-cooperadoras-escolares\/","url":"https:\/\/diarioprincipios.com\/index.php\/2026\/04\/29\/jornada-de-capacitacion-y-asesoramiento-para-cooperadoras-escolares\/","name":"Jornada de capacitaci\u00f3n y asesoramiento para cooperadoras escolares - Principios","isPartOf":{"@id":"https:\/\/diarioprincipios.com\/#website"},"primaryImageOfPage":{"@id":"https:\/\/diarioprincipios.com\/index.php\/2026\/04\/29\/jornada-de-capacitacion-y-asesoramiento-para-cooperadoras-escolares\/#primaryimage"},"image":{"@id":"https:\/\/diarioprincipios.com\/index.php\/2026\/04\/29\/jornada-de-capacitacion-y-asesoramiento-para-cooperadoras-escolares\/#primaryimage"},"thumbnailUrl":"https:\/\/diarioprincipios.com\/wp-content\/uploads\/2026\/04\/Carlos-Balor-encabezo-una-jornada-de-capacitacion-y-asesoramiento-para-cooperadoras-escolares-de-Berazategui-3.jpg","datePublished":"2026-04-29T17:02:18+00:00","dateModified":"2026-04-29T17:02:19+00:00","breadcrumb":{"@id":"https:\/\/diarioprincipios.com\/index.php\/2026\/04\/29\/jornada-de-capacitacion-y-asesoramiento-para-cooperadoras-escolares\/#breadcrumb"},"inLanguage":"es","potentialAction":[{"@type":"ReadAction","target":["https:\/\/diarioprincipios.com\/index.php\/2026\/04\/29\/jornada-de-capacitacion-y-asesoramiento-para-cooperadoras-escolares\/"]}]},{"@type":"ImageObject","inLanguage":"es","@id":"https:\/\/diarioprincipios.com\/index.php\/2026\/04\/29\/jornada-de-capacitacion-y-asesoramiento-para-cooperadoras-escolares\/#primaryimage","url":"https:\/\/diarioprincipios.com\/wp-content\/uploads\/2026\/04\/Carlos-Balor-encabezo-una-jornada-de-capacitacion-y-asesoramiento-para-cooperadoras-escolares-de-Berazategui-3.jpg","contentUrl":"https:\/\/diarioprincipios.com\/wp-content\/uploads\/2026\/04\/Carlos-Balor-encabezo-una-jornada-de-capacitacion-y-asesoramiento-para-cooperadoras-escolares-de-Berazategui-3.jpg","width":2048,"height":1365},{"@type":"BreadcrumbList","@id":"https:\/\/diarioprincipios.com\/index.php\/2026\/04\/29\/jornada-de-capacitacion-y-asesoramiento-para-cooperadoras-escolares\/#breadcrumb","itemListElement":[{"@type":"ListItem","position":1,"name":"Portada","item":"https:\/\/diarioprincipios.com\/"},{"@type":"ListItem","position":2,"name":"Jornada de capacitaci\u00f3n y asesoramiento para cooperadoras escolares"}]},{"@type":"WebSite","@id":"https:\/\/diarioprincipios.com\/#website","url":"https:\/\/diarioprincipios.com\/","name":"Principios","description":"Principios Diario","publisher":{"@id":"https:\/\/diarioprincipios.com\/#organization"},"potentialAction":[{"@type":"SearchAction","target":{"@type":"EntryPoint","urlTemplate":"https:\/\/diarioprincipios.com\/?s={search_term_string}"},"query-input":{"@type":"PropertyValueSpecification","valueRequired":true,"valueName":"search_term_string"}}],"inLanguage":"es"},{"@type":"Organization","@id":"https:\/\/diarioprincipios.com\/#organization","name":"Principios","url":"https:\/\/diarioprincipios.com\/","logo":{"@type":"ImageObject","inLanguage":"es","@id":"https:\/\/diarioprincipios.com\/#\/schema\/logo\/image\/","url":"https:\/\/diarioprincipios.com\/wp-content\/uploads\/2024\/04\/cropped-www.diarioprincipios.com_-1.png","contentUrl":"https:\/\/diarioprincipios.com\/wp-content\/uploads\/2024\/04\/cropped-www.diarioprincipios.com_-1.png","width":5325,"height":1454,"caption":"Principios"},"image":{"@id":"https:\/\/diarioprincipios.com\/#\/schema\/logo\/image\/"}},{"@type":"Person","@id":"https:\/\/diarioprincipios.com\/#\/schema\/person\/436d5a1fd41a5e250e23ff5a6a7cb080","name":"Hern\u00e1n L\u00f3pez","image":{"@type":"ImageObject","inLanguage":"es","@id":"https:\/\/diarioprincipios.com\/wp-content\/litespeed\/avatar\/11ddfe5610ff3bd100522525b2571f48.jpg?ver=1777048341","url":"https:\/\/diarioprincipios.com\/wp-content\/litespeed\/avatar\/11ddfe5610ff3bd100522525b2571f48.jpg?ver=1777048341","contentUrl":"https:\/\/diarioprincipios.com\/wp-content\/litespeed\/avatar\/11ddfe5610ff3bd100522525b2571f48.jpg?ver=1777048341","caption":"Hern\u00e1n L\u00f3pez"},"url":"https:\/\/diarioprincipios.com\/index.php\/author\/hernan\/"}]}},"jetpack_featured_media_url":"https:\/\/diarioprincipios.com\/wp-content\/uploads\/2026\/04\/Carlos-Balor-encabezo-una-jornada-de-capacitacion-y-asesoramiento-para-cooperadoras-escolares-de-Berazategui-3.jpg","_links":{"self":[{"href":"https:\/\/diarioprincipios.com\/index.php\/wp-json\/wp\/v2\/posts\/27234","targetHints":{"allow":["GET"]}}],"collection":[{"href":"https:\/\/diarioprincipios.com\/index.php\/wp-json\/wp\/v2\/posts"}],"about":[{"href":"https:\/\/diarioprincipios.com\/index.php\/wp-json\/wp\/v2\/types\/post"}],"author":[{"embeddable":true,"href":"https:\/\/diarioprincipios.com\/index.php\/wp-json\/wp\/v2\/users\/2"}],"replies":[{"embeddable":true,"href":"https:\/\/diarioprincipios.com\/index.php\/wp-json\/wp\/v2\/comments?post=27234"}],"version-history":[{"count":1,"href":"https:\/\/diarioprincipios.com\/index.php\/wp-json\/wp\/v2\/posts\/27234\/revisions"}],"predecessor-version":[{"id":27237,"href":"https:\/\/diarioprincipios.com\/index.php\/wp-json\/wp\/v2\/posts\/27234\/revisions\/27237"}],"wp:featuredmedia":[{"embeddable":true,"href":"https:\/\/diarioprincipios.com\/index.php\/wp-json\/wp\/v2\/media\/27236"}],"wp:attachment":[{"href":"https:\/\/diarioprincipios.com\/index.php\/wp-json\/wp\/v2\/media?parent=27234"}],"wp:term":[{"taxonomy":"category","embeddable":true,"href":"https:\/\/diarioprincipios.com\/index.php\/wp-json\/wp\/v2\/categories?post=27234"},{"taxonomy":"post_tag","embeddable":true,"href":"https:\/\/diarioprincipios.com\/index.php\/wp-json\/wp\/v2\/tags?post=27234"}],"curies":[{"name":"wp","href":"https:\/\/api.w.org\/{rel}","templated":true}]}}