{"id":27225,"date":"2026-04-29T11:48:08","date_gmt":"2026-04-29T14:48:08","guid":{"rendered":"https:\/\/diarioprincipios.com\/?p=27225"},"modified":"2026-04-29T11:48:09","modified_gmt":"2026-04-29T14:48:09","slug":"encuentro-de-delegados-del-gremio-de-comercio-en-busca-de-la-unidad-y-defensa-de-los-derechos-laborales","status":"publish","type":"post","link":"https:\/\/diarioprincipios.com\/index.php\/2026\/04\/29\/encuentro-de-delegados-del-gremio-de-comercio-en-busca-de-la-unidad-y-defensa-de-los-derechos-laborales\/","title":{"rendered":"Encuentro de Delegados del gremio de Comercio en busca de la unidad y defensa de los derechos laborales"},"content":{"rendered":"\n<p>El martes 28 de abril se llev\u00f3 adelante una importante charla de todo el cuerpo de delegados del Centro de Empleados de Comercio de Quilmes, Varela, Berazategui y S. F. Solano, en el marco del an\u00e1lisis y debate sobre la reforma laboral impulsada por el Gobierno Nacional.<br>Durante el encuentro se abordaron los principales puntos de esta iniciativa, sus implicancias para las y los trabajadores mercantiles, concluyendo en \u00abla necesidad de fortalecer la organizaci\u00f3n colectiva en un contexto que exige unidad, compromiso y firme defensa de nuestros derechos\u00bb.<\/p>\n\n\n\n<figure class=\"wp-block-image size-large\"><img loading=\"lazy\" decoding=\"async\" width=\"768\" height=\"1024\" src=\"https:\/\/diarioprincipios.com\/wp-content\/uploads\/2026\/04\/IMG-20260429-WA0018-768x1024.jpg\" alt=\"\" class=\"wp-image-27226\" srcset=\"https:\/\/diarioprincipios.com\/wp-content\/uploads\/2026\/04\/IMG-20260429-WA0018-768x1024.jpg 768w, https:\/\/diarioprincipios.com\/wp-content\/uploads\/2026\/04\/IMG-20260429-WA0018-225x300.jpg 225w, https:\/\/diarioprincipios.com\/wp-content\/uploads\/2026\/04\/IMG-20260429-WA0018-1152x1536.jpg 1152w, https:\/\/diarioprincipios.com\/wp-content\/uploads\/2026\/04\/IMG-20260429-WA0018-1536x2048.jpg 1536w, https:\/\/diarioprincipios.com\/wp-content\/uploads\/2026\/04\/IMG-20260429-WA0018-scaled.jpg 1920w\" sizes=\"auto, (max-width: 768px) 100vw, 768px\" \/><\/figure>\n\n\n\n<p><br>Anunciaron adem\u00e1s que \u00abde cara al pr\u00f3ximo D\u00eda del Trabajador, se propuso impulsar una jornada de concientizaci\u00f3n, con el objetivo de dialogar con nuestros compa\u00f1eros y compa\u00f1eras, informar sobre las nuevas pol\u00edticas y generar conciencia sobre el verdadero impacto que estas medidas pueden tener en el trabajo\u00bb.<br>Expusieron que \u00abdesde el CECQ reafirmamos el rol fundamental de las organizaciones gremiales y de todo el cuerpo de delegados como actores clave en la representaci\u00f3n, defensa y protecci\u00f3n de cada trabajador y trabajadora\u00bb.<br>Finalmente desde el espacio que responde a Roberto \u00abMata\u00bb Rodriguez Conducci\u00f3n destacaron que \u00abestamos m\u00e1s unidos que nunca, en defensa de nuestros derechos\u00bb.<\/p>\n","protected":false},"excerpt":{"rendered":"<p>El martes 28 de abril se llev\u00f3 adelante una importante charla de todo el cuerpo de delegados del Centro de Empleados de Comercio de Quilmes, Varela, Berazategui y S. F. Solano, en el marco del an\u00e1lisis y debate sobre la reforma laboral impulsada por el Gobierno Nacional.Durante el encuentro se abordaron los principales puntos de&#8230;<\/p>\n","protected":false},"author":2,"featured_media":27227,"comment_status":"open","ping_status":"open","sticky":false,"template":"","format":"standard","meta":{"footnotes":""},"categories":[3],"tags":[],"class_list":["post-27225","post","type-post","status-publish","format-standard","has-post-thumbnail","hentry","category-berazategui"],"featured_image_src":"https:\/\/diarioprincipios.com\/wp-content\/uploads\/2026\/04\/IMG-20260429-WA0016-1024x768.jpg","blog_images":{"medium":"https:\/\/diarioprincipios.com\/wp-content\/uploads\/2026\/04\/IMG-20260429-WA0016-300x225.jpg","large":"https:\/\/diarioprincipios.com\/wp-content\/uploads\/2026\/04\/IMG-20260429-WA0016-1024x768.jpg"},"ams_acf":[],"yoast_head":"<!-- This site is optimized with the Yoast SEO plugin v27.3 - https:\/\/yoast.com\/product\/yoast-seo-wordpress\/ -->\n<title>Encuentro de Delegados del gremio de Comercio en busca de la unidad y defensa de los derechos laborales - Principios<\/title>\n<meta name=\"robots\" content=\"index, follow, max-snippet:-1, max-image-preview:large, max-video-preview:-1\" \/>\n<link rel=\"canonical\" href=\"https:\/\/diarioprincipios.com\/index.php\/2026\/04\/29\/encuentro-de-delegados-del-gremio-de-comercio-en-busca-de-la-unidad-y-defensa-de-los-derechos-laborales\/\" \/>\n<meta property=\"og:locale\" content=\"es_ES\" \/>\n<meta property=\"og:type\" content=\"article\" \/>\n<meta property=\"og:title\" content=\"Encuentro de Delegados del gremio de Comercio en busca de la unidad y defensa de los derechos laborales - Principios\" \/>\n<meta property=\"og:description\" content=\"El martes 28 de abril se llev\u00f3 adelante una importante charla de todo el cuerpo de delegados del Centro de Empleados de Comercio de Quilmes, Varela, Berazategui y S. F. Solano, en el marco del an\u00e1lisis y debate sobre la reforma laboral impulsada por el Gobierno Nacional.Durante el encuentro se abordaron los principales puntos de...\" \/>\n<meta property=\"og:url\" content=\"https:\/\/diarioprincipios.com\/index.php\/2026\/04\/29\/encuentro-de-delegados-del-gremio-de-comercio-en-busca-de-la-unidad-y-defensa-de-los-derechos-laborales\/\" \/>\n<meta property=\"og:site_name\" content=\"Principios\" \/>\n<meta property=\"article:published_time\" content=\"2026-04-29T14:48:08+00:00\" \/>\n<meta property=\"article:modified_time\" content=\"2026-04-29T14:48:09+00:00\" \/>\n<meta property=\"og:image\" content=\"https:\/\/diarioprincipios.com\/wp-content\/uploads\/2026\/04\/IMG-20260429-WA0016-scaled.jpg\" \/>\n\t<meta property=\"og:image:width\" content=\"2560\" \/>\n\t<meta property=\"og:image:height\" content=\"1920\" \/>\n\t<meta property=\"og:image:type\" content=\"image\/jpeg\" \/>\n<meta name=\"author\" content=\"Hern\u00e1n L\u00f3pez\" \/>\n<meta name=\"twitter:card\" content=\"summary_large_image\" \/>\n<meta name=\"twitter:label1\" content=\"Escrito por\" \/>\n\t<meta name=\"twitter:data1\" content=\"Hern\u00e1n L\u00f3pez\" \/>\n\t<meta name=\"twitter:label2\" content=\"Tiempo de lectura\" \/>\n\t<meta name=\"twitter:data2\" content=\"2 minutos\" \/>\n<script type=\"application\/ld+json\" class=\"yoast-schema-graph\">{\"@context\":\"https:\\\/\\\/schema.org\",\"@graph\":[{\"@type\":\"Article\",\"@id\":\"https:\\\/\\\/diarioprincipios.com\\\/index.php\\\/2026\\\/04\\\/29\\\/encuentro-de-delegados-del-gremio-de-comercio-en-busca-de-la-unidad-y-defensa-de-los-derechos-laborales\\\/#article\",\"isPartOf\":{\"@id\":\"https:\\\/\\\/diarioprincipios.com\\\/index.php\\\/2026\\\/04\\\/29\\\/encuentro-de-delegados-del-gremio-de-comercio-en-busca-de-la-unidad-y-defensa-de-los-derechos-laborales\\\/\"},\"author\":{\"name\":\"Hern\u00e1n L\u00f3pez\",\"@id\":\"https:\\\/\\\/diarioprincipios.com\\\/#\\\/schema\\\/person\\\/436d5a1fd41a5e250e23ff5a6a7cb080\"},\"headline\":\"Encuentro de Delegados del gremio de Comercio en busca de la unidad y defensa de los derechos laborales\",\"datePublished\":\"2026-04-29T14:48:08+00:00\",\"dateModified\":\"2026-04-29T14:48:09+00:00\",\"mainEntityOfPage\":{\"@id\":\"https:\\\/\\\/diarioprincipios.com\\\/index.php\\\/2026\\\/04\\\/29\\\/encuentro-de-delegados-del-gremio-de-comercio-en-busca-de-la-unidad-y-defensa-de-los-derechos-laborales\\\/\"},\"wordCount\":222,\"commentCount\":0,\"publisher\":{\"@id\":\"https:\\\/\\\/diarioprincipios.com\\\/#organization\"},\"image\":{\"@id\":\"https:\\\/\\\/diarioprincipios.com\\\/index.php\\\/2026\\\/04\\\/29\\\/encuentro-de-delegados-del-gremio-de-comercio-en-busca-de-la-unidad-y-defensa-de-los-derechos-laborales\\\/#primaryimage\"},\"thumbnailUrl\":\"https:\\\/\\\/diarioprincipios.com\\\/wp-content\\\/uploads\\\/2026\\\/04\\\/IMG-20260429-WA0016-scaled.jpg\",\"articleSection\":[\"Berazategui\"],\"inLanguage\":\"es\",\"potentialAction\":[{\"@type\":\"CommentAction\",\"name\":\"Comment\",\"target\":[\"https:\\\/\\\/diarioprincipios.com\\\/index.php\\\/2026\\\/04\\\/29\\\/encuentro-de-delegados-del-gremio-de-comercio-en-busca-de-la-unidad-y-defensa-de-los-derechos-laborales\\\/#respond\"]}]},{\"@type\":\"WebPage\",\"@id\":\"https:\\\/\\\/diarioprincipios.com\\\/index.php\\\/2026\\\/04\\\/29\\\/encuentro-de-delegados-del-gremio-de-comercio-en-busca-de-la-unidad-y-defensa-de-los-derechos-laborales\\\/\",\"url\":\"https:\\\/\\\/diarioprincipios.com\\\/index.php\\\/2026\\\/04\\\/29\\\/encuentro-de-delegados-del-gremio-de-comercio-en-busca-de-la-unidad-y-defensa-de-los-derechos-laborales\\\/\",\"name\":\"Encuentro de Delegados del gremio de Comercio en busca de la unidad y defensa de los derechos laborales - Principios\",\"isPartOf\":{\"@id\":\"https:\\\/\\\/diarioprincipios.com\\\/#website\"},\"primaryImageOfPage\":{\"@id\":\"https:\\\/\\\/diarioprincipios.com\\\/index.php\\\/2026\\\/04\\\/29\\\/encuentro-de-delegados-del-gremio-de-comercio-en-busca-de-la-unidad-y-defensa-de-los-derechos-laborales\\\/#primaryimage\"},\"image\":{\"@id\":\"https:\\\/\\\/diarioprincipios.com\\\/index.php\\\/2026\\\/04\\\/29\\\/encuentro-de-delegados-del-gremio-de-comercio-en-busca-de-la-unidad-y-defensa-de-los-derechos-laborales\\\/#primaryimage\"},\"thumbnailUrl\":\"https:\\\/\\\/diarioprincipios.com\\\/wp-content\\\/uploads\\\/2026\\\/04\\\/IMG-20260429-WA0016-scaled.jpg\",\"datePublished\":\"2026-04-29T14:48:08+00:00\",\"dateModified\":\"2026-04-29T14:48:09+00:00\",\"breadcrumb\":{\"@id\":\"https:\\\/\\\/diarioprincipios.com\\\/index.php\\\/2026\\\/04\\\/29\\\/encuentro-de-delegados-del-gremio-de-comercio-en-busca-de-la-unidad-y-defensa-de-los-derechos-laborales\\\/#breadcrumb\"},\"inLanguage\":\"es\",\"potentialAction\":[{\"@type\":\"ReadAction\",\"target\":[\"https:\\\/\\\/diarioprincipios.com\\\/index.php\\\/2026\\\/04\\\/29\\\/encuentro-de-delegados-del-gremio-de-comercio-en-busca-de-la-unidad-y-defensa-de-los-derechos-laborales\\\/\"]}]},{\"@type\":\"ImageObject\",\"inLanguage\":\"es\",\"@id\":\"https:\\\/\\\/diarioprincipios.com\\\/index.php\\\/2026\\\/04\\\/29\\\/encuentro-de-delegados-del-gremio-de-comercio-en-busca-de-la-unidad-y-defensa-de-los-derechos-laborales\\\/#primaryimage\",\"url\":\"https:\\\/\\\/diarioprincipios.com\\\/wp-content\\\/uploads\\\/2026\\\/04\\\/IMG-20260429-WA0016-scaled.jpg\",\"contentUrl\":\"https:\\\/\\\/diarioprincipios.com\\\/wp-content\\\/uploads\\\/2026\\\/04\\\/IMG-20260429-WA0016-scaled.jpg\",\"width\":2560,\"height\":1920},{\"@type\":\"BreadcrumbList\",\"@id\":\"https:\\\/\\\/diarioprincipios.com\\\/index.php\\\/2026\\\/04\\\/29\\\/encuentro-de-delegados-del-gremio-de-comercio-en-busca-de-la-unidad-y-defensa-de-los-derechos-laborales\\\/#breadcrumb\",\"itemListElement\":[{\"@type\":\"ListItem\",\"position\":1,\"name\":\"Portada\",\"item\":\"https:\\\/\\\/diarioprincipios.com\\\/\"},{\"@type\":\"ListItem\",\"position\":2,\"name\":\"Encuentro de Delegados del gremio de Comercio en busca de la unidad y defensa de los derechos laborales\"}]},{\"@type\":\"WebSite\",\"@id\":\"https:\\\/\\\/diarioprincipios.com\\\/#website\",\"url\":\"https:\\\/\\\/diarioprincipios.com\\\/\",\"name\":\"Principios\",\"description\":\"Principios Diario\",\"publisher\":{\"@id\":\"https:\\\/\\\/diarioprincipios.com\\\/#organization\"},\"potentialAction\":[{\"@type\":\"SearchAction\",\"target\":{\"@type\":\"EntryPoint\",\"urlTemplate\":\"https:\\\/\\\/diarioprincipios.com\\\/?s={search_term_string}\"},\"query-input\":{\"@type\":\"PropertyValueSpecification\",\"valueRequired\":true,\"valueName\":\"search_term_string\"}}],\"inLanguage\":\"es\"},{\"@type\":\"Organization\",\"@id\":\"https:\\\/\\\/diarioprincipios.com\\\/#organization\",\"name\":\"Principios\",\"url\":\"https:\\\/\\\/diarioprincipios.com\\\/\",\"logo\":{\"@type\":\"ImageObject\",\"inLanguage\":\"es\",\"@id\":\"https:\\\/\\\/diarioprincipios.com\\\/#\\\/schema\\\/logo\\\/image\\\/\",\"url\":\"https:\\\/\\\/diarioprincipios.com\\\/wp-content\\\/uploads\\\/2024\\\/04\\\/cropped-www.diarioprincipios.com_-1.png\",\"contentUrl\":\"https:\\\/\\\/diarioprincipios.com\\\/wp-content\\\/uploads\\\/2024\\\/04\\\/cropped-www.diarioprincipios.com_-1.png\",\"width\":5325,\"height\":1454,\"caption\":\"Principios\"},\"image\":{\"@id\":\"https:\\\/\\\/diarioprincipios.com\\\/#\\\/schema\\\/logo\\\/image\\\/\"}},{\"@type\":\"Person\",\"@id\":\"https:\\\/\\\/diarioprincipios.com\\\/#\\\/schema\\\/person\\\/436d5a1fd41a5e250e23ff5a6a7cb080\",\"name\":\"Hern\u00e1n L\u00f3pez\",\"image\":{\"@type\":\"ImageObject\",\"inLanguage\":\"es\",\"@id\":\"https:\\\/\\\/diarioprincipios.com\\\/wp-content\\\/litespeed\\\/avatar\\\/11ddfe5610ff3bd100522525b2571f48.jpg?ver=1777048341\",\"url\":\"https:\\\/\\\/diarioprincipios.com\\\/wp-content\\\/litespeed\\\/avatar\\\/11ddfe5610ff3bd100522525b2571f48.jpg?ver=1777048341\",\"contentUrl\":\"https:\\\/\\\/diarioprincipios.com\\\/wp-content\\\/litespeed\\\/avatar\\\/11ddfe5610ff3bd100522525b2571f48.jpg?ver=1777048341\",\"caption\":\"Hern\u00e1n L\u00f3pez\"},\"url\":\"https:\\\/\\\/diarioprincipios.com\\\/index.php\\\/author\\\/hernan\\\/\"}]}<\/script>\n<!-- \/ Yoast SEO plugin. -->","yoast_head_json":{"title":"Encuentro de Delegados del gremio de Comercio en busca de la unidad y defensa de los derechos laborales - Principios","robots":{"index":"index","follow":"follow","max-snippet":"max-snippet:-1","max-image-preview":"max-image-preview:large","max-video-preview":"max-video-preview:-1"},"canonical":"https:\/\/diarioprincipios.com\/index.php\/2026\/04\/29\/encuentro-de-delegados-del-gremio-de-comercio-en-busca-de-la-unidad-y-defensa-de-los-derechos-laborales\/","og_locale":"es_ES","og_type":"article","og_title":"Encuentro de Delegados del gremio de Comercio en busca de la unidad y defensa de los derechos laborales - Principios","og_description":"El martes 28 de abril se llev\u00f3 adelante una importante charla de todo el cuerpo de delegados del Centro de Empleados de Comercio de Quilmes, Varela, Berazategui y S. F. Solano, en el marco del an\u00e1lisis y debate sobre la reforma laboral impulsada por el Gobierno Nacional.Durante el encuentro se abordaron los principales puntos de...","og_url":"https:\/\/diarioprincipios.com\/index.php\/2026\/04\/29\/encuentro-de-delegados-del-gremio-de-comercio-en-busca-de-la-unidad-y-defensa-de-los-derechos-laborales\/","og_site_name":"Principios","article_published_time":"2026-04-29T14:48:08+00:00","article_modified_time":"2026-04-29T14:48:09+00:00","og_image":[{"width":2560,"height":1920,"url":"https:\/\/diarioprincipios.com\/wp-content\/uploads\/2026\/04\/IMG-20260429-WA0016-scaled.jpg","type":"image\/jpeg"}],"author":"Hern\u00e1n L\u00f3pez","twitter_card":"summary_large_image","twitter_misc":{"Escrito por":"Hern\u00e1n L\u00f3pez","Tiempo de lectura":"2 minutos"},"schema":{"@context":"https:\/\/schema.org","@graph":[{"@type":"Article","@id":"https:\/\/diarioprincipios.com\/index.php\/2026\/04\/29\/encuentro-de-delegados-del-gremio-de-comercio-en-busca-de-la-unidad-y-defensa-de-los-derechos-laborales\/#article","isPartOf":{"@id":"https:\/\/diarioprincipios.com\/index.php\/2026\/04\/29\/encuentro-de-delegados-del-gremio-de-comercio-en-busca-de-la-unidad-y-defensa-de-los-derechos-laborales\/"},"author":{"name":"Hern\u00e1n L\u00f3pez","@id":"https:\/\/diarioprincipios.com\/#\/schema\/person\/436d5a1fd41a5e250e23ff5a6a7cb080"},"headline":"Encuentro de Delegados del gremio de Comercio en busca de la unidad y defensa de los derechos laborales","datePublished":"2026-04-29T14:48:08+00:00","dateModified":"2026-04-29T14:48:09+00:00","mainEntityOfPage":{"@id":"https:\/\/diarioprincipios.com\/index.php\/2026\/04\/29\/encuentro-de-delegados-del-gremio-de-comercio-en-busca-de-la-unidad-y-defensa-de-los-derechos-laborales\/"},"wordCount":222,"commentCount":0,"publisher":{"@id":"https:\/\/diarioprincipios.com\/#organization"},"image":{"@id":"https:\/\/diarioprincipios.com\/index.php\/2026\/04\/29\/encuentro-de-delegados-del-gremio-de-comercio-en-busca-de-la-unidad-y-defensa-de-los-derechos-laborales\/#primaryimage"},"thumbnailUrl":"https:\/\/diarioprincipios.com\/wp-content\/uploads\/2026\/04\/IMG-20260429-WA0016-scaled.jpg","articleSection":["Berazategui"],"inLanguage":"es","potentialAction":[{"@type":"CommentAction","name":"Comment","target":["https:\/\/diarioprincipios.com\/index.php\/2026\/04\/29\/encuentro-de-delegados-del-gremio-de-comercio-en-busca-de-la-unidad-y-defensa-de-los-derechos-laborales\/#respond"]}]},{"@type":"WebPage","@id":"https:\/\/diarioprincipios.com\/index.php\/2026\/04\/29\/encuentro-de-delegados-del-gremio-de-comercio-en-busca-de-la-unidad-y-defensa-de-los-derechos-laborales\/","url":"https:\/\/diarioprincipios.com\/index.php\/2026\/04\/29\/encuentro-de-delegados-del-gremio-de-comercio-en-busca-de-la-unidad-y-defensa-de-los-derechos-laborales\/","name":"Encuentro de Delegados del gremio de Comercio en busca de la unidad y defensa de los derechos laborales - Principios","isPartOf":{"@id":"https:\/\/diarioprincipios.com\/#website"},"primaryImageOfPage":{"@id":"https:\/\/diarioprincipios.com\/index.php\/2026\/04\/29\/encuentro-de-delegados-del-gremio-de-comercio-en-busca-de-la-unidad-y-defensa-de-los-derechos-laborales\/#primaryimage"},"image":{"@id":"https:\/\/diarioprincipios.com\/index.php\/2026\/04\/29\/encuentro-de-delegados-del-gremio-de-comercio-en-busca-de-la-unidad-y-defensa-de-los-derechos-laborales\/#primaryimage"},"thumbnailUrl":"https:\/\/diarioprincipios.com\/wp-content\/uploads\/2026\/04\/IMG-20260429-WA0016-scaled.jpg","datePublished":"2026-04-29T14:48:08+00:00","dateModified":"2026-04-29T14:48:09+00:00","breadcrumb":{"@id":"https:\/\/diarioprincipios.com\/index.php\/2026\/04\/29\/encuentro-de-delegados-del-gremio-de-comercio-en-busca-de-la-unidad-y-defensa-de-los-derechos-laborales\/#breadcrumb"},"inLanguage":"es","potentialAction":[{"@type":"ReadAction","target":["https:\/\/diarioprincipios.com\/index.php\/2026\/04\/29\/encuentro-de-delegados-del-gremio-de-comercio-en-busca-de-la-unidad-y-defensa-de-los-derechos-laborales\/"]}]},{"@type":"ImageObject","inLanguage":"es","@id":"https:\/\/diarioprincipios.com\/index.php\/2026\/04\/29\/encuentro-de-delegados-del-gremio-de-comercio-en-busca-de-la-unidad-y-defensa-de-los-derechos-laborales\/#primaryimage","url":"https:\/\/diarioprincipios.com\/wp-content\/uploads\/2026\/04\/IMG-20260429-WA0016-scaled.jpg","contentUrl":"https:\/\/diarioprincipios.com\/wp-content\/uploads\/2026\/04\/IMG-20260429-WA0016-scaled.jpg","width":2560,"height":1920},{"@type":"BreadcrumbList","@id":"https:\/\/diarioprincipios.com\/index.php\/2026\/04\/29\/encuentro-de-delegados-del-gremio-de-comercio-en-busca-de-la-unidad-y-defensa-de-los-derechos-laborales\/#breadcrumb","itemListElement":[{"@type":"ListItem","position":1,"name":"Portada","item":"https:\/\/diarioprincipios.com\/"},{"@type":"ListItem","position":2,"name":"Encuentro de Delegados del gremio de Comercio en busca de la unidad y defensa de los derechos laborales"}]},{"@type":"WebSite","@id":"https:\/\/diarioprincipios.com\/#website","url":"https:\/\/diarioprincipios.com\/","name":"Principios","description":"Principios Diario","publisher":{"@id":"https:\/\/diarioprincipios.com\/#organization"},"potentialAction":[{"@type":"SearchAction","target":{"@type":"EntryPoint","urlTemplate":"https:\/\/diarioprincipios.com\/?s={search_term_string}"},"query-input":{"@type":"PropertyValueSpecification","valueRequired":true,"valueName":"search_term_string"}}],"inLanguage":"es"},{"@type":"Organization","@id":"https:\/\/diarioprincipios.com\/#organization","name":"Principios","url":"https:\/\/diarioprincipios.com\/","logo":{"@type":"ImageObject","inLanguage":"es","@id":"https:\/\/diarioprincipios.com\/#\/schema\/logo\/image\/","url":"https:\/\/diarioprincipios.com\/wp-content\/uploads\/2024\/04\/cropped-www.diarioprincipios.com_-1.png","contentUrl":"https:\/\/diarioprincipios.com\/wp-content\/uploads\/2024\/04\/cropped-www.diarioprincipios.com_-1.png","width":5325,"height":1454,"caption":"Principios"},"image":{"@id":"https:\/\/diarioprincipios.com\/#\/schema\/logo\/image\/"}},{"@type":"Person","@id":"https:\/\/diarioprincipios.com\/#\/schema\/person\/436d5a1fd41a5e250e23ff5a6a7cb080","name":"Hern\u00e1n L\u00f3pez","image":{"@type":"ImageObject","inLanguage":"es","@id":"https:\/\/diarioprincipios.com\/wp-content\/litespeed\/avatar\/11ddfe5610ff3bd100522525b2571f48.jpg?ver=1777048341","url":"https:\/\/diarioprincipios.com\/wp-content\/litespeed\/avatar\/11ddfe5610ff3bd100522525b2571f48.jpg?ver=1777048341","contentUrl":"https:\/\/diarioprincipios.com\/wp-content\/litespeed\/avatar\/11ddfe5610ff3bd100522525b2571f48.jpg?ver=1777048341","caption":"Hern\u00e1n L\u00f3pez"},"url":"https:\/\/diarioprincipios.com\/index.php\/author\/hernan\/"}]}},"jetpack_featured_media_url":"https:\/\/diarioprincipios.com\/wp-content\/uploads\/2026\/04\/IMG-20260429-WA0016-scaled.jpg","_links":{"self":[{"href":"https:\/\/diarioprincipios.com\/index.php\/wp-json\/wp\/v2\/posts\/27225","targetHints":{"allow":["GET"]}}],"collection":[{"href":"https:\/\/diarioprincipios.com\/index.php\/wp-json\/wp\/v2\/posts"}],"about":[{"href":"https:\/\/diarioprincipios.com\/index.php\/wp-json\/wp\/v2\/types\/post"}],"author":[{"embeddable":true,"href":"https:\/\/diarioprincipios.com\/index.php\/wp-json\/wp\/v2\/users\/2"}],"replies":[{"embeddable":true,"href":"https:\/\/diarioprincipios.com\/index.php\/wp-json\/wp\/v2\/comments?post=27225"}],"version-history":[{"count":1,"href":"https:\/\/diarioprincipios.com\/index.php\/wp-json\/wp\/v2\/posts\/27225\/revisions"}],"predecessor-version":[{"id":27228,"href":"https:\/\/diarioprincipios.com\/index.php\/wp-json\/wp\/v2\/posts\/27225\/revisions\/27228"}],"wp:featuredmedia":[{"embeddable":true,"href":"https:\/\/diarioprincipios.com\/index.php\/wp-json\/wp\/v2\/media\/27227"}],"wp:attachment":[{"href":"https:\/\/diarioprincipios.com\/index.php\/wp-json\/wp\/v2\/media?parent=27225"}],"wp:term":[{"taxonomy":"category","embeddable":true,"href":"https:\/\/diarioprincipios.com\/index.php\/wp-json\/wp\/v2\/categories?post=27225"},{"taxonomy":"post_tag","embeddable":true,"href":"https:\/\/diarioprincipios.com\/index.php\/wp-json\/wp\/v2\/tags?post=27225"}],"curies":[{"name":"wp","href":"https:\/\/api.w.org\/{rel}","templated":true}]}}