{"id":27212,"date":"2026-04-28T18:50:18","date_gmt":"2026-04-28T21:50:18","guid":{"rendered":"https:\/\/diarioprincipios.com\/?p=27212"},"modified":"2026-04-28T18:50:19","modified_gmt":"2026-04-28T21:50:19","slug":"balor-acompano-a-los-mayores-que-entrenan-para-los-juegos-bonaerenses","status":"publish","type":"post","link":"https:\/\/diarioprincipios.com\/index.php\/2026\/04\/28\/balor-acompano-a-los-mayores-que-entrenan-para-los-juegos-bonaerenses\/","title":{"rendered":"Balor acompa\u00f1\u00f3 a los mayores que entrenan para los Juegos Bonaerenses"},"content":{"rendered":"\n<p>El intendente de Berazategui, Carlos Balor, visit\u00f3 a los mayores que se entrenan de cara a los Juegos Bonaerenses. Estuvo acompa\u00f1ado por la secretaria de Desarrollo Social, Recreaci\u00f3n, Turismo y Deportes municipal, Mar\u00eda Laura Lacava. La actividad forma parte del Programa \u201cEl deporte nos une, la pasi\u00f3n no envejece\u201d, que consiste en encuentros deportivos realizados cada s\u00e1bado en el Complejo Municipal Los Privilegiados.<br>Uno de los vecinos presentes, Rub\u00e9n Rodr\u00edguez, afirm\u00f3: \u201cLos Privilegiados es un lugar donde nos sentimos cuidados y respetados\u201d. Y cont\u00f3: \u201cVino el intendente Carlos Balor y como \u00e9l es maratonista, aprovechamos para correr juntos unas cuantas vueltas por el predio. Le agradezco todo lo que viene haciendo, porque contin\u00faa con la gesti\u00f3n de Juan Jos\u00e9 Mussi\u201d.<\/p>\n\n\n\n<figure class=\"wp-block-image size-large\"><img loading=\"lazy\" decoding=\"async\" width=\"1024\" height=\"682\" src=\"https:\/\/diarioprincipios.com\/wp-content\/uploads\/2026\/04\/Carlos-Balor-acompano-a-los-mayores-que-entrenan-para-los-Juegos-Bonaerenses-1024x682.jpg\" alt=\"\" class=\"wp-image-27213\" srcset=\"https:\/\/diarioprincipios.com\/wp-content\/uploads\/2026\/04\/Carlos-Balor-acompano-a-los-mayores-que-entrenan-para-los-Juegos-Bonaerenses-1024x682.jpg 1024w, https:\/\/diarioprincipios.com\/wp-content\/uploads\/2026\/04\/Carlos-Balor-acompano-a-los-mayores-que-entrenan-para-los-Juegos-Bonaerenses-300x200.jpg 300w, https:\/\/diarioprincipios.com\/wp-content\/uploads\/2026\/04\/Carlos-Balor-acompano-a-los-mayores-que-entrenan-para-los-Juegos-Bonaerenses-768x512.jpg 768w, https:\/\/diarioprincipios.com\/wp-content\/uploads\/2026\/04\/Carlos-Balor-acompano-a-los-mayores-que-entrenan-para-los-Juegos-Bonaerenses-1536x1023.jpg 1536w, https:\/\/diarioprincipios.com\/wp-content\/uploads\/2026\/04\/Carlos-Balor-acompano-a-los-mayores-que-entrenan-para-los-Juegos-Bonaerenses-820x545.jpg 820w, https:\/\/diarioprincipios.com\/wp-content\/uploads\/2026\/04\/Carlos-Balor-acompano-a-los-mayores-que-entrenan-para-los-Juegos-Bonaerenses-600x400.jpg 600w, https:\/\/diarioprincipios.com\/wp-content\/uploads\/2026\/04\/Carlos-Balor-acompano-a-los-mayores-que-entrenan-para-los-Juegos-Bonaerenses.jpg 1600w\" sizes=\"auto, (max-width: 1024px) 100vw, 1024px\" \/><\/figure>\n\n\n\n<p><br>\u201cEl deporte nos une, la pasi\u00f3n no envejece\u201d es una iniciativa de la Secretar\u00eda de Desarrollo Social, Recreaci\u00f3n, Turismo y Deportes de la Municipalidad, que fomenta la participaci\u00f3n activa y el bienestar de las personas mayores a trav\u00e9s del deporte. Uno de los objetivos de la propuesta es que los interesados conozcan las distintas disciplinas que ofrecen los Juegos Bonaerenses y se inscriban en ellas para representar a Berazategui.<\/p>\n\n\n\n<figure class=\"wp-block-image size-large\"><img loading=\"lazy\" decoding=\"async\" width=\"1024\" height=\"682\" src=\"https:\/\/diarioprincipios.com\/wp-content\/uploads\/2026\/04\/Carlos-Balor-acompano-a-los-mayores-que-entrenan-para-los-Juegos-Bonaerenses-3-1024x682.jpg\" alt=\"\" class=\"wp-image-27214\" srcset=\"https:\/\/diarioprincipios.com\/wp-content\/uploads\/2026\/04\/Carlos-Balor-acompano-a-los-mayores-que-entrenan-para-los-Juegos-Bonaerenses-3-1024x682.jpg 1024w, https:\/\/diarioprincipios.com\/wp-content\/uploads\/2026\/04\/Carlos-Balor-acompano-a-los-mayores-que-entrenan-para-los-Juegos-Bonaerenses-3-300x200.jpg 300w, https:\/\/diarioprincipios.com\/wp-content\/uploads\/2026\/04\/Carlos-Balor-acompano-a-los-mayores-que-entrenan-para-los-Juegos-Bonaerenses-3-768x512.jpg 768w, https:\/\/diarioprincipios.com\/wp-content\/uploads\/2026\/04\/Carlos-Balor-acompano-a-los-mayores-que-entrenan-para-los-Juegos-Bonaerenses-3-1536x1023.jpg 1536w, https:\/\/diarioprincipios.com\/wp-content\/uploads\/2026\/04\/Carlos-Balor-acompano-a-los-mayores-que-entrenan-para-los-Juegos-Bonaerenses-3-820x545.jpg 820w, https:\/\/diarioprincipios.com\/wp-content\/uploads\/2026\/04\/Carlos-Balor-acompano-a-los-mayores-que-entrenan-para-los-Juegos-Bonaerenses-3-600x400.jpg 600w, https:\/\/diarioprincipios.com\/wp-content\/uploads\/2026\/04\/Carlos-Balor-acompano-a-los-mayores-que-entrenan-para-los-Juegos-Bonaerenses-3.jpg 1600w\" sizes=\"auto, (max-width: 1024px) 100vw, 1024px\" \/><\/figure>\n\n\n\n<p><br>La cita es todos los s\u00e1bados en el Complejo Municipal Los Privilegiados (calle 156 y 50), de 10.00 a 14.00, donde se puede tramitar la inscripci\u00f3n a los Juegos Bonaerenses que permanecer\u00e1 abierta hasta el 15 de mayo.<\/p>\n","protected":false},"excerpt":{"rendered":"<p>El intendente de Berazategui, Carlos Balor, visit\u00f3 a los mayores que se entrenan de cara a los Juegos Bonaerenses. Estuvo acompa\u00f1ado por la secretaria de Desarrollo Social, Recreaci\u00f3n, Turismo y Deportes municipal, Mar\u00eda Laura Lacava. La actividad forma parte del Programa \u201cEl deporte nos une, la pasi\u00f3n no envejece\u201d, que consiste en encuentros deportivos realizados&#8230;<\/p>\n","protected":false},"author":2,"featured_media":27215,"comment_status":"open","ping_status":"open","sticky":false,"template":"","format":"standard","meta":{"footnotes":""},"categories":[3],"tags":[],"class_list":["post-27212","post","type-post","status-publish","format-standard","has-post-thumbnail","hentry","category-berazategui"],"featured_image_src":"https:\/\/diarioprincipios.com\/wp-content\/uploads\/2026\/04\/Carlos-Balor-acompano-a-los-mayores-que-entrenan-para-los-Juegos-Bonaerenses-4-1024x682.jpg","blog_images":{"medium":"https:\/\/diarioprincipios.com\/wp-content\/uploads\/2026\/04\/Carlos-Balor-acompano-a-los-mayores-que-entrenan-para-los-Juegos-Bonaerenses-4-300x200.jpg","large":"https:\/\/diarioprincipios.com\/wp-content\/uploads\/2026\/04\/Carlos-Balor-acompano-a-los-mayores-que-entrenan-para-los-Juegos-Bonaerenses-4-1024x682.jpg"},"ams_acf":[],"yoast_head":"<!-- This site is optimized with the Yoast SEO plugin v27.3 - https:\/\/yoast.com\/product\/yoast-seo-wordpress\/ -->\n<title>Balor acompa\u00f1\u00f3 a los mayores que entrenan para los Juegos Bonaerenses - Principios<\/title>\n<meta name=\"robots\" content=\"index, follow, max-snippet:-1, max-image-preview:large, max-video-preview:-1\" \/>\n<link rel=\"canonical\" href=\"https:\/\/diarioprincipios.com\/index.php\/2026\/04\/28\/balor-acompano-a-los-mayores-que-entrenan-para-los-juegos-bonaerenses\/\" \/>\n<meta property=\"og:locale\" content=\"es_ES\" \/>\n<meta property=\"og:type\" content=\"article\" \/>\n<meta property=\"og:title\" content=\"Balor acompa\u00f1\u00f3 a los mayores que entrenan para los Juegos Bonaerenses - Principios\" \/>\n<meta property=\"og:description\" content=\"El intendente de Berazategui, Carlos Balor, visit\u00f3 a los mayores que se entrenan de cara a los Juegos Bonaerenses. Estuvo acompa\u00f1ado por la secretaria de Desarrollo Social, Recreaci\u00f3n, Turismo y Deportes municipal, Mar\u00eda Laura Lacava. La actividad forma parte del Programa \u201cEl deporte nos une, la pasi\u00f3n no envejece\u201d, que consiste en encuentros deportivos realizados...\" \/>\n<meta property=\"og:url\" content=\"https:\/\/diarioprincipios.com\/index.php\/2026\/04\/28\/balor-acompano-a-los-mayores-que-entrenan-para-los-juegos-bonaerenses\/\" \/>\n<meta property=\"og:site_name\" content=\"Principios\" \/>\n<meta property=\"article:published_time\" content=\"2026-04-28T21:50:18+00:00\" \/>\n<meta property=\"article:modified_time\" content=\"2026-04-28T21:50:19+00:00\" \/>\n<meta property=\"og:image\" content=\"https:\/\/diarioprincipios.com\/wp-content\/uploads\/2026\/04\/Carlos-Balor-acompano-a-los-mayores-que-entrenan-para-los-Juegos-Bonaerenses-4.jpg\" \/>\n\t<meta property=\"og:image:width\" content=\"1600\" \/>\n\t<meta property=\"og:image:height\" content=\"1066\" \/>\n\t<meta property=\"og:image:type\" content=\"image\/jpeg\" \/>\n<meta name=\"author\" content=\"Hern\u00e1n L\u00f3pez\" \/>\n<meta name=\"twitter:card\" content=\"summary_large_image\" \/>\n<meta name=\"twitter:label1\" content=\"Escrito por\" \/>\n\t<meta name=\"twitter:data1\" content=\"Hern\u00e1n L\u00f3pez\" \/>\n\t<meta name=\"twitter:label2\" content=\"Tiempo de lectura\" \/>\n\t<meta name=\"twitter:data2\" content=\"2 minutos\" \/>\n<script type=\"application\/ld+json\" class=\"yoast-schema-graph\">{\"@context\":\"https:\\\/\\\/schema.org\",\"@graph\":[{\"@type\":\"Article\",\"@id\":\"https:\\\/\\\/diarioprincipios.com\\\/index.php\\\/2026\\\/04\\\/28\\\/balor-acompano-a-los-mayores-que-entrenan-para-los-juegos-bonaerenses\\\/#article\",\"isPartOf\":{\"@id\":\"https:\\\/\\\/diarioprincipios.com\\\/index.php\\\/2026\\\/04\\\/28\\\/balor-acompano-a-los-mayores-que-entrenan-para-los-juegos-bonaerenses\\\/\"},\"author\":{\"name\":\"Hern\u00e1n L\u00f3pez\",\"@id\":\"https:\\\/\\\/diarioprincipios.com\\\/#\\\/schema\\\/person\\\/436d5a1fd41a5e250e23ff5a6a7cb080\"},\"headline\":\"Balor acompa\u00f1\u00f3 a los mayores que entrenan para los Juegos Bonaerenses\",\"datePublished\":\"2026-04-28T21:50:18+00:00\",\"dateModified\":\"2026-04-28T21:50:19+00:00\",\"mainEntityOfPage\":{\"@id\":\"https:\\\/\\\/diarioprincipios.com\\\/index.php\\\/2026\\\/04\\\/28\\\/balor-acompano-a-los-mayores-que-entrenan-para-los-juegos-bonaerenses\\\/\"},\"wordCount\":249,\"commentCount\":0,\"publisher\":{\"@id\":\"https:\\\/\\\/diarioprincipios.com\\\/#organization\"},\"image\":{\"@id\":\"https:\\\/\\\/diarioprincipios.com\\\/index.php\\\/2026\\\/04\\\/28\\\/balor-acompano-a-los-mayores-que-entrenan-para-los-juegos-bonaerenses\\\/#primaryimage\"},\"thumbnailUrl\":\"https:\\\/\\\/diarioprincipios.com\\\/wp-content\\\/uploads\\\/2026\\\/04\\\/Carlos-Balor-acompano-a-los-mayores-que-entrenan-para-los-Juegos-Bonaerenses-4.jpg\",\"articleSection\":[\"Berazategui\"],\"inLanguage\":\"es\",\"potentialAction\":[{\"@type\":\"CommentAction\",\"name\":\"Comment\",\"target\":[\"https:\\\/\\\/diarioprincipios.com\\\/index.php\\\/2026\\\/04\\\/28\\\/balor-acompano-a-los-mayores-que-entrenan-para-los-juegos-bonaerenses\\\/#respond\"]}]},{\"@type\":\"WebPage\",\"@id\":\"https:\\\/\\\/diarioprincipios.com\\\/index.php\\\/2026\\\/04\\\/28\\\/balor-acompano-a-los-mayores-que-entrenan-para-los-juegos-bonaerenses\\\/\",\"url\":\"https:\\\/\\\/diarioprincipios.com\\\/index.php\\\/2026\\\/04\\\/28\\\/balor-acompano-a-los-mayores-que-entrenan-para-los-juegos-bonaerenses\\\/\",\"name\":\"Balor acompa\u00f1\u00f3 a los mayores que entrenan para los Juegos Bonaerenses - Principios\",\"isPartOf\":{\"@id\":\"https:\\\/\\\/diarioprincipios.com\\\/#website\"},\"primaryImageOfPage\":{\"@id\":\"https:\\\/\\\/diarioprincipios.com\\\/index.php\\\/2026\\\/04\\\/28\\\/balor-acompano-a-los-mayores-que-entrenan-para-los-juegos-bonaerenses\\\/#primaryimage\"},\"image\":{\"@id\":\"https:\\\/\\\/diarioprincipios.com\\\/index.php\\\/2026\\\/04\\\/28\\\/balor-acompano-a-los-mayores-que-entrenan-para-los-juegos-bonaerenses\\\/#primaryimage\"},\"thumbnailUrl\":\"https:\\\/\\\/diarioprincipios.com\\\/wp-content\\\/uploads\\\/2026\\\/04\\\/Carlos-Balor-acompano-a-los-mayores-que-entrenan-para-los-Juegos-Bonaerenses-4.jpg\",\"datePublished\":\"2026-04-28T21:50:18+00:00\",\"dateModified\":\"2026-04-28T21:50:19+00:00\",\"breadcrumb\":{\"@id\":\"https:\\\/\\\/diarioprincipios.com\\\/index.php\\\/2026\\\/04\\\/28\\\/balor-acompano-a-los-mayores-que-entrenan-para-los-juegos-bonaerenses\\\/#breadcrumb\"},\"inLanguage\":\"es\",\"potentialAction\":[{\"@type\":\"ReadAction\",\"target\":[\"https:\\\/\\\/diarioprincipios.com\\\/index.php\\\/2026\\\/04\\\/28\\\/balor-acompano-a-los-mayores-que-entrenan-para-los-juegos-bonaerenses\\\/\"]}]},{\"@type\":\"ImageObject\",\"inLanguage\":\"es\",\"@id\":\"https:\\\/\\\/diarioprincipios.com\\\/index.php\\\/2026\\\/04\\\/28\\\/balor-acompano-a-los-mayores-que-entrenan-para-los-juegos-bonaerenses\\\/#primaryimage\",\"url\":\"https:\\\/\\\/diarioprincipios.com\\\/wp-content\\\/uploads\\\/2026\\\/04\\\/Carlos-Balor-acompano-a-los-mayores-que-entrenan-para-los-Juegos-Bonaerenses-4.jpg\",\"contentUrl\":\"https:\\\/\\\/diarioprincipios.com\\\/wp-content\\\/uploads\\\/2026\\\/04\\\/Carlos-Balor-acompano-a-los-mayores-que-entrenan-para-los-Juegos-Bonaerenses-4.jpg\",\"width\":1600,\"height\":1066},{\"@type\":\"BreadcrumbList\",\"@id\":\"https:\\\/\\\/diarioprincipios.com\\\/index.php\\\/2026\\\/04\\\/28\\\/balor-acompano-a-los-mayores-que-entrenan-para-los-juegos-bonaerenses\\\/#breadcrumb\",\"itemListElement\":[{\"@type\":\"ListItem\",\"position\":1,\"name\":\"Portada\",\"item\":\"https:\\\/\\\/diarioprincipios.com\\\/\"},{\"@type\":\"ListItem\",\"position\":2,\"name\":\"Balor acompa\u00f1\u00f3 a los mayores que entrenan para los Juegos Bonaerenses\"}]},{\"@type\":\"WebSite\",\"@id\":\"https:\\\/\\\/diarioprincipios.com\\\/#website\",\"url\":\"https:\\\/\\\/diarioprincipios.com\\\/\",\"name\":\"Principios\",\"description\":\"Principios Diario\",\"publisher\":{\"@id\":\"https:\\\/\\\/diarioprincipios.com\\\/#organization\"},\"potentialAction\":[{\"@type\":\"SearchAction\",\"target\":{\"@type\":\"EntryPoint\",\"urlTemplate\":\"https:\\\/\\\/diarioprincipios.com\\\/?s={search_term_string}\"},\"query-input\":{\"@type\":\"PropertyValueSpecification\",\"valueRequired\":true,\"valueName\":\"search_term_string\"}}],\"inLanguage\":\"es\"},{\"@type\":\"Organization\",\"@id\":\"https:\\\/\\\/diarioprincipios.com\\\/#organization\",\"name\":\"Principios\",\"url\":\"https:\\\/\\\/diarioprincipios.com\\\/\",\"logo\":{\"@type\":\"ImageObject\",\"inLanguage\":\"es\",\"@id\":\"https:\\\/\\\/diarioprincipios.com\\\/#\\\/schema\\\/logo\\\/image\\\/\",\"url\":\"https:\\\/\\\/diarioprincipios.com\\\/wp-content\\\/uploads\\\/2024\\\/04\\\/cropped-www.diarioprincipios.com_-1.png\",\"contentUrl\":\"https:\\\/\\\/diarioprincipios.com\\\/wp-content\\\/uploads\\\/2024\\\/04\\\/cropped-www.diarioprincipios.com_-1.png\",\"width\":5325,\"height\":1454,\"caption\":\"Principios\"},\"image\":{\"@id\":\"https:\\\/\\\/diarioprincipios.com\\\/#\\\/schema\\\/logo\\\/image\\\/\"}},{\"@type\":\"Person\",\"@id\":\"https:\\\/\\\/diarioprincipios.com\\\/#\\\/schema\\\/person\\\/436d5a1fd41a5e250e23ff5a6a7cb080\",\"name\":\"Hern\u00e1n L\u00f3pez\",\"image\":{\"@type\":\"ImageObject\",\"inLanguage\":\"es\",\"@id\":\"https:\\\/\\\/diarioprincipios.com\\\/wp-content\\\/litespeed\\\/avatar\\\/11ddfe5610ff3bd100522525b2571f48.jpg?ver=1777048341\",\"url\":\"https:\\\/\\\/diarioprincipios.com\\\/wp-content\\\/litespeed\\\/avatar\\\/11ddfe5610ff3bd100522525b2571f48.jpg?ver=1777048341\",\"contentUrl\":\"https:\\\/\\\/diarioprincipios.com\\\/wp-content\\\/litespeed\\\/avatar\\\/11ddfe5610ff3bd100522525b2571f48.jpg?ver=1777048341\",\"caption\":\"Hern\u00e1n L\u00f3pez\"},\"url\":\"https:\\\/\\\/diarioprincipios.com\\\/index.php\\\/author\\\/hernan\\\/\"}]}<\/script>\n<!-- \/ Yoast SEO plugin. -->","yoast_head_json":{"title":"Balor acompa\u00f1\u00f3 a los mayores que entrenan para los Juegos Bonaerenses - Principios","robots":{"index":"index","follow":"follow","max-snippet":"max-snippet:-1","max-image-preview":"max-image-preview:large","max-video-preview":"max-video-preview:-1"},"canonical":"https:\/\/diarioprincipios.com\/index.php\/2026\/04\/28\/balor-acompano-a-los-mayores-que-entrenan-para-los-juegos-bonaerenses\/","og_locale":"es_ES","og_type":"article","og_title":"Balor acompa\u00f1\u00f3 a los mayores que entrenan para los Juegos Bonaerenses - Principios","og_description":"El intendente de Berazategui, Carlos Balor, visit\u00f3 a los mayores que se entrenan de cara a los Juegos Bonaerenses. Estuvo acompa\u00f1ado por la secretaria de Desarrollo Social, Recreaci\u00f3n, Turismo y Deportes municipal, Mar\u00eda Laura Lacava. La actividad forma parte del Programa \u201cEl deporte nos une, la pasi\u00f3n no envejece\u201d, que consiste en encuentros deportivos realizados...","og_url":"https:\/\/diarioprincipios.com\/index.php\/2026\/04\/28\/balor-acompano-a-los-mayores-que-entrenan-para-los-juegos-bonaerenses\/","og_site_name":"Principios","article_published_time":"2026-04-28T21:50:18+00:00","article_modified_time":"2026-04-28T21:50:19+00:00","og_image":[{"width":1600,"height":1066,"url":"https:\/\/diarioprincipios.com\/wp-content\/uploads\/2026\/04\/Carlos-Balor-acompano-a-los-mayores-que-entrenan-para-los-Juegos-Bonaerenses-4.jpg","type":"image\/jpeg"}],"author":"Hern\u00e1n L\u00f3pez","twitter_card":"summary_large_image","twitter_misc":{"Escrito por":"Hern\u00e1n L\u00f3pez","Tiempo de lectura":"2 minutos"},"schema":{"@context":"https:\/\/schema.org","@graph":[{"@type":"Article","@id":"https:\/\/diarioprincipios.com\/index.php\/2026\/04\/28\/balor-acompano-a-los-mayores-que-entrenan-para-los-juegos-bonaerenses\/#article","isPartOf":{"@id":"https:\/\/diarioprincipios.com\/index.php\/2026\/04\/28\/balor-acompano-a-los-mayores-que-entrenan-para-los-juegos-bonaerenses\/"},"author":{"name":"Hern\u00e1n L\u00f3pez","@id":"https:\/\/diarioprincipios.com\/#\/schema\/person\/436d5a1fd41a5e250e23ff5a6a7cb080"},"headline":"Balor acompa\u00f1\u00f3 a los mayores que entrenan para los Juegos Bonaerenses","datePublished":"2026-04-28T21:50:18+00:00","dateModified":"2026-04-28T21:50:19+00:00","mainEntityOfPage":{"@id":"https:\/\/diarioprincipios.com\/index.php\/2026\/04\/28\/balor-acompano-a-los-mayores-que-entrenan-para-los-juegos-bonaerenses\/"},"wordCount":249,"commentCount":0,"publisher":{"@id":"https:\/\/diarioprincipios.com\/#organization"},"image":{"@id":"https:\/\/diarioprincipios.com\/index.php\/2026\/04\/28\/balor-acompano-a-los-mayores-que-entrenan-para-los-juegos-bonaerenses\/#primaryimage"},"thumbnailUrl":"https:\/\/diarioprincipios.com\/wp-content\/uploads\/2026\/04\/Carlos-Balor-acompano-a-los-mayores-que-entrenan-para-los-Juegos-Bonaerenses-4.jpg","articleSection":["Berazategui"],"inLanguage":"es","potentialAction":[{"@type":"CommentAction","name":"Comment","target":["https:\/\/diarioprincipios.com\/index.php\/2026\/04\/28\/balor-acompano-a-los-mayores-que-entrenan-para-los-juegos-bonaerenses\/#respond"]}]},{"@type":"WebPage","@id":"https:\/\/diarioprincipios.com\/index.php\/2026\/04\/28\/balor-acompano-a-los-mayores-que-entrenan-para-los-juegos-bonaerenses\/","url":"https:\/\/diarioprincipios.com\/index.php\/2026\/04\/28\/balor-acompano-a-los-mayores-que-entrenan-para-los-juegos-bonaerenses\/","name":"Balor acompa\u00f1\u00f3 a los mayores que entrenan para los Juegos Bonaerenses - Principios","isPartOf":{"@id":"https:\/\/diarioprincipios.com\/#website"},"primaryImageOfPage":{"@id":"https:\/\/diarioprincipios.com\/index.php\/2026\/04\/28\/balor-acompano-a-los-mayores-que-entrenan-para-los-juegos-bonaerenses\/#primaryimage"},"image":{"@id":"https:\/\/diarioprincipios.com\/index.php\/2026\/04\/28\/balor-acompano-a-los-mayores-que-entrenan-para-los-juegos-bonaerenses\/#primaryimage"},"thumbnailUrl":"https:\/\/diarioprincipios.com\/wp-content\/uploads\/2026\/04\/Carlos-Balor-acompano-a-los-mayores-que-entrenan-para-los-Juegos-Bonaerenses-4.jpg","datePublished":"2026-04-28T21:50:18+00:00","dateModified":"2026-04-28T21:50:19+00:00","breadcrumb":{"@id":"https:\/\/diarioprincipios.com\/index.php\/2026\/04\/28\/balor-acompano-a-los-mayores-que-entrenan-para-los-juegos-bonaerenses\/#breadcrumb"},"inLanguage":"es","potentialAction":[{"@type":"ReadAction","target":["https:\/\/diarioprincipios.com\/index.php\/2026\/04\/28\/balor-acompano-a-los-mayores-que-entrenan-para-los-juegos-bonaerenses\/"]}]},{"@type":"ImageObject","inLanguage":"es","@id":"https:\/\/diarioprincipios.com\/index.php\/2026\/04\/28\/balor-acompano-a-los-mayores-que-entrenan-para-los-juegos-bonaerenses\/#primaryimage","url":"https:\/\/diarioprincipios.com\/wp-content\/uploads\/2026\/04\/Carlos-Balor-acompano-a-los-mayores-que-entrenan-para-los-Juegos-Bonaerenses-4.jpg","contentUrl":"https:\/\/diarioprincipios.com\/wp-content\/uploads\/2026\/04\/Carlos-Balor-acompano-a-los-mayores-que-entrenan-para-los-Juegos-Bonaerenses-4.jpg","width":1600,"height":1066},{"@type":"BreadcrumbList","@id":"https:\/\/diarioprincipios.com\/index.php\/2026\/04\/28\/balor-acompano-a-los-mayores-que-entrenan-para-los-juegos-bonaerenses\/#breadcrumb","itemListElement":[{"@type":"ListItem","position":1,"name":"Portada","item":"https:\/\/diarioprincipios.com\/"},{"@type":"ListItem","position":2,"name":"Balor acompa\u00f1\u00f3 a los mayores que entrenan para los Juegos Bonaerenses"}]},{"@type":"WebSite","@id":"https:\/\/diarioprincipios.com\/#website","url":"https:\/\/diarioprincipios.com\/","name":"Principios","description":"Principios Diario","publisher":{"@id":"https:\/\/diarioprincipios.com\/#organization"},"potentialAction":[{"@type":"SearchAction","target":{"@type":"EntryPoint","urlTemplate":"https:\/\/diarioprincipios.com\/?s={search_term_string}"},"query-input":{"@type":"PropertyValueSpecification","valueRequired":true,"valueName":"search_term_string"}}],"inLanguage":"es"},{"@type":"Organization","@id":"https:\/\/diarioprincipios.com\/#organization","name":"Principios","url":"https:\/\/diarioprincipios.com\/","logo":{"@type":"ImageObject","inLanguage":"es","@id":"https:\/\/diarioprincipios.com\/#\/schema\/logo\/image\/","url":"https:\/\/diarioprincipios.com\/wp-content\/uploads\/2024\/04\/cropped-www.diarioprincipios.com_-1.png","contentUrl":"https:\/\/diarioprincipios.com\/wp-content\/uploads\/2024\/04\/cropped-www.diarioprincipios.com_-1.png","width":5325,"height":1454,"caption":"Principios"},"image":{"@id":"https:\/\/diarioprincipios.com\/#\/schema\/logo\/image\/"}},{"@type":"Person","@id":"https:\/\/diarioprincipios.com\/#\/schema\/person\/436d5a1fd41a5e250e23ff5a6a7cb080","name":"Hern\u00e1n L\u00f3pez","image":{"@type":"ImageObject","inLanguage":"es","@id":"https:\/\/diarioprincipios.com\/wp-content\/litespeed\/avatar\/11ddfe5610ff3bd100522525b2571f48.jpg?ver=1777048341","url":"https:\/\/diarioprincipios.com\/wp-content\/litespeed\/avatar\/11ddfe5610ff3bd100522525b2571f48.jpg?ver=1777048341","contentUrl":"https:\/\/diarioprincipios.com\/wp-content\/litespeed\/avatar\/11ddfe5610ff3bd100522525b2571f48.jpg?ver=1777048341","caption":"Hern\u00e1n L\u00f3pez"},"url":"https:\/\/diarioprincipios.com\/index.php\/author\/hernan\/"}]}},"jetpack_featured_media_url":"https:\/\/diarioprincipios.com\/wp-content\/uploads\/2026\/04\/Carlos-Balor-acompano-a-los-mayores-que-entrenan-para-los-Juegos-Bonaerenses-4.jpg","_links":{"self":[{"href":"https:\/\/diarioprincipios.com\/index.php\/wp-json\/wp\/v2\/posts\/27212","targetHints":{"allow":["GET"]}}],"collection":[{"href":"https:\/\/diarioprincipios.com\/index.php\/wp-json\/wp\/v2\/posts"}],"about":[{"href":"https:\/\/diarioprincipios.com\/index.php\/wp-json\/wp\/v2\/types\/post"}],"author":[{"embeddable":true,"href":"https:\/\/diarioprincipios.com\/index.php\/wp-json\/wp\/v2\/users\/2"}],"replies":[{"embeddable":true,"href":"https:\/\/diarioprincipios.com\/index.php\/wp-json\/wp\/v2\/comments?post=27212"}],"version-history":[{"count":1,"href":"https:\/\/diarioprincipios.com\/index.php\/wp-json\/wp\/v2\/posts\/27212\/revisions"}],"predecessor-version":[{"id":27216,"href":"https:\/\/diarioprincipios.com\/index.php\/wp-json\/wp\/v2\/posts\/27212\/revisions\/27216"}],"wp:featuredmedia":[{"embeddable":true,"href":"https:\/\/diarioprincipios.com\/index.php\/wp-json\/wp\/v2\/media\/27215"}],"wp:attachment":[{"href":"https:\/\/diarioprincipios.com\/index.php\/wp-json\/wp\/v2\/media?parent=27212"}],"wp:term":[{"taxonomy":"category","embeddable":true,"href":"https:\/\/diarioprincipios.com\/index.php\/wp-json\/wp\/v2\/categories?post=27212"},{"taxonomy":"post_tag","embeddable":true,"href":"https:\/\/diarioprincipios.com\/index.php\/wp-json\/wp\/v2\/tags?post=27212"}],"curies":[{"name":"wp","href":"https:\/\/api.w.org\/{rel}","templated":true}]}}