{"id":27207,"date":"2026-04-28T18:00:28","date_gmt":"2026-04-28T21:00:28","guid":{"rendered":"https:\/\/diarioprincipios.com\/?p=27207"},"modified":"2026-04-28T18:00:29","modified_gmt":"2026-04-28T21:00:29","slug":"balor-participo-de-la-presentacion-del-proyecto-del-nuevo-centro-de-convenciones-para-abogados","status":"publish","type":"post","link":"https:\/\/diarioprincipios.com\/index.php\/2026\/04\/28\/balor-participo-de-la-presentacion-del-proyecto-del-nuevo-centro-de-convenciones-para-abogados\/","title":{"rendered":"Balor particip\u00f3 de la presentaci\u00f3n del proyecto del Nuevo Centro de Convenciones para Abogados"},"content":{"rendered":"\n<p>Con la presencia del intendente Carlos Balor, se realiz\u00f3 la presentaci\u00f3n del proyecto del futuro Centro de Convenciones que el Colegio de Abogados del Departamento Judicial de Quilmes construir\u00e1 en Berazategui. El acto se desarroll\u00f3 en el terreno bald\u00edo ubicado en la localidad de Juan Mar\u00eda Guti\u00e9rrez (Cno. Gral. Belgrano y calle 424), donde se edificar\u00e1 este nuevo espacio destinado a los abogados y abogadas de la Regi\u00f3n Quilmes, Berazategui y Florencio Varela.<\/p>\n\n\n\n<p>\u201cQuiero darles la bienvenida a quienes integran el Colegio Departamental de Quilmes y agradecerles por elegir Berazategui para el desarrollo de este proyecto. Cuando su presidente -el Dr. Bienvenido Rodr\u00edguez Basalo- me acerc\u00f3 la propuesta, le manifest\u00e9 que el Municipio tiene sus puertas abiertas para acompa\u00f1arlos en todo lo que necesiten. Van a contar con el mismo respaldo que les brindaba la gesti\u00f3n del Dr. Juan Jos\u00e9 Mussi, porque seguimos trabajando en esa misma l\u00ednea\u201d, expres\u00f3 Balor tras la ceremonia, que incluy\u00f3 la firma del documento que autoriza oficialmente el inicio de las obras.<\/p>\n\n\n\n<figure class=\"wp-block-image size-large\"><img loading=\"lazy\" decoding=\"async\" width=\"1024\" height=\"682\" src=\"https:\/\/diarioprincipios.com\/wp-content\/uploads\/2026\/04\/Nuevo-Centro-de-Convenciones-para-abogados-en-Berazategui-2-1024x682.jpg\" alt=\"\" class=\"wp-image-27208\" srcset=\"https:\/\/diarioprincipios.com\/wp-content\/uploads\/2026\/04\/Nuevo-Centro-de-Convenciones-para-abogados-en-Berazategui-2-1024x682.jpg 1024w, https:\/\/diarioprincipios.com\/wp-content\/uploads\/2026\/04\/Nuevo-Centro-de-Convenciones-para-abogados-en-Berazategui-2-300x200.jpg 300w, https:\/\/diarioprincipios.com\/wp-content\/uploads\/2026\/04\/Nuevo-Centro-de-Convenciones-para-abogados-en-Berazategui-2-768x512.jpg 768w, https:\/\/diarioprincipios.com\/wp-content\/uploads\/2026\/04\/Nuevo-Centro-de-Convenciones-para-abogados-en-Berazategui-2-1536x1023.jpg 1536w, https:\/\/diarioprincipios.com\/wp-content\/uploads\/2026\/04\/Nuevo-Centro-de-Convenciones-para-abogados-en-Berazategui-2-820x545.jpg 820w, https:\/\/diarioprincipios.com\/wp-content\/uploads\/2026\/04\/Nuevo-Centro-de-Convenciones-para-abogados-en-Berazategui-2-600x400.jpg 600w, https:\/\/diarioprincipios.com\/wp-content\/uploads\/2026\/04\/Nuevo-Centro-de-Convenciones-para-abogados-en-Berazategui-2.jpg 1600w\" sizes=\"auto, (max-width: 1024px) 100vw, 1024px\" \/><\/figure>\n\n\n\n<p>Por su parte, Rodr\u00edguez Basalo destac\u00f3: \u201cAgradezco al se\u00f1or intendente, Carlos Balor, por su acompa\u00f1amiento. A este proyecto lo ven\u00edamos trabajando desde hace tiempo con nuestro querido Dr. Juan Jos\u00e9 Mussi, con quien manten\u00edamos una s\u00f3lida relaci\u00f3n institucional y personal. Mediante la creaci\u00f3n de este nuevo Centro de Convenciones, nuestro objetivo es posicionar al Colegio de Abogados de Quilmes y a la ciudad de Berazategui en la agenda acad\u00e9mica del derecho a nivel nacional. Esta iniciativa refleja, adem\u00e1s, nuestro compromiso con la capacitaci\u00f3n permanente y la excelencia profesional\u201d.<\/p>\n\n\n\n<p>El evento tambi\u00e9n cont\u00f3 con la presencia del asesor Letrado del Municipio, Gustavo Campos; del subsecretario de Asesor\u00eda Letrada municipal y titular de la Coordinaci\u00f3n de Cuestiones Jur\u00eddicas de Familia, Dr. Esteban Ayala, y dem\u00e1s integrantes del Gabinete municipal; concejales de Berazategui y autoridades del Colegio de Abogados del Departamento Judicial de Quilmes, que tambi\u00e9n nuclea a profesionales de Berazategui y Florencio Varela.<\/p>\n\n\n\n<figure class=\"wp-block-image size-large\"><img loading=\"lazy\" decoding=\"async\" width=\"1024\" height=\"682\" src=\"https:\/\/diarioprincipios.com\/wp-content\/uploads\/2026\/04\/Nuevo-Centro-de-Convenciones-para-abogados-en-Berazategui-1024x682.jpg\" alt=\"\" class=\"wp-image-27209\" srcset=\"https:\/\/diarioprincipios.com\/wp-content\/uploads\/2026\/04\/Nuevo-Centro-de-Convenciones-para-abogados-en-Berazategui-1024x682.jpg 1024w, https:\/\/diarioprincipios.com\/wp-content\/uploads\/2026\/04\/Nuevo-Centro-de-Convenciones-para-abogados-en-Berazategui-300x200.jpg 300w, https:\/\/diarioprincipios.com\/wp-content\/uploads\/2026\/04\/Nuevo-Centro-de-Convenciones-para-abogados-en-Berazategui-768x512.jpg 768w, https:\/\/diarioprincipios.com\/wp-content\/uploads\/2026\/04\/Nuevo-Centro-de-Convenciones-para-abogados-en-Berazategui-1536x1023.jpg 1536w, https:\/\/diarioprincipios.com\/wp-content\/uploads\/2026\/04\/Nuevo-Centro-de-Convenciones-para-abogados-en-Berazategui-820x545.jpg 820w, https:\/\/diarioprincipios.com\/wp-content\/uploads\/2026\/04\/Nuevo-Centro-de-Convenciones-para-abogados-en-Berazategui-600x400.jpg 600w, https:\/\/diarioprincipios.com\/wp-content\/uploads\/2026\/04\/Nuevo-Centro-de-Convenciones-para-abogados-en-Berazategui.jpg 1600w\" sizes=\"auto, (max-width: 1024px) 100vw, 1024px\" \/><\/figure>\n\n\n\n<p>El Centro de Convenciones contar\u00e1 con un sal\u00f3n de fiestas, un Sal\u00f3n de Usos M\u00faltiples (SUM), un gimnasio y un espacio de estacionamiento subterr\u00e1neo.<\/p>\n","protected":false},"excerpt":{"rendered":"<p>Con la presencia del intendente Carlos Balor, se realiz\u00f3 la presentaci\u00f3n del proyecto del futuro Centro de Convenciones que el Colegio de Abogados del Departamento Judicial de Quilmes construir\u00e1 en Berazategui. El acto se desarroll\u00f3 en el terreno bald\u00edo ubicado en la localidad de Juan Mar\u00eda Guti\u00e9rrez (Cno. Gral. Belgrano y calle 424), donde se&#8230;<\/p>\n","protected":false},"author":2,"featured_media":27210,"comment_status":"open","ping_status":"open","sticky":false,"template":"","format":"standard","meta":{"footnotes":""},"categories":[3],"tags":[],"class_list":["post-27207","post","type-post","status-publish","format-standard","has-post-thumbnail","hentry","category-berazategui"],"featured_image_src":"https:\/\/diarioprincipios.com\/wp-content\/uploads\/2026\/04\/Nuevo-Centro-de-Convenciones-para-abogados-en-Berazategui-1-1024x682.jpg","blog_images":{"medium":"https:\/\/diarioprincipios.com\/wp-content\/uploads\/2026\/04\/Nuevo-Centro-de-Convenciones-para-abogados-en-Berazategui-1-300x200.jpg","large":"https:\/\/diarioprincipios.com\/wp-content\/uploads\/2026\/04\/Nuevo-Centro-de-Convenciones-para-abogados-en-Berazategui-1-1024x682.jpg"},"ams_acf":[],"yoast_head":"<!-- This site is optimized with the Yoast SEO plugin v27.3 - https:\/\/yoast.com\/product\/yoast-seo-wordpress\/ -->\n<title>Balor particip\u00f3 de la presentaci\u00f3n del proyecto del Nuevo Centro de Convenciones para Abogados - Principios<\/title>\n<meta name=\"robots\" content=\"index, follow, max-snippet:-1, max-image-preview:large, max-video-preview:-1\" \/>\n<link rel=\"canonical\" href=\"https:\/\/diarioprincipios.com\/index.php\/2026\/04\/28\/balor-participo-de-la-presentacion-del-proyecto-del-nuevo-centro-de-convenciones-para-abogados\/\" \/>\n<meta property=\"og:locale\" content=\"es_ES\" \/>\n<meta property=\"og:type\" content=\"article\" \/>\n<meta property=\"og:title\" content=\"Balor particip\u00f3 de la presentaci\u00f3n del proyecto del Nuevo Centro de Convenciones para Abogados - Principios\" \/>\n<meta property=\"og:description\" content=\"Con la presencia del intendente Carlos Balor, se realiz\u00f3 la presentaci\u00f3n del proyecto del futuro Centro de Convenciones que el Colegio de Abogados del Departamento Judicial de Quilmes construir\u00e1 en Berazategui. El acto se desarroll\u00f3 en el terreno bald\u00edo ubicado en la localidad de Juan Mar\u00eda Guti\u00e9rrez (Cno. Gral. Belgrano y calle 424), donde se...\" \/>\n<meta property=\"og:url\" content=\"https:\/\/diarioprincipios.com\/index.php\/2026\/04\/28\/balor-participo-de-la-presentacion-del-proyecto-del-nuevo-centro-de-convenciones-para-abogados\/\" \/>\n<meta property=\"og:site_name\" content=\"Principios\" \/>\n<meta property=\"article:published_time\" content=\"2026-04-28T21:00:28+00:00\" \/>\n<meta property=\"article:modified_time\" content=\"2026-04-28T21:00:29+00:00\" \/>\n<meta property=\"og:image\" content=\"https:\/\/diarioprincipios.com\/wp-content\/uploads\/2026\/04\/Nuevo-Centro-de-Convenciones-para-abogados-en-Berazategui-1.jpg\" \/>\n\t<meta property=\"og:image:width\" content=\"1600\" \/>\n\t<meta property=\"og:image:height\" content=\"1066\" \/>\n\t<meta property=\"og:image:type\" content=\"image\/jpeg\" \/>\n<meta name=\"author\" content=\"Hern\u00e1n L\u00f3pez\" \/>\n<meta name=\"twitter:card\" content=\"summary_large_image\" \/>\n<meta name=\"twitter:label1\" content=\"Escrito por\" \/>\n\t<meta name=\"twitter:data1\" content=\"Hern\u00e1n L\u00f3pez\" \/>\n\t<meta name=\"twitter:label2\" content=\"Tiempo de lectura\" \/>\n\t<meta name=\"twitter:data2\" content=\"3 minutos\" \/>\n<script type=\"application\/ld+json\" class=\"yoast-schema-graph\">{\"@context\":\"https:\\\/\\\/schema.org\",\"@graph\":[{\"@type\":\"Article\",\"@id\":\"https:\\\/\\\/diarioprincipios.com\\\/index.php\\\/2026\\\/04\\\/28\\\/balor-participo-de-la-presentacion-del-proyecto-del-nuevo-centro-de-convenciones-para-abogados\\\/#article\",\"isPartOf\":{\"@id\":\"https:\\\/\\\/diarioprincipios.com\\\/index.php\\\/2026\\\/04\\\/28\\\/balor-participo-de-la-presentacion-del-proyecto-del-nuevo-centro-de-convenciones-para-abogados\\\/\"},\"author\":{\"name\":\"Hern\u00e1n L\u00f3pez\",\"@id\":\"https:\\\/\\\/diarioprincipios.com\\\/#\\\/schema\\\/person\\\/436d5a1fd41a5e250e23ff5a6a7cb080\"},\"headline\":\"Balor particip\u00f3 de la presentaci\u00f3n del proyecto del Nuevo Centro de Convenciones para Abogados\",\"datePublished\":\"2026-04-28T21:00:28+00:00\",\"dateModified\":\"2026-04-28T21:00:29+00:00\",\"mainEntityOfPage\":{\"@id\":\"https:\\\/\\\/diarioprincipios.com\\\/index.php\\\/2026\\\/04\\\/28\\\/balor-participo-de-la-presentacion-del-proyecto-del-nuevo-centro-de-convenciones-para-abogados\\\/\"},\"wordCount\":386,\"commentCount\":0,\"publisher\":{\"@id\":\"https:\\\/\\\/diarioprincipios.com\\\/#organization\"},\"image\":{\"@id\":\"https:\\\/\\\/diarioprincipios.com\\\/index.php\\\/2026\\\/04\\\/28\\\/balor-participo-de-la-presentacion-del-proyecto-del-nuevo-centro-de-convenciones-para-abogados\\\/#primaryimage\"},\"thumbnailUrl\":\"https:\\\/\\\/diarioprincipios.com\\\/wp-content\\\/uploads\\\/2026\\\/04\\\/Nuevo-Centro-de-Convenciones-para-abogados-en-Berazategui-1.jpg\",\"articleSection\":[\"Berazategui\"],\"inLanguage\":\"es\",\"potentialAction\":[{\"@type\":\"CommentAction\",\"name\":\"Comment\",\"target\":[\"https:\\\/\\\/diarioprincipios.com\\\/index.php\\\/2026\\\/04\\\/28\\\/balor-participo-de-la-presentacion-del-proyecto-del-nuevo-centro-de-convenciones-para-abogados\\\/#respond\"]}]},{\"@type\":\"WebPage\",\"@id\":\"https:\\\/\\\/diarioprincipios.com\\\/index.php\\\/2026\\\/04\\\/28\\\/balor-participo-de-la-presentacion-del-proyecto-del-nuevo-centro-de-convenciones-para-abogados\\\/\",\"url\":\"https:\\\/\\\/diarioprincipios.com\\\/index.php\\\/2026\\\/04\\\/28\\\/balor-participo-de-la-presentacion-del-proyecto-del-nuevo-centro-de-convenciones-para-abogados\\\/\",\"name\":\"Balor particip\u00f3 de la presentaci\u00f3n del proyecto del Nuevo Centro de Convenciones para Abogados - Principios\",\"isPartOf\":{\"@id\":\"https:\\\/\\\/diarioprincipios.com\\\/#website\"},\"primaryImageOfPage\":{\"@id\":\"https:\\\/\\\/diarioprincipios.com\\\/index.php\\\/2026\\\/04\\\/28\\\/balor-participo-de-la-presentacion-del-proyecto-del-nuevo-centro-de-convenciones-para-abogados\\\/#primaryimage\"},\"image\":{\"@id\":\"https:\\\/\\\/diarioprincipios.com\\\/index.php\\\/2026\\\/04\\\/28\\\/balor-participo-de-la-presentacion-del-proyecto-del-nuevo-centro-de-convenciones-para-abogados\\\/#primaryimage\"},\"thumbnailUrl\":\"https:\\\/\\\/diarioprincipios.com\\\/wp-content\\\/uploads\\\/2026\\\/04\\\/Nuevo-Centro-de-Convenciones-para-abogados-en-Berazategui-1.jpg\",\"datePublished\":\"2026-04-28T21:00:28+00:00\",\"dateModified\":\"2026-04-28T21:00:29+00:00\",\"breadcrumb\":{\"@id\":\"https:\\\/\\\/diarioprincipios.com\\\/index.php\\\/2026\\\/04\\\/28\\\/balor-participo-de-la-presentacion-del-proyecto-del-nuevo-centro-de-convenciones-para-abogados\\\/#breadcrumb\"},\"inLanguage\":\"es\",\"potentialAction\":[{\"@type\":\"ReadAction\",\"target\":[\"https:\\\/\\\/diarioprincipios.com\\\/index.php\\\/2026\\\/04\\\/28\\\/balor-participo-de-la-presentacion-del-proyecto-del-nuevo-centro-de-convenciones-para-abogados\\\/\"]}]},{\"@type\":\"ImageObject\",\"inLanguage\":\"es\",\"@id\":\"https:\\\/\\\/diarioprincipios.com\\\/index.php\\\/2026\\\/04\\\/28\\\/balor-participo-de-la-presentacion-del-proyecto-del-nuevo-centro-de-convenciones-para-abogados\\\/#primaryimage\",\"url\":\"https:\\\/\\\/diarioprincipios.com\\\/wp-content\\\/uploads\\\/2026\\\/04\\\/Nuevo-Centro-de-Convenciones-para-abogados-en-Berazategui-1.jpg\",\"contentUrl\":\"https:\\\/\\\/diarioprincipios.com\\\/wp-content\\\/uploads\\\/2026\\\/04\\\/Nuevo-Centro-de-Convenciones-para-abogados-en-Berazategui-1.jpg\",\"width\":1600,\"height\":1066},{\"@type\":\"BreadcrumbList\",\"@id\":\"https:\\\/\\\/diarioprincipios.com\\\/index.php\\\/2026\\\/04\\\/28\\\/balor-participo-de-la-presentacion-del-proyecto-del-nuevo-centro-de-convenciones-para-abogados\\\/#breadcrumb\",\"itemListElement\":[{\"@type\":\"ListItem\",\"position\":1,\"name\":\"Portada\",\"item\":\"https:\\\/\\\/diarioprincipios.com\\\/\"},{\"@type\":\"ListItem\",\"position\":2,\"name\":\"Balor particip\u00f3 de la presentaci\u00f3n del proyecto del Nuevo Centro de Convenciones para Abogados\"}]},{\"@type\":\"WebSite\",\"@id\":\"https:\\\/\\\/diarioprincipios.com\\\/#website\",\"url\":\"https:\\\/\\\/diarioprincipios.com\\\/\",\"name\":\"Principios\",\"description\":\"Principios Diario\",\"publisher\":{\"@id\":\"https:\\\/\\\/diarioprincipios.com\\\/#organization\"},\"potentialAction\":[{\"@type\":\"SearchAction\",\"target\":{\"@type\":\"EntryPoint\",\"urlTemplate\":\"https:\\\/\\\/diarioprincipios.com\\\/?s={search_term_string}\"},\"query-input\":{\"@type\":\"PropertyValueSpecification\",\"valueRequired\":true,\"valueName\":\"search_term_string\"}}],\"inLanguage\":\"es\"},{\"@type\":\"Organization\",\"@id\":\"https:\\\/\\\/diarioprincipios.com\\\/#organization\",\"name\":\"Principios\",\"url\":\"https:\\\/\\\/diarioprincipios.com\\\/\",\"logo\":{\"@type\":\"ImageObject\",\"inLanguage\":\"es\",\"@id\":\"https:\\\/\\\/diarioprincipios.com\\\/#\\\/schema\\\/logo\\\/image\\\/\",\"url\":\"https:\\\/\\\/diarioprincipios.com\\\/wp-content\\\/uploads\\\/2024\\\/04\\\/cropped-www.diarioprincipios.com_-1.png\",\"contentUrl\":\"https:\\\/\\\/diarioprincipios.com\\\/wp-content\\\/uploads\\\/2024\\\/04\\\/cropped-www.diarioprincipios.com_-1.png\",\"width\":5325,\"height\":1454,\"caption\":\"Principios\"},\"image\":{\"@id\":\"https:\\\/\\\/diarioprincipios.com\\\/#\\\/schema\\\/logo\\\/image\\\/\"}},{\"@type\":\"Person\",\"@id\":\"https:\\\/\\\/diarioprincipios.com\\\/#\\\/schema\\\/person\\\/436d5a1fd41a5e250e23ff5a6a7cb080\",\"name\":\"Hern\u00e1n L\u00f3pez\",\"image\":{\"@type\":\"ImageObject\",\"inLanguage\":\"es\",\"@id\":\"https:\\\/\\\/diarioprincipios.com\\\/wp-content\\\/litespeed\\\/avatar\\\/11ddfe5610ff3bd100522525b2571f48.jpg?ver=1777048341\",\"url\":\"https:\\\/\\\/diarioprincipios.com\\\/wp-content\\\/litespeed\\\/avatar\\\/11ddfe5610ff3bd100522525b2571f48.jpg?ver=1777048341\",\"contentUrl\":\"https:\\\/\\\/diarioprincipios.com\\\/wp-content\\\/litespeed\\\/avatar\\\/11ddfe5610ff3bd100522525b2571f48.jpg?ver=1777048341\",\"caption\":\"Hern\u00e1n L\u00f3pez\"},\"url\":\"https:\\\/\\\/diarioprincipios.com\\\/index.php\\\/author\\\/hernan\\\/\"}]}<\/script>\n<!-- \/ Yoast SEO plugin. -->","yoast_head_json":{"title":"Balor particip\u00f3 de la presentaci\u00f3n del proyecto del Nuevo Centro de Convenciones para Abogados - Principios","robots":{"index":"index","follow":"follow","max-snippet":"max-snippet:-1","max-image-preview":"max-image-preview:large","max-video-preview":"max-video-preview:-1"},"canonical":"https:\/\/diarioprincipios.com\/index.php\/2026\/04\/28\/balor-participo-de-la-presentacion-del-proyecto-del-nuevo-centro-de-convenciones-para-abogados\/","og_locale":"es_ES","og_type":"article","og_title":"Balor particip\u00f3 de la presentaci\u00f3n del proyecto del Nuevo Centro de Convenciones para Abogados - Principios","og_description":"Con la presencia del intendente Carlos Balor, se realiz\u00f3 la presentaci\u00f3n del proyecto del futuro Centro de Convenciones que el Colegio de Abogados del Departamento Judicial de Quilmes construir\u00e1 en Berazategui. El acto se desarroll\u00f3 en el terreno bald\u00edo ubicado en la localidad de Juan Mar\u00eda Guti\u00e9rrez (Cno. Gral. Belgrano y calle 424), donde se...","og_url":"https:\/\/diarioprincipios.com\/index.php\/2026\/04\/28\/balor-participo-de-la-presentacion-del-proyecto-del-nuevo-centro-de-convenciones-para-abogados\/","og_site_name":"Principios","article_published_time":"2026-04-28T21:00:28+00:00","article_modified_time":"2026-04-28T21:00:29+00:00","og_image":[{"width":1600,"height":1066,"url":"https:\/\/diarioprincipios.com\/wp-content\/uploads\/2026\/04\/Nuevo-Centro-de-Convenciones-para-abogados-en-Berazategui-1.jpg","type":"image\/jpeg"}],"author":"Hern\u00e1n L\u00f3pez","twitter_card":"summary_large_image","twitter_misc":{"Escrito por":"Hern\u00e1n L\u00f3pez","Tiempo de lectura":"3 minutos"},"schema":{"@context":"https:\/\/schema.org","@graph":[{"@type":"Article","@id":"https:\/\/diarioprincipios.com\/index.php\/2026\/04\/28\/balor-participo-de-la-presentacion-del-proyecto-del-nuevo-centro-de-convenciones-para-abogados\/#article","isPartOf":{"@id":"https:\/\/diarioprincipios.com\/index.php\/2026\/04\/28\/balor-participo-de-la-presentacion-del-proyecto-del-nuevo-centro-de-convenciones-para-abogados\/"},"author":{"name":"Hern\u00e1n L\u00f3pez","@id":"https:\/\/diarioprincipios.com\/#\/schema\/person\/436d5a1fd41a5e250e23ff5a6a7cb080"},"headline":"Balor particip\u00f3 de la presentaci\u00f3n del proyecto del Nuevo Centro de Convenciones para Abogados","datePublished":"2026-04-28T21:00:28+00:00","dateModified":"2026-04-28T21:00:29+00:00","mainEntityOfPage":{"@id":"https:\/\/diarioprincipios.com\/index.php\/2026\/04\/28\/balor-participo-de-la-presentacion-del-proyecto-del-nuevo-centro-de-convenciones-para-abogados\/"},"wordCount":386,"commentCount":0,"publisher":{"@id":"https:\/\/diarioprincipios.com\/#organization"},"image":{"@id":"https:\/\/diarioprincipios.com\/index.php\/2026\/04\/28\/balor-participo-de-la-presentacion-del-proyecto-del-nuevo-centro-de-convenciones-para-abogados\/#primaryimage"},"thumbnailUrl":"https:\/\/diarioprincipios.com\/wp-content\/uploads\/2026\/04\/Nuevo-Centro-de-Convenciones-para-abogados-en-Berazategui-1.jpg","articleSection":["Berazategui"],"inLanguage":"es","potentialAction":[{"@type":"CommentAction","name":"Comment","target":["https:\/\/diarioprincipios.com\/index.php\/2026\/04\/28\/balor-participo-de-la-presentacion-del-proyecto-del-nuevo-centro-de-convenciones-para-abogados\/#respond"]}]},{"@type":"WebPage","@id":"https:\/\/diarioprincipios.com\/index.php\/2026\/04\/28\/balor-participo-de-la-presentacion-del-proyecto-del-nuevo-centro-de-convenciones-para-abogados\/","url":"https:\/\/diarioprincipios.com\/index.php\/2026\/04\/28\/balor-participo-de-la-presentacion-del-proyecto-del-nuevo-centro-de-convenciones-para-abogados\/","name":"Balor particip\u00f3 de la presentaci\u00f3n del proyecto del Nuevo Centro de Convenciones para Abogados - Principios","isPartOf":{"@id":"https:\/\/diarioprincipios.com\/#website"},"primaryImageOfPage":{"@id":"https:\/\/diarioprincipios.com\/index.php\/2026\/04\/28\/balor-participo-de-la-presentacion-del-proyecto-del-nuevo-centro-de-convenciones-para-abogados\/#primaryimage"},"image":{"@id":"https:\/\/diarioprincipios.com\/index.php\/2026\/04\/28\/balor-participo-de-la-presentacion-del-proyecto-del-nuevo-centro-de-convenciones-para-abogados\/#primaryimage"},"thumbnailUrl":"https:\/\/diarioprincipios.com\/wp-content\/uploads\/2026\/04\/Nuevo-Centro-de-Convenciones-para-abogados-en-Berazategui-1.jpg","datePublished":"2026-04-28T21:00:28+00:00","dateModified":"2026-04-28T21:00:29+00:00","breadcrumb":{"@id":"https:\/\/diarioprincipios.com\/index.php\/2026\/04\/28\/balor-participo-de-la-presentacion-del-proyecto-del-nuevo-centro-de-convenciones-para-abogados\/#breadcrumb"},"inLanguage":"es","potentialAction":[{"@type":"ReadAction","target":["https:\/\/diarioprincipios.com\/index.php\/2026\/04\/28\/balor-participo-de-la-presentacion-del-proyecto-del-nuevo-centro-de-convenciones-para-abogados\/"]}]},{"@type":"ImageObject","inLanguage":"es","@id":"https:\/\/diarioprincipios.com\/index.php\/2026\/04\/28\/balor-participo-de-la-presentacion-del-proyecto-del-nuevo-centro-de-convenciones-para-abogados\/#primaryimage","url":"https:\/\/diarioprincipios.com\/wp-content\/uploads\/2026\/04\/Nuevo-Centro-de-Convenciones-para-abogados-en-Berazategui-1.jpg","contentUrl":"https:\/\/diarioprincipios.com\/wp-content\/uploads\/2026\/04\/Nuevo-Centro-de-Convenciones-para-abogados-en-Berazategui-1.jpg","width":1600,"height":1066},{"@type":"BreadcrumbList","@id":"https:\/\/diarioprincipios.com\/index.php\/2026\/04\/28\/balor-participo-de-la-presentacion-del-proyecto-del-nuevo-centro-de-convenciones-para-abogados\/#breadcrumb","itemListElement":[{"@type":"ListItem","position":1,"name":"Portada","item":"https:\/\/diarioprincipios.com\/"},{"@type":"ListItem","position":2,"name":"Balor particip\u00f3 de la presentaci\u00f3n del proyecto del Nuevo Centro de Convenciones para Abogados"}]},{"@type":"WebSite","@id":"https:\/\/diarioprincipios.com\/#website","url":"https:\/\/diarioprincipios.com\/","name":"Principios","description":"Principios Diario","publisher":{"@id":"https:\/\/diarioprincipios.com\/#organization"},"potentialAction":[{"@type":"SearchAction","target":{"@type":"EntryPoint","urlTemplate":"https:\/\/diarioprincipios.com\/?s={search_term_string}"},"query-input":{"@type":"PropertyValueSpecification","valueRequired":true,"valueName":"search_term_string"}}],"inLanguage":"es"},{"@type":"Organization","@id":"https:\/\/diarioprincipios.com\/#organization","name":"Principios","url":"https:\/\/diarioprincipios.com\/","logo":{"@type":"ImageObject","inLanguage":"es","@id":"https:\/\/diarioprincipios.com\/#\/schema\/logo\/image\/","url":"https:\/\/diarioprincipios.com\/wp-content\/uploads\/2024\/04\/cropped-www.diarioprincipios.com_-1.png","contentUrl":"https:\/\/diarioprincipios.com\/wp-content\/uploads\/2024\/04\/cropped-www.diarioprincipios.com_-1.png","width":5325,"height":1454,"caption":"Principios"},"image":{"@id":"https:\/\/diarioprincipios.com\/#\/schema\/logo\/image\/"}},{"@type":"Person","@id":"https:\/\/diarioprincipios.com\/#\/schema\/person\/436d5a1fd41a5e250e23ff5a6a7cb080","name":"Hern\u00e1n L\u00f3pez","image":{"@type":"ImageObject","inLanguage":"es","@id":"https:\/\/diarioprincipios.com\/wp-content\/litespeed\/avatar\/11ddfe5610ff3bd100522525b2571f48.jpg?ver=1777048341","url":"https:\/\/diarioprincipios.com\/wp-content\/litespeed\/avatar\/11ddfe5610ff3bd100522525b2571f48.jpg?ver=1777048341","contentUrl":"https:\/\/diarioprincipios.com\/wp-content\/litespeed\/avatar\/11ddfe5610ff3bd100522525b2571f48.jpg?ver=1777048341","caption":"Hern\u00e1n L\u00f3pez"},"url":"https:\/\/diarioprincipios.com\/index.php\/author\/hernan\/"}]}},"jetpack_featured_media_url":"https:\/\/diarioprincipios.com\/wp-content\/uploads\/2026\/04\/Nuevo-Centro-de-Convenciones-para-abogados-en-Berazategui-1.jpg","_links":{"self":[{"href":"https:\/\/diarioprincipios.com\/index.php\/wp-json\/wp\/v2\/posts\/27207","targetHints":{"allow":["GET"]}}],"collection":[{"href":"https:\/\/diarioprincipios.com\/index.php\/wp-json\/wp\/v2\/posts"}],"about":[{"href":"https:\/\/diarioprincipios.com\/index.php\/wp-json\/wp\/v2\/types\/post"}],"author":[{"embeddable":true,"href":"https:\/\/diarioprincipios.com\/index.php\/wp-json\/wp\/v2\/users\/2"}],"replies":[{"embeddable":true,"href":"https:\/\/diarioprincipios.com\/index.php\/wp-json\/wp\/v2\/comments?post=27207"}],"version-history":[{"count":1,"href":"https:\/\/diarioprincipios.com\/index.php\/wp-json\/wp\/v2\/posts\/27207\/revisions"}],"predecessor-version":[{"id":27211,"href":"https:\/\/diarioprincipios.com\/index.php\/wp-json\/wp\/v2\/posts\/27207\/revisions\/27211"}],"wp:featuredmedia":[{"embeddable":true,"href":"https:\/\/diarioprincipios.com\/index.php\/wp-json\/wp\/v2\/media\/27210"}],"wp:attachment":[{"href":"https:\/\/diarioprincipios.com\/index.php\/wp-json\/wp\/v2\/media?parent=27207"}],"wp:term":[{"taxonomy":"category","embeddable":true,"href":"https:\/\/diarioprincipios.com\/index.php\/wp-json\/wp\/v2\/categories?post=27207"},{"taxonomy":"post_tag","embeddable":true,"href":"https:\/\/diarioprincipios.com\/index.php\/wp-json\/wp\/v2\/tags?post=27207"}],"curies":[{"name":"wp","href":"https:\/\/api.w.org\/{rel}","templated":true}]}}