{"id":27197,"date":"2026-04-28T15:13:45","date_gmt":"2026-04-28T18:13:45","guid":{"rendered":"https:\/\/diarioprincipios.com\/?p=27197"},"modified":"2026-04-28T15:13:46","modified_gmt":"2026-04-28T18:13:46","slug":"carlos-balor-presencio-la-misa-criolla-en-el-centro-municipal-roberto-de-vicenzo","status":"publish","type":"post","link":"https:\/\/diarioprincipios.com\/index.php\/2026\/04\/28\/carlos-balor-presencio-la-misa-criolla-en-el-centro-municipal-roberto-de-vicenzo\/","title":{"rendered":"Carlos Balor presenci\u00f3 la Misa Criolla en el Centro Municipal Roberto De Vicenzo"},"content":{"rendered":"\n<p>El intendente municipal, Carlos Balor, junto a cientos de vecinos y vecinas, disfrut\u00f3 de la Misa Criolla en el Centro Municipal de Actividades Roberto De Vicenzo.<\/p>\n\n\n\n<p>La emblem\u00e1tica obra de Ariel Ram\u00edrez fue interpretada por Luc\u00eda Ceresani, el Coro de Adultos de la Municipalidad de Berazategui -dirigido por Edgardo Palotta-, el Ballet Sumampa (ganador del Festival Nacional de Folklore Cosqu\u00edn 2026, con direcci\u00f3n y coreograf\u00eda de Marlene Ferlaza y Adri\u00e1n Gimenez) y el Conjunto Folklore de C\u00e1mara.<\/p>\n\n\n\n<figure class=\"wp-block-image size-large\"><img loading=\"lazy\" decoding=\"async\" width=\"1024\" height=\"683\" src=\"https:\/\/diarioprincipios.com\/wp-content\/uploads\/2026\/04\/Carlos-Balor-presencio-la-Misa-Criolla-3-1024x683.jpg\" alt=\"\" class=\"wp-image-27198\" srcset=\"https:\/\/diarioprincipios.com\/wp-content\/uploads\/2026\/04\/Carlos-Balor-presencio-la-Misa-Criolla-3-1024x683.jpg 1024w, https:\/\/diarioprincipios.com\/wp-content\/uploads\/2026\/04\/Carlos-Balor-presencio-la-Misa-Criolla-3-300x200.jpg 300w, https:\/\/diarioprincipios.com\/wp-content\/uploads\/2026\/04\/Carlos-Balor-presencio-la-Misa-Criolla-3-768x512.jpg 768w, https:\/\/diarioprincipios.com\/wp-content\/uploads\/2026\/04\/Carlos-Balor-presencio-la-Misa-Criolla-3-1536x1024.jpg 1536w, https:\/\/diarioprincipios.com\/wp-content\/uploads\/2026\/04\/Carlos-Balor-presencio-la-Misa-Criolla-3-600x400.jpg 600w, https:\/\/diarioprincipios.com\/wp-content\/uploads\/2026\/04\/Carlos-Balor-presencio-la-Misa-Criolla-3.jpg 1920w\" sizes=\"auto, (max-width: 1024px) 100vw, 1024px\" \/><\/figure>\n\n\n\n<p>Sobre el evento, organizado por la Secretar\u00eda de Cultura del Municipio, el intendente Carlos Balor expres\u00f3: \u201cFue un concierto muy emocionante. Quiero agradecerles a todos los que lo hicieron posible. Vamos a seguir el camino que marc\u00f3 Juan Jos\u00e9 Mussi, apostando siempre por la cultura en Berazategui\u201d.<\/p>\n\n\n\n<p>Por su parte, Luc\u00eda Ceresani se\u00f1al\u00f3: \u201cEs la primera vez que canto la Misa Criolla, as\u00ed que estoy feliz y emocionada. Es un sue\u00f1o cumplido\u201d.<\/p>\n\n\n\n<figure class=\"wp-block-image size-large\"><img loading=\"lazy\" decoding=\"async\" width=\"1024\" height=\"683\" src=\"https:\/\/diarioprincipios.com\/wp-content\/uploads\/2026\/04\/Carlos-Balor-presencio-la-Misa-Criolla-4-1024x683.jpg\" alt=\"\" class=\"wp-image-27199\" srcset=\"https:\/\/diarioprincipios.com\/wp-content\/uploads\/2026\/04\/Carlos-Balor-presencio-la-Misa-Criolla-4-1024x683.jpg 1024w, https:\/\/diarioprincipios.com\/wp-content\/uploads\/2026\/04\/Carlos-Balor-presencio-la-Misa-Criolla-4-300x200.jpg 300w, https:\/\/diarioprincipios.com\/wp-content\/uploads\/2026\/04\/Carlos-Balor-presencio-la-Misa-Criolla-4-768x512.jpg 768w, https:\/\/diarioprincipios.com\/wp-content\/uploads\/2026\/04\/Carlos-Balor-presencio-la-Misa-Criolla-4-1536x1024.jpg 1536w, https:\/\/diarioprincipios.com\/wp-content\/uploads\/2026\/04\/Carlos-Balor-presencio-la-Misa-Criolla-4-600x400.jpg 600w, https:\/\/diarioprincipios.com\/wp-content\/uploads\/2026\/04\/Carlos-Balor-presencio-la-Misa-Criolla-4.jpg 1920w\" sizes=\"auto, (max-width: 1024px) 100vw, 1024px\" \/><\/figure>\n\n\n\n<p>En tanto, Ferlaza afirm\u00f3: \u201cEs un gusto haber participado de esta Misa Criolla y ver a tantos vecinos y vecinas acompa\u00f1\u00e1ndonos. Gracias por hacer grande a nuestra Patria Chica\u201d.<\/p>\n\n\n\n<p>La Misa Criolla es uno de los trabajos m\u00e1s reconocidos de Ariel Ram\u00edrez y fue grabada por primera vez en 1964. Esta obra, que trascendi\u00f3 el \u00e1mbito religioso, fue interpretada por Los Fronterizos, Mercedes Sosa, Zamba Quipildor y Jos\u00e9 Carreras, entre otros.<\/p>\n","protected":false},"excerpt":{"rendered":"<p>El intendente municipal, Carlos Balor, junto a cientos de vecinos y vecinas, disfrut\u00f3 de la Misa Criolla en el Centro Municipal de Actividades Roberto De Vicenzo. La emblem\u00e1tica obra de Ariel Ram\u00edrez fue interpretada por Luc\u00eda Ceresani, el Coro de Adultos de la Municipalidad de Berazategui -dirigido por Edgardo Palotta-, el Ballet Sumampa (ganador del&#8230;<\/p>\n","protected":false},"author":2,"featured_media":27200,"comment_status":"open","ping_status":"open","sticky":false,"template":"","format":"standard","meta":{"footnotes":""},"categories":[3,19],"tags":[],"class_list":["post-27197","post","type-post","status-publish","format-standard","has-post-thumbnail","hentry","category-berazategui","category-cultura-educacion"],"featured_image_src":"https:\/\/diarioprincipios.com\/wp-content\/uploads\/2026\/04\/Carlos-Balor-presencio-la-Misa-Criolla-5-1024x683.jpg","blog_images":{"medium":"https:\/\/diarioprincipios.com\/wp-content\/uploads\/2026\/04\/Carlos-Balor-presencio-la-Misa-Criolla-5-300x200.jpg","large":"https:\/\/diarioprincipios.com\/wp-content\/uploads\/2026\/04\/Carlos-Balor-presencio-la-Misa-Criolla-5-1024x683.jpg"},"ams_acf":[],"yoast_head":"<!-- This site is optimized with the Yoast SEO plugin v27.3 - https:\/\/yoast.com\/product\/yoast-seo-wordpress\/ -->\n<title>Carlos Balor presenci\u00f3 la Misa Criolla en el Centro Municipal Roberto De Vicenzo - Principios<\/title>\n<meta name=\"robots\" content=\"index, follow, max-snippet:-1, max-image-preview:large, max-video-preview:-1\" \/>\n<link rel=\"canonical\" href=\"https:\/\/diarioprincipios.com\/index.php\/2026\/04\/28\/carlos-balor-presencio-la-misa-criolla-en-el-centro-municipal-roberto-de-vicenzo\/\" \/>\n<meta property=\"og:locale\" content=\"es_ES\" \/>\n<meta property=\"og:type\" content=\"article\" \/>\n<meta property=\"og:title\" content=\"Carlos Balor presenci\u00f3 la Misa Criolla en el Centro Municipal Roberto De Vicenzo - Principios\" \/>\n<meta property=\"og:description\" content=\"El intendente municipal, Carlos Balor, junto a cientos de vecinos y vecinas, disfrut\u00f3 de la Misa Criolla en el Centro Municipal de Actividades Roberto De Vicenzo. La emblem\u00e1tica obra de Ariel Ram\u00edrez fue interpretada por Luc\u00eda Ceresani, el Coro de Adultos de la Municipalidad de Berazategui -dirigido por Edgardo Palotta-, el Ballet Sumampa (ganador del...\" \/>\n<meta property=\"og:url\" content=\"https:\/\/diarioprincipios.com\/index.php\/2026\/04\/28\/carlos-balor-presencio-la-misa-criolla-en-el-centro-municipal-roberto-de-vicenzo\/\" \/>\n<meta property=\"og:site_name\" content=\"Principios\" \/>\n<meta property=\"article:published_time\" content=\"2026-04-28T18:13:45+00:00\" \/>\n<meta property=\"article:modified_time\" content=\"2026-04-28T18:13:46+00:00\" \/>\n<meta property=\"og:image\" content=\"https:\/\/diarioprincipios.com\/wp-content\/uploads\/2026\/04\/Carlos-Balor-presencio-la-Misa-Criolla-5.jpg\" \/>\n\t<meta property=\"og:image:width\" content=\"1920\" \/>\n\t<meta property=\"og:image:height\" content=\"1280\" \/>\n\t<meta property=\"og:image:type\" content=\"image\/jpeg\" \/>\n<meta name=\"author\" content=\"Hern\u00e1n L\u00f3pez\" \/>\n<meta name=\"twitter:card\" content=\"summary_large_image\" \/>\n<meta name=\"twitter:label1\" content=\"Escrito por\" \/>\n\t<meta name=\"twitter:data1\" content=\"Hern\u00e1n L\u00f3pez\" \/>\n\t<meta name=\"twitter:label2\" content=\"Tiempo de lectura\" \/>\n\t<meta name=\"twitter:data2\" content=\"2 minutos\" \/>\n<script type=\"application\/ld+json\" class=\"yoast-schema-graph\">{\"@context\":\"https:\\\/\\\/schema.org\",\"@graph\":[{\"@type\":\"Article\",\"@id\":\"https:\\\/\\\/diarioprincipios.com\\\/index.php\\\/2026\\\/04\\\/28\\\/carlos-balor-presencio-la-misa-criolla-en-el-centro-municipal-roberto-de-vicenzo\\\/#article\",\"isPartOf\":{\"@id\":\"https:\\\/\\\/diarioprincipios.com\\\/index.php\\\/2026\\\/04\\\/28\\\/carlos-balor-presencio-la-misa-criolla-en-el-centro-municipal-roberto-de-vicenzo\\\/\"},\"author\":{\"name\":\"Hern\u00e1n L\u00f3pez\",\"@id\":\"https:\\\/\\\/diarioprincipios.com\\\/#\\\/schema\\\/person\\\/436d5a1fd41a5e250e23ff5a6a7cb080\"},\"headline\":\"Carlos Balor presenci\u00f3 la Misa Criolla en el Centro Municipal Roberto De Vicenzo\",\"datePublished\":\"2026-04-28T18:13:45+00:00\",\"dateModified\":\"2026-04-28T18:13:46+00:00\",\"mainEntityOfPage\":{\"@id\":\"https:\\\/\\\/diarioprincipios.com\\\/index.php\\\/2026\\\/04\\\/28\\\/carlos-balor-presencio-la-misa-criolla-en-el-centro-municipal-roberto-de-vicenzo\\\/\"},\"wordCount\":246,\"commentCount\":0,\"publisher\":{\"@id\":\"https:\\\/\\\/diarioprincipios.com\\\/#organization\"},\"image\":{\"@id\":\"https:\\\/\\\/diarioprincipios.com\\\/index.php\\\/2026\\\/04\\\/28\\\/carlos-balor-presencio-la-misa-criolla-en-el-centro-municipal-roberto-de-vicenzo\\\/#primaryimage\"},\"thumbnailUrl\":\"https:\\\/\\\/diarioprincipios.com\\\/wp-content\\\/uploads\\\/2026\\\/04\\\/Carlos-Balor-presencio-la-Misa-Criolla-5.jpg\",\"articleSection\":[\"Berazategui\",\"Cultura y Educaci\u00f3n\"],\"inLanguage\":\"es\",\"potentialAction\":[{\"@type\":\"CommentAction\",\"name\":\"Comment\",\"target\":[\"https:\\\/\\\/diarioprincipios.com\\\/index.php\\\/2026\\\/04\\\/28\\\/carlos-balor-presencio-la-misa-criolla-en-el-centro-municipal-roberto-de-vicenzo\\\/#respond\"]}]},{\"@type\":\"WebPage\",\"@id\":\"https:\\\/\\\/diarioprincipios.com\\\/index.php\\\/2026\\\/04\\\/28\\\/carlos-balor-presencio-la-misa-criolla-en-el-centro-municipal-roberto-de-vicenzo\\\/\",\"url\":\"https:\\\/\\\/diarioprincipios.com\\\/index.php\\\/2026\\\/04\\\/28\\\/carlos-balor-presencio-la-misa-criolla-en-el-centro-municipal-roberto-de-vicenzo\\\/\",\"name\":\"Carlos Balor presenci\u00f3 la Misa Criolla en el Centro Municipal Roberto De Vicenzo - Principios\",\"isPartOf\":{\"@id\":\"https:\\\/\\\/diarioprincipios.com\\\/#website\"},\"primaryImageOfPage\":{\"@id\":\"https:\\\/\\\/diarioprincipios.com\\\/index.php\\\/2026\\\/04\\\/28\\\/carlos-balor-presencio-la-misa-criolla-en-el-centro-municipal-roberto-de-vicenzo\\\/#primaryimage\"},\"image\":{\"@id\":\"https:\\\/\\\/diarioprincipios.com\\\/index.php\\\/2026\\\/04\\\/28\\\/carlos-balor-presencio-la-misa-criolla-en-el-centro-municipal-roberto-de-vicenzo\\\/#primaryimage\"},\"thumbnailUrl\":\"https:\\\/\\\/diarioprincipios.com\\\/wp-content\\\/uploads\\\/2026\\\/04\\\/Carlos-Balor-presencio-la-Misa-Criolla-5.jpg\",\"datePublished\":\"2026-04-28T18:13:45+00:00\",\"dateModified\":\"2026-04-28T18:13:46+00:00\",\"breadcrumb\":{\"@id\":\"https:\\\/\\\/diarioprincipios.com\\\/index.php\\\/2026\\\/04\\\/28\\\/carlos-balor-presencio-la-misa-criolla-en-el-centro-municipal-roberto-de-vicenzo\\\/#breadcrumb\"},\"inLanguage\":\"es\",\"potentialAction\":[{\"@type\":\"ReadAction\",\"target\":[\"https:\\\/\\\/diarioprincipios.com\\\/index.php\\\/2026\\\/04\\\/28\\\/carlos-balor-presencio-la-misa-criolla-en-el-centro-municipal-roberto-de-vicenzo\\\/\"]}]},{\"@type\":\"ImageObject\",\"inLanguage\":\"es\",\"@id\":\"https:\\\/\\\/diarioprincipios.com\\\/index.php\\\/2026\\\/04\\\/28\\\/carlos-balor-presencio-la-misa-criolla-en-el-centro-municipal-roberto-de-vicenzo\\\/#primaryimage\",\"url\":\"https:\\\/\\\/diarioprincipios.com\\\/wp-content\\\/uploads\\\/2026\\\/04\\\/Carlos-Balor-presencio-la-Misa-Criolla-5.jpg\",\"contentUrl\":\"https:\\\/\\\/diarioprincipios.com\\\/wp-content\\\/uploads\\\/2026\\\/04\\\/Carlos-Balor-presencio-la-Misa-Criolla-5.jpg\",\"width\":1920,\"height\":1280},{\"@type\":\"BreadcrumbList\",\"@id\":\"https:\\\/\\\/diarioprincipios.com\\\/index.php\\\/2026\\\/04\\\/28\\\/carlos-balor-presencio-la-misa-criolla-en-el-centro-municipal-roberto-de-vicenzo\\\/#breadcrumb\",\"itemListElement\":[{\"@type\":\"ListItem\",\"position\":1,\"name\":\"Portada\",\"item\":\"https:\\\/\\\/diarioprincipios.com\\\/\"},{\"@type\":\"ListItem\",\"position\":2,\"name\":\"Carlos Balor presenci\u00f3 la Misa Criolla en el Centro Municipal Roberto De Vicenzo\"}]},{\"@type\":\"WebSite\",\"@id\":\"https:\\\/\\\/diarioprincipios.com\\\/#website\",\"url\":\"https:\\\/\\\/diarioprincipios.com\\\/\",\"name\":\"Principios\",\"description\":\"Principios Diario\",\"publisher\":{\"@id\":\"https:\\\/\\\/diarioprincipios.com\\\/#organization\"},\"potentialAction\":[{\"@type\":\"SearchAction\",\"target\":{\"@type\":\"EntryPoint\",\"urlTemplate\":\"https:\\\/\\\/diarioprincipios.com\\\/?s={search_term_string}\"},\"query-input\":{\"@type\":\"PropertyValueSpecification\",\"valueRequired\":true,\"valueName\":\"search_term_string\"}}],\"inLanguage\":\"es\"},{\"@type\":\"Organization\",\"@id\":\"https:\\\/\\\/diarioprincipios.com\\\/#organization\",\"name\":\"Principios\",\"url\":\"https:\\\/\\\/diarioprincipios.com\\\/\",\"logo\":{\"@type\":\"ImageObject\",\"inLanguage\":\"es\",\"@id\":\"https:\\\/\\\/diarioprincipios.com\\\/#\\\/schema\\\/logo\\\/image\\\/\",\"url\":\"https:\\\/\\\/diarioprincipios.com\\\/wp-content\\\/uploads\\\/2024\\\/04\\\/cropped-www.diarioprincipios.com_-1.png\",\"contentUrl\":\"https:\\\/\\\/diarioprincipios.com\\\/wp-content\\\/uploads\\\/2024\\\/04\\\/cropped-www.diarioprincipios.com_-1.png\",\"width\":5325,\"height\":1454,\"caption\":\"Principios\"},\"image\":{\"@id\":\"https:\\\/\\\/diarioprincipios.com\\\/#\\\/schema\\\/logo\\\/image\\\/\"}},{\"@type\":\"Person\",\"@id\":\"https:\\\/\\\/diarioprincipios.com\\\/#\\\/schema\\\/person\\\/436d5a1fd41a5e250e23ff5a6a7cb080\",\"name\":\"Hern\u00e1n L\u00f3pez\",\"image\":{\"@type\":\"ImageObject\",\"inLanguage\":\"es\",\"@id\":\"https:\\\/\\\/diarioprincipios.com\\\/wp-content\\\/litespeed\\\/avatar\\\/11ddfe5610ff3bd100522525b2571f48.jpg?ver=1777048341\",\"url\":\"https:\\\/\\\/diarioprincipios.com\\\/wp-content\\\/litespeed\\\/avatar\\\/11ddfe5610ff3bd100522525b2571f48.jpg?ver=1777048341\",\"contentUrl\":\"https:\\\/\\\/diarioprincipios.com\\\/wp-content\\\/litespeed\\\/avatar\\\/11ddfe5610ff3bd100522525b2571f48.jpg?ver=1777048341\",\"caption\":\"Hern\u00e1n L\u00f3pez\"},\"url\":\"https:\\\/\\\/diarioprincipios.com\\\/index.php\\\/author\\\/hernan\\\/\"}]}<\/script>\n<!-- \/ Yoast SEO plugin. -->","yoast_head_json":{"title":"Carlos Balor presenci\u00f3 la Misa Criolla en el Centro Municipal Roberto De Vicenzo - Principios","robots":{"index":"index","follow":"follow","max-snippet":"max-snippet:-1","max-image-preview":"max-image-preview:large","max-video-preview":"max-video-preview:-1"},"canonical":"https:\/\/diarioprincipios.com\/index.php\/2026\/04\/28\/carlos-balor-presencio-la-misa-criolla-en-el-centro-municipal-roberto-de-vicenzo\/","og_locale":"es_ES","og_type":"article","og_title":"Carlos Balor presenci\u00f3 la Misa Criolla en el Centro Municipal Roberto De Vicenzo - Principios","og_description":"El intendente municipal, Carlos Balor, junto a cientos de vecinos y vecinas, disfrut\u00f3 de la Misa Criolla en el Centro Municipal de Actividades Roberto De Vicenzo. La emblem\u00e1tica obra de Ariel Ram\u00edrez fue interpretada por Luc\u00eda Ceresani, el Coro de Adultos de la Municipalidad de Berazategui -dirigido por Edgardo Palotta-, el Ballet Sumampa (ganador del...","og_url":"https:\/\/diarioprincipios.com\/index.php\/2026\/04\/28\/carlos-balor-presencio-la-misa-criolla-en-el-centro-municipal-roberto-de-vicenzo\/","og_site_name":"Principios","article_published_time":"2026-04-28T18:13:45+00:00","article_modified_time":"2026-04-28T18:13:46+00:00","og_image":[{"width":1920,"height":1280,"url":"https:\/\/diarioprincipios.com\/wp-content\/uploads\/2026\/04\/Carlos-Balor-presencio-la-Misa-Criolla-5.jpg","type":"image\/jpeg"}],"author":"Hern\u00e1n L\u00f3pez","twitter_card":"summary_large_image","twitter_misc":{"Escrito por":"Hern\u00e1n L\u00f3pez","Tiempo de lectura":"2 minutos"},"schema":{"@context":"https:\/\/schema.org","@graph":[{"@type":"Article","@id":"https:\/\/diarioprincipios.com\/index.php\/2026\/04\/28\/carlos-balor-presencio-la-misa-criolla-en-el-centro-municipal-roberto-de-vicenzo\/#article","isPartOf":{"@id":"https:\/\/diarioprincipios.com\/index.php\/2026\/04\/28\/carlos-balor-presencio-la-misa-criolla-en-el-centro-municipal-roberto-de-vicenzo\/"},"author":{"name":"Hern\u00e1n L\u00f3pez","@id":"https:\/\/diarioprincipios.com\/#\/schema\/person\/436d5a1fd41a5e250e23ff5a6a7cb080"},"headline":"Carlos Balor presenci\u00f3 la Misa Criolla en el Centro Municipal Roberto De Vicenzo","datePublished":"2026-04-28T18:13:45+00:00","dateModified":"2026-04-28T18:13:46+00:00","mainEntityOfPage":{"@id":"https:\/\/diarioprincipios.com\/index.php\/2026\/04\/28\/carlos-balor-presencio-la-misa-criolla-en-el-centro-municipal-roberto-de-vicenzo\/"},"wordCount":246,"commentCount":0,"publisher":{"@id":"https:\/\/diarioprincipios.com\/#organization"},"image":{"@id":"https:\/\/diarioprincipios.com\/index.php\/2026\/04\/28\/carlos-balor-presencio-la-misa-criolla-en-el-centro-municipal-roberto-de-vicenzo\/#primaryimage"},"thumbnailUrl":"https:\/\/diarioprincipios.com\/wp-content\/uploads\/2026\/04\/Carlos-Balor-presencio-la-Misa-Criolla-5.jpg","articleSection":["Berazategui","Cultura y Educaci\u00f3n"],"inLanguage":"es","potentialAction":[{"@type":"CommentAction","name":"Comment","target":["https:\/\/diarioprincipios.com\/index.php\/2026\/04\/28\/carlos-balor-presencio-la-misa-criolla-en-el-centro-municipal-roberto-de-vicenzo\/#respond"]}]},{"@type":"WebPage","@id":"https:\/\/diarioprincipios.com\/index.php\/2026\/04\/28\/carlos-balor-presencio-la-misa-criolla-en-el-centro-municipal-roberto-de-vicenzo\/","url":"https:\/\/diarioprincipios.com\/index.php\/2026\/04\/28\/carlos-balor-presencio-la-misa-criolla-en-el-centro-municipal-roberto-de-vicenzo\/","name":"Carlos Balor presenci\u00f3 la Misa Criolla en el Centro Municipal Roberto De Vicenzo - Principios","isPartOf":{"@id":"https:\/\/diarioprincipios.com\/#website"},"primaryImageOfPage":{"@id":"https:\/\/diarioprincipios.com\/index.php\/2026\/04\/28\/carlos-balor-presencio-la-misa-criolla-en-el-centro-municipal-roberto-de-vicenzo\/#primaryimage"},"image":{"@id":"https:\/\/diarioprincipios.com\/index.php\/2026\/04\/28\/carlos-balor-presencio-la-misa-criolla-en-el-centro-municipal-roberto-de-vicenzo\/#primaryimage"},"thumbnailUrl":"https:\/\/diarioprincipios.com\/wp-content\/uploads\/2026\/04\/Carlos-Balor-presencio-la-Misa-Criolla-5.jpg","datePublished":"2026-04-28T18:13:45+00:00","dateModified":"2026-04-28T18:13:46+00:00","breadcrumb":{"@id":"https:\/\/diarioprincipios.com\/index.php\/2026\/04\/28\/carlos-balor-presencio-la-misa-criolla-en-el-centro-municipal-roberto-de-vicenzo\/#breadcrumb"},"inLanguage":"es","potentialAction":[{"@type":"ReadAction","target":["https:\/\/diarioprincipios.com\/index.php\/2026\/04\/28\/carlos-balor-presencio-la-misa-criolla-en-el-centro-municipal-roberto-de-vicenzo\/"]}]},{"@type":"ImageObject","inLanguage":"es","@id":"https:\/\/diarioprincipios.com\/index.php\/2026\/04\/28\/carlos-balor-presencio-la-misa-criolla-en-el-centro-municipal-roberto-de-vicenzo\/#primaryimage","url":"https:\/\/diarioprincipios.com\/wp-content\/uploads\/2026\/04\/Carlos-Balor-presencio-la-Misa-Criolla-5.jpg","contentUrl":"https:\/\/diarioprincipios.com\/wp-content\/uploads\/2026\/04\/Carlos-Balor-presencio-la-Misa-Criolla-5.jpg","width":1920,"height":1280},{"@type":"BreadcrumbList","@id":"https:\/\/diarioprincipios.com\/index.php\/2026\/04\/28\/carlos-balor-presencio-la-misa-criolla-en-el-centro-municipal-roberto-de-vicenzo\/#breadcrumb","itemListElement":[{"@type":"ListItem","position":1,"name":"Portada","item":"https:\/\/diarioprincipios.com\/"},{"@type":"ListItem","position":2,"name":"Carlos Balor presenci\u00f3 la Misa Criolla en el Centro Municipal Roberto De Vicenzo"}]},{"@type":"WebSite","@id":"https:\/\/diarioprincipios.com\/#website","url":"https:\/\/diarioprincipios.com\/","name":"Principios","description":"Principios Diario","publisher":{"@id":"https:\/\/diarioprincipios.com\/#organization"},"potentialAction":[{"@type":"SearchAction","target":{"@type":"EntryPoint","urlTemplate":"https:\/\/diarioprincipios.com\/?s={search_term_string}"},"query-input":{"@type":"PropertyValueSpecification","valueRequired":true,"valueName":"search_term_string"}}],"inLanguage":"es"},{"@type":"Organization","@id":"https:\/\/diarioprincipios.com\/#organization","name":"Principios","url":"https:\/\/diarioprincipios.com\/","logo":{"@type":"ImageObject","inLanguage":"es","@id":"https:\/\/diarioprincipios.com\/#\/schema\/logo\/image\/","url":"https:\/\/diarioprincipios.com\/wp-content\/uploads\/2024\/04\/cropped-www.diarioprincipios.com_-1.png","contentUrl":"https:\/\/diarioprincipios.com\/wp-content\/uploads\/2024\/04\/cropped-www.diarioprincipios.com_-1.png","width":5325,"height":1454,"caption":"Principios"},"image":{"@id":"https:\/\/diarioprincipios.com\/#\/schema\/logo\/image\/"}},{"@type":"Person","@id":"https:\/\/diarioprincipios.com\/#\/schema\/person\/436d5a1fd41a5e250e23ff5a6a7cb080","name":"Hern\u00e1n L\u00f3pez","image":{"@type":"ImageObject","inLanguage":"es","@id":"https:\/\/diarioprincipios.com\/wp-content\/litespeed\/avatar\/11ddfe5610ff3bd100522525b2571f48.jpg?ver=1777048341","url":"https:\/\/diarioprincipios.com\/wp-content\/litespeed\/avatar\/11ddfe5610ff3bd100522525b2571f48.jpg?ver=1777048341","contentUrl":"https:\/\/diarioprincipios.com\/wp-content\/litespeed\/avatar\/11ddfe5610ff3bd100522525b2571f48.jpg?ver=1777048341","caption":"Hern\u00e1n L\u00f3pez"},"url":"https:\/\/diarioprincipios.com\/index.php\/author\/hernan\/"}]}},"jetpack_featured_media_url":"https:\/\/diarioprincipios.com\/wp-content\/uploads\/2026\/04\/Carlos-Balor-presencio-la-Misa-Criolla-5.jpg","_links":{"self":[{"href":"https:\/\/diarioprincipios.com\/index.php\/wp-json\/wp\/v2\/posts\/27197","targetHints":{"allow":["GET"]}}],"collection":[{"href":"https:\/\/diarioprincipios.com\/index.php\/wp-json\/wp\/v2\/posts"}],"about":[{"href":"https:\/\/diarioprincipios.com\/index.php\/wp-json\/wp\/v2\/types\/post"}],"author":[{"embeddable":true,"href":"https:\/\/diarioprincipios.com\/index.php\/wp-json\/wp\/v2\/users\/2"}],"replies":[{"embeddable":true,"href":"https:\/\/diarioprincipios.com\/index.php\/wp-json\/wp\/v2\/comments?post=27197"}],"version-history":[{"count":1,"href":"https:\/\/diarioprincipios.com\/index.php\/wp-json\/wp\/v2\/posts\/27197\/revisions"}],"predecessor-version":[{"id":27201,"href":"https:\/\/diarioprincipios.com\/index.php\/wp-json\/wp\/v2\/posts\/27197\/revisions\/27201"}],"wp:featuredmedia":[{"embeddable":true,"href":"https:\/\/diarioprincipios.com\/index.php\/wp-json\/wp\/v2\/media\/27200"}],"wp:attachment":[{"href":"https:\/\/diarioprincipios.com\/index.php\/wp-json\/wp\/v2\/media?parent=27197"}],"wp:term":[{"taxonomy":"category","embeddable":true,"href":"https:\/\/diarioprincipios.com\/index.php\/wp-json\/wp\/v2\/categories?post=27197"},{"taxonomy":"post_tag","embeddable":true,"href":"https:\/\/diarioprincipios.com\/index.php\/wp-json\/wp\/v2\/tags?post=27197"}],"curies":[{"name":"wp","href":"https:\/\/api.w.org\/{rel}","templated":true}]}}