{"id":27190,"date":"2026-04-26T10:06:29","date_gmt":"2026-04-26T13:06:29","guid":{"rendered":"https:\/\/diarioprincipios.com\/?p=27190"},"modified":"2026-04-26T10:06:30","modified_gmt":"2026-04-26T13:06:30","slug":"multitudinaria-convocatoria-por-el-dia-del-animal-en-berazategui","status":"publish","type":"post","link":"https:\/\/diarioprincipios.com\/index.php\/2026\/04\/26\/multitudinaria-convocatoria-por-el-dia-del-animal-en-berazategui\/","title":{"rendered":"Multitudinaria convocatoria por el D\u00eda del Animal en Berazategui"},"content":{"rendered":"\n<p>En el marco del D\u00eda Nacional del Animal, Berazategui vivi\u00f3 una jornada llena de alegr\u00eda. Cientos de vecinos y vecinas participaron del tradicional Encuentro Animal junto a sus compa\u00f1eros de vida, en el play\u00f3n del Edificio Municipal. El intendente Carlos Balor estuvo acompa\u00f1ado por su perra Tita.<\/p>\n\n\n\n<p>M\u00e1s de 350 perros y gatos fueron vacunados durante la jornada que incluy\u00f3 una bendici\u00f3n de animales a cargo del sacerdote Ignacio Blanco, sorteos, vacunaci\u00f3n antirr\u00e1bica gratuita, entrega de antiparasitarios y reconocimientos a familias adoptantes. Tambi\u00e9n hubo charlas sobre tenencia responsable y cuidado animal, junto a informaci\u00f3n sobre los servicios de la Cl\u00ednica Veterinaria Municipal.<\/p>\n\n\n\n<figure class=\"wp-block-image size-large\"><img loading=\"lazy\" decoding=\"async\" width=\"1024\" height=\"683\" src=\"https:\/\/diarioprincipios.com\/wp-content\/uploads\/2026\/04\/20260425_Bendicion_Animal_Segunda_Tanda_SR_022-1024x683.jpg\" alt=\"\" class=\"wp-image-27191\" srcset=\"https:\/\/diarioprincipios.com\/wp-content\/uploads\/2026\/04\/20260425_Bendicion_Animal_Segunda_Tanda_SR_022-1024x683.jpg 1024w, https:\/\/diarioprincipios.com\/wp-content\/uploads\/2026\/04\/20260425_Bendicion_Animal_Segunda_Tanda_SR_022-300x200.jpg 300w, https:\/\/diarioprincipios.com\/wp-content\/uploads\/2026\/04\/20260425_Bendicion_Animal_Segunda_Tanda_SR_022-768x512.jpg 768w, https:\/\/diarioprincipios.com\/wp-content\/uploads\/2026\/04\/20260425_Bendicion_Animal_Segunda_Tanda_SR_022-1536x1024.jpg 1536w, https:\/\/diarioprincipios.com\/wp-content\/uploads\/2026\/04\/20260425_Bendicion_Animal_Segunda_Tanda_SR_022-600x400.jpg 600w, https:\/\/diarioprincipios.com\/wp-content\/uploads\/2026\/04\/20260425_Bendicion_Animal_Segunda_Tanda_SR_022.jpg 2048w\" sizes=\"auto, (max-width: 1024px) 100vw, 1024px\" \/><\/figure>\n\n\n\n<p>\u201cGracias a todos los vecinos por ser parte de este evento, junto a sus animalitos. Nuestro querido Dr. Juan Jos\u00e9 Mussi amaba profundamente a los animales y Berazategui va a seguir ese camino\u201d, expres\u00f3 Balor. Adem\u00e1s, el Intendente destac\u00f3 el trabajo conjunto con la Fundaci\u00f3n Banco Provincia y la Secretar\u00eda de Salud municipal, y reafirm\u00f3 el acompa\u00f1amiento al rescatista oriundo de la ciudad, Fernando Pieroni.<\/p>\n\n\n\n<p>Durante el encuentro, Balor entreg\u00f3 a Pieroni un obsequio realizado por la artista Roc\u00edo Bogado, en reconocimiento a su labor al frente de la Fundaci\u00f3n Planeta Vivo.<\/p>\n\n\n\n<figure class=\"wp-block-image size-large\"><img loading=\"lazy\" decoding=\"async\" width=\"1024\" height=\"683\" src=\"https:\/\/diarioprincipios.com\/wp-content\/uploads\/2026\/04\/20260425_Bendicion_Mascotas_Jornada_Dia_Animal_FS_FS_125-1024x683.jpg\" alt=\"\" class=\"wp-image-27192\" srcset=\"https:\/\/diarioprincipios.com\/wp-content\/uploads\/2026\/04\/20260425_Bendicion_Mascotas_Jornada_Dia_Animal_FS_FS_125-1024x683.jpg 1024w, https:\/\/diarioprincipios.com\/wp-content\/uploads\/2026\/04\/20260425_Bendicion_Mascotas_Jornada_Dia_Animal_FS_FS_125-300x200.jpg 300w, https:\/\/diarioprincipios.com\/wp-content\/uploads\/2026\/04\/20260425_Bendicion_Mascotas_Jornada_Dia_Animal_FS_FS_125-768x512.jpg 768w, https:\/\/diarioprincipios.com\/wp-content\/uploads\/2026\/04\/20260425_Bendicion_Mascotas_Jornada_Dia_Animal_FS_FS_125-1536x1024.jpg 1536w, https:\/\/diarioprincipios.com\/wp-content\/uploads\/2026\/04\/20260425_Bendicion_Mascotas_Jornada_Dia_Animal_FS_FS_125-600x400.jpg 600w, https:\/\/diarioprincipios.com\/wp-content\/uploads\/2026\/04\/20260425_Bendicion_Mascotas_Jornada_Dia_Animal_FS_FS_125.jpg 1920w\" sizes=\"auto, (max-width: 1024px) 100vw, 1024px\" \/><\/figure>\n\n\n\n<p>Por su parte, la gerenta general de la Fundaci\u00f3n Banco Provincia, Victoria Iommi, valor\u00f3 la articulaci\u00f3n con el Municipio: \u201cEs una alegr\u00eda acompa\u00f1ar esta propuesta tan importante. Venimos trabajando en conjunto, en distintas iniciativas, y hoy podemos sumar nuestro aporte para los animalitos\u201d.<\/p>\n\n\n\n<p>A su vez, Fernando Pieroni destac\u00f3: \u201cGracias al Dr. Mussi hoy contamos con un predio donde estamos construyendo un Centro de rescate y asistencia para animales dom\u00e9sticos y fauna silvestre. Es un sue\u00f1o que empieza a hacerse realidad\u201d.<\/p>\n\n\n\n<p>Adem\u00e1s, el evento cont\u00f3 con stands de emprendedores de la Feria Municipal Emprender, actividades recreativas para toda la familia, estampado de remeras y foodtrucks con variadas propuestas gastron\u00f3micas.<\/p>\n\n\n\n<figure class=\"wp-block-image size-large\"><img loading=\"lazy\" decoding=\"async\" width=\"1024\" height=\"683\" src=\"https:\/\/diarioprincipios.com\/wp-content\/uploads\/2026\/04\/20260425_Bendicion_Mascotas_Jornada_Dia_Animal_Tanda_02_FS_51-1024x683.jpg\" alt=\"\" class=\"wp-image-27193\" srcset=\"https:\/\/diarioprincipios.com\/wp-content\/uploads\/2026\/04\/20260425_Bendicion_Mascotas_Jornada_Dia_Animal_Tanda_02_FS_51-1024x683.jpg 1024w, https:\/\/diarioprincipios.com\/wp-content\/uploads\/2026\/04\/20260425_Bendicion_Mascotas_Jornada_Dia_Animal_Tanda_02_FS_51-300x200.jpg 300w, https:\/\/diarioprincipios.com\/wp-content\/uploads\/2026\/04\/20260425_Bendicion_Mascotas_Jornada_Dia_Animal_Tanda_02_FS_51-768x512.jpg 768w, https:\/\/diarioprincipios.com\/wp-content\/uploads\/2026\/04\/20260425_Bendicion_Mascotas_Jornada_Dia_Animal_Tanda_02_FS_51-1536x1025.jpg 1536w, https:\/\/diarioprincipios.com\/wp-content\/uploads\/2026\/04\/20260425_Bendicion_Mascotas_Jornada_Dia_Animal_Tanda_02_FS_51-600x400.jpg 600w, https:\/\/diarioprincipios.com\/wp-content\/uploads\/2026\/04\/20260425_Bendicion_Mascotas_Jornada_Dia_Animal_Tanda_02_FS_51.jpg 1920w\" sizes=\"auto, (max-width: 1024px) 100vw, 1024px\" \/><\/figure>\n\n\n\n<p>\u201cSiempre venimos; es un evento hermoso, hecho con mucho amor\u201d, cont\u00f3 Cecilia, vecina de la ciudad que particip\u00f3 junto a su perrita Gina. \u201cLa adoptamos y es parte de nuestra familia. Es muy importante que existan estos espacios y los servicios gratuitos para los animales\u201d, agreg\u00f3.<\/p>\n\n\n\n<p>Durante el encuentro tambi\u00e9n se proyect\u00f3 un video en homenaje al Dr. Juan Jos\u00e9 Mussi. En la jornada acompa\u00f1aron autoridades municipales, entre ellas la subsecretaria de Salud P\u00fablica e Higiene, Luciana Soto.<\/p>\n\n\n\n<p>Berazategui reafirma su compromiso con la salud y el bienestar animal<\/p>\n\n\n\n<p>A trav\u00e9s de la Secretar\u00eda de Salud P\u00fablica e Higiene, el Municipio contin\u00faa fortaleciendo pol\u00edticas sostenidas de protecci\u00f3n animal. Desde 2013, la Cl\u00ednica Veterinaria Municipal brinda atenci\u00f3n gratuita y promueve la tenencia responsable, consolid\u00e1ndose como un espacio pionero y modelo a nivel nacional.<\/p>\n\n\n\n<figure class=\"wp-block-image size-large\"><img loading=\"lazy\" decoding=\"async\" width=\"1024\" height=\"683\" src=\"https:\/\/diarioprincipios.com\/wp-content\/uploads\/2026\/04\/20260425_Bendicion_Mascotas_Encuentro_Animal_TM_2_TM_42-1024x683.jpg\" alt=\"\" class=\"wp-image-27194\" srcset=\"https:\/\/diarioprincipios.com\/wp-content\/uploads\/2026\/04\/20260425_Bendicion_Mascotas_Encuentro_Animal_TM_2_TM_42-1024x683.jpg 1024w, https:\/\/diarioprincipios.com\/wp-content\/uploads\/2026\/04\/20260425_Bendicion_Mascotas_Encuentro_Animal_TM_2_TM_42-300x200.jpg 300w, https:\/\/diarioprincipios.com\/wp-content\/uploads\/2026\/04\/20260425_Bendicion_Mascotas_Encuentro_Animal_TM_2_TM_42-768x512.jpg 768w, https:\/\/diarioprincipios.com\/wp-content\/uploads\/2026\/04\/20260425_Bendicion_Mascotas_Encuentro_Animal_TM_2_TM_42-1536x1024.jpg 1536w, https:\/\/diarioprincipios.com\/wp-content\/uploads\/2026\/04\/20260425_Bendicion_Mascotas_Encuentro_Animal_TM_2_TM_42-600x400.jpg 600w, https:\/\/diarioprincipios.com\/wp-content\/uploads\/2026\/04\/20260425_Bendicion_Mascotas_Encuentro_Animal_TM_2_TM_42.jpg 1920w\" sizes=\"auto, (max-width: 1024px) 100vw, 1024px\" \/><\/figure>\n\n\n\n<p>Asimismo, Berazategui fue el primer distrito en decirle No a la tracci\u00f3n a sangre, prohibida desde 2019 (Ordenanza Municipal N\u00b0 5694). Gracias a esta normativa, y mediante la constante labor de los y las profesionales de la Veterinaria Municipal, en los \u00faltimos diez a\u00f1os se rescataron y recuperaron m\u00e1s de 100 caballos que sufr\u00edan maltrato y abandono. Berazategui marc\u00f3 un hito a trav\u00e9s de esta iniciativa y es un ejemplo a seguir para otros municipios e incluso para algunos Gobiernos provinciales.<\/p>\n\n\n\n<p>Para m\u00e1s informaci\u00f3n, ingresar en corazondezonasur.com.ar.<\/p>\n","protected":false},"excerpt":{"rendered":"<p>En el marco del D\u00eda Nacional del Animal, Berazategui vivi\u00f3 una jornada llena de alegr\u00eda. Cientos de vecinos y vecinas participaron del tradicional Encuentro Animal junto a sus compa\u00f1eros de vida, en el play\u00f3n del Edificio Municipal. El intendente Carlos Balor estuvo acompa\u00f1ado por su perra Tita. M\u00e1s de 350 perros y gatos fueron vacunados&#8230;<\/p>\n","protected":false},"author":2,"featured_media":27195,"comment_status":"open","ping_status":"open","sticky":false,"template":"","format":"standard","meta":{"footnotes":""},"categories":[3],"tags":[],"class_list":["post-27190","post","type-post","status-publish","format-standard","has-post-thumbnail","hentry","category-berazategui"],"featured_image_src":"https:\/\/diarioprincipios.com\/wp-content\/uploads\/2026\/04\/20260425_Bendicion_Mascotas_Jornada_Dia_Animal_Tanda_02_FS_03-1024x683.jpg","blog_images":{"medium":"https:\/\/diarioprincipios.com\/wp-content\/uploads\/2026\/04\/20260425_Bendicion_Mascotas_Jornada_Dia_Animal_Tanda_02_FS_03-300x200.jpg","large":"https:\/\/diarioprincipios.com\/wp-content\/uploads\/2026\/04\/20260425_Bendicion_Mascotas_Jornada_Dia_Animal_Tanda_02_FS_03-1024x683.jpg"},"ams_acf":[],"yoast_head":"<!-- This site is optimized with the Yoast SEO plugin v27.3 - https:\/\/yoast.com\/product\/yoast-seo-wordpress\/ -->\n<title>Multitudinaria convocatoria por el D\u00eda del Animal en Berazategui - Principios<\/title>\n<meta name=\"robots\" content=\"index, follow, max-snippet:-1, max-image-preview:large, max-video-preview:-1\" \/>\n<link rel=\"canonical\" href=\"https:\/\/diarioprincipios.com\/index.php\/2026\/04\/26\/multitudinaria-convocatoria-por-el-dia-del-animal-en-berazategui\/\" \/>\n<meta property=\"og:locale\" content=\"es_ES\" \/>\n<meta property=\"og:type\" content=\"article\" \/>\n<meta property=\"og:title\" content=\"Multitudinaria convocatoria por el D\u00eda del Animal en Berazategui - Principios\" \/>\n<meta property=\"og:description\" content=\"En el marco del D\u00eda Nacional del Animal, Berazategui vivi\u00f3 una jornada llena de alegr\u00eda. Cientos de vecinos y vecinas participaron del tradicional Encuentro Animal junto a sus compa\u00f1eros de vida, en el play\u00f3n del Edificio Municipal. El intendente Carlos Balor estuvo acompa\u00f1ado por su perra Tita. M\u00e1s de 350 perros y gatos fueron vacunados...\" \/>\n<meta property=\"og:url\" content=\"https:\/\/diarioprincipios.com\/index.php\/2026\/04\/26\/multitudinaria-convocatoria-por-el-dia-del-animal-en-berazategui\/\" \/>\n<meta property=\"og:site_name\" content=\"Principios\" \/>\n<meta property=\"article:published_time\" content=\"2026-04-26T13:06:29+00:00\" \/>\n<meta property=\"article:modified_time\" content=\"2026-04-26T13:06:30+00:00\" \/>\n<meta property=\"og:image\" content=\"https:\/\/diarioprincipios.com\/wp-content\/uploads\/2026\/04\/20260425_Bendicion_Mascotas_Jornada_Dia_Animal_Tanda_02_FS_03.jpg\" \/>\n\t<meta property=\"og:image:width\" content=\"1920\" \/>\n\t<meta property=\"og:image:height\" content=\"1280\" \/>\n\t<meta property=\"og:image:type\" content=\"image\/jpeg\" \/>\n<meta name=\"author\" content=\"Hern\u00e1n L\u00f3pez\" \/>\n<meta name=\"twitter:card\" content=\"summary_large_image\" \/>\n<meta name=\"twitter:label1\" content=\"Escrito por\" \/>\n\t<meta name=\"twitter:data1\" content=\"Hern\u00e1n L\u00f3pez\" \/>\n\t<meta name=\"twitter:label2\" content=\"Tiempo de lectura\" \/>\n\t<meta name=\"twitter:data2\" content=\"4 minutos\" \/>\n<script type=\"application\/ld+json\" class=\"yoast-schema-graph\">{\"@context\":\"https:\\\/\\\/schema.org\",\"@graph\":[{\"@type\":\"Article\",\"@id\":\"https:\\\/\\\/diarioprincipios.com\\\/index.php\\\/2026\\\/04\\\/26\\\/multitudinaria-convocatoria-por-el-dia-del-animal-en-berazategui\\\/#article\",\"isPartOf\":{\"@id\":\"https:\\\/\\\/diarioprincipios.com\\\/index.php\\\/2026\\\/04\\\/26\\\/multitudinaria-convocatoria-por-el-dia-del-animal-en-berazategui\\\/\"},\"author\":{\"name\":\"Hern\u00e1n L\u00f3pez\",\"@id\":\"https:\\\/\\\/diarioprincipios.com\\\/#\\\/schema\\\/person\\\/436d5a1fd41a5e250e23ff5a6a7cb080\"},\"headline\":\"Multitudinaria convocatoria por el D\u00eda del Animal en Berazategui\",\"datePublished\":\"2026-04-26T13:06:29+00:00\",\"dateModified\":\"2026-04-26T13:06:30+00:00\",\"mainEntityOfPage\":{\"@id\":\"https:\\\/\\\/diarioprincipios.com\\\/index.php\\\/2026\\\/04\\\/26\\\/multitudinaria-convocatoria-por-el-dia-del-animal-en-berazategui\\\/\"},\"wordCount\":574,\"commentCount\":0,\"publisher\":{\"@id\":\"https:\\\/\\\/diarioprincipios.com\\\/#organization\"},\"image\":{\"@id\":\"https:\\\/\\\/diarioprincipios.com\\\/index.php\\\/2026\\\/04\\\/26\\\/multitudinaria-convocatoria-por-el-dia-del-animal-en-berazategui\\\/#primaryimage\"},\"thumbnailUrl\":\"https:\\\/\\\/diarioprincipios.com\\\/wp-content\\\/uploads\\\/2026\\\/04\\\/20260425_Bendicion_Mascotas_Jornada_Dia_Animal_Tanda_02_FS_03.jpg\",\"articleSection\":[\"Berazategui\"],\"inLanguage\":\"es\",\"potentialAction\":[{\"@type\":\"CommentAction\",\"name\":\"Comment\",\"target\":[\"https:\\\/\\\/diarioprincipios.com\\\/index.php\\\/2026\\\/04\\\/26\\\/multitudinaria-convocatoria-por-el-dia-del-animal-en-berazategui\\\/#respond\"]}]},{\"@type\":\"WebPage\",\"@id\":\"https:\\\/\\\/diarioprincipios.com\\\/index.php\\\/2026\\\/04\\\/26\\\/multitudinaria-convocatoria-por-el-dia-del-animal-en-berazategui\\\/\",\"url\":\"https:\\\/\\\/diarioprincipios.com\\\/index.php\\\/2026\\\/04\\\/26\\\/multitudinaria-convocatoria-por-el-dia-del-animal-en-berazategui\\\/\",\"name\":\"Multitudinaria convocatoria por el D\u00eda del Animal en Berazategui - Principios\",\"isPartOf\":{\"@id\":\"https:\\\/\\\/diarioprincipios.com\\\/#website\"},\"primaryImageOfPage\":{\"@id\":\"https:\\\/\\\/diarioprincipios.com\\\/index.php\\\/2026\\\/04\\\/26\\\/multitudinaria-convocatoria-por-el-dia-del-animal-en-berazategui\\\/#primaryimage\"},\"image\":{\"@id\":\"https:\\\/\\\/diarioprincipios.com\\\/index.php\\\/2026\\\/04\\\/26\\\/multitudinaria-convocatoria-por-el-dia-del-animal-en-berazategui\\\/#primaryimage\"},\"thumbnailUrl\":\"https:\\\/\\\/diarioprincipios.com\\\/wp-content\\\/uploads\\\/2026\\\/04\\\/20260425_Bendicion_Mascotas_Jornada_Dia_Animal_Tanda_02_FS_03.jpg\",\"datePublished\":\"2026-04-26T13:06:29+00:00\",\"dateModified\":\"2026-04-26T13:06:30+00:00\",\"breadcrumb\":{\"@id\":\"https:\\\/\\\/diarioprincipios.com\\\/index.php\\\/2026\\\/04\\\/26\\\/multitudinaria-convocatoria-por-el-dia-del-animal-en-berazategui\\\/#breadcrumb\"},\"inLanguage\":\"es\",\"potentialAction\":[{\"@type\":\"ReadAction\",\"target\":[\"https:\\\/\\\/diarioprincipios.com\\\/index.php\\\/2026\\\/04\\\/26\\\/multitudinaria-convocatoria-por-el-dia-del-animal-en-berazategui\\\/\"]}]},{\"@type\":\"ImageObject\",\"inLanguage\":\"es\",\"@id\":\"https:\\\/\\\/diarioprincipios.com\\\/index.php\\\/2026\\\/04\\\/26\\\/multitudinaria-convocatoria-por-el-dia-del-animal-en-berazategui\\\/#primaryimage\",\"url\":\"https:\\\/\\\/diarioprincipios.com\\\/wp-content\\\/uploads\\\/2026\\\/04\\\/20260425_Bendicion_Mascotas_Jornada_Dia_Animal_Tanda_02_FS_03.jpg\",\"contentUrl\":\"https:\\\/\\\/diarioprincipios.com\\\/wp-content\\\/uploads\\\/2026\\\/04\\\/20260425_Bendicion_Mascotas_Jornada_Dia_Animal_Tanda_02_FS_03.jpg\",\"width\":1920,\"height\":1280},{\"@type\":\"BreadcrumbList\",\"@id\":\"https:\\\/\\\/diarioprincipios.com\\\/index.php\\\/2026\\\/04\\\/26\\\/multitudinaria-convocatoria-por-el-dia-del-animal-en-berazategui\\\/#breadcrumb\",\"itemListElement\":[{\"@type\":\"ListItem\",\"position\":1,\"name\":\"Portada\",\"item\":\"https:\\\/\\\/diarioprincipios.com\\\/\"},{\"@type\":\"ListItem\",\"position\":2,\"name\":\"Multitudinaria convocatoria por el D\u00eda del Animal en Berazategui\"}]},{\"@type\":\"WebSite\",\"@id\":\"https:\\\/\\\/diarioprincipios.com\\\/#website\",\"url\":\"https:\\\/\\\/diarioprincipios.com\\\/\",\"name\":\"Principios\",\"description\":\"Principios Diario\",\"publisher\":{\"@id\":\"https:\\\/\\\/diarioprincipios.com\\\/#organization\"},\"potentialAction\":[{\"@type\":\"SearchAction\",\"target\":{\"@type\":\"EntryPoint\",\"urlTemplate\":\"https:\\\/\\\/diarioprincipios.com\\\/?s={search_term_string}\"},\"query-input\":{\"@type\":\"PropertyValueSpecification\",\"valueRequired\":true,\"valueName\":\"search_term_string\"}}],\"inLanguage\":\"es\"},{\"@type\":\"Organization\",\"@id\":\"https:\\\/\\\/diarioprincipios.com\\\/#organization\",\"name\":\"Principios\",\"url\":\"https:\\\/\\\/diarioprincipios.com\\\/\",\"logo\":{\"@type\":\"ImageObject\",\"inLanguage\":\"es\",\"@id\":\"https:\\\/\\\/diarioprincipios.com\\\/#\\\/schema\\\/logo\\\/image\\\/\",\"url\":\"https:\\\/\\\/diarioprincipios.com\\\/wp-content\\\/uploads\\\/2024\\\/04\\\/cropped-www.diarioprincipios.com_-1.png\",\"contentUrl\":\"https:\\\/\\\/diarioprincipios.com\\\/wp-content\\\/uploads\\\/2024\\\/04\\\/cropped-www.diarioprincipios.com_-1.png\",\"width\":5325,\"height\":1454,\"caption\":\"Principios\"},\"image\":{\"@id\":\"https:\\\/\\\/diarioprincipios.com\\\/#\\\/schema\\\/logo\\\/image\\\/\"}},{\"@type\":\"Person\",\"@id\":\"https:\\\/\\\/diarioprincipios.com\\\/#\\\/schema\\\/person\\\/436d5a1fd41a5e250e23ff5a6a7cb080\",\"name\":\"Hern\u00e1n L\u00f3pez\",\"image\":{\"@type\":\"ImageObject\",\"inLanguage\":\"es\",\"@id\":\"https:\\\/\\\/diarioprincipios.com\\\/wp-content\\\/litespeed\\\/avatar\\\/11ddfe5610ff3bd100522525b2571f48.jpg?ver=1777048341\",\"url\":\"https:\\\/\\\/diarioprincipios.com\\\/wp-content\\\/litespeed\\\/avatar\\\/11ddfe5610ff3bd100522525b2571f48.jpg?ver=1777048341\",\"contentUrl\":\"https:\\\/\\\/diarioprincipios.com\\\/wp-content\\\/litespeed\\\/avatar\\\/11ddfe5610ff3bd100522525b2571f48.jpg?ver=1777048341\",\"caption\":\"Hern\u00e1n L\u00f3pez\"},\"url\":\"https:\\\/\\\/diarioprincipios.com\\\/index.php\\\/author\\\/hernan\\\/\"}]}<\/script>\n<!-- \/ Yoast SEO plugin. -->","yoast_head_json":{"title":"Multitudinaria convocatoria por el D\u00eda del Animal en Berazategui - Principios","robots":{"index":"index","follow":"follow","max-snippet":"max-snippet:-1","max-image-preview":"max-image-preview:large","max-video-preview":"max-video-preview:-1"},"canonical":"https:\/\/diarioprincipios.com\/index.php\/2026\/04\/26\/multitudinaria-convocatoria-por-el-dia-del-animal-en-berazategui\/","og_locale":"es_ES","og_type":"article","og_title":"Multitudinaria convocatoria por el D\u00eda del Animal en Berazategui - Principios","og_description":"En el marco del D\u00eda Nacional del Animal, Berazategui vivi\u00f3 una jornada llena de alegr\u00eda. Cientos de vecinos y vecinas participaron del tradicional Encuentro Animal junto a sus compa\u00f1eros de vida, en el play\u00f3n del Edificio Municipal. El intendente Carlos Balor estuvo acompa\u00f1ado por su perra Tita. M\u00e1s de 350 perros y gatos fueron vacunados...","og_url":"https:\/\/diarioprincipios.com\/index.php\/2026\/04\/26\/multitudinaria-convocatoria-por-el-dia-del-animal-en-berazategui\/","og_site_name":"Principios","article_published_time":"2026-04-26T13:06:29+00:00","article_modified_time":"2026-04-26T13:06:30+00:00","og_image":[{"width":1920,"height":1280,"url":"https:\/\/diarioprincipios.com\/wp-content\/uploads\/2026\/04\/20260425_Bendicion_Mascotas_Jornada_Dia_Animal_Tanda_02_FS_03.jpg","type":"image\/jpeg"}],"author":"Hern\u00e1n L\u00f3pez","twitter_card":"summary_large_image","twitter_misc":{"Escrito por":"Hern\u00e1n L\u00f3pez","Tiempo de lectura":"4 minutos"},"schema":{"@context":"https:\/\/schema.org","@graph":[{"@type":"Article","@id":"https:\/\/diarioprincipios.com\/index.php\/2026\/04\/26\/multitudinaria-convocatoria-por-el-dia-del-animal-en-berazategui\/#article","isPartOf":{"@id":"https:\/\/diarioprincipios.com\/index.php\/2026\/04\/26\/multitudinaria-convocatoria-por-el-dia-del-animal-en-berazategui\/"},"author":{"name":"Hern\u00e1n L\u00f3pez","@id":"https:\/\/diarioprincipios.com\/#\/schema\/person\/436d5a1fd41a5e250e23ff5a6a7cb080"},"headline":"Multitudinaria convocatoria por el D\u00eda del Animal en Berazategui","datePublished":"2026-04-26T13:06:29+00:00","dateModified":"2026-04-26T13:06:30+00:00","mainEntityOfPage":{"@id":"https:\/\/diarioprincipios.com\/index.php\/2026\/04\/26\/multitudinaria-convocatoria-por-el-dia-del-animal-en-berazategui\/"},"wordCount":574,"commentCount":0,"publisher":{"@id":"https:\/\/diarioprincipios.com\/#organization"},"image":{"@id":"https:\/\/diarioprincipios.com\/index.php\/2026\/04\/26\/multitudinaria-convocatoria-por-el-dia-del-animal-en-berazategui\/#primaryimage"},"thumbnailUrl":"https:\/\/diarioprincipios.com\/wp-content\/uploads\/2026\/04\/20260425_Bendicion_Mascotas_Jornada_Dia_Animal_Tanda_02_FS_03.jpg","articleSection":["Berazategui"],"inLanguage":"es","potentialAction":[{"@type":"CommentAction","name":"Comment","target":["https:\/\/diarioprincipios.com\/index.php\/2026\/04\/26\/multitudinaria-convocatoria-por-el-dia-del-animal-en-berazategui\/#respond"]}]},{"@type":"WebPage","@id":"https:\/\/diarioprincipios.com\/index.php\/2026\/04\/26\/multitudinaria-convocatoria-por-el-dia-del-animal-en-berazategui\/","url":"https:\/\/diarioprincipios.com\/index.php\/2026\/04\/26\/multitudinaria-convocatoria-por-el-dia-del-animal-en-berazategui\/","name":"Multitudinaria convocatoria por el D\u00eda del Animal en Berazategui - Principios","isPartOf":{"@id":"https:\/\/diarioprincipios.com\/#website"},"primaryImageOfPage":{"@id":"https:\/\/diarioprincipios.com\/index.php\/2026\/04\/26\/multitudinaria-convocatoria-por-el-dia-del-animal-en-berazategui\/#primaryimage"},"image":{"@id":"https:\/\/diarioprincipios.com\/index.php\/2026\/04\/26\/multitudinaria-convocatoria-por-el-dia-del-animal-en-berazategui\/#primaryimage"},"thumbnailUrl":"https:\/\/diarioprincipios.com\/wp-content\/uploads\/2026\/04\/20260425_Bendicion_Mascotas_Jornada_Dia_Animal_Tanda_02_FS_03.jpg","datePublished":"2026-04-26T13:06:29+00:00","dateModified":"2026-04-26T13:06:30+00:00","breadcrumb":{"@id":"https:\/\/diarioprincipios.com\/index.php\/2026\/04\/26\/multitudinaria-convocatoria-por-el-dia-del-animal-en-berazategui\/#breadcrumb"},"inLanguage":"es","potentialAction":[{"@type":"ReadAction","target":["https:\/\/diarioprincipios.com\/index.php\/2026\/04\/26\/multitudinaria-convocatoria-por-el-dia-del-animal-en-berazategui\/"]}]},{"@type":"ImageObject","inLanguage":"es","@id":"https:\/\/diarioprincipios.com\/index.php\/2026\/04\/26\/multitudinaria-convocatoria-por-el-dia-del-animal-en-berazategui\/#primaryimage","url":"https:\/\/diarioprincipios.com\/wp-content\/uploads\/2026\/04\/20260425_Bendicion_Mascotas_Jornada_Dia_Animal_Tanda_02_FS_03.jpg","contentUrl":"https:\/\/diarioprincipios.com\/wp-content\/uploads\/2026\/04\/20260425_Bendicion_Mascotas_Jornada_Dia_Animal_Tanda_02_FS_03.jpg","width":1920,"height":1280},{"@type":"BreadcrumbList","@id":"https:\/\/diarioprincipios.com\/index.php\/2026\/04\/26\/multitudinaria-convocatoria-por-el-dia-del-animal-en-berazategui\/#breadcrumb","itemListElement":[{"@type":"ListItem","position":1,"name":"Portada","item":"https:\/\/diarioprincipios.com\/"},{"@type":"ListItem","position":2,"name":"Multitudinaria convocatoria por el D\u00eda del Animal en Berazategui"}]},{"@type":"WebSite","@id":"https:\/\/diarioprincipios.com\/#website","url":"https:\/\/diarioprincipios.com\/","name":"Principios","description":"Principios Diario","publisher":{"@id":"https:\/\/diarioprincipios.com\/#organization"},"potentialAction":[{"@type":"SearchAction","target":{"@type":"EntryPoint","urlTemplate":"https:\/\/diarioprincipios.com\/?s={search_term_string}"},"query-input":{"@type":"PropertyValueSpecification","valueRequired":true,"valueName":"search_term_string"}}],"inLanguage":"es"},{"@type":"Organization","@id":"https:\/\/diarioprincipios.com\/#organization","name":"Principios","url":"https:\/\/diarioprincipios.com\/","logo":{"@type":"ImageObject","inLanguage":"es","@id":"https:\/\/diarioprincipios.com\/#\/schema\/logo\/image\/","url":"https:\/\/diarioprincipios.com\/wp-content\/uploads\/2024\/04\/cropped-www.diarioprincipios.com_-1.png","contentUrl":"https:\/\/diarioprincipios.com\/wp-content\/uploads\/2024\/04\/cropped-www.diarioprincipios.com_-1.png","width":5325,"height":1454,"caption":"Principios"},"image":{"@id":"https:\/\/diarioprincipios.com\/#\/schema\/logo\/image\/"}},{"@type":"Person","@id":"https:\/\/diarioprincipios.com\/#\/schema\/person\/436d5a1fd41a5e250e23ff5a6a7cb080","name":"Hern\u00e1n L\u00f3pez","image":{"@type":"ImageObject","inLanguage":"es","@id":"https:\/\/diarioprincipios.com\/wp-content\/litespeed\/avatar\/11ddfe5610ff3bd100522525b2571f48.jpg?ver=1777048341","url":"https:\/\/diarioprincipios.com\/wp-content\/litespeed\/avatar\/11ddfe5610ff3bd100522525b2571f48.jpg?ver=1777048341","contentUrl":"https:\/\/diarioprincipios.com\/wp-content\/litespeed\/avatar\/11ddfe5610ff3bd100522525b2571f48.jpg?ver=1777048341","caption":"Hern\u00e1n L\u00f3pez"},"url":"https:\/\/diarioprincipios.com\/index.php\/author\/hernan\/"}]}},"jetpack_featured_media_url":"https:\/\/diarioprincipios.com\/wp-content\/uploads\/2026\/04\/20260425_Bendicion_Mascotas_Jornada_Dia_Animal_Tanda_02_FS_03.jpg","_links":{"self":[{"href":"https:\/\/diarioprincipios.com\/index.php\/wp-json\/wp\/v2\/posts\/27190","targetHints":{"allow":["GET"]}}],"collection":[{"href":"https:\/\/diarioprincipios.com\/index.php\/wp-json\/wp\/v2\/posts"}],"about":[{"href":"https:\/\/diarioprincipios.com\/index.php\/wp-json\/wp\/v2\/types\/post"}],"author":[{"embeddable":true,"href":"https:\/\/diarioprincipios.com\/index.php\/wp-json\/wp\/v2\/users\/2"}],"replies":[{"embeddable":true,"href":"https:\/\/diarioprincipios.com\/index.php\/wp-json\/wp\/v2\/comments?post=27190"}],"version-history":[{"count":1,"href":"https:\/\/diarioprincipios.com\/index.php\/wp-json\/wp\/v2\/posts\/27190\/revisions"}],"predecessor-version":[{"id":27196,"href":"https:\/\/diarioprincipios.com\/index.php\/wp-json\/wp\/v2\/posts\/27190\/revisions\/27196"}],"wp:featuredmedia":[{"embeddable":true,"href":"https:\/\/diarioprincipios.com\/index.php\/wp-json\/wp\/v2\/media\/27195"}],"wp:attachment":[{"href":"https:\/\/diarioprincipios.com\/index.php\/wp-json\/wp\/v2\/media?parent=27190"}],"wp:term":[{"taxonomy":"category","embeddable":true,"href":"https:\/\/diarioprincipios.com\/index.php\/wp-json\/wp\/v2\/categories?post=27190"},{"taxonomy":"post_tag","embeddable":true,"href":"https:\/\/diarioprincipios.com\/index.php\/wp-json\/wp\/v2\/tags?post=27190"}],"curies":[{"name":"wp","href":"https:\/\/api.w.org\/{rel}","templated":true}]}}