{"id":2715,"date":"2020-06-10T13:29:20","date_gmt":"2020-06-10T16:29:20","guid":{"rendered":"http:\/\/diarioprincipios.com\/?p=2715"},"modified":"2020-06-10T13:31:48","modified_gmt":"2020-06-10T16:31:48","slug":"es-falso-que-se-vaya-a-multar-a-quienes-no-respeten-nueva-normativa-sobre-circulacion-peatonal-en-el-centro","status":"publish","type":"post","link":"https:\/\/diarioprincipios.com\/index.php\/2020\/06\/10\/es-falso-que-se-vaya-a-multar-a-quienes-no-respeten-nueva-normativa-sobre-circulacion-peatonal-en-el-centro\/","title":{"rendered":"ES FALSO QUE SE VAYA A MULTAR A QUIENES NO RESPETEN NUEVA NORMATIVA SOBRE CIRCULACION PEATONAL EN EL CENTRO"},"content":{"rendered":"\n<figure class=\"wp-block-image size-large\"><img loading=\"lazy\" decoding=\"async\" width=\"819\" height=\"1024\" src=\"https:\/\/diarioprincipios.com\/wp-content\/uploads\/2020\/06\/FB_IMG_1591806244047-819x1024.jpg\" alt=\"\" class=\"wp-image-2716\" srcset=\"https:\/\/diarioprincipios.com\/wp-content\/uploads\/2020\/06\/FB_IMG_1591806244047-819x1024.jpg 819w, https:\/\/diarioprincipios.com\/wp-content\/uploads\/2020\/06\/FB_IMG_1591806244047-240x300.jpg 240w, https:\/\/diarioprincipios.com\/wp-content\/uploads\/2020\/06\/FB_IMG_1591806244047-768x960.jpg 768w, https:\/\/diarioprincipios.com\/wp-content\/uploads\/2020\/06\/FB_IMG_1591806244047.jpg 1080w\" sizes=\"auto, (max-width: 819px) 100vw, 819px\" \/><\/figure>\n\n\n\n<p>Ni bien se conoci\u00f3 la iniciativa del municipio de que las veredas tengan sentido \u00fanico de circulaci\u00f3n en el centro, como una medida m\u00e1s para favorecer el distanciamiento social, algunos  \u00abvivillos\u00bb salieron a decir a trav\u00e9s de las redes sociales que se cobrar\u00edan multas de entre 1500 y 3000 pesos a quienes no cumplan con la normativa, lo cual es absolutamente falso.<\/p>\n","protected":false},"excerpt":{"rendered":"<p>Ni bien se conoci\u00f3 la iniciativa del municipio de que las veredas tengan sentido \u00fanico de circulaci\u00f3n en el centro, como una medida m\u00e1s para favorecer el distanciamiento social, algunos \u00abvivillos\u00bb salieron a decir a trav\u00e9s de las redes sociales que se cobrar\u00edan multas de entre 1500 y 3000 pesos a quienes no cumplan con&#8230;<\/p>\n","protected":false},"author":2,"featured_media":2710,"comment_status":"open","ping_status":"open","sticky":false,"template":"","format":"standard","meta":{"footnotes":""},"categories":[3],"tags":[],"class_list":["post-2715","post","type-post","status-publish","format-standard","has-post-thumbnail","hentry","category-berazategui"],"featured_image_src":"https:\/\/diarioprincipios.com\/wp-content\/uploads\/2020\/06\/EN-BERAZATEGUI-LAS-VEREDAS-TENDR\u00c1N-SENTIDO-\u00daNICO-DE-CIRCULACI\u00d3N-2.jpeg","blog_images":{"medium":"https:\/\/diarioprincipios.com\/wp-content\/uploads\/2020\/06\/EN-BERAZATEGUI-LAS-VEREDAS-TENDR\u00c1N-SENTIDO-\u00daNICO-DE-CIRCULACI\u00d3N-2-168x300.jpeg","large":"https:\/\/diarioprincipios.com\/wp-content\/uploads\/2020\/06\/EN-BERAZATEGUI-LAS-VEREDAS-TENDR\u00c1N-SENTIDO-\u00daNICO-DE-CIRCULACI\u00d3N-2.jpeg"},"ams_acf":[],"yoast_head":"<!-- This site is optimized with the Yoast SEO plugin v27.3 - https:\/\/yoast.com\/product\/yoast-seo-wordpress\/ -->\n<title>ES FALSO QUE SE VAYA A MULTAR A QUIENES NO RESPETEN NUEVA NORMATIVA SOBRE CIRCULACION PEATONAL EN EL CENTRO - Principios<\/title>\n<meta name=\"robots\" content=\"index, follow, max-snippet:-1, max-image-preview:large, max-video-preview:-1\" \/>\n<link rel=\"canonical\" href=\"https:\/\/diarioprincipios.com\/index.php\/2020\/06\/10\/es-falso-que-se-vaya-a-multar-a-quienes-no-respeten-nueva-normativa-sobre-circulacion-peatonal-en-el-centro\/\" \/>\n<meta property=\"og:locale\" content=\"es_ES\" \/>\n<meta property=\"og:type\" content=\"article\" \/>\n<meta property=\"og:title\" content=\"ES FALSO QUE SE VAYA A MULTAR A QUIENES NO RESPETEN NUEVA NORMATIVA SOBRE CIRCULACION PEATONAL EN EL CENTRO - Principios\" \/>\n<meta property=\"og:description\" content=\"Ni bien se conoci\u00f3 la iniciativa del municipio de que las veredas tengan sentido \u00fanico de circulaci\u00f3n en el centro, como una medida m\u00e1s para favorecer el distanciamiento social, algunos \u00abvivillos\u00bb salieron a decir a trav\u00e9s de las redes sociales que se cobrar\u00edan multas de entre 1500 y 3000 pesos a quienes no cumplan con...\" \/>\n<meta property=\"og:url\" content=\"https:\/\/diarioprincipios.com\/index.php\/2020\/06\/10\/es-falso-que-se-vaya-a-multar-a-quienes-no-respeten-nueva-normativa-sobre-circulacion-peatonal-en-el-centro\/\" \/>\n<meta property=\"og:site_name\" content=\"Principios\" \/>\n<meta property=\"article:published_time\" content=\"2020-06-10T16:29:20+00:00\" \/>\n<meta property=\"article:modified_time\" content=\"2020-06-10T16:31:48+00:00\" \/>\n<meta property=\"og:image\" content=\"https:\/\/diarioprincipios.com\/wp-content\/uploads\/2020\/06\/EN-BERAZATEGUI-LAS-VEREDAS-TENDR\u00c1N-SENTIDO-\u00daNICO-DE-CIRCULACI\u00d3N-2.jpeg\" \/>\n\t<meta property=\"og:image:width\" content=\"465\" \/>\n\t<meta property=\"og:image:height\" content=\"830\" \/>\n\t<meta property=\"og:image:type\" content=\"image\/jpeg\" \/>\n<meta name=\"author\" content=\"Hern\u00e1n L\u00f3pez\" \/>\n<meta name=\"twitter:card\" content=\"summary_large_image\" \/>\n<meta name=\"twitter:label1\" content=\"Escrito por\" \/>\n\t<meta name=\"twitter:data1\" content=\"Hern\u00e1n L\u00f3pez\" \/>\n<script type=\"application\/ld+json\" class=\"yoast-schema-graph\">{\"@context\":\"https:\\\/\\\/schema.org\",\"@graph\":[{\"@type\":\"Article\",\"@id\":\"https:\\\/\\\/diarioprincipios.com\\\/index.php\\\/2020\\\/06\\\/10\\\/es-falso-que-se-vaya-a-multar-a-quienes-no-respeten-nueva-normativa-sobre-circulacion-peatonal-en-el-centro\\\/#article\",\"isPartOf\":{\"@id\":\"https:\\\/\\\/diarioprincipios.com\\\/index.php\\\/2020\\\/06\\\/10\\\/es-falso-que-se-vaya-a-multar-a-quienes-no-respeten-nueva-normativa-sobre-circulacion-peatonal-en-el-centro\\\/\"},\"author\":{\"name\":\"Hern\u00e1n L\u00f3pez\",\"@id\":\"https:\\\/\\\/diarioprincipios.com\\\/#\\\/schema\\\/person\\\/436d5a1fd41a5e250e23ff5a6a7cb080\"},\"headline\":\"ES FALSO QUE SE VAYA A MULTAR A QUIENES NO RESPETEN NUEVA NORMATIVA SOBRE CIRCULACION PEATONAL EN EL CENTRO\",\"datePublished\":\"2020-06-10T16:29:20+00:00\",\"dateModified\":\"2020-06-10T16:31:48+00:00\",\"mainEntityOfPage\":{\"@id\":\"https:\\\/\\\/diarioprincipios.com\\\/index.php\\\/2020\\\/06\\\/10\\\/es-falso-que-se-vaya-a-multar-a-quienes-no-respeten-nueva-normativa-sobre-circulacion-peatonal-en-el-centro\\\/\"},\"wordCount\":83,\"commentCount\":0,\"publisher\":{\"@id\":\"https:\\\/\\\/diarioprincipios.com\\\/#organization\"},\"image\":{\"@id\":\"https:\\\/\\\/diarioprincipios.com\\\/index.php\\\/2020\\\/06\\\/10\\\/es-falso-que-se-vaya-a-multar-a-quienes-no-respeten-nueva-normativa-sobre-circulacion-peatonal-en-el-centro\\\/#primaryimage\"},\"thumbnailUrl\":\"https:\\\/\\\/diarioprincipios.com\\\/wp-content\\\/uploads\\\/2020\\\/06\\\/EN-BERAZATEGUI-LAS-VEREDAS-TENDR\u00c1N-SENTIDO-\u00daNICO-DE-CIRCULACI\u00d3N-2.jpeg\",\"articleSection\":[\"Berazategui\"],\"inLanguage\":\"es\",\"potentialAction\":[{\"@type\":\"CommentAction\",\"name\":\"Comment\",\"target\":[\"https:\\\/\\\/diarioprincipios.com\\\/index.php\\\/2020\\\/06\\\/10\\\/es-falso-que-se-vaya-a-multar-a-quienes-no-respeten-nueva-normativa-sobre-circulacion-peatonal-en-el-centro\\\/#respond\"]}]},{\"@type\":\"WebPage\",\"@id\":\"https:\\\/\\\/diarioprincipios.com\\\/index.php\\\/2020\\\/06\\\/10\\\/es-falso-que-se-vaya-a-multar-a-quienes-no-respeten-nueva-normativa-sobre-circulacion-peatonal-en-el-centro\\\/\",\"url\":\"https:\\\/\\\/diarioprincipios.com\\\/index.php\\\/2020\\\/06\\\/10\\\/es-falso-que-se-vaya-a-multar-a-quienes-no-respeten-nueva-normativa-sobre-circulacion-peatonal-en-el-centro\\\/\",\"name\":\"ES FALSO QUE SE VAYA A MULTAR A QUIENES NO RESPETEN NUEVA NORMATIVA SOBRE CIRCULACION PEATONAL EN EL CENTRO - Principios\",\"isPartOf\":{\"@id\":\"https:\\\/\\\/diarioprincipios.com\\\/#website\"},\"primaryImageOfPage\":{\"@id\":\"https:\\\/\\\/diarioprincipios.com\\\/index.php\\\/2020\\\/06\\\/10\\\/es-falso-que-se-vaya-a-multar-a-quienes-no-respeten-nueva-normativa-sobre-circulacion-peatonal-en-el-centro\\\/#primaryimage\"},\"image\":{\"@id\":\"https:\\\/\\\/diarioprincipios.com\\\/index.php\\\/2020\\\/06\\\/10\\\/es-falso-que-se-vaya-a-multar-a-quienes-no-respeten-nueva-normativa-sobre-circulacion-peatonal-en-el-centro\\\/#primaryimage\"},\"thumbnailUrl\":\"https:\\\/\\\/diarioprincipios.com\\\/wp-content\\\/uploads\\\/2020\\\/06\\\/EN-BERAZATEGUI-LAS-VEREDAS-TENDR\u00c1N-SENTIDO-\u00daNICO-DE-CIRCULACI\u00d3N-2.jpeg\",\"datePublished\":\"2020-06-10T16:29:20+00:00\",\"dateModified\":\"2020-06-10T16:31:48+00:00\",\"breadcrumb\":{\"@id\":\"https:\\\/\\\/diarioprincipios.com\\\/index.php\\\/2020\\\/06\\\/10\\\/es-falso-que-se-vaya-a-multar-a-quienes-no-respeten-nueva-normativa-sobre-circulacion-peatonal-en-el-centro\\\/#breadcrumb\"},\"inLanguage\":\"es\",\"potentialAction\":[{\"@type\":\"ReadAction\",\"target\":[\"https:\\\/\\\/diarioprincipios.com\\\/index.php\\\/2020\\\/06\\\/10\\\/es-falso-que-se-vaya-a-multar-a-quienes-no-respeten-nueva-normativa-sobre-circulacion-peatonal-en-el-centro\\\/\"]}]},{\"@type\":\"ImageObject\",\"inLanguage\":\"es\",\"@id\":\"https:\\\/\\\/diarioprincipios.com\\\/index.php\\\/2020\\\/06\\\/10\\\/es-falso-que-se-vaya-a-multar-a-quienes-no-respeten-nueva-normativa-sobre-circulacion-peatonal-en-el-centro\\\/#primaryimage\",\"url\":\"https:\\\/\\\/diarioprincipios.com\\\/wp-content\\\/uploads\\\/2020\\\/06\\\/EN-BERAZATEGUI-LAS-VEREDAS-TENDR\u00c1N-SENTIDO-\u00daNICO-DE-CIRCULACI\u00d3N-2.jpeg\",\"contentUrl\":\"https:\\\/\\\/diarioprincipios.com\\\/wp-content\\\/uploads\\\/2020\\\/06\\\/EN-BERAZATEGUI-LAS-VEREDAS-TENDR\u00c1N-SENTIDO-\u00daNICO-DE-CIRCULACI\u00d3N-2.jpeg\",\"width\":465,\"height\":830},{\"@type\":\"BreadcrumbList\",\"@id\":\"https:\\\/\\\/diarioprincipios.com\\\/index.php\\\/2020\\\/06\\\/10\\\/es-falso-que-se-vaya-a-multar-a-quienes-no-respeten-nueva-normativa-sobre-circulacion-peatonal-en-el-centro\\\/#breadcrumb\",\"itemListElement\":[{\"@type\":\"ListItem\",\"position\":1,\"name\":\"Portada\",\"item\":\"https:\\\/\\\/diarioprincipios.com\\\/\"},{\"@type\":\"ListItem\",\"position\":2,\"name\":\"ES FALSO QUE SE VAYA A MULTAR A QUIENES NO RESPETEN NUEVA NORMATIVA SOBRE CIRCULACION PEATONAL EN EL CENTRO\"}]},{\"@type\":\"WebSite\",\"@id\":\"https:\\\/\\\/diarioprincipios.com\\\/#website\",\"url\":\"https:\\\/\\\/diarioprincipios.com\\\/\",\"name\":\"Principios\",\"description\":\"Principios Diario\",\"publisher\":{\"@id\":\"https:\\\/\\\/diarioprincipios.com\\\/#organization\"},\"potentialAction\":[{\"@type\":\"SearchAction\",\"target\":{\"@type\":\"EntryPoint\",\"urlTemplate\":\"https:\\\/\\\/diarioprincipios.com\\\/?s={search_term_string}\"},\"query-input\":{\"@type\":\"PropertyValueSpecification\",\"valueRequired\":true,\"valueName\":\"search_term_string\"}}],\"inLanguage\":\"es\"},{\"@type\":\"Organization\",\"@id\":\"https:\\\/\\\/diarioprincipios.com\\\/#organization\",\"name\":\"Principios\",\"url\":\"https:\\\/\\\/diarioprincipios.com\\\/\",\"logo\":{\"@type\":\"ImageObject\",\"inLanguage\":\"es\",\"@id\":\"https:\\\/\\\/diarioprincipios.com\\\/#\\\/schema\\\/logo\\\/image\\\/\",\"url\":\"https:\\\/\\\/diarioprincipios.com\\\/wp-content\\\/uploads\\\/2024\\\/04\\\/cropped-www.diarioprincipios.com_-1.png\",\"contentUrl\":\"https:\\\/\\\/diarioprincipios.com\\\/wp-content\\\/uploads\\\/2024\\\/04\\\/cropped-www.diarioprincipios.com_-1.png\",\"width\":5325,\"height\":1454,\"caption\":\"Principios\"},\"image\":{\"@id\":\"https:\\\/\\\/diarioprincipios.com\\\/#\\\/schema\\\/logo\\\/image\\\/\"}},{\"@type\":\"Person\",\"@id\":\"https:\\\/\\\/diarioprincipios.com\\\/#\\\/schema\\\/person\\\/436d5a1fd41a5e250e23ff5a6a7cb080\",\"name\":\"Hern\u00e1n L\u00f3pez\",\"image\":{\"@type\":\"ImageObject\",\"inLanguage\":\"es\",\"@id\":\"https:\\\/\\\/diarioprincipios.com\\\/wp-content\\\/litespeed\\\/avatar\\\/11ddfe5610ff3bd100522525b2571f48.jpg?ver=1777048341\",\"url\":\"https:\\\/\\\/diarioprincipios.com\\\/wp-content\\\/litespeed\\\/avatar\\\/11ddfe5610ff3bd100522525b2571f48.jpg?ver=1777048341\",\"contentUrl\":\"https:\\\/\\\/diarioprincipios.com\\\/wp-content\\\/litespeed\\\/avatar\\\/11ddfe5610ff3bd100522525b2571f48.jpg?ver=1777048341\",\"caption\":\"Hern\u00e1n L\u00f3pez\"},\"url\":\"https:\\\/\\\/diarioprincipios.com\\\/index.php\\\/author\\\/hernan\\\/\"}]}<\/script>\n<!-- \/ Yoast SEO plugin. -->","yoast_head_json":{"title":"ES FALSO QUE SE VAYA A MULTAR A QUIENES NO RESPETEN NUEVA NORMATIVA SOBRE CIRCULACION PEATONAL EN EL CENTRO - Principios","robots":{"index":"index","follow":"follow","max-snippet":"max-snippet:-1","max-image-preview":"max-image-preview:large","max-video-preview":"max-video-preview:-1"},"canonical":"https:\/\/diarioprincipios.com\/index.php\/2020\/06\/10\/es-falso-que-se-vaya-a-multar-a-quienes-no-respeten-nueva-normativa-sobre-circulacion-peatonal-en-el-centro\/","og_locale":"es_ES","og_type":"article","og_title":"ES FALSO QUE SE VAYA A MULTAR A QUIENES NO RESPETEN NUEVA NORMATIVA SOBRE CIRCULACION PEATONAL EN EL CENTRO - Principios","og_description":"Ni bien se conoci\u00f3 la iniciativa del municipio de que las veredas tengan sentido \u00fanico de circulaci\u00f3n en el centro, como una medida m\u00e1s para favorecer el distanciamiento social, algunos \u00abvivillos\u00bb salieron a decir a trav\u00e9s de las redes sociales que se cobrar\u00edan multas de entre 1500 y 3000 pesos a quienes no cumplan con...","og_url":"https:\/\/diarioprincipios.com\/index.php\/2020\/06\/10\/es-falso-que-se-vaya-a-multar-a-quienes-no-respeten-nueva-normativa-sobre-circulacion-peatonal-en-el-centro\/","og_site_name":"Principios","article_published_time":"2020-06-10T16:29:20+00:00","article_modified_time":"2020-06-10T16:31:48+00:00","og_image":[{"width":465,"height":830,"url":"https:\/\/diarioprincipios.com\/wp-content\/uploads\/2020\/06\/EN-BERAZATEGUI-LAS-VEREDAS-TENDR\u00c1N-SENTIDO-\u00daNICO-DE-CIRCULACI\u00d3N-2.jpeg","type":"image\/jpeg"}],"author":"Hern\u00e1n L\u00f3pez","twitter_card":"summary_large_image","twitter_misc":{"Escrito por":"Hern\u00e1n L\u00f3pez"},"schema":{"@context":"https:\/\/schema.org","@graph":[{"@type":"Article","@id":"https:\/\/diarioprincipios.com\/index.php\/2020\/06\/10\/es-falso-que-se-vaya-a-multar-a-quienes-no-respeten-nueva-normativa-sobre-circulacion-peatonal-en-el-centro\/#article","isPartOf":{"@id":"https:\/\/diarioprincipios.com\/index.php\/2020\/06\/10\/es-falso-que-se-vaya-a-multar-a-quienes-no-respeten-nueva-normativa-sobre-circulacion-peatonal-en-el-centro\/"},"author":{"name":"Hern\u00e1n L\u00f3pez","@id":"https:\/\/diarioprincipios.com\/#\/schema\/person\/436d5a1fd41a5e250e23ff5a6a7cb080"},"headline":"ES FALSO QUE SE VAYA A MULTAR A QUIENES NO RESPETEN NUEVA NORMATIVA SOBRE CIRCULACION PEATONAL EN EL CENTRO","datePublished":"2020-06-10T16:29:20+00:00","dateModified":"2020-06-10T16:31:48+00:00","mainEntityOfPage":{"@id":"https:\/\/diarioprincipios.com\/index.php\/2020\/06\/10\/es-falso-que-se-vaya-a-multar-a-quienes-no-respeten-nueva-normativa-sobre-circulacion-peatonal-en-el-centro\/"},"wordCount":83,"commentCount":0,"publisher":{"@id":"https:\/\/diarioprincipios.com\/#organization"},"image":{"@id":"https:\/\/diarioprincipios.com\/index.php\/2020\/06\/10\/es-falso-que-se-vaya-a-multar-a-quienes-no-respeten-nueva-normativa-sobre-circulacion-peatonal-en-el-centro\/#primaryimage"},"thumbnailUrl":"https:\/\/diarioprincipios.com\/wp-content\/uploads\/2020\/06\/EN-BERAZATEGUI-LAS-VEREDAS-TENDR\u00c1N-SENTIDO-\u00daNICO-DE-CIRCULACI\u00d3N-2.jpeg","articleSection":["Berazategui"],"inLanguage":"es","potentialAction":[{"@type":"CommentAction","name":"Comment","target":["https:\/\/diarioprincipios.com\/index.php\/2020\/06\/10\/es-falso-que-se-vaya-a-multar-a-quienes-no-respeten-nueva-normativa-sobre-circulacion-peatonal-en-el-centro\/#respond"]}]},{"@type":"WebPage","@id":"https:\/\/diarioprincipios.com\/index.php\/2020\/06\/10\/es-falso-que-se-vaya-a-multar-a-quienes-no-respeten-nueva-normativa-sobre-circulacion-peatonal-en-el-centro\/","url":"https:\/\/diarioprincipios.com\/index.php\/2020\/06\/10\/es-falso-que-se-vaya-a-multar-a-quienes-no-respeten-nueva-normativa-sobre-circulacion-peatonal-en-el-centro\/","name":"ES FALSO QUE SE VAYA A MULTAR A QUIENES NO RESPETEN NUEVA NORMATIVA SOBRE CIRCULACION PEATONAL EN EL CENTRO - Principios","isPartOf":{"@id":"https:\/\/diarioprincipios.com\/#website"},"primaryImageOfPage":{"@id":"https:\/\/diarioprincipios.com\/index.php\/2020\/06\/10\/es-falso-que-se-vaya-a-multar-a-quienes-no-respeten-nueva-normativa-sobre-circulacion-peatonal-en-el-centro\/#primaryimage"},"image":{"@id":"https:\/\/diarioprincipios.com\/index.php\/2020\/06\/10\/es-falso-que-se-vaya-a-multar-a-quienes-no-respeten-nueva-normativa-sobre-circulacion-peatonal-en-el-centro\/#primaryimage"},"thumbnailUrl":"https:\/\/diarioprincipios.com\/wp-content\/uploads\/2020\/06\/EN-BERAZATEGUI-LAS-VEREDAS-TENDR\u00c1N-SENTIDO-\u00daNICO-DE-CIRCULACI\u00d3N-2.jpeg","datePublished":"2020-06-10T16:29:20+00:00","dateModified":"2020-06-10T16:31:48+00:00","breadcrumb":{"@id":"https:\/\/diarioprincipios.com\/index.php\/2020\/06\/10\/es-falso-que-se-vaya-a-multar-a-quienes-no-respeten-nueva-normativa-sobre-circulacion-peatonal-en-el-centro\/#breadcrumb"},"inLanguage":"es","potentialAction":[{"@type":"ReadAction","target":["https:\/\/diarioprincipios.com\/index.php\/2020\/06\/10\/es-falso-que-se-vaya-a-multar-a-quienes-no-respeten-nueva-normativa-sobre-circulacion-peatonal-en-el-centro\/"]}]},{"@type":"ImageObject","inLanguage":"es","@id":"https:\/\/diarioprincipios.com\/index.php\/2020\/06\/10\/es-falso-que-se-vaya-a-multar-a-quienes-no-respeten-nueva-normativa-sobre-circulacion-peatonal-en-el-centro\/#primaryimage","url":"https:\/\/diarioprincipios.com\/wp-content\/uploads\/2020\/06\/EN-BERAZATEGUI-LAS-VEREDAS-TENDR\u00c1N-SENTIDO-\u00daNICO-DE-CIRCULACI\u00d3N-2.jpeg","contentUrl":"https:\/\/diarioprincipios.com\/wp-content\/uploads\/2020\/06\/EN-BERAZATEGUI-LAS-VEREDAS-TENDR\u00c1N-SENTIDO-\u00daNICO-DE-CIRCULACI\u00d3N-2.jpeg","width":465,"height":830},{"@type":"BreadcrumbList","@id":"https:\/\/diarioprincipios.com\/index.php\/2020\/06\/10\/es-falso-que-se-vaya-a-multar-a-quienes-no-respeten-nueva-normativa-sobre-circulacion-peatonal-en-el-centro\/#breadcrumb","itemListElement":[{"@type":"ListItem","position":1,"name":"Portada","item":"https:\/\/diarioprincipios.com\/"},{"@type":"ListItem","position":2,"name":"ES FALSO QUE SE VAYA A MULTAR A QUIENES NO RESPETEN NUEVA NORMATIVA SOBRE CIRCULACION PEATONAL EN EL CENTRO"}]},{"@type":"WebSite","@id":"https:\/\/diarioprincipios.com\/#website","url":"https:\/\/diarioprincipios.com\/","name":"Principios","description":"Principios Diario","publisher":{"@id":"https:\/\/diarioprincipios.com\/#organization"},"potentialAction":[{"@type":"SearchAction","target":{"@type":"EntryPoint","urlTemplate":"https:\/\/diarioprincipios.com\/?s={search_term_string}"},"query-input":{"@type":"PropertyValueSpecification","valueRequired":true,"valueName":"search_term_string"}}],"inLanguage":"es"},{"@type":"Organization","@id":"https:\/\/diarioprincipios.com\/#organization","name":"Principios","url":"https:\/\/diarioprincipios.com\/","logo":{"@type":"ImageObject","inLanguage":"es","@id":"https:\/\/diarioprincipios.com\/#\/schema\/logo\/image\/","url":"https:\/\/diarioprincipios.com\/wp-content\/uploads\/2024\/04\/cropped-www.diarioprincipios.com_-1.png","contentUrl":"https:\/\/diarioprincipios.com\/wp-content\/uploads\/2024\/04\/cropped-www.diarioprincipios.com_-1.png","width":5325,"height":1454,"caption":"Principios"},"image":{"@id":"https:\/\/diarioprincipios.com\/#\/schema\/logo\/image\/"}},{"@type":"Person","@id":"https:\/\/diarioprincipios.com\/#\/schema\/person\/436d5a1fd41a5e250e23ff5a6a7cb080","name":"Hern\u00e1n L\u00f3pez","image":{"@type":"ImageObject","inLanguage":"es","@id":"https:\/\/diarioprincipios.com\/wp-content\/litespeed\/avatar\/11ddfe5610ff3bd100522525b2571f48.jpg?ver=1777048341","url":"https:\/\/diarioprincipios.com\/wp-content\/litespeed\/avatar\/11ddfe5610ff3bd100522525b2571f48.jpg?ver=1777048341","contentUrl":"https:\/\/diarioprincipios.com\/wp-content\/litespeed\/avatar\/11ddfe5610ff3bd100522525b2571f48.jpg?ver=1777048341","caption":"Hern\u00e1n L\u00f3pez"},"url":"https:\/\/diarioprincipios.com\/index.php\/author\/hernan\/"}]}},"jetpack_featured_media_url":"https:\/\/diarioprincipios.com\/wp-content\/uploads\/2020\/06\/EN-BERAZATEGUI-LAS-VEREDAS-TENDR\u00c1N-SENTIDO-\u00daNICO-DE-CIRCULACI\u00d3N-2.jpeg","_links":{"self":[{"href":"https:\/\/diarioprincipios.com\/index.php\/wp-json\/wp\/v2\/posts\/2715","targetHints":{"allow":["GET"]}}],"collection":[{"href":"https:\/\/diarioprincipios.com\/index.php\/wp-json\/wp\/v2\/posts"}],"about":[{"href":"https:\/\/diarioprincipios.com\/index.php\/wp-json\/wp\/v2\/types\/post"}],"author":[{"embeddable":true,"href":"https:\/\/diarioprincipios.com\/index.php\/wp-json\/wp\/v2\/users\/2"}],"replies":[{"embeddable":true,"href":"https:\/\/diarioprincipios.com\/index.php\/wp-json\/wp\/v2\/comments?post=2715"}],"version-history":[{"count":1,"href":"https:\/\/diarioprincipios.com\/index.php\/wp-json\/wp\/v2\/posts\/2715\/revisions"}],"predecessor-version":[{"id":2717,"href":"https:\/\/diarioprincipios.com\/index.php\/wp-json\/wp\/v2\/posts\/2715\/revisions\/2717"}],"wp:featuredmedia":[{"embeddable":true,"href":"https:\/\/diarioprincipios.com\/index.php\/wp-json\/wp\/v2\/media\/2710"}],"wp:attachment":[{"href":"https:\/\/diarioprincipios.com\/index.php\/wp-json\/wp\/v2\/media?parent=2715"}],"wp:term":[{"taxonomy":"category","embeddable":true,"href":"https:\/\/diarioprincipios.com\/index.php\/wp-json\/wp\/v2\/categories?post=2715"},{"taxonomy":"post_tag","embeddable":true,"href":"https:\/\/diarioprincipios.com\/index.php\/wp-json\/wp\/v2\/tags?post=2715"}],"curies":[{"name":"wp","href":"https:\/\/api.w.org\/{rel}","templated":true}]}}