{"id":2708,"date":"2020-06-10T12:44:28","date_gmt":"2020-06-10T15:44:28","guid":{"rendered":"http:\/\/diarioprincipios.com\/?p=2708"},"modified":"2020-06-10T12:44:32","modified_gmt":"2020-06-10T15:44:32","slug":"en-el-centro-de-berazategui-las-veredas-tendran-sentido-de-circulacion-unico","status":"publish","type":"post","link":"https:\/\/diarioprincipios.com\/index.php\/2020\/06\/10\/en-el-centro-de-berazategui-las-veredas-tendran-sentido-de-circulacion-unico\/","title":{"rendered":"En el centro de Berazategui las veredas tendr\u00e1n sentido de circulaci\u00f3n \u00fanico"},"content":{"rendered":"\n<p><strong>La Municipalidad de Berazategui implementa la circulaci\u00f3n peatonal en las veredas con una \u00fanica mano de circulaci\u00f3n. Esto se est\u00e1 comenzando a implementar en el casco c\u00e9ntrico de la Ciudad, abarcando de la calle 13 a la 15, desde Lisandro de la Torre a Avenida N\u00e9stor Kirchner (ex Mitre); y las arterias comprendidas por 148 y 149 desde 14 a 12.<\/strong><\/p>\n\n\n\n<p>El objetivo es que no haya peatones enfrentados cara a cara mientras caminan por la misma vereda, de esta manera se se\u00f1aliz\u00f3 el sentido obligatorio de la circulaci\u00f3n para que el vecino pueda orientarse.<\/p>\n\n\n\n<p>La iniciativa no incluye multas por circular en contramano y busca efectivizar a\u00fan m\u00e1s una de las m\u00e1s en\u00e9rgicas recomendaciones de los especialistas para hacer frente a la pandemia: el distanciamiento social entre los vecinos.<\/p>\n\n\n\n<figure class=\"wp-block-image size-large\"><img loading=\"lazy\" decoding=\"async\" width=\"465\" height=\"830\" src=\"https:\/\/diarioprincipios.com\/wp-content\/uploads\/2020\/06\/EN-BERAZATEGUI-LAS-VEREDAS-TENDR\u00c1N-SENTIDO-\u00daNICO-DE-CIRCULACI\u00d3N-2.jpeg\" alt=\"\" class=\"wp-image-2710\" srcset=\"https:\/\/diarioprincipios.com\/wp-content\/uploads\/2020\/06\/EN-BERAZATEGUI-LAS-VEREDAS-TENDR\u00c1N-SENTIDO-\u00daNICO-DE-CIRCULACI\u00d3N-2.jpeg 465w, https:\/\/diarioprincipios.com\/wp-content\/uploads\/2020\/06\/EN-BERAZATEGUI-LAS-VEREDAS-TENDR\u00c1N-SENTIDO-\u00daNICO-DE-CIRCULACI\u00d3N-2-168x300.jpeg 168w\" sizes=\"auto, (max-width: 465px) 100vw, 465px\" \/><\/figure>\n\n\n\n<p>Esta medida de concientizaci\u00f3n se pondr\u00e1 en marcha en las pr\u00f3ximas horas y contar\u00e1, en una primera etapa, con la presencia de voluntarios que ayudar\u00e1n a orientar y ordenar la circulaci\u00f3n.<\/p>\n\n\n\n<p>\u201cEl criterio es utilizar la mano derecha a la hora de desplazarse a pie por el centro de la Ciudad de Berazategui. Es decir: si desde las v\u00edas del Ferrocarril (ya sea por las calles 13, 14 o 15) me dirijo en direcci\u00f3n hacia la Av. Pte. N\u00e9stor Kirchner, deber\u00e9 hacerlo por las veredas ubicadas a mi derecha; y lo mismo si voy en sentido hacia la Estaci\u00f3n. Siempre que vayamos a un lugar caminando deberemos circular por nuestra derecha\u201d, explic\u00f3 el secretario de Gobierno municipal, Antonio Amarilla.<\/p>\n","protected":false},"excerpt":{"rendered":"<p>La Municipalidad de Berazategui implementa la circulaci\u00f3n peatonal en las veredas con una \u00fanica mano de circulaci\u00f3n. Esto se est\u00e1 comenzando a implementar en el casco c\u00e9ntrico de la Ciudad, abarcando de la calle 13 a la 15, desde Lisandro de la Torre a Avenida N\u00e9stor Kirchner (ex Mitre); y las arterias comprendidas por 148&#8230;<\/p>\n","protected":false},"author":2,"featured_media":2709,"comment_status":"open","ping_status":"open","sticky":false,"template":"","format":"standard","meta":{"footnotes":""},"categories":[3],"tags":[],"class_list":["post-2708","post","type-post","status-publish","format-standard","has-post-thumbnail","hentry","category-berazategui"],"featured_image_src":"https:\/\/diarioprincipios.com\/wp-content\/uploads\/2020\/06\/EN-BERAZATEGUI-LAS-VEREDAS-TENDR\u00c1N-SENTIDO-\u00daNICO-DE-CIRCULACI\u00d3N-1.jpeg","blog_images":{"medium":"https:\/\/diarioprincipios.com\/wp-content\/uploads\/2020\/06\/EN-BERAZATEGUI-LAS-VEREDAS-TENDR\u00c1N-SENTIDO-\u00daNICO-DE-CIRCULACI\u00d3N-1-198x300.jpeg","large":"https:\/\/diarioprincipios.com\/wp-content\/uploads\/2020\/06\/EN-BERAZATEGUI-LAS-VEREDAS-TENDR\u00c1N-SENTIDO-\u00daNICO-DE-CIRCULACI\u00d3N-1.jpeg"},"ams_acf":[],"yoast_head":"<!-- This site is optimized with the Yoast SEO plugin v27.3 - https:\/\/yoast.com\/product\/yoast-seo-wordpress\/ -->\n<title>En el centro de Berazategui las veredas tendr\u00e1n sentido de circulaci\u00f3n \u00fanico - Principios<\/title>\n<meta name=\"robots\" content=\"index, follow, max-snippet:-1, max-image-preview:large, max-video-preview:-1\" \/>\n<link rel=\"canonical\" href=\"https:\/\/diarioprincipios.com\/index.php\/2020\/06\/10\/en-el-centro-de-berazategui-las-veredas-tendran-sentido-de-circulacion-unico\/\" \/>\n<meta property=\"og:locale\" content=\"es_ES\" \/>\n<meta property=\"og:type\" content=\"article\" \/>\n<meta property=\"og:title\" content=\"En el centro de Berazategui las veredas tendr\u00e1n sentido de circulaci\u00f3n \u00fanico - Principios\" \/>\n<meta property=\"og:description\" content=\"La Municipalidad de Berazategui implementa la circulaci\u00f3n peatonal en las veredas con una \u00fanica mano de circulaci\u00f3n. Esto se est\u00e1 comenzando a implementar en el casco c\u00e9ntrico de la Ciudad, abarcando de la calle 13 a la 15, desde Lisandro de la Torre a Avenida N\u00e9stor Kirchner (ex Mitre); y las arterias comprendidas por 148...\" \/>\n<meta property=\"og:url\" content=\"https:\/\/diarioprincipios.com\/index.php\/2020\/06\/10\/en-el-centro-de-berazategui-las-veredas-tendran-sentido-de-circulacion-unico\/\" \/>\n<meta property=\"og:site_name\" content=\"Principios\" \/>\n<meta property=\"article:published_time\" content=\"2020-06-10T15:44:28+00:00\" \/>\n<meta property=\"article:modified_time\" content=\"2020-06-10T15:44:32+00:00\" \/>\n<meta property=\"og:image\" content=\"https:\/\/diarioprincipios.com\/wp-content\/uploads\/2020\/06\/EN-BERAZATEGUI-LAS-VEREDAS-TENDR\u00c1N-SENTIDO-\u00daNICO-DE-CIRCULACI\u00d3N-1.jpeg\" \/>\n\t<meta property=\"og:image:width\" content=\"562\" \/>\n\t<meta property=\"og:image:height\" content=\"852\" \/>\n\t<meta property=\"og:image:type\" content=\"image\/jpeg\" \/>\n<meta name=\"author\" content=\"Hern\u00e1n L\u00f3pez\" \/>\n<meta name=\"twitter:card\" content=\"summary_large_image\" \/>\n<meta name=\"twitter:label1\" content=\"Escrito por\" \/>\n\t<meta name=\"twitter:data1\" content=\"Hern\u00e1n L\u00f3pez\" \/>\n\t<meta name=\"twitter:label2\" content=\"Tiempo de lectura\" \/>\n\t<meta name=\"twitter:data2\" content=\"1 minuto\" \/>\n<script type=\"application\/ld+json\" class=\"yoast-schema-graph\">{\"@context\":\"https:\\\/\\\/schema.org\",\"@graph\":[{\"@type\":\"Article\",\"@id\":\"https:\\\/\\\/diarioprincipios.com\\\/index.php\\\/2020\\\/06\\\/10\\\/en-el-centro-de-berazategui-las-veredas-tendran-sentido-de-circulacion-unico\\\/#article\",\"isPartOf\":{\"@id\":\"https:\\\/\\\/diarioprincipios.com\\\/index.php\\\/2020\\\/06\\\/10\\\/en-el-centro-de-berazategui-las-veredas-tendran-sentido-de-circulacion-unico\\\/\"},\"author\":{\"name\":\"Hern\u00e1n L\u00f3pez\",\"@id\":\"https:\\\/\\\/diarioprincipios.com\\\/#\\\/schema\\\/person\\\/436d5a1fd41a5e250e23ff5a6a7cb080\"},\"headline\":\"En el centro de Berazategui las veredas tendr\u00e1n sentido de circulaci\u00f3n \u00fanico\",\"datePublished\":\"2020-06-10T15:44:28+00:00\",\"dateModified\":\"2020-06-10T15:44:32+00:00\",\"mainEntityOfPage\":{\"@id\":\"https:\\\/\\\/diarioprincipios.com\\\/index.php\\\/2020\\\/06\\\/10\\\/en-el-centro-de-berazategui-las-veredas-tendran-sentido-de-circulacion-unico\\\/\"},\"wordCount\":272,\"commentCount\":0,\"publisher\":{\"@id\":\"https:\\\/\\\/diarioprincipios.com\\\/#organization\"},\"image\":{\"@id\":\"https:\\\/\\\/diarioprincipios.com\\\/index.php\\\/2020\\\/06\\\/10\\\/en-el-centro-de-berazategui-las-veredas-tendran-sentido-de-circulacion-unico\\\/#primaryimage\"},\"thumbnailUrl\":\"https:\\\/\\\/diarioprincipios.com\\\/wp-content\\\/uploads\\\/2020\\\/06\\\/EN-BERAZATEGUI-LAS-VEREDAS-TENDR\u00c1N-SENTIDO-\u00daNICO-DE-CIRCULACI\u00d3N-1.jpeg\",\"articleSection\":[\"Berazategui\"],\"inLanguage\":\"es\",\"potentialAction\":[{\"@type\":\"CommentAction\",\"name\":\"Comment\",\"target\":[\"https:\\\/\\\/diarioprincipios.com\\\/index.php\\\/2020\\\/06\\\/10\\\/en-el-centro-de-berazategui-las-veredas-tendran-sentido-de-circulacion-unico\\\/#respond\"]}]},{\"@type\":\"WebPage\",\"@id\":\"https:\\\/\\\/diarioprincipios.com\\\/index.php\\\/2020\\\/06\\\/10\\\/en-el-centro-de-berazategui-las-veredas-tendran-sentido-de-circulacion-unico\\\/\",\"url\":\"https:\\\/\\\/diarioprincipios.com\\\/index.php\\\/2020\\\/06\\\/10\\\/en-el-centro-de-berazategui-las-veredas-tendran-sentido-de-circulacion-unico\\\/\",\"name\":\"En el centro de Berazategui las veredas tendr\u00e1n sentido de circulaci\u00f3n \u00fanico - Principios\",\"isPartOf\":{\"@id\":\"https:\\\/\\\/diarioprincipios.com\\\/#website\"},\"primaryImageOfPage\":{\"@id\":\"https:\\\/\\\/diarioprincipios.com\\\/index.php\\\/2020\\\/06\\\/10\\\/en-el-centro-de-berazategui-las-veredas-tendran-sentido-de-circulacion-unico\\\/#primaryimage\"},\"image\":{\"@id\":\"https:\\\/\\\/diarioprincipios.com\\\/index.php\\\/2020\\\/06\\\/10\\\/en-el-centro-de-berazategui-las-veredas-tendran-sentido-de-circulacion-unico\\\/#primaryimage\"},\"thumbnailUrl\":\"https:\\\/\\\/diarioprincipios.com\\\/wp-content\\\/uploads\\\/2020\\\/06\\\/EN-BERAZATEGUI-LAS-VEREDAS-TENDR\u00c1N-SENTIDO-\u00daNICO-DE-CIRCULACI\u00d3N-1.jpeg\",\"datePublished\":\"2020-06-10T15:44:28+00:00\",\"dateModified\":\"2020-06-10T15:44:32+00:00\",\"breadcrumb\":{\"@id\":\"https:\\\/\\\/diarioprincipios.com\\\/index.php\\\/2020\\\/06\\\/10\\\/en-el-centro-de-berazategui-las-veredas-tendran-sentido-de-circulacion-unico\\\/#breadcrumb\"},\"inLanguage\":\"es\",\"potentialAction\":[{\"@type\":\"ReadAction\",\"target\":[\"https:\\\/\\\/diarioprincipios.com\\\/index.php\\\/2020\\\/06\\\/10\\\/en-el-centro-de-berazategui-las-veredas-tendran-sentido-de-circulacion-unico\\\/\"]}]},{\"@type\":\"ImageObject\",\"inLanguage\":\"es\",\"@id\":\"https:\\\/\\\/diarioprincipios.com\\\/index.php\\\/2020\\\/06\\\/10\\\/en-el-centro-de-berazategui-las-veredas-tendran-sentido-de-circulacion-unico\\\/#primaryimage\",\"url\":\"https:\\\/\\\/diarioprincipios.com\\\/wp-content\\\/uploads\\\/2020\\\/06\\\/EN-BERAZATEGUI-LAS-VEREDAS-TENDR\u00c1N-SENTIDO-\u00daNICO-DE-CIRCULACI\u00d3N-1.jpeg\",\"contentUrl\":\"https:\\\/\\\/diarioprincipios.com\\\/wp-content\\\/uploads\\\/2020\\\/06\\\/EN-BERAZATEGUI-LAS-VEREDAS-TENDR\u00c1N-SENTIDO-\u00daNICO-DE-CIRCULACI\u00d3N-1.jpeg\",\"width\":562,\"height\":852},{\"@type\":\"BreadcrumbList\",\"@id\":\"https:\\\/\\\/diarioprincipios.com\\\/index.php\\\/2020\\\/06\\\/10\\\/en-el-centro-de-berazategui-las-veredas-tendran-sentido-de-circulacion-unico\\\/#breadcrumb\",\"itemListElement\":[{\"@type\":\"ListItem\",\"position\":1,\"name\":\"Portada\",\"item\":\"https:\\\/\\\/diarioprincipios.com\\\/\"},{\"@type\":\"ListItem\",\"position\":2,\"name\":\"En el centro de Berazategui las veredas tendr\u00e1n sentido de circulaci\u00f3n \u00fanico\"}]},{\"@type\":\"WebSite\",\"@id\":\"https:\\\/\\\/diarioprincipios.com\\\/#website\",\"url\":\"https:\\\/\\\/diarioprincipios.com\\\/\",\"name\":\"Principios\",\"description\":\"Principios Diario\",\"publisher\":{\"@id\":\"https:\\\/\\\/diarioprincipios.com\\\/#organization\"},\"potentialAction\":[{\"@type\":\"SearchAction\",\"target\":{\"@type\":\"EntryPoint\",\"urlTemplate\":\"https:\\\/\\\/diarioprincipios.com\\\/?s={search_term_string}\"},\"query-input\":{\"@type\":\"PropertyValueSpecification\",\"valueRequired\":true,\"valueName\":\"search_term_string\"}}],\"inLanguage\":\"es\"},{\"@type\":\"Organization\",\"@id\":\"https:\\\/\\\/diarioprincipios.com\\\/#organization\",\"name\":\"Principios\",\"url\":\"https:\\\/\\\/diarioprincipios.com\\\/\",\"logo\":{\"@type\":\"ImageObject\",\"inLanguage\":\"es\",\"@id\":\"https:\\\/\\\/diarioprincipios.com\\\/#\\\/schema\\\/logo\\\/image\\\/\",\"url\":\"https:\\\/\\\/diarioprincipios.com\\\/wp-content\\\/uploads\\\/2024\\\/04\\\/cropped-www.diarioprincipios.com_-1.png\",\"contentUrl\":\"https:\\\/\\\/diarioprincipios.com\\\/wp-content\\\/uploads\\\/2024\\\/04\\\/cropped-www.diarioprincipios.com_-1.png\",\"width\":5325,\"height\":1454,\"caption\":\"Principios\"},\"image\":{\"@id\":\"https:\\\/\\\/diarioprincipios.com\\\/#\\\/schema\\\/logo\\\/image\\\/\"}},{\"@type\":\"Person\",\"@id\":\"https:\\\/\\\/diarioprincipios.com\\\/#\\\/schema\\\/person\\\/436d5a1fd41a5e250e23ff5a6a7cb080\",\"name\":\"Hern\u00e1n L\u00f3pez\",\"image\":{\"@type\":\"ImageObject\",\"inLanguage\":\"es\",\"@id\":\"https:\\\/\\\/diarioprincipios.com\\\/wp-content\\\/litespeed\\\/avatar\\\/11ddfe5610ff3bd100522525b2571f48.jpg?ver=1777048341\",\"url\":\"https:\\\/\\\/diarioprincipios.com\\\/wp-content\\\/litespeed\\\/avatar\\\/11ddfe5610ff3bd100522525b2571f48.jpg?ver=1777048341\",\"contentUrl\":\"https:\\\/\\\/diarioprincipios.com\\\/wp-content\\\/litespeed\\\/avatar\\\/11ddfe5610ff3bd100522525b2571f48.jpg?ver=1777048341\",\"caption\":\"Hern\u00e1n L\u00f3pez\"},\"url\":\"https:\\\/\\\/diarioprincipios.com\\\/index.php\\\/author\\\/hernan\\\/\"}]}<\/script>\n<!-- \/ Yoast SEO plugin. -->","yoast_head_json":{"title":"En el centro de Berazategui las veredas tendr\u00e1n sentido de circulaci\u00f3n \u00fanico - Principios","robots":{"index":"index","follow":"follow","max-snippet":"max-snippet:-1","max-image-preview":"max-image-preview:large","max-video-preview":"max-video-preview:-1"},"canonical":"https:\/\/diarioprincipios.com\/index.php\/2020\/06\/10\/en-el-centro-de-berazategui-las-veredas-tendran-sentido-de-circulacion-unico\/","og_locale":"es_ES","og_type":"article","og_title":"En el centro de Berazategui las veredas tendr\u00e1n sentido de circulaci\u00f3n \u00fanico - Principios","og_description":"La Municipalidad de Berazategui implementa la circulaci\u00f3n peatonal en las veredas con una \u00fanica mano de circulaci\u00f3n. Esto se est\u00e1 comenzando a implementar en el casco c\u00e9ntrico de la Ciudad, abarcando de la calle 13 a la 15, desde Lisandro de la Torre a Avenida N\u00e9stor Kirchner (ex Mitre); y las arterias comprendidas por 148...","og_url":"https:\/\/diarioprincipios.com\/index.php\/2020\/06\/10\/en-el-centro-de-berazategui-las-veredas-tendran-sentido-de-circulacion-unico\/","og_site_name":"Principios","article_published_time":"2020-06-10T15:44:28+00:00","article_modified_time":"2020-06-10T15:44:32+00:00","og_image":[{"width":562,"height":852,"url":"https:\/\/diarioprincipios.com\/wp-content\/uploads\/2020\/06\/EN-BERAZATEGUI-LAS-VEREDAS-TENDR\u00c1N-SENTIDO-\u00daNICO-DE-CIRCULACI\u00d3N-1.jpeg","type":"image\/jpeg"}],"author":"Hern\u00e1n L\u00f3pez","twitter_card":"summary_large_image","twitter_misc":{"Escrito por":"Hern\u00e1n L\u00f3pez","Tiempo de lectura":"1 minuto"},"schema":{"@context":"https:\/\/schema.org","@graph":[{"@type":"Article","@id":"https:\/\/diarioprincipios.com\/index.php\/2020\/06\/10\/en-el-centro-de-berazategui-las-veredas-tendran-sentido-de-circulacion-unico\/#article","isPartOf":{"@id":"https:\/\/diarioprincipios.com\/index.php\/2020\/06\/10\/en-el-centro-de-berazategui-las-veredas-tendran-sentido-de-circulacion-unico\/"},"author":{"name":"Hern\u00e1n L\u00f3pez","@id":"https:\/\/diarioprincipios.com\/#\/schema\/person\/436d5a1fd41a5e250e23ff5a6a7cb080"},"headline":"En el centro de Berazategui las veredas tendr\u00e1n sentido de circulaci\u00f3n \u00fanico","datePublished":"2020-06-10T15:44:28+00:00","dateModified":"2020-06-10T15:44:32+00:00","mainEntityOfPage":{"@id":"https:\/\/diarioprincipios.com\/index.php\/2020\/06\/10\/en-el-centro-de-berazategui-las-veredas-tendran-sentido-de-circulacion-unico\/"},"wordCount":272,"commentCount":0,"publisher":{"@id":"https:\/\/diarioprincipios.com\/#organization"},"image":{"@id":"https:\/\/diarioprincipios.com\/index.php\/2020\/06\/10\/en-el-centro-de-berazategui-las-veredas-tendran-sentido-de-circulacion-unico\/#primaryimage"},"thumbnailUrl":"https:\/\/diarioprincipios.com\/wp-content\/uploads\/2020\/06\/EN-BERAZATEGUI-LAS-VEREDAS-TENDR\u00c1N-SENTIDO-\u00daNICO-DE-CIRCULACI\u00d3N-1.jpeg","articleSection":["Berazategui"],"inLanguage":"es","potentialAction":[{"@type":"CommentAction","name":"Comment","target":["https:\/\/diarioprincipios.com\/index.php\/2020\/06\/10\/en-el-centro-de-berazategui-las-veredas-tendran-sentido-de-circulacion-unico\/#respond"]}]},{"@type":"WebPage","@id":"https:\/\/diarioprincipios.com\/index.php\/2020\/06\/10\/en-el-centro-de-berazategui-las-veredas-tendran-sentido-de-circulacion-unico\/","url":"https:\/\/diarioprincipios.com\/index.php\/2020\/06\/10\/en-el-centro-de-berazategui-las-veredas-tendran-sentido-de-circulacion-unico\/","name":"En el centro de Berazategui las veredas tendr\u00e1n sentido de circulaci\u00f3n \u00fanico - Principios","isPartOf":{"@id":"https:\/\/diarioprincipios.com\/#website"},"primaryImageOfPage":{"@id":"https:\/\/diarioprincipios.com\/index.php\/2020\/06\/10\/en-el-centro-de-berazategui-las-veredas-tendran-sentido-de-circulacion-unico\/#primaryimage"},"image":{"@id":"https:\/\/diarioprincipios.com\/index.php\/2020\/06\/10\/en-el-centro-de-berazategui-las-veredas-tendran-sentido-de-circulacion-unico\/#primaryimage"},"thumbnailUrl":"https:\/\/diarioprincipios.com\/wp-content\/uploads\/2020\/06\/EN-BERAZATEGUI-LAS-VEREDAS-TENDR\u00c1N-SENTIDO-\u00daNICO-DE-CIRCULACI\u00d3N-1.jpeg","datePublished":"2020-06-10T15:44:28+00:00","dateModified":"2020-06-10T15:44:32+00:00","breadcrumb":{"@id":"https:\/\/diarioprincipios.com\/index.php\/2020\/06\/10\/en-el-centro-de-berazategui-las-veredas-tendran-sentido-de-circulacion-unico\/#breadcrumb"},"inLanguage":"es","potentialAction":[{"@type":"ReadAction","target":["https:\/\/diarioprincipios.com\/index.php\/2020\/06\/10\/en-el-centro-de-berazategui-las-veredas-tendran-sentido-de-circulacion-unico\/"]}]},{"@type":"ImageObject","inLanguage":"es","@id":"https:\/\/diarioprincipios.com\/index.php\/2020\/06\/10\/en-el-centro-de-berazategui-las-veredas-tendran-sentido-de-circulacion-unico\/#primaryimage","url":"https:\/\/diarioprincipios.com\/wp-content\/uploads\/2020\/06\/EN-BERAZATEGUI-LAS-VEREDAS-TENDR\u00c1N-SENTIDO-\u00daNICO-DE-CIRCULACI\u00d3N-1.jpeg","contentUrl":"https:\/\/diarioprincipios.com\/wp-content\/uploads\/2020\/06\/EN-BERAZATEGUI-LAS-VEREDAS-TENDR\u00c1N-SENTIDO-\u00daNICO-DE-CIRCULACI\u00d3N-1.jpeg","width":562,"height":852},{"@type":"BreadcrumbList","@id":"https:\/\/diarioprincipios.com\/index.php\/2020\/06\/10\/en-el-centro-de-berazategui-las-veredas-tendran-sentido-de-circulacion-unico\/#breadcrumb","itemListElement":[{"@type":"ListItem","position":1,"name":"Portada","item":"https:\/\/diarioprincipios.com\/"},{"@type":"ListItem","position":2,"name":"En el centro de Berazategui las veredas tendr\u00e1n sentido de circulaci\u00f3n \u00fanico"}]},{"@type":"WebSite","@id":"https:\/\/diarioprincipios.com\/#website","url":"https:\/\/diarioprincipios.com\/","name":"Principios","description":"Principios Diario","publisher":{"@id":"https:\/\/diarioprincipios.com\/#organization"},"potentialAction":[{"@type":"SearchAction","target":{"@type":"EntryPoint","urlTemplate":"https:\/\/diarioprincipios.com\/?s={search_term_string}"},"query-input":{"@type":"PropertyValueSpecification","valueRequired":true,"valueName":"search_term_string"}}],"inLanguage":"es"},{"@type":"Organization","@id":"https:\/\/diarioprincipios.com\/#organization","name":"Principios","url":"https:\/\/diarioprincipios.com\/","logo":{"@type":"ImageObject","inLanguage":"es","@id":"https:\/\/diarioprincipios.com\/#\/schema\/logo\/image\/","url":"https:\/\/diarioprincipios.com\/wp-content\/uploads\/2024\/04\/cropped-www.diarioprincipios.com_-1.png","contentUrl":"https:\/\/diarioprincipios.com\/wp-content\/uploads\/2024\/04\/cropped-www.diarioprincipios.com_-1.png","width":5325,"height":1454,"caption":"Principios"},"image":{"@id":"https:\/\/diarioprincipios.com\/#\/schema\/logo\/image\/"}},{"@type":"Person","@id":"https:\/\/diarioprincipios.com\/#\/schema\/person\/436d5a1fd41a5e250e23ff5a6a7cb080","name":"Hern\u00e1n L\u00f3pez","image":{"@type":"ImageObject","inLanguage":"es","@id":"https:\/\/diarioprincipios.com\/wp-content\/litespeed\/avatar\/11ddfe5610ff3bd100522525b2571f48.jpg?ver=1777048341","url":"https:\/\/diarioprincipios.com\/wp-content\/litespeed\/avatar\/11ddfe5610ff3bd100522525b2571f48.jpg?ver=1777048341","contentUrl":"https:\/\/diarioprincipios.com\/wp-content\/litespeed\/avatar\/11ddfe5610ff3bd100522525b2571f48.jpg?ver=1777048341","caption":"Hern\u00e1n L\u00f3pez"},"url":"https:\/\/diarioprincipios.com\/index.php\/author\/hernan\/"}]}},"jetpack_featured_media_url":"https:\/\/diarioprincipios.com\/wp-content\/uploads\/2020\/06\/EN-BERAZATEGUI-LAS-VEREDAS-TENDR\u00c1N-SENTIDO-\u00daNICO-DE-CIRCULACI\u00d3N-1.jpeg","_links":{"self":[{"href":"https:\/\/diarioprincipios.com\/index.php\/wp-json\/wp\/v2\/posts\/2708","targetHints":{"allow":["GET"]}}],"collection":[{"href":"https:\/\/diarioprincipios.com\/index.php\/wp-json\/wp\/v2\/posts"}],"about":[{"href":"https:\/\/diarioprincipios.com\/index.php\/wp-json\/wp\/v2\/types\/post"}],"author":[{"embeddable":true,"href":"https:\/\/diarioprincipios.com\/index.php\/wp-json\/wp\/v2\/users\/2"}],"replies":[{"embeddable":true,"href":"https:\/\/diarioprincipios.com\/index.php\/wp-json\/wp\/v2\/comments?post=2708"}],"version-history":[{"count":1,"href":"https:\/\/diarioprincipios.com\/index.php\/wp-json\/wp\/v2\/posts\/2708\/revisions"}],"predecessor-version":[{"id":2711,"href":"https:\/\/diarioprincipios.com\/index.php\/wp-json\/wp\/v2\/posts\/2708\/revisions\/2711"}],"wp:featuredmedia":[{"embeddable":true,"href":"https:\/\/diarioprincipios.com\/index.php\/wp-json\/wp\/v2\/media\/2709"}],"wp:attachment":[{"href":"https:\/\/diarioprincipios.com\/index.php\/wp-json\/wp\/v2\/media?parent=2708"}],"wp:term":[{"taxonomy":"category","embeddable":true,"href":"https:\/\/diarioprincipios.com\/index.php\/wp-json\/wp\/v2\/categories?post=2708"},{"taxonomy":"post_tag","embeddable":true,"href":"https:\/\/diarioprincipios.com\/index.php\/wp-json\/wp\/v2\/tags?post=2708"}],"curies":[{"name":"wp","href":"https:\/\/api.w.org\/{rel}","templated":true}]}}