{"id":2704,"date":"2020-06-10T12:32:01","date_gmt":"2020-06-10T15:32:01","guid":{"rendered":"http:\/\/diarioprincipios.com\/?p=2704"},"modified":"2020-06-10T12:36:40","modified_gmt":"2020-06-10T15:36:40","slug":"rodolfo-daer-destaco-la-intervencion-oficial-a-vicentin-y-dijo-que-la-cgt-esta-en-un-total-acuerdo","status":"publish","type":"post","link":"https:\/\/diarioprincipios.com\/index.php\/2020\/06\/10\/rodolfo-daer-destaco-la-intervencion-oficial-a-vicentin-y-dijo-que-la-cgt-esta-en-un-total-acuerdo\/","title":{"rendered":"Rodolfo Daer destac\u00f3 la intervenci\u00f3n oficial a Vicentin y dijo que la CGT \u00abest\u00e1 en un total acuerdo\u00bb"},"content":{"rendered":"\n<p>El titular del Sindicato de Trabajadores de Industrias de Alimentaci\u00f3n (STIA), Rodolfo Daer, destac\u00f3 hoy la decisi\u00f3n oficial de intervenir el Grupo Vicentin y afirm\u00f3 que la Confederaci\u00f3n General del Trabajo (CGT) que integra \u00abest\u00e1 en un total acuerdo\u00bb con la iniciativa.<\/p>\n\n\n\n<p>\u00abMi hermano, el secretario general de la CGT H\u00e9ctor Daer, tuite\u00f3 ayer que est\u00e1 totalmente de acuerdo y que apoya absolutamente la decisi\u00f3n para la intervenci\u00f3n de Vicentin\u00bb, dijo Daer, en declaraciones a El Destape Radio.<\/p>\n\n\n\n<p>En ese sentido, el sindicalista del gremio de la alimentaci\u00f3n se\u00f1al\u00f3 que el apoyo de la CGT al Gobierno \u00abest\u00e1 en la mayor\u00eda de los diarios de hoy\u00bb y resalt\u00f3 tambi\u00e9n el respaldo a la determinaci\u00f3n \u00abdel amplio espectro de los movimientos sociales\u00bb.<\/p>\n\n\n\n<p>\u00abNo me parece desatinado que el Estado se haga cargo de una empresa como Vicentin; si el Gobierno encontr\u00f3 las razones y las herramientas para su sostenimiento, que tambi\u00e9n permitir\u00e1 balancear el mercado de los granos, estoy de acuerdo\u00bb, agreg\u00f3.<\/p>\n\n\n\n<p>El dirigente sostuvo, en ese sentido, que \u00abtodos los que critican\u00bb la intervenci\u00f3n \u00aby muestran preocupaci\u00f3n, miran con un solo ojo y no ven la amplitud de lo que est\u00e1 pasando en el resto del mundo\u00bb.<\/p>\n\n\n\n<p>\u00abMe parece muy importante que el Estado tenga intervenci\u00f3n en el sector econ\u00f3mico, como en el caso Vicentin, donde es el Estado el que balancea el ingreso de divisas y el que permitir\u00e1 evitar el desv\u00edo de fondos al exterior\u00bb, concluy\u00f3.<\/p>\n","protected":false},"excerpt":{"rendered":"<p>El titular del Sindicato de Trabajadores de Industrias de Alimentaci\u00f3n (STIA), Rodolfo Daer, destac\u00f3 hoy la decisi\u00f3n oficial de intervenir el Grupo Vicentin y afirm\u00f3 que la Confederaci\u00f3n General del Trabajo (CGT) que integra \u00abest\u00e1 en un total acuerdo\u00bb con la iniciativa. \u00abMi hermano, el secretario general de la CGT H\u00e9ctor Daer, tuite\u00f3 ayer que&#8230;<\/p>\n","protected":false},"author":2,"featured_media":2707,"comment_status":"open","ping_status":"open","sticky":false,"template":"","format":"standard","meta":{"footnotes":""},"categories":[10],"tags":[],"class_list":["post-2704","post","type-post","status-publish","format-standard","has-post-thumbnail","hentry","category-nacion"],"featured_image_src":"https:\/\/diarioprincipios.com\/wp-content\/uploads\/2020\/06\/0037740892-1.jpg","blog_images":{"medium":"https:\/\/diarioprincipios.com\/wp-content\/uploads\/2020\/06\/0037740892-1-300x225.jpg","large":"https:\/\/diarioprincipios.com\/wp-content\/uploads\/2020\/06\/0037740892-1.jpg"},"ams_acf":[],"yoast_head":"<!-- This site is optimized with the Yoast SEO plugin v27.3 - https:\/\/yoast.com\/product\/yoast-seo-wordpress\/ -->\n<title>Rodolfo Daer destac\u00f3 la intervenci\u00f3n oficial a Vicentin y dijo que la CGT &quot;est\u00e1 en un total acuerdo&quot; - Principios<\/title>\n<meta name=\"robots\" content=\"index, follow, max-snippet:-1, max-image-preview:large, max-video-preview:-1\" \/>\n<link rel=\"canonical\" href=\"https:\/\/diarioprincipios.com\/index.php\/2020\/06\/10\/rodolfo-daer-destaco-la-intervencion-oficial-a-vicentin-y-dijo-que-la-cgt-esta-en-un-total-acuerdo\/\" \/>\n<meta property=\"og:locale\" content=\"es_ES\" \/>\n<meta property=\"og:type\" content=\"article\" \/>\n<meta property=\"og:title\" content=\"Rodolfo Daer destac\u00f3 la intervenci\u00f3n oficial a Vicentin y dijo que la CGT &quot;est\u00e1 en un total acuerdo&quot; - Principios\" \/>\n<meta property=\"og:description\" content=\"El titular del Sindicato de Trabajadores de Industrias de Alimentaci\u00f3n (STIA), Rodolfo Daer, destac\u00f3 hoy la decisi\u00f3n oficial de intervenir el Grupo Vicentin y afirm\u00f3 que la Confederaci\u00f3n General del Trabajo (CGT) que integra \u00abest\u00e1 en un total acuerdo\u00bb con la iniciativa. \u00abMi hermano, el secretario general de la CGT H\u00e9ctor Daer, tuite\u00f3 ayer que...\" \/>\n<meta property=\"og:url\" content=\"https:\/\/diarioprincipios.com\/index.php\/2020\/06\/10\/rodolfo-daer-destaco-la-intervencion-oficial-a-vicentin-y-dijo-que-la-cgt-esta-en-un-total-acuerdo\/\" \/>\n<meta property=\"og:site_name\" content=\"Principios\" \/>\n<meta property=\"article:published_time\" content=\"2020-06-10T15:32:01+00:00\" \/>\n<meta property=\"article:modified_time\" content=\"2020-06-10T15:36:40+00:00\" \/>\n<meta property=\"og:image\" content=\"https:\/\/diarioprincipios.com\/wp-content\/uploads\/2020\/06\/0037740892-1.jpg\" \/>\n\t<meta property=\"og:image:width\" content=\"540\" \/>\n\t<meta property=\"og:image:height\" content=\"405\" \/>\n\t<meta property=\"og:image:type\" content=\"image\/jpeg\" \/>\n<meta name=\"author\" content=\"Hern\u00e1n L\u00f3pez\" \/>\n<meta name=\"twitter:card\" content=\"summary_large_image\" \/>\n<meta name=\"twitter:label1\" content=\"Escrito por\" \/>\n\t<meta name=\"twitter:data1\" content=\"Hern\u00e1n L\u00f3pez\" \/>\n\t<meta name=\"twitter:label2\" content=\"Tiempo de lectura\" \/>\n\t<meta name=\"twitter:data2\" content=\"1 minuto\" \/>\n<script type=\"application\/ld+json\" class=\"yoast-schema-graph\">{\"@context\":\"https:\\\/\\\/schema.org\",\"@graph\":[{\"@type\":\"Article\",\"@id\":\"https:\\\/\\\/diarioprincipios.com\\\/index.php\\\/2020\\\/06\\\/10\\\/rodolfo-daer-destaco-la-intervencion-oficial-a-vicentin-y-dijo-que-la-cgt-esta-en-un-total-acuerdo\\\/#article\",\"isPartOf\":{\"@id\":\"https:\\\/\\\/diarioprincipios.com\\\/index.php\\\/2020\\\/06\\\/10\\\/rodolfo-daer-destaco-la-intervencion-oficial-a-vicentin-y-dijo-que-la-cgt-esta-en-un-total-acuerdo\\\/\"},\"author\":{\"name\":\"Hern\u00e1n L\u00f3pez\",\"@id\":\"https:\\\/\\\/diarioprincipios.com\\\/#\\\/schema\\\/person\\\/436d5a1fd41a5e250e23ff5a6a7cb080\"},\"headline\":\"Rodolfo Daer destac\u00f3 la intervenci\u00f3n oficial a Vicentin y dijo que la CGT \u00abest\u00e1 en un total acuerdo\u00bb\",\"datePublished\":\"2020-06-10T15:32:01+00:00\",\"dateModified\":\"2020-06-10T15:36:40+00:00\",\"mainEntityOfPage\":{\"@id\":\"https:\\\/\\\/diarioprincipios.com\\\/index.php\\\/2020\\\/06\\\/10\\\/rodolfo-daer-destaco-la-intervencion-oficial-a-vicentin-y-dijo-que-la-cgt-esta-en-un-total-acuerdo\\\/\"},\"wordCount\":274,\"commentCount\":0,\"publisher\":{\"@id\":\"https:\\\/\\\/diarioprincipios.com\\\/#organization\"},\"image\":{\"@id\":\"https:\\\/\\\/diarioprincipios.com\\\/index.php\\\/2020\\\/06\\\/10\\\/rodolfo-daer-destaco-la-intervencion-oficial-a-vicentin-y-dijo-que-la-cgt-esta-en-un-total-acuerdo\\\/#primaryimage\"},\"thumbnailUrl\":\"https:\\\/\\\/diarioprincipios.com\\\/wp-content\\\/uploads\\\/2020\\\/06\\\/0037740892-1.jpg\",\"articleSection\":[\"Naci\u00f3n\"],\"inLanguage\":\"es\",\"potentialAction\":[{\"@type\":\"CommentAction\",\"name\":\"Comment\",\"target\":[\"https:\\\/\\\/diarioprincipios.com\\\/index.php\\\/2020\\\/06\\\/10\\\/rodolfo-daer-destaco-la-intervencion-oficial-a-vicentin-y-dijo-que-la-cgt-esta-en-un-total-acuerdo\\\/#respond\"]}]},{\"@type\":\"WebPage\",\"@id\":\"https:\\\/\\\/diarioprincipios.com\\\/index.php\\\/2020\\\/06\\\/10\\\/rodolfo-daer-destaco-la-intervencion-oficial-a-vicentin-y-dijo-que-la-cgt-esta-en-un-total-acuerdo\\\/\",\"url\":\"https:\\\/\\\/diarioprincipios.com\\\/index.php\\\/2020\\\/06\\\/10\\\/rodolfo-daer-destaco-la-intervencion-oficial-a-vicentin-y-dijo-que-la-cgt-esta-en-un-total-acuerdo\\\/\",\"name\":\"Rodolfo Daer destac\u00f3 la intervenci\u00f3n oficial a Vicentin y dijo que la CGT \\\"est\u00e1 en un total acuerdo\\\" - Principios\",\"isPartOf\":{\"@id\":\"https:\\\/\\\/diarioprincipios.com\\\/#website\"},\"primaryImageOfPage\":{\"@id\":\"https:\\\/\\\/diarioprincipios.com\\\/index.php\\\/2020\\\/06\\\/10\\\/rodolfo-daer-destaco-la-intervencion-oficial-a-vicentin-y-dijo-que-la-cgt-esta-en-un-total-acuerdo\\\/#primaryimage\"},\"image\":{\"@id\":\"https:\\\/\\\/diarioprincipios.com\\\/index.php\\\/2020\\\/06\\\/10\\\/rodolfo-daer-destaco-la-intervencion-oficial-a-vicentin-y-dijo-que-la-cgt-esta-en-un-total-acuerdo\\\/#primaryimage\"},\"thumbnailUrl\":\"https:\\\/\\\/diarioprincipios.com\\\/wp-content\\\/uploads\\\/2020\\\/06\\\/0037740892-1.jpg\",\"datePublished\":\"2020-06-10T15:32:01+00:00\",\"dateModified\":\"2020-06-10T15:36:40+00:00\",\"breadcrumb\":{\"@id\":\"https:\\\/\\\/diarioprincipios.com\\\/index.php\\\/2020\\\/06\\\/10\\\/rodolfo-daer-destaco-la-intervencion-oficial-a-vicentin-y-dijo-que-la-cgt-esta-en-un-total-acuerdo\\\/#breadcrumb\"},\"inLanguage\":\"es\",\"potentialAction\":[{\"@type\":\"ReadAction\",\"target\":[\"https:\\\/\\\/diarioprincipios.com\\\/index.php\\\/2020\\\/06\\\/10\\\/rodolfo-daer-destaco-la-intervencion-oficial-a-vicentin-y-dijo-que-la-cgt-esta-en-un-total-acuerdo\\\/\"]}]},{\"@type\":\"ImageObject\",\"inLanguage\":\"es\",\"@id\":\"https:\\\/\\\/diarioprincipios.com\\\/index.php\\\/2020\\\/06\\\/10\\\/rodolfo-daer-destaco-la-intervencion-oficial-a-vicentin-y-dijo-que-la-cgt-esta-en-un-total-acuerdo\\\/#primaryimage\",\"url\":\"https:\\\/\\\/diarioprincipios.com\\\/wp-content\\\/uploads\\\/2020\\\/06\\\/0037740892-1.jpg\",\"contentUrl\":\"https:\\\/\\\/diarioprincipios.com\\\/wp-content\\\/uploads\\\/2020\\\/06\\\/0037740892-1.jpg\",\"width\":540,\"height\":405},{\"@type\":\"BreadcrumbList\",\"@id\":\"https:\\\/\\\/diarioprincipios.com\\\/index.php\\\/2020\\\/06\\\/10\\\/rodolfo-daer-destaco-la-intervencion-oficial-a-vicentin-y-dijo-que-la-cgt-esta-en-un-total-acuerdo\\\/#breadcrumb\",\"itemListElement\":[{\"@type\":\"ListItem\",\"position\":1,\"name\":\"Portada\",\"item\":\"https:\\\/\\\/diarioprincipios.com\\\/\"},{\"@type\":\"ListItem\",\"position\":2,\"name\":\"Rodolfo Daer destac\u00f3 la intervenci\u00f3n oficial a Vicentin y dijo que la CGT \u00abest\u00e1 en un total acuerdo\u00bb\"}]},{\"@type\":\"WebSite\",\"@id\":\"https:\\\/\\\/diarioprincipios.com\\\/#website\",\"url\":\"https:\\\/\\\/diarioprincipios.com\\\/\",\"name\":\"Principios\",\"description\":\"Principios Diario\",\"publisher\":{\"@id\":\"https:\\\/\\\/diarioprincipios.com\\\/#organization\"},\"potentialAction\":[{\"@type\":\"SearchAction\",\"target\":{\"@type\":\"EntryPoint\",\"urlTemplate\":\"https:\\\/\\\/diarioprincipios.com\\\/?s={search_term_string}\"},\"query-input\":{\"@type\":\"PropertyValueSpecification\",\"valueRequired\":true,\"valueName\":\"search_term_string\"}}],\"inLanguage\":\"es\"},{\"@type\":\"Organization\",\"@id\":\"https:\\\/\\\/diarioprincipios.com\\\/#organization\",\"name\":\"Principios\",\"url\":\"https:\\\/\\\/diarioprincipios.com\\\/\",\"logo\":{\"@type\":\"ImageObject\",\"inLanguage\":\"es\",\"@id\":\"https:\\\/\\\/diarioprincipios.com\\\/#\\\/schema\\\/logo\\\/image\\\/\",\"url\":\"https:\\\/\\\/diarioprincipios.com\\\/wp-content\\\/uploads\\\/2024\\\/04\\\/cropped-www.diarioprincipios.com_-1.png\",\"contentUrl\":\"https:\\\/\\\/diarioprincipios.com\\\/wp-content\\\/uploads\\\/2024\\\/04\\\/cropped-www.diarioprincipios.com_-1.png\",\"width\":5325,\"height\":1454,\"caption\":\"Principios\"},\"image\":{\"@id\":\"https:\\\/\\\/diarioprincipios.com\\\/#\\\/schema\\\/logo\\\/image\\\/\"}},{\"@type\":\"Person\",\"@id\":\"https:\\\/\\\/diarioprincipios.com\\\/#\\\/schema\\\/person\\\/436d5a1fd41a5e250e23ff5a6a7cb080\",\"name\":\"Hern\u00e1n L\u00f3pez\",\"image\":{\"@type\":\"ImageObject\",\"inLanguage\":\"es\",\"@id\":\"https:\\\/\\\/diarioprincipios.com\\\/wp-content\\\/litespeed\\\/avatar\\\/11ddfe5610ff3bd100522525b2571f48.jpg?ver=1777048341\",\"url\":\"https:\\\/\\\/diarioprincipios.com\\\/wp-content\\\/litespeed\\\/avatar\\\/11ddfe5610ff3bd100522525b2571f48.jpg?ver=1777048341\",\"contentUrl\":\"https:\\\/\\\/diarioprincipios.com\\\/wp-content\\\/litespeed\\\/avatar\\\/11ddfe5610ff3bd100522525b2571f48.jpg?ver=1777048341\",\"caption\":\"Hern\u00e1n L\u00f3pez\"},\"url\":\"https:\\\/\\\/diarioprincipios.com\\\/index.php\\\/author\\\/hernan\\\/\"}]}<\/script>\n<!-- \/ Yoast SEO plugin. -->","yoast_head_json":{"title":"Rodolfo Daer destac\u00f3 la intervenci\u00f3n oficial a Vicentin y dijo que la CGT \"est\u00e1 en un total acuerdo\" - Principios","robots":{"index":"index","follow":"follow","max-snippet":"max-snippet:-1","max-image-preview":"max-image-preview:large","max-video-preview":"max-video-preview:-1"},"canonical":"https:\/\/diarioprincipios.com\/index.php\/2020\/06\/10\/rodolfo-daer-destaco-la-intervencion-oficial-a-vicentin-y-dijo-que-la-cgt-esta-en-un-total-acuerdo\/","og_locale":"es_ES","og_type":"article","og_title":"Rodolfo Daer destac\u00f3 la intervenci\u00f3n oficial a Vicentin y dijo que la CGT \"est\u00e1 en un total acuerdo\" - Principios","og_description":"El titular del Sindicato de Trabajadores de Industrias de Alimentaci\u00f3n (STIA), Rodolfo Daer, destac\u00f3 hoy la decisi\u00f3n oficial de intervenir el Grupo Vicentin y afirm\u00f3 que la Confederaci\u00f3n General del Trabajo (CGT) que integra \u00abest\u00e1 en un total acuerdo\u00bb con la iniciativa. \u00abMi hermano, el secretario general de la CGT H\u00e9ctor Daer, tuite\u00f3 ayer que...","og_url":"https:\/\/diarioprincipios.com\/index.php\/2020\/06\/10\/rodolfo-daer-destaco-la-intervencion-oficial-a-vicentin-y-dijo-que-la-cgt-esta-en-un-total-acuerdo\/","og_site_name":"Principios","article_published_time":"2020-06-10T15:32:01+00:00","article_modified_time":"2020-06-10T15:36:40+00:00","og_image":[{"width":540,"height":405,"url":"https:\/\/diarioprincipios.com\/wp-content\/uploads\/2020\/06\/0037740892-1.jpg","type":"image\/jpeg"}],"author":"Hern\u00e1n L\u00f3pez","twitter_card":"summary_large_image","twitter_misc":{"Escrito por":"Hern\u00e1n L\u00f3pez","Tiempo de lectura":"1 minuto"},"schema":{"@context":"https:\/\/schema.org","@graph":[{"@type":"Article","@id":"https:\/\/diarioprincipios.com\/index.php\/2020\/06\/10\/rodolfo-daer-destaco-la-intervencion-oficial-a-vicentin-y-dijo-que-la-cgt-esta-en-un-total-acuerdo\/#article","isPartOf":{"@id":"https:\/\/diarioprincipios.com\/index.php\/2020\/06\/10\/rodolfo-daer-destaco-la-intervencion-oficial-a-vicentin-y-dijo-que-la-cgt-esta-en-un-total-acuerdo\/"},"author":{"name":"Hern\u00e1n L\u00f3pez","@id":"https:\/\/diarioprincipios.com\/#\/schema\/person\/436d5a1fd41a5e250e23ff5a6a7cb080"},"headline":"Rodolfo Daer destac\u00f3 la intervenci\u00f3n oficial a Vicentin y dijo que la CGT \u00abest\u00e1 en un total acuerdo\u00bb","datePublished":"2020-06-10T15:32:01+00:00","dateModified":"2020-06-10T15:36:40+00:00","mainEntityOfPage":{"@id":"https:\/\/diarioprincipios.com\/index.php\/2020\/06\/10\/rodolfo-daer-destaco-la-intervencion-oficial-a-vicentin-y-dijo-que-la-cgt-esta-en-un-total-acuerdo\/"},"wordCount":274,"commentCount":0,"publisher":{"@id":"https:\/\/diarioprincipios.com\/#organization"},"image":{"@id":"https:\/\/diarioprincipios.com\/index.php\/2020\/06\/10\/rodolfo-daer-destaco-la-intervencion-oficial-a-vicentin-y-dijo-que-la-cgt-esta-en-un-total-acuerdo\/#primaryimage"},"thumbnailUrl":"https:\/\/diarioprincipios.com\/wp-content\/uploads\/2020\/06\/0037740892-1.jpg","articleSection":["Naci\u00f3n"],"inLanguage":"es","potentialAction":[{"@type":"CommentAction","name":"Comment","target":["https:\/\/diarioprincipios.com\/index.php\/2020\/06\/10\/rodolfo-daer-destaco-la-intervencion-oficial-a-vicentin-y-dijo-que-la-cgt-esta-en-un-total-acuerdo\/#respond"]}]},{"@type":"WebPage","@id":"https:\/\/diarioprincipios.com\/index.php\/2020\/06\/10\/rodolfo-daer-destaco-la-intervencion-oficial-a-vicentin-y-dijo-que-la-cgt-esta-en-un-total-acuerdo\/","url":"https:\/\/diarioprincipios.com\/index.php\/2020\/06\/10\/rodolfo-daer-destaco-la-intervencion-oficial-a-vicentin-y-dijo-que-la-cgt-esta-en-un-total-acuerdo\/","name":"Rodolfo Daer destac\u00f3 la intervenci\u00f3n oficial a Vicentin y dijo que la CGT \"est\u00e1 en un total acuerdo\" - Principios","isPartOf":{"@id":"https:\/\/diarioprincipios.com\/#website"},"primaryImageOfPage":{"@id":"https:\/\/diarioprincipios.com\/index.php\/2020\/06\/10\/rodolfo-daer-destaco-la-intervencion-oficial-a-vicentin-y-dijo-que-la-cgt-esta-en-un-total-acuerdo\/#primaryimage"},"image":{"@id":"https:\/\/diarioprincipios.com\/index.php\/2020\/06\/10\/rodolfo-daer-destaco-la-intervencion-oficial-a-vicentin-y-dijo-que-la-cgt-esta-en-un-total-acuerdo\/#primaryimage"},"thumbnailUrl":"https:\/\/diarioprincipios.com\/wp-content\/uploads\/2020\/06\/0037740892-1.jpg","datePublished":"2020-06-10T15:32:01+00:00","dateModified":"2020-06-10T15:36:40+00:00","breadcrumb":{"@id":"https:\/\/diarioprincipios.com\/index.php\/2020\/06\/10\/rodolfo-daer-destaco-la-intervencion-oficial-a-vicentin-y-dijo-que-la-cgt-esta-en-un-total-acuerdo\/#breadcrumb"},"inLanguage":"es","potentialAction":[{"@type":"ReadAction","target":["https:\/\/diarioprincipios.com\/index.php\/2020\/06\/10\/rodolfo-daer-destaco-la-intervencion-oficial-a-vicentin-y-dijo-que-la-cgt-esta-en-un-total-acuerdo\/"]}]},{"@type":"ImageObject","inLanguage":"es","@id":"https:\/\/diarioprincipios.com\/index.php\/2020\/06\/10\/rodolfo-daer-destaco-la-intervencion-oficial-a-vicentin-y-dijo-que-la-cgt-esta-en-un-total-acuerdo\/#primaryimage","url":"https:\/\/diarioprincipios.com\/wp-content\/uploads\/2020\/06\/0037740892-1.jpg","contentUrl":"https:\/\/diarioprincipios.com\/wp-content\/uploads\/2020\/06\/0037740892-1.jpg","width":540,"height":405},{"@type":"BreadcrumbList","@id":"https:\/\/diarioprincipios.com\/index.php\/2020\/06\/10\/rodolfo-daer-destaco-la-intervencion-oficial-a-vicentin-y-dijo-que-la-cgt-esta-en-un-total-acuerdo\/#breadcrumb","itemListElement":[{"@type":"ListItem","position":1,"name":"Portada","item":"https:\/\/diarioprincipios.com\/"},{"@type":"ListItem","position":2,"name":"Rodolfo Daer destac\u00f3 la intervenci\u00f3n oficial a Vicentin y dijo que la CGT \u00abest\u00e1 en un total acuerdo\u00bb"}]},{"@type":"WebSite","@id":"https:\/\/diarioprincipios.com\/#website","url":"https:\/\/diarioprincipios.com\/","name":"Principios","description":"Principios Diario","publisher":{"@id":"https:\/\/diarioprincipios.com\/#organization"},"potentialAction":[{"@type":"SearchAction","target":{"@type":"EntryPoint","urlTemplate":"https:\/\/diarioprincipios.com\/?s={search_term_string}"},"query-input":{"@type":"PropertyValueSpecification","valueRequired":true,"valueName":"search_term_string"}}],"inLanguage":"es"},{"@type":"Organization","@id":"https:\/\/diarioprincipios.com\/#organization","name":"Principios","url":"https:\/\/diarioprincipios.com\/","logo":{"@type":"ImageObject","inLanguage":"es","@id":"https:\/\/diarioprincipios.com\/#\/schema\/logo\/image\/","url":"https:\/\/diarioprincipios.com\/wp-content\/uploads\/2024\/04\/cropped-www.diarioprincipios.com_-1.png","contentUrl":"https:\/\/diarioprincipios.com\/wp-content\/uploads\/2024\/04\/cropped-www.diarioprincipios.com_-1.png","width":5325,"height":1454,"caption":"Principios"},"image":{"@id":"https:\/\/diarioprincipios.com\/#\/schema\/logo\/image\/"}},{"@type":"Person","@id":"https:\/\/diarioprincipios.com\/#\/schema\/person\/436d5a1fd41a5e250e23ff5a6a7cb080","name":"Hern\u00e1n L\u00f3pez","image":{"@type":"ImageObject","inLanguage":"es","@id":"https:\/\/diarioprincipios.com\/wp-content\/litespeed\/avatar\/11ddfe5610ff3bd100522525b2571f48.jpg?ver=1777048341","url":"https:\/\/diarioprincipios.com\/wp-content\/litespeed\/avatar\/11ddfe5610ff3bd100522525b2571f48.jpg?ver=1777048341","contentUrl":"https:\/\/diarioprincipios.com\/wp-content\/litespeed\/avatar\/11ddfe5610ff3bd100522525b2571f48.jpg?ver=1777048341","caption":"Hern\u00e1n L\u00f3pez"},"url":"https:\/\/diarioprincipios.com\/index.php\/author\/hernan\/"}]}},"jetpack_featured_media_url":"https:\/\/diarioprincipios.com\/wp-content\/uploads\/2020\/06\/0037740892-1.jpg","_links":{"self":[{"href":"https:\/\/diarioprincipios.com\/index.php\/wp-json\/wp\/v2\/posts\/2704","targetHints":{"allow":["GET"]}}],"collection":[{"href":"https:\/\/diarioprincipios.com\/index.php\/wp-json\/wp\/v2\/posts"}],"about":[{"href":"https:\/\/diarioprincipios.com\/index.php\/wp-json\/wp\/v2\/types\/post"}],"author":[{"embeddable":true,"href":"https:\/\/diarioprincipios.com\/index.php\/wp-json\/wp\/v2\/users\/2"}],"replies":[{"embeddable":true,"href":"https:\/\/diarioprincipios.com\/index.php\/wp-json\/wp\/v2\/comments?post=2704"}],"version-history":[{"count":1,"href":"https:\/\/diarioprincipios.com\/index.php\/wp-json\/wp\/v2\/posts\/2704\/revisions"}],"predecessor-version":[{"id":2706,"href":"https:\/\/diarioprincipios.com\/index.php\/wp-json\/wp\/v2\/posts\/2704\/revisions\/2706"}],"wp:featuredmedia":[{"embeddable":true,"href":"https:\/\/diarioprincipios.com\/index.php\/wp-json\/wp\/v2\/media\/2707"}],"wp:attachment":[{"href":"https:\/\/diarioprincipios.com\/index.php\/wp-json\/wp\/v2\/media?parent=2704"}],"wp:term":[{"taxonomy":"category","embeddable":true,"href":"https:\/\/diarioprincipios.com\/index.php\/wp-json\/wp\/v2\/categories?post=2704"},{"taxonomy":"post_tag","embeddable":true,"href":"https:\/\/diarioprincipios.com\/index.php\/wp-json\/wp\/v2\/tags?post=2704"}],"curies":[{"name":"wp","href":"https:\/\/api.w.org\/{rel}","templated":true}]}}