{"id":2692,"date":"2020-06-09T21:19:39","date_gmt":"2020-06-10T00:19:39","guid":{"rendered":"http:\/\/diarioprincipios.com\/?p=2692"},"modified":"2020-06-09T21:19:40","modified_gmt":"2020-06-10T00:19:40","slug":"jefe-de-gabinete-bonaerense-dijo-que-kicillof-se-mostro-preocupado-por-los-runners-de-caba","status":"publish","type":"post","link":"https:\/\/diarioprincipios.com\/index.php\/2020\/06\/09\/jefe-de-gabinete-bonaerense-dijo-que-kicillof-se-mostro-preocupado-por-los-runners-de-caba\/","title":{"rendered":"Jefe de Gabinete bonaerense dijo que Kicillof se mostr\u00f3 preocupado por los runners de Caba"},"content":{"rendered":"\n<p>El jefe de Gabinete de la Provincia de Buenos Aires, Carlos Bianco, asegur\u00f3 que el gobernador Axel Kicillof se comunic\u00f3 hoy con el jefe de Gobierno porte\u00f1o, Horacio Rodr\u00edguez Larreta debido a su preocupaci\u00f3n por la cantidad de gente que sali\u00f3 a correr ayer en la Ciudad de Buenos Aires.<\/p>\n\n\n\n<p>\u00abSabiendo que probablemente mucha de esa gente est\u00e1 en actividades esenciales y va a estar circulando, el gobernador habl\u00f3 hoy con el jefe de gobierno de la Ciudad y entiendo que tomar\u00e1n medidas para estar mejor porque lo de anoche es peligroso\u00bb, explic\u00f3 Bianco.<\/p>\n\n\n\n<p>En declaraciones a Radio Provincia de Buenos Aires, Bianco asegur\u00f3 estar \u00abpreocupado\u00bb por lo sucedido anoche en CABA \u00abporque lo que sucede all\u00ed tiene implicancias en el AMBA y viceversa\u00bb.<\/p>\n\n\n\n<p>El jefe de Gabinete se refiri\u00f3 tambi\u00e9n a los casos de coronavirus que aparecieron en el interior bonaerense y sostuvo que \u00abno hay que hacer uso pol\u00edtico de la pandemia\u00bb.<\/p>\n\n\n\n<p>Precis\u00f3 que \u00abhay preocupaci\u00f3n\u00bb en distritos cercanos a Olavarria, donde se produjo un brote de Covid 19, aunque aclar\u00f3 que el gobierno provincial \u00abtiene di\u00e1logo permanente con los intendentes\u00bb.<\/p>\n\n\n\n<p>\u00abNuestros tel\u00e9fonos est\u00e1n abiertos para todos. De hecho, con el intendente Galli de Olavarr\u00eda estoy en permanente contacto\u00bb, grafic\u00f3.<\/p>\n\n\n\n<p>Sobre el reclamo de jefes comunales del interior que la semana pasada pidieron mayor apertura, Bianco sostuvo que \u00abde golpe, luego de una videollamada con Mar\u00eda Eugenia Vidal los intendentes de la oposici\u00f3n salieron a cuestionar al gobierno, como si nos hubi\u00e9semos enamorado de la cuarentena\u00bb.<\/p>\n\n\n\n<p>\u00abNadie m\u00e1s que nosotros quiere que se ponga la provincia en marcha. Galli respondi\u00f3 a una instrucci\u00f3n pol\u00edtica de la que creo no estaba convencido\u00bb.dijo Bianco, y asegur\u00f3: \u00abno hay que hacer uso pol\u00edtico, hay algunos p\u00edcaros interesados en motivarlo y algunos han sido v\u00edctimas de esa situaci\u00f3n\u00bb.<\/p>\n","protected":false},"excerpt":{"rendered":"<p>El jefe de Gabinete de la Provincia de Buenos Aires, Carlos Bianco, asegur\u00f3 que el gobernador Axel Kicillof se comunic\u00f3 hoy con el jefe de Gobierno porte\u00f1o, Horacio Rodr\u00edguez Larreta debido a su preocupaci\u00f3n por la cantidad de gente que sali\u00f3 a correr ayer en la Ciudad de Buenos Aires. \u00abSabiendo que probablemente mucha de&#8230;<\/p>\n","protected":false},"author":2,"featured_media":2693,"comment_status":"open","ping_status":"open","sticky":false,"template":"","format":"standard","meta":{"footnotes":""},"categories":[7],"tags":[],"class_list":["post-2692","post","type-post","status-publish","format-standard","has-post-thumbnail","hentry","category-provincia"],"featured_image_src":"https:\/\/diarioprincipios.com\/wp-content\/uploads\/2020\/06\/maxresdefault-1024x576.jpg","blog_images":{"medium":"https:\/\/diarioprincipios.com\/wp-content\/uploads\/2020\/06\/maxresdefault-300x169.jpg","large":"https:\/\/diarioprincipios.com\/wp-content\/uploads\/2020\/06\/maxresdefault-1024x576.jpg"},"ams_acf":[],"yoast_head":"<!-- This site is optimized with the Yoast SEO plugin v27.3 - https:\/\/yoast.com\/product\/yoast-seo-wordpress\/ -->\n<title>Jefe de Gabinete bonaerense dijo que Kicillof se mostr\u00f3 preocupado por los runners de Caba - Principios<\/title>\n<meta name=\"robots\" content=\"index, follow, max-snippet:-1, max-image-preview:large, max-video-preview:-1\" \/>\n<link rel=\"canonical\" href=\"https:\/\/diarioprincipios.com\/index.php\/2020\/06\/09\/jefe-de-gabinete-bonaerense-dijo-que-kicillof-se-mostro-preocupado-por-los-runners-de-caba\/\" \/>\n<meta property=\"og:locale\" content=\"es_ES\" \/>\n<meta property=\"og:type\" content=\"article\" \/>\n<meta property=\"og:title\" content=\"Jefe de Gabinete bonaerense dijo que Kicillof se mostr\u00f3 preocupado por los runners de Caba - Principios\" \/>\n<meta property=\"og:description\" content=\"El jefe de Gabinete de la Provincia de Buenos Aires, Carlos Bianco, asegur\u00f3 que el gobernador Axel Kicillof se comunic\u00f3 hoy con el jefe de Gobierno porte\u00f1o, Horacio Rodr\u00edguez Larreta debido a su preocupaci\u00f3n por la cantidad de gente que sali\u00f3 a correr ayer en la Ciudad de Buenos Aires. \u00abSabiendo que probablemente mucha de...\" \/>\n<meta property=\"og:url\" content=\"https:\/\/diarioprincipios.com\/index.php\/2020\/06\/09\/jefe-de-gabinete-bonaerense-dijo-que-kicillof-se-mostro-preocupado-por-los-runners-de-caba\/\" \/>\n<meta property=\"og:site_name\" content=\"Principios\" \/>\n<meta property=\"article:published_time\" content=\"2020-06-10T00:19:39+00:00\" \/>\n<meta property=\"article:modified_time\" content=\"2020-06-10T00:19:40+00:00\" \/>\n<meta property=\"og:image\" content=\"https:\/\/diarioprincipios.com\/wp-content\/uploads\/2020\/06\/maxresdefault.jpg\" \/>\n\t<meta property=\"og:image:width\" content=\"1280\" \/>\n\t<meta property=\"og:image:height\" content=\"720\" \/>\n\t<meta property=\"og:image:type\" content=\"image\/jpeg\" \/>\n<meta name=\"author\" content=\"Hern\u00e1n L\u00f3pez\" \/>\n<meta name=\"twitter:card\" content=\"summary_large_image\" \/>\n<meta name=\"twitter:label1\" content=\"Escrito por\" \/>\n\t<meta name=\"twitter:data1\" content=\"Hern\u00e1n L\u00f3pez\" \/>\n\t<meta name=\"twitter:label2\" content=\"Tiempo de lectura\" \/>\n\t<meta name=\"twitter:data2\" content=\"2 minutos\" \/>\n<script type=\"application\/ld+json\" class=\"yoast-schema-graph\">{\"@context\":\"https:\\\/\\\/schema.org\",\"@graph\":[{\"@type\":\"Article\",\"@id\":\"https:\\\/\\\/diarioprincipios.com\\\/index.php\\\/2020\\\/06\\\/09\\\/jefe-de-gabinete-bonaerense-dijo-que-kicillof-se-mostro-preocupado-por-los-runners-de-caba\\\/#article\",\"isPartOf\":{\"@id\":\"https:\\\/\\\/diarioprincipios.com\\\/index.php\\\/2020\\\/06\\\/09\\\/jefe-de-gabinete-bonaerense-dijo-que-kicillof-se-mostro-preocupado-por-los-runners-de-caba\\\/\"},\"author\":{\"name\":\"Hern\u00e1n L\u00f3pez\",\"@id\":\"https:\\\/\\\/diarioprincipios.com\\\/#\\\/schema\\\/person\\\/436d5a1fd41a5e250e23ff5a6a7cb080\"},\"headline\":\"Jefe de Gabinete bonaerense dijo que Kicillof se mostr\u00f3 preocupado por los runners de Caba\",\"datePublished\":\"2020-06-10T00:19:39+00:00\",\"dateModified\":\"2020-06-10T00:19:40+00:00\",\"mainEntityOfPage\":{\"@id\":\"https:\\\/\\\/diarioprincipios.com\\\/index.php\\\/2020\\\/06\\\/09\\\/jefe-de-gabinete-bonaerense-dijo-que-kicillof-se-mostro-preocupado-por-los-runners-de-caba\\\/\"},\"wordCount\":332,\"commentCount\":0,\"publisher\":{\"@id\":\"https:\\\/\\\/diarioprincipios.com\\\/#organization\"},\"image\":{\"@id\":\"https:\\\/\\\/diarioprincipios.com\\\/index.php\\\/2020\\\/06\\\/09\\\/jefe-de-gabinete-bonaerense-dijo-que-kicillof-se-mostro-preocupado-por-los-runners-de-caba\\\/#primaryimage\"},\"thumbnailUrl\":\"https:\\\/\\\/diarioprincipios.com\\\/wp-content\\\/uploads\\\/2020\\\/06\\\/maxresdefault.jpg\",\"articleSection\":[\"Provincia\"],\"inLanguage\":\"es\",\"potentialAction\":[{\"@type\":\"CommentAction\",\"name\":\"Comment\",\"target\":[\"https:\\\/\\\/diarioprincipios.com\\\/index.php\\\/2020\\\/06\\\/09\\\/jefe-de-gabinete-bonaerense-dijo-que-kicillof-se-mostro-preocupado-por-los-runners-de-caba\\\/#respond\"]}]},{\"@type\":\"WebPage\",\"@id\":\"https:\\\/\\\/diarioprincipios.com\\\/index.php\\\/2020\\\/06\\\/09\\\/jefe-de-gabinete-bonaerense-dijo-que-kicillof-se-mostro-preocupado-por-los-runners-de-caba\\\/\",\"url\":\"https:\\\/\\\/diarioprincipios.com\\\/index.php\\\/2020\\\/06\\\/09\\\/jefe-de-gabinete-bonaerense-dijo-que-kicillof-se-mostro-preocupado-por-los-runners-de-caba\\\/\",\"name\":\"Jefe de Gabinete bonaerense dijo que Kicillof se mostr\u00f3 preocupado por los runners de Caba - Principios\",\"isPartOf\":{\"@id\":\"https:\\\/\\\/diarioprincipios.com\\\/#website\"},\"primaryImageOfPage\":{\"@id\":\"https:\\\/\\\/diarioprincipios.com\\\/index.php\\\/2020\\\/06\\\/09\\\/jefe-de-gabinete-bonaerense-dijo-que-kicillof-se-mostro-preocupado-por-los-runners-de-caba\\\/#primaryimage\"},\"image\":{\"@id\":\"https:\\\/\\\/diarioprincipios.com\\\/index.php\\\/2020\\\/06\\\/09\\\/jefe-de-gabinete-bonaerense-dijo-que-kicillof-se-mostro-preocupado-por-los-runners-de-caba\\\/#primaryimage\"},\"thumbnailUrl\":\"https:\\\/\\\/diarioprincipios.com\\\/wp-content\\\/uploads\\\/2020\\\/06\\\/maxresdefault.jpg\",\"datePublished\":\"2020-06-10T00:19:39+00:00\",\"dateModified\":\"2020-06-10T00:19:40+00:00\",\"breadcrumb\":{\"@id\":\"https:\\\/\\\/diarioprincipios.com\\\/index.php\\\/2020\\\/06\\\/09\\\/jefe-de-gabinete-bonaerense-dijo-que-kicillof-se-mostro-preocupado-por-los-runners-de-caba\\\/#breadcrumb\"},\"inLanguage\":\"es\",\"potentialAction\":[{\"@type\":\"ReadAction\",\"target\":[\"https:\\\/\\\/diarioprincipios.com\\\/index.php\\\/2020\\\/06\\\/09\\\/jefe-de-gabinete-bonaerense-dijo-que-kicillof-se-mostro-preocupado-por-los-runners-de-caba\\\/\"]}]},{\"@type\":\"ImageObject\",\"inLanguage\":\"es\",\"@id\":\"https:\\\/\\\/diarioprincipios.com\\\/index.php\\\/2020\\\/06\\\/09\\\/jefe-de-gabinete-bonaerense-dijo-que-kicillof-se-mostro-preocupado-por-los-runners-de-caba\\\/#primaryimage\",\"url\":\"https:\\\/\\\/diarioprincipios.com\\\/wp-content\\\/uploads\\\/2020\\\/06\\\/maxresdefault.jpg\",\"contentUrl\":\"https:\\\/\\\/diarioprincipios.com\\\/wp-content\\\/uploads\\\/2020\\\/06\\\/maxresdefault.jpg\",\"width\":1280,\"height\":720},{\"@type\":\"BreadcrumbList\",\"@id\":\"https:\\\/\\\/diarioprincipios.com\\\/index.php\\\/2020\\\/06\\\/09\\\/jefe-de-gabinete-bonaerense-dijo-que-kicillof-se-mostro-preocupado-por-los-runners-de-caba\\\/#breadcrumb\",\"itemListElement\":[{\"@type\":\"ListItem\",\"position\":1,\"name\":\"Portada\",\"item\":\"https:\\\/\\\/diarioprincipios.com\\\/\"},{\"@type\":\"ListItem\",\"position\":2,\"name\":\"Jefe de Gabinete bonaerense dijo que Kicillof se mostr\u00f3 preocupado por los runners de Caba\"}]},{\"@type\":\"WebSite\",\"@id\":\"https:\\\/\\\/diarioprincipios.com\\\/#website\",\"url\":\"https:\\\/\\\/diarioprincipios.com\\\/\",\"name\":\"Principios\",\"description\":\"Principios Diario\",\"publisher\":{\"@id\":\"https:\\\/\\\/diarioprincipios.com\\\/#organization\"},\"potentialAction\":[{\"@type\":\"SearchAction\",\"target\":{\"@type\":\"EntryPoint\",\"urlTemplate\":\"https:\\\/\\\/diarioprincipios.com\\\/?s={search_term_string}\"},\"query-input\":{\"@type\":\"PropertyValueSpecification\",\"valueRequired\":true,\"valueName\":\"search_term_string\"}}],\"inLanguage\":\"es\"},{\"@type\":\"Organization\",\"@id\":\"https:\\\/\\\/diarioprincipios.com\\\/#organization\",\"name\":\"Principios\",\"url\":\"https:\\\/\\\/diarioprincipios.com\\\/\",\"logo\":{\"@type\":\"ImageObject\",\"inLanguage\":\"es\",\"@id\":\"https:\\\/\\\/diarioprincipios.com\\\/#\\\/schema\\\/logo\\\/image\\\/\",\"url\":\"https:\\\/\\\/diarioprincipios.com\\\/wp-content\\\/uploads\\\/2024\\\/04\\\/cropped-www.diarioprincipios.com_-1.png\",\"contentUrl\":\"https:\\\/\\\/diarioprincipios.com\\\/wp-content\\\/uploads\\\/2024\\\/04\\\/cropped-www.diarioprincipios.com_-1.png\",\"width\":5325,\"height\":1454,\"caption\":\"Principios\"},\"image\":{\"@id\":\"https:\\\/\\\/diarioprincipios.com\\\/#\\\/schema\\\/logo\\\/image\\\/\"}},{\"@type\":\"Person\",\"@id\":\"https:\\\/\\\/diarioprincipios.com\\\/#\\\/schema\\\/person\\\/436d5a1fd41a5e250e23ff5a6a7cb080\",\"name\":\"Hern\u00e1n L\u00f3pez\",\"image\":{\"@type\":\"ImageObject\",\"inLanguage\":\"es\",\"@id\":\"https:\\\/\\\/diarioprincipios.com\\\/wp-content\\\/litespeed\\\/avatar\\\/11ddfe5610ff3bd100522525b2571f48.jpg?ver=1777653193\",\"url\":\"https:\\\/\\\/diarioprincipios.com\\\/wp-content\\\/litespeed\\\/avatar\\\/11ddfe5610ff3bd100522525b2571f48.jpg?ver=1777653193\",\"contentUrl\":\"https:\\\/\\\/diarioprincipios.com\\\/wp-content\\\/litespeed\\\/avatar\\\/11ddfe5610ff3bd100522525b2571f48.jpg?ver=1777653193\",\"caption\":\"Hern\u00e1n L\u00f3pez\"},\"url\":\"https:\\\/\\\/diarioprincipios.com\\\/index.php\\\/author\\\/hernan\\\/\"}]}<\/script>\n<!-- \/ Yoast SEO plugin. -->","yoast_head_json":{"title":"Jefe de Gabinete bonaerense dijo que Kicillof se mostr\u00f3 preocupado por los runners de Caba - Principios","robots":{"index":"index","follow":"follow","max-snippet":"max-snippet:-1","max-image-preview":"max-image-preview:large","max-video-preview":"max-video-preview:-1"},"canonical":"https:\/\/diarioprincipios.com\/index.php\/2020\/06\/09\/jefe-de-gabinete-bonaerense-dijo-que-kicillof-se-mostro-preocupado-por-los-runners-de-caba\/","og_locale":"es_ES","og_type":"article","og_title":"Jefe de Gabinete bonaerense dijo que Kicillof se mostr\u00f3 preocupado por los runners de Caba - Principios","og_description":"El jefe de Gabinete de la Provincia de Buenos Aires, Carlos Bianco, asegur\u00f3 que el gobernador Axel Kicillof se comunic\u00f3 hoy con el jefe de Gobierno porte\u00f1o, Horacio Rodr\u00edguez Larreta debido a su preocupaci\u00f3n por la cantidad de gente que sali\u00f3 a correr ayer en la Ciudad de Buenos Aires. \u00abSabiendo que probablemente mucha de...","og_url":"https:\/\/diarioprincipios.com\/index.php\/2020\/06\/09\/jefe-de-gabinete-bonaerense-dijo-que-kicillof-se-mostro-preocupado-por-los-runners-de-caba\/","og_site_name":"Principios","article_published_time":"2020-06-10T00:19:39+00:00","article_modified_time":"2020-06-10T00:19:40+00:00","og_image":[{"width":1280,"height":720,"url":"https:\/\/diarioprincipios.com\/wp-content\/uploads\/2020\/06\/maxresdefault.jpg","type":"image\/jpeg"}],"author":"Hern\u00e1n L\u00f3pez","twitter_card":"summary_large_image","twitter_misc":{"Escrito por":"Hern\u00e1n L\u00f3pez","Tiempo de lectura":"2 minutos"},"schema":{"@context":"https:\/\/schema.org","@graph":[{"@type":"Article","@id":"https:\/\/diarioprincipios.com\/index.php\/2020\/06\/09\/jefe-de-gabinete-bonaerense-dijo-que-kicillof-se-mostro-preocupado-por-los-runners-de-caba\/#article","isPartOf":{"@id":"https:\/\/diarioprincipios.com\/index.php\/2020\/06\/09\/jefe-de-gabinete-bonaerense-dijo-que-kicillof-se-mostro-preocupado-por-los-runners-de-caba\/"},"author":{"name":"Hern\u00e1n L\u00f3pez","@id":"https:\/\/diarioprincipios.com\/#\/schema\/person\/436d5a1fd41a5e250e23ff5a6a7cb080"},"headline":"Jefe de Gabinete bonaerense dijo que Kicillof se mostr\u00f3 preocupado por los runners de Caba","datePublished":"2020-06-10T00:19:39+00:00","dateModified":"2020-06-10T00:19:40+00:00","mainEntityOfPage":{"@id":"https:\/\/diarioprincipios.com\/index.php\/2020\/06\/09\/jefe-de-gabinete-bonaerense-dijo-que-kicillof-se-mostro-preocupado-por-los-runners-de-caba\/"},"wordCount":332,"commentCount":0,"publisher":{"@id":"https:\/\/diarioprincipios.com\/#organization"},"image":{"@id":"https:\/\/diarioprincipios.com\/index.php\/2020\/06\/09\/jefe-de-gabinete-bonaerense-dijo-que-kicillof-se-mostro-preocupado-por-los-runners-de-caba\/#primaryimage"},"thumbnailUrl":"https:\/\/diarioprincipios.com\/wp-content\/uploads\/2020\/06\/maxresdefault.jpg","articleSection":["Provincia"],"inLanguage":"es","potentialAction":[{"@type":"CommentAction","name":"Comment","target":["https:\/\/diarioprincipios.com\/index.php\/2020\/06\/09\/jefe-de-gabinete-bonaerense-dijo-que-kicillof-se-mostro-preocupado-por-los-runners-de-caba\/#respond"]}]},{"@type":"WebPage","@id":"https:\/\/diarioprincipios.com\/index.php\/2020\/06\/09\/jefe-de-gabinete-bonaerense-dijo-que-kicillof-se-mostro-preocupado-por-los-runners-de-caba\/","url":"https:\/\/diarioprincipios.com\/index.php\/2020\/06\/09\/jefe-de-gabinete-bonaerense-dijo-que-kicillof-se-mostro-preocupado-por-los-runners-de-caba\/","name":"Jefe de Gabinete bonaerense dijo que Kicillof se mostr\u00f3 preocupado por los runners de Caba - Principios","isPartOf":{"@id":"https:\/\/diarioprincipios.com\/#website"},"primaryImageOfPage":{"@id":"https:\/\/diarioprincipios.com\/index.php\/2020\/06\/09\/jefe-de-gabinete-bonaerense-dijo-que-kicillof-se-mostro-preocupado-por-los-runners-de-caba\/#primaryimage"},"image":{"@id":"https:\/\/diarioprincipios.com\/index.php\/2020\/06\/09\/jefe-de-gabinete-bonaerense-dijo-que-kicillof-se-mostro-preocupado-por-los-runners-de-caba\/#primaryimage"},"thumbnailUrl":"https:\/\/diarioprincipios.com\/wp-content\/uploads\/2020\/06\/maxresdefault.jpg","datePublished":"2020-06-10T00:19:39+00:00","dateModified":"2020-06-10T00:19:40+00:00","breadcrumb":{"@id":"https:\/\/diarioprincipios.com\/index.php\/2020\/06\/09\/jefe-de-gabinete-bonaerense-dijo-que-kicillof-se-mostro-preocupado-por-los-runners-de-caba\/#breadcrumb"},"inLanguage":"es","potentialAction":[{"@type":"ReadAction","target":["https:\/\/diarioprincipios.com\/index.php\/2020\/06\/09\/jefe-de-gabinete-bonaerense-dijo-que-kicillof-se-mostro-preocupado-por-los-runners-de-caba\/"]}]},{"@type":"ImageObject","inLanguage":"es","@id":"https:\/\/diarioprincipios.com\/index.php\/2020\/06\/09\/jefe-de-gabinete-bonaerense-dijo-que-kicillof-se-mostro-preocupado-por-los-runners-de-caba\/#primaryimage","url":"https:\/\/diarioprincipios.com\/wp-content\/uploads\/2020\/06\/maxresdefault.jpg","contentUrl":"https:\/\/diarioprincipios.com\/wp-content\/uploads\/2020\/06\/maxresdefault.jpg","width":1280,"height":720},{"@type":"BreadcrumbList","@id":"https:\/\/diarioprincipios.com\/index.php\/2020\/06\/09\/jefe-de-gabinete-bonaerense-dijo-que-kicillof-se-mostro-preocupado-por-los-runners-de-caba\/#breadcrumb","itemListElement":[{"@type":"ListItem","position":1,"name":"Portada","item":"https:\/\/diarioprincipios.com\/"},{"@type":"ListItem","position":2,"name":"Jefe de Gabinete bonaerense dijo que Kicillof se mostr\u00f3 preocupado por los runners de Caba"}]},{"@type":"WebSite","@id":"https:\/\/diarioprincipios.com\/#website","url":"https:\/\/diarioprincipios.com\/","name":"Principios","description":"Principios Diario","publisher":{"@id":"https:\/\/diarioprincipios.com\/#organization"},"potentialAction":[{"@type":"SearchAction","target":{"@type":"EntryPoint","urlTemplate":"https:\/\/diarioprincipios.com\/?s={search_term_string}"},"query-input":{"@type":"PropertyValueSpecification","valueRequired":true,"valueName":"search_term_string"}}],"inLanguage":"es"},{"@type":"Organization","@id":"https:\/\/diarioprincipios.com\/#organization","name":"Principios","url":"https:\/\/diarioprincipios.com\/","logo":{"@type":"ImageObject","inLanguage":"es","@id":"https:\/\/diarioprincipios.com\/#\/schema\/logo\/image\/","url":"https:\/\/diarioprincipios.com\/wp-content\/uploads\/2024\/04\/cropped-www.diarioprincipios.com_-1.png","contentUrl":"https:\/\/diarioprincipios.com\/wp-content\/uploads\/2024\/04\/cropped-www.diarioprincipios.com_-1.png","width":5325,"height":1454,"caption":"Principios"},"image":{"@id":"https:\/\/diarioprincipios.com\/#\/schema\/logo\/image\/"}},{"@type":"Person","@id":"https:\/\/diarioprincipios.com\/#\/schema\/person\/436d5a1fd41a5e250e23ff5a6a7cb080","name":"Hern\u00e1n L\u00f3pez","image":{"@type":"ImageObject","inLanguage":"es","@id":"https:\/\/diarioprincipios.com\/wp-content\/litespeed\/avatar\/11ddfe5610ff3bd100522525b2571f48.jpg?ver=1777653193","url":"https:\/\/diarioprincipios.com\/wp-content\/litespeed\/avatar\/11ddfe5610ff3bd100522525b2571f48.jpg?ver=1777653193","contentUrl":"https:\/\/diarioprincipios.com\/wp-content\/litespeed\/avatar\/11ddfe5610ff3bd100522525b2571f48.jpg?ver=1777653193","caption":"Hern\u00e1n L\u00f3pez"},"url":"https:\/\/diarioprincipios.com\/index.php\/author\/hernan\/"}]}},"jetpack_featured_media_url":"https:\/\/diarioprincipios.com\/wp-content\/uploads\/2020\/06\/maxresdefault.jpg","_links":{"self":[{"href":"https:\/\/diarioprincipios.com\/index.php\/wp-json\/wp\/v2\/posts\/2692","targetHints":{"allow":["GET"]}}],"collection":[{"href":"https:\/\/diarioprincipios.com\/index.php\/wp-json\/wp\/v2\/posts"}],"about":[{"href":"https:\/\/diarioprincipios.com\/index.php\/wp-json\/wp\/v2\/types\/post"}],"author":[{"embeddable":true,"href":"https:\/\/diarioprincipios.com\/index.php\/wp-json\/wp\/v2\/users\/2"}],"replies":[{"embeddable":true,"href":"https:\/\/diarioprincipios.com\/index.php\/wp-json\/wp\/v2\/comments?post=2692"}],"version-history":[{"count":1,"href":"https:\/\/diarioprincipios.com\/index.php\/wp-json\/wp\/v2\/posts\/2692\/revisions"}],"predecessor-version":[{"id":2694,"href":"https:\/\/diarioprincipios.com\/index.php\/wp-json\/wp\/v2\/posts\/2692\/revisions\/2694"}],"wp:featuredmedia":[{"embeddable":true,"href":"https:\/\/diarioprincipios.com\/index.php\/wp-json\/wp\/v2\/media\/2693"}],"wp:attachment":[{"href":"https:\/\/diarioprincipios.com\/index.php\/wp-json\/wp\/v2\/media?parent=2692"}],"wp:term":[{"taxonomy":"category","embeddable":true,"href":"https:\/\/diarioprincipios.com\/index.php\/wp-json\/wp\/v2\/categories?post=2692"},{"taxonomy":"post_tag","embeddable":true,"href":"https:\/\/diarioprincipios.com\/index.php\/wp-json\/wp\/v2\/tags?post=2692"}],"curies":[{"name":"wp","href":"https:\/\/api.w.org\/{rel}","templated":true}]}}