{"id":26831,"date":"2026-03-17T18:10:14","date_gmt":"2026-03-17T21:10:14","guid":{"rendered":"https:\/\/diarioprincipios.com\/?p=26831"},"modified":"2026-03-17T18:10:16","modified_gmt":"2026-03-17T21:10:16","slug":"jornada-de-trabajo-en-la-primaria-n-16","status":"publish","type":"post","link":"https:\/\/diarioprincipios.com\/index.php\/2026\/03\/17\/jornada-de-trabajo-en-la-primaria-n-16\/","title":{"rendered":"Jornada de trabajo en la Primaria N\u00b0 16"},"content":{"rendered":"\n<p>Se realiz\u00f3 una jornada de trabajo en la Escuela Primaria N\u00b0 16 Nicol\u00e1s Avellaneda, organizada por el Consejo Escolar de Berazategui, con el objetivo de embellecer el establecimiento educativo.<\/p>\n\n\n\n<p>Acompa\u00f1ando las tareas estuvieron los secretarios municipales de Cultura y Educaci\u00f3n, Federico L\u00f3pez; y de Desarrollo Social, Recreaci\u00f3n, Turismo y Deportes, Mar\u00eda Laura Lacava; adem\u00e1s del presidente del Consejo Escolar, Fernando Cardozo.<\/p>\n\n\n\n<figure class=\"wp-block-image size-large\"><img loading=\"lazy\" decoding=\"async\" width=\"1024\" height=\"682\" src=\"https:\/\/diarioprincipios.com\/wp-content\/uploads\/2026\/03\/Jornada-de-trabajo-en-la-Primaria-N\u00b0-16-3-1024x682.jpg\" alt=\"\" class=\"wp-image-26832\" srcset=\"https:\/\/diarioprincipios.com\/wp-content\/uploads\/2026\/03\/Jornada-de-trabajo-en-la-Primaria-N\u00b0-16-3-1024x682.jpg 1024w, https:\/\/diarioprincipios.com\/wp-content\/uploads\/2026\/03\/Jornada-de-trabajo-en-la-Primaria-N\u00b0-16-3-300x200.jpg 300w, https:\/\/diarioprincipios.com\/wp-content\/uploads\/2026\/03\/Jornada-de-trabajo-en-la-Primaria-N\u00b0-16-3-768x512.jpg 768w, https:\/\/diarioprincipios.com\/wp-content\/uploads\/2026\/03\/Jornada-de-trabajo-en-la-Primaria-N\u00b0-16-3-1536x1023.jpg 1536w, https:\/\/diarioprincipios.com\/wp-content\/uploads\/2026\/03\/Jornada-de-trabajo-en-la-Primaria-N\u00b0-16-3-820x545.jpg 820w, https:\/\/diarioprincipios.com\/wp-content\/uploads\/2026\/03\/Jornada-de-trabajo-en-la-Primaria-N\u00b0-16-3-600x400.jpg 600w, https:\/\/diarioprincipios.com\/wp-content\/uploads\/2026\/03\/Jornada-de-trabajo-en-la-Primaria-N\u00b0-16-3.jpg 1600w\" sizes=\"auto, (max-width: 1024px) 100vw, 1024px\" \/><\/figure>\n\n\n\n<p>La directora de la Primaria, Romina Mart\u00ednez, expres\u00f3: \u00abEstamos muy contentas de recibir esta actividad que deja m\u00e1s linda la escuela\u00bb.<\/p>\n\n\n\n<p>En Berazategui, estas jornadas comenzaron a realizarse hace a\u00f1os por iniciativa del Dr. Juan Jos\u00e9 Mussi y hoy contin\u00faan por impulso del intendente Carlos Balor.<\/p>\n\n\n\n<p>Los trabajos estuvieron a cargo de vecinos y vecinas, docentes y consejeros escolares.<\/p>\n","protected":false},"excerpt":{"rendered":"<p>Se realiz\u00f3 una jornada de trabajo en la Escuela Primaria N\u00b0 16 Nicol\u00e1s Avellaneda, organizada por el Consejo Escolar de Berazategui, con el objetivo de embellecer el establecimiento educativo. Acompa\u00f1ando las tareas estuvieron los secretarios municipales de Cultura y Educaci\u00f3n, Federico L\u00f3pez; y de Desarrollo Social, Recreaci\u00f3n, Turismo y Deportes, Mar\u00eda Laura Lacava; adem\u00e1s del&#8230;<\/p>\n","protected":false},"author":2,"featured_media":26833,"comment_status":"open","ping_status":"open","sticky":false,"template":"","format":"standard","meta":{"footnotes":""},"categories":[3,19],"tags":[],"class_list":["post-26831","post","type-post","status-publish","format-standard","has-post-thumbnail","hentry","category-berazategui","category-cultura-educacion"],"featured_image_src":"https:\/\/diarioprincipios.com\/wp-content\/uploads\/2026\/03\/Jornada-de-trabajo-en-la-Primaria-N\u00b0-16-2-1024x682.jpg","blog_images":{"medium":"https:\/\/diarioprincipios.com\/wp-content\/uploads\/2026\/03\/Jornada-de-trabajo-en-la-Primaria-N\u00b0-16-2-300x200.jpg","large":"https:\/\/diarioprincipios.com\/wp-content\/uploads\/2026\/03\/Jornada-de-trabajo-en-la-Primaria-N\u00b0-16-2-1024x682.jpg"},"ams_acf":[],"yoast_head":"<!-- This site is optimized with the Yoast SEO plugin v27.3 - https:\/\/yoast.com\/product\/yoast-seo-wordpress\/ -->\n<title>Jornada de trabajo en la Primaria N\u00b0 16 - Principios<\/title>\n<meta name=\"robots\" content=\"index, follow, max-snippet:-1, max-image-preview:large, max-video-preview:-1\" \/>\n<link rel=\"canonical\" href=\"https:\/\/diarioprincipios.com\/index.php\/2026\/03\/17\/jornada-de-trabajo-en-la-primaria-n-16\/\" \/>\n<meta property=\"og:locale\" content=\"es_ES\" \/>\n<meta property=\"og:type\" content=\"article\" \/>\n<meta property=\"og:title\" content=\"Jornada de trabajo en la Primaria N\u00b0 16 - Principios\" \/>\n<meta property=\"og:description\" content=\"Se realiz\u00f3 una jornada de trabajo en la Escuela Primaria N\u00b0 16 Nicol\u00e1s Avellaneda, organizada por el Consejo Escolar de Berazategui, con el objetivo de embellecer el establecimiento educativo. Acompa\u00f1ando las tareas estuvieron los secretarios municipales de Cultura y Educaci\u00f3n, Federico L\u00f3pez; y de Desarrollo Social, Recreaci\u00f3n, Turismo y Deportes, Mar\u00eda Laura Lacava; adem\u00e1s del...\" \/>\n<meta property=\"og:url\" content=\"https:\/\/diarioprincipios.com\/index.php\/2026\/03\/17\/jornada-de-trabajo-en-la-primaria-n-16\/\" \/>\n<meta property=\"og:site_name\" content=\"Principios\" \/>\n<meta property=\"article:published_time\" content=\"2026-03-17T21:10:14+00:00\" \/>\n<meta property=\"article:modified_time\" content=\"2026-03-17T21:10:16+00:00\" \/>\n<meta property=\"og:image\" content=\"https:\/\/diarioprincipios.com\/wp-content\/uploads\/2026\/03\/Jornada-de-trabajo-en-la-Primaria-N\u00b0-16-2.jpg\" \/>\n\t<meta property=\"og:image:width\" content=\"1600\" \/>\n\t<meta property=\"og:image:height\" content=\"1066\" \/>\n\t<meta property=\"og:image:type\" content=\"image\/jpeg\" \/>\n<meta name=\"author\" content=\"Hern\u00e1n L\u00f3pez\" \/>\n<meta name=\"twitter:card\" content=\"summary_large_image\" \/>\n<meta name=\"twitter:label1\" content=\"Escrito por\" \/>\n\t<meta name=\"twitter:data1\" content=\"Hern\u00e1n L\u00f3pez\" \/>\n\t<meta name=\"twitter:label2\" content=\"Tiempo de lectura\" \/>\n\t<meta name=\"twitter:data2\" content=\"1 minuto\" \/>\n<script type=\"application\/ld+json\" class=\"yoast-schema-graph\">{\"@context\":\"https:\\\/\\\/schema.org\",\"@graph\":[{\"@type\":\"Article\",\"@id\":\"https:\\\/\\\/diarioprincipios.com\\\/index.php\\\/2026\\\/03\\\/17\\\/jornada-de-trabajo-en-la-primaria-n-16\\\/#article\",\"isPartOf\":{\"@id\":\"https:\\\/\\\/diarioprincipios.com\\\/index.php\\\/2026\\\/03\\\/17\\\/jornada-de-trabajo-en-la-primaria-n-16\\\/\"},\"author\":{\"name\":\"Hern\u00e1n L\u00f3pez\",\"@id\":\"https:\\\/\\\/diarioprincipios.com\\\/#\\\/schema\\\/person\\\/436d5a1fd41a5e250e23ff5a6a7cb080\"},\"headline\":\"Jornada de trabajo en la Primaria N\u00b0 16\",\"datePublished\":\"2026-03-17T21:10:14+00:00\",\"dateModified\":\"2026-03-17T21:10:16+00:00\",\"mainEntityOfPage\":{\"@id\":\"https:\\\/\\\/diarioprincipios.com\\\/index.php\\\/2026\\\/03\\\/17\\\/jornada-de-trabajo-en-la-primaria-n-16\\\/\"},\"wordCount\":137,\"commentCount\":0,\"publisher\":{\"@id\":\"https:\\\/\\\/diarioprincipios.com\\\/#organization\"},\"image\":{\"@id\":\"https:\\\/\\\/diarioprincipios.com\\\/index.php\\\/2026\\\/03\\\/17\\\/jornada-de-trabajo-en-la-primaria-n-16\\\/#primaryimage\"},\"thumbnailUrl\":\"https:\\\/\\\/diarioprincipios.com\\\/wp-content\\\/uploads\\\/2026\\\/03\\\/Jornada-de-trabajo-en-la-Primaria-N\u00b0-16-2.jpg\",\"articleSection\":[\"Berazategui\",\"Cultura y Educaci\u00f3n\"],\"inLanguage\":\"es\",\"potentialAction\":[{\"@type\":\"CommentAction\",\"name\":\"Comment\",\"target\":[\"https:\\\/\\\/diarioprincipios.com\\\/index.php\\\/2026\\\/03\\\/17\\\/jornada-de-trabajo-en-la-primaria-n-16\\\/#respond\"]}]},{\"@type\":\"WebPage\",\"@id\":\"https:\\\/\\\/diarioprincipios.com\\\/index.php\\\/2026\\\/03\\\/17\\\/jornada-de-trabajo-en-la-primaria-n-16\\\/\",\"url\":\"https:\\\/\\\/diarioprincipios.com\\\/index.php\\\/2026\\\/03\\\/17\\\/jornada-de-trabajo-en-la-primaria-n-16\\\/\",\"name\":\"Jornada de trabajo en la Primaria N\u00b0 16 - Principios\",\"isPartOf\":{\"@id\":\"https:\\\/\\\/diarioprincipios.com\\\/#website\"},\"primaryImageOfPage\":{\"@id\":\"https:\\\/\\\/diarioprincipios.com\\\/index.php\\\/2026\\\/03\\\/17\\\/jornada-de-trabajo-en-la-primaria-n-16\\\/#primaryimage\"},\"image\":{\"@id\":\"https:\\\/\\\/diarioprincipios.com\\\/index.php\\\/2026\\\/03\\\/17\\\/jornada-de-trabajo-en-la-primaria-n-16\\\/#primaryimage\"},\"thumbnailUrl\":\"https:\\\/\\\/diarioprincipios.com\\\/wp-content\\\/uploads\\\/2026\\\/03\\\/Jornada-de-trabajo-en-la-Primaria-N\u00b0-16-2.jpg\",\"datePublished\":\"2026-03-17T21:10:14+00:00\",\"dateModified\":\"2026-03-17T21:10:16+00:00\",\"breadcrumb\":{\"@id\":\"https:\\\/\\\/diarioprincipios.com\\\/index.php\\\/2026\\\/03\\\/17\\\/jornada-de-trabajo-en-la-primaria-n-16\\\/#breadcrumb\"},\"inLanguage\":\"es\",\"potentialAction\":[{\"@type\":\"ReadAction\",\"target\":[\"https:\\\/\\\/diarioprincipios.com\\\/index.php\\\/2026\\\/03\\\/17\\\/jornada-de-trabajo-en-la-primaria-n-16\\\/\"]}]},{\"@type\":\"ImageObject\",\"inLanguage\":\"es\",\"@id\":\"https:\\\/\\\/diarioprincipios.com\\\/index.php\\\/2026\\\/03\\\/17\\\/jornada-de-trabajo-en-la-primaria-n-16\\\/#primaryimage\",\"url\":\"https:\\\/\\\/diarioprincipios.com\\\/wp-content\\\/uploads\\\/2026\\\/03\\\/Jornada-de-trabajo-en-la-Primaria-N\u00b0-16-2.jpg\",\"contentUrl\":\"https:\\\/\\\/diarioprincipios.com\\\/wp-content\\\/uploads\\\/2026\\\/03\\\/Jornada-de-trabajo-en-la-Primaria-N\u00b0-16-2.jpg\",\"width\":1600,\"height\":1066},{\"@type\":\"BreadcrumbList\",\"@id\":\"https:\\\/\\\/diarioprincipios.com\\\/index.php\\\/2026\\\/03\\\/17\\\/jornada-de-trabajo-en-la-primaria-n-16\\\/#breadcrumb\",\"itemListElement\":[{\"@type\":\"ListItem\",\"position\":1,\"name\":\"Portada\",\"item\":\"https:\\\/\\\/diarioprincipios.com\\\/\"},{\"@type\":\"ListItem\",\"position\":2,\"name\":\"Jornada de trabajo en la Primaria N\u00b0 16\"}]},{\"@type\":\"WebSite\",\"@id\":\"https:\\\/\\\/diarioprincipios.com\\\/#website\",\"url\":\"https:\\\/\\\/diarioprincipios.com\\\/\",\"name\":\"Principios\",\"description\":\"Principios Diario\",\"publisher\":{\"@id\":\"https:\\\/\\\/diarioprincipios.com\\\/#organization\"},\"potentialAction\":[{\"@type\":\"SearchAction\",\"target\":{\"@type\":\"EntryPoint\",\"urlTemplate\":\"https:\\\/\\\/diarioprincipios.com\\\/?s={search_term_string}\"},\"query-input\":{\"@type\":\"PropertyValueSpecification\",\"valueRequired\":true,\"valueName\":\"search_term_string\"}}],\"inLanguage\":\"es\"},{\"@type\":\"Organization\",\"@id\":\"https:\\\/\\\/diarioprincipios.com\\\/#organization\",\"name\":\"Principios\",\"url\":\"https:\\\/\\\/diarioprincipios.com\\\/\",\"logo\":{\"@type\":\"ImageObject\",\"inLanguage\":\"es\",\"@id\":\"https:\\\/\\\/diarioprincipios.com\\\/#\\\/schema\\\/logo\\\/image\\\/\",\"url\":\"https:\\\/\\\/diarioprincipios.com\\\/wp-content\\\/uploads\\\/2024\\\/04\\\/cropped-www.diarioprincipios.com_-1.png\",\"contentUrl\":\"https:\\\/\\\/diarioprincipios.com\\\/wp-content\\\/uploads\\\/2024\\\/04\\\/cropped-www.diarioprincipios.com_-1.png\",\"width\":5325,\"height\":1454,\"caption\":\"Principios\"},\"image\":{\"@id\":\"https:\\\/\\\/diarioprincipios.com\\\/#\\\/schema\\\/logo\\\/image\\\/\"}},{\"@type\":\"Person\",\"@id\":\"https:\\\/\\\/diarioprincipios.com\\\/#\\\/schema\\\/person\\\/436d5a1fd41a5e250e23ff5a6a7cb080\",\"name\":\"Hern\u00e1n L\u00f3pez\",\"image\":{\"@type\":\"ImageObject\",\"inLanguage\":\"es\",\"@id\":\"https:\\\/\\\/diarioprincipios.com\\\/wp-content\\\/litespeed\\\/avatar\\\/11ddfe5610ff3bd100522525b2571f48.jpg?ver=1777653193\",\"url\":\"https:\\\/\\\/diarioprincipios.com\\\/wp-content\\\/litespeed\\\/avatar\\\/11ddfe5610ff3bd100522525b2571f48.jpg?ver=1777653193\",\"contentUrl\":\"https:\\\/\\\/diarioprincipios.com\\\/wp-content\\\/litespeed\\\/avatar\\\/11ddfe5610ff3bd100522525b2571f48.jpg?ver=1777653193\",\"caption\":\"Hern\u00e1n L\u00f3pez\"},\"url\":\"https:\\\/\\\/diarioprincipios.com\\\/index.php\\\/author\\\/hernan\\\/\"}]}<\/script>\n<!-- \/ Yoast SEO plugin. -->","yoast_head_json":{"title":"Jornada de trabajo en la Primaria N\u00b0 16 - Principios","robots":{"index":"index","follow":"follow","max-snippet":"max-snippet:-1","max-image-preview":"max-image-preview:large","max-video-preview":"max-video-preview:-1"},"canonical":"https:\/\/diarioprincipios.com\/index.php\/2026\/03\/17\/jornada-de-trabajo-en-la-primaria-n-16\/","og_locale":"es_ES","og_type":"article","og_title":"Jornada de trabajo en la Primaria N\u00b0 16 - Principios","og_description":"Se realiz\u00f3 una jornada de trabajo en la Escuela Primaria N\u00b0 16 Nicol\u00e1s Avellaneda, organizada por el Consejo Escolar de Berazategui, con el objetivo de embellecer el establecimiento educativo. Acompa\u00f1ando las tareas estuvieron los secretarios municipales de Cultura y Educaci\u00f3n, Federico L\u00f3pez; y de Desarrollo Social, Recreaci\u00f3n, Turismo y Deportes, Mar\u00eda Laura Lacava; adem\u00e1s del...","og_url":"https:\/\/diarioprincipios.com\/index.php\/2026\/03\/17\/jornada-de-trabajo-en-la-primaria-n-16\/","og_site_name":"Principios","article_published_time":"2026-03-17T21:10:14+00:00","article_modified_time":"2026-03-17T21:10:16+00:00","og_image":[{"width":1600,"height":1066,"url":"https:\/\/diarioprincipios.com\/wp-content\/uploads\/2026\/03\/Jornada-de-trabajo-en-la-Primaria-N\u00b0-16-2.jpg","type":"image\/jpeg"}],"author":"Hern\u00e1n L\u00f3pez","twitter_card":"summary_large_image","twitter_misc":{"Escrito por":"Hern\u00e1n L\u00f3pez","Tiempo de lectura":"1 minuto"},"schema":{"@context":"https:\/\/schema.org","@graph":[{"@type":"Article","@id":"https:\/\/diarioprincipios.com\/index.php\/2026\/03\/17\/jornada-de-trabajo-en-la-primaria-n-16\/#article","isPartOf":{"@id":"https:\/\/diarioprincipios.com\/index.php\/2026\/03\/17\/jornada-de-trabajo-en-la-primaria-n-16\/"},"author":{"name":"Hern\u00e1n L\u00f3pez","@id":"https:\/\/diarioprincipios.com\/#\/schema\/person\/436d5a1fd41a5e250e23ff5a6a7cb080"},"headline":"Jornada de trabajo en la Primaria N\u00b0 16","datePublished":"2026-03-17T21:10:14+00:00","dateModified":"2026-03-17T21:10:16+00:00","mainEntityOfPage":{"@id":"https:\/\/diarioprincipios.com\/index.php\/2026\/03\/17\/jornada-de-trabajo-en-la-primaria-n-16\/"},"wordCount":137,"commentCount":0,"publisher":{"@id":"https:\/\/diarioprincipios.com\/#organization"},"image":{"@id":"https:\/\/diarioprincipios.com\/index.php\/2026\/03\/17\/jornada-de-trabajo-en-la-primaria-n-16\/#primaryimage"},"thumbnailUrl":"https:\/\/diarioprincipios.com\/wp-content\/uploads\/2026\/03\/Jornada-de-trabajo-en-la-Primaria-N\u00b0-16-2.jpg","articleSection":["Berazategui","Cultura y Educaci\u00f3n"],"inLanguage":"es","potentialAction":[{"@type":"CommentAction","name":"Comment","target":["https:\/\/diarioprincipios.com\/index.php\/2026\/03\/17\/jornada-de-trabajo-en-la-primaria-n-16\/#respond"]}]},{"@type":"WebPage","@id":"https:\/\/diarioprincipios.com\/index.php\/2026\/03\/17\/jornada-de-trabajo-en-la-primaria-n-16\/","url":"https:\/\/diarioprincipios.com\/index.php\/2026\/03\/17\/jornada-de-trabajo-en-la-primaria-n-16\/","name":"Jornada de trabajo en la Primaria N\u00b0 16 - Principios","isPartOf":{"@id":"https:\/\/diarioprincipios.com\/#website"},"primaryImageOfPage":{"@id":"https:\/\/diarioprincipios.com\/index.php\/2026\/03\/17\/jornada-de-trabajo-en-la-primaria-n-16\/#primaryimage"},"image":{"@id":"https:\/\/diarioprincipios.com\/index.php\/2026\/03\/17\/jornada-de-trabajo-en-la-primaria-n-16\/#primaryimage"},"thumbnailUrl":"https:\/\/diarioprincipios.com\/wp-content\/uploads\/2026\/03\/Jornada-de-trabajo-en-la-Primaria-N\u00b0-16-2.jpg","datePublished":"2026-03-17T21:10:14+00:00","dateModified":"2026-03-17T21:10:16+00:00","breadcrumb":{"@id":"https:\/\/diarioprincipios.com\/index.php\/2026\/03\/17\/jornada-de-trabajo-en-la-primaria-n-16\/#breadcrumb"},"inLanguage":"es","potentialAction":[{"@type":"ReadAction","target":["https:\/\/diarioprincipios.com\/index.php\/2026\/03\/17\/jornada-de-trabajo-en-la-primaria-n-16\/"]}]},{"@type":"ImageObject","inLanguage":"es","@id":"https:\/\/diarioprincipios.com\/index.php\/2026\/03\/17\/jornada-de-trabajo-en-la-primaria-n-16\/#primaryimage","url":"https:\/\/diarioprincipios.com\/wp-content\/uploads\/2026\/03\/Jornada-de-trabajo-en-la-Primaria-N\u00b0-16-2.jpg","contentUrl":"https:\/\/diarioprincipios.com\/wp-content\/uploads\/2026\/03\/Jornada-de-trabajo-en-la-Primaria-N\u00b0-16-2.jpg","width":1600,"height":1066},{"@type":"BreadcrumbList","@id":"https:\/\/diarioprincipios.com\/index.php\/2026\/03\/17\/jornada-de-trabajo-en-la-primaria-n-16\/#breadcrumb","itemListElement":[{"@type":"ListItem","position":1,"name":"Portada","item":"https:\/\/diarioprincipios.com\/"},{"@type":"ListItem","position":2,"name":"Jornada de trabajo en la Primaria N\u00b0 16"}]},{"@type":"WebSite","@id":"https:\/\/diarioprincipios.com\/#website","url":"https:\/\/diarioprincipios.com\/","name":"Principios","description":"Principios Diario","publisher":{"@id":"https:\/\/diarioprincipios.com\/#organization"},"potentialAction":[{"@type":"SearchAction","target":{"@type":"EntryPoint","urlTemplate":"https:\/\/diarioprincipios.com\/?s={search_term_string}"},"query-input":{"@type":"PropertyValueSpecification","valueRequired":true,"valueName":"search_term_string"}}],"inLanguage":"es"},{"@type":"Organization","@id":"https:\/\/diarioprincipios.com\/#organization","name":"Principios","url":"https:\/\/diarioprincipios.com\/","logo":{"@type":"ImageObject","inLanguage":"es","@id":"https:\/\/diarioprincipios.com\/#\/schema\/logo\/image\/","url":"https:\/\/diarioprincipios.com\/wp-content\/uploads\/2024\/04\/cropped-www.diarioprincipios.com_-1.png","contentUrl":"https:\/\/diarioprincipios.com\/wp-content\/uploads\/2024\/04\/cropped-www.diarioprincipios.com_-1.png","width":5325,"height":1454,"caption":"Principios"},"image":{"@id":"https:\/\/diarioprincipios.com\/#\/schema\/logo\/image\/"}},{"@type":"Person","@id":"https:\/\/diarioprincipios.com\/#\/schema\/person\/436d5a1fd41a5e250e23ff5a6a7cb080","name":"Hern\u00e1n L\u00f3pez","image":{"@type":"ImageObject","inLanguage":"es","@id":"https:\/\/diarioprincipios.com\/wp-content\/litespeed\/avatar\/11ddfe5610ff3bd100522525b2571f48.jpg?ver=1777653193","url":"https:\/\/diarioprincipios.com\/wp-content\/litespeed\/avatar\/11ddfe5610ff3bd100522525b2571f48.jpg?ver=1777653193","contentUrl":"https:\/\/diarioprincipios.com\/wp-content\/litespeed\/avatar\/11ddfe5610ff3bd100522525b2571f48.jpg?ver=1777653193","caption":"Hern\u00e1n L\u00f3pez"},"url":"https:\/\/diarioprincipios.com\/index.php\/author\/hernan\/"}]}},"jetpack_featured_media_url":"https:\/\/diarioprincipios.com\/wp-content\/uploads\/2026\/03\/Jornada-de-trabajo-en-la-Primaria-N\u00b0-16-2.jpg","_links":{"self":[{"href":"https:\/\/diarioprincipios.com\/index.php\/wp-json\/wp\/v2\/posts\/26831","targetHints":{"allow":["GET"]}}],"collection":[{"href":"https:\/\/diarioprincipios.com\/index.php\/wp-json\/wp\/v2\/posts"}],"about":[{"href":"https:\/\/diarioprincipios.com\/index.php\/wp-json\/wp\/v2\/types\/post"}],"author":[{"embeddable":true,"href":"https:\/\/diarioprincipios.com\/index.php\/wp-json\/wp\/v2\/users\/2"}],"replies":[{"embeddable":true,"href":"https:\/\/diarioprincipios.com\/index.php\/wp-json\/wp\/v2\/comments?post=26831"}],"version-history":[{"count":1,"href":"https:\/\/diarioprincipios.com\/index.php\/wp-json\/wp\/v2\/posts\/26831\/revisions"}],"predecessor-version":[{"id":26834,"href":"https:\/\/diarioprincipios.com\/index.php\/wp-json\/wp\/v2\/posts\/26831\/revisions\/26834"}],"wp:featuredmedia":[{"embeddable":true,"href":"https:\/\/diarioprincipios.com\/index.php\/wp-json\/wp\/v2\/media\/26833"}],"wp:attachment":[{"href":"https:\/\/diarioprincipios.com\/index.php\/wp-json\/wp\/v2\/media?parent=26831"}],"wp:term":[{"taxonomy":"category","embeddable":true,"href":"https:\/\/diarioprincipios.com\/index.php\/wp-json\/wp\/v2\/categories?post=26831"},{"taxonomy":"post_tag","embeddable":true,"href":"https:\/\/diarioprincipios.com\/index.php\/wp-json\/wp\/v2\/tags?post=26831"}],"curies":[{"name":"wp","href":"https:\/\/api.w.org\/{rel}","templated":true}]}}