{"id":26827,"date":"2026-03-17T17:47:47","date_gmt":"2026-03-17T20:47:47","guid":{"rendered":"https:\/\/diarioprincipios.com\/?p=26827"},"modified":"2026-03-17T17:47:48","modified_gmt":"2026-03-17T20:47:48","slug":"vuelve-la-noche-de-los-museos-de-berazategui","status":"publish","type":"post","link":"https:\/\/diarioprincipios.com\/index.php\/2026\/03\/17\/vuelve-la-noche-de-los-museos-de-berazategui\/","title":{"rendered":"Vuelve la Noche de los Museos de Berazategui"},"content":{"rendered":"\n<p>Este s\u00e1bado 21 de marzo, desde las 19.00, Berazategui volver\u00e1 a vivir una jornada especial con una nueva edici\u00f3n de La Noche de los Museos, denominada \u201cHabitar la Memoria\u201d. La iniciativa invita a los vecinos y vecinas a recorrer los espacios culturales municipales y disfrutar de muestras permanentes y temporales, visitas especiales, espect\u00e1culos en vivo, shows musicales y un mont\u00f3n de actividades para toda la familia.<\/p>\n\n\n\n<p>Durante la velada, adem\u00e1s, habr\u00e1 juegos, food trucks -con variadas propuestas gastron\u00f3micas- y la Feria Regal\u00e1 Cultura, sumando opciones para compartir en un ambiente diferente, bajo el cielo nocturno.<\/p>\n\n\n\n<figure class=\"wp-block-image size-large\"><img loading=\"lazy\" decoding=\"async\" width=\"1024\" height=\"768\" src=\"https:\/\/diarioprincipios.com\/wp-content\/uploads\/2026\/03\/Vuelve-la-Noche-de-los-Museos-de-Berazategui-1-1024x768.jpg\" alt=\"\" class=\"wp-image-26828\" srcset=\"https:\/\/diarioprincipios.com\/wp-content\/uploads\/2026\/03\/Vuelve-la-Noche-de-los-Museos-de-Berazategui-1-1024x768.jpg 1024w, https:\/\/diarioprincipios.com\/wp-content\/uploads\/2026\/03\/Vuelve-la-Noche-de-los-Museos-de-Berazategui-1-300x225.jpg 300w, https:\/\/diarioprincipios.com\/wp-content\/uploads\/2026\/03\/Vuelve-la-Noche-de-los-Museos-de-Berazategui-1-768x576.jpg 768w, https:\/\/diarioprincipios.com\/wp-content\/uploads\/2026\/03\/Vuelve-la-Noche-de-los-Museos-de-Berazategui-1-1536x1152.jpg 1536w, https:\/\/diarioprincipios.com\/wp-content\/uploads\/2026\/03\/Vuelve-la-Noche-de-los-Museos-de-Berazategui-1-2048x1536.jpg 2048w\" sizes=\"auto, (max-width: 1024px) 100vw, 1024px\" \/><\/figure>\n\n\n\n<p>Impulsada por el intendente Carlos Balor y organizada por la Secretar\u00eda de Cultura y Educaci\u00f3n municipal, la propuesta busca acercar el patrimonio cultural local a la comunidad y promover el encuentro en los Museos Municipales: el Hist\u00f3rico y el del Vidrio (calle 23 y 149); el del Golf Roberto De Vicenzo (calle 28 y 132); y el Museo Taller C\u00e9sar Bustillo (calle 43 e\/ 156 y 157).<\/p>\n\n\n\n<p>La Municipalidad dispondr\u00e1 de un servicio gratuito de transporte que recorrer\u00e1 los Museos durante toda la jornada, permitiendo el traslado del p\u00fablico. Se podr\u00e1 abordar por orden de llegada, durante todo el evento a partir de las 19.00.<\/p>\n\n\n\n<p>Quienes deseen conocer m\u00e1s sobre la historia de estos espacios, pueden ingresar en berazategui.gob.ar\/cultura.<\/p>\n","protected":false},"excerpt":{"rendered":"<p>Este s\u00e1bado 21 de marzo, desde las 19.00, Berazategui volver\u00e1 a vivir una jornada especial con una nueva edici\u00f3n de La Noche de los Museos, denominada \u201cHabitar la Memoria\u201d. La iniciativa invita a los vecinos y vecinas a recorrer los espacios culturales municipales y disfrutar de muestras permanentes y temporales, visitas especiales, espect\u00e1culos en vivo,&#8230;<\/p>\n","protected":false},"author":2,"featured_media":26829,"comment_status":"open","ping_status":"open","sticky":false,"template":"","format":"standard","meta":{"footnotes":""},"categories":[3,19],"tags":[],"class_list":["post-26827","post","type-post","status-publish","format-standard","has-post-thumbnail","hentry","category-berazategui","category-cultura-educacion"],"featured_image_src":"https:\/\/diarioprincipios.com\/wp-content\/uploads\/2026\/03\/Vuelve-la-Noche-de-los-Museos-de-Berazategui-3-1024x683.jpg","blog_images":{"medium":"https:\/\/diarioprincipios.com\/wp-content\/uploads\/2026\/03\/Vuelve-la-Noche-de-los-Museos-de-Berazategui-3-300x200.jpg","large":"https:\/\/diarioprincipios.com\/wp-content\/uploads\/2026\/03\/Vuelve-la-Noche-de-los-Museos-de-Berazategui-3-1024x683.jpg"},"ams_acf":[],"yoast_head":"<!-- This site is optimized with the Yoast SEO plugin v27.3 - https:\/\/yoast.com\/product\/yoast-seo-wordpress\/ -->\n<title>Vuelve la Noche de los Museos de Berazategui - Principios<\/title>\n<meta name=\"robots\" content=\"index, follow, max-snippet:-1, max-image-preview:large, max-video-preview:-1\" \/>\n<link rel=\"canonical\" href=\"https:\/\/diarioprincipios.com\/index.php\/2026\/03\/17\/vuelve-la-noche-de-los-museos-de-berazategui\/\" \/>\n<meta property=\"og:locale\" content=\"es_ES\" \/>\n<meta property=\"og:type\" content=\"article\" \/>\n<meta property=\"og:title\" content=\"Vuelve la Noche de los Museos de Berazategui - Principios\" \/>\n<meta property=\"og:description\" content=\"Este s\u00e1bado 21 de marzo, desde las 19.00, Berazategui volver\u00e1 a vivir una jornada especial con una nueva edici\u00f3n de La Noche de los Museos, denominada \u201cHabitar la Memoria\u201d. La iniciativa invita a los vecinos y vecinas a recorrer los espacios culturales municipales y disfrutar de muestras permanentes y temporales, visitas especiales, espect\u00e1culos en vivo,...\" \/>\n<meta property=\"og:url\" content=\"https:\/\/diarioprincipios.com\/index.php\/2026\/03\/17\/vuelve-la-noche-de-los-museos-de-berazategui\/\" \/>\n<meta property=\"og:site_name\" content=\"Principios\" \/>\n<meta property=\"article:published_time\" content=\"2026-03-17T20:47:47+00:00\" \/>\n<meta property=\"article:modified_time\" content=\"2026-03-17T20:47:48+00:00\" \/>\n<meta property=\"og:image\" content=\"https:\/\/diarioprincipios.com\/wp-content\/uploads\/2026\/03\/Vuelve-la-Noche-de-los-Museos-de-Berazategui-3.jpg\" \/>\n\t<meta property=\"og:image:width\" content=\"1920\" \/>\n\t<meta property=\"og:image:height\" content=\"1280\" \/>\n\t<meta property=\"og:image:type\" content=\"image\/jpeg\" \/>\n<meta name=\"author\" content=\"Hern\u00e1n L\u00f3pez\" \/>\n<meta name=\"twitter:card\" content=\"summary_large_image\" \/>\n<meta name=\"twitter:label1\" content=\"Escrito por\" \/>\n\t<meta name=\"twitter:data1\" content=\"Hern\u00e1n L\u00f3pez\" \/>\n\t<meta name=\"twitter:label2\" content=\"Tiempo de lectura\" \/>\n\t<meta name=\"twitter:data2\" content=\"2 minutos\" \/>\n<script type=\"application\/ld+json\" class=\"yoast-schema-graph\">{\"@context\":\"https:\\\/\\\/schema.org\",\"@graph\":[{\"@type\":\"Article\",\"@id\":\"https:\\\/\\\/diarioprincipios.com\\\/index.php\\\/2026\\\/03\\\/17\\\/vuelve-la-noche-de-los-museos-de-berazategui\\\/#article\",\"isPartOf\":{\"@id\":\"https:\\\/\\\/diarioprincipios.com\\\/index.php\\\/2026\\\/03\\\/17\\\/vuelve-la-noche-de-los-museos-de-berazategui\\\/\"},\"author\":{\"name\":\"Hern\u00e1n L\u00f3pez\",\"@id\":\"https:\\\/\\\/diarioprincipios.com\\\/#\\\/schema\\\/person\\\/436d5a1fd41a5e250e23ff5a6a7cb080\"},\"headline\":\"Vuelve la Noche de los Museos de Berazategui\",\"datePublished\":\"2026-03-17T20:47:47+00:00\",\"dateModified\":\"2026-03-17T20:47:48+00:00\",\"mainEntityOfPage\":{\"@id\":\"https:\\\/\\\/diarioprincipios.com\\\/index.php\\\/2026\\\/03\\\/17\\\/vuelve-la-noche-de-los-museos-de-berazategui\\\/\"},\"wordCount\":227,\"commentCount\":0,\"publisher\":{\"@id\":\"https:\\\/\\\/diarioprincipios.com\\\/#organization\"},\"image\":{\"@id\":\"https:\\\/\\\/diarioprincipios.com\\\/index.php\\\/2026\\\/03\\\/17\\\/vuelve-la-noche-de-los-museos-de-berazategui\\\/#primaryimage\"},\"thumbnailUrl\":\"https:\\\/\\\/diarioprincipios.com\\\/wp-content\\\/uploads\\\/2026\\\/03\\\/Vuelve-la-Noche-de-los-Museos-de-Berazategui-3.jpg\",\"articleSection\":[\"Berazategui\",\"Cultura y Educaci\u00f3n\"],\"inLanguage\":\"es\",\"potentialAction\":[{\"@type\":\"CommentAction\",\"name\":\"Comment\",\"target\":[\"https:\\\/\\\/diarioprincipios.com\\\/index.php\\\/2026\\\/03\\\/17\\\/vuelve-la-noche-de-los-museos-de-berazategui\\\/#respond\"]}]},{\"@type\":\"WebPage\",\"@id\":\"https:\\\/\\\/diarioprincipios.com\\\/index.php\\\/2026\\\/03\\\/17\\\/vuelve-la-noche-de-los-museos-de-berazategui\\\/\",\"url\":\"https:\\\/\\\/diarioprincipios.com\\\/index.php\\\/2026\\\/03\\\/17\\\/vuelve-la-noche-de-los-museos-de-berazategui\\\/\",\"name\":\"Vuelve la Noche de los Museos de Berazategui - Principios\",\"isPartOf\":{\"@id\":\"https:\\\/\\\/diarioprincipios.com\\\/#website\"},\"primaryImageOfPage\":{\"@id\":\"https:\\\/\\\/diarioprincipios.com\\\/index.php\\\/2026\\\/03\\\/17\\\/vuelve-la-noche-de-los-museos-de-berazategui\\\/#primaryimage\"},\"image\":{\"@id\":\"https:\\\/\\\/diarioprincipios.com\\\/index.php\\\/2026\\\/03\\\/17\\\/vuelve-la-noche-de-los-museos-de-berazategui\\\/#primaryimage\"},\"thumbnailUrl\":\"https:\\\/\\\/diarioprincipios.com\\\/wp-content\\\/uploads\\\/2026\\\/03\\\/Vuelve-la-Noche-de-los-Museos-de-Berazategui-3.jpg\",\"datePublished\":\"2026-03-17T20:47:47+00:00\",\"dateModified\":\"2026-03-17T20:47:48+00:00\",\"breadcrumb\":{\"@id\":\"https:\\\/\\\/diarioprincipios.com\\\/index.php\\\/2026\\\/03\\\/17\\\/vuelve-la-noche-de-los-museos-de-berazategui\\\/#breadcrumb\"},\"inLanguage\":\"es\",\"potentialAction\":[{\"@type\":\"ReadAction\",\"target\":[\"https:\\\/\\\/diarioprincipios.com\\\/index.php\\\/2026\\\/03\\\/17\\\/vuelve-la-noche-de-los-museos-de-berazategui\\\/\"]}]},{\"@type\":\"ImageObject\",\"inLanguage\":\"es\",\"@id\":\"https:\\\/\\\/diarioprincipios.com\\\/index.php\\\/2026\\\/03\\\/17\\\/vuelve-la-noche-de-los-museos-de-berazategui\\\/#primaryimage\",\"url\":\"https:\\\/\\\/diarioprincipios.com\\\/wp-content\\\/uploads\\\/2026\\\/03\\\/Vuelve-la-Noche-de-los-Museos-de-Berazategui-3.jpg\",\"contentUrl\":\"https:\\\/\\\/diarioprincipios.com\\\/wp-content\\\/uploads\\\/2026\\\/03\\\/Vuelve-la-Noche-de-los-Museos-de-Berazategui-3.jpg\",\"width\":1920,\"height\":1280},{\"@type\":\"BreadcrumbList\",\"@id\":\"https:\\\/\\\/diarioprincipios.com\\\/index.php\\\/2026\\\/03\\\/17\\\/vuelve-la-noche-de-los-museos-de-berazategui\\\/#breadcrumb\",\"itemListElement\":[{\"@type\":\"ListItem\",\"position\":1,\"name\":\"Portada\",\"item\":\"https:\\\/\\\/diarioprincipios.com\\\/\"},{\"@type\":\"ListItem\",\"position\":2,\"name\":\"Vuelve la Noche de los Museos de Berazategui\"}]},{\"@type\":\"WebSite\",\"@id\":\"https:\\\/\\\/diarioprincipios.com\\\/#website\",\"url\":\"https:\\\/\\\/diarioprincipios.com\\\/\",\"name\":\"Principios\",\"description\":\"Principios Diario\",\"publisher\":{\"@id\":\"https:\\\/\\\/diarioprincipios.com\\\/#organization\"},\"potentialAction\":[{\"@type\":\"SearchAction\",\"target\":{\"@type\":\"EntryPoint\",\"urlTemplate\":\"https:\\\/\\\/diarioprincipios.com\\\/?s={search_term_string}\"},\"query-input\":{\"@type\":\"PropertyValueSpecification\",\"valueRequired\":true,\"valueName\":\"search_term_string\"}}],\"inLanguage\":\"es\"},{\"@type\":\"Organization\",\"@id\":\"https:\\\/\\\/diarioprincipios.com\\\/#organization\",\"name\":\"Principios\",\"url\":\"https:\\\/\\\/diarioprincipios.com\\\/\",\"logo\":{\"@type\":\"ImageObject\",\"inLanguage\":\"es\",\"@id\":\"https:\\\/\\\/diarioprincipios.com\\\/#\\\/schema\\\/logo\\\/image\\\/\",\"url\":\"https:\\\/\\\/diarioprincipios.com\\\/wp-content\\\/uploads\\\/2024\\\/04\\\/cropped-www.diarioprincipios.com_-1.png\",\"contentUrl\":\"https:\\\/\\\/diarioprincipios.com\\\/wp-content\\\/uploads\\\/2024\\\/04\\\/cropped-www.diarioprincipios.com_-1.png\",\"width\":5325,\"height\":1454,\"caption\":\"Principios\"},\"image\":{\"@id\":\"https:\\\/\\\/diarioprincipios.com\\\/#\\\/schema\\\/logo\\\/image\\\/\"}},{\"@type\":\"Person\",\"@id\":\"https:\\\/\\\/diarioprincipios.com\\\/#\\\/schema\\\/person\\\/436d5a1fd41a5e250e23ff5a6a7cb080\",\"name\":\"Hern\u00e1n L\u00f3pez\",\"image\":{\"@type\":\"ImageObject\",\"inLanguage\":\"es\",\"@id\":\"https:\\\/\\\/diarioprincipios.com\\\/wp-content\\\/litespeed\\\/avatar\\\/11ddfe5610ff3bd100522525b2571f48.jpg?ver=1777653193\",\"url\":\"https:\\\/\\\/diarioprincipios.com\\\/wp-content\\\/litespeed\\\/avatar\\\/11ddfe5610ff3bd100522525b2571f48.jpg?ver=1777653193\",\"contentUrl\":\"https:\\\/\\\/diarioprincipios.com\\\/wp-content\\\/litespeed\\\/avatar\\\/11ddfe5610ff3bd100522525b2571f48.jpg?ver=1777653193\",\"caption\":\"Hern\u00e1n L\u00f3pez\"},\"url\":\"https:\\\/\\\/diarioprincipios.com\\\/index.php\\\/author\\\/hernan\\\/\"}]}<\/script>\n<!-- \/ Yoast SEO plugin. -->","yoast_head_json":{"title":"Vuelve la Noche de los Museos de Berazategui - Principios","robots":{"index":"index","follow":"follow","max-snippet":"max-snippet:-1","max-image-preview":"max-image-preview:large","max-video-preview":"max-video-preview:-1"},"canonical":"https:\/\/diarioprincipios.com\/index.php\/2026\/03\/17\/vuelve-la-noche-de-los-museos-de-berazategui\/","og_locale":"es_ES","og_type":"article","og_title":"Vuelve la Noche de los Museos de Berazategui - Principios","og_description":"Este s\u00e1bado 21 de marzo, desde las 19.00, Berazategui volver\u00e1 a vivir una jornada especial con una nueva edici\u00f3n de La Noche de los Museos, denominada \u201cHabitar la Memoria\u201d. La iniciativa invita a los vecinos y vecinas a recorrer los espacios culturales municipales y disfrutar de muestras permanentes y temporales, visitas especiales, espect\u00e1culos en vivo,...","og_url":"https:\/\/diarioprincipios.com\/index.php\/2026\/03\/17\/vuelve-la-noche-de-los-museos-de-berazategui\/","og_site_name":"Principios","article_published_time":"2026-03-17T20:47:47+00:00","article_modified_time":"2026-03-17T20:47:48+00:00","og_image":[{"width":1920,"height":1280,"url":"https:\/\/diarioprincipios.com\/wp-content\/uploads\/2026\/03\/Vuelve-la-Noche-de-los-Museos-de-Berazategui-3.jpg","type":"image\/jpeg"}],"author":"Hern\u00e1n L\u00f3pez","twitter_card":"summary_large_image","twitter_misc":{"Escrito por":"Hern\u00e1n L\u00f3pez","Tiempo de lectura":"2 minutos"},"schema":{"@context":"https:\/\/schema.org","@graph":[{"@type":"Article","@id":"https:\/\/diarioprincipios.com\/index.php\/2026\/03\/17\/vuelve-la-noche-de-los-museos-de-berazategui\/#article","isPartOf":{"@id":"https:\/\/diarioprincipios.com\/index.php\/2026\/03\/17\/vuelve-la-noche-de-los-museos-de-berazategui\/"},"author":{"name":"Hern\u00e1n L\u00f3pez","@id":"https:\/\/diarioprincipios.com\/#\/schema\/person\/436d5a1fd41a5e250e23ff5a6a7cb080"},"headline":"Vuelve la Noche de los Museos de Berazategui","datePublished":"2026-03-17T20:47:47+00:00","dateModified":"2026-03-17T20:47:48+00:00","mainEntityOfPage":{"@id":"https:\/\/diarioprincipios.com\/index.php\/2026\/03\/17\/vuelve-la-noche-de-los-museos-de-berazategui\/"},"wordCount":227,"commentCount":0,"publisher":{"@id":"https:\/\/diarioprincipios.com\/#organization"},"image":{"@id":"https:\/\/diarioprincipios.com\/index.php\/2026\/03\/17\/vuelve-la-noche-de-los-museos-de-berazategui\/#primaryimage"},"thumbnailUrl":"https:\/\/diarioprincipios.com\/wp-content\/uploads\/2026\/03\/Vuelve-la-Noche-de-los-Museos-de-Berazategui-3.jpg","articleSection":["Berazategui","Cultura y Educaci\u00f3n"],"inLanguage":"es","potentialAction":[{"@type":"CommentAction","name":"Comment","target":["https:\/\/diarioprincipios.com\/index.php\/2026\/03\/17\/vuelve-la-noche-de-los-museos-de-berazategui\/#respond"]}]},{"@type":"WebPage","@id":"https:\/\/diarioprincipios.com\/index.php\/2026\/03\/17\/vuelve-la-noche-de-los-museos-de-berazategui\/","url":"https:\/\/diarioprincipios.com\/index.php\/2026\/03\/17\/vuelve-la-noche-de-los-museos-de-berazategui\/","name":"Vuelve la Noche de los Museos de Berazategui - Principios","isPartOf":{"@id":"https:\/\/diarioprincipios.com\/#website"},"primaryImageOfPage":{"@id":"https:\/\/diarioprincipios.com\/index.php\/2026\/03\/17\/vuelve-la-noche-de-los-museos-de-berazategui\/#primaryimage"},"image":{"@id":"https:\/\/diarioprincipios.com\/index.php\/2026\/03\/17\/vuelve-la-noche-de-los-museos-de-berazategui\/#primaryimage"},"thumbnailUrl":"https:\/\/diarioprincipios.com\/wp-content\/uploads\/2026\/03\/Vuelve-la-Noche-de-los-Museos-de-Berazategui-3.jpg","datePublished":"2026-03-17T20:47:47+00:00","dateModified":"2026-03-17T20:47:48+00:00","breadcrumb":{"@id":"https:\/\/diarioprincipios.com\/index.php\/2026\/03\/17\/vuelve-la-noche-de-los-museos-de-berazategui\/#breadcrumb"},"inLanguage":"es","potentialAction":[{"@type":"ReadAction","target":["https:\/\/diarioprincipios.com\/index.php\/2026\/03\/17\/vuelve-la-noche-de-los-museos-de-berazategui\/"]}]},{"@type":"ImageObject","inLanguage":"es","@id":"https:\/\/diarioprincipios.com\/index.php\/2026\/03\/17\/vuelve-la-noche-de-los-museos-de-berazategui\/#primaryimage","url":"https:\/\/diarioprincipios.com\/wp-content\/uploads\/2026\/03\/Vuelve-la-Noche-de-los-Museos-de-Berazategui-3.jpg","contentUrl":"https:\/\/diarioprincipios.com\/wp-content\/uploads\/2026\/03\/Vuelve-la-Noche-de-los-Museos-de-Berazategui-3.jpg","width":1920,"height":1280},{"@type":"BreadcrumbList","@id":"https:\/\/diarioprincipios.com\/index.php\/2026\/03\/17\/vuelve-la-noche-de-los-museos-de-berazategui\/#breadcrumb","itemListElement":[{"@type":"ListItem","position":1,"name":"Portada","item":"https:\/\/diarioprincipios.com\/"},{"@type":"ListItem","position":2,"name":"Vuelve la Noche de los Museos de Berazategui"}]},{"@type":"WebSite","@id":"https:\/\/diarioprincipios.com\/#website","url":"https:\/\/diarioprincipios.com\/","name":"Principios","description":"Principios Diario","publisher":{"@id":"https:\/\/diarioprincipios.com\/#organization"},"potentialAction":[{"@type":"SearchAction","target":{"@type":"EntryPoint","urlTemplate":"https:\/\/diarioprincipios.com\/?s={search_term_string}"},"query-input":{"@type":"PropertyValueSpecification","valueRequired":true,"valueName":"search_term_string"}}],"inLanguage":"es"},{"@type":"Organization","@id":"https:\/\/diarioprincipios.com\/#organization","name":"Principios","url":"https:\/\/diarioprincipios.com\/","logo":{"@type":"ImageObject","inLanguage":"es","@id":"https:\/\/diarioprincipios.com\/#\/schema\/logo\/image\/","url":"https:\/\/diarioprincipios.com\/wp-content\/uploads\/2024\/04\/cropped-www.diarioprincipios.com_-1.png","contentUrl":"https:\/\/diarioprincipios.com\/wp-content\/uploads\/2024\/04\/cropped-www.diarioprincipios.com_-1.png","width":5325,"height":1454,"caption":"Principios"},"image":{"@id":"https:\/\/diarioprincipios.com\/#\/schema\/logo\/image\/"}},{"@type":"Person","@id":"https:\/\/diarioprincipios.com\/#\/schema\/person\/436d5a1fd41a5e250e23ff5a6a7cb080","name":"Hern\u00e1n L\u00f3pez","image":{"@type":"ImageObject","inLanguage":"es","@id":"https:\/\/diarioprincipios.com\/wp-content\/litespeed\/avatar\/11ddfe5610ff3bd100522525b2571f48.jpg?ver=1777653193","url":"https:\/\/diarioprincipios.com\/wp-content\/litespeed\/avatar\/11ddfe5610ff3bd100522525b2571f48.jpg?ver=1777653193","contentUrl":"https:\/\/diarioprincipios.com\/wp-content\/litespeed\/avatar\/11ddfe5610ff3bd100522525b2571f48.jpg?ver=1777653193","caption":"Hern\u00e1n L\u00f3pez"},"url":"https:\/\/diarioprincipios.com\/index.php\/author\/hernan\/"}]}},"jetpack_featured_media_url":"https:\/\/diarioprincipios.com\/wp-content\/uploads\/2026\/03\/Vuelve-la-Noche-de-los-Museos-de-Berazategui-3.jpg","_links":{"self":[{"href":"https:\/\/diarioprincipios.com\/index.php\/wp-json\/wp\/v2\/posts\/26827","targetHints":{"allow":["GET"]}}],"collection":[{"href":"https:\/\/diarioprincipios.com\/index.php\/wp-json\/wp\/v2\/posts"}],"about":[{"href":"https:\/\/diarioprincipios.com\/index.php\/wp-json\/wp\/v2\/types\/post"}],"author":[{"embeddable":true,"href":"https:\/\/diarioprincipios.com\/index.php\/wp-json\/wp\/v2\/users\/2"}],"replies":[{"embeddable":true,"href":"https:\/\/diarioprincipios.com\/index.php\/wp-json\/wp\/v2\/comments?post=26827"}],"version-history":[{"count":1,"href":"https:\/\/diarioprincipios.com\/index.php\/wp-json\/wp\/v2\/posts\/26827\/revisions"}],"predecessor-version":[{"id":26830,"href":"https:\/\/diarioprincipios.com\/index.php\/wp-json\/wp\/v2\/posts\/26827\/revisions\/26830"}],"wp:featuredmedia":[{"embeddable":true,"href":"https:\/\/diarioprincipios.com\/index.php\/wp-json\/wp\/v2\/media\/26829"}],"wp:attachment":[{"href":"https:\/\/diarioprincipios.com\/index.php\/wp-json\/wp\/v2\/media?parent=26827"}],"wp:term":[{"taxonomy":"category","embeddable":true,"href":"https:\/\/diarioprincipios.com\/index.php\/wp-json\/wp\/v2\/categories?post=26827"},{"taxonomy":"post_tag","embeddable":true,"href":"https:\/\/diarioprincipios.com\/index.php\/wp-json\/wp\/v2\/tags?post=26827"}],"curies":[{"name":"wp","href":"https:\/\/api.w.org\/{rel}","templated":true}]}}