{"id":26819,"date":"2026-03-17T13:51:03","date_gmt":"2026-03-17T16:51:03","guid":{"rendered":"https:\/\/diarioprincipios.com\/?p=26819"},"modified":"2026-03-17T13:51:04","modified_gmt":"2026-03-17T16:51:04","slug":"personas-mayores-de-berazategui-se-preparan-para-los-juegos-bonaerenses","status":"publish","type":"post","link":"https:\/\/diarioprincipios.com\/index.php\/2026\/03\/17\/personas-mayores-de-berazategui-se-preparan-para-los-juegos-bonaerenses\/","title":{"rendered":"Personas mayores de Berazategui se preparan para los Juegos Bonaerenses"},"content":{"rendered":"\n<p>La Municipalidad de Berazategui realiza \u201cEl deporte nos une, la pasi\u00f3n no envejece\u201d, una serie de encuentros deportivos dirigidos a personas mayores que deseen representar al distrito en la pr\u00f3xima edici\u00f3n de los Juegos Bonaerenses. La cita es todos los s\u00e1bados, en el Complejo Municipal Los Privilegiados, de 10.00 a 14.00.<\/p>\n\n\n\n<p>Al respecto, la secretaria de Desarrollo Social, Recreaci\u00f3n, Turismo y Deportes, Mar\u00eda Laura Lacava, se\u00f1al\u00f3: \u201c\u00c9sta es una propuesta que impulsa el disfrute por el deporte; es un camino hacia los Juegos Bonaerenses. Todos los que quisieron venir disfrutaron del tejo, el burako, la taba, newcom, chinch\u00f3n, truco, tenis de mesa, baile, entre otras disciplinas. Queremos que muchos se inscriban en los Juegos, una pol\u00edtica p\u00fablica que lleva adelante el Gobierno de la Provincia desde hace a\u00f1os, y que excede lo deportivo\u201d. Y agreg\u00f3: \u201cEn Berazategui, por pedido del intendente Carlos Balor, acompa\u00f1amos a nuestros mayores continuando ese maravilloso legado del Dr. Juan Jos\u00e9 Mussi, quien siempre dec\u00eda \u2018Viejos son los trapos\u2019\u201d.<\/p>\n\n\n\n<figure class=\"wp-block-image size-large\"><img loading=\"lazy\" decoding=\"async\" width=\"1024\" height=\"704\" src=\"https:\/\/diarioprincipios.com\/wp-content\/uploads\/2026\/03\/Personas-mayores-de-Berazategui-se-preparan-para-los-Juegos-Bonaerenses-1-1024x704.jpg\" alt=\"\" class=\"wp-image-26820\" srcset=\"https:\/\/diarioprincipios.com\/wp-content\/uploads\/2026\/03\/Personas-mayores-de-Berazategui-se-preparan-para-los-Juegos-Bonaerenses-1-1024x704.jpg 1024w, https:\/\/diarioprincipios.com\/wp-content\/uploads\/2026\/03\/Personas-mayores-de-Berazategui-se-preparan-para-los-Juegos-Bonaerenses-1-300x206.jpg 300w, https:\/\/diarioprincipios.com\/wp-content\/uploads\/2026\/03\/Personas-mayores-de-Berazategui-se-preparan-para-los-Juegos-Bonaerenses-1-768x528.jpg 768w, https:\/\/diarioprincipios.com\/wp-content\/uploads\/2026\/03\/Personas-mayores-de-Berazategui-se-preparan-para-los-Juegos-Bonaerenses-1-1536x1056.jpg 1536w, https:\/\/diarioprincipios.com\/wp-content\/uploads\/2026\/03\/Personas-mayores-de-Berazategui-se-preparan-para-los-Juegos-Bonaerenses-1.jpg 1920w\" sizes=\"auto, (max-width: 1024px) 100vw, 1024px\" \/><\/figure>\n\n\n\n<p>Por su parte, Gladys Salazar expres\u00f3: \u201cEstuve jugando al chinch\u00f3n con un grupo de personas muy lindo que conoc\u00ed ac\u00e1. Agradezco porque esta actividad es maravillosa y en un lugar hermoso como Los Privilegiados. Los invito a que se sumen\u201d.<\/p>\n\n\n\n<p>De esta manera, \u201cEl deporte nos une, la pasi\u00f3n no envejece\u201d -iniciativa de la Secretar\u00eda de Desarrollo Social, Recreaci\u00f3n, Turismo y Deportes- fomenta la participaci\u00f3n activa y el bienestar de las personas mayores, a trav\u00e9s del deporte. Uno de los objetivos de la propuesta es que los interesados conozcan las distintas disciplinas que ofrecen los Juegos Bonaerenses y se inscriban en ellas para representar a Berazategui.<\/p>\n","protected":false},"excerpt":{"rendered":"<p>La Municipalidad de Berazategui realiza \u201cEl deporte nos une, la pasi\u00f3n no envejece\u201d, una serie de encuentros deportivos dirigidos a personas mayores que deseen representar al distrito en la pr\u00f3xima edici\u00f3n de los Juegos Bonaerenses. La cita es todos los s\u00e1bados, en el Complejo Municipal Los Privilegiados, de 10.00 a 14.00. Al respecto, la secretaria&#8230;<\/p>\n","protected":false},"author":2,"featured_media":26821,"comment_status":"open","ping_status":"open","sticky":false,"template":"","format":"standard","meta":{"footnotes":""},"categories":[3],"tags":[],"class_list":["post-26819","post","type-post","status-publish","format-standard","has-post-thumbnail","hentry","category-berazategui"],"featured_image_src":"https:\/\/diarioprincipios.com\/wp-content\/uploads\/2026\/03\/Personas-mayores-de-Berazategui-se-preparan-para-los-Juegos-Bonaerenses-2-1024x683.jpg","blog_images":{"medium":"https:\/\/diarioprincipios.com\/wp-content\/uploads\/2026\/03\/Personas-mayores-de-Berazategui-se-preparan-para-los-Juegos-Bonaerenses-2-300x200.jpg","large":"https:\/\/diarioprincipios.com\/wp-content\/uploads\/2026\/03\/Personas-mayores-de-Berazategui-se-preparan-para-los-Juegos-Bonaerenses-2-1024x683.jpg"},"ams_acf":[],"yoast_head":"<!-- This site is optimized with the Yoast SEO plugin v27.3 - https:\/\/yoast.com\/product\/yoast-seo-wordpress\/ -->\n<title>Personas mayores de Berazategui se preparan para los Juegos Bonaerenses - Principios<\/title>\n<meta name=\"robots\" content=\"index, follow, max-snippet:-1, max-image-preview:large, max-video-preview:-1\" \/>\n<link rel=\"canonical\" href=\"https:\/\/diarioprincipios.com\/index.php\/2026\/03\/17\/personas-mayores-de-berazategui-se-preparan-para-los-juegos-bonaerenses\/\" \/>\n<meta property=\"og:locale\" content=\"es_ES\" \/>\n<meta property=\"og:type\" content=\"article\" \/>\n<meta property=\"og:title\" content=\"Personas mayores de Berazategui se preparan para los Juegos Bonaerenses - Principios\" \/>\n<meta property=\"og:description\" content=\"La Municipalidad de Berazategui realiza \u201cEl deporte nos une, la pasi\u00f3n no envejece\u201d, una serie de encuentros deportivos dirigidos a personas mayores que deseen representar al distrito en la pr\u00f3xima edici\u00f3n de los Juegos Bonaerenses. La cita es todos los s\u00e1bados, en el Complejo Municipal Los Privilegiados, de 10.00 a 14.00. Al respecto, la secretaria...\" \/>\n<meta property=\"og:url\" content=\"https:\/\/diarioprincipios.com\/index.php\/2026\/03\/17\/personas-mayores-de-berazategui-se-preparan-para-los-juegos-bonaerenses\/\" \/>\n<meta property=\"og:site_name\" content=\"Principios\" \/>\n<meta property=\"article:published_time\" content=\"2026-03-17T16:51:03+00:00\" \/>\n<meta property=\"article:modified_time\" content=\"2026-03-17T16:51:04+00:00\" \/>\n<meta property=\"og:image\" content=\"https:\/\/diarioprincipios.com\/wp-content\/uploads\/2026\/03\/Personas-mayores-de-Berazategui-se-preparan-para-los-Juegos-Bonaerenses-2.jpg\" \/>\n\t<meta property=\"og:image:width\" content=\"1920\" \/>\n\t<meta property=\"og:image:height\" content=\"1280\" \/>\n\t<meta property=\"og:image:type\" content=\"image\/jpeg\" \/>\n<meta name=\"author\" content=\"Hern\u00e1n L\u00f3pez\" \/>\n<meta name=\"twitter:card\" content=\"summary_large_image\" \/>\n<meta name=\"twitter:label1\" content=\"Escrito por\" \/>\n\t<meta name=\"twitter:data1\" content=\"Hern\u00e1n L\u00f3pez\" \/>\n\t<meta name=\"twitter:label2\" content=\"Tiempo de lectura\" \/>\n\t<meta name=\"twitter:data2\" content=\"2 minutos\" \/>\n<script type=\"application\/ld+json\" class=\"yoast-schema-graph\">{\"@context\":\"https:\\\/\\\/schema.org\",\"@graph\":[{\"@type\":\"Article\",\"@id\":\"https:\\\/\\\/diarioprincipios.com\\\/index.php\\\/2026\\\/03\\\/17\\\/personas-mayores-de-berazategui-se-preparan-para-los-juegos-bonaerenses\\\/#article\",\"isPartOf\":{\"@id\":\"https:\\\/\\\/diarioprincipios.com\\\/index.php\\\/2026\\\/03\\\/17\\\/personas-mayores-de-berazategui-se-preparan-para-los-juegos-bonaerenses\\\/\"},\"author\":{\"name\":\"Hern\u00e1n L\u00f3pez\",\"@id\":\"https:\\\/\\\/diarioprincipios.com\\\/#\\\/schema\\\/person\\\/436d5a1fd41a5e250e23ff5a6a7cb080\"},\"headline\":\"Personas mayores de Berazategui se preparan para los Juegos Bonaerenses\",\"datePublished\":\"2026-03-17T16:51:03+00:00\",\"dateModified\":\"2026-03-17T16:51:04+00:00\",\"mainEntityOfPage\":{\"@id\":\"https:\\\/\\\/diarioprincipios.com\\\/index.php\\\/2026\\\/03\\\/17\\\/personas-mayores-de-berazategui-se-preparan-para-los-juegos-bonaerenses\\\/\"},\"wordCount\":296,\"commentCount\":0,\"publisher\":{\"@id\":\"https:\\\/\\\/diarioprincipios.com\\\/#organization\"},\"image\":{\"@id\":\"https:\\\/\\\/diarioprincipios.com\\\/index.php\\\/2026\\\/03\\\/17\\\/personas-mayores-de-berazategui-se-preparan-para-los-juegos-bonaerenses\\\/#primaryimage\"},\"thumbnailUrl\":\"https:\\\/\\\/diarioprincipios.com\\\/wp-content\\\/uploads\\\/2026\\\/03\\\/Personas-mayores-de-Berazategui-se-preparan-para-los-Juegos-Bonaerenses-2.jpg\",\"articleSection\":[\"Berazategui\"],\"inLanguage\":\"es\",\"potentialAction\":[{\"@type\":\"CommentAction\",\"name\":\"Comment\",\"target\":[\"https:\\\/\\\/diarioprincipios.com\\\/index.php\\\/2026\\\/03\\\/17\\\/personas-mayores-de-berazategui-se-preparan-para-los-juegos-bonaerenses\\\/#respond\"]}]},{\"@type\":\"WebPage\",\"@id\":\"https:\\\/\\\/diarioprincipios.com\\\/index.php\\\/2026\\\/03\\\/17\\\/personas-mayores-de-berazategui-se-preparan-para-los-juegos-bonaerenses\\\/\",\"url\":\"https:\\\/\\\/diarioprincipios.com\\\/index.php\\\/2026\\\/03\\\/17\\\/personas-mayores-de-berazategui-se-preparan-para-los-juegos-bonaerenses\\\/\",\"name\":\"Personas mayores de Berazategui se preparan para los Juegos Bonaerenses - Principios\",\"isPartOf\":{\"@id\":\"https:\\\/\\\/diarioprincipios.com\\\/#website\"},\"primaryImageOfPage\":{\"@id\":\"https:\\\/\\\/diarioprincipios.com\\\/index.php\\\/2026\\\/03\\\/17\\\/personas-mayores-de-berazategui-se-preparan-para-los-juegos-bonaerenses\\\/#primaryimage\"},\"image\":{\"@id\":\"https:\\\/\\\/diarioprincipios.com\\\/index.php\\\/2026\\\/03\\\/17\\\/personas-mayores-de-berazategui-se-preparan-para-los-juegos-bonaerenses\\\/#primaryimage\"},\"thumbnailUrl\":\"https:\\\/\\\/diarioprincipios.com\\\/wp-content\\\/uploads\\\/2026\\\/03\\\/Personas-mayores-de-Berazategui-se-preparan-para-los-Juegos-Bonaerenses-2.jpg\",\"datePublished\":\"2026-03-17T16:51:03+00:00\",\"dateModified\":\"2026-03-17T16:51:04+00:00\",\"breadcrumb\":{\"@id\":\"https:\\\/\\\/diarioprincipios.com\\\/index.php\\\/2026\\\/03\\\/17\\\/personas-mayores-de-berazategui-se-preparan-para-los-juegos-bonaerenses\\\/#breadcrumb\"},\"inLanguage\":\"es\",\"potentialAction\":[{\"@type\":\"ReadAction\",\"target\":[\"https:\\\/\\\/diarioprincipios.com\\\/index.php\\\/2026\\\/03\\\/17\\\/personas-mayores-de-berazategui-se-preparan-para-los-juegos-bonaerenses\\\/\"]}]},{\"@type\":\"ImageObject\",\"inLanguage\":\"es\",\"@id\":\"https:\\\/\\\/diarioprincipios.com\\\/index.php\\\/2026\\\/03\\\/17\\\/personas-mayores-de-berazategui-se-preparan-para-los-juegos-bonaerenses\\\/#primaryimage\",\"url\":\"https:\\\/\\\/diarioprincipios.com\\\/wp-content\\\/uploads\\\/2026\\\/03\\\/Personas-mayores-de-Berazategui-se-preparan-para-los-Juegos-Bonaerenses-2.jpg\",\"contentUrl\":\"https:\\\/\\\/diarioprincipios.com\\\/wp-content\\\/uploads\\\/2026\\\/03\\\/Personas-mayores-de-Berazategui-se-preparan-para-los-Juegos-Bonaerenses-2.jpg\",\"width\":1920,\"height\":1280},{\"@type\":\"BreadcrumbList\",\"@id\":\"https:\\\/\\\/diarioprincipios.com\\\/index.php\\\/2026\\\/03\\\/17\\\/personas-mayores-de-berazategui-se-preparan-para-los-juegos-bonaerenses\\\/#breadcrumb\",\"itemListElement\":[{\"@type\":\"ListItem\",\"position\":1,\"name\":\"Portada\",\"item\":\"https:\\\/\\\/diarioprincipios.com\\\/\"},{\"@type\":\"ListItem\",\"position\":2,\"name\":\"Personas mayores de Berazategui se preparan para los Juegos Bonaerenses\"}]},{\"@type\":\"WebSite\",\"@id\":\"https:\\\/\\\/diarioprincipios.com\\\/#website\",\"url\":\"https:\\\/\\\/diarioprincipios.com\\\/\",\"name\":\"Principios\",\"description\":\"Principios Diario\",\"publisher\":{\"@id\":\"https:\\\/\\\/diarioprincipios.com\\\/#organization\"},\"potentialAction\":[{\"@type\":\"SearchAction\",\"target\":{\"@type\":\"EntryPoint\",\"urlTemplate\":\"https:\\\/\\\/diarioprincipios.com\\\/?s={search_term_string}\"},\"query-input\":{\"@type\":\"PropertyValueSpecification\",\"valueRequired\":true,\"valueName\":\"search_term_string\"}}],\"inLanguage\":\"es\"},{\"@type\":\"Organization\",\"@id\":\"https:\\\/\\\/diarioprincipios.com\\\/#organization\",\"name\":\"Principios\",\"url\":\"https:\\\/\\\/diarioprincipios.com\\\/\",\"logo\":{\"@type\":\"ImageObject\",\"inLanguage\":\"es\",\"@id\":\"https:\\\/\\\/diarioprincipios.com\\\/#\\\/schema\\\/logo\\\/image\\\/\",\"url\":\"https:\\\/\\\/diarioprincipios.com\\\/wp-content\\\/uploads\\\/2024\\\/04\\\/cropped-www.diarioprincipios.com_-1.png\",\"contentUrl\":\"https:\\\/\\\/diarioprincipios.com\\\/wp-content\\\/uploads\\\/2024\\\/04\\\/cropped-www.diarioprincipios.com_-1.png\",\"width\":5325,\"height\":1454,\"caption\":\"Principios\"},\"image\":{\"@id\":\"https:\\\/\\\/diarioprincipios.com\\\/#\\\/schema\\\/logo\\\/image\\\/\"}},{\"@type\":\"Person\",\"@id\":\"https:\\\/\\\/diarioprincipios.com\\\/#\\\/schema\\\/person\\\/436d5a1fd41a5e250e23ff5a6a7cb080\",\"name\":\"Hern\u00e1n L\u00f3pez\",\"image\":{\"@type\":\"ImageObject\",\"inLanguage\":\"es\",\"@id\":\"https:\\\/\\\/diarioprincipios.com\\\/wp-content\\\/litespeed\\\/avatar\\\/11ddfe5610ff3bd100522525b2571f48.jpg?ver=1777653193\",\"url\":\"https:\\\/\\\/diarioprincipios.com\\\/wp-content\\\/litespeed\\\/avatar\\\/11ddfe5610ff3bd100522525b2571f48.jpg?ver=1777653193\",\"contentUrl\":\"https:\\\/\\\/diarioprincipios.com\\\/wp-content\\\/litespeed\\\/avatar\\\/11ddfe5610ff3bd100522525b2571f48.jpg?ver=1777653193\",\"caption\":\"Hern\u00e1n L\u00f3pez\"},\"url\":\"https:\\\/\\\/diarioprincipios.com\\\/index.php\\\/author\\\/hernan\\\/\"}]}<\/script>\n<!-- \/ Yoast SEO plugin. -->","yoast_head_json":{"title":"Personas mayores de Berazategui se preparan para los Juegos Bonaerenses - Principios","robots":{"index":"index","follow":"follow","max-snippet":"max-snippet:-1","max-image-preview":"max-image-preview:large","max-video-preview":"max-video-preview:-1"},"canonical":"https:\/\/diarioprincipios.com\/index.php\/2026\/03\/17\/personas-mayores-de-berazategui-se-preparan-para-los-juegos-bonaerenses\/","og_locale":"es_ES","og_type":"article","og_title":"Personas mayores de Berazategui se preparan para los Juegos Bonaerenses - Principios","og_description":"La Municipalidad de Berazategui realiza \u201cEl deporte nos une, la pasi\u00f3n no envejece\u201d, una serie de encuentros deportivos dirigidos a personas mayores que deseen representar al distrito en la pr\u00f3xima edici\u00f3n de los Juegos Bonaerenses. La cita es todos los s\u00e1bados, en el Complejo Municipal Los Privilegiados, de 10.00 a 14.00. Al respecto, la secretaria...","og_url":"https:\/\/diarioprincipios.com\/index.php\/2026\/03\/17\/personas-mayores-de-berazategui-se-preparan-para-los-juegos-bonaerenses\/","og_site_name":"Principios","article_published_time":"2026-03-17T16:51:03+00:00","article_modified_time":"2026-03-17T16:51:04+00:00","og_image":[{"width":1920,"height":1280,"url":"https:\/\/diarioprincipios.com\/wp-content\/uploads\/2026\/03\/Personas-mayores-de-Berazategui-se-preparan-para-los-Juegos-Bonaerenses-2.jpg","type":"image\/jpeg"}],"author":"Hern\u00e1n L\u00f3pez","twitter_card":"summary_large_image","twitter_misc":{"Escrito por":"Hern\u00e1n L\u00f3pez","Tiempo de lectura":"2 minutos"},"schema":{"@context":"https:\/\/schema.org","@graph":[{"@type":"Article","@id":"https:\/\/diarioprincipios.com\/index.php\/2026\/03\/17\/personas-mayores-de-berazategui-se-preparan-para-los-juegos-bonaerenses\/#article","isPartOf":{"@id":"https:\/\/diarioprincipios.com\/index.php\/2026\/03\/17\/personas-mayores-de-berazategui-se-preparan-para-los-juegos-bonaerenses\/"},"author":{"name":"Hern\u00e1n L\u00f3pez","@id":"https:\/\/diarioprincipios.com\/#\/schema\/person\/436d5a1fd41a5e250e23ff5a6a7cb080"},"headline":"Personas mayores de Berazategui se preparan para los Juegos Bonaerenses","datePublished":"2026-03-17T16:51:03+00:00","dateModified":"2026-03-17T16:51:04+00:00","mainEntityOfPage":{"@id":"https:\/\/diarioprincipios.com\/index.php\/2026\/03\/17\/personas-mayores-de-berazategui-se-preparan-para-los-juegos-bonaerenses\/"},"wordCount":296,"commentCount":0,"publisher":{"@id":"https:\/\/diarioprincipios.com\/#organization"},"image":{"@id":"https:\/\/diarioprincipios.com\/index.php\/2026\/03\/17\/personas-mayores-de-berazategui-se-preparan-para-los-juegos-bonaerenses\/#primaryimage"},"thumbnailUrl":"https:\/\/diarioprincipios.com\/wp-content\/uploads\/2026\/03\/Personas-mayores-de-Berazategui-se-preparan-para-los-Juegos-Bonaerenses-2.jpg","articleSection":["Berazategui"],"inLanguage":"es","potentialAction":[{"@type":"CommentAction","name":"Comment","target":["https:\/\/diarioprincipios.com\/index.php\/2026\/03\/17\/personas-mayores-de-berazategui-se-preparan-para-los-juegos-bonaerenses\/#respond"]}]},{"@type":"WebPage","@id":"https:\/\/diarioprincipios.com\/index.php\/2026\/03\/17\/personas-mayores-de-berazategui-se-preparan-para-los-juegos-bonaerenses\/","url":"https:\/\/diarioprincipios.com\/index.php\/2026\/03\/17\/personas-mayores-de-berazategui-se-preparan-para-los-juegos-bonaerenses\/","name":"Personas mayores de Berazategui se preparan para los Juegos Bonaerenses - Principios","isPartOf":{"@id":"https:\/\/diarioprincipios.com\/#website"},"primaryImageOfPage":{"@id":"https:\/\/diarioprincipios.com\/index.php\/2026\/03\/17\/personas-mayores-de-berazategui-se-preparan-para-los-juegos-bonaerenses\/#primaryimage"},"image":{"@id":"https:\/\/diarioprincipios.com\/index.php\/2026\/03\/17\/personas-mayores-de-berazategui-se-preparan-para-los-juegos-bonaerenses\/#primaryimage"},"thumbnailUrl":"https:\/\/diarioprincipios.com\/wp-content\/uploads\/2026\/03\/Personas-mayores-de-Berazategui-se-preparan-para-los-Juegos-Bonaerenses-2.jpg","datePublished":"2026-03-17T16:51:03+00:00","dateModified":"2026-03-17T16:51:04+00:00","breadcrumb":{"@id":"https:\/\/diarioprincipios.com\/index.php\/2026\/03\/17\/personas-mayores-de-berazategui-se-preparan-para-los-juegos-bonaerenses\/#breadcrumb"},"inLanguage":"es","potentialAction":[{"@type":"ReadAction","target":["https:\/\/diarioprincipios.com\/index.php\/2026\/03\/17\/personas-mayores-de-berazategui-se-preparan-para-los-juegos-bonaerenses\/"]}]},{"@type":"ImageObject","inLanguage":"es","@id":"https:\/\/diarioprincipios.com\/index.php\/2026\/03\/17\/personas-mayores-de-berazategui-se-preparan-para-los-juegos-bonaerenses\/#primaryimage","url":"https:\/\/diarioprincipios.com\/wp-content\/uploads\/2026\/03\/Personas-mayores-de-Berazategui-se-preparan-para-los-Juegos-Bonaerenses-2.jpg","contentUrl":"https:\/\/diarioprincipios.com\/wp-content\/uploads\/2026\/03\/Personas-mayores-de-Berazategui-se-preparan-para-los-Juegos-Bonaerenses-2.jpg","width":1920,"height":1280},{"@type":"BreadcrumbList","@id":"https:\/\/diarioprincipios.com\/index.php\/2026\/03\/17\/personas-mayores-de-berazategui-se-preparan-para-los-juegos-bonaerenses\/#breadcrumb","itemListElement":[{"@type":"ListItem","position":1,"name":"Portada","item":"https:\/\/diarioprincipios.com\/"},{"@type":"ListItem","position":2,"name":"Personas mayores de Berazategui se preparan para los Juegos Bonaerenses"}]},{"@type":"WebSite","@id":"https:\/\/diarioprincipios.com\/#website","url":"https:\/\/diarioprincipios.com\/","name":"Principios","description":"Principios Diario","publisher":{"@id":"https:\/\/diarioprincipios.com\/#organization"},"potentialAction":[{"@type":"SearchAction","target":{"@type":"EntryPoint","urlTemplate":"https:\/\/diarioprincipios.com\/?s={search_term_string}"},"query-input":{"@type":"PropertyValueSpecification","valueRequired":true,"valueName":"search_term_string"}}],"inLanguage":"es"},{"@type":"Organization","@id":"https:\/\/diarioprincipios.com\/#organization","name":"Principios","url":"https:\/\/diarioprincipios.com\/","logo":{"@type":"ImageObject","inLanguage":"es","@id":"https:\/\/diarioprincipios.com\/#\/schema\/logo\/image\/","url":"https:\/\/diarioprincipios.com\/wp-content\/uploads\/2024\/04\/cropped-www.diarioprincipios.com_-1.png","contentUrl":"https:\/\/diarioprincipios.com\/wp-content\/uploads\/2024\/04\/cropped-www.diarioprincipios.com_-1.png","width":5325,"height":1454,"caption":"Principios"},"image":{"@id":"https:\/\/diarioprincipios.com\/#\/schema\/logo\/image\/"}},{"@type":"Person","@id":"https:\/\/diarioprincipios.com\/#\/schema\/person\/436d5a1fd41a5e250e23ff5a6a7cb080","name":"Hern\u00e1n L\u00f3pez","image":{"@type":"ImageObject","inLanguage":"es","@id":"https:\/\/diarioprincipios.com\/wp-content\/litespeed\/avatar\/11ddfe5610ff3bd100522525b2571f48.jpg?ver=1777653193","url":"https:\/\/diarioprincipios.com\/wp-content\/litespeed\/avatar\/11ddfe5610ff3bd100522525b2571f48.jpg?ver=1777653193","contentUrl":"https:\/\/diarioprincipios.com\/wp-content\/litespeed\/avatar\/11ddfe5610ff3bd100522525b2571f48.jpg?ver=1777653193","caption":"Hern\u00e1n L\u00f3pez"},"url":"https:\/\/diarioprincipios.com\/index.php\/author\/hernan\/"}]}},"jetpack_featured_media_url":"https:\/\/diarioprincipios.com\/wp-content\/uploads\/2026\/03\/Personas-mayores-de-Berazategui-se-preparan-para-los-Juegos-Bonaerenses-2.jpg","_links":{"self":[{"href":"https:\/\/diarioprincipios.com\/index.php\/wp-json\/wp\/v2\/posts\/26819","targetHints":{"allow":["GET"]}}],"collection":[{"href":"https:\/\/diarioprincipios.com\/index.php\/wp-json\/wp\/v2\/posts"}],"about":[{"href":"https:\/\/diarioprincipios.com\/index.php\/wp-json\/wp\/v2\/types\/post"}],"author":[{"embeddable":true,"href":"https:\/\/diarioprincipios.com\/index.php\/wp-json\/wp\/v2\/users\/2"}],"replies":[{"embeddable":true,"href":"https:\/\/diarioprincipios.com\/index.php\/wp-json\/wp\/v2\/comments?post=26819"}],"version-history":[{"count":1,"href":"https:\/\/diarioprincipios.com\/index.php\/wp-json\/wp\/v2\/posts\/26819\/revisions"}],"predecessor-version":[{"id":26822,"href":"https:\/\/diarioprincipios.com\/index.php\/wp-json\/wp\/v2\/posts\/26819\/revisions\/26822"}],"wp:featuredmedia":[{"embeddable":true,"href":"https:\/\/diarioprincipios.com\/index.php\/wp-json\/wp\/v2\/media\/26821"}],"wp:attachment":[{"href":"https:\/\/diarioprincipios.com\/index.php\/wp-json\/wp\/v2\/media?parent=26819"}],"wp:term":[{"taxonomy":"category","embeddable":true,"href":"https:\/\/diarioprincipios.com\/index.php\/wp-json\/wp\/v2\/categories?post=26819"},{"taxonomy":"post_tag","embeddable":true,"href":"https:\/\/diarioprincipios.com\/index.php\/wp-json\/wp\/v2\/tags?post=26819"}],"curies":[{"name":"wp","href":"https:\/\/api.w.org\/{rel}","templated":true}]}}