{"id":26806,"date":"2026-03-16T14:56:19","date_gmt":"2026-03-16T17:56:19","guid":{"rendered":"https:\/\/diarioprincipios.com\/?p=26806"},"modified":"2026-03-16T14:56:19","modified_gmt":"2026-03-16T17:56:19","slug":"balor-acompano-al-sindicato-de-la-alimentacion-en-la-renovacion-de-sus-autoridades","status":"publish","type":"post","link":"https:\/\/diarioprincipios.com\/index.php\/2026\/03\/16\/balor-acompano-al-sindicato-de-la-alimentacion-en-la-renovacion-de-sus-autoridades\/","title":{"rendered":"Balor acompa\u00f1\u00f3 al Sindicato de la Alimentaci\u00f3n en la renovaci\u00f3n de sus autoridades"},"content":{"rendered":"\n<p>El intendente de Berazategui, Carlos Balor, asisti\u00f3 al acto de asunci\u00f3n del nuevo secretario general del Sindicato de Trabajadores de la Industria de la Alimentaci\u00f3n de la Provincia (STIA PBA), Daniel Leo, realizado en el camping del gremio, en Pl\u00e1tanos.<\/p>\n\n\n\n<figure class=\"wp-block-image size-large\"><img loading=\"lazy\" decoding=\"async\" width=\"1024\" height=\"668\" src=\"https:\/\/diarioprincipios.com\/wp-content\/uploads\/2026\/03\/Screenshot_20260316_144827_Yahoo-Mail-1024x668.jpg\" alt=\"\" class=\"wp-image-26808\" srcset=\"https:\/\/diarioprincipios.com\/wp-content\/uploads\/2026\/03\/Screenshot_20260316_144827_Yahoo-Mail-1024x668.jpg 1024w, https:\/\/diarioprincipios.com\/wp-content\/uploads\/2026\/03\/Screenshot_20260316_144827_Yahoo-Mail-300x196.jpg 300w, https:\/\/diarioprincipios.com\/wp-content\/uploads\/2026\/03\/Screenshot_20260316_144827_Yahoo-Mail-768x501.jpg 768w, https:\/\/diarioprincipios.com\/wp-content\/uploads\/2026\/03\/Screenshot_20260316_144827_Yahoo-Mail.jpg 1080w\" sizes=\"auto, (max-width: 1024px) 100vw, 1024px\" \/><\/figure>\n\n\n\n<p>\u201cPara m\u00ed, estar ac\u00e1 junto a los compa\u00f1eros del gremio es un orgullo muy grande. La amistad que ten\u00eda el Dr. Juan Jos\u00e9 Mussi con Luis (Mor\u00e1n) era muy profunda, \u00e9l siempre ven\u00eda. Este lugar me trae muchos recuerdos, desde los ocho a\u00f1os ven\u00eda a esta pileta. Nac\u00ed a siete cuadras y conozco este predio hace m\u00e1s de 50 a\u00f1os. Compartir con la nueva Comisi\u00f3n directiva y gente amiga es una alegr\u00eda enorme. Felicitaciones por mantener el gremio y cuenten con nosotros para lo que necesiten\u201d, expres\u00f3 Balor.<\/p>\n\n\n\n<figure class=\"wp-block-image size-large\"><img loading=\"lazy\" decoding=\"async\" width=\"1024\" height=\"654\" src=\"https:\/\/diarioprincipios.com\/wp-content\/uploads\/2026\/03\/Screenshot_20260316_144839_Yahoo-Mail-1024x654.jpg\" alt=\"\" class=\"wp-image-26807\" srcset=\"https:\/\/diarioprincipios.com\/wp-content\/uploads\/2026\/03\/Screenshot_20260316_144839_Yahoo-Mail-1024x654.jpg 1024w, https:\/\/diarioprincipios.com\/wp-content\/uploads\/2026\/03\/Screenshot_20260316_144839_Yahoo-Mail-300x192.jpg 300w, https:\/\/diarioprincipios.com\/wp-content\/uploads\/2026\/03\/Screenshot_20260316_144839_Yahoo-Mail-768x491.jpg 768w, https:\/\/diarioprincipios.com\/wp-content\/uploads\/2026\/03\/Screenshot_20260316_144839_Yahoo-Mail-150x95.jpg 150w, https:\/\/diarioprincipios.com\/wp-content\/uploads\/2026\/03\/Screenshot_20260316_144839_Yahoo-Mail.jpg 1080w\" sizes=\"auto, (max-width: 1024px) 100vw, 1024px\" \/><\/figure>\n\n\n\n<p>STIA PBA cuenta con 20.000 afiliados en toda la provincia de Buenos Aires. Nuclea varios convenios del rubro alimentaci\u00f3n, yerbateras, pesqueras, arroceras y av\u00edcolas. M\u00e1s de 11.000 afiliados participaron de las elecciones de 2026.<\/p>\n","protected":false},"excerpt":{"rendered":"<p>El intendente de Berazategui, Carlos Balor, asisti\u00f3 al acto de asunci\u00f3n del nuevo secretario general del Sindicato de Trabajadores de la Industria de la Alimentaci\u00f3n de la Provincia (STIA PBA), Daniel Leo, realizado en el camping del gremio, en Pl\u00e1tanos. \u201cPara m\u00ed, estar ac\u00e1 junto a los compa\u00f1eros del gremio es un orgullo muy grande&#8230;.<\/p>\n","protected":false},"author":2,"featured_media":26809,"comment_status":"open","ping_status":"open","sticky":false,"template":"","format":"standard","meta":{"footnotes":""},"categories":[3,21],"tags":[],"class_list":["post-26806","post","type-post","status-publish","format-standard","has-post-thumbnail","hentry","category-berazategui","category-gremiales"],"featured_image_src":"https:\/\/diarioprincipios.com\/wp-content\/uploads\/2026\/03\/Screenshot_20260316_144831_Yahoo-Mail-1024x667.jpg","blog_images":{"medium":"https:\/\/diarioprincipios.com\/wp-content\/uploads\/2026\/03\/Screenshot_20260316_144831_Yahoo-Mail-300x196.jpg","large":"https:\/\/diarioprincipios.com\/wp-content\/uploads\/2026\/03\/Screenshot_20260316_144831_Yahoo-Mail-1024x667.jpg"},"ams_acf":[],"yoast_head":"<!-- This site is optimized with the Yoast SEO plugin v27.3 - https:\/\/yoast.com\/product\/yoast-seo-wordpress\/ -->\n<title>Balor acompa\u00f1\u00f3 al Sindicato de la Alimentaci\u00f3n en la renovaci\u00f3n de sus autoridades - Principios<\/title>\n<meta name=\"robots\" content=\"index, follow, max-snippet:-1, max-image-preview:large, max-video-preview:-1\" \/>\n<link rel=\"canonical\" href=\"https:\/\/diarioprincipios.com\/index.php\/2026\/03\/16\/balor-acompano-al-sindicato-de-la-alimentacion-en-la-renovacion-de-sus-autoridades\/\" \/>\n<meta property=\"og:locale\" content=\"es_ES\" \/>\n<meta property=\"og:type\" content=\"article\" \/>\n<meta property=\"og:title\" content=\"Balor acompa\u00f1\u00f3 al Sindicato de la Alimentaci\u00f3n en la renovaci\u00f3n de sus autoridades - Principios\" \/>\n<meta property=\"og:description\" content=\"El intendente de Berazategui, Carlos Balor, asisti\u00f3 al acto de asunci\u00f3n del nuevo secretario general del Sindicato de Trabajadores de la Industria de la Alimentaci\u00f3n de la Provincia (STIA PBA), Daniel Leo, realizado en el camping del gremio, en Pl\u00e1tanos. \u201cPara m\u00ed, estar ac\u00e1 junto a los compa\u00f1eros del gremio es un orgullo muy grande....\" \/>\n<meta property=\"og:url\" content=\"https:\/\/diarioprincipios.com\/index.php\/2026\/03\/16\/balor-acompano-al-sindicato-de-la-alimentacion-en-la-renovacion-de-sus-autoridades\/\" \/>\n<meta property=\"og:site_name\" content=\"Principios\" \/>\n<meta property=\"article:published_time\" content=\"2026-03-16T17:56:19+00:00\" \/>\n<meta property=\"og:image\" content=\"https:\/\/diarioprincipios.com\/wp-content\/uploads\/2026\/03\/Screenshot_20260316_144831_Yahoo-Mail.jpg\" \/>\n\t<meta property=\"og:image:width\" content=\"1080\" \/>\n\t<meta property=\"og:image:height\" content=\"704\" \/>\n\t<meta property=\"og:image:type\" content=\"image\/jpeg\" \/>\n<meta name=\"author\" content=\"Hern\u00e1n L\u00f3pez\" \/>\n<meta name=\"twitter:card\" content=\"summary_large_image\" \/>\n<meta name=\"twitter:label1\" content=\"Escrito por\" \/>\n\t<meta name=\"twitter:data1\" content=\"Hern\u00e1n L\u00f3pez\" \/>\n\t<meta name=\"twitter:label2\" content=\"Tiempo de lectura\" \/>\n\t<meta name=\"twitter:data2\" content=\"2 minutos\" \/>\n<script type=\"application\/ld+json\" class=\"yoast-schema-graph\">{\"@context\":\"https:\\\/\\\/schema.org\",\"@graph\":[{\"@type\":\"Article\",\"@id\":\"https:\\\/\\\/diarioprincipios.com\\\/index.php\\\/2026\\\/03\\\/16\\\/balor-acompano-al-sindicato-de-la-alimentacion-en-la-renovacion-de-sus-autoridades\\\/#article\",\"isPartOf\":{\"@id\":\"https:\\\/\\\/diarioprincipios.com\\\/index.php\\\/2026\\\/03\\\/16\\\/balor-acompano-al-sindicato-de-la-alimentacion-en-la-renovacion-de-sus-autoridades\\\/\"},\"author\":{\"name\":\"Hern\u00e1n L\u00f3pez\",\"@id\":\"https:\\\/\\\/diarioprincipios.com\\\/#\\\/schema\\\/person\\\/436d5a1fd41a5e250e23ff5a6a7cb080\"},\"headline\":\"Balor acompa\u00f1\u00f3 al Sindicato de la Alimentaci\u00f3n en la renovaci\u00f3n de sus autoridades\",\"datePublished\":\"2026-03-16T17:56:19+00:00\",\"mainEntityOfPage\":{\"@id\":\"https:\\\/\\\/diarioprincipios.com\\\/index.php\\\/2026\\\/03\\\/16\\\/balor-acompano-al-sindicato-de-la-alimentacion-en-la-renovacion-de-sus-autoridades\\\/\"},\"wordCount\":189,\"commentCount\":0,\"publisher\":{\"@id\":\"https:\\\/\\\/diarioprincipios.com\\\/#organization\"},\"image\":{\"@id\":\"https:\\\/\\\/diarioprincipios.com\\\/index.php\\\/2026\\\/03\\\/16\\\/balor-acompano-al-sindicato-de-la-alimentacion-en-la-renovacion-de-sus-autoridades\\\/#primaryimage\"},\"thumbnailUrl\":\"https:\\\/\\\/diarioprincipios.com\\\/wp-content\\\/uploads\\\/2026\\\/03\\\/Screenshot_20260316_144831_Yahoo-Mail.jpg\",\"articleSection\":[\"Berazategui\",\"Gremiales\"],\"inLanguage\":\"es\",\"potentialAction\":[{\"@type\":\"CommentAction\",\"name\":\"Comment\",\"target\":[\"https:\\\/\\\/diarioprincipios.com\\\/index.php\\\/2026\\\/03\\\/16\\\/balor-acompano-al-sindicato-de-la-alimentacion-en-la-renovacion-de-sus-autoridades\\\/#respond\"]}]},{\"@type\":\"WebPage\",\"@id\":\"https:\\\/\\\/diarioprincipios.com\\\/index.php\\\/2026\\\/03\\\/16\\\/balor-acompano-al-sindicato-de-la-alimentacion-en-la-renovacion-de-sus-autoridades\\\/\",\"url\":\"https:\\\/\\\/diarioprincipios.com\\\/index.php\\\/2026\\\/03\\\/16\\\/balor-acompano-al-sindicato-de-la-alimentacion-en-la-renovacion-de-sus-autoridades\\\/\",\"name\":\"Balor acompa\u00f1\u00f3 al Sindicato de la Alimentaci\u00f3n en la renovaci\u00f3n de sus autoridades - Principios\",\"isPartOf\":{\"@id\":\"https:\\\/\\\/diarioprincipios.com\\\/#website\"},\"primaryImageOfPage\":{\"@id\":\"https:\\\/\\\/diarioprincipios.com\\\/index.php\\\/2026\\\/03\\\/16\\\/balor-acompano-al-sindicato-de-la-alimentacion-en-la-renovacion-de-sus-autoridades\\\/#primaryimage\"},\"image\":{\"@id\":\"https:\\\/\\\/diarioprincipios.com\\\/index.php\\\/2026\\\/03\\\/16\\\/balor-acompano-al-sindicato-de-la-alimentacion-en-la-renovacion-de-sus-autoridades\\\/#primaryimage\"},\"thumbnailUrl\":\"https:\\\/\\\/diarioprincipios.com\\\/wp-content\\\/uploads\\\/2026\\\/03\\\/Screenshot_20260316_144831_Yahoo-Mail.jpg\",\"datePublished\":\"2026-03-16T17:56:19+00:00\",\"breadcrumb\":{\"@id\":\"https:\\\/\\\/diarioprincipios.com\\\/index.php\\\/2026\\\/03\\\/16\\\/balor-acompano-al-sindicato-de-la-alimentacion-en-la-renovacion-de-sus-autoridades\\\/#breadcrumb\"},\"inLanguage\":\"es\",\"potentialAction\":[{\"@type\":\"ReadAction\",\"target\":[\"https:\\\/\\\/diarioprincipios.com\\\/index.php\\\/2026\\\/03\\\/16\\\/balor-acompano-al-sindicato-de-la-alimentacion-en-la-renovacion-de-sus-autoridades\\\/\"]}]},{\"@type\":\"ImageObject\",\"inLanguage\":\"es\",\"@id\":\"https:\\\/\\\/diarioprincipios.com\\\/index.php\\\/2026\\\/03\\\/16\\\/balor-acompano-al-sindicato-de-la-alimentacion-en-la-renovacion-de-sus-autoridades\\\/#primaryimage\",\"url\":\"https:\\\/\\\/diarioprincipios.com\\\/wp-content\\\/uploads\\\/2026\\\/03\\\/Screenshot_20260316_144831_Yahoo-Mail.jpg\",\"contentUrl\":\"https:\\\/\\\/diarioprincipios.com\\\/wp-content\\\/uploads\\\/2026\\\/03\\\/Screenshot_20260316_144831_Yahoo-Mail.jpg\",\"width\":1080,\"height\":704},{\"@type\":\"BreadcrumbList\",\"@id\":\"https:\\\/\\\/diarioprincipios.com\\\/index.php\\\/2026\\\/03\\\/16\\\/balor-acompano-al-sindicato-de-la-alimentacion-en-la-renovacion-de-sus-autoridades\\\/#breadcrumb\",\"itemListElement\":[{\"@type\":\"ListItem\",\"position\":1,\"name\":\"Portada\",\"item\":\"https:\\\/\\\/diarioprincipios.com\\\/\"},{\"@type\":\"ListItem\",\"position\":2,\"name\":\"Balor acompa\u00f1\u00f3 al Sindicato de la Alimentaci\u00f3n en la renovaci\u00f3n de sus autoridades\"}]},{\"@type\":\"WebSite\",\"@id\":\"https:\\\/\\\/diarioprincipios.com\\\/#website\",\"url\":\"https:\\\/\\\/diarioprincipios.com\\\/\",\"name\":\"Principios\",\"description\":\"Principios Diario\",\"publisher\":{\"@id\":\"https:\\\/\\\/diarioprincipios.com\\\/#organization\"},\"potentialAction\":[{\"@type\":\"SearchAction\",\"target\":{\"@type\":\"EntryPoint\",\"urlTemplate\":\"https:\\\/\\\/diarioprincipios.com\\\/?s={search_term_string}\"},\"query-input\":{\"@type\":\"PropertyValueSpecification\",\"valueRequired\":true,\"valueName\":\"search_term_string\"}}],\"inLanguage\":\"es\"},{\"@type\":\"Organization\",\"@id\":\"https:\\\/\\\/diarioprincipios.com\\\/#organization\",\"name\":\"Principios\",\"url\":\"https:\\\/\\\/diarioprincipios.com\\\/\",\"logo\":{\"@type\":\"ImageObject\",\"inLanguage\":\"es\",\"@id\":\"https:\\\/\\\/diarioprincipios.com\\\/#\\\/schema\\\/logo\\\/image\\\/\",\"url\":\"https:\\\/\\\/diarioprincipios.com\\\/wp-content\\\/uploads\\\/2024\\\/04\\\/cropped-www.diarioprincipios.com_-1.png\",\"contentUrl\":\"https:\\\/\\\/diarioprincipios.com\\\/wp-content\\\/uploads\\\/2024\\\/04\\\/cropped-www.diarioprincipios.com_-1.png\",\"width\":5325,\"height\":1454,\"caption\":\"Principios\"},\"image\":{\"@id\":\"https:\\\/\\\/diarioprincipios.com\\\/#\\\/schema\\\/logo\\\/image\\\/\"}},{\"@type\":\"Person\",\"@id\":\"https:\\\/\\\/diarioprincipios.com\\\/#\\\/schema\\\/person\\\/436d5a1fd41a5e250e23ff5a6a7cb080\",\"name\":\"Hern\u00e1n L\u00f3pez\",\"image\":{\"@type\":\"ImageObject\",\"inLanguage\":\"es\",\"@id\":\"https:\\\/\\\/diarioprincipios.com\\\/wp-content\\\/litespeed\\\/avatar\\\/11ddfe5610ff3bd100522525b2571f48.jpg?ver=1777048341\",\"url\":\"https:\\\/\\\/diarioprincipios.com\\\/wp-content\\\/litespeed\\\/avatar\\\/11ddfe5610ff3bd100522525b2571f48.jpg?ver=1777048341\",\"contentUrl\":\"https:\\\/\\\/diarioprincipios.com\\\/wp-content\\\/litespeed\\\/avatar\\\/11ddfe5610ff3bd100522525b2571f48.jpg?ver=1777048341\",\"caption\":\"Hern\u00e1n L\u00f3pez\"},\"url\":\"https:\\\/\\\/diarioprincipios.com\\\/index.php\\\/author\\\/hernan\\\/\"}]}<\/script>\n<!-- \/ Yoast SEO plugin. -->","yoast_head_json":{"title":"Balor acompa\u00f1\u00f3 al Sindicato de la Alimentaci\u00f3n en la renovaci\u00f3n de sus autoridades - Principios","robots":{"index":"index","follow":"follow","max-snippet":"max-snippet:-1","max-image-preview":"max-image-preview:large","max-video-preview":"max-video-preview:-1"},"canonical":"https:\/\/diarioprincipios.com\/index.php\/2026\/03\/16\/balor-acompano-al-sindicato-de-la-alimentacion-en-la-renovacion-de-sus-autoridades\/","og_locale":"es_ES","og_type":"article","og_title":"Balor acompa\u00f1\u00f3 al Sindicato de la Alimentaci\u00f3n en la renovaci\u00f3n de sus autoridades - Principios","og_description":"El intendente de Berazategui, Carlos Balor, asisti\u00f3 al acto de asunci\u00f3n del nuevo secretario general del Sindicato de Trabajadores de la Industria de la Alimentaci\u00f3n de la Provincia (STIA PBA), Daniel Leo, realizado en el camping del gremio, en Pl\u00e1tanos. \u201cPara m\u00ed, estar ac\u00e1 junto a los compa\u00f1eros del gremio es un orgullo muy grande....","og_url":"https:\/\/diarioprincipios.com\/index.php\/2026\/03\/16\/balor-acompano-al-sindicato-de-la-alimentacion-en-la-renovacion-de-sus-autoridades\/","og_site_name":"Principios","article_published_time":"2026-03-16T17:56:19+00:00","og_image":[{"width":1080,"height":704,"url":"https:\/\/diarioprincipios.com\/wp-content\/uploads\/2026\/03\/Screenshot_20260316_144831_Yahoo-Mail.jpg","type":"image\/jpeg"}],"author":"Hern\u00e1n L\u00f3pez","twitter_card":"summary_large_image","twitter_misc":{"Escrito por":"Hern\u00e1n L\u00f3pez","Tiempo de lectura":"2 minutos"},"schema":{"@context":"https:\/\/schema.org","@graph":[{"@type":"Article","@id":"https:\/\/diarioprincipios.com\/index.php\/2026\/03\/16\/balor-acompano-al-sindicato-de-la-alimentacion-en-la-renovacion-de-sus-autoridades\/#article","isPartOf":{"@id":"https:\/\/diarioprincipios.com\/index.php\/2026\/03\/16\/balor-acompano-al-sindicato-de-la-alimentacion-en-la-renovacion-de-sus-autoridades\/"},"author":{"name":"Hern\u00e1n L\u00f3pez","@id":"https:\/\/diarioprincipios.com\/#\/schema\/person\/436d5a1fd41a5e250e23ff5a6a7cb080"},"headline":"Balor acompa\u00f1\u00f3 al Sindicato de la Alimentaci\u00f3n en la renovaci\u00f3n de sus autoridades","datePublished":"2026-03-16T17:56:19+00:00","mainEntityOfPage":{"@id":"https:\/\/diarioprincipios.com\/index.php\/2026\/03\/16\/balor-acompano-al-sindicato-de-la-alimentacion-en-la-renovacion-de-sus-autoridades\/"},"wordCount":189,"commentCount":0,"publisher":{"@id":"https:\/\/diarioprincipios.com\/#organization"},"image":{"@id":"https:\/\/diarioprincipios.com\/index.php\/2026\/03\/16\/balor-acompano-al-sindicato-de-la-alimentacion-en-la-renovacion-de-sus-autoridades\/#primaryimage"},"thumbnailUrl":"https:\/\/diarioprincipios.com\/wp-content\/uploads\/2026\/03\/Screenshot_20260316_144831_Yahoo-Mail.jpg","articleSection":["Berazategui","Gremiales"],"inLanguage":"es","potentialAction":[{"@type":"CommentAction","name":"Comment","target":["https:\/\/diarioprincipios.com\/index.php\/2026\/03\/16\/balor-acompano-al-sindicato-de-la-alimentacion-en-la-renovacion-de-sus-autoridades\/#respond"]}]},{"@type":"WebPage","@id":"https:\/\/diarioprincipios.com\/index.php\/2026\/03\/16\/balor-acompano-al-sindicato-de-la-alimentacion-en-la-renovacion-de-sus-autoridades\/","url":"https:\/\/diarioprincipios.com\/index.php\/2026\/03\/16\/balor-acompano-al-sindicato-de-la-alimentacion-en-la-renovacion-de-sus-autoridades\/","name":"Balor acompa\u00f1\u00f3 al Sindicato de la Alimentaci\u00f3n en la renovaci\u00f3n de sus autoridades - Principios","isPartOf":{"@id":"https:\/\/diarioprincipios.com\/#website"},"primaryImageOfPage":{"@id":"https:\/\/diarioprincipios.com\/index.php\/2026\/03\/16\/balor-acompano-al-sindicato-de-la-alimentacion-en-la-renovacion-de-sus-autoridades\/#primaryimage"},"image":{"@id":"https:\/\/diarioprincipios.com\/index.php\/2026\/03\/16\/balor-acompano-al-sindicato-de-la-alimentacion-en-la-renovacion-de-sus-autoridades\/#primaryimage"},"thumbnailUrl":"https:\/\/diarioprincipios.com\/wp-content\/uploads\/2026\/03\/Screenshot_20260316_144831_Yahoo-Mail.jpg","datePublished":"2026-03-16T17:56:19+00:00","breadcrumb":{"@id":"https:\/\/diarioprincipios.com\/index.php\/2026\/03\/16\/balor-acompano-al-sindicato-de-la-alimentacion-en-la-renovacion-de-sus-autoridades\/#breadcrumb"},"inLanguage":"es","potentialAction":[{"@type":"ReadAction","target":["https:\/\/diarioprincipios.com\/index.php\/2026\/03\/16\/balor-acompano-al-sindicato-de-la-alimentacion-en-la-renovacion-de-sus-autoridades\/"]}]},{"@type":"ImageObject","inLanguage":"es","@id":"https:\/\/diarioprincipios.com\/index.php\/2026\/03\/16\/balor-acompano-al-sindicato-de-la-alimentacion-en-la-renovacion-de-sus-autoridades\/#primaryimage","url":"https:\/\/diarioprincipios.com\/wp-content\/uploads\/2026\/03\/Screenshot_20260316_144831_Yahoo-Mail.jpg","contentUrl":"https:\/\/diarioprincipios.com\/wp-content\/uploads\/2026\/03\/Screenshot_20260316_144831_Yahoo-Mail.jpg","width":1080,"height":704},{"@type":"BreadcrumbList","@id":"https:\/\/diarioprincipios.com\/index.php\/2026\/03\/16\/balor-acompano-al-sindicato-de-la-alimentacion-en-la-renovacion-de-sus-autoridades\/#breadcrumb","itemListElement":[{"@type":"ListItem","position":1,"name":"Portada","item":"https:\/\/diarioprincipios.com\/"},{"@type":"ListItem","position":2,"name":"Balor acompa\u00f1\u00f3 al Sindicato de la Alimentaci\u00f3n en la renovaci\u00f3n de sus autoridades"}]},{"@type":"WebSite","@id":"https:\/\/diarioprincipios.com\/#website","url":"https:\/\/diarioprincipios.com\/","name":"Principios","description":"Principios Diario","publisher":{"@id":"https:\/\/diarioprincipios.com\/#organization"},"potentialAction":[{"@type":"SearchAction","target":{"@type":"EntryPoint","urlTemplate":"https:\/\/diarioprincipios.com\/?s={search_term_string}"},"query-input":{"@type":"PropertyValueSpecification","valueRequired":true,"valueName":"search_term_string"}}],"inLanguage":"es"},{"@type":"Organization","@id":"https:\/\/diarioprincipios.com\/#organization","name":"Principios","url":"https:\/\/diarioprincipios.com\/","logo":{"@type":"ImageObject","inLanguage":"es","@id":"https:\/\/diarioprincipios.com\/#\/schema\/logo\/image\/","url":"https:\/\/diarioprincipios.com\/wp-content\/uploads\/2024\/04\/cropped-www.diarioprincipios.com_-1.png","contentUrl":"https:\/\/diarioprincipios.com\/wp-content\/uploads\/2024\/04\/cropped-www.diarioprincipios.com_-1.png","width":5325,"height":1454,"caption":"Principios"},"image":{"@id":"https:\/\/diarioprincipios.com\/#\/schema\/logo\/image\/"}},{"@type":"Person","@id":"https:\/\/diarioprincipios.com\/#\/schema\/person\/436d5a1fd41a5e250e23ff5a6a7cb080","name":"Hern\u00e1n L\u00f3pez","image":{"@type":"ImageObject","inLanguage":"es","@id":"https:\/\/diarioprincipios.com\/wp-content\/litespeed\/avatar\/11ddfe5610ff3bd100522525b2571f48.jpg?ver=1777048341","url":"https:\/\/diarioprincipios.com\/wp-content\/litespeed\/avatar\/11ddfe5610ff3bd100522525b2571f48.jpg?ver=1777048341","contentUrl":"https:\/\/diarioprincipios.com\/wp-content\/litespeed\/avatar\/11ddfe5610ff3bd100522525b2571f48.jpg?ver=1777048341","caption":"Hern\u00e1n L\u00f3pez"},"url":"https:\/\/diarioprincipios.com\/index.php\/author\/hernan\/"}]}},"jetpack_featured_media_url":"https:\/\/diarioprincipios.com\/wp-content\/uploads\/2026\/03\/Screenshot_20260316_144831_Yahoo-Mail.jpg","_links":{"self":[{"href":"https:\/\/diarioprincipios.com\/index.php\/wp-json\/wp\/v2\/posts\/26806","targetHints":{"allow":["GET"]}}],"collection":[{"href":"https:\/\/diarioprincipios.com\/index.php\/wp-json\/wp\/v2\/posts"}],"about":[{"href":"https:\/\/diarioprincipios.com\/index.php\/wp-json\/wp\/v2\/types\/post"}],"author":[{"embeddable":true,"href":"https:\/\/diarioprincipios.com\/index.php\/wp-json\/wp\/v2\/users\/2"}],"replies":[{"embeddable":true,"href":"https:\/\/diarioprincipios.com\/index.php\/wp-json\/wp\/v2\/comments?post=26806"}],"version-history":[{"count":1,"href":"https:\/\/diarioprincipios.com\/index.php\/wp-json\/wp\/v2\/posts\/26806\/revisions"}],"predecessor-version":[{"id":26810,"href":"https:\/\/diarioprincipios.com\/index.php\/wp-json\/wp\/v2\/posts\/26806\/revisions\/26810"}],"wp:featuredmedia":[{"embeddable":true,"href":"https:\/\/diarioprincipios.com\/index.php\/wp-json\/wp\/v2\/media\/26809"}],"wp:attachment":[{"href":"https:\/\/diarioprincipios.com\/index.php\/wp-json\/wp\/v2\/media?parent=26806"}],"wp:term":[{"taxonomy":"category","embeddable":true,"href":"https:\/\/diarioprincipios.com\/index.php\/wp-json\/wp\/v2\/categories?post=26806"},{"taxonomy":"post_tag","embeddable":true,"href":"https:\/\/diarioprincipios.com\/index.php\/wp-json\/wp\/v2\/tags?post=26806"}],"curies":[{"name":"wp","href":"https:\/\/api.w.org\/{rel}","templated":true}]}}