{"id":268,"date":"2020-03-10T20:34:12","date_gmt":"2020-03-10T20:34:12","guid":{"rendered":"http:\/\/diarioprincipios.com\/?p=268"},"modified":"2020-03-10T20:34:13","modified_gmt":"2020-03-10T20:34:13","slug":"primera-reunion-del-ano-de-la-cgt-regional-con-varias-novedades-y-adhesion-a-la-ley-micaela","status":"publish","type":"post","link":"https:\/\/diarioprincipios.com\/index.php\/2020\/03\/10\/primera-reunion-del-ano-de-la-cgt-regional-con-varias-novedades-y-adhesion-a-la-ley-micaela\/","title":{"rendered":"Primera reuni\u00f3n del a\u00f1o de la CGT Regional con varias novedades y adhesi\u00f3n a la Ley Micaela"},"content":{"rendered":"\n<p>En la ma\u00f1ana de este martes, en la sede del Sindicato de Trabajadores Municipales de Berazategui, realiz\u00f3 su primera reuni\u00f3n del a\u00f1o la CGT Regional Quilmes, Berazategui, Varela.La mesa estuvo compuesta por los tres secretarios generales que integran el triunvirato de la CGT , Andr\u00e9s Nikitiuk, Ricardo Romero y Rub\u00e9n Zeballos, los dos adjuntos, Ruben Luque y Fabian Salvatierra, el titular del gremio anfitri\u00f3n, Gabriel Carril Campusano y tambi\u00e9n\u00a0 Jorge Lezatti, secretario de actas.Representantes de decenas de gremios participaron de la reuni\u00f3n en la cual, entre otros temas, se incorporaron dos nuevos gremios a la CGT Regional, el de\u00a0 Alimentaci\u00f3n y el de Calzado.Andr\u00e9s Nikitiuk destac\u00f3 \u00abel continuo fortalecimiento de la unidad que permite a la organizaci\u00f3n seguir creciendo y sumar nuevos gremios de la regi\u00f3n, los cuales son m\u00e1s que bienvenidos\u00bb.Asimismo, confirm\u00f3 la presencia del Secretario\u00a0 General de la CGT Nacional, H\u00e9ctor Daer, quien junto al Ministro de Trabajo de la Naci\u00f3n Claudio Moroni\u00a0 ser\u00e1n recibidos el pr\u00f3ximo 6 de abril en Berazategui por el Intendente Juan Jos\u00e9 Mussi y la CGT Regional, en un acto donde se espera la participaci\u00f3n masiva de los gremios.<br>ADHESION A LA LEY \u00abMICAELA\u00bb<br>Por otra parte, los representantes de la CGT Regional votaron hoy por unanimidad adherir a la Ley \u00abMicaela\u00bb 27.499, la cual obliga a todas las personas que trabajan en los tres poderes del estado nacional a recibir capacitaciones en temas de g\u00e9nero y violencia contra las mujeres.Por \u00faltimo, los representantes gremiales abordaron temas vinculados a reuniones pendientes con el director de delegaciones del ministerio de trabajo provincial, Miguel Funes, las cuales esperan realizar pronto para dar soluci\u00f3n y tratamiento a diversas cuestiones que preocupan a los trabajadores.<br><\/p>\n","protected":false},"excerpt":{"rendered":"<p>En la ma\u00f1ana de este martes, en la sede del Sindicato de Trabajadores Municipales de Berazategui, realiz\u00f3 su primera reuni\u00f3n del a\u00f1o la CGT Regional Quilmes, Berazategui, Varela.La mesa estuvo compuesta por los tres secretarios generales que integran el triunvirato de la CGT , Andr\u00e9s Nikitiuk, Ricardo Romero y Rub\u00e9n Zeballos, los dos adjuntos, Ruben&#8230;<\/p>\n","protected":false},"author":2,"featured_media":269,"comment_status":"open","ping_status":"open","sticky":false,"template":"","format":"standard","meta":{"footnotes":""},"categories":[7],"tags":[],"class_list":["post-268","post","type-post","status-publish","format-standard","has-post-thumbnail","hentry","category-provincia"],"featured_image_src":"https:\/\/diarioprincipios.com\/wp-content\/uploads\/2020\/03\/CGT-1-1024x512.jpg","blog_images":{"medium":"https:\/\/diarioprincipios.com\/wp-content\/uploads\/2020\/03\/CGT-1-300x150.jpg","large":"https:\/\/diarioprincipios.com\/wp-content\/uploads\/2020\/03\/CGT-1-1024x512.jpg"},"ams_acf":[],"yoast_head":"<!-- This site is optimized with the Yoast SEO plugin v27.3 - https:\/\/yoast.com\/product\/yoast-seo-wordpress\/ -->\n<title>Primera reuni\u00f3n del a\u00f1o de la CGT Regional con varias novedades y adhesi\u00f3n a la Ley Micaela - Principios<\/title>\n<meta name=\"robots\" content=\"index, follow, max-snippet:-1, max-image-preview:large, max-video-preview:-1\" \/>\n<link rel=\"canonical\" href=\"https:\/\/diarioprincipios.com\/index.php\/2020\/03\/10\/primera-reunion-del-ano-de-la-cgt-regional-con-varias-novedades-y-adhesion-a-la-ley-micaela\/\" \/>\n<meta property=\"og:locale\" content=\"es_ES\" \/>\n<meta property=\"og:type\" content=\"article\" \/>\n<meta property=\"og:title\" content=\"Primera reuni\u00f3n del a\u00f1o de la CGT Regional con varias novedades y adhesi\u00f3n a la Ley Micaela - Principios\" \/>\n<meta property=\"og:description\" content=\"En la ma\u00f1ana de este martes, en la sede del Sindicato de Trabajadores Municipales de Berazategui, realiz\u00f3 su primera reuni\u00f3n del a\u00f1o la CGT Regional Quilmes, Berazategui, Varela.La mesa estuvo compuesta por los tres secretarios generales que integran el triunvirato de la CGT , Andr\u00e9s Nikitiuk, Ricardo Romero y Rub\u00e9n Zeballos, los dos adjuntos, Ruben...\" \/>\n<meta property=\"og:url\" content=\"https:\/\/diarioprincipios.com\/index.php\/2020\/03\/10\/primera-reunion-del-ano-de-la-cgt-regional-con-varias-novedades-y-adhesion-a-la-ley-micaela\/\" \/>\n<meta property=\"og:site_name\" content=\"Principios\" \/>\n<meta property=\"article:published_time\" content=\"2020-03-10T20:34:12+00:00\" \/>\n<meta property=\"article:modified_time\" content=\"2020-03-10T20:34:13+00:00\" \/>\n<meta property=\"og:image\" content=\"https:\/\/diarioprincipios.com\/wp-content\/uploads\/2020\/03\/CGT-1.jpg\" \/>\n\t<meta property=\"og:image:width\" content=\"1080\" \/>\n\t<meta property=\"og:image:height\" content=\"540\" \/>\n\t<meta property=\"og:image:type\" content=\"image\/jpeg\" \/>\n<meta name=\"author\" content=\"Hern\u00e1n L\u00f3pez\" \/>\n<meta name=\"twitter:card\" content=\"summary_large_image\" \/>\n<meta name=\"twitter:label1\" content=\"Escrito por\" \/>\n\t<meta name=\"twitter:data1\" content=\"Hern\u00e1n L\u00f3pez\" \/>\n\t<meta name=\"twitter:label2\" content=\"Tiempo de lectura\" \/>\n\t<meta name=\"twitter:data2\" content=\"2 minutos\" \/>\n<script type=\"application\/ld+json\" class=\"yoast-schema-graph\">{\"@context\":\"https:\\\/\\\/schema.org\",\"@graph\":[{\"@type\":\"Article\",\"@id\":\"https:\\\/\\\/diarioprincipios.com\\\/index.php\\\/2020\\\/03\\\/10\\\/primera-reunion-del-ano-de-la-cgt-regional-con-varias-novedades-y-adhesion-a-la-ley-micaela\\\/#article\",\"isPartOf\":{\"@id\":\"https:\\\/\\\/diarioprincipios.com\\\/index.php\\\/2020\\\/03\\\/10\\\/primera-reunion-del-ano-de-la-cgt-regional-con-varias-novedades-y-adhesion-a-la-ley-micaela\\\/\"},\"author\":{\"name\":\"Hern\u00e1n L\u00f3pez\",\"@id\":\"https:\\\/\\\/diarioprincipios.com\\\/#\\\/schema\\\/person\\\/436d5a1fd41a5e250e23ff5a6a7cb080\"},\"headline\":\"Primera reuni\u00f3n del a\u00f1o de la CGT Regional con varias novedades y adhesi\u00f3n a la Ley Micaela\",\"datePublished\":\"2020-03-10T20:34:12+00:00\",\"dateModified\":\"2020-03-10T20:34:13+00:00\",\"mainEntityOfPage\":{\"@id\":\"https:\\\/\\\/diarioprincipios.com\\\/index.php\\\/2020\\\/03\\\/10\\\/primera-reunion-del-ano-de-la-cgt-regional-con-varias-novedades-y-adhesion-a-la-ley-micaela\\\/\"},\"wordCount\":320,\"commentCount\":0,\"publisher\":{\"@id\":\"https:\\\/\\\/diarioprincipios.com\\\/#organization\"},\"image\":{\"@id\":\"https:\\\/\\\/diarioprincipios.com\\\/index.php\\\/2020\\\/03\\\/10\\\/primera-reunion-del-ano-de-la-cgt-regional-con-varias-novedades-y-adhesion-a-la-ley-micaela\\\/#primaryimage\"},\"thumbnailUrl\":\"https:\\\/\\\/diarioprincipios.com\\\/wp-content\\\/uploads\\\/2020\\\/03\\\/CGT-1.jpg\",\"articleSection\":[\"Provincia\"],\"inLanguage\":\"es\",\"potentialAction\":[{\"@type\":\"CommentAction\",\"name\":\"Comment\",\"target\":[\"https:\\\/\\\/diarioprincipios.com\\\/index.php\\\/2020\\\/03\\\/10\\\/primera-reunion-del-ano-de-la-cgt-regional-con-varias-novedades-y-adhesion-a-la-ley-micaela\\\/#respond\"]}]},{\"@type\":\"WebPage\",\"@id\":\"https:\\\/\\\/diarioprincipios.com\\\/index.php\\\/2020\\\/03\\\/10\\\/primera-reunion-del-ano-de-la-cgt-regional-con-varias-novedades-y-adhesion-a-la-ley-micaela\\\/\",\"url\":\"https:\\\/\\\/diarioprincipios.com\\\/index.php\\\/2020\\\/03\\\/10\\\/primera-reunion-del-ano-de-la-cgt-regional-con-varias-novedades-y-adhesion-a-la-ley-micaela\\\/\",\"name\":\"Primera reuni\u00f3n del a\u00f1o de la CGT Regional con varias novedades y adhesi\u00f3n a la Ley Micaela - Principios\",\"isPartOf\":{\"@id\":\"https:\\\/\\\/diarioprincipios.com\\\/#website\"},\"primaryImageOfPage\":{\"@id\":\"https:\\\/\\\/diarioprincipios.com\\\/index.php\\\/2020\\\/03\\\/10\\\/primera-reunion-del-ano-de-la-cgt-regional-con-varias-novedades-y-adhesion-a-la-ley-micaela\\\/#primaryimage\"},\"image\":{\"@id\":\"https:\\\/\\\/diarioprincipios.com\\\/index.php\\\/2020\\\/03\\\/10\\\/primera-reunion-del-ano-de-la-cgt-regional-con-varias-novedades-y-adhesion-a-la-ley-micaela\\\/#primaryimage\"},\"thumbnailUrl\":\"https:\\\/\\\/diarioprincipios.com\\\/wp-content\\\/uploads\\\/2020\\\/03\\\/CGT-1.jpg\",\"datePublished\":\"2020-03-10T20:34:12+00:00\",\"dateModified\":\"2020-03-10T20:34:13+00:00\",\"breadcrumb\":{\"@id\":\"https:\\\/\\\/diarioprincipios.com\\\/index.php\\\/2020\\\/03\\\/10\\\/primera-reunion-del-ano-de-la-cgt-regional-con-varias-novedades-y-adhesion-a-la-ley-micaela\\\/#breadcrumb\"},\"inLanguage\":\"es\",\"potentialAction\":[{\"@type\":\"ReadAction\",\"target\":[\"https:\\\/\\\/diarioprincipios.com\\\/index.php\\\/2020\\\/03\\\/10\\\/primera-reunion-del-ano-de-la-cgt-regional-con-varias-novedades-y-adhesion-a-la-ley-micaela\\\/\"]}]},{\"@type\":\"ImageObject\",\"inLanguage\":\"es\",\"@id\":\"https:\\\/\\\/diarioprincipios.com\\\/index.php\\\/2020\\\/03\\\/10\\\/primera-reunion-del-ano-de-la-cgt-regional-con-varias-novedades-y-adhesion-a-la-ley-micaela\\\/#primaryimage\",\"url\":\"https:\\\/\\\/diarioprincipios.com\\\/wp-content\\\/uploads\\\/2020\\\/03\\\/CGT-1.jpg\",\"contentUrl\":\"https:\\\/\\\/diarioprincipios.com\\\/wp-content\\\/uploads\\\/2020\\\/03\\\/CGT-1.jpg\",\"width\":1080,\"height\":540},{\"@type\":\"BreadcrumbList\",\"@id\":\"https:\\\/\\\/diarioprincipios.com\\\/index.php\\\/2020\\\/03\\\/10\\\/primera-reunion-del-ano-de-la-cgt-regional-con-varias-novedades-y-adhesion-a-la-ley-micaela\\\/#breadcrumb\",\"itemListElement\":[{\"@type\":\"ListItem\",\"position\":1,\"name\":\"Portada\",\"item\":\"https:\\\/\\\/diarioprincipios.com\\\/\"},{\"@type\":\"ListItem\",\"position\":2,\"name\":\"Primera reuni\u00f3n del a\u00f1o de la CGT Regional con varias novedades y adhesi\u00f3n a la Ley Micaela\"}]},{\"@type\":\"WebSite\",\"@id\":\"https:\\\/\\\/diarioprincipios.com\\\/#website\",\"url\":\"https:\\\/\\\/diarioprincipios.com\\\/\",\"name\":\"Principios\",\"description\":\"Principios Diario\",\"publisher\":{\"@id\":\"https:\\\/\\\/diarioprincipios.com\\\/#organization\"},\"potentialAction\":[{\"@type\":\"SearchAction\",\"target\":{\"@type\":\"EntryPoint\",\"urlTemplate\":\"https:\\\/\\\/diarioprincipios.com\\\/?s={search_term_string}\"},\"query-input\":{\"@type\":\"PropertyValueSpecification\",\"valueRequired\":true,\"valueName\":\"search_term_string\"}}],\"inLanguage\":\"es\"},{\"@type\":\"Organization\",\"@id\":\"https:\\\/\\\/diarioprincipios.com\\\/#organization\",\"name\":\"Principios\",\"url\":\"https:\\\/\\\/diarioprincipios.com\\\/\",\"logo\":{\"@type\":\"ImageObject\",\"inLanguage\":\"es\",\"@id\":\"https:\\\/\\\/diarioprincipios.com\\\/#\\\/schema\\\/logo\\\/image\\\/\",\"url\":\"https:\\\/\\\/diarioprincipios.com\\\/wp-content\\\/uploads\\\/2024\\\/04\\\/cropped-www.diarioprincipios.com_-1.png\",\"contentUrl\":\"https:\\\/\\\/diarioprincipios.com\\\/wp-content\\\/uploads\\\/2024\\\/04\\\/cropped-www.diarioprincipios.com_-1.png\",\"width\":5325,\"height\":1454,\"caption\":\"Principios\"},\"image\":{\"@id\":\"https:\\\/\\\/diarioprincipios.com\\\/#\\\/schema\\\/logo\\\/image\\\/\"}},{\"@type\":\"Person\",\"@id\":\"https:\\\/\\\/diarioprincipios.com\\\/#\\\/schema\\\/person\\\/436d5a1fd41a5e250e23ff5a6a7cb080\",\"name\":\"Hern\u00e1n L\u00f3pez\",\"image\":{\"@type\":\"ImageObject\",\"inLanguage\":\"es\",\"@id\":\"https:\\\/\\\/diarioprincipios.com\\\/wp-content\\\/litespeed\\\/avatar\\\/11ddfe5610ff3bd100522525b2571f48.jpg?ver=1777653193\",\"url\":\"https:\\\/\\\/diarioprincipios.com\\\/wp-content\\\/litespeed\\\/avatar\\\/11ddfe5610ff3bd100522525b2571f48.jpg?ver=1777653193\",\"contentUrl\":\"https:\\\/\\\/diarioprincipios.com\\\/wp-content\\\/litespeed\\\/avatar\\\/11ddfe5610ff3bd100522525b2571f48.jpg?ver=1777653193\",\"caption\":\"Hern\u00e1n L\u00f3pez\"},\"url\":\"https:\\\/\\\/diarioprincipios.com\\\/index.php\\\/author\\\/hernan\\\/\"}]}<\/script>\n<!-- \/ Yoast SEO plugin. -->","yoast_head_json":{"title":"Primera reuni\u00f3n del a\u00f1o de la CGT Regional con varias novedades y adhesi\u00f3n a la Ley Micaela - Principios","robots":{"index":"index","follow":"follow","max-snippet":"max-snippet:-1","max-image-preview":"max-image-preview:large","max-video-preview":"max-video-preview:-1"},"canonical":"https:\/\/diarioprincipios.com\/index.php\/2020\/03\/10\/primera-reunion-del-ano-de-la-cgt-regional-con-varias-novedades-y-adhesion-a-la-ley-micaela\/","og_locale":"es_ES","og_type":"article","og_title":"Primera reuni\u00f3n del a\u00f1o de la CGT Regional con varias novedades y adhesi\u00f3n a la Ley Micaela - Principios","og_description":"En la ma\u00f1ana de este martes, en la sede del Sindicato de Trabajadores Municipales de Berazategui, realiz\u00f3 su primera reuni\u00f3n del a\u00f1o la CGT Regional Quilmes, Berazategui, Varela.La mesa estuvo compuesta por los tres secretarios generales que integran el triunvirato de la CGT , Andr\u00e9s Nikitiuk, Ricardo Romero y Rub\u00e9n Zeballos, los dos adjuntos, Ruben...","og_url":"https:\/\/diarioprincipios.com\/index.php\/2020\/03\/10\/primera-reunion-del-ano-de-la-cgt-regional-con-varias-novedades-y-adhesion-a-la-ley-micaela\/","og_site_name":"Principios","article_published_time":"2020-03-10T20:34:12+00:00","article_modified_time":"2020-03-10T20:34:13+00:00","og_image":[{"width":1080,"height":540,"url":"https:\/\/diarioprincipios.com\/wp-content\/uploads\/2020\/03\/CGT-1.jpg","type":"image\/jpeg"}],"author":"Hern\u00e1n L\u00f3pez","twitter_card":"summary_large_image","twitter_misc":{"Escrito por":"Hern\u00e1n L\u00f3pez","Tiempo de lectura":"2 minutos"},"schema":{"@context":"https:\/\/schema.org","@graph":[{"@type":"Article","@id":"https:\/\/diarioprincipios.com\/index.php\/2020\/03\/10\/primera-reunion-del-ano-de-la-cgt-regional-con-varias-novedades-y-adhesion-a-la-ley-micaela\/#article","isPartOf":{"@id":"https:\/\/diarioprincipios.com\/index.php\/2020\/03\/10\/primera-reunion-del-ano-de-la-cgt-regional-con-varias-novedades-y-adhesion-a-la-ley-micaela\/"},"author":{"name":"Hern\u00e1n L\u00f3pez","@id":"https:\/\/diarioprincipios.com\/#\/schema\/person\/436d5a1fd41a5e250e23ff5a6a7cb080"},"headline":"Primera reuni\u00f3n del a\u00f1o de la CGT Regional con varias novedades y adhesi\u00f3n a la Ley Micaela","datePublished":"2020-03-10T20:34:12+00:00","dateModified":"2020-03-10T20:34:13+00:00","mainEntityOfPage":{"@id":"https:\/\/diarioprincipios.com\/index.php\/2020\/03\/10\/primera-reunion-del-ano-de-la-cgt-regional-con-varias-novedades-y-adhesion-a-la-ley-micaela\/"},"wordCount":320,"commentCount":0,"publisher":{"@id":"https:\/\/diarioprincipios.com\/#organization"},"image":{"@id":"https:\/\/diarioprincipios.com\/index.php\/2020\/03\/10\/primera-reunion-del-ano-de-la-cgt-regional-con-varias-novedades-y-adhesion-a-la-ley-micaela\/#primaryimage"},"thumbnailUrl":"https:\/\/diarioprincipios.com\/wp-content\/uploads\/2020\/03\/CGT-1.jpg","articleSection":["Provincia"],"inLanguage":"es","potentialAction":[{"@type":"CommentAction","name":"Comment","target":["https:\/\/diarioprincipios.com\/index.php\/2020\/03\/10\/primera-reunion-del-ano-de-la-cgt-regional-con-varias-novedades-y-adhesion-a-la-ley-micaela\/#respond"]}]},{"@type":"WebPage","@id":"https:\/\/diarioprincipios.com\/index.php\/2020\/03\/10\/primera-reunion-del-ano-de-la-cgt-regional-con-varias-novedades-y-adhesion-a-la-ley-micaela\/","url":"https:\/\/diarioprincipios.com\/index.php\/2020\/03\/10\/primera-reunion-del-ano-de-la-cgt-regional-con-varias-novedades-y-adhesion-a-la-ley-micaela\/","name":"Primera reuni\u00f3n del a\u00f1o de la CGT Regional con varias novedades y adhesi\u00f3n a la Ley Micaela - Principios","isPartOf":{"@id":"https:\/\/diarioprincipios.com\/#website"},"primaryImageOfPage":{"@id":"https:\/\/diarioprincipios.com\/index.php\/2020\/03\/10\/primera-reunion-del-ano-de-la-cgt-regional-con-varias-novedades-y-adhesion-a-la-ley-micaela\/#primaryimage"},"image":{"@id":"https:\/\/diarioprincipios.com\/index.php\/2020\/03\/10\/primera-reunion-del-ano-de-la-cgt-regional-con-varias-novedades-y-adhesion-a-la-ley-micaela\/#primaryimage"},"thumbnailUrl":"https:\/\/diarioprincipios.com\/wp-content\/uploads\/2020\/03\/CGT-1.jpg","datePublished":"2020-03-10T20:34:12+00:00","dateModified":"2020-03-10T20:34:13+00:00","breadcrumb":{"@id":"https:\/\/diarioprincipios.com\/index.php\/2020\/03\/10\/primera-reunion-del-ano-de-la-cgt-regional-con-varias-novedades-y-adhesion-a-la-ley-micaela\/#breadcrumb"},"inLanguage":"es","potentialAction":[{"@type":"ReadAction","target":["https:\/\/diarioprincipios.com\/index.php\/2020\/03\/10\/primera-reunion-del-ano-de-la-cgt-regional-con-varias-novedades-y-adhesion-a-la-ley-micaela\/"]}]},{"@type":"ImageObject","inLanguage":"es","@id":"https:\/\/diarioprincipios.com\/index.php\/2020\/03\/10\/primera-reunion-del-ano-de-la-cgt-regional-con-varias-novedades-y-adhesion-a-la-ley-micaela\/#primaryimage","url":"https:\/\/diarioprincipios.com\/wp-content\/uploads\/2020\/03\/CGT-1.jpg","contentUrl":"https:\/\/diarioprincipios.com\/wp-content\/uploads\/2020\/03\/CGT-1.jpg","width":1080,"height":540},{"@type":"BreadcrumbList","@id":"https:\/\/diarioprincipios.com\/index.php\/2020\/03\/10\/primera-reunion-del-ano-de-la-cgt-regional-con-varias-novedades-y-adhesion-a-la-ley-micaela\/#breadcrumb","itemListElement":[{"@type":"ListItem","position":1,"name":"Portada","item":"https:\/\/diarioprincipios.com\/"},{"@type":"ListItem","position":2,"name":"Primera reuni\u00f3n del a\u00f1o de la CGT Regional con varias novedades y adhesi\u00f3n a la Ley Micaela"}]},{"@type":"WebSite","@id":"https:\/\/diarioprincipios.com\/#website","url":"https:\/\/diarioprincipios.com\/","name":"Principios","description":"Principios Diario","publisher":{"@id":"https:\/\/diarioprincipios.com\/#organization"},"potentialAction":[{"@type":"SearchAction","target":{"@type":"EntryPoint","urlTemplate":"https:\/\/diarioprincipios.com\/?s={search_term_string}"},"query-input":{"@type":"PropertyValueSpecification","valueRequired":true,"valueName":"search_term_string"}}],"inLanguage":"es"},{"@type":"Organization","@id":"https:\/\/diarioprincipios.com\/#organization","name":"Principios","url":"https:\/\/diarioprincipios.com\/","logo":{"@type":"ImageObject","inLanguage":"es","@id":"https:\/\/diarioprincipios.com\/#\/schema\/logo\/image\/","url":"https:\/\/diarioprincipios.com\/wp-content\/uploads\/2024\/04\/cropped-www.diarioprincipios.com_-1.png","contentUrl":"https:\/\/diarioprincipios.com\/wp-content\/uploads\/2024\/04\/cropped-www.diarioprincipios.com_-1.png","width":5325,"height":1454,"caption":"Principios"},"image":{"@id":"https:\/\/diarioprincipios.com\/#\/schema\/logo\/image\/"}},{"@type":"Person","@id":"https:\/\/diarioprincipios.com\/#\/schema\/person\/436d5a1fd41a5e250e23ff5a6a7cb080","name":"Hern\u00e1n L\u00f3pez","image":{"@type":"ImageObject","inLanguage":"es","@id":"https:\/\/diarioprincipios.com\/wp-content\/litespeed\/avatar\/11ddfe5610ff3bd100522525b2571f48.jpg?ver=1777653193","url":"https:\/\/diarioprincipios.com\/wp-content\/litespeed\/avatar\/11ddfe5610ff3bd100522525b2571f48.jpg?ver=1777653193","contentUrl":"https:\/\/diarioprincipios.com\/wp-content\/litespeed\/avatar\/11ddfe5610ff3bd100522525b2571f48.jpg?ver=1777653193","caption":"Hern\u00e1n L\u00f3pez"},"url":"https:\/\/diarioprincipios.com\/index.php\/author\/hernan\/"}]}},"jetpack_featured_media_url":"https:\/\/diarioprincipios.com\/wp-content\/uploads\/2020\/03\/CGT-1.jpg","_links":{"self":[{"href":"https:\/\/diarioprincipios.com\/index.php\/wp-json\/wp\/v2\/posts\/268","targetHints":{"allow":["GET"]}}],"collection":[{"href":"https:\/\/diarioprincipios.com\/index.php\/wp-json\/wp\/v2\/posts"}],"about":[{"href":"https:\/\/diarioprincipios.com\/index.php\/wp-json\/wp\/v2\/types\/post"}],"author":[{"embeddable":true,"href":"https:\/\/diarioprincipios.com\/index.php\/wp-json\/wp\/v2\/users\/2"}],"replies":[{"embeddable":true,"href":"https:\/\/diarioprincipios.com\/index.php\/wp-json\/wp\/v2\/comments?post=268"}],"version-history":[{"count":1,"href":"https:\/\/diarioprincipios.com\/index.php\/wp-json\/wp\/v2\/posts\/268\/revisions"}],"predecessor-version":[{"id":270,"href":"https:\/\/diarioprincipios.com\/index.php\/wp-json\/wp\/v2\/posts\/268\/revisions\/270"}],"wp:featuredmedia":[{"embeddable":true,"href":"https:\/\/diarioprincipios.com\/index.php\/wp-json\/wp\/v2\/media\/269"}],"wp:attachment":[{"href":"https:\/\/diarioprincipios.com\/index.php\/wp-json\/wp\/v2\/media?parent=268"}],"wp:term":[{"taxonomy":"category","embeddable":true,"href":"https:\/\/diarioprincipios.com\/index.php\/wp-json\/wp\/v2\/categories?post=268"},{"taxonomy":"post_tag","embeddable":true,"href":"https:\/\/diarioprincipios.com\/index.php\/wp-json\/wp\/v2\/tags?post=268"}],"curies":[{"name":"wp","href":"https:\/\/api.w.org\/{rel}","templated":true}]}}