{"id":26790,"date":"2026-03-13T11:27:50","date_gmt":"2026-03-13T14:27:50","guid":{"rendered":"https:\/\/diarioprincipios.com\/?p=26790"},"modified":"2026-03-13T11:27:51","modified_gmt":"2026-03-13T14:27:51","slug":"homenaje-a-los-bomberos-de-berazategui-caidos-en-servicio","status":"publish","type":"post","link":"https:\/\/diarioprincipios.com\/index.php\/2026\/03\/13\/homenaje-a-los-bomberos-de-berazategui-caidos-en-servicio\/","title":{"rendered":"Homenaje a los bomberos de Berazategui ca\u00eddos en servicio"},"content":{"rendered":"\n<p>En un emotivo acto realizado en el Cementerio Parque Municipal, se rindi\u00f3 homenaje a los bomberos berazateguenses ca\u00eddos en cumplimiento de su deber. La ceremonia cont\u00f3 con la presencia de autoridades municipales e integrantes del Cuartel de Bomberos Voluntarios de Berazategui.<\/p>\n\n\n\n<p>De esta manera, se reconoci\u00f3 a los primeros cuatro bomberos del distrito ca\u00eddos en acto de servicio, el 7 de marzo de 1952 -en Florencio Varela-, cuando al momento de realizar una extinci\u00f3n explot\u00f3 un cami\u00f3n de kerosene. El homenaje fue para Roberto Rosende, Ismael Antognoli, Vicente Senzabello y Rub\u00e9n Parrillo.<\/p>\n\n\n\n<p>En representaci\u00f3n de la Municipalidad de Berazategui estuvo el secretario de Gobierno, Antonio Amarilla, quien expres\u00f3: \u201cEl intendente Carlos Balor les env\u00eda un respetuoso saludo en esta jornada conmemorativa. Adem\u00e1s, agradece el incansable trabajo que hacen por nuestra comunidad\u201d.<\/p>\n\n\n\n<figure class=\"wp-block-image size-large\"><img loading=\"lazy\" decoding=\"async\" width=\"1024\" height=\"682\" src=\"https:\/\/diarioprincipios.com\/wp-content\/uploads\/2026\/03\/Homenaje-a-los-bomberos-de-Berazategui-caidos-en-servicio-2-1024x682.jpg\" alt=\"\" class=\"wp-image-26791\" srcset=\"https:\/\/diarioprincipios.com\/wp-content\/uploads\/2026\/03\/Homenaje-a-los-bomberos-de-Berazategui-caidos-en-servicio-2-1024x682.jpg 1024w, https:\/\/diarioprincipios.com\/wp-content\/uploads\/2026\/03\/Homenaje-a-los-bomberos-de-Berazategui-caidos-en-servicio-2-300x200.jpg 300w, https:\/\/diarioprincipios.com\/wp-content\/uploads\/2026\/03\/Homenaje-a-los-bomberos-de-Berazategui-caidos-en-servicio-2-768x512.jpg 768w, https:\/\/diarioprincipios.com\/wp-content\/uploads\/2026\/03\/Homenaje-a-los-bomberos-de-Berazategui-caidos-en-servicio-2-1536x1023.jpg 1536w, https:\/\/diarioprincipios.com\/wp-content\/uploads\/2026\/03\/Homenaje-a-los-bomberos-de-Berazategui-caidos-en-servicio-2-820x545.jpg 820w, https:\/\/diarioprincipios.com\/wp-content\/uploads\/2026\/03\/Homenaje-a-los-bomberos-de-Berazategui-caidos-en-servicio-2-600x400.jpg 600w, https:\/\/diarioprincipios.com\/wp-content\/uploads\/2026\/03\/Homenaje-a-los-bomberos-de-Berazategui-caidos-en-servicio-2.jpg 1600w\" sizes=\"auto, (max-width: 1024px) 100vw, 1024px\" \/><\/figure>\n\n\n\n<p>A su vez, el jefe del Cuartel de Bomberos de Berazategui, Mart\u00edn Ruiz D\u00edaz Valdez, subray\u00f3: \u201cEste acto lo hacemos todos los a\u00f1os en homenaje a los primeros cuatro ca\u00eddos. Agradecemos la presencia de la Municipalidad en un d\u00eda muy especial para nosotros\u201d.<\/p>\n\n\n\n<p>Durante la jornada, se realiz\u00f3 la colocaci\u00f3n de ofrendas florales en memoria de quienes entregaron su vida protegiendo a los dem\u00e1s. Asimismo, tuvo lugar un respetuoso minuto de silencio.<\/p>\n\n\n\n<p>Participaron de la actividad, adem\u00e1s, el subsecretario municipal de Automotores, Federico Pereyra; y el presidente de la Sociedad Bomberos Voluntarios de Berazategui, Enrique Miguel Rocchetti.<\/p>\n","protected":false},"excerpt":{"rendered":"<p>En un emotivo acto realizado en el Cementerio Parque Municipal, se rindi\u00f3 homenaje a los bomberos berazateguenses ca\u00eddos en cumplimiento de su deber. La ceremonia cont\u00f3 con la presencia de autoridades municipales e integrantes del Cuartel de Bomberos Voluntarios de Berazategui. De esta manera, se reconoci\u00f3 a los primeros cuatro bomberos del distrito ca\u00eddos en&#8230;<\/p>\n","protected":false},"author":2,"featured_media":26793,"comment_status":"open","ping_status":"open","sticky":false,"template":"","format":"standard","meta":{"footnotes":""},"categories":[3],"tags":[],"class_list":["post-26790","post","type-post","status-publish","format-standard","has-post-thumbnail","hentry","category-berazategui"],"featured_image_src":"https:\/\/diarioprincipios.com\/wp-content\/uploads\/2026\/03\/Homenaje-a-los-bomberos-de-Berazategui-caidos-en-servicio-1-1024x682.jpg","blog_images":{"medium":"https:\/\/diarioprincipios.com\/wp-content\/uploads\/2026\/03\/Homenaje-a-los-bomberos-de-Berazategui-caidos-en-servicio-1-300x200.jpg","large":"https:\/\/diarioprincipios.com\/wp-content\/uploads\/2026\/03\/Homenaje-a-los-bomberos-de-Berazategui-caidos-en-servicio-1-1024x682.jpg"},"ams_acf":[],"yoast_head":"<!-- This site is optimized with the Yoast SEO plugin v27.3 - https:\/\/yoast.com\/product\/yoast-seo-wordpress\/ -->\n<title>Homenaje a los bomberos de Berazategui ca\u00eddos en servicio - Principios<\/title>\n<meta name=\"robots\" content=\"index, follow, max-snippet:-1, max-image-preview:large, max-video-preview:-1\" \/>\n<link rel=\"canonical\" href=\"https:\/\/diarioprincipios.com\/index.php\/2026\/03\/13\/homenaje-a-los-bomberos-de-berazategui-caidos-en-servicio\/\" \/>\n<meta property=\"og:locale\" content=\"es_ES\" \/>\n<meta property=\"og:type\" content=\"article\" \/>\n<meta property=\"og:title\" content=\"Homenaje a los bomberos de Berazategui ca\u00eddos en servicio - Principios\" \/>\n<meta property=\"og:description\" content=\"En un emotivo acto realizado en el Cementerio Parque Municipal, se rindi\u00f3 homenaje a los bomberos berazateguenses ca\u00eddos en cumplimiento de su deber. La ceremonia cont\u00f3 con la presencia de autoridades municipales e integrantes del Cuartel de Bomberos Voluntarios de Berazategui. De esta manera, se reconoci\u00f3 a los primeros cuatro bomberos del distrito ca\u00eddos en...\" \/>\n<meta property=\"og:url\" content=\"https:\/\/diarioprincipios.com\/index.php\/2026\/03\/13\/homenaje-a-los-bomberos-de-berazategui-caidos-en-servicio\/\" \/>\n<meta property=\"og:site_name\" content=\"Principios\" \/>\n<meta property=\"article:published_time\" content=\"2026-03-13T14:27:50+00:00\" \/>\n<meta property=\"article:modified_time\" content=\"2026-03-13T14:27:51+00:00\" \/>\n<meta property=\"og:image\" content=\"https:\/\/diarioprincipios.com\/wp-content\/uploads\/2026\/03\/Homenaje-a-los-bomberos-de-Berazategui-caidos-en-servicio-1.jpg\" \/>\n\t<meta property=\"og:image:width\" content=\"1600\" \/>\n\t<meta property=\"og:image:height\" content=\"1066\" \/>\n\t<meta property=\"og:image:type\" content=\"image\/jpeg\" \/>\n<meta name=\"author\" content=\"Hern\u00e1n L\u00f3pez\" \/>\n<meta name=\"twitter:card\" content=\"summary_large_image\" \/>\n<meta name=\"twitter:label1\" content=\"Escrito por\" \/>\n\t<meta name=\"twitter:data1\" content=\"Hern\u00e1n L\u00f3pez\" \/>\n\t<meta name=\"twitter:label2\" content=\"Tiempo de lectura\" \/>\n\t<meta name=\"twitter:data2\" content=\"2 minutos\" \/>\n<script type=\"application\/ld+json\" class=\"yoast-schema-graph\">{\"@context\":\"https:\\\/\\\/schema.org\",\"@graph\":[{\"@type\":\"Article\",\"@id\":\"https:\\\/\\\/diarioprincipios.com\\\/index.php\\\/2026\\\/03\\\/13\\\/homenaje-a-los-bomberos-de-berazategui-caidos-en-servicio\\\/#article\",\"isPartOf\":{\"@id\":\"https:\\\/\\\/diarioprincipios.com\\\/index.php\\\/2026\\\/03\\\/13\\\/homenaje-a-los-bomberos-de-berazategui-caidos-en-servicio\\\/\"},\"author\":{\"name\":\"Hern\u00e1n L\u00f3pez\",\"@id\":\"https:\\\/\\\/diarioprincipios.com\\\/#\\\/schema\\\/person\\\/436d5a1fd41a5e250e23ff5a6a7cb080\"},\"headline\":\"Homenaje a los bomberos de Berazategui ca\u00eddos en servicio\",\"datePublished\":\"2026-03-13T14:27:50+00:00\",\"dateModified\":\"2026-03-13T14:27:51+00:00\",\"mainEntityOfPage\":{\"@id\":\"https:\\\/\\\/diarioprincipios.com\\\/index.php\\\/2026\\\/03\\\/13\\\/homenaje-a-los-bomberos-de-berazategui-caidos-en-servicio\\\/\"},\"wordCount\":252,\"commentCount\":0,\"publisher\":{\"@id\":\"https:\\\/\\\/diarioprincipios.com\\\/#organization\"},\"image\":{\"@id\":\"https:\\\/\\\/diarioprincipios.com\\\/index.php\\\/2026\\\/03\\\/13\\\/homenaje-a-los-bomberos-de-berazategui-caidos-en-servicio\\\/#primaryimage\"},\"thumbnailUrl\":\"https:\\\/\\\/diarioprincipios.com\\\/wp-content\\\/uploads\\\/2026\\\/03\\\/Homenaje-a-los-bomberos-de-Berazategui-caidos-en-servicio-1.jpg\",\"articleSection\":[\"Berazategui\"],\"inLanguage\":\"es\",\"potentialAction\":[{\"@type\":\"CommentAction\",\"name\":\"Comment\",\"target\":[\"https:\\\/\\\/diarioprincipios.com\\\/index.php\\\/2026\\\/03\\\/13\\\/homenaje-a-los-bomberos-de-berazategui-caidos-en-servicio\\\/#respond\"]}]},{\"@type\":\"WebPage\",\"@id\":\"https:\\\/\\\/diarioprincipios.com\\\/index.php\\\/2026\\\/03\\\/13\\\/homenaje-a-los-bomberos-de-berazategui-caidos-en-servicio\\\/\",\"url\":\"https:\\\/\\\/diarioprincipios.com\\\/index.php\\\/2026\\\/03\\\/13\\\/homenaje-a-los-bomberos-de-berazategui-caidos-en-servicio\\\/\",\"name\":\"Homenaje a los bomberos de Berazategui ca\u00eddos en servicio - Principios\",\"isPartOf\":{\"@id\":\"https:\\\/\\\/diarioprincipios.com\\\/#website\"},\"primaryImageOfPage\":{\"@id\":\"https:\\\/\\\/diarioprincipios.com\\\/index.php\\\/2026\\\/03\\\/13\\\/homenaje-a-los-bomberos-de-berazategui-caidos-en-servicio\\\/#primaryimage\"},\"image\":{\"@id\":\"https:\\\/\\\/diarioprincipios.com\\\/index.php\\\/2026\\\/03\\\/13\\\/homenaje-a-los-bomberos-de-berazategui-caidos-en-servicio\\\/#primaryimage\"},\"thumbnailUrl\":\"https:\\\/\\\/diarioprincipios.com\\\/wp-content\\\/uploads\\\/2026\\\/03\\\/Homenaje-a-los-bomberos-de-Berazategui-caidos-en-servicio-1.jpg\",\"datePublished\":\"2026-03-13T14:27:50+00:00\",\"dateModified\":\"2026-03-13T14:27:51+00:00\",\"breadcrumb\":{\"@id\":\"https:\\\/\\\/diarioprincipios.com\\\/index.php\\\/2026\\\/03\\\/13\\\/homenaje-a-los-bomberos-de-berazategui-caidos-en-servicio\\\/#breadcrumb\"},\"inLanguage\":\"es\",\"potentialAction\":[{\"@type\":\"ReadAction\",\"target\":[\"https:\\\/\\\/diarioprincipios.com\\\/index.php\\\/2026\\\/03\\\/13\\\/homenaje-a-los-bomberos-de-berazategui-caidos-en-servicio\\\/\"]}]},{\"@type\":\"ImageObject\",\"inLanguage\":\"es\",\"@id\":\"https:\\\/\\\/diarioprincipios.com\\\/index.php\\\/2026\\\/03\\\/13\\\/homenaje-a-los-bomberos-de-berazategui-caidos-en-servicio\\\/#primaryimage\",\"url\":\"https:\\\/\\\/diarioprincipios.com\\\/wp-content\\\/uploads\\\/2026\\\/03\\\/Homenaje-a-los-bomberos-de-Berazategui-caidos-en-servicio-1.jpg\",\"contentUrl\":\"https:\\\/\\\/diarioprincipios.com\\\/wp-content\\\/uploads\\\/2026\\\/03\\\/Homenaje-a-los-bomberos-de-Berazategui-caidos-en-servicio-1.jpg\",\"width\":1600,\"height\":1066},{\"@type\":\"BreadcrumbList\",\"@id\":\"https:\\\/\\\/diarioprincipios.com\\\/index.php\\\/2026\\\/03\\\/13\\\/homenaje-a-los-bomberos-de-berazategui-caidos-en-servicio\\\/#breadcrumb\",\"itemListElement\":[{\"@type\":\"ListItem\",\"position\":1,\"name\":\"Portada\",\"item\":\"https:\\\/\\\/diarioprincipios.com\\\/\"},{\"@type\":\"ListItem\",\"position\":2,\"name\":\"Homenaje a los bomberos de Berazategui ca\u00eddos en servicio\"}]},{\"@type\":\"WebSite\",\"@id\":\"https:\\\/\\\/diarioprincipios.com\\\/#website\",\"url\":\"https:\\\/\\\/diarioprincipios.com\\\/\",\"name\":\"Principios\",\"description\":\"Principios Diario\",\"publisher\":{\"@id\":\"https:\\\/\\\/diarioprincipios.com\\\/#organization\"},\"potentialAction\":[{\"@type\":\"SearchAction\",\"target\":{\"@type\":\"EntryPoint\",\"urlTemplate\":\"https:\\\/\\\/diarioprincipios.com\\\/?s={search_term_string}\"},\"query-input\":{\"@type\":\"PropertyValueSpecification\",\"valueRequired\":true,\"valueName\":\"search_term_string\"}}],\"inLanguage\":\"es\"},{\"@type\":\"Organization\",\"@id\":\"https:\\\/\\\/diarioprincipios.com\\\/#organization\",\"name\":\"Principios\",\"url\":\"https:\\\/\\\/diarioprincipios.com\\\/\",\"logo\":{\"@type\":\"ImageObject\",\"inLanguage\":\"es\",\"@id\":\"https:\\\/\\\/diarioprincipios.com\\\/#\\\/schema\\\/logo\\\/image\\\/\",\"url\":\"https:\\\/\\\/diarioprincipios.com\\\/wp-content\\\/uploads\\\/2024\\\/04\\\/cropped-www.diarioprincipios.com_-1.png\",\"contentUrl\":\"https:\\\/\\\/diarioprincipios.com\\\/wp-content\\\/uploads\\\/2024\\\/04\\\/cropped-www.diarioprincipios.com_-1.png\",\"width\":5325,\"height\":1454,\"caption\":\"Principios\"},\"image\":{\"@id\":\"https:\\\/\\\/diarioprincipios.com\\\/#\\\/schema\\\/logo\\\/image\\\/\"}},{\"@type\":\"Person\",\"@id\":\"https:\\\/\\\/diarioprincipios.com\\\/#\\\/schema\\\/person\\\/436d5a1fd41a5e250e23ff5a6a7cb080\",\"name\":\"Hern\u00e1n L\u00f3pez\",\"image\":{\"@type\":\"ImageObject\",\"inLanguage\":\"es\",\"@id\":\"https:\\\/\\\/diarioprincipios.com\\\/wp-content\\\/litespeed\\\/avatar\\\/11ddfe5610ff3bd100522525b2571f48.jpg?ver=1777048341\",\"url\":\"https:\\\/\\\/diarioprincipios.com\\\/wp-content\\\/litespeed\\\/avatar\\\/11ddfe5610ff3bd100522525b2571f48.jpg?ver=1777048341\",\"contentUrl\":\"https:\\\/\\\/diarioprincipios.com\\\/wp-content\\\/litespeed\\\/avatar\\\/11ddfe5610ff3bd100522525b2571f48.jpg?ver=1777048341\",\"caption\":\"Hern\u00e1n L\u00f3pez\"},\"url\":\"https:\\\/\\\/diarioprincipios.com\\\/index.php\\\/author\\\/hernan\\\/\"}]}<\/script>\n<!-- \/ Yoast SEO plugin. -->","yoast_head_json":{"title":"Homenaje a los bomberos de Berazategui ca\u00eddos en servicio - Principios","robots":{"index":"index","follow":"follow","max-snippet":"max-snippet:-1","max-image-preview":"max-image-preview:large","max-video-preview":"max-video-preview:-1"},"canonical":"https:\/\/diarioprincipios.com\/index.php\/2026\/03\/13\/homenaje-a-los-bomberos-de-berazategui-caidos-en-servicio\/","og_locale":"es_ES","og_type":"article","og_title":"Homenaje a los bomberos de Berazategui ca\u00eddos en servicio - Principios","og_description":"En un emotivo acto realizado en el Cementerio Parque Municipal, se rindi\u00f3 homenaje a los bomberos berazateguenses ca\u00eddos en cumplimiento de su deber. La ceremonia cont\u00f3 con la presencia de autoridades municipales e integrantes del Cuartel de Bomberos Voluntarios de Berazategui. De esta manera, se reconoci\u00f3 a los primeros cuatro bomberos del distrito ca\u00eddos en...","og_url":"https:\/\/diarioprincipios.com\/index.php\/2026\/03\/13\/homenaje-a-los-bomberos-de-berazategui-caidos-en-servicio\/","og_site_name":"Principios","article_published_time":"2026-03-13T14:27:50+00:00","article_modified_time":"2026-03-13T14:27:51+00:00","og_image":[{"width":1600,"height":1066,"url":"https:\/\/diarioprincipios.com\/wp-content\/uploads\/2026\/03\/Homenaje-a-los-bomberos-de-Berazategui-caidos-en-servicio-1.jpg","type":"image\/jpeg"}],"author":"Hern\u00e1n L\u00f3pez","twitter_card":"summary_large_image","twitter_misc":{"Escrito por":"Hern\u00e1n L\u00f3pez","Tiempo de lectura":"2 minutos"},"schema":{"@context":"https:\/\/schema.org","@graph":[{"@type":"Article","@id":"https:\/\/diarioprincipios.com\/index.php\/2026\/03\/13\/homenaje-a-los-bomberos-de-berazategui-caidos-en-servicio\/#article","isPartOf":{"@id":"https:\/\/diarioprincipios.com\/index.php\/2026\/03\/13\/homenaje-a-los-bomberos-de-berazategui-caidos-en-servicio\/"},"author":{"name":"Hern\u00e1n L\u00f3pez","@id":"https:\/\/diarioprincipios.com\/#\/schema\/person\/436d5a1fd41a5e250e23ff5a6a7cb080"},"headline":"Homenaje a los bomberos de Berazategui ca\u00eddos en servicio","datePublished":"2026-03-13T14:27:50+00:00","dateModified":"2026-03-13T14:27:51+00:00","mainEntityOfPage":{"@id":"https:\/\/diarioprincipios.com\/index.php\/2026\/03\/13\/homenaje-a-los-bomberos-de-berazategui-caidos-en-servicio\/"},"wordCount":252,"commentCount":0,"publisher":{"@id":"https:\/\/diarioprincipios.com\/#organization"},"image":{"@id":"https:\/\/diarioprincipios.com\/index.php\/2026\/03\/13\/homenaje-a-los-bomberos-de-berazategui-caidos-en-servicio\/#primaryimage"},"thumbnailUrl":"https:\/\/diarioprincipios.com\/wp-content\/uploads\/2026\/03\/Homenaje-a-los-bomberos-de-Berazategui-caidos-en-servicio-1.jpg","articleSection":["Berazategui"],"inLanguage":"es","potentialAction":[{"@type":"CommentAction","name":"Comment","target":["https:\/\/diarioprincipios.com\/index.php\/2026\/03\/13\/homenaje-a-los-bomberos-de-berazategui-caidos-en-servicio\/#respond"]}]},{"@type":"WebPage","@id":"https:\/\/diarioprincipios.com\/index.php\/2026\/03\/13\/homenaje-a-los-bomberos-de-berazategui-caidos-en-servicio\/","url":"https:\/\/diarioprincipios.com\/index.php\/2026\/03\/13\/homenaje-a-los-bomberos-de-berazategui-caidos-en-servicio\/","name":"Homenaje a los bomberos de Berazategui ca\u00eddos en servicio - Principios","isPartOf":{"@id":"https:\/\/diarioprincipios.com\/#website"},"primaryImageOfPage":{"@id":"https:\/\/diarioprincipios.com\/index.php\/2026\/03\/13\/homenaje-a-los-bomberos-de-berazategui-caidos-en-servicio\/#primaryimage"},"image":{"@id":"https:\/\/diarioprincipios.com\/index.php\/2026\/03\/13\/homenaje-a-los-bomberos-de-berazategui-caidos-en-servicio\/#primaryimage"},"thumbnailUrl":"https:\/\/diarioprincipios.com\/wp-content\/uploads\/2026\/03\/Homenaje-a-los-bomberos-de-Berazategui-caidos-en-servicio-1.jpg","datePublished":"2026-03-13T14:27:50+00:00","dateModified":"2026-03-13T14:27:51+00:00","breadcrumb":{"@id":"https:\/\/diarioprincipios.com\/index.php\/2026\/03\/13\/homenaje-a-los-bomberos-de-berazategui-caidos-en-servicio\/#breadcrumb"},"inLanguage":"es","potentialAction":[{"@type":"ReadAction","target":["https:\/\/diarioprincipios.com\/index.php\/2026\/03\/13\/homenaje-a-los-bomberos-de-berazategui-caidos-en-servicio\/"]}]},{"@type":"ImageObject","inLanguage":"es","@id":"https:\/\/diarioprincipios.com\/index.php\/2026\/03\/13\/homenaje-a-los-bomberos-de-berazategui-caidos-en-servicio\/#primaryimage","url":"https:\/\/diarioprincipios.com\/wp-content\/uploads\/2026\/03\/Homenaje-a-los-bomberos-de-Berazategui-caidos-en-servicio-1.jpg","contentUrl":"https:\/\/diarioprincipios.com\/wp-content\/uploads\/2026\/03\/Homenaje-a-los-bomberos-de-Berazategui-caidos-en-servicio-1.jpg","width":1600,"height":1066},{"@type":"BreadcrumbList","@id":"https:\/\/diarioprincipios.com\/index.php\/2026\/03\/13\/homenaje-a-los-bomberos-de-berazategui-caidos-en-servicio\/#breadcrumb","itemListElement":[{"@type":"ListItem","position":1,"name":"Portada","item":"https:\/\/diarioprincipios.com\/"},{"@type":"ListItem","position":2,"name":"Homenaje a los bomberos de Berazategui ca\u00eddos en servicio"}]},{"@type":"WebSite","@id":"https:\/\/diarioprincipios.com\/#website","url":"https:\/\/diarioprincipios.com\/","name":"Principios","description":"Principios Diario","publisher":{"@id":"https:\/\/diarioprincipios.com\/#organization"},"potentialAction":[{"@type":"SearchAction","target":{"@type":"EntryPoint","urlTemplate":"https:\/\/diarioprincipios.com\/?s={search_term_string}"},"query-input":{"@type":"PropertyValueSpecification","valueRequired":true,"valueName":"search_term_string"}}],"inLanguage":"es"},{"@type":"Organization","@id":"https:\/\/diarioprincipios.com\/#organization","name":"Principios","url":"https:\/\/diarioprincipios.com\/","logo":{"@type":"ImageObject","inLanguage":"es","@id":"https:\/\/diarioprincipios.com\/#\/schema\/logo\/image\/","url":"https:\/\/diarioprincipios.com\/wp-content\/uploads\/2024\/04\/cropped-www.diarioprincipios.com_-1.png","contentUrl":"https:\/\/diarioprincipios.com\/wp-content\/uploads\/2024\/04\/cropped-www.diarioprincipios.com_-1.png","width":5325,"height":1454,"caption":"Principios"},"image":{"@id":"https:\/\/diarioprincipios.com\/#\/schema\/logo\/image\/"}},{"@type":"Person","@id":"https:\/\/diarioprincipios.com\/#\/schema\/person\/436d5a1fd41a5e250e23ff5a6a7cb080","name":"Hern\u00e1n L\u00f3pez","image":{"@type":"ImageObject","inLanguage":"es","@id":"https:\/\/diarioprincipios.com\/wp-content\/litespeed\/avatar\/11ddfe5610ff3bd100522525b2571f48.jpg?ver=1777048341","url":"https:\/\/diarioprincipios.com\/wp-content\/litespeed\/avatar\/11ddfe5610ff3bd100522525b2571f48.jpg?ver=1777048341","contentUrl":"https:\/\/diarioprincipios.com\/wp-content\/litespeed\/avatar\/11ddfe5610ff3bd100522525b2571f48.jpg?ver=1777048341","caption":"Hern\u00e1n L\u00f3pez"},"url":"https:\/\/diarioprincipios.com\/index.php\/author\/hernan\/"}]}},"jetpack_featured_media_url":"https:\/\/diarioprincipios.com\/wp-content\/uploads\/2026\/03\/Homenaje-a-los-bomberos-de-Berazategui-caidos-en-servicio-1.jpg","_links":{"self":[{"href":"https:\/\/diarioprincipios.com\/index.php\/wp-json\/wp\/v2\/posts\/26790","targetHints":{"allow":["GET"]}}],"collection":[{"href":"https:\/\/diarioprincipios.com\/index.php\/wp-json\/wp\/v2\/posts"}],"about":[{"href":"https:\/\/diarioprincipios.com\/index.php\/wp-json\/wp\/v2\/types\/post"}],"author":[{"embeddable":true,"href":"https:\/\/diarioprincipios.com\/index.php\/wp-json\/wp\/v2\/users\/2"}],"replies":[{"embeddable":true,"href":"https:\/\/diarioprincipios.com\/index.php\/wp-json\/wp\/v2\/comments?post=26790"}],"version-history":[{"count":1,"href":"https:\/\/diarioprincipios.com\/index.php\/wp-json\/wp\/v2\/posts\/26790\/revisions"}],"predecessor-version":[{"id":26794,"href":"https:\/\/diarioprincipios.com\/index.php\/wp-json\/wp\/v2\/posts\/26790\/revisions\/26794"}],"wp:featuredmedia":[{"embeddable":true,"href":"https:\/\/diarioprincipios.com\/index.php\/wp-json\/wp\/v2\/media\/26793"}],"wp:attachment":[{"href":"https:\/\/diarioprincipios.com\/index.php\/wp-json\/wp\/v2\/media?parent=26790"}],"wp:term":[{"taxonomy":"category","embeddable":true,"href":"https:\/\/diarioprincipios.com\/index.php\/wp-json\/wp\/v2\/categories?post=26790"},{"taxonomy":"post_tag","embeddable":true,"href":"https:\/\/diarioprincipios.com\/index.php\/wp-json\/wp\/v2\/tags?post=26790"}],"curies":[{"name":"wp","href":"https:\/\/api.w.org\/{rel}","templated":true}]}}