{"id":26786,"date":"2026-03-12T15:18:21","date_gmt":"2026-03-12T18:18:21","guid":{"rendered":"https:\/\/diarioprincipios.com\/?p=26786"},"modified":"2026-03-12T15:18:42","modified_gmt":"2026-03-12T18:18:42","slug":"carlos-balor-visito-el-club-y-la-sociedad-de-fomento-26-de-agosto","status":"publish","type":"post","link":"https:\/\/diarioprincipios.com\/index.php\/2026\/03\/12\/carlos-balor-visito-el-club-y-la-sociedad-de-fomento-26-de-agosto\/","title":{"rendered":"Carlos Balor visit\u00f3 el Club y la Sociedad de Fomento 26 de Agosto"},"content":{"rendered":"\n<p>El intendente de Berazategui, Carlos Balor, visit\u00f3 el Club Social y Deportivo y la Sociedad de Fomento 26 de Agosto (Calle 411 A y 453, Guti\u00e9rrez) y estuvo en la presentaci\u00f3n de su nueva Comisi\u00f3n Directiva. Adem\u00e1s, les entreg\u00f3 un subsidio para que puedan realizar obras de mejora y reparaciones en las instituciones.<\/p>\n\n\n\n<p>\u201cEs un gusto para m\u00ed estar ac\u00e1. Este subsidio iba a ser entregado por el Dr. Juan Jos\u00e9 Mussi y lo que hacemos es cumplir con su legado, ayudar a las instituciones como \u00e9l lo hac\u00eda. Vamos a seguir apostando al deporte y estando siempre al lado de los vecinos. Much\u00edsimas gracias\u201d, destac\u00f3 Balor.<\/p>\n\n\n\n<figure class=\"wp-block-image size-large\"><img loading=\"lazy\" decoding=\"async\" width=\"1024\" height=\"683\" src=\"https:\/\/diarioprincipios.com\/wp-content\/uploads\/2026\/03\/Carlos-Balor-visito-el-Club-y-la-Sociedad-de-Fomento-26-de-Agosto-1-1024x683.jpg\" alt=\"\" class=\"wp-image-26787\" srcset=\"https:\/\/diarioprincipios.com\/wp-content\/uploads\/2026\/03\/Carlos-Balor-visito-el-Club-y-la-Sociedad-de-Fomento-26-de-Agosto-1-1024x683.jpg 1024w, https:\/\/diarioprincipios.com\/wp-content\/uploads\/2026\/03\/Carlos-Balor-visito-el-Club-y-la-Sociedad-de-Fomento-26-de-Agosto-1-300x200.jpg 300w, https:\/\/diarioprincipios.com\/wp-content\/uploads\/2026\/03\/Carlos-Balor-visito-el-Club-y-la-Sociedad-de-Fomento-26-de-Agosto-1-768x512.jpg 768w, https:\/\/diarioprincipios.com\/wp-content\/uploads\/2026\/03\/Carlos-Balor-visito-el-Club-y-la-Sociedad-de-Fomento-26-de-Agosto-1-1536x1024.jpg 1536w, https:\/\/diarioprincipios.com\/wp-content\/uploads\/2026\/03\/Carlos-Balor-visito-el-Club-y-la-Sociedad-de-Fomento-26-de-Agosto-1-600x400.jpg 600w, https:\/\/diarioprincipios.com\/wp-content\/uploads\/2026\/03\/Carlos-Balor-visito-el-Club-y-la-Sociedad-de-Fomento-26-de-Agosto-1.jpg 1920w\" sizes=\"auto, (max-width: 1024px) 100vw, 1024px\" \/><\/figure>\n\n\n\n<p>Por su parte, Francisco Amarilla, nuevo presidente del Club -junto con Daniela Gonz\u00e1lez como secretaria y Diego Miranda como tesorero-, expres\u00f3: \u201cTuvimos la visita del Intendente, fue muy agradable. Nos entreg\u00f3 un subsidio para realizar mejoras y le pudimos presentar a los nuevos integrantes de la Comisi\u00f3n. Estamos muy contentos de saber que el Municipio sigue colaborando con los clubes de barrio, para beneficio de los vecinos y vecinas de Juan Mar\u00eda Guti\u00e9rrez. Tenemos 220 chicos y chicas participando en los Torneos Evita y Evita Capitana. Esta ayuda hace posible que tengan un espacio lindo para poder competir y sentirse c\u00f3modos\u201d.<\/p>\n\n\n\n<p>Los subsidios forman parte de los programas de entrega de aportes econ\u00f3micos a entidades intermedias, dispuestos con el objetivo de contribuir al desarrollo de las instituciones de Berazategui.<\/p>\n\n\n\n<p>En la visita estuvieron presentes, adem\u00e1s, integrantes del Gabinete municipal, vecinos y vecinas.<\/p>\n\n\n\n<p><\/p>\n","protected":false},"excerpt":{"rendered":"<p>El intendente de Berazategui, Carlos Balor, visit\u00f3 el Club Social y Deportivo y la Sociedad de Fomento 26 de Agosto (Calle 411 A y 453, Guti\u00e9rrez) y estuvo en la presentaci\u00f3n de su nueva Comisi\u00f3n Directiva. Adem\u00e1s, les entreg\u00f3 un subsidio para que puedan realizar obras de mejora y reparaciones en las instituciones. \u201cEs un&#8230;<\/p>\n","protected":false},"author":2,"featured_media":26788,"comment_status":"open","ping_status":"open","sticky":false,"template":"","format":"standard","meta":{"footnotes":""},"categories":[3],"tags":[],"class_list":["post-26786","post","type-post","status-publish","format-standard","has-post-thumbnail","hentry","category-berazategui"],"featured_image_src":"https:\/\/diarioprincipios.com\/wp-content\/uploads\/2026\/03\/Carlos-Balor-visito-el-Club-y-la-Sociedad-de-Fomento-26-de-Agosto-3-1024x683.jpg","blog_images":{"medium":"https:\/\/diarioprincipios.com\/wp-content\/uploads\/2026\/03\/Carlos-Balor-visito-el-Club-y-la-Sociedad-de-Fomento-26-de-Agosto-3-300x200.jpg","large":"https:\/\/diarioprincipios.com\/wp-content\/uploads\/2026\/03\/Carlos-Balor-visito-el-Club-y-la-Sociedad-de-Fomento-26-de-Agosto-3-1024x683.jpg"},"ams_acf":[],"yoast_head":"<!-- This site is optimized with the Yoast SEO plugin v27.3 - https:\/\/yoast.com\/product\/yoast-seo-wordpress\/ -->\n<title>Carlos Balor visit\u00f3 el Club y la Sociedad de Fomento 26 de Agosto - Principios<\/title>\n<meta name=\"robots\" content=\"index, follow, max-snippet:-1, max-image-preview:large, max-video-preview:-1\" \/>\n<link rel=\"canonical\" href=\"https:\/\/diarioprincipios.com\/index.php\/2026\/03\/12\/carlos-balor-visito-el-club-y-la-sociedad-de-fomento-26-de-agosto\/\" \/>\n<meta property=\"og:locale\" content=\"es_ES\" \/>\n<meta property=\"og:type\" content=\"article\" \/>\n<meta property=\"og:title\" content=\"Carlos Balor visit\u00f3 el Club y la Sociedad de Fomento 26 de Agosto - Principios\" \/>\n<meta property=\"og:description\" content=\"El intendente de Berazategui, Carlos Balor, visit\u00f3 el Club Social y Deportivo y la Sociedad de Fomento 26 de Agosto (Calle 411 A y 453, Guti\u00e9rrez) y estuvo en la presentaci\u00f3n de su nueva Comisi\u00f3n Directiva. Adem\u00e1s, les entreg\u00f3 un subsidio para que puedan realizar obras de mejora y reparaciones en las instituciones. \u201cEs un...\" \/>\n<meta property=\"og:url\" content=\"https:\/\/diarioprincipios.com\/index.php\/2026\/03\/12\/carlos-balor-visito-el-club-y-la-sociedad-de-fomento-26-de-agosto\/\" \/>\n<meta property=\"og:site_name\" content=\"Principios\" \/>\n<meta property=\"article:published_time\" content=\"2026-03-12T18:18:21+00:00\" \/>\n<meta property=\"article:modified_time\" content=\"2026-03-12T18:18:42+00:00\" \/>\n<meta property=\"og:image\" content=\"https:\/\/diarioprincipios.com\/wp-content\/uploads\/2026\/03\/Carlos-Balor-visito-el-Club-y-la-Sociedad-de-Fomento-26-de-Agosto-3.jpg\" \/>\n\t<meta property=\"og:image:width\" content=\"1920\" \/>\n\t<meta property=\"og:image:height\" content=\"1280\" \/>\n\t<meta property=\"og:image:type\" content=\"image\/jpeg\" \/>\n<meta name=\"author\" content=\"Hern\u00e1n L\u00f3pez\" \/>\n<meta name=\"twitter:card\" content=\"summary_large_image\" \/>\n<meta name=\"twitter:label1\" content=\"Escrito por\" \/>\n\t<meta name=\"twitter:data1\" content=\"Hern\u00e1n L\u00f3pez\" \/>\n\t<meta name=\"twitter:label2\" content=\"Tiempo de lectura\" \/>\n\t<meta name=\"twitter:data2\" content=\"2 minutos\" \/>\n<script type=\"application\/ld+json\" class=\"yoast-schema-graph\">{\"@context\":\"https:\\\/\\\/schema.org\",\"@graph\":[{\"@type\":\"Article\",\"@id\":\"https:\\\/\\\/diarioprincipios.com\\\/index.php\\\/2026\\\/03\\\/12\\\/carlos-balor-visito-el-club-y-la-sociedad-de-fomento-26-de-agosto\\\/#article\",\"isPartOf\":{\"@id\":\"https:\\\/\\\/diarioprincipios.com\\\/index.php\\\/2026\\\/03\\\/12\\\/carlos-balor-visito-el-club-y-la-sociedad-de-fomento-26-de-agosto\\\/\"},\"author\":{\"name\":\"Hern\u00e1n L\u00f3pez\",\"@id\":\"https:\\\/\\\/diarioprincipios.com\\\/#\\\/schema\\\/person\\\/436d5a1fd41a5e250e23ff5a6a7cb080\"},\"headline\":\"Carlos Balor visit\u00f3 el Club y la Sociedad de Fomento 26 de Agosto\",\"datePublished\":\"2026-03-12T18:18:21+00:00\",\"dateModified\":\"2026-03-12T18:18:42+00:00\",\"mainEntityOfPage\":{\"@id\":\"https:\\\/\\\/diarioprincipios.com\\\/index.php\\\/2026\\\/03\\\/12\\\/carlos-balor-visito-el-club-y-la-sociedad-de-fomento-26-de-agosto\\\/\"},\"wordCount\":270,\"commentCount\":0,\"publisher\":{\"@id\":\"https:\\\/\\\/diarioprincipios.com\\\/#organization\"},\"image\":{\"@id\":\"https:\\\/\\\/diarioprincipios.com\\\/index.php\\\/2026\\\/03\\\/12\\\/carlos-balor-visito-el-club-y-la-sociedad-de-fomento-26-de-agosto\\\/#primaryimage\"},\"thumbnailUrl\":\"https:\\\/\\\/diarioprincipios.com\\\/wp-content\\\/uploads\\\/2026\\\/03\\\/Carlos-Balor-visito-el-Club-y-la-Sociedad-de-Fomento-26-de-Agosto-3.jpg\",\"articleSection\":[\"Berazategui\"],\"inLanguage\":\"es\",\"potentialAction\":[{\"@type\":\"CommentAction\",\"name\":\"Comment\",\"target\":[\"https:\\\/\\\/diarioprincipios.com\\\/index.php\\\/2026\\\/03\\\/12\\\/carlos-balor-visito-el-club-y-la-sociedad-de-fomento-26-de-agosto\\\/#respond\"]}]},{\"@type\":\"WebPage\",\"@id\":\"https:\\\/\\\/diarioprincipios.com\\\/index.php\\\/2026\\\/03\\\/12\\\/carlos-balor-visito-el-club-y-la-sociedad-de-fomento-26-de-agosto\\\/\",\"url\":\"https:\\\/\\\/diarioprincipios.com\\\/index.php\\\/2026\\\/03\\\/12\\\/carlos-balor-visito-el-club-y-la-sociedad-de-fomento-26-de-agosto\\\/\",\"name\":\"Carlos Balor visit\u00f3 el Club y la Sociedad de Fomento 26 de Agosto - Principios\",\"isPartOf\":{\"@id\":\"https:\\\/\\\/diarioprincipios.com\\\/#website\"},\"primaryImageOfPage\":{\"@id\":\"https:\\\/\\\/diarioprincipios.com\\\/index.php\\\/2026\\\/03\\\/12\\\/carlos-balor-visito-el-club-y-la-sociedad-de-fomento-26-de-agosto\\\/#primaryimage\"},\"image\":{\"@id\":\"https:\\\/\\\/diarioprincipios.com\\\/index.php\\\/2026\\\/03\\\/12\\\/carlos-balor-visito-el-club-y-la-sociedad-de-fomento-26-de-agosto\\\/#primaryimage\"},\"thumbnailUrl\":\"https:\\\/\\\/diarioprincipios.com\\\/wp-content\\\/uploads\\\/2026\\\/03\\\/Carlos-Balor-visito-el-Club-y-la-Sociedad-de-Fomento-26-de-Agosto-3.jpg\",\"datePublished\":\"2026-03-12T18:18:21+00:00\",\"dateModified\":\"2026-03-12T18:18:42+00:00\",\"breadcrumb\":{\"@id\":\"https:\\\/\\\/diarioprincipios.com\\\/index.php\\\/2026\\\/03\\\/12\\\/carlos-balor-visito-el-club-y-la-sociedad-de-fomento-26-de-agosto\\\/#breadcrumb\"},\"inLanguage\":\"es\",\"potentialAction\":[{\"@type\":\"ReadAction\",\"target\":[\"https:\\\/\\\/diarioprincipios.com\\\/index.php\\\/2026\\\/03\\\/12\\\/carlos-balor-visito-el-club-y-la-sociedad-de-fomento-26-de-agosto\\\/\"]}]},{\"@type\":\"ImageObject\",\"inLanguage\":\"es\",\"@id\":\"https:\\\/\\\/diarioprincipios.com\\\/index.php\\\/2026\\\/03\\\/12\\\/carlos-balor-visito-el-club-y-la-sociedad-de-fomento-26-de-agosto\\\/#primaryimage\",\"url\":\"https:\\\/\\\/diarioprincipios.com\\\/wp-content\\\/uploads\\\/2026\\\/03\\\/Carlos-Balor-visito-el-Club-y-la-Sociedad-de-Fomento-26-de-Agosto-3.jpg\",\"contentUrl\":\"https:\\\/\\\/diarioprincipios.com\\\/wp-content\\\/uploads\\\/2026\\\/03\\\/Carlos-Balor-visito-el-Club-y-la-Sociedad-de-Fomento-26-de-Agosto-3.jpg\",\"width\":1920,\"height\":1280},{\"@type\":\"BreadcrumbList\",\"@id\":\"https:\\\/\\\/diarioprincipios.com\\\/index.php\\\/2026\\\/03\\\/12\\\/carlos-balor-visito-el-club-y-la-sociedad-de-fomento-26-de-agosto\\\/#breadcrumb\",\"itemListElement\":[{\"@type\":\"ListItem\",\"position\":1,\"name\":\"Portada\",\"item\":\"https:\\\/\\\/diarioprincipios.com\\\/\"},{\"@type\":\"ListItem\",\"position\":2,\"name\":\"Carlos Balor visit\u00f3 el Club y la Sociedad de Fomento 26 de Agosto\"}]},{\"@type\":\"WebSite\",\"@id\":\"https:\\\/\\\/diarioprincipios.com\\\/#website\",\"url\":\"https:\\\/\\\/diarioprincipios.com\\\/\",\"name\":\"Principios\",\"description\":\"Principios Diario\",\"publisher\":{\"@id\":\"https:\\\/\\\/diarioprincipios.com\\\/#organization\"},\"potentialAction\":[{\"@type\":\"SearchAction\",\"target\":{\"@type\":\"EntryPoint\",\"urlTemplate\":\"https:\\\/\\\/diarioprincipios.com\\\/?s={search_term_string}\"},\"query-input\":{\"@type\":\"PropertyValueSpecification\",\"valueRequired\":true,\"valueName\":\"search_term_string\"}}],\"inLanguage\":\"es\"},{\"@type\":\"Organization\",\"@id\":\"https:\\\/\\\/diarioprincipios.com\\\/#organization\",\"name\":\"Principios\",\"url\":\"https:\\\/\\\/diarioprincipios.com\\\/\",\"logo\":{\"@type\":\"ImageObject\",\"inLanguage\":\"es\",\"@id\":\"https:\\\/\\\/diarioprincipios.com\\\/#\\\/schema\\\/logo\\\/image\\\/\",\"url\":\"https:\\\/\\\/diarioprincipios.com\\\/wp-content\\\/uploads\\\/2024\\\/04\\\/cropped-www.diarioprincipios.com_-1.png\",\"contentUrl\":\"https:\\\/\\\/diarioprincipios.com\\\/wp-content\\\/uploads\\\/2024\\\/04\\\/cropped-www.diarioprincipios.com_-1.png\",\"width\":5325,\"height\":1454,\"caption\":\"Principios\"},\"image\":{\"@id\":\"https:\\\/\\\/diarioprincipios.com\\\/#\\\/schema\\\/logo\\\/image\\\/\"}},{\"@type\":\"Person\",\"@id\":\"https:\\\/\\\/diarioprincipios.com\\\/#\\\/schema\\\/person\\\/436d5a1fd41a5e250e23ff5a6a7cb080\",\"name\":\"Hern\u00e1n L\u00f3pez\",\"image\":{\"@type\":\"ImageObject\",\"inLanguage\":\"es\",\"@id\":\"https:\\\/\\\/diarioprincipios.com\\\/wp-content\\\/litespeed\\\/avatar\\\/11ddfe5610ff3bd100522525b2571f48.jpg?ver=1777048341\",\"url\":\"https:\\\/\\\/diarioprincipios.com\\\/wp-content\\\/litespeed\\\/avatar\\\/11ddfe5610ff3bd100522525b2571f48.jpg?ver=1777048341\",\"contentUrl\":\"https:\\\/\\\/diarioprincipios.com\\\/wp-content\\\/litespeed\\\/avatar\\\/11ddfe5610ff3bd100522525b2571f48.jpg?ver=1777048341\",\"caption\":\"Hern\u00e1n L\u00f3pez\"},\"url\":\"https:\\\/\\\/diarioprincipios.com\\\/index.php\\\/author\\\/hernan\\\/\"}]}<\/script>\n<!-- \/ Yoast SEO plugin. -->","yoast_head_json":{"title":"Carlos Balor visit\u00f3 el Club y la Sociedad de Fomento 26 de Agosto - Principios","robots":{"index":"index","follow":"follow","max-snippet":"max-snippet:-1","max-image-preview":"max-image-preview:large","max-video-preview":"max-video-preview:-1"},"canonical":"https:\/\/diarioprincipios.com\/index.php\/2026\/03\/12\/carlos-balor-visito-el-club-y-la-sociedad-de-fomento-26-de-agosto\/","og_locale":"es_ES","og_type":"article","og_title":"Carlos Balor visit\u00f3 el Club y la Sociedad de Fomento 26 de Agosto - Principios","og_description":"El intendente de Berazategui, Carlos Balor, visit\u00f3 el Club Social y Deportivo y la Sociedad de Fomento 26 de Agosto (Calle 411 A y 453, Guti\u00e9rrez) y estuvo en la presentaci\u00f3n de su nueva Comisi\u00f3n Directiva. Adem\u00e1s, les entreg\u00f3 un subsidio para que puedan realizar obras de mejora y reparaciones en las instituciones. \u201cEs un...","og_url":"https:\/\/diarioprincipios.com\/index.php\/2026\/03\/12\/carlos-balor-visito-el-club-y-la-sociedad-de-fomento-26-de-agosto\/","og_site_name":"Principios","article_published_time":"2026-03-12T18:18:21+00:00","article_modified_time":"2026-03-12T18:18:42+00:00","og_image":[{"width":1920,"height":1280,"url":"https:\/\/diarioprincipios.com\/wp-content\/uploads\/2026\/03\/Carlos-Balor-visito-el-Club-y-la-Sociedad-de-Fomento-26-de-Agosto-3.jpg","type":"image\/jpeg"}],"author":"Hern\u00e1n L\u00f3pez","twitter_card":"summary_large_image","twitter_misc":{"Escrito por":"Hern\u00e1n L\u00f3pez","Tiempo de lectura":"2 minutos"},"schema":{"@context":"https:\/\/schema.org","@graph":[{"@type":"Article","@id":"https:\/\/diarioprincipios.com\/index.php\/2026\/03\/12\/carlos-balor-visito-el-club-y-la-sociedad-de-fomento-26-de-agosto\/#article","isPartOf":{"@id":"https:\/\/diarioprincipios.com\/index.php\/2026\/03\/12\/carlos-balor-visito-el-club-y-la-sociedad-de-fomento-26-de-agosto\/"},"author":{"name":"Hern\u00e1n L\u00f3pez","@id":"https:\/\/diarioprincipios.com\/#\/schema\/person\/436d5a1fd41a5e250e23ff5a6a7cb080"},"headline":"Carlos Balor visit\u00f3 el Club y la Sociedad de Fomento 26 de Agosto","datePublished":"2026-03-12T18:18:21+00:00","dateModified":"2026-03-12T18:18:42+00:00","mainEntityOfPage":{"@id":"https:\/\/diarioprincipios.com\/index.php\/2026\/03\/12\/carlos-balor-visito-el-club-y-la-sociedad-de-fomento-26-de-agosto\/"},"wordCount":270,"commentCount":0,"publisher":{"@id":"https:\/\/diarioprincipios.com\/#organization"},"image":{"@id":"https:\/\/diarioprincipios.com\/index.php\/2026\/03\/12\/carlos-balor-visito-el-club-y-la-sociedad-de-fomento-26-de-agosto\/#primaryimage"},"thumbnailUrl":"https:\/\/diarioprincipios.com\/wp-content\/uploads\/2026\/03\/Carlos-Balor-visito-el-Club-y-la-Sociedad-de-Fomento-26-de-Agosto-3.jpg","articleSection":["Berazategui"],"inLanguage":"es","potentialAction":[{"@type":"CommentAction","name":"Comment","target":["https:\/\/diarioprincipios.com\/index.php\/2026\/03\/12\/carlos-balor-visito-el-club-y-la-sociedad-de-fomento-26-de-agosto\/#respond"]}]},{"@type":"WebPage","@id":"https:\/\/diarioprincipios.com\/index.php\/2026\/03\/12\/carlos-balor-visito-el-club-y-la-sociedad-de-fomento-26-de-agosto\/","url":"https:\/\/diarioprincipios.com\/index.php\/2026\/03\/12\/carlos-balor-visito-el-club-y-la-sociedad-de-fomento-26-de-agosto\/","name":"Carlos Balor visit\u00f3 el Club y la Sociedad de Fomento 26 de Agosto - Principios","isPartOf":{"@id":"https:\/\/diarioprincipios.com\/#website"},"primaryImageOfPage":{"@id":"https:\/\/diarioprincipios.com\/index.php\/2026\/03\/12\/carlos-balor-visito-el-club-y-la-sociedad-de-fomento-26-de-agosto\/#primaryimage"},"image":{"@id":"https:\/\/diarioprincipios.com\/index.php\/2026\/03\/12\/carlos-balor-visito-el-club-y-la-sociedad-de-fomento-26-de-agosto\/#primaryimage"},"thumbnailUrl":"https:\/\/diarioprincipios.com\/wp-content\/uploads\/2026\/03\/Carlos-Balor-visito-el-Club-y-la-Sociedad-de-Fomento-26-de-Agosto-3.jpg","datePublished":"2026-03-12T18:18:21+00:00","dateModified":"2026-03-12T18:18:42+00:00","breadcrumb":{"@id":"https:\/\/diarioprincipios.com\/index.php\/2026\/03\/12\/carlos-balor-visito-el-club-y-la-sociedad-de-fomento-26-de-agosto\/#breadcrumb"},"inLanguage":"es","potentialAction":[{"@type":"ReadAction","target":["https:\/\/diarioprincipios.com\/index.php\/2026\/03\/12\/carlos-balor-visito-el-club-y-la-sociedad-de-fomento-26-de-agosto\/"]}]},{"@type":"ImageObject","inLanguage":"es","@id":"https:\/\/diarioprincipios.com\/index.php\/2026\/03\/12\/carlos-balor-visito-el-club-y-la-sociedad-de-fomento-26-de-agosto\/#primaryimage","url":"https:\/\/diarioprincipios.com\/wp-content\/uploads\/2026\/03\/Carlos-Balor-visito-el-Club-y-la-Sociedad-de-Fomento-26-de-Agosto-3.jpg","contentUrl":"https:\/\/diarioprincipios.com\/wp-content\/uploads\/2026\/03\/Carlos-Balor-visito-el-Club-y-la-Sociedad-de-Fomento-26-de-Agosto-3.jpg","width":1920,"height":1280},{"@type":"BreadcrumbList","@id":"https:\/\/diarioprincipios.com\/index.php\/2026\/03\/12\/carlos-balor-visito-el-club-y-la-sociedad-de-fomento-26-de-agosto\/#breadcrumb","itemListElement":[{"@type":"ListItem","position":1,"name":"Portada","item":"https:\/\/diarioprincipios.com\/"},{"@type":"ListItem","position":2,"name":"Carlos Balor visit\u00f3 el Club y la Sociedad de Fomento 26 de Agosto"}]},{"@type":"WebSite","@id":"https:\/\/diarioprincipios.com\/#website","url":"https:\/\/diarioprincipios.com\/","name":"Principios","description":"Principios Diario","publisher":{"@id":"https:\/\/diarioprincipios.com\/#organization"},"potentialAction":[{"@type":"SearchAction","target":{"@type":"EntryPoint","urlTemplate":"https:\/\/diarioprincipios.com\/?s={search_term_string}"},"query-input":{"@type":"PropertyValueSpecification","valueRequired":true,"valueName":"search_term_string"}}],"inLanguage":"es"},{"@type":"Organization","@id":"https:\/\/diarioprincipios.com\/#organization","name":"Principios","url":"https:\/\/diarioprincipios.com\/","logo":{"@type":"ImageObject","inLanguage":"es","@id":"https:\/\/diarioprincipios.com\/#\/schema\/logo\/image\/","url":"https:\/\/diarioprincipios.com\/wp-content\/uploads\/2024\/04\/cropped-www.diarioprincipios.com_-1.png","contentUrl":"https:\/\/diarioprincipios.com\/wp-content\/uploads\/2024\/04\/cropped-www.diarioprincipios.com_-1.png","width":5325,"height":1454,"caption":"Principios"},"image":{"@id":"https:\/\/diarioprincipios.com\/#\/schema\/logo\/image\/"}},{"@type":"Person","@id":"https:\/\/diarioprincipios.com\/#\/schema\/person\/436d5a1fd41a5e250e23ff5a6a7cb080","name":"Hern\u00e1n L\u00f3pez","image":{"@type":"ImageObject","inLanguage":"es","@id":"https:\/\/diarioprincipios.com\/wp-content\/litespeed\/avatar\/11ddfe5610ff3bd100522525b2571f48.jpg?ver=1777048341","url":"https:\/\/diarioprincipios.com\/wp-content\/litespeed\/avatar\/11ddfe5610ff3bd100522525b2571f48.jpg?ver=1777048341","contentUrl":"https:\/\/diarioprincipios.com\/wp-content\/litespeed\/avatar\/11ddfe5610ff3bd100522525b2571f48.jpg?ver=1777048341","caption":"Hern\u00e1n L\u00f3pez"},"url":"https:\/\/diarioprincipios.com\/index.php\/author\/hernan\/"}]}},"jetpack_featured_media_url":"https:\/\/diarioprincipios.com\/wp-content\/uploads\/2026\/03\/Carlos-Balor-visito-el-Club-y-la-Sociedad-de-Fomento-26-de-Agosto-3.jpg","_links":{"self":[{"href":"https:\/\/diarioprincipios.com\/index.php\/wp-json\/wp\/v2\/posts\/26786","targetHints":{"allow":["GET"]}}],"collection":[{"href":"https:\/\/diarioprincipios.com\/index.php\/wp-json\/wp\/v2\/posts"}],"about":[{"href":"https:\/\/diarioprincipios.com\/index.php\/wp-json\/wp\/v2\/types\/post"}],"author":[{"embeddable":true,"href":"https:\/\/diarioprincipios.com\/index.php\/wp-json\/wp\/v2\/users\/2"}],"replies":[{"embeddable":true,"href":"https:\/\/diarioprincipios.com\/index.php\/wp-json\/wp\/v2\/comments?post=26786"}],"version-history":[{"count":1,"href":"https:\/\/diarioprincipios.com\/index.php\/wp-json\/wp\/v2\/posts\/26786\/revisions"}],"predecessor-version":[{"id":26789,"href":"https:\/\/diarioprincipios.com\/index.php\/wp-json\/wp\/v2\/posts\/26786\/revisions\/26789"}],"wp:featuredmedia":[{"embeddable":true,"href":"https:\/\/diarioprincipios.com\/index.php\/wp-json\/wp\/v2\/media\/26788"}],"wp:attachment":[{"href":"https:\/\/diarioprincipios.com\/index.php\/wp-json\/wp\/v2\/media?parent=26786"}],"wp:term":[{"taxonomy":"category","embeddable":true,"href":"https:\/\/diarioprincipios.com\/index.php\/wp-json\/wp\/v2\/categories?post=26786"},{"taxonomy":"post_tag","embeddable":true,"href":"https:\/\/diarioprincipios.com\/index.php\/wp-json\/wp\/v2\/tags?post=26786"}],"curies":[{"name":"wp","href":"https:\/\/api.w.org\/{rel}","templated":true}]}}