{"id":26754,"date":"2026-03-10T17:15:41","date_gmt":"2026-03-10T20:15:41","guid":{"rendered":"https:\/\/diarioprincipios.com\/?p=26754"},"modified":"2026-03-11T10:59:42","modified_gmt":"2026-03-11T13:59:42","slug":"balor-entrego-tres-nuevos-camiones-compactadores-de-residuos-adquiridos-con-fondos-municipales","status":"publish","type":"post","link":"https:\/\/diarioprincipios.com\/index.php\/2026\/03\/10\/balor-entrego-tres-nuevos-camiones-compactadores-de-residuos-adquiridos-con-fondos-municipales\/","title":{"rendered":"Balor entreg\u00f3 tres nuevos camiones compactadores de residuos adquiridos con fondos municipales"},"content":{"rendered":"\n<p>El Intendente de Berazategui, Carlos Balor, anunci\u00f3 esta semana que \u00abentregamos tres camiones compactadores de residuos domiciliarios para el \u00e1rea de Higiene Urbana, que adquirimos con fondos municipales\u00bb.<\/p>\n\n\n\n<figure class=\"wp-block-image size-large\"><img loading=\"lazy\" decoding=\"async\" width=\"1024\" height=\"683\" src=\"https:\/\/diarioprincipios.com\/wp-content\/uploads\/2026\/03\/FB_IMG_1773152854570-1024x683.jpg\" alt=\"\" class=\"wp-image-26755\" srcset=\"https:\/\/diarioprincipios.com\/wp-content\/uploads\/2026\/03\/FB_IMG_1773152854570-1024x683.jpg 1024w, https:\/\/diarioprincipios.com\/wp-content\/uploads\/2026\/03\/FB_IMG_1773152854570-300x200.jpg 300w, https:\/\/diarioprincipios.com\/wp-content\/uploads\/2026\/03\/FB_IMG_1773152854570-768x512.jpg 768w, https:\/\/diarioprincipios.com\/wp-content\/uploads\/2026\/03\/FB_IMG_1773152854570-1536x1024.jpg 1536w, https:\/\/diarioprincipios.com\/wp-content\/uploads\/2026\/03\/FB_IMG_1773152854570-600x400.jpg 600w, https:\/\/diarioprincipios.com\/wp-content\/uploads\/2026\/03\/FB_IMG_1773152854570.jpg 1920w\" sizes=\"auto, (max-width: 1024px) 100vw, 1024px\" \/><\/figure>\n\n\n\n<p>El jefe comunal destac\u00f3 que \u00abcon estos nuevos veh\u00edculos, seguimos fortaleciendo nuestra autonom\u00eda y mejorando este servicio, que en Berazategui es 100% municipal. Ya son 50 las unidades de este tipo que forman parte de nuestra flota y circulan por el distrito\u00bb.<\/p>\n\n\n\n<p>La Municipalidad de Berazategui contin\u00faa ampliando su flota del parque automotor. Esta vez, el intendente Carlos Balor present\u00f3 tres camiones compactadores de residuos domiciliarios en el play\u00f3n del Edificio Municipal. Fueron adquiridos con fondos municipales y, con ellos, la Comuna ya cuenta con 50 veh\u00edculos propios de este tipo.<\/p>\n\n\n\n<p>Al respecto, Balor inform\u00f3: \u201cEntregamos tres nuevas unidades al \u00c1rea de Higiene Urbana que ser\u00e1n utilizados para la recolecci\u00f3n de residuos. Esto estaba proyectado por el Dr. Juan Jos\u00e9 Mussi, as\u00ed que seguimos cumpliendo con su legado y mejorando la calidad de vida de nuestros vecinos\u201d.<\/p>\n\n\n\n<p>Por su parte, el secretario de Econom\u00eda, Santiago Castagno, indic\u00f3: \u201cCreemos que el Estado administrado de manera eficiente, cuidando los recursos, puede dar servicios de calidad. Esto es para los vecinos de Berazategui, porque a trav\u00e9s de las tasas municipales que ellos abonan podemos reforzar el sistema de recolecci\u00f3n de residuos domiciliarios\u201d.<\/p>\n\n\n\n<p>Tambi\u00e9n participaron: el subsecretario de Automotores, Federico Pereyra; el coordinador general de Higiene Urbana, Roberto Ponce; integrantes del Gabinete municipal y trabajadores del \u00e1rea de Higiene Urbana.<\/p>\n","protected":false},"excerpt":{"rendered":"<p>El Intendente de Berazategui, Carlos Balor, anunci\u00f3 esta semana que \u00abentregamos tres camiones compactadores de residuos domiciliarios para el \u00e1rea de Higiene Urbana, que adquirimos con fondos municipales\u00bb. El jefe comunal destac\u00f3 que \u00abcon estos nuevos veh\u00edculos, seguimos fortaleciendo nuestra autonom\u00eda y mejorando este servicio, que en Berazategui es 100% municipal. Ya son 50 las&#8230;<\/p>\n","protected":false},"author":2,"featured_media":26756,"comment_status":"open","ping_status":"open","sticky":false,"template":"","format":"standard","meta":{"footnotes":""},"categories":[3],"tags":[],"class_list":["post-26754","post","type-post","status-publish","format-standard","has-post-thumbnail","hentry","category-berazategui"],"featured_image_src":"https:\/\/diarioprincipios.com\/wp-content\/uploads\/2026\/03\/FB_IMG_1773152840044-1024x683.jpg","blog_images":{"medium":"https:\/\/diarioprincipios.com\/wp-content\/uploads\/2026\/03\/FB_IMG_1773152840044-300x200.jpg","large":"https:\/\/diarioprincipios.com\/wp-content\/uploads\/2026\/03\/FB_IMG_1773152840044-1024x683.jpg"},"ams_acf":[],"yoast_head":"<!-- This site is optimized with the Yoast SEO plugin v27.3 - https:\/\/yoast.com\/product\/yoast-seo-wordpress\/ -->\n<title>Balor entreg\u00f3 tres nuevos camiones compactadores de residuos adquiridos con fondos municipales - Principios<\/title>\n<meta name=\"robots\" content=\"index, follow, max-snippet:-1, max-image-preview:large, max-video-preview:-1\" \/>\n<link rel=\"canonical\" href=\"https:\/\/diarioprincipios.com\/index.php\/2026\/03\/10\/balor-entrego-tres-nuevos-camiones-compactadores-de-residuos-adquiridos-con-fondos-municipales\/\" \/>\n<meta property=\"og:locale\" content=\"es_ES\" \/>\n<meta property=\"og:type\" content=\"article\" \/>\n<meta property=\"og:title\" content=\"Balor entreg\u00f3 tres nuevos camiones compactadores de residuos adquiridos con fondos municipales - Principios\" \/>\n<meta property=\"og:description\" content=\"El Intendente de Berazategui, Carlos Balor, anunci\u00f3 esta semana que \u00abentregamos tres camiones compactadores de residuos domiciliarios para el \u00e1rea de Higiene Urbana, que adquirimos con fondos municipales\u00bb. El jefe comunal destac\u00f3 que \u00abcon estos nuevos veh\u00edculos, seguimos fortaleciendo nuestra autonom\u00eda y mejorando este servicio, que en Berazategui es 100% municipal. Ya son 50 las...\" \/>\n<meta property=\"og:url\" content=\"https:\/\/diarioprincipios.com\/index.php\/2026\/03\/10\/balor-entrego-tres-nuevos-camiones-compactadores-de-residuos-adquiridos-con-fondos-municipales\/\" \/>\n<meta property=\"og:site_name\" content=\"Principios\" \/>\n<meta property=\"article:published_time\" content=\"2026-03-10T20:15:41+00:00\" \/>\n<meta property=\"article:modified_time\" content=\"2026-03-11T13:59:42+00:00\" \/>\n<meta property=\"og:image\" content=\"https:\/\/diarioprincipios.com\/wp-content\/uploads\/2026\/03\/FB_IMG_1773152840044.jpg\" \/>\n\t<meta property=\"og:image:width\" content=\"1920\" \/>\n\t<meta property=\"og:image:height\" content=\"1280\" \/>\n\t<meta property=\"og:image:type\" content=\"image\/jpeg\" \/>\n<meta name=\"author\" content=\"Hern\u00e1n L\u00f3pez\" \/>\n<meta name=\"twitter:card\" content=\"summary_large_image\" \/>\n<meta name=\"twitter:label1\" content=\"Escrito por\" \/>\n\t<meta name=\"twitter:data1\" content=\"Hern\u00e1n L\u00f3pez\" \/>\n\t<meta name=\"twitter:label2\" content=\"Tiempo de lectura\" \/>\n\t<meta name=\"twitter:data2\" content=\"2 minutos\" \/>\n<script type=\"application\/ld+json\" class=\"yoast-schema-graph\">{\"@context\":\"https:\\\/\\\/schema.org\",\"@graph\":[{\"@type\":\"Article\",\"@id\":\"https:\\\/\\\/diarioprincipios.com\\\/index.php\\\/2026\\\/03\\\/10\\\/balor-entrego-tres-nuevos-camiones-compactadores-de-residuos-adquiridos-con-fondos-municipales\\\/#article\",\"isPartOf\":{\"@id\":\"https:\\\/\\\/diarioprincipios.com\\\/index.php\\\/2026\\\/03\\\/10\\\/balor-entrego-tres-nuevos-camiones-compactadores-de-residuos-adquiridos-con-fondos-municipales\\\/\"},\"author\":{\"name\":\"Hern\u00e1n L\u00f3pez\",\"@id\":\"https:\\\/\\\/diarioprincipios.com\\\/#\\\/schema\\\/person\\\/436d5a1fd41a5e250e23ff5a6a7cb080\"},\"headline\":\"Balor entreg\u00f3 tres nuevos camiones compactadores de residuos adquiridos con fondos municipales\",\"datePublished\":\"2026-03-10T20:15:41+00:00\",\"dateModified\":\"2026-03-11T13:59:42+00:00\",\"mainEntityOfPage\":{\"@id\":\"https:\\\/\\\/diarioprincipios.com\\\/index.php\\\/2026\\\/03\\\/10\\\/balor-entrego-tres-nuevos-camiones-compactadores-de-residuos-adquiridos-con-fondos-municipales\\\/\"},\"wordCount\":264,\"commentCount\":0,\"publisher\":{\"@id\":\"https:\\\/\\\/diarioprincipios.com\\\/#organization\"},\"image\":{\"@id\":\"https:\\\/\\\/diarioprincipios.com\\\/index.php\\\/2026\\\/03\\\/10\\\/balor-entrego-tres-nuevos-camiones-compactadores-de-residuos-adquiridos-con-fondos-municipales\\\/#primaryimage\"},\"thumbnailUrl\":\"https:\\\/\\\/diarioprincipios.com\\\/wp-content\\\/uploads\\\/2026\\\/03\\\/FB_IMG_1773152840044.jpg\",\"articleSection\":[\"Berazategui\"],\"inLanguage\":\"es\",\"potentialAction\":[{\"@type\":\"CommentAction\",\"name\":\"Comment\",\"target\":[\"https:\\\/\\\/diarioprincipios.com\\\/index.php\\\/2026\\\/03\\\/10\\\/balor-entrego-tres-nuevos-camiones-compactadores-de-residuos-adquiridos-con-fondos-municipales\\\/#respond\"]}]},{\"@type\":\"WebPage\",\"@id\":\"https:\\\/\\\/diarioprincipios.com\\\/index.php\\\/2026\\\/03\\\/10\\\/balor-entrego-tres-nuevos-camiones-compactadores-de-residuos-adquiridos-con-fondos-municipales\\\/\",\"url\":\"https:\\\/\\\/diarioprincipios.com\\\/index.php\\\/2026\\\/03\\\/10\\\/balor-entrego-tres-nuevos-camiones-compactadores-de-residuos-adquiridos-con-fondos-municipales\\\/\",\"name\":\"Balor entreg\u00f3 tres nuevos camiones compactadores de residuos adquiridos con fondos municipales - Principios\",\"isPartOf\":{\"@id\":\"https:\\\/\\\/diarioprincipios.com\\\/#website\"},\"primaryImageOfPage\":{\"@id\":\"https:\\\/\\\/diarioprincipios.com\\\/index.php\\\/2026\\\/03\\\/10\\\/balor-entrego-tres-nuevos-camiones-compactadores-de-residuos-adquiridos-con-fondos-municipales\\\/#primaryimage\"},\"image\":{\"@id\":\"https:\\\/\\\/diarioprincipios.com\\\/index.php\\\/2026\\\/03\\\/10\\\/balor-entrego-tres-nuevos-camiones-compactadores-de-residuos-adquiridos-con-fondos-municipales\\\/#primaryimage\"},\"thumbnailUrl\":\"https:\\\/\\\/diarioprincipios.com\\\/wp-content\\\/uploads\\\/2026\\\/03\\\/FB_IMG_1773152840044.jpg\",\"datePublished\":\"2026-03-10T20:15:41+00:00\",\"dateModified\":\"2026-03-11T13:59:42+00:00\",\"breadcrumb\":{\"@id\":\"https:\\\/\\\/diarioprincipios.com\\\/index.php\\\/2026\\\/03\\\/10\\\/balor-entrego-tres-nuevos-camiones-compactadores-de-residuos-adquiridos-con-fondos-municipales\\\/#breadcrumb\"},\"inLanguage\":\"es\",\"potentialAction\":[{\"@type\":\"ReadAction\",\"target\":[\"https:\\\/\\\/diarioprincipios.com\\\/index.php\\\/2026\\\/03\\\/10\\\/balor-entrego-tres-nuevos-camiones-compactadores-de-residuos-adquiridos-con-fondos-municipales\\\/\"]}]},{\"@type\":\"ImageObject\",\"inLanguage\":\"es\",\"@id\":\"https:\\\/\\\/diarioprincipios.com\\\/index.php\\\/2026\\\/03\\\/10\\\/balor-entrego-tres-nuevos-camiones-compactadores-de-residuos-adquiridos-con-fondos-municipales\\\/#primaryimage\",\"url\":\"https:\\\/\\\/diarioprincipios.com\\\/wp-content\\\/uploads\\\/2026\\\/03\\\/FB_IMG_1773152840044.jpg\",\"contentUrl\":\"https:\\\/\\\/diarioprincipios.com\\\/wp-content\\\/uploads\\\/2026\\\/03\\\/FB_IMG_1773152840044.jpg\",\"width\":1920,\"height\":1280},{\"@type\":\"BreadcrumbList\",\"@id\":\"https:\\\/\\\/diarioprincipios.com\\\/index.php\\\/2026\\\/03\\\/10\\\/balor-entrego-tres-nuevos-camiones-compactadores-de-residuos-adquiridos-con-fondos-municipales\\\/#breadcrumb\",\"itemListElement\":[{\"@type\":\"ListItem\",\"position\":1,\"name\":\"Portada\",\"item\":\"https:\\\/\\\/diarioprincipios.com\\\/\"},{\"@type\":\"ListItem\",\"position\":2,\"name\":\"Balor entreg\u00f3 tres nuevos camiones compactadores de residuos adquiridos con fondos municipales\"}]},{\"@type\":\"WebSite\",\"@id\":\"https:\\\/\\\/diarioprincipios.com\\\/#website\",\"url\":\"https:\\\/\\\/diarioprincipios.com\\\/\",\"name\":\"Principios\",\"description\":\"Principios Diario\",\"publisher\":{\"@id\":\"https:\\\/\\\/diarioprincipios.com\\\/#organization\"},\"potentialAction\":[{\"@type\":\"SearchAction\",\"target\":{\"@type\":\"EntryPoint\",\"urlTemplate\":\"https:\\\/\\\/diarioprincipios.com\\\/?s={search_term_string}\"},\"query-input\":{\"@type\":\"PropertyValueSpecification\",\"valueRequired\":true,\"valueName\":\"search_term_string\"}}],\"inLanguage\":\"es\"},{\"@type\":\"Organization\",\"@id\":\"https:\\\/\\\/diarioprincipios.com\\\/#organization\",\"name\":\"Principios\",\"url\":\"https:\\\/\\\/diarioprincipios.com\\\/\",\"logo\":{\"@type\":\"ImageObject\",\"inLanguage\":\"es\",\"@id\":\"https:\\\/\\\/diarioprincipios.com\\\/#\\\/schema\\\/logo\\\/image\\\/\",\"url\":\"https:\\\/\\\/diarioprincipios.com\\\/wp-content\\\/uploads\\\/2024\\\/04\\\/cropped-www.diarioprincipios.com_-1.png\",\"contentUrl\":\"https:\\\/\\\/diarioprincipios.com\\\/wp-content\\\/uploads\\\/2024\\\/04\\\/cropped-www.diarioprincipios.com_-1.png\",\"width\":5325,\"height\":1454,\"caption\":\"Principios\"},\"image\":{\"@id\":\"https:\\\/\\\/diarioprincipios.com\\\/#\\\/schema\\\/logo\\\/image\\\/\"}},{\"@type\":\"Person\",\"@id\":\"https:\\\/\\\/diarioprincipios.com\\\/#\\\/schema\\\/person\\\/436d5a1fd41a5e250e23ff5a6a7cb080\",\"name\":\"Hern\u00e1n L\u00f3pez\",\"image\":{\"@type\":\"ImageObject\",\"inLanguage\":\"es\",\"@id\":\"https:\\\/\\\/diarioprincipios.com\\\/wp-content\\\/litespeed\\\/avatar\\\/11ddfe5610ff3bd100522525b2571f48.jpg?ver=1777048341\",\"url\":\"https:\\\/\\\/diarioprincipios.com\\\/wp-content\\\/litespeed\\\/avatar\\\/11ddfe5610ff3bd100522525b2571f48.jpg?ver=1777048341\",\"contentUrl\":\"https:\\\/\\\/diarioprincipios.com\\\/wp-content\\\/litespeed\\\/avatar\\\/11ddfe5610ff3bd100522525b2571f48.jpg?ver=1777048341\",\"caption\":\"Hern\u00e1n L\u00f3pez\"},\"url\":\"https:\\\/\\\/diarioprincipios.com\\\/index.php\\\/author\\\/hernan\\\/\"}]}<\/script>\n<!-- \/ Yoast SEO plugin. -->","yoast_head_json":{"title":"Balor entreg\u00f3 tres nuevos camiones compactadores de residuos adquiridos con fondos municipales - Principios","robots":{"index":"index","follow":"follow","max-snippet":"max-snippet:-1","max-image-preview":"max-image-preview:large","max-video-preview":"max-video-preview:-1"},"canonical":"https:\/\/diarioprincipios.com\/index.php\/2026\/03\/10\/balor-entrego-tres-nuevos-camiones-compactadores-de-residuos-adquiridos-con-fondos-municipales\/","og_locale":"es_ES","og_type":"article","og_title":"Balor entreg\u00f3 tres nuevos camiones compactadores de residuos adquiridos con fondos municipales - Principios","og_description":"El Intendente de Berazategui, Carlos Balor, anunci\u00f3 esta semana que \u00abentregamos tres camiones compactadores de residuos domiciliarios para el \u00e1rea de Higiene Urbana, que adquirimos con fondos municipales\u00bb. El jefe comunal destac\u00f3 que \u00abcon estos nuevos veh\u00edculos, seguimos fortaleciendo nuestra autonom\u00eda y mejorando este servicio, que en Berazategui es 100% municipal. Ya son 50 las...","og_url":"https:\/\/diarioprincipios.com\/index.php\/2026\/03\/10\/balor-entrego-tres-nuevos-camiones-compactadores-de-residuos-adquiridos-con-fondos-municipales\/","og_site_name":"Principios","article_published_time":"2026-03-10T20:15:41+00:00","article_modified_time":"2026-03-11T13:59:42+00:00","og_image":[{"width":1920,"height":1280,"url":"https:\/\/diarioprincipios.com\/wp-content\/uploads\/2026\/03\/FB_IMG_1773152840044.jpg","type":"image\/jpeg"}],"author":"Hern\u00e1n L\u00f3pez","twitter_card":"summary_large_image","twitter_misc":{"Escrito por":"Hern\u00e1n L\u00f3pez","Tiempo de lectura":"2 minutos"},"schema":{"@context":"https:\/\/schema.org","@graph":[{"@type":"Article","@id":"https:\/\/diarioprincipios.com\/index.php\/2026\/03\/10\/balor-entrego-tres-nuevos-camiones-compactadores-de-residuos-adquiridos-con-fondos-municipales\/#article","isPartOf":{"@id":"https:\/\/diarioprincipios.com\/index.php\/2026\/03\/10\/balor-entrego-tres-nuevos-camiones-compactadores-de-residuos-adquiridos-con-fondos-municipales\/"},"author":{"name":"Hern\u00e1n L\u00f3pez","@id":"https:\/\/diarioprincipios.com\/#\/schema\/person\/436d5a1fd41a5e250e23ff5a6a7cb080"},"headline":"Balor entreg\u00f3 tres nuevos camiones compactadores de residuos adquiridos con fondos municipales","datePublished":"2026-03-10T20:15:41+00:00","dateModified":"2026-03-11T13:59:42+00:00","mainEntityOfPage":{"@id":"https:\/\/diarioprincipios.com\/index.php\/2026\/03\/10\/balor-entrego-tres-nuevos-camiones-compactadores-de-residuos-adquiridos-con-fondos-municipales\/"},"wordCount":264,"commentCount":0,"publisher":{"@id":"https:\/\/diarioprincipios.com\/#organization"},"image":{"@id":"https:\/\/diarioprincipios.com\/index.php\/2026\/03\/10\/balor-entrego-tres-nuevos-camiones-compactadores-de-residuos-adquiridos-con-fondos-municipales\/#primaryimage"},"thumbnailUrl":"https:\/\/diarioprincipios.com\/wp-content\/uploads\/2026\/03\/FB_IMG_1773152840044.jpg","articleSection":["Berazategui"],"inLanguage":"es","potentialAction":[{"@type":"CommentAction","name":"Comment","target":["https:\/\/diarioprincipios.com\/index.php\/2026\/03\/10\/balor-entrego-tres-nuevos-camiones-compactadores-de-residuos-adquiridos-con-fondos-municipales\/#respond"]}]},{"@type":"WebPage","@id":"https:\/\/diarioprincipios.com\/index.php\/2026\/03\/10\/balor-entrego-tres-nuevos-camiones-compactadores-de-residuos-adquiridos-con-fondos-municipales\/","url":"https:\/\/diarioprincipios.com\/index.php\/2026\/03\/10\/balor-entrego-tres-nuevos-camiones-compactadores-de-residuos-adquiridos-con-fondos-municipales\/","name":"Balor entreg\u00f3 tres nuevos camiones compactadores de residuos adquiridos con fondos municipales - Principios","isPartOf":{"@id":"https:\/\/diarioprincipios.com\/#website"},"primaryImageOfPage":{"@id":"https:\/\/diarioprincipios.com\/index.php\/2026\/03\/10\/balor-entrego-tres-nuevos-camiones-compactadores-de-residuos-adquiridos-con-fondos-municipales\/#primaryimage"},"image":{"@id":"https:\/\/diarioprincipios.com\/index.php\/2026\/03\/10\/balor-entrego-tres-nuevos-camiones-compactadores-de-residuos-adquiridos-con-fondos-municipales\/#primaryimage"},"thumbnailUrl":"https:\/\/diarioprincipios.com\/wp-content\/uploads\/2026\/03\/FB_IMG_1773152840044.jpg","datePublished":"2026-03-10T20:15:41+00:00","dateModified":"2026-03-11T13:59:42+00:00","breadcrumb":{"@id":"https:\/\/diarioprincipios.com\/index.php\/2026\/03\/10\/balor-entrego-tres-nuevos-camiones-compactadores-de-residuos-adquiridos-con-fondos-municipales\/#breadcrumb"},"inLanguage":"es","potentialAction":[{"@type":"ReadAction","target":["https:\/\/diarioprincipios.com\/index.php\/2026\/03\/10\/balor-entrego-tres-nuevos-camiones-compactadores-de-residuos-adquiridos-con-fondos-municipales\/"]}]},{"@type":"ImageObject","inLanguage":"es","@id":"https:\/\/diarioprincipios.com\/index.php\/2026\/03\/10\/balor-entrego-tres-nuevos-camiones-compactadores-de-residuos-adquiridos-con-fondos-municipales\/#primaryimage","url":"https:\/\/diarioprincipios.com\/wp-content\/uploads\/2026\/03\/FB_IMG_1773152840044.jpg","contentUrl":"https:\/\/diarioprincipios.com\/wp-content\/uploads\/2026\/03\/FB_IMG_1773152840044.jpg","width":1920,"height":1280},{"@type":"BreadcrumbList","@id":"https:\/\/diarioprincipios.com\/index.php\/2026\/03\/10\/balor-entrego-tres-nuevos-camiones-compactadores-de-residuos-adquiridos-con-fondos-municipales\/#breadcrumb","itemListElement":[{"@type":"ListItem","position":1,"name":"Portada","item":"https:\/\/diarioprincipios.com\/"},{"@type":"ListItem","position":2,"name":"Balor entreg\u00f3 tres nuevos camiones compactadores de residuos adquiridos con fondos municipales"}]},{"@type":"WebSite","@id":"https:\/\/diarioprincipios.com\/#website","url":"https:\/\/diarioprincipios.com\/","name":"Principios","description":"Principios Diario","publisher":{"@id":"https:\/\/diarioprincipios.com\/#organization"},"potentialAction":[{"@type":"SearchAction","target":{"@type":"EntryPoint","urlTemplate":"https:\/\/diarioprincipios.com\/?s={search_term_string}"},"query-input":{"@type":"PropertyValueSpecification","valueRequired":true,"valueName":"search_term_string"}}],"inLanguage":"es"},{"@type":"Organization","@id":"https:\/\/diarioprincipios.com\/#organization","name":"Principios","url":"https:\/\/diarioprincipios.com\/","logo":{"@type":"ImageObject","inLanguage":"es","@id":"https:\/\/diarioprincipios.com\/#\/schema\/logo\/image\/","url":"https:\/\/diarioprincipios.com\/wp-content\/uploads\/2024\/04\/cropped-www.diarioprincipios.com_-1.png","contentUrl":"https:\/\/diarioprincipios.com\/wp-content\/uploads\/2024\/04\/cropped-www.diarioprincipios.com_-1.png","width":5325,"height":1454,"caption":"Principios"},"image":{"@id":"https:\/\/diarioprincipios.com\/#\/schema\/logo\/image\/"}},{"@type":"Person","@id":"https:\/\/diarioprincipios.com\/#\/schema\/person\/436d5a1fd41a5e250e23ff5a6a7cb080","name":"Hern\u00e1n L\u00f3pez","image":{"@type":"ImageObject","inLanguage":"es","@id":"https:\/\/diarioprincipios.com\/wp-content\/litespeed\/avatar\/11ddfe5610ff3bd100522525b2571f48.jpg?ver=1777048341","url":"https:\/\/diarioprincipios.com\/wp-content\/litespeed\/avatar\/11ddfe5610ff3bd100522525b2571f48.jpg?ver=1777048341","contentUrl":"https:\/\/diarioprincipios.com\/wp-content\/litespeed\/avatar\/11ddfe5610ff3bd100522525b2571f48.jpg?ver=1777048341","caption":"Hern\u00e1n L\u00f3pez"},"url":"https:\/\/diarioprincipios.com\/index.php\/author\/hernan\/"}]}},"jetpack_featured_media_url":"https:\/\/diarioprincipios.com\/wp-content\/uploads\/2026\/03\/FB_IMG_1773152840044.jpg","_links":{"self":[{"href":"https:\/\/diarioprincipios.com\/index.php\/wp-json\/wp\/v2\/posts\/26754","targetHints":{"allow":["GET"]}}],"collection":[{"href":"https:\/\/diarioprincipios.com\/index.php\/wp-json\/wp\/v2\/posts"}],"about":[{"href":"https:\/\/diarioprincipios.com\/index.php\/wp-json\/wp\/v2\/types\/post"}],"author":[{"embeddable":true,"href":"https:\/\/diarioprincipios.com\/index.php\/wp-json\/wp\/v2\/users\/2"}],"replies":[{"embeddable":true,"href":"https:\/\/diarioprincipios.com\/index.php\/wp-json\/wp\/v2\/comments?post=26754"}],"version-history":[{"count":2,"href":"https:\/\/diarioprincipios.com\/index.php\/wp-json\/wp\/v2\/posts\/26754\/revisions"}],"predecessor-version":[{"id":26762,"href":"https:\/\/diarioprincipios.com\/index.php\/wp-json\/wp\/v2\/posts\/26754\/revisions\/26762"}],"wp:featuredmedia":[{"embeddable":true,"href":"https:\/\/diarioprincipios.com\/index.php\/wp-json\/wp\/v2\/media\/26756"}],"wp:attachment":[{"href":"https:\/\/diarioprincipios.com\/index.php\/wp-json\/wp\/v2\/media?parent=26754"}],"wp:term":[{"taxonomy":"category","embeddable":true,"href":"https:\/\/diarioprincipios.com\/index.php\/wp-json\/wp\/v2\/categories?post=26754"},{"taxonomy":"post_tag","embeddable":true,"href":"https:\/\/diarioprincipios.com\/index.php\/wp-json\/wp\/v2\/tags?post=26754"}],"curies":[{"name":"wp","href":"https:\/\/api.w.org\/{rel}","templated":true}]}}