{"id":26736,"date":"2026-03-09T14:41:17","date_gmt":"2026-03-09T17:41:17","guid":{"rendered":"https:\/\/diarioprincipios.com\/?p=26736"},"modified":"2026-03-09T14:41:18","modified_gmt":"2026-03-09T17:41:18","slug":"con-la-presencia-del-intendente-carlos-balor-arranco-en-berazategui-la-1-liga-de-newcom-de-la-zona-sur","status":"publish","type":"post","link":"https:\/\/diarioprincipios.com\/index.php\/2026\/03\/09\/con-la-presencia-del-intendente-carlos-balor-arranco-en-berazategui-la-1-liga-de-newcom-de-la-zona-sur\/","title":{"rendered":"Con la presencia del intendente Carlos Balor arranc\u00f3 en Berazategui la 1\u00b0 Liga de Newcom de la Zona Sur"},"content":{"rendered":"\n<p>Con un gran marco, y la presencia como invitado especial del intendente Carlos Balor, arranc\u00f3 este fin de semana en Berazategui la 1\u00b0 Liga de Newcom de la Zona Sur, que organiza la Asociaci\u00f3n de V\u00f3ley Capital Nacional del Vidrio.<br>Con la participaci\u00f3n de equipos de Capital Federal, Pilar , Ranchos , Chascom\u00fas , Quilmes Varela y La Plata, adem\u00e1s de la ciudad anfitriona Berazategui, los encuentros se disputaron en las sedes de los clubes Los Marinos y Provincias Unidas.<\/p>\n\n\n\n<figure class=\"wp-block-image size-large\"><img loading=\"lazy\" decoding=\"async\" width=\"972\" height=\"1024\" src=\"https:\/\/diarioprincipios.com\/wp-content\/uploads\/2026\/03\/Screenshot_20260309_093730_Instagram-972x1024.jpg\" alt=\"\" class=\"wp-image-26740\" srcset=\"https:\/\/diarioprincipios.com\/wp-content\/uploads\/2026\/03\/Screenshot_20260309_093730_Instagram-972x1024.jpg 972w, https:\/\/diarioprincipios.com\/wp-content\/uploads\/2026\/03\/Screenshot_20260309_093730_Instagram-285x300.jpg 285w, https:\/\/diarioprincipios.com\/wp-content\/uploads\/2026\/03\/Screenshot_20260309_093730_Instagram-768x809.jpg 768w, https:\/\/diarioprincipios.com\/wp-content\/uploads\/2026\/03\/Screenshot_20260309_093730_Instagram.jpg 1080w\" sizes=\"auto, (max-width: 972px) 100vw, 972px\" \/><\/figure>\n\n\n\n<p><br>El intendente Balor tuvo unas palabras saludando a las mujeres en su d\u00eda ( 8 de marzo) y destac\u00f3 la importancia del deporte, adem\u00e1s presenci\u00f3 el primer encuentro entre Berazategui y Quilmes y salud\u00f3 a las delegaciones presentes junto a Celia Cabrera, presidenta de la Asociaci\u00f3n de V\u00f3ley Capital Nacional del Vidrio.<br>El jefe comunal realiz\u00f3 un saque para abrir el juego dando comienzo oficial a la Liga en Provincias Unidas, desde la Asociaci\u00f3n se le obsequi\u00f3 una camiseta de la Liga de Newvom y tambi\u00e9n la pelota hecha en C\u00f3rdoba con los colores de Argentina.<\/p>\n\n\n\n<figure class=\"wp-block-image size-large\"><img loading=\"lazy\" decoding=\"async\" width=\"1024\" height=\"956\" src=\"https:\/\/diarioprincipios.com\/wp-content\/uploads\/2026\/03\/Screenshot_20260309_093736_Instagram-1024x956.jpg\" alt=\"\" class=\"wp-image-26737\" srcset=\"https:\/\/diarioprincipios.com\/wp-content\/uploads\/2026\/03\/Screenshot_20260309_093736_Instagram-1024x956.jpg 1024w, https:\/\/diarioprincipios.com\/wp-content\/uploads\/2026\/03\/Screenshot_20260309_093736_Instagram-300x280.jpg 300w, https:\/\/diarioprincipios.com\/wp-content\/uploads\/2026\/03\/Screenshot_20260309_093736_Instagram-768x717.jpg 768w, https:\/\/diarioprincipios.com\/wp-content\/uploads\/2026\/03\/Screenshot_20260309_093736_Instagram.jpg 1077w\" sizes=\"auto, (max-width: 1024px) 100vw, 1024px\" \/><\/figure>\n\n\n\n<p>La Liga promete interesantes premios para los primeros puestos:<br>1\u00b0 puesto: 2 pelotas, copa, medallas y camisetas.<br>2\u00b0 puesto: copa y medallas<br>3\u00b0 puesto: copa y diplomas de reconocimiento.<br>Celia Cabrera, presidenta de la Asociaci\u00f3n de V\u00f3ley, se\u00f1al\u00f3 que \u00abes la primera vez que tenemos la Liga de Newvom en Berazategui, que adem\u00e1s abarca a todos los distritos del Gran Buenos Aires\u00bb.<\/p>\n\n\n\n<figure class=\"wp-block-image size-large\"><img loading=\"lazy\" decoding=\"async\" width=\"1024\" height=\"576\" src=\"https:\/\/diarioprincipios.com\/wp-content\/uploads\/2026\/03\/648730365_26770017909272032_3065841498021227893_n-1536x864-1-1024x576.jpg\" alt=\"\" class=\"wp-image-26739\" srcset=\"https:\/\/diarioprincipios.com\/wp-content\/uploads\/2026\/03\/648730365_26770017909272032_3065841498021227893_n-1536x864-1-1024x576.jpg 1024w, https:\/\/diarioprincipios.com\/wp-content\/uploads\/2026\/03\/648730365_26770017909272032_3065841498021227893_n-1536x864-1-300x169.jpg 300w, https:\/\/diarioprincipios.com\/wp-content\/uploads\/2026\/03\/648730365_26770017909272032_3065841498021227893_n-1536x864-1-768x432.jpg 768w, https:\/\/diarioprincipios.com\/wp-content\/uploads\/2026\/03\/648730365_26770017909272032_3065841498021227893_n-1536x864-1.jpg 1536w\" sizes=\"auto, (max-width: 1024px) 100vw, 1024px\" \/><\/figure>\n\n\n\n<p><br>Explic\u00f3 luego que \u00ablas categor\u00edas son: +40 , + 50 + 60 femenino y + 50 , + 60 , + 68 mixto\u00bb.<br>M\u00e1s adelante destac\u00f3 que \u00abtenemos el orgullo de que los \u00e1rbitros han sido formados por nuestra asociaci\u00f3n en el reciente curso que hemos dictado con gran \u00e9xito\u00bb.<\/p>\n\n\n\n<figure class=\"wp-block-image size-large\"><img loading=\"lazy\" decoding=\"async\" width=\"837\" height=\"1024\" src=\"https:\/\/diarioprincipios.com\/wp-content\/uploads\/2026\/03\/Screenshot_20260309_093758_Instagram-837x1024.jpg\" alt=\"\" class=\"wp-image-26738\" srcset=\"https:\/\/diarioprincipios.com\/wp-content\/uploads\/2026\/03\/Screenshot_20260309_093758_Instagram-837x1024.jpg 837w, https:\/\/diarioprincipios.com\/wp-content\/uploads\/2026\/03\/Screenshot_20260309_093758_Instagram-245x300.jpg 245w, https:\/\/diarioprincipios.com\/wp-content\/uploads\/2026\/03\/Screenshot_20260309_093758_Instagram-768x940.jpg 768w, https:\/\/diarioprincipios.com\/wp-content\/uploads\/2026\/03\/Screenshot_20260309_093758_Instagram.jpg 1080w\" sizes=\"auto, (max-width: 837px) 100vw, 837px\" \/><\/figure>\n\n\n\n<p><br>Cabe recordar que el equipo de trabajo de la Asociaci\u00f3n de V\u00f3ley que encabeza Celia Cabrera tiene una importante experiencia en Newcom, ya que durante tres veranos trabajaron en la organizaci\u00f3n de un prestigioso torneo en Villa Marista, en la ciudad de Mar Del Plata.<br>Finalmente, resalt\u00f3 que \u00abnos pone muy felices el acompa\u00f1amiento de nuestro intendente Carlos Balor, un hombre que ama el deporte y que se comprometi\u00f3 a brindarnos su apoyo tal como durante tantos a\u00f1os lo hiciera el querido y siempre presente Juan Jos\u00e9 Mussi\u00bb.<\/p>\n","protected":false},"excerpt":{"rendered":"<p>Con un gran marco, y la presencia como invitado especial del intendente Carlos Balor, arranc\u00f3 este fin de semana en Berazategui la 1\u00b0 Liga de Newcom de la Zona Sur, que organiza la Asociaci\u00f3n de V\u00f3ley Capital Nacional del Vidrio.Con la participaci\u00f3n de equipos de Capital Federal, Pilar , Ranchos , Chascom\u00fas , Quilmes Varela&#8230;<\/p>\n","protected":false},"author":2,"featured_media":26741,"comment_status":"open","ping_status":"open","sticky":false,"template":"","format":"standard","meta":{"footnotes":""},"categories":[3,6],"tags":[],"class_list":["post-26736","post","type-post","status-publish","format-standard","has-post-thumbnail","hentry","category-berazategui","category-deportes"],"featured_image_src":"https:\/\/diarioprincipios.com\/wp-content\/uploads\/2026\/03\/Screenshot_20260309_093706_Instagram.jpg","blog_images":{"medium":"https:\/\/diarioprincipios.com\/wp-content\/uploads\/2026\/03\/Screenshot_20260309_093706_Instagram-300x208.jpg","large":"https:\/\/diarioprincipios.com\/wp-content\/uploads\/2026\/03\/Screenshot_20260309_093706_Instagram.jpg"},"ams_acf":[],"yoast_head":"<!-- This site is optimized with the Yoast SEO plugin v27.3 - https:\/\/yoast.com\/product\/yoast-seo-wordpress\/ -->\n<title>Con la presencia del intendente Carlos Balor arranc\u00f3 en Berazategui la 1\u00b0 Liga de Newcom de la Zona Sur - Principios<\/title>\n<meta name=\"robots\" content=\"index, follow, max-snippet:-1, max-image-preview:large, max-video-preview:-1\" \/>\n<link rel=\"canonical\" href=\"https:\/\/diarioprincipios.com\/index.php\/2026\/03\/09\/con-la-presencia-del-intendente-carlos-balor-arranco-en-berazategui-la-1-liga-de-newcom-de-la-zona-sur\/\" \/>\n<meta property=\"og:locale\" content=\"es_ES\" \/>\n<meta property=\"og:type\" content=\"article\" \/>\n<meta property=\"og:title\" content=\"Con la presencia del intendente Carlos Balor arranc\u00f3 en Berazategui la 1\u00b0 Liga de Newcom de la Zona Sur - Principios\" \/>\n<meta property=\"og:description\" content=\"Con un gran marco, y la presencia como invitado especial del intendente Carlos Balor, arranc\u00f3 este fin de semana en Berazategui la 1\u00b0 Liga de Newcom de la Zona Sur, que organiza la Asociaci\u00f3n de V\u00f3ley Capital Nacional del Vidrio.Con la participaci\u00f3n de equipos de Capital Federal, Pilar , Ranchos , Chascom\u00fas , Quilmes Varela...\" \/>\n<meta property=\"og:url\" content=\"https:\/\/diarioprincipios.com\/index.php\/2026\/03\/09\/con-la-presencia-del-intendente-carlos-balor-arranco-en-berazategui-la-1-liga-de-newcom-de-la-zona-sur\/\" \/>\n<meta property=\"og:site_name\" content=\"Principios\" \/>\n<meta property=\"article:published_time\" content=\"2026-03-09T17:41:17+00:00\" \/>\n<meta property=\"article:modified_time\" content=\"2026-03-09T17:41:18+00:00\" \/>\n<meta property=\"og:image\" content=\"https:\/\/diarioprincipios.com\/wp-content\/uploads\/2026\/03\/Screenshot_20260309_093706_Instagram.jpg\" \/>\n\t<meta property=\"og:image:width\" content=\"838\" \/>\n\t<meta property=\"og:image:height\" content=\"582\" \/>\n\t<meta property=\"og:image:type\" content=\"image\/jpeg\" \/>\n<meta name=\"author\" content=\"Hern\u00e1n L\u00f3pez\" \/>\n<meta name=\"twitter:card\" content=\"summary_large_image\" \/>\n<meta name=\"twitter:label1\" content=\"Escrito por\" \/>\n\t<meta name=\"twitter:data1\" content=\"Hern\u00e1n L\u00f3pez\" \/>\n\t<meta name=\"twitter:label2\" content=\"Tiempo de lectura\" \/>\n\t<meta name=\"twitter:data2\" content=\"3 minutos\" \/>\n<script type=\"application\/ld+json\" class=\"yoast-schema-graph\">{\"@context\":\"https:\\\/\\\/schema.org\",\"@graph\":[{\"@type\":\"Article\",\"@id\":\"https:\\\/\\\/diarioprincipios.com\\\/index.php\\\/2026\\\/03\\\/09\\\/con-la-presencia-del-intendente-carlos-balor-arranco-en-berazategui-la-1-liga-de-newcom-de-la-zona-sur\\\/#article\",\"isPartOf\":{\"@id\":\"https:\\\/\\\/diarioprincipios.com\\\/index.php\\\/2026\\\/03\\\/09\\\/con-la-presencia-del-intendente-carlos-balor-arranco-en-berazategui-la-1-liga-de-newcom-de-la-zona-sur\\\/\"},\"author\":{\"name\":\"Hern\u00e1n L\u00f3pez\",\"@id\":\"https:\\\/\\\/diarioprincipios.com\\\/#\\\/schema\\\/person\\\/436d5a1fd41a5e250e23ff5a6a7cb080\"},\"headline\":\"Con la presencia del intendente Carlos Balor arranc\u00f3 en Berazategui la 1\u00b0 Liga de Newcom de la Zona Sur\",\"datePublished\":\"2026-03-09T17:41:17+00:00\",\"dateModified\":\"2026-03-09T17:41:18+00:00\",\"mainEntityOfPage\":{\"@id\":\"https:\\\/\\\/diarioprincipios.com\\\/index.php\\\/2026\\\/03\\\/09\\\/con-la-presencia-del-intendente-carlos-balor-arranco-en-berazategui-la-1-liga-de-newcom-de-la-zona-sur\\\/\"},\"wordCount\":394,\"commentCount\":0,\"publisher\":{\"@id\":\"https:\\\/\\\/diarioprincipios.com\\\/#organization\"},\"image\":{\"@id\":\"https:\\\/\\\/diarioprincipios.com\\\/index.php\\\/2026\\\/03\\\/09\\\/con-la-presencia-del-intendente-carlos-balor-arranco-en-berazategui-la-1-liga-de-newcom-de-la-zona-sur\\\/#primaryimage\"},\"thumbnailUrl\":\"https:\\\/\\\/diarioprincipios.com\\\/wp-content\\\/uploads\\\/2026\\\/03\\\/Screenshot_20260309_093706_Instagram.jpg\",\"articleSection\":[\"Berazategui\",\"Deportes\"],\"inLanguage\":\"es\",\"potentialAction\":[{\"@type\":\"CommentAction\",\"name\":\"Comment\",\"target\":[\"https:\\\/\\\/diarioprincipios.com\\\/index.php\\\/2026\\\/03\\\/09\\\/con-la-presencia-del-intendente-carlos-balor-arranco-en-berazategui-la-1-liga-de-newcom-de-la-zona-sur\\\/#respond\"]}]},{\"@type\":\"WebPage\",\"@id\":\"https:\\\/\\\/diarioprincipios.com\\\/index.php\\\/2026\\\/03\\\/09\\\/con-la-presencia-del-intendente-carlos-balor-arranco-en-berazategui-la-1-liga-de-newcom-de-la-zona-sur\\\/\",\"url\":\"https:\\\/\\\/diarioprincipios.com\\\/index.php\\\/2026\\\/03\\\/09\\\/con-la-presencia-del-intendente-carlos-balor-arranco-en-berazategui-la-1-liga-de-newcom-de-la-zona-sur\\\/\",\"name\":\"Con la presencia del intendente Carlos Balor arranc\u00f3 en Berazategui la 1\u00b0 Liga de Newcom de la Zona Sur - Principios\",\"isPartOf\":{\"@id\":\"https:\\\/\\\/diarioprincipios.com\\\/#website\"},\"primaryImageOfPage\":{\"@id\":\"https:\\\/\\\/diarioprincipios.com\\\/index.php\\\/2026\\\/03\\\/09\\\/con-la-presencia-del-intendente-carlos-balor-arranco-en-berazategui-la-1-liga-de-newcom-de-la-zona-sur\\\/#primaryimage\"},\"image\":{\"@id\":\"https:\\\/\\\/diarioprincipios.com\\\/index.php\\\/2026\\\/03\\\/09\\\/con-la-presencia-del-intendente-carlos-balor-arranco-en-berazategui-la-1-liga-de-newcom-de-la-zona-sur\\\/#primaryimage\"},\"thumbnailUrl\":\"https:\\\/\\\/diarioprincipios.com\\\/wp-content\\\/uploads\\\/2026\\\/03\\\/Screenshot_20260309_093706_Instagram.jpg\",\"datePublished\":\"2026-03-09T17:41:17+00:00\",\"dateModified\":\"2026-03-09T17:41:18+00:00\",\"breadcrumb\":{\"@id\":\"https:\\\/\\\/diarioprincipios.com\\\/index.php\\\/2026\\\/03\\\/09\\\/con-la-presencia-del-intendente-carlos-balor-arranco-en-berazategui-la-1-liga-de-newcom-de-la-zona-sur\\\/#breadcrumb\"},\"inLanguage\":\"es\",\"potentialAction\":[{\"@type\":\"ReadAction\",\"target\":[\"https:\\\/\\\/diarioprincipios.com\\\/index.php\\\/2026\\\/03\\\/09\\\/con-la-presencia-del-intendente-carlos-balor-arranco-en-berazategui-la-1-liga-de-newcom-de-la-zona-sur\\\/\"]}]},{\"@type\":\"ImageObject\",\"inLanguage\":\"es\",\"@id\":\"https:\\\/\\\/diarioprincipios.com\\\/index.php\\\/2026\\\/03\\\/09\\\/con-la-presencia-del-intendente-carlos-balor-arranco-en-berazategui-la-1-liga-de-newcom-de-la-zona-sur\\\/#primaryimage\",\"url\":\"https:\\\/\\\/diarioprincipios.com\\\/wp-content\\\/uploads\\\/2026\\\/03\\\/Screenshot_20260309_093706_Instagram.jpg\",\"contentUrl\":\"https:\\\/\\\/diarioprincipios.com\\\/wp-content\\\/uploads\\\/2026\\\/03\\\/Screenshot_20260309_093706_Instagram.jpg\",\"width\":838,\"height\":582},{\"@type\":\"BreadcrumbList\",\"@id\":\"https:\\\/\\\/diarioprincipios.com\\\/index.php\\\/2026\\\/03\\\/09\\\/con-la-presencia-del-intendente-carlos-balor-arranco-en-berazategui-la-1-liga-de-newcom-de-la-zona-sur\\\/#breadcrumb\",\"itemListElement\":[{\"@type\":\"ListItem\",\"position\":1,\"name\":\"Portada\",\"item\":\"https:\\\/\\\/diarioprincipios.com\\\/\"},{\"@type\":\"ListItem\",\"position\":2,\"name\":\"Con la presencia del intendente Carlos Balor arranc\u00f3 en Berazategui la 1\u00b0 Liga de Newcom de la Zona Sur\"}]},{\"@type\":\"WebSite\",\"@id\":\"https:\\\/\\\/diarioprincipios.com\\\/#website\",\"url\":\"https:\\\/\\\/diarioprincipios.com\\\/\",\"name\":\"Principios\",\"description\":\"Principios Diario\",\"publisher\":{\"@id\":\"https:\\\/\\\/diarioprincipios.com\\\/#organization\"},\"potentialAction\":[{\"@type\":\"SearchAction\",\"target\":{\"@type\":\"EntryPoint\",\"urlTemplate\":\"https:\\\/\\\/diarioprincipios.com\\\/?s={search_term_string}\"},\"query-input\":{\"@type\":\"PropertyValueSpecification\",\"valueRequired\":true,\"valueName\":\"search_term_string\"}}],\"inLanguage\":\"es\"},{\"@type\":\"Organization\",\"@id\":\"https:\\\/\\\/diarioprincipios.com\\\/#organization\",\"name\":\"Principios\",\"url\":\"https:\\\/\\\/diarioprincipios.com\\\/\",\"logo\":{\"@type\":\"ImageObject\",\"inLanguage\":\"es\",\"@id\":\"https:\\\/\\\/diarioprincipios.com\\\/#\\\/schema\\\/logo\\\/image\\\/\",\"url\":\"https:\\\/\\\/diarioprincipios.com\\\/wp-content\\\/uploads\\\/2024\\\/04\\\/cropped-www.diarioprincipios.com_-1.png\",\"contentUrl\":\"https:\\\/\\\/diarioprincipios.com\\\/wp-content\\\/uploads\\\/2024\\\/04\\\/cropped-www.diarioprincipios.com_-1.png\",\"width\":5325,\"height\":1454,\"caption\":\"Principios\"},\"image\":{\"@id\":\"https:\\\/\\\/diarioprincipios.com\\\/#\\\/schema\\\/logo\\\/image\\\/\"}},{\"@type\":\"Person\",\"@id\":\"https:\\\/\\\/diarioprincipios.com\\\/#\\\/schema\\\/person\\\/436d5a1fd41a5e250e23ff5a6a7cb080\",\"name\":\"Hern\u00e1n L\u00f3pez\",\"image\":{\"@type\":\"ImageObject\",\"inLanguage\":\"es\",\"@id\":\"https:\\\/\\\/diarioprincipios.com\\\/wp-content\\\/litespeed\\\/avatar\\\/11ddfe5610ff3bd100522525b2571f48.jpg?ver=1777048341\",\"url\":\"https:\\\/\\\/diarioprincipios.com\\\/wp-content\\\/litespeed\\\/avatar\\\/11ddfe5610ff3bd100522525b2571f48.jpg?ver=1777048341\",\"contentUrl\":\"https:\\\/\\\/diarioprincipios.com\\\/wp-content\\\/litespeed\\\/avatar\\\/11ddfe5610ff3bd100522525b2571f48.jpg?ver=1777048341\",\"caption\":\"Hern\u00e1n L\u00f3pez\"},\"url\":\"https:\\\/\\\/diarioprincipios.com\\\/index.php\\\/author\\\/hernan\\\/\"}]}<\/script>\n<!-- \/ Yoast SEO plugin. -->","yoast_head_json":{"title":"Con la presencia del intendente Carlos Balor arranc\u00f3 en Berazategui la 1\u00b0 Liga de Newcom de la Zona Sur - Principios","robots":{"index":"index","follow":"follow","max-snippet":"max-snippet:-1","max-image-preview":"max-image-preview:large","max-video-preview":"max-video-preview:-1"},"canonical":"https:\/\/diarioprincipios.com\/index.php\/2026\/03\/09\/con-la-presencia-del-intendente-carlos-balor-arranco-en-berazategui-la-1-liga-de-newcom-de-la-zona-sur\/","og_locale":"es_ES","og_type":"article","og_title":"Con la presencia del intendente Carlos Balor arranc\u00f3 en Berazategui la 1\u00b0 Liga de Newcom de la Zona Sur - Principios","og_description":"Con un gran marco, y la presencia como invitado especial del intendente Carlos Balor, arranc\u00f3 este fin de semana en Berazategui la 1\u00b0 Liga de Newcom de la Zona Sur, que organiza la Asociaci\u00f3n de V\u00f3ley Capital Nacional del Vidrio.Con la participaci\u00f3n de equipos de Capital Federal, Pilar , Ranchos , Chascom\u00fas , Quilmes Varela...","og_url":"https:\/\/diarioprincipios.com\/index.php\/2026\/03\/09\/con-la-presencia-del-intendente-carlos-balor-arranco-en-berazategui-la-1-liga-de-newcom-de-la-zona-sur\/","og_site_name":"Principios","article_published_time":"2026-03-09T17:41:17+00:00","article_modified_time":"2026-03-09T17:41:18+00:00","og_image":[{"width":838,"height":582,"url":"https:\/\/diarioprincipios.com\/wp-content\/uploads\/2026\/03\/Screenshot_20260309_093706_Instagram.jpg","type":"image\/jpeg"}],"author":"Hern\u00e1n L\u00f3pez","twitter_card":"summary_large_image","twitter_misc":{"Escrito por":"Hern\u00e1n L\u00f3pez","Tiempo de lectura":"3 minutos"},"schema":{"@context":"https:\/\/schema.org","@graph":[{"@type":"Article","@id":"https:\/\/diarioprincipios.com\/index.php\/2026\/03\/09\/con-la-presencia-del-intendente-carlos-balor-arranco-en-berazategui-la-1-liga-de-newcom-de-la-zona-sur\/#article","isPartOf":{"@id":"https:\/\/diarioprincipios.com\/index.php\/2026\/03\/09\/con-la-presencia-del-intendente-carlos-balor-arranco-en-berazategui-la-1-liga-de-newcom-de-la-zona-sur\/"},"author":{"name":"Hern\u00e1n L\u00f3pez","@id":"https:\/\/diarioprincipios.com\/#\/schema\/person\/436d5a1fd41a5e250e23ff5a6a7cb080"},"headline":"Con la presencia del intendente Carlos Balor arranc\u00f3 en Berazategui la 1\u00b0 Liga de Newcom de la Zona Sur","datePublished":"2026-03-09T17:41:17+00:00","dateModified":"2026-03-09T17:41:18+00:00","mainEntityOfPage":{"@id":"https:\/\/diarioprincipios.com\/index.php\/2026\/03\/09\/con-la-presencia-del-intendente-carlos-balor-arranco-en-berazategui-la-1-liga-de-newcom-de-la-zona-sur\/"},"wordCount":394,"commentCount":0,"publisher":{"@id":"https:\/\/diarioprincipios.com\/#organization"},"image":{"@id":"https:\/\/diarioprincipios.com\/index.php\/2026\/03\/09\/con-la-presencia-del-intendente-carlos-balor-arranco-en-berazategui-la-1-liga-de-newcom-de-la-zona-sur\/#primaryimage"},"thumbnailUrl":"https:\/\/diarioprincipios.com\/wp-content\/uploads\/2026\/03\/Screenshot_20260309_093706_Instagram.jpg","articleSection":["Berazategui","Deportes"],"inLanguage":"es","potentialAction":[{"@type":"CommentAction","name":"Comment","target":["https:\/\/diarioprincipios.com\/index.php\/2026\/03\/09\/con-la-presencia-del-intendente-carlos-balor-arranco-en-berazategui-la-1-liga-de-newcom-de-la-zona-sur\/#respond"]}]},{"@type":"WebPage","@id":"https:\/\/diarioprincipios.com\/index.php\/2026\/03\/09\/con-la-presencia-del-intendente-carlos-balor-arranco-en-berazategui-la-1-liga-de-newcom-de-la-zona-sur\/","url":"https:\/\/diarioprincipios.com\/index.php\/2026\/03\/09\/con-la-presencia-del-intendente-carlos-balor-arranco-en-berazategui-la-1-liga-de-newcom-de-la-zona-sur\/","name":"Con la presencia del intendente Carlos Balor arranc\u00f3 en Berazategui la 1\u00b0 Liga de Newcom de la Zona Sur - Principios","isPartOf":{"@id":"https:\/\/diarioprincipios.com\/#website"},"primaryImageOfPage":{"@id":"https:\/\/diarioprincipios.com\/index.php\/2026\/03\/09\/con-la-presencia-del-intendente-carlos-balor-arranco-en-berazategui-la-1-liga-de-newcom-de-la-zona-sur\/#primaryimage"},"image":{"@id":"https:\/\/diarioprincipios.com\/index.php\/2026\/03\/09\/con-la-presencia-del-intendente-carlos-balor-arranco-en-berazategui-la-1-liga-de-newcom-de-la-zona-sur\/#primaryimage"},"thumbnailUrl":"https:\/\/diarioprincipios.com\/wp-content\/uploads\/2026\/03\/Screenshot_20260309_093706_Instagram.jpg","datePublished":"2026-03-09T17:41:17+00:00","dateModified":"2026-03-09T17:41:18+00:00","breadcrumb":{"@id":"https:\/\/diarioprincipios.com\/index.php\/2026\/03\/09\/con-la-presencia-del-intendente-carlos-balor-arranco-en-berazategui-la-1-liga-de-newcom-de-la-zona-sur\/#breadcrumb"},"inLanguage":"es","potentialAction":[{"@type":"ReadAction","target":["https:\/\/diarioprincipios.com\/index.php\/2026\/03\/09\/con-la-presencia-del-intendente-carlos-balor-arranco-en-berazategui-la-1-liga-de-newcom-de-la-zona-sur\/"]}]},{"@type":"ImageObject","inLanguage":"es","@id":"https:\/\/diarioprincipios.com\/index.php\/2026\/03\/09\/con-la-presencia-del-intendente-carlos-balor-arranco-en-berazategui-la-1-liga-de-newcom-de-la-zona-sur\/#primaryimage","url":"https:\/\/diarioprincipios.com\/wp-content\/uploads\/2026\/03\/Screenshot_20260309_093706_Instagram.jpg","contentUrl":"https:\/\/diarioprincipios.com\/wp-content\/uploads\/2026\/03\/Screenshot_20260309_093706_Instagram.jpg","width":838,"height":582},{"@type":"BreadcrumbList","@id":"https:\/\/diarioprincipios.com\/index.php\/2026\/03\/09\/con-la-presencia-del-intendente-carlos-balor-arranco-en-berazategui-la-1-liga-de-newcom-de-la-zona-sur\/#breadcrumb","itemListElement":[{"@type":"ListItem","position":1,"name":"Portada","item":"https:\/\/diarioprincipios.com\/"},{"@type":"ListItem","position":2,"name":"Con la presencia del intendente Carlos Balor arranc\u00f3 en Berazategui la 1\u00b0 Liga de Newcom de la Zona Sur"}]},{"@type":"WebSite","@id":"https:\/\/diarioprincipios.com\/#website","url":"https:\/\/diarioprincipios.com\/","name":"Principios","description":"Principios Diario","publisher":{"@id":"https:\/\/diarioprincipios.com\/#organization"},"potentialAction":[{"@type":"SearchAction","target":{"@type":"EntryPoint","urlTemplate":"https:\/\/diarioprincipios.com\/?s={search_term_string}"},"query-input":{"@type":"PropertyValueSpecification","valueRequired":true,"valueName":"search_term_string"}}],"inLanguage":"es"},{"@type":"Organization","@id":"https:\/\/diarioprincipios.com\/#organization","name":"Principios","url":"https:\/\/diarioprincipios.com\/","logo":{"@type":"ImageObject","inLanguage":"es","@id":"https:\/\/diarioprincipios.com\/#\/schema\/logo\/image\/","url":"https:\/\/diarioprincipios.com\/wp-content\/uploads\/2024\/04\/cropped-www.diarioprincipios.com_-1.png","contentUrl":"https:\/\/diarioprincipios.com\/wp-content\/uploads\/2024\/04\/cropped-www.diarioprincipios.com_-1.png","width":5325,"height":1454,"caption":"Principios"},"image":{"@id":"https:\/\/diarioprincipios.com\/#\/schema\/logo\/image\/"}},{"@type":"Person","@id":"https:\/\/diarioprincipios.com\/#\/schema\/person\/436d5a1fd41a5e250e23ff5a6a7cb080","name":"Hern\u00e1n L\u00f3pez","image":{"@type":"ImageObject","inLanguage":"es","@id":"https:\/\/diarioprincipios.com\/wp-content\/litespeed\/avatar\/11ddfe5610ff3bd100522525b2571f48.jpg?ver=1777048341","url":"https:\/\/diarioprincipios.com\/wp-content\/litespeed\/avatar\/11ddfe5610ff3bd100522525b2571f48.jpg?ver=1777048341","contentUrl":"https:\/\/diarioprincipios.com\/wp-content\/litespeed\/avatar\/11ddfe5610ff3bd100522525b2571f48.jpg?ver=1777048341","caption":"Hern\u00e1n L\u00f3pez"},"url":"https:\/\/diarioprincipios.com\/index.php\/author\/hernan\/"}]}},"jetpack_featured_media_url":"https:\/\/diarioprincipios.com\/wp-content\/uploads\/2026\/03\/Screenshot_20260309_093706_Instagram.jpg","_links":{"self":[{"href":"https:\/\/diarioprincipios.com\/index.php\/wp-json\/wp\/v2\/posts\/26736","targetHints":{"allow":["GET"]}}],"collection":[{"href":"https:\/\/diarioprincipios.com\/index.php\/wp-json\/wp\/v2\/posts"}],"about":[{"href":"https:\/\/diarioprincipios.com\/index.php\/wp-json\/wp\/v2\/types\/post"}],"author":[{"embeddable":true,"href":"https:\/\/diarioprincipios.com\/index.php\/wp-json\/wp\/v2\/users\/2"}],"replies":[{"embeddable":true,"href":"https:\/\/diarioprincipios.com\/index.php\/wp-json\/wp\/v2\/comments?post=26736"}],"version-history":[{"count":1,"href":"https:\/\/diarioprincipios.com\/index.php\/wp-json\/wp\/v2\/posts\/26736\/revisions"}],"predecessor-version":[{"id":26742,"href":"https:\/\/diarioprincipios.com\/index.php\/wp-json\/wp\/v2\/posts\/26736\/revisions\/26742"}],"wp:featuredmedia":[{"embeddable":true,"href":"https:\/\/diarioprincipios.com\/index.php\/wp-json\/wp\/v2\/media\/26741"}],"wp:attachment":[{"href":"https:\/\/diarioprincipios.com\/index.php\/wp-json\/wp\/v2\/media?parent=26736"}],"wp:term":[{"taxonomy":"category","embeddable":true,"href":"https:\/\/diarioprincipios.com\/index.php\/wp-json\/wp\/v2\/categories?post=26736"},{"taxonomy":"post_tag","embeddable":true,"href":"https:\/\/diarioprincipios.com\/index.php\/wp-json\/wp\/v2\/tags?post=26736"}],"curies":[{"name":"wp","href":"https:\/\/api.w.org\/{rel}","templated":true}]}}