{"id":26724,"date":"2026-03-07T20:42:32","date_gmt":"2026-03-07T23:42:32","guid":{"rendered":"https:\/\/diarioprincipios.com\/?p=26724"},"modified":"2026-03-07T20:42:32","modified_gmt":"2026-03-07T23:42:32","slug":"carlos-balor-encabezo-la-apertura-de-sesiones-en-el-hcd","status":"publish","type":"post","link":"https:\/\/diarioprincipios.com\/index.php\/2026\/03\/07\/carlos-balor-encabezo-la-apertura-de-sesiones-en-el-hcd\/","title":{"rendered":"Carlos Balor encabez\u00f3 la Apertura de Sesiones en el HCD"},"content":{"rendered":"\n<p>\u00abA m\u00ed me gusta estar ac\u00e1\u201d, subray\u00f3 el Intendente<\/p>\n\n\n\n<p>El intendente de Berazategui, Carlos Balor, encabez\u00f3 la apertura del 53\u00b0 Per\u00edodo de Sesiones Ordinarias del Honorable Concejo Deliberante (HCD), donde present\u00f3 un balance integral de la gesti\u00f3n a trav\u00e9s de un formato innovador que combin\u00f3 su discurso con la proyecci\u00f3n de contenidos audiovisuales. Mediante esta modalidad, repas\u00f3 los principales ejes desarrollados durante 2025 y expuso los desaf\u00edos y proyectos previstos para este 2026, con el objetivo de seguir fortaleciendo el crecimiento y la calidad de vida en el distrito.<\/p>\n\n\n\n<p>\u201cEste es un momento muy especial para Berazategui y tambi\u00e9n para m\u00ed. El 2025 fue el \u00faltimo a\u00f1o de gesti\u00f3n del querido doctor Juan Jos\u00e9 Mussi, un Intendente que dej\u00f3 una huella profunda en esta ciudad, no solo por las obras realizadas, sino tambi\u00e9n por su forma de gobernar: con cercan\u00eda, con trabajo y con un profundo amor por su pueblo\u201d, arranc\u00f3 su discurso Carlos Balor, tras el descubrimiento de una placa y la foto del Cuerpo Legislativo en funciones en el per\u00edodo 2021-2025.<\/p>\n\n\n\n<p>Adem\u00e1s, continu\u00f3: \u201cEl recorrido que compartimos no es solo un balance de n\u00fameros o de proyectos; es el reflejo de un modelo de ciudad que se construy\u00f3 durante a\u00f1os, con equipos de trabajadores municipales comprometidos y con miles de vecinos que acompa\u00f1an. Hoy me toca continuar ese camino, con la responsabilidad de cuidar lo que se hizo y con la promesa firme de seguir construyendo futuro para Berazategui\u201d.<\/p>\n\n\n\n<p>\u201cSin embargo, la gesti\u00f3n no se sostuvo s\u00f3lo en producci\u00f3n, servicios y desarrollo econ\u00f3mico\u201d, asegur\u00f3 el Intendente. \u201cTambi\u00e9n hubo una fuerte inversi\u00f3n en salud, en infraestructura, en pol\u00edticas sociales, en cultura y en integraci\u00f3n urbana. Cada \u00e1rea, cada Secretar\u00eda y cada trabajador municipal form\u00f3 parte de un mismo objetivo: estar presentes en cada barrio y dar respuestas concretas\u201d, afirm\u00f3.<\/p>\n\n\n\n<p>Tambi\u00e9n, el Mandatario expres\u00f3: \u201cTodo lo que vimos hoy es el resultado de una gesti\u00f3n que dej\u00f3 bases s\u00f3lidas, de equipos comprometidos y de una comunidad que nunca baja los brazos. Mi compromiso es honrar ese camino con trabajo, humildad y presencia en cada barrio. El 2026 empieza con una historia, una identidad y una planificaci\u00f3n que tiene continuidad. Juan Jos\u00e9 Mussi es nuestro gu\u00eda. Su forma de gobernar, su cercan\u00eda con la gente y su defensa permanente de Berazategui marcan el rumbo que vamos a seguir. Somos el equipo de Juan Jos\u00e9 Mussi. Es el equipo que viene trabajando hace a\u00f1os, que conoce cada barrio, cada instituci\u00f3n y cada necesidad. No empezamos de nuevo: continuamos un proyecto colectivo\u201d.<\/p>\n\n\n\n<figure class=\"wp-block-image size-large\"><img loading=\"lazy\" decoding=\"async\" width=\"1024\" height=\"682\" src=\"https:\/\/diarioprincipios.com\/wp-content\/uploads\/2026\/03\/Berazategui-Carlos-Balor-encabezo-la-Apertura-de-Sesiones-en-el-HCD-1-1024x682.jpg\" alt=\"\" class=\"wp-image-26725\" srcset=\"https:\/\/diarioprincipios.com\/wp-content\/uploads\/2026\/03\/Berazategui-Carlos-Balor-encabezo-la-Apertura-de-Sesiones-en-el-HCD-1-1024x682.jpg 1024w, https:\/\/diarioprincipios.com\/wp-content\/uploads\/2026\/03\/Berazategui-Carlos-Balor-encabezo-la-Apertura-de-Sesiones-en-el-HCD-1-300x200.jpg 300w, https:\/\/diarioprincipios.com\/wp-content\/uploads\/2026\/03\/Berazategui-Carlos-Balor-encabezo-la-Apertura-de-Sesiones-en-el-HCD-1-768x512.jpg 768w, https:\/\/diarioprincipios.com\/wp-content\/uploads\/2026\/03\/Berazategui-Carlos-Balor-encabezo-la-Apertura-de-Sesiones-en-el-HCD-1-1536x1023.jpg 1536w, https:\/\/diarioprincipios.com\/wp-content\/uploads\/2026\/03\/Berazategui-Carlos-Balor-encabezo-la-Apertura-de-Sesiones-en-el-HCD-1-820x545.jpg 820w, https:\/\/diarioprincipios.com\/wp-content\/uploads\/2026\/03\/Berazategui-Carlos-Balor-encabezo-la-Apertura-de-Sesiones-en-el-HCD-1-600x400.jpg 600w, https:\/\/diarioprincipios.com\/wp-content\/uploads\/2026\/03\/Berazategui-Carlos-Balor-encabezo-la-Apertura-de-Sesiones-en-el-HCD-1.jpg 1600w\" sizes=\"auto, (max-width: 1024px) 100vw, 1024px\" \/><\/figure>\n\n\n\n<p>\u201cQuiero agradecer especialmente al Gobierno de la provincia de Buenos Aires y a nuestro gobernador Axel Kicillof, por el acompa\u00f1amiento permanente, por la inversi\u00f3n en obras y por los programas que permiten que nuestra ciudad siga creciendo\u201d, destac\u00f3 Carlos Balor. Y agreg\u00f3: \u201cAgradezco tambi\u00e9n a cada trabajador municipal, a las instituciones, a las organizaciones sociales, culturales y deportivas\u2026 Y a cada vecino que aporta desde su lugar. Berazategui se construye todos los d\u00edas, con el esfuerzo de todos\u201d.<\/p>\n\n\n\n<p>Asimismo, el Intendente enfatiz\u00f3: \u201cQuiero dirigirme especialmente a los concejales de la oposici\u00f3n, que muchas veces acercan reclamos al Ejecutivo, y est\u00e1 bien que as\u00ed sea. Es parte del funcionamiento democr\u00e1tico y de la representaci\u00f3n de los vecinos. Pero nosotros tambi\u00e9n tenemos reclamos pendientes ante Organismos nacionales que hoy no est\u00e1n dando respuesta a demandas concretas de nuestra ciudad. Por eso, as\u00ed como tienen pedidos para que resolvamos desde el Municipio, les vamos a pedir que nos acompa\u00f1en a gestionar ante el Gobierno Nacional, para que esas soluciones tambi\u00e9n lleguen a Berazategui. Cuando se trata de nuestro municipio, no deber\u00eda haber diferencias partidarias: deber\u00eda haber responsabilidad compartida\u201d.<\/p>\n\n\n\n<p>\u201cMe gusta estar ac\u00e1; me gusta trabajar por esta ciudad y asumir esta responsabilidad. Lo que importa es que Berazategui siga creciendo y que nuestros vecinos vivan cada d\u00eda mejor. Sigamos trabajando unidos. En el coraz\u00f3n, siempre. En Berazategui, siempre. Juan Jos\u00e9 Mussi, siempre\u201d, finaliz\u00f3 Balor.<\/p>\n\n\n\n<figure class=\"wp-block-image size-large\"><img loading=\"lazy\" decoding=\"async\" width=\"1024\" height=\"682\" src=\"https:\/\/diarioprincipios.com\/wp-content\/uploads\/2026\/03\/Berazategui-Carlos-Balor-encabezo-la-Apertura-de-Sesiones-en-el-HCD-4-1024x682.jpg\" alt=\"\" class=\"wp-image-26726\" srcset=\"https:\/\/diarioprincipios.com\/wp-content\/uploads\/2026\/03\/Berazategui-Carlos-Balor-encabezo-la-Apertura-de-Sesiones-en-el-HCD-4-1024x682.jpg 1024w, https:\/\/diarioprincipios.com\/wp-content\/uploads\/2026\/03\/Berazategui-Carlos-Balor-encabezo-la-Apertura-de-Sesiones-en-el-HCD-4-300x200.jpg 300w, https:\/\/diarioprincipios.com\/wp-content\/uploads\/2026\/03\/Berazategui-Carlos-Balor-encabezo-la-Apertura-de-Sesiones-en-el-HCD-4-768x512.jpg 768w, https:\/\/diarioprincipios.com\/wp-content\/uploads\/2026\/03\/Berazategui-Carlos-Balor-encabezo-la-Apertura-de-Sesiones-en-el-HCD-4-1536x1023.jpg 1536w, https:\/\/diarioprincipios.com\/wp-content\/uploads\/2026\/03\/Berazategui-Carlos-Balor-encabezo-la-Apertura-de-Sesiones-en-el-HCD-4-820x545.jpg 820w, https:\/\/diarioprincipios.com\/wp-content\/uploads\/2026\/03\/Berazategui-Carlos-Balor-encabezo-la-Apertura-de-Sesiones-en-el-HCD-4-600x400.jpg 600w, https:\/\/diarioprincipios.com\/wp-content\/uploads\/2026\/03\/Berazategui-Carlos-Balor-encabezo-la-Apertura-de-Sesiones-en-el-HCD-4.jpg 1600w\" sizes=\"auto, (max-width: 1024px) 100vw, 1024px\" \/><\/figure>\n\n\n\n<p>En los tres videos, que resumieron la gesti\u00f3n 2025 y las proyecciones para el presente, se destac\u00f3 que el Municipio logr\u00f3 por sexto a\u00f1o consecutivo equilibrar el presupuesto de recursos y gastos, a pesar de los incrementos que sufrieron dos insumos cotidianos:<\/p>\n\n\n\n<ul class=\"wp-block-list\">\n<li>Energ\u00eda el\u00e9ctrica que abastece al servicio de alumbrado p\u00fablico: en diciembre de 2024 se abon\u00f3 a Edesur $269.403.159,24; y en el mismo mes, pero de 2025, $304.785.364,79.<\/li>\n\n\n\n<li>Combustible que utiliza la flota automotor municipal: en 2024, el valor de la nafta s\u00faper era de $1.002,24 el litro; mientras que en 2025 fue de $1.445, 50.<\/li>\n<\/ul>\n\n\n\n<p>Por otro lado, continuando con el plan de recomposici\u00f3n salarial acordado entre la Municipalidad y el Sindicato de Trabajadores Municipales de Berazategui, se otorg\u00f3 un incremento salarial en 12 etapas. De esta manera, el total de los incrementos oscilan entre un 41,88% y un 44,73% -dependiendo la categor\u00eda-, contra una inflaci\u00f3n acumulada del 31,5% (seg\u00fan el Instituto Nacional de Estad\u00edstica y Censos de la Rep\u00fablica Argentina -INDEC-).<\/p>\n\n\n\n<p>Asimismo, se desarrollaron tareas de mantenimiento, puesta en valor, embellecimiento y creaci\u00f3n de nuevos espacios p\u00fablicos, como plazas, plazoletas y paseos; as\u00ed como trabajos de apoyo a instituciones barriales: 15 Clubes, 5 Polideportivos, Parroquias, 4 Centros de Jubilados, 17 Sociedades de Fomento, 4 establecimientos educativos, infraestructura vial y urbana, 9 Delegaciones municipales, establecimientos de salud y otros espacios comunitarios en los distintos barrios y localidades. Tambi\u00e9n se unificaron las Delegaciones municipales de Villa Espa\u00f1a y Pl\u00e1tanos en el Centro C\u00edvico Municipal Villa Espa\u00f1a &#8211; Pl\u00e1tanos.<\/p>\n\n\n\n<p>A trav\u00e9s del Programa Berazategui en Familia, y con el respaldo del Gobierno de la provincia de Buenos Aires, se brind\u00f3 asistencia y contenci\u00f3n a miles de hogares.<\/p>\n\n\n\n<p>El Municipio tiene a su cargo 11 Jardines Comunitarios distribuidos en los barrios, reconocidos por la DIEGEP. A partir de 2026, con la incorporaci\u00f3n de salas multiciclo, ampliar\u00e1n la propuesta pedag\u00f3gica.<\/p>\n\n\n\n<p>En cuanto a la gesti\u00f3n en materia deportiva, se brindan 24 disciplinas que durante 2025 contaron con 6.344 inscriptos, en 7 Polideportivos Municipales en diferentes barrios, 3 Playones Multideporte y el Complejo Deportivo Municipal Ducilo. All\u00ed tambi\u00e9n se desarrolla la Liga Municipal de Hockey que, durante 2025, cont\u00f3 con la participaci\u00f3n de diez instituciones con 460 jugadoras. En este espacio municipal se construyeron vestuarios y una sala de m\u00e1quinas, se refaccionaron dos dep\u00f3sitos y una oficina, y se instalaron tribunas.<\/p>\n\n\n\n<p>Tambi\u00e9n, en el Club Municipal Malter\u00eda Hudson -que durante enero, febrero y marzo de 2025 recibi\u00f3 a cerca de 9.000 personas en su pileta-, se construyeron tres canchas de f\u00fatbol 5 de c\u00e9sped sint\u00e9tico. Y en el Complejo Municipal Los Privilegiados -6.574 berazateguenses disfrutaron de la Colonia Municipal de Verano, y personas mayores y con discapacidad acceden a distintas propuestas deportivas y recreativas-, se instal\u00f3 un nuevo sistema de climatizaci\u00f3n para la pileta y para el Sal\u00f3n de Usos M\u00faltiples, que adem\u00e1s fue insonorizado.<\/p>\n\n\n\n<figure class=\"wp-block-image size-large\"><img loading=\"lazy\" decoding=\"async\" width=\"1024\" height=\"682\" src=\"https:\/\/diarioprincipios.com\/wp-content\/uploads\/2026\/03\/Berazategui-Carlos-Balor-encabezo-la-Apertura-de-Sesiones-en-el-HCD-2-1024x682.jpg\" alt=\"\" class=\"wp-image-26727\" srcset=\"https:\/\/diarioprincipios.com\/wp-content\/uploads\/2026\/03\/Berazategui-Carlos-Balor-encabezo-la-Apertura-de-Sesiones-en-el-HCD-2-1024x682.jpg 1024w, https:\/\/diarioprincipios.com\/wp-content\/uploads\/2026\/03\/Berazategui-Carlos-Balor-encabezo-la-Apertura-de-Sesiones-en-el-HCD-2-300x200.jpg 300w, https:\/\/diarioprincipios.com\/wp-content\/uploads\/2026\/03\/Berazategui-Carlos-Balor-encabezo-la-Apertura-de-Sesiones-en-el-HCD-2-768x512.jpg 768w, https:\/\/diarioprincipios.com\/wp-content\/uploads\/2026\/03\/Berazategui-Carlos-Balor-encabezo-la-Apertura-de-Sesiones-en-el-HCD-2-1536x1023.jpg 1536w, https:\/\/diarioprincipios.com\/wp-content\/uploads\/2026\/03\/Berazategui-Carlos-Balor-encabezo-la-Apertura-de-Sesiones-en-el-HCD-2-820x545.jpg 820w, https:\/\/diarioprincipios.com\/wp-content\/uploads\/2026\/03\/Berazategui-Carlos-Balor-encabezo-la-Apertura-de-Sesiones-en-el-HCD-2-600x400.jpg 600w, https:\/\/diarioprincipios.com\/wp-content\/uploads\/2026\/03\/Berazategui-Carlos-Balor-encabezo-la-Apertura-de-Sesiones-en-el-HCD-2.jpg 1600w\" sizes=\"auto, (max-width: 1024px) 100vw, 1024px\" \/><\/figure>\n\n\n\n<p>El Campeonato Municipal de F\u00fatbol Infantil Evita lleva 38 a\u00f1os desarroll\u00e1ndose en Berazategui. Durante 2025, participaron 7.965 jugadores representando a 59 instituciones intermedias. En tanto, desde 2022 -por decisi\u00f3n del Dr. Juan Jos\u00e9 Mussi- se desarrolla el Campeonato de F\u00fatbol Infantil Femenino Evita Capitana, en el que durante 2025 participaron 3.354 ni\u00f1as y adolescentes de 43 instituciones.<\/p>\n\n\n\n<p>Cada a\u00f1o se organiza la Fiesta del Jubilado y la Jubilada en el Centro Municipal de Actividades Roberto De Vicenzo, donde en 2025 participaron cerca de 3.000 personas mayores de 60 Centros de Jubilados. Tambi\u00e9n, la Prueba Atl\u00e9tica 10K D\u00eda del Vidriero, que en su 36\u00b0 edici\u00f3n reuni\u00f3 a m\u00e1s de 4.000 atletas; y el Torneo de F\u00fatbol Femenino Copa Autonom\u00eda Berazategui, donde se inscribieron 40 equipos con un total de 600 jugadoras.<\/p>\n\n\n\n<p>Asimismo, durante 2025, el sistema municipal de salud brind\u00f3 m\u00e1s de 5.100.000 prestaciones: un 12% m\u00e1s con respecto a 2024.<\/p>\n\n\n\n<p>En los Centros de Atenci\u00f3n Primaria de Salud (CAPS) se brindaron m\u00e1s de 3.370.000 atenciones; y se realizaron 42 Jornadas Integrales en los barrios. La Coordinaci\u00f3n de Emergencias M\u00e9dicas (CEM), a trav\u00e9s de los CAPS (6 con guardia m\u00e9dica y enfermer\u00eda las 24 Hs.), brind\u00f3 m\u00e1s de 14.000 prestaciones mediante el sistema de ambulancias. Adem\u00e1s, se sumaron dos ambulancias de mediana complejidad.<\/p>\n\n\n\n<p>En tanto, el Centro Odontol\u00f3gico Municipal respondi\u00f3 40.000 consultas mensuales, mediante la Red Odontol\u00f3gica. Y se inaugur\u00f3 un M\u00f3vil Odontol\u00f3gico, que fue aportado por el Municipio y adaptado y equipado por la Iglesia de Jesucristo de los Santos de los \u00daltimos D\u00edas de Berazategui.<\/p>\n\n\n\n<p>Adem\u00e1s, el equipo del Centro Oftalmol\u00f3gico Municipal San Camilo realiz\u00f3 1.000 cirug\u00edas de cataratas en forma gratuita (en el sector privado, la cirug\u00eda tiene un valor de $2.000.000 para cada ojo) y 3.400 de retina (en el sector privado, la cirug\u00eda tiene un valor de $3.000.000 para cada ojo). En 2025, el Municipio adquiri\u00f3 equipamiento de \u00faltima generaci\u00f3n para este Centro Cl\u00ednico Quir\u00fargico municipal.<\/p>\n\n\n\n<p>Finalmente, la Cl\u00ednica Veterinaria Municipal y el \u00c1rea de Zoonosis brindaron 170.000 prestaciones.<\/p>\n\n\n\n<p>La Municipalidad tambi\u00e9n organiz\u00f3 m\u00e1s de 300 ediciones de Mercado Vecino, 8 Ferias de Productores Familiares y m\u00e1s de 32 ediciones de la Feria Agroecol\u00f3gica. Se continu\u00f3 con el desarrollo del Programa G\u00f3ndola Local, con m\u00e1s de 250 comercios adheridos; se concretaron seis jornadas de \u201cLa Noche de las Localidades\u201d; se brindaron 27 charlas en escuelas; se organiz\u00f3 una Ronda de Negocios, con la participaci\u00f3n de 530 comercios, PyMEs y empresas; y la Expo Bera Productiva 2025, con 62 stands.<\/p>\n\n\n\n<p>Mediante el Programa de Responsabilidad Social, se desarrollaron las Campa\u00f1as solidarias Seamos \u00datiles, Abrigando Sue\u00f1os, Mes de las Infancias y Festejos Navide\u00f1os, con m\u00e1s de 11 millones en donaciones.<\/p>\n\n\n\n<p>Del mismo modo, con fondos municipales, se realizaron las siguientes obras en espacios culturales:<\/p>\n\n\n\n<p>Complejo Cultural Municipal La Humanitaria: se inaugur\u00f3 el nuevo Registro Provincial de la Personas, el dep\u00f3sito de Arte P\u00fablico y la Sala de hornos para los talleres de Cer\u00e1mica.<\/p>\n\n\n\n<p>Nuevo Centro C\u00edvico Municipal Villa Espa\u00f1a &#8211; Pl\u00e1tanos: cuenta con cinco aulas y un auditorio, la Delegaci\u00f3n Municipal, oficinas descentralizadas del Registro Provincial de las Personas, servicios municipales y la sede del C\u00edrculo Italiano.<\/p>\n\n\n\n<p>Nuevo Centro C\u00edvico Municipal El Pato: avanza la construcci\u00f3n de este nuevo espacio en la localidad de El Pato, donde funcionar\u00e1 la Delegaci\u00f3n Municipal, el Registro Provincial de las Personas, el Centro de Monitoreo y diferentes servicios municipales, entre otros.<\/p>\n\n\n\n<p>En 2025 se concret\u00f3 una agenda de m\u00e1s de 600 actividades. Algunos de los eventos m\u00e1s reconocidos fueron los Salones Nacionales de Artesan\u00edas y Vidrio, la B-Play, la Feria Nacional Berazategui Artesan\u00edas, la Feria del Libro \u201cLibrArte\u201d y la Muestra Anual Educativa (MAE).<\/p>\n\n\n\n<p>Asimismo, el Programa Municipal de Alfabetizaci\u00f3n contin\u00faa ampliando derechos y generando oportunidades, acompa\u00f1ando en el acceso a la lectura y la escritura.<\/p>\n\n\n\n<p>En cuanto a la gesti\u00f3n ambiental desarrollada durante 2025, el Programa Berazategui Recicla logr\u00f3 evitar la disposici\u00f3n de m\u00e1s de un mill\u00f3n de residuos reciclables en el CEAMSE, lo que representa un ahorro para la Comuna y un impacto ambiental positivo sostenido.<\/p>\n\n\n\n<figure class=\"wp-block-image size-large\"><img loading=\"lazy\" decoding=\"async\" width=\"1024\" height=\"682\" src=\"https:\/\/diarioprincipios.com\/wp-content\/uploads\/2026\/03\/Berazategui-Carlos-Balor-encabezo-la-Apertura-de-Sesiones-en-el-HCD-3-1024x682.jpg\" alt=\"\" class=\"wp-image-26728\" srcset=\"https:\/\/diarioprincipios.com\/wp-content\/uploads\/2026\/03\/Berazategui-Carlos-Balor-encabezo-la-Apertura-de-Sesiones-en-el-HCD-3-1024x682.jpg 1024w, https:\/\/diarioprincipios.com\/wp-content\/uploads\/2026\/03\/Berazategui-Carlos-Balor-encabezo-la-Apertura-de-Sesiones-en-el-HCD-3-300x200.jpg 300w, https:\/\/diarioprincipios.com\/wp-content\/uploads\/2026\/03\/Berazategui-Carlos-Balor-encabezo-la-Apertura-de-Sesiones-en-el-HCD-3-768x512.jpg 768w, https:\/\/diarioprincipios.com\/wp-content\/uploads\/2026\/03\/Berazategui-Carlos-Balor-encabezo-la-Apertura-de-Sesiones-en-el-HCD-3-1536x1023.jpg 1536w, https:\/\/diarioprincipios.com\/wp-content\/uploads\/2026\/03\/Berazategui-Carlos-Balor-encabezo-la-Apertura-de-Sesiones-en-el-HCD-3-820x545.jpg 820w, https:\/\/diarioprincipios.com\/wp-content\/uploads\/2026\/03\/Berazategui-Carlos-Balor-encabezo-la-Apertura-de-Sesiones-en-el-HCD-3-600x400.jpg 600w, https:\/\/diarioprincipios.com\/wp-content\/uploads\/2026\/03\/Berazategui-Carlos-Balor-encabezo-la-Apertura-de-Sesiones-en-el-HCD-3.jpg 1600w\" sizes=\"auto, (max-width: 1024px) 100vw, 1024px\" \/><\/figure>\n\n\n\n<p>La Municipalidad tambi\u00e9n avanz\u00f3 con las obras de desarrollo urban\u00edstico PROCREAR II de Pl\u00e1tanos Norte, en un 43% -aproximadamente- sobre el total de los sectores licitados, que conforman las 1.403 viviendas (entre edificios de 6 pisos, torres de 8 pisos y viviendas en d\u00faplex). Los trabajos comprendieron una inversi\u00f3n de $16.000 millones, pero se encuentran paralizados por el Gobierno Nacional.<\/p>\n\n\n\n<p>En tanto, se est\u00e1n llevando a cabo obras con inversi\u00f3n provincial, como la reconstrucci\u00f3n de 300 viviendas en Kennedy Norte. \u00c9stas fueron concluidas y las 110 familias asignadas fueron relocalizadas en 2025, procediendo a la demolici\u00f3n de las viviendas del asentamiento. El \u00e1rea liberada ser\u00e1 destinada a un parque p\u00fablico. En una segunda etapa, 190 unidades en ejecuci\u00f3n se completar\u00e1n con las familias censadas de los barrios Kennedy Norte y La Prosperidad, liberando totalmente la ribera del arroyo Las Conchitas y las ocupaciones bajo l\u00edneas de alta tensi\u00f3n.<\/p>\n\n\n\n<p>Tambi\u00e9n, ya avanz\u00f3 en un 80,66% la construcci\u00f3n de 120 viviendas en el barrio 3 de Junio, donde se relocalizar\u00e1n 120 familias que viven a la vera del Canal Pl\u00e1tanos y debajo del electroducto. Las obras fueron licitadas por el Ministerio de H\u00e1bitat provincial, con financiamiento del Banco Mundial. Asimismo, en una segunda etapa ya iniciada (con un 31% de avance) se construir\u00e1 un conjunto habitacional de 239 viviendas, 6 locales, un Sal\u00f3n de Usos M\u00faltiples, infraestructura y un parque p\u00fablico, con financiamiento del Banco Mundial.<\/p>\n\n\n\n<p>A su vez, se inauguraron las obras del Proyecto Integral Barrio Compal -que contempl\u00f3 la construcci\u00f3n de equipamiento comunitario, un SUM y el Club Estrella del Norte-. Y este a\u00f1o, el Polo Educativo Integral de El Pato, concretado a trav\u00e9s de un convenio firmado con el Organismo Provincial de Integraci\u00f3n Social y Urbana (OPISU). Comprende la construcci\u00f3n de un Jard\u00edn de Infantes y Escuelas Primaria y Secundaria. Finalmente, por medio del Ministerio de Desarrollo de la Comunidad de la provincia de Buenos Aires y la Subsecretar\u00eda de H\u00e1bitat, se entregaron subsidios a 400 familias de Berazategui para concretar mejoras habitacionales.<\/p>\n\n\n\n<p>A lo largo del 2025, el \u00e1rea de Control Urbano realiz\u00f3 664 operativos en puntos estrat\u00e9gicos del distrito. En tanto, el Centro de Operaciones Municipal (COM) realiz\u00f3 m\u00e1s de 16 mil intervenciones brindando asistencia en accidentes de tr\u00e1nsito, emergencias de salud, civiles, incendios, b\u00fasqueda por desaparici\u00f3n de personas, casos de violencia de g\u00e9nero (llamados al 911) y en respuesta al llamado de botones de p\u00e1nico.<\/p>\n\n\n\n<p>En cuanto a la tarea de mantenimiento del alumbrado p\u00fablico, se realizaron 17.302 reparaciones, 1.012 despejes lum\u00ednicos y, en colaboraci\u00f3n con otras \u00e1reas, 1.275 colocaciones de bajadas, construcci\u00f3n de gazebos, entre otras labores. Avanz\u00f3 el Programa Municipal de Reconversi\u00f3n de Luminarias LED en distintos barrios y localidades. En total, se cambiaron 4.080 luminarias y se colocaron nuevas luces LED.<\/p>\n\n\n\n<p>Asimismo, se realizaron 15.430 intervenciones en la red domiciliaria de cloacas, 7.850 en la red domiciliaria de suministro de agua; 6.130 reparaciones de veredas, 111 nuevas conexiones de agua y 121 nuevas conexiones de cloacas.<\/p>\n\n\n\n<p>En materia de agua y cloacas, se llevaron a cabo las siguientes obras con aporte municipal: la ejecuci\u00f3n de un pozo de explotaci\u00f3n en Av. Ranelagh y 315 (que abastecer\u00e1 al barrio Santa Rosa y parte de La Colina); la puesta en valor del tanque de reserva situado en calle 59 e\/ 164 A y 165 (barrio AOT); el refuerzo de la red troncal del barrio Santa Rosa; y la estaci\u00f3n de bombeo cloacal de la calle 116 y Av. Varela.<\/p>\n\n\n\n<p>A su vez, con fondos provinciales se realiz\u00f3 el recambio del colector cloacal del barrio 3 de Junio; y se est\u00e1n ejecutando desag\u00fces cloacales en distintos puntos de Berazategui.<\/p>\n\n\n\n<p>Se desarrollaron, tambi\u00e9n, m\u00e1s obras de tratamiento integral, mejora y embellecimiento del espacio p\u00fablico para una mayor accesibilidad y disfrute de los vecinos y vecinas. De esta manera, se llev\u00f3 a cabo la puesta en valor de las Plazas La Lomita y La Paz; la construcci\u00f3n de la Plaza Vecinal El Pato Lado Sur; el tratamiento integral del espacio p\u00fablico de Av. Calchaqu\u00ed entre calle 4 A y Av. 7; y de Av. 7 entre Av. Vergara y 131 -en ejecuci\u00f3n-. Adem\u00e1s, se repar\u00f3 la cubierta de la pileta climatizada y se hizo un mantenimiento edilicio en el Complejo Municipal Los Privilegiados. Tambi\u00e9n se puso en valor el Paseo Aer\u00f3bico sobre Av. Mitre entre Av. Fcio. Varela y calle 5.<\/p>\n\n\n\n<p>Asimismo, se realizaron obras de infraestructura pluvial con la ejecuci\u00f3n de desag\u00fces y la reconstrucci\u00f3n de sumideros en distintos puntos del distrito. Se ejecutaron obras de saneamiento, preparaci\u00f3n del suelo y colocaci\u00f3n de carpeta asf\u00e1ltica en la calle 58 e\/ Colectora y 156; y se contrat\u00f3 mano de obra para la pavimentaci\u00f3n de la calle 11 e\/ 157 y 160. En tanto, se efectu\u00f3 la pavimentaci\u00f3n con colocaci\u00f3n de carpeta asf\u00e1ltica sin cord\u00f3n cuneta en distintos barrios, a lo largo de 65.630 metros cuadrados. Asimismo, se llevaron a cabo 44 obras de reencarpetado de cuadras completas.<\/p>\n\n\n\n<p>Mediante el financiamiento del Gobierno provincial, en tanto, se est\u00e1 ejecutando la repavimentaci\u00f3n de la calle 109 e\/ 5 y 11, la puesta en valor del Edificio anexo al Polideportivo Municipal N\u00b0 4, adem\u00e1s de la construcci\u00f3n y ampliaci\u00f3n de establecimientos educativos.<\/p>\n\n\n\n<p>Proyecciones para el 2026<\/p>\n\n\n\n<p>Este a\u00f1o, el Municipio de Berazategui y el Gobierno de la provincia de Buenos Aires crear\u00e1n el Mercado Bonaerense de Berazategui, de abastecimiento local, donde los vecinos y vecinas podr\u00e1n comprar l\u00e1cteos, frutas, verduras, pescados, carnes, productos de granja, panificados y del Programa G\u00f3ndola Local, directamente a quienes los producen, a precios justos y accediendo a descuentos especiales con Cuenta DNI (Banco Provincia).<\/p>\n\n\n\n<p>Asimismo, con la inauguraci\u00f3n del Polo de Emprendedores en Guti\u00e9rrez, se implementar\u00e1 el Centro Incubador de Emprendedores: un servicio especializado en gastronom\u00eda, textiles y sublimaci\u00f3n, para potenciar a los emprendedores y fomentar sus gestiones contables, administrativas y comerciales. Por otro lado, se inaugurar\u00e1 el Centro de Valor Agregado Berazategui. Ubicado en la localidad de El Pato, este espacio productivo tiene el objetivo de agregar valor a la producci\u00f3n primaria de hortalizas, frutas y otros cultivos locales, facilitando el acopio, selecci\u00f3n, corte, picado, empaquetado, embandejado y certificaci\u00f3n de los productos para su colocaci\u00f3n en los mercados de cercan\u00eda.<\/p>\n\n\n\n<p>Adem\u00e1s, se prev\u00e9 finalizar obras en Sociedades de Fomento, Ecopuntos, y Clubes Sociales y Deportivos; sumar Salas Multiciclo -que re\u00fanan a ni\u00f1as y ni\u00f1os de 2 y 3 a\u00f1os- en los 11 Jardines Comunitarios distribuidos en los barrios; y construir un sector Indoor Spinning en el Club Municipal Malter\u00eda Hudson.<\/p>\n\n\n\n<p>En lo deportivo, el b\u00e1squet masculino municipal ya participa en una nueva liga: las categor\u00edas primera y mayores de 35 a\u00f1os compiten en la Federaci\u00f3n de B\u00e1squet \u00c1rea Metropolitana de Buenos Aires (FEBAMBA).<\/p>\n\n\n\n<p>Tambi\u00e9n, se proyecta avanzar con obras de pavimento con carpeta asf\u00e1ltica y de repavimentaci\u00f3n, fresado y bacheo en distintas calles y avenidas del distrito; y finalizar la obra de remodelaci\u00f3n y ampliaci\u00f3n del CAPS N\u00b0 17 del barrio Luchetti, que incluye la incorporaci\u00f3n de un Consultorio Odontol\u00f3gico (ya tiene un 40% de avance).<\/p>\n\n\n\n<p>En la localidad de Sourigues se est\u00e1 construyendo un Sal\u00f3n de Usos M\u00faltiples para la comunidad -de 300 metros cuadrados-, destinado a actividades sociales. Asimismo, se planea continuar con obras de arquitectura, embellecimiento y puesta en valor de espacios p\u00fablicos, deportivos y recreativos, en calles, avenidas, paseos, plazas e instituciones. Con fondos municipales, se proyecta realizar obras de infraestructura pluvial, como la construcci\u00f3n de desag\u00fces y el revestimiento de canales.<\/p>\n\n\n\n<p>En tanto, con fondos provinciales se continuar\u00e1n las obras de refacci\u00f3n y ampliaci\u00f3n de Centros educativos del distrito.<\/p>\n\n\n\n<p>A su vez, con fondos municipales se proyecta realizar el cierre de mallas de las redes de agua y cloacas en distintos puntos del partido, continuar con el recambio de 3.300 luminarias led en distintos barrios; ejecutar una nueva estaci\u00f3n de bombeo de agua al Acu\u00edfero Hipopuelche, con una nueva planta de tratamiento por \u00f3smosis inversa para la localidad de Pl\u00e1tanos y una extensi\u00f3n de la ca\u00f1er\u00eda troncal de la red de agua y refuerzo para el barrio Villa Matilde, vinculada a la nueva estaci\u00f3n de bombeo de Pl\u00e1tanos; interconectar el tanque del Acueducto Pereyra con la cisterna del Acueducto El Pato; ampliar el Acueducto Lisandro de la Torre, construir dos nuevas estaciones de bombeo y ca\u00f1er\u00eda de vinculaci\u00f3n; un nuevo pozo de agua al Hipopuelche, para refuerzo del acueducto Pereyra en Av. Touring Club y Av. Vergara; construir una estaci\u00f3n elevadora y presurizadora para la red troncal de Villa Matilde y Villa Sarmiento; y poner en funcionamiento una planta de \u00f3smosis inversa para el barrio Santo Tom\u00e1s.<\/p>\n","protected":false},"excerpt":{"rendered":"<p>\u00abA m\u00ed me gusta estar ac\u00e1\u201d, subray\u00f3 el Intendente El intendente de Berazategui, Carlos Balor, encabez\u00f3 la apertura del 53\u00b0 Per\u00edodo de Sesiones Ordinarias del Honorable Concejo Deliberante (HCD), donde present\u00f3 un balance integral de la gesti\u00f3n a trav\u00e9s de un formato innovador que combin\u00f3 su discurso con la proyecci\u00f3n de contenidos audiovisuales. Mediante esta&#8230;<\/p>\n","protected":false},"author":2,"featured_media":26729,"comment_status":"open","ping_status":"open","sticky":false,"template":"","format":"standard","meta":{"footnotes":""},"categories":[3],"tags":[],"class_list":["post-26724","post","type-post","status-publish","format-standard","has-post-thumbnail","hentry","category-berazategui"],"featured_image_src":"https:\/\/diarioprincipios.com\/wp-content\/uploads\/2026\/03\/Berazategui-Carlos-Balor-encabezo-la-Apertura-de-Sesiones-en-el-HCD-1024x682.jpg","blog_images":{"medium":"https:\/\/diarioprincipios.com\/wp-content\/uploads\/2026\/03\/Berazategui-Carlos-Balor-encabezo-la-Apertura-de-Sesiones-en-el-HCD-300x200.jpg","large":"https:\/\/diarioprincipios.com\/wp-content\/uploads\/2026\/03\/Berazategui-Carlos-Balor-encabezo-la-Apertura-de-Sesiones-en-el-HCD-1024x682.jpg"},"ams_acf":[],"yoast_head":"<!-- This site is optimized with the Yoast SEO plugin v27.3 - https:\/\/yoast.com\/product\/yoast-seo-wordpress\/ -->\n<title>Carlos Balor encabez\u00f3 la Apertura de Sesiones en el HCD - Principios<\/title>\n<meta name=\"robots\" content=\"index, follow, max-snippet:-1, max-image-preview:large, max-video-preview:-1\" \/>\n<link rel=\"canonical\" href=\"https:\/\/diarioprincipios.com\/index.php\/2026\/03\/07\/carlos-balor-encabezo-la-apertura-de-sesiones-en-el-hcd\/\" \/>\n<meta property=\"og:locale\" content=\"es_ES\" \/>\n<meta property=\"og:type\" content=\"article\" \/>\n<meta property=\"og:title\" content=\"Carlos Balor encabez\u00f3 la Apertura de Sesiones en el HCD - Principios\" \/>\n<meta property=\"og:description\" content=\"\u00abA m\u00ed me gusta estar ac\u00e1\u201d, subray\u00f3 el Intendente El intendente de Berazategui, Carlos Balor, encabez\u00f3 la apertura del 53\u00b0 Per\u00edodo de Sesiones Ordinarias del Honorable Concejo Deliberante (HCD), donde present\u00f3 un balance integral de la gesti\u00f3n a trav\u00e9s de un formato innovador que combin\u00f3 su discurso con la proyecci\u00f3n de contenidos audiovisuales. Mediante esta...\" \/>\n<meta property=\"og:url\" content=\"https:\/\/diarioprincipios.com\/index.php\/2026\/03\/07\/carlos-balor-encabezo-la-apertura-de-sesiones-en-el-hcd\/\" \/>\n<meta property=\"og:site_name\" content=\"Principios\" \/>\n<meta property=\"article:published_time\" content=\"2026-03-07T23:42:32+00:00\" \/>\n<meta property=\"og:image\" content=\"https:\/\/diarioprincipios.com\/wp-content\/uploads\/2026\/03\/Berazategui-Carlos-Balor-encabezo-la-Apertura-de-Sesiones-en-el-HCD.jpg\" \/>\n\t<meta property=\"og:image:width\" content=\"1600\" \/>\n\t<meta property=\"og:image:height\" content=\"1066\" \/>\n\t<meta property=\"og:image:type\" content=\"image\/jpeg\" \/>\n<meta name=\"author\" content=\"Hern\u00e1n L\u00f3pez\" \/>\n<meta name=\"twitter:card\" content=\"summary_large_image\" \/>\n<meta name=\"twitter:label1\" content=\"Escrito por\" \/>\n\t<meta name=\"twitter:data1\" content=\"Hern\u00e1n L\u00f3pez\" \/>\n\t<meta name=\"twitter:label2\" content=\"Tiempo de lectura\" \/>\n\t<meta name=\"twitter:data2\" content=\"16 minutos\" \/>\n<script type=\"application\/ld+json\" class=\"yoast-schema-graph\">{\"@context\":\"https:\\\/\\\/schema.org\",\"@graph\":[{\"@type\":\"Article\",\"@id\":\"https:\\\/\\\/diarioprincipios.com\\\/index.php\\\/2026\\\/03\\\/07\\\/carlos-balor-encabezo-la-apertura-de-sesiones-en-el-hcd\\\/#article\",\"isPartOf\":{\"@id\":\"https:\\\/\\\/diarioprincipios.com\\\/index.php\\\/2026\\\/03\\\/07\\\/carlos-balor-encabezo-la-apertura-de-sesiones-en-el-hcd\\\/\"},\"author\":{\"name\":\"Hern\u00e1n L\u00f3pez\",\"@id\":\"https:\\\/\\\/diarioprincipios.com\\\/#\\\/schema\\\/person\\\/436d5a1fd41a5e250e23ff5a6a7cb080\"},\"headline\":\"Carlos Balor encabez\u00f3 la Apertura de Sesiones en el HCD\",\"datePublished\":\"2026-03-07T23:42:32+00:00\",\"mainEntityOfPage\":{\"@id\":\"https:\\\/\\\/diarioprincipios.com\\\/index.php\\\/2026\\\/03\\\/07\\\/carlos-balor-encabezo-la-apertura-de-sesiones-en-el-hcd\\\/\"},\"wordCount\":3356,\"commentCount\":0,\"publisher\":{\"@id\":\"https:\\\/\\\/diarioprincipios.com\\\/#organization\"},\"image\":{\"@id\":\"https:\\\/\\\/diarioprincipios.com\\\/index.php\\\/2026\\\/03\\\/07\\\/carlos-balor-encabezo-la-apertura-de-sesiones-en-el-hcd\\\/#primaryimage\"},\"thumbnailUrl\":\"https:\\\/\\\/diarioprincipios.com\\\/wp-content\\\/uploads\\\/2026\\\/03\\\/Berazategui-Carlos-Balor-encabezo-la-Apertura-de-Sesiones-en-el-HCD.jpg\",\"articleSection\":[\"Berazategui\"],\"inLanguage\":\"es\",\"potentialAction\":[{\"@type\":\"CommentAction\",\"name\":\"Comment\",\"target\":[\"https:\\\/\\\/diarioprincipios.com\\\/index.php\\\/2026\\\/03\\\/07\\\/carlos-balor-encabezo-la-apertura-de-sesiones-en-el-hcd\\\/#respond\"]}]},{\"@type\":\"WebPage\",\"@id\":\"https:\\\/\\\/diarioprincipios.com\\\/index.php\\\/2026\\\/03\\\/07\\\/carlos-balor-encabezo-la-apertura-de-sesiones-en-el-hcd\\\/\",\"url\":\"https:\\\/\\\/diarioprincipios.com\\\/index.php\\\/2026\\\/03\\\/07\\\/carlos-balor-encabezo-la-apertura-de-sesiones-en-el-hcd\\\/\",\"name\":\"Carlos Balor encabez\u00f3 la Apertura de Sesiones en el HCD - Principios\",\"isPartOf\":{\"@id\":\"https:\\\/\\\/diarioprincipios.com\\\/#website\"},\"primaryImageOfPage\":{\"@id\":\"https:\\\/\\\/diarioprincipios.com\\\/index.php\\\/2026\\\/03\\\/07\\\/carlos-balor-encabezo-la-apertura-de-sesiones-en-el-hcd\\\/#primaryimage\"},\"image\":{\"@id\":\"https:\\\/\\\/diarioprincipios.com\\\/index.php\\\/2026\\\/03\\\/07\\\/carlos-balor-encabezo-la-apertura-de-sesiones-en-el-hcd\\\/#primaryimage\"},\"thumbnailUrl\":\"https:\\\/\\\/diarioprincipios.com\\\/wp-content\\\/uploads\\\/2026\\\/03\\\/Berazategui-Carlos-Balor-encabezo-la-Apertura-de-Sesiones-en-el-HCD.jpg\",\"datePublished\":\"2026-03-07T23:42:32+00:00\",\"breadcrumb\":{\"@id\":\"https:\\\/\\\/diarioprincipios.com\\\/index.php\\\/2026\\\/03\\\/07\\\/carlos-balor-encabezo-la-apertura-de-sesiones-en-el-hcd\\\/#breadcrumb\"},\"inLanguage\":\"es\",\"potentialAction\":[{\"@type\":\"ReadAction\",\"target\":[\"https:\\\/\\\/diarioprincipios.com\\\/index.php\\\/2026\\\/03\\\/07\\\/carlos-balor-encabezo-la-apertura-de-sesiones-en-el-hcd\\\/\"]}]},{\"@type\":\"ImageObject\",\"inLanguage\":\"es\",\"@id\":\"https:\\\/\\\/diarioprincipios.com\\\/index.php\\\/2026\\\/03\\\/07\\\/carlos-balor-encabezo-la-apertura-de-sesiones-en-el-hcd\\\/#primaryimage\",\"url\":\"https:\\\/\\\/diarioprincipios.com\\\/wp-content\\\/uploads\\\/2026\\\/03\\\/Berazategui-Carlos-Balor-encabezo-la-Apertura-de-Sesiones-en-el-HCD.jpg\",\"contentUrl\":\"https:\\\/\\\/diarioprincipios.com\\\/wp-content\\\/uploads\\\/2026\\\/03\\\/Berazategui-Carlos-Balor-encabezo-la-Apertura-de-Sesiones-en-el-HCD.jpg\",\"width\":1600,\"height\":1066},{\"@type\":\"BreadcrumbList\",\"@id\":\"https:\\\/\\\/diarioprincipios.com\\\/index.php\\\/2026\\\/03\\\/07\\\/carlos-balor-encabezo-la-apertura-de-sesiones-en-el-hcd\\\/#breadcrumb\",\"itemListElement\":[{\"@type\":\"ListItem\",\"position\":1,\"name\":\"Portada\",\"item\":\"https:\\\/\\\/diarioprincipios.com\\\/\"},{\"@type\":\"ListItem\",\"position\":2,\"name\":\"Carlos Balor encabez\u00f3 la Apertura de Sesiones en el HCD\"}]},{\"@type\":\"WebSite\",\"@id\":\"https:\\\/\\\/diarioprincipios.com\\\/#website\",\"url\":\"https:\\\/\\\/diarioprincipios.com\\\/\",\"name\":\"Principios\",\"description\":\"Principios Diario\",\"publisher\":{\"@id\":\"https:\\\/\\\/diarioprincipios.com\\\/#organization\"},\"potentialAction\":[{\"@type\":\"SearchAction\",\"target\":{\"@type\":\"EntryPoint\",\"urlTemplate\":\"https:\\\/\\\/diarioprincipios.com\\\/?s={search_term_string}\"},\"query-input\":{\"@type\":\"PropertyValueSpecification\",\"valueRequired\":true,\"valueName\":\"search_term_string\"}}],\"inLanguage\":\"es\"},{\"@type\":\"Organization\",\"@id\":\"https:\\\/\\\/diarioprincipios.com\\\/#organization\",\"name\":\"Principios\",\"url\":\"https:\\\/\\\/diarioprincipios.com\\\/\",\"logo\":{\"@type\":\"ImageObject\",\"inLanguage\":\"es\",\"@id\":\"https:\\\/\\\/diarioprincipios.com\\\/#\\\/schema\\\/logo\\\/image\\\/\",\"url\":\"https:\\\/\\\/diarioprincipios.com\\\/wp-content\\\/uploads\\\/2024\\\/04\\\/cropped-www.diarioprincipios.com_-1.png\",\"contentUrl\":\"https:\\\/\\\/diarioprincipios.com\\\/wp-content\\\/uploads\\\/2024\\\/04\\\/cropped-www.diarioprincipios.com_-1.png\",\"width\":5325,\"height\":1454,\"caption\":\"Principios\"},\"image\":{\"@id\":\"https:\\\/\\\/diarioprincipios.com\\\/#\\\/schema\\\/logo\\\/image\\\/\"}},{\"@type\":\"Person\",\"@id\":\"https:\\\/\\\/diarioprincipios.com\\\/#\\\/schema\\\/person\\\/436d5a1fd41a5e250e23ff5a6a7cb080\",\"name\":\"Hern\u00e1n L\u00f3pez\",\"image\":{\"@type\":\"ImageObject\",\"inLanguage\":\"es\",\"@id\":\"https:\\\/\\\/diarioprincipios.com\\\/wp-content\\\/litespeed\\\/avatar\\\/11ddfe5610ff3bd100522525b2571f48.jpg?ver=1777048341\",\"url\":\"https:\\\/\\\/diarioprincipios.com\\\/wp-content\\\/litespeed\\\/avatar\\\/11ddfe5610ff3bd100522525b2571f48.jpg?ver=1777048341\",\"contentUrl\":\"https:\\\/\\\/diarioprincipios.com\\\/wp-content\\\/litespeed\\\/avatar\\\/11ddfe5610ff3bd100522525b2571f48.jpg?ver=1777048341\",\"caption\":\"Hern\u00e1n L\u00f3pez\"},\"url\":\"https:\\\/\\\/diarioprincipios.com\\\/index.php\\\/author\\\/hernan\\\/\"}]}<\/script>\n<!-- \/ Yoast SEO plugin. -->","yoast_head_json":{"title":"Carlos Balor encabez\u00f3 la Apertura de Sesiones en el HCD - Principios","robots":{"index":"index","follow":"follow","max-snippet":"max-snippet:-1","max-image-preview":"max-image-preview:large","max-video-preview":"max-video-preview:-1"},"canonical":"https:\/\/diarioprincipios.com\/index.php\/2026\/03\/07\/carlos-balor-encabezo-la-apertura-de-sesiones-en-el-hcd\/","og_locale":"es_ES","og_type":"article","og_title":"Carlos Balor encabez\u00f3 la Apertura de Sesiones en el HCD - Principios","og_description":"\u00abA m\u00ed me gusta estar ac\u00e1\u201d, subray\u00f3 el Intendente El intendente de Berazategui, Carlos Balor, encabez\u00f3 la apertura del 53\u00b0 Per\u00edodo de Sesiones Ordinarias del Honorable Concejo Deliberante (HCD), donde present\u00f3 un balance integral de la gesti\u00f3n a trav\u00e9s de un formato innovador que combin\u00f3 su discurso con la proyecci\u00f3n de contenidos audiovisuales. Mediante esta...","og_url":"https:\/\/diarioprincipios.com\/index.php\/2026\/03\/07\/carlos-balor-encabezo-la-apertura-de-sesiones-en-el-hcd\/","og_site_name":"Principios","article_published_time":"2026-03-07T23:42:32+00:00","og_image":[{"width":1600,"height":1066,"url":"https:\/\/diarioprincipios.com\/wp-content\/uploads\/2026\/03\/Berazategui-Carlos-Balor-encabezo-la-Apertura-de-Sesiones-en-el-HCD.jpg","type":"image\/jpeg"}],"author":"Hern\u00e1n L\u00f3pez","twitter_card":"summary_large_image","twitter_misc":{"Escrito por":"Hern\u00e1n L\u00f3pez","Tiempo de lectura":"16 minutos"},"schema":{"@context":"https:\/\/schema.org","@graph":[{"@type":"Article","@id":"https:\/\/diarioprincipios.com\/index.php\/2026\/03\/07\/carlos-balor-encabezo-la-apertura-de-sesiones-en-el-hcd\/#article","isPartOf":{"@id":"https:\/\/diarioprincipios.com\/index.php\/2026\/03\/07\/carlos-balor-encabezo-la-apertura-de-sesiones-en-el-hcd\/"},"author":{"name":"Hern\u00e1n L\u00f3pez","@id":"https:\/\/diarioprincipios.com\/#\/schema\/person\/436d5a1fd41a5e250e23ff5a6a7cb080"},"headline":"Carlos Balor encabez\u00f3 la Apertura de Sesiones en el HCD","datePublished":"2026-03-07T23:42:32+00:00","mainEntityOfPage":{"@id":"https:\/\/diarioprincipios.com\/index.php\/2026\/03\/07\/carlos-balor-encabezo-la-apertura-de-sesiones-en-el-hcd\/"},"wordCount":3356,"commentCount":0,"publisher":{"@id":"https:\/\/diarioprincipios.com\/#organization"},"image":{"@id":"https:\/\/diarioprincipios.com\/index.php\/2026\/03\/07\/carlos-balor-encabezo-la-apertura-de-sesiones-en-el-hcd\/#primaryimage"},"thumbnailUrl":"https:\/\/diarioprincipios.com\/wp-content\/uploads\/2026\/03\/Berazategui-Carlos-Balor-encabezo-la-Apertura-de-Sesiones-en-el-HCD.jpg","articleSection":["Berazategui"],"inLanguage":"es","potentialAction":[{"@type":"CommentAction","name":"Comment","target":["https:\/\/diarioprincipios.com\/index.php\/2026\/03\/07\/carlos-balor-encabezo-la-apertura-de-sesiones-en-el-hcd\/#respond"]}]},{"@type":"WebPage","@id":"https:\/\/diarioprincipios.com\/index.php\/2026\/03\/07\/carlos-balor-encabezo-la-apertura-de-sesiones-en-el-hcd\/","url":"https:\/\/diarioprincipios.com\/index.php\/2026\/03\/07\/carlos-balor-encabezo-la-apertura-de-sesiones-en-el-hcd\/","name":"Carlos Balor encabez\u00f3 la Apertura de Sesiones en el HCD - Principios","isPartOf":{"@id":"https:\/\/diarioprincipios.com\/#website"},"primaryImageOfPage":{"@id":"https:\/\/diarioprincipios.com\/index.php\/2026\/03\/07\/carlos-balor-encabezo-la-apertura-de-sesiones-en-el-hcd\/#primaryimage"},"image":{"@id":"https:\/\/diarioprincipios.com\/index.php\/2026\/03\/07\/carlos-balor-encabezo-la-apertura-de-sesiones-en-el-hcd\/#primaryimage"},"thumbnailUrl":"https:\/\/diarioprincipios.com\/wp-content\/uploads\/2026\/03\/Berazategui-Carlos-Balor-encabezo-la-Apertura-de-Sesiones-en-el-HCD.jpg","datePublished":"2026-03-07T23:42:32+00:00","breadcrumb":{"@id":"https:\/\/diarioprincipios.com\/index.php\/2026\/03\/07\/carlos-balor-encabezo-la-apertura-de-sesiones-en-el-hcd\/#breadcrumb"},"inLanguage":"es","potentialAction":[{"@type":"ReadAction","target":["https:\/\/diarioprincipios.com\/index.php\/2026\/03\/07\/carlos-balor-encabezo-la-apertura-de-sesiones-en-el-hcd\/"]}]},{"@type":"ImageObject","inLanguage":"es","@id":"https:\/\/diarioprincipios.com\/index.php\/2026\/03\/07\/carlos-balor-encabezo-la-apertura-de-sesiones-en-el-hcd\/#primaryimage","url":"https:\/\/diarioprincipios.com\/wp-content\/uploads\/2026\/03\/Berazategui-Carlos-Balor-encabezo-la-Apertura-de-Sesiones-en-el-HCD.jpg","contentUrl":"https:\/\/diarioprincipios.com\/wp-content\/uploads\/2026\/03\/Berazategui-Carlos-Balor-encabezo-la-Apertura-de-Sesiones-en-el-HCD.jpg","width":1600,"height":1066},{"@type":"BreadcrumbList","@id":"https:\/\/diarioprincipios.com\/index.php\/2026\/03\/07\/carlos-balor-encabezo-la-apertura-de-sesiones-en-el-hcd\/#breadcrumb","itemListElement":[{"@type":"ListItem","position":1,"name":"Portada","item":"https:\/\/diarioprincipios.com\/"},{"@type":"ListItem","position":2,"name":"Carlos Balor encabez\u00f3 la Apertura de Sesiones en el HCD"}]},{"@type":"WebSite","@id":"https:\/\/diarioprincipios.com\/#website","url":"https:\/\/diarioprincipios.com\/","name":"Principios","description":"Principios Diario","publisher":{"@id":"https:\/\/diarioprincipios.com\/#organization"},"potentialAction":[{"@type":"SearchAction","target":{"@type":"EntryPoint","urlTemplate":"https:\/\/diarioprincipios.com\/?s={search_term_string}"},"query-input":{"@type":"PropertyValueSpecification","valueRequired":true,"valueName":"search_term_string"}}],"inLanguage":"es"},{"@type":"Organization","@id":"https:\/\/diarioprincipios.com\/#organization","name":"Principios","url":"https:\/\/diarioprincipios.com\/","logo":{"@type":"ImageObject","inLanguage":"es","@id":"https:\/\/diarioprincipios.com\/#\/schema\/logo\/image\/","url":"https:\/\/diarioprincipios.com\/wp-content\/uploads\/2024\/04\/cropped-www.diarioprincipios.com_-1.png","contentUrl":"https:\/\/diarioprincipios.com\/wp-content\/uploads\/2024\/04\/cropped-www.diarioprincipios.com_-1.png","width":5325,"height":1454,"caption":"Principios"},"image":{"@id":"https:\/\/diarioprincipios.com\/#\/schema\/logo\/image\/"}},{"@type":"Person","@id":"https:\/\/diarioprincipios.com\/#\/schema\/person\/436d5a1fd41a5e250e23ff5a6a7cb080","name":"Hern\u00e1n L\u00f3pez","image":{"@type":"ImageObject","inLanguage":"es","@id":"https:\/\/diarioprincipios.com\/wp-content\/litespeed\/avatar\/11ddfe5610ff3bd100522525b2571f48.jpg?ver=1777048341","url":"https:\/\/diarioprincipios.com\/wp-content\/litespeed\/avatar\/11ddfe5610ff3bd100522525b2571f48.jpg?ver=1777048341","contentUrl":"https:\/\/diarioprincipios.com\/wp-content\/litespeed\/avatar\/11ddfe5610ff3bd100522525b2571f48.jpg?ver=1777048341","caption":"Hern\u00e1n L\u00f3pez"},"url":"https:\/\/diarioprincipios.com\/index.php\/author\/hernan\/"}]}},"jetpack_featured_media_url":"https:\/\/diarioprincipios.com\/wp-content\/uploads\/2026\/03\/Berazategui-Carlos-Balor-encabezo-la-Apertura-de-Sesiones-en-el-HCD.jpg","_links":{"self":[{"href":"https:\/\/diarioprincipios.com\/index.php\/wp-json\/wp\/v2\/posts\/26724","targetHints":{"allow":["GET"]}}],"collection":[{"href":"https:\/\/diarioprincipios.com\/index.php\/wp-json\/wp\/v2\/posts"}],"about":[{"href":"https:\/\/diarioprincipios.com\/index.php\/wp-json\/wp\/v2\/types\/post"}],"author":[{"embeddable":true,"href":"https:\/\/diarioprincipios.com\/index.php\/wp-json\/wp\/v2\/users\/2"}],"replies":[{"embeddable":true,"href":"https:\/\/diarioprincipios.com\/index.php\/wp-json\/wp\/v2\/comments?post=26724"}],"version-history":[{"count":1,"href":"https:\/\/diarioprincipios.com\/index.php\/wp-json\/wp\/v2\/posts\/26724\/revisions"}],"predecessor-version":[{"id":26730,"href":"https:\/\/diarioprincipios.com\/index.php\/wp-json\/wp\/v2\/posts\/26724\/revisions\/26730"}],"wp:featuredmedia":[{"embeddable":true,"href":"https:\/\/diarioprincipios.com\/index.php\/wp-json\/wp\/v2\/media\/26729"}],"wp:attachment":[{"href":"https:\/\/diarioprincipios.com\/index.php\/wp-json\/wp\/v2\/media?parent=26724"}],"wp:term":[{"taxonomy":"category","embeddable":true,"href":"https:\/\/diarioprincipios.com\/index.php\/wp-json\/wp\/v2\/categories?post=26724"},{"taxonomy":"post_tag","embeddable":true,"href":"https:\/\/diarioprincipios.com\/index.php\/wp-json\/wp\/v2\/tags?post=26724"}],"curies":[{"name":"wp","href":"https:\/\/api.w.org\/{rel}","templated":true}]}}