{"id":26694,"date":"2026-03-03T09:44:09","date_gmt":"2026-03-03T12:44:09","guid":{"rendered":"https:\/\/diarioprincipios.com\/?p=26694"},"modified":"2026-03-03T09:44:10","modified_gmt":"2026-03-03T12:44:10","slug":"balor-y-alvarez-rodriguez-inauguraron-sede-del-registro-provincial-de-las-personas","status":"publish","type":"post","link":"https:\/\/diarioprincipios.com\/index.php\/2026\/03\/03\/balor-y-alvarez-rodriguez-inauguraron-sede-del-registro-provincial-de-las-personas\/","title":{"rendered":"Balor y \u00c1lvarez Rodr\u00edguez inauguraron sede del Registro Provincial de las Personas"},"content":{"rendered":"\n<p>Se inaugur\u00f3 la sede del Registro Provincial de las Personas ubicada en el Centro C\u00edvico Municipal Villa Espa\u00f1a &#8211; Pl\u00e1tanos (calle 151 A e\/ Av. Italia y 34). El intendente de Berazategui, Carlos Balor, encabez\u00f3 el acto junto a la jefa de Asesores del Gobernador de la provincia de Buenos Aires, Cristina \u00c1lvarez Rodr\u00edguez. Luego recorrieron el operativo de documentaci\u00f3n realizado en el lugar.<\/p>\n\n\n\n<figure class=\"wp-block-image size-large\"><img loading=\"lazy\" decoding=\"async\" width=\"1024\" height=\"683\" src=\"https:\/\/diarioprincipios.com\/wp-content\/uploads\/2026\/03\/20260227_Inauguracion_Intendente_Balor_Registro_Civil_Villa_Espana_Platanos_NM_023-1024x683.jpg\" alt=\"\" class=\"wp-image-26698\" srcset=\"https:\/\/diarioprincipios.com\/wp-content\/uploads\/2026\/03\/20260227_Inauguracion_Intendente_Balor_Registro_Civil_Villa_Espana_Platanos_NM_023-1024x683.jpg 1024w, https:\/\/diarioprincipios.com\/wp-content\/uploads\/2026\/03\/20260227_Inauguracion_Intendente_Balor_Registro_Civil_Villa_Espana_Platanos_NM_023-300x200.jpg 300w, https:\/\/diarioprincipios.com\/wp-content\/uploads\/2026\/03\/20260227_Inauguracion_Intendente_Balor_Registro_Civil_Villa_Espana_Platanos_NM_023-768x512.jpg 768w, https:\/\/diarioprincipios.com\/wp-content\/uploads\/2026\/03\/20260227_Inauguracion_Intendente_Balor_Registro_Civil_Villa_Espana_Platanos_NM_023-1536x1024.jpg 1536w, https:\/\/diarioprincipios.com\/wp-content\/uploads\/2026\/03\/20260227_Inauguracion_Intendente_Balor_Registro_Civil_Villa_Espana_Platanos_NM_023-600x400.jpg 600w, https:\/\/diarioprincipios.com\/wp-content\/uploads\/2026\/03\/20260227_Inauguracion_Intendente_Balor_Registro_Civil_Villa_Espana_Platanos_NM_023.jpg 1920w\" sizes=\"auto, (max-width: 1024px) 100vw, 1024px\" \/><\/figure>\n\n\n\n<p>\u201cHoy es un d\u00eda muy importante para nosotros. Estoy muy emocionado porque el proyecto del Centro C\u00edvico lo inici\u00f3 el Dr. Juan Jos\u00e9 Mussi. Y que ahora cuente con una sede del Registro Provincial de las Personas es una gran alegr\u00eda. Quiero agradecer al gobernador Axel Kicillof y a Cristina \u00c1lvarez Rodr\u00edguez por todo el apoyo que nos brindan siempre\u201d, expres\u00f3 Balor.<\/p>\n\n\n\n<figure class=\"wp-block-image size-large\"><img loading=\"lazy\" decoding=\"async\" width=\"1024\" height=\"683\" src=\"https:\/\/diarioprincipios.com\/wp-content\/uploads\/2026\/03\/20260227_Inauguracion_Intendente_Balor_Registro_Civil_Villa_Espana_Platanos_NM_040-1024x683.jpg\" alt=\"\" class=\"wp-image-26695\" srcset=\"https:\/\/diarioprincipios.com\/wp-content\/uploads\/2026\/03\/20260227_Inauguracion_Intendente_Balor_Registro_Civil_Villa_Espana_Platanos_NM_040-1024x683.jpg 1024w, https:\/\/diarioprincipios.com\/wp-content\/uploads\/2026\/03\/20260227_Inauguracion_Intendente_Balor_Registro_Civil_Villa_Espana_Platanos_NM_040-300x200.jpg 300w, https:\/\/diarioprincipios.com\/wp-content\/uploads\/2026\/03\/20260227_Inauguracion_Intendente_Balor_Registro_Civil_Villa_Espana_Platanos_NM_040-768x512.jpg 768w, https:\/\/diarioprincipios.com\/wp-content\/uploads\/2026\/03\/20260227_Inauguracion_Intendente_Balor_Registro_Civil_Villa_Espana_Platanos_NM_040-1536x1024.jpg 1536w, https:\/\/diarioprincipios.com\/wp-content\/uploads\/2026\/03\/20260227_Inauguracion_Intendente_Balor_Registro_Civil_Villa_Espana_Platanos_NM_040-600x400.jpg 600w, https:\/\/diarioprincipios.com\/wp-content\/uploads\/2026\/03\/20260227_Inauguracion_Intendente_Balor_Registro_Civil_Villa_Espana_Platanos_NM_040.jpg 1920w\" sizes=\"auto, (max-width: 1024px) 100vw, 1024px\" \/><\/figure>\n\n\n\n<p>Por su parte, \u00c1lvarez Rodr\u00edguez asegur\u00f3: \u201c\u00c9sta es una forma de honrar a Juan Jos\u00e9 Mussi: un maestro. Lo hacemos trabajando y acercando el Estado y derechos a los vecinos y vecinas, como nos pide Axel Kicillof. Adem\u00e1s, agreg\u00f3: \u201cCarlos Balor tiene el mismo compromiso que ten\u00eda Juan Jos\u00e9 Mussi. Gracias Berazategui por ser un municipio que trabaja permanentemente con el Gobierno bonaerense\u201d.<\/p>\n\n\n\n<figure class=\"wp-block-image size-large\"><img loading=\"lazy\" decoding=\"async\" width=\"1024\" height=\"683\" src=\"https:\/\/diarioprincipios.com\/wp-content\/uploads\/2026\/03\/20260227_Inauguracion_Intendente_Balor_Registro_Civil_Villa_Espana_Platanos_NM_054-1024x683.jpg\" alt=\"\" class=\"wp-image-26697\" srcset=\"https:\/\/diarioprincipios.com\/wp-content\/uploads\/2026\/03\/20260227_Inauguracion_Intendente_Balor_Registro_Civil_Villa_Espana_Platanos_NM_054-1024x683.jpg 1024w, https:\/\/diarioprincipios.com\/wp-content\/uploads\/2026\/03\/20260227_Inauguracion_Intendente_Balor_Registro_Civil_Villa_Espana_Platanos_NM_054-300x200.jpg 300w, https:\/\/diarioprincipios.com\/wp-content\/uploads\/2026\/03\/20260227_Inauguracion_Intendente_Balor_Registro_Civil_Villa_Espana_Platanos_NM_054-768x512.jpg 768w, https:\/\/diarioprincipios.com\/wp-content\/uploads\/2026\/03\/20260227_Inauguracion_Intendente_Balor_Registro_Civil_Villa_Espana_Platanos_NM_054-1536x1024.jpg 1536w, https:\/\/diarioprincipios.com\/wp-content\/uploads\/2026\/03\/20260227_Inauguracion_Intendente_Balor_Registro_Civil_Villa_Espana_Platanos_NM_054-600x400.jpg 600w, https:\/\/diarioprincipios.com\/wp-content\/uploads\/2026\/03\/20260227_Inauguracion_Intendente_Balor_Registro_Civil_Villa_Espana_Platanos_NM_054.jpg 1920w\" sizes=\"auto, (max-width: 1024px) 100vw, 1024px\" \/><\/figure>\n\n\n\n<p>La sede del Registro Provincial de las Personas del Centro C\u00edvico Municipal Villa Espa\u00f1a &#8211; Pl\u00e1tanos consta de dos oficinas donde se pueden realizar varios tr\u00e1mites, como el Documento Nacional de Identidad (DNI); pasaporte; certificados de domicilio, de preinscripci\u00f3n (CPI) y de supervivencia; denuncia de extrav\u00edo; y pedidos de partidas. En estas oficinas descentralizadas no se tramitan casamientos, uniones convivenciales ni defunciones.<\/p>\n\n\n\n<figure class=\"wp-block-image size-large\"><img loading=\"lazy\" decoding=\"async\" width=\"1024\" height=\"683\" src=\"https:\/\/diarioprincipios.com\/wp-content\/uploads\/2026\/03\/20260227_Inauguracion_Intendente_Balor_Registro_Civil_Villa_Espana_Platanos_NM_003-1024x683.jpg\" alt=\"\" class=\"wp-image-26696\" srcset=\"https:\/\/diarioprincipios.com\/wp-content\/uploads\/2026\/03\/20260227_Inauguracion_Intendente_Balor_Registro_Civil_Villa_Espana_Platanos_NM_003-1024x683.jpg 1024w, https:\/\/diarioprincipios.com\/wp-content\/uploads\/2026\/03\/20260227_Inauguracion_Intendente_Balor_Registro_Civil_Villa_Espana_Platanos_NM_003-300x200.jpg 300w, https:\/\/diarioprincipios.com\/wp-content\/uploads\/2026\/03\/20260227_Inauguracion_Intendente_Balor_Registro_Civil_Villa_Espana_Platanos_NM_003-768x512.jpg 768w, https:\/\/diarioprincipios.com\/wp-content\/uploads\/2026\/03\/20260227_Inauguracion_Intendente_Balor_Registro_Civil_Villa_Espana_Platanos_NM_003-1536x1024.jpg 1536w, https:\/\/diarioprincipios.com\/wp-content\/uploads\/2026\/03\/20260227_Inauguracion_Intendente_Balor_Registro_Civil_Villa_Espana_Platanos_NM_003-600x400.jpg 600w, https:\/\/diarioprincipios.com\/wp-content\/uploads\/2026\/03\/20260227_Inauguracion_Intendente_Balor_Registro_Civil_Villa_Espana_Platanos_NM_003.jpg 1920w\" sizes=\"auto, (max-width: 1024px) 100vw, 1024px\" \/><\/figure>\n\n\n\n<p>Adem\u00e1s de la inauguraci\u00f3n, el Registro Provincial de las Personas y la Secretar\u00eda de Gobierno de la Municipalidad de Berazategui desarrollaron un operativo gratuito de documentaci\u00f3n, del que participaron cerca de 400 vecinos y vecinas. Asimismo, se brindaron servicios de salud gratuitos y hubo inscripci\u00f3n al Plan de Finalizaci\u00f3n de Estudios Primarios y Secundarios (FinEs) para el Ciclo Lectivo 2026.<\/p>\n","protected":false},"excerpt":{"rendered":"<p>Se inaugur\u00f3 la sede del Registro Provincial de las Personas ubicada en el Centro C\u00edvico Municipal Villa Espa\u00f1a &#8211; Pl\u00e1tanos (calle 151 A e\/ Av. Italia y 34). El intendente de Berazategui, Carlos Balor, encabez\u00f3 el acto junto a la jefa de Asesores del Gobernador de la provincia de Buenos Aires, Cristina \u00c1lvarez Rodr\u00edguez. Luego&#8230;<\/p>\n","protected":false},"author":2,"featured_media":26699,"comment_status":"open","ping_status":"open","sticky":false,"template":"","format":"standard","meta":{"footnotes":""},"categories":[3],"tags":[],"class_list":["post-26694","post","type-post","status-publish","format-standard","has-post-thumbnail","hentry","category-berazategui"],"featured_image_src":"https:\/\/diarioprincipios.com\/wp-content\/uploads\/2026\/03\/20260227_Inauguracion_Intendente_Balor_Registro_Civil_Villa_Espana_Platanos_NM_046-1024x683.jpg","blog_images":{"medium":"https:\/\/diarioprincipios.com\/wp-content\/uploads\/2026\/03\/20260227_Inauguracion_Intendente_Balor_Registro_Civil_Villa_Espana_Platanos_NM_046-300x200.jpg","large":"https:\/\/diarioprincipios.com\/wp-content\/uploads\/2026\/03\/20260227_Inauguracion_Intendente_Balor_Registro_Civil_Villa_Espana_Platanos_NM_046-1024x683.jpg"},"ams_acf":[],"yoast_head":"<!-- This site is optimized with the Yoast SEO plugin v27.3 - https:\/\/yoast.com\/product\/yoast-seo-wordpress\/ -->\n<title>Balor y \u00c1lvarez Rodr\u00edguez inauguraron sede del Registro Provincial de las Personas - Principios<\/title>\n<meta name=\"robots\" content=\"index, follow, max-snippet:-1, max-image-preview:large, max-video-preview:-1\" \/>\n<link rel=\"canonical\" href=\"https:\/\/diarioprincipios.com\/index.php\/2026\/03\/03\/balor-y-alvarez-rodriguez-inauguraron-sede-del-registro-provincial-de-las-personas\/\" \/>\n<meta property=\"og:locale\" content=\"es_ES\" \/>\n<meta property=\"og:type\" content=\"article\" \/>\n<meta property=\"og:title\" content=\"Balor y \u00c1lvarez Rodr\u00edguez inauguraron sede del Registro Provincial de las Personas - Principios\" \/>\n<meta property=\"og:description\" content=\"Se inaugur\u00f3 la sede del Registro Provincial de las Personas ubicada en el Centro C\u00edvico Municipal Villa Espa\u00f1a &#8211; Pl\u00e1tanos (calle 151 A e\/ Av. Italia y 34). El intendente de Berazategui, Carlos Balor, encabez\u00f3 el acto junto a la jefa de Asesores del Gobernador de la provincia de Buenos Aires, Cristina \u00c1lvarez Rodr\u00edguez. Luego...\" \/>\n<meta property=\"og:url\" content=\"https:\/\/diarioprincipios.com\/index.php\/2026\/03\/03\/balor-y-alvarez-rodriguez-inauguraron-sede-del-registro-provincial-de-las-personas\/\" \/>\n<meta property=\"og:site_name\" content=\"Principios\" \/>\n<meta property=\"article:published_time\" content=\"2026-03-03T12:44:09+00:00\" \/>\n<meta property=\"article:modified_time\" content=\"2026-03-03T12:44:10+00:00\" \/>\n<meta property=\"og:image\" content=\"https:\/\/diarioprincipios.com\/wp-content\/uploads\/2026\/03\/20260227_Inauguracion_Intendente_Balor_Registro_Civil_Villa_Espana_Platanos_NM_046.jpg\" \/>\n\t<meta property=\"og:image:width\" content=\"1920\" \/>\n\t<meta property=\"og:image:height\" content=\"1280\" \/>\n\t<meta property=\"og:image:type\" content=\"image\/jpeg\" \/>\n<meta name=\"author\" content=\"Hern\u00e1n L\u00f3pez\" \/>\n<meta name=\"twitter:card\" content=\"summary_large_image\" \/>\n<meta name=\"twitter:label1\" content=\"Escrito por\" \/>\n\t<meta name=\"twitter:data1\" content=\"Hern\u00e1n L\u00f3pez\" \/>\n\t<meta name=\"twitter:label2\" content=\"Tiempo de lectura\" \/>\n\t<meta name=\"twitter:data2\" content=\"3 minutos\" \/>\n<script type=\"application\/ld+json\" class=\"yoast-schema-graph\">{\"@context\":\"https:\\\/\\\/schema.org\",\"@graph\":[{\"@type\":\"Article\",\"@id\":\"https:\\\/\\\/diarioprincipios.com\\\/index.php\\\/2026\\\/03\\\/03\\\/balor-y-alvarez-rodriguez-inauguraron-sede-del-registro-provincial-de-las-personas\\\/#article\",\"isPartOf\":{\"@id\":\"https:\\\/\\\/diarioprincipios.com\\\/index.php\\\/2026\\\/03\\\/03\\\/balor-y-alvarez-rodriguez-inauguraron-sede-del-registro-provincial-de-las-personas\\\/\"},\"author\":{\"name\":\"Hern\u00e1n L\u00f3pez\",\"@id\":\"https:\\\/\\\/diarioprincipios.com\\\/#\\\/schema\\\/person\\\/436d5a1fd41a5e250e23ff5a6a7cb080\"},\"headline\":\"Balor y \u00c1lvarez Rodr\u00edguez inauguraron sede del Registro Provincial de las Personas\",\"datePublished\":\"2026-03-03T12:44:09+00:00\",\"dateModified\":\"2026-03-03T12:44:10+00:00\",\"mainEntityOfPage\":{\"@id\":\"https:\\\/\\\/diarioprincipios.com\\\/index.php\\\/2026\\\/03\\\/03\\\/balor-y-alvarez-rodriguez-inauguraron-sede-del-registro-provincial-de-las-personas\\\/\"},\"wordCount\":344,\"commentCount\":0,\"publisher\":{\"@id\":\"https:\\\/\\\/diarioprincipios.com\\\/#organization\"},\"image\":{\"@id\":\"https:\\\/\\\/diarioprincipios.com\\\/index.php\\\/2026\\\/03\\\/03\\\/balor-y-alvarez-rodriguez-inauguraron-sede-del-registro-provincial-de-las-personas\\\/#primaryimage\"},\"thumbnailUrl\":\"https:\\\/\\\/diarioprincipios.com\\\/wp-content\\\/uploads\\\/2026\\\/03\\\/20260227_Inauguracion_Intendente_Balor_Registro_Civil_Villa_Espana_Platanos_NM_046.jpg\",\"articleSection\":[\"Berazategui\"],\"inLanguage\":\"es\",\"potentialAction\":[{\"@type\":\"CommentAction\",\"name\":\"Comment\",\"target\":[\"https:\\\/\\\/diarioprincipios.com\\\/index.php\\\/2026\\\/03\\\/03\\\/balor-y-alvarez-rodriguez-inauguraron-sede-del-registro-provincial-de-las-personas\\\/#respond\"]}]},{\"@type\":\"WebPage\",\"@id\":\"https:\\\/\\\/diarioprincipios.com\\\/index.php\\\/2026\\\/03\\\/03\\\/balor-y-alvarez-rodriguez-inauguraron-sede-del-registro-provincial-de-las-personas\\\/\",\"url\":\"https:\\\/\\\/diarioprincipios.com\\\/index.php\\\/2026\\\/03\\\/03\\\/balor-y-alvarez-rodriguez-inauguraron-sede-del-registro-provincial-de-las-personas\\\/\",\"name\":\"Balor y \u00c1lvarez Rodr\u00edguez inauguraron sede del Registro Provincial de las Personas - Principios\",\"isPartOf\":{\"@id\":\"https:\\\/\\\/diarioprincipios.com\\\/#website\"},\"primaryImageOfPage\":{\"@id\":\"https:\\\/\\\/diarioprincipios.com\\\/index.php\\\/2026\\\/03\\\/03\\\/balor-y-alvarez-rodriguez-inauguraron-sede-del-registro-provincial-de-las-personas\\\/#primaryimage\"},\"image\":{\"@id\":\"https:\\\/\\\/diarioprincipios.com\\\/index.php\\\/2026\\\/03\\\/03\\\/balor-y-alvarez-rodriguez-inauguraron-sede-del-registro-provincial-de-las-personas\\\/#primaryimage\"},\"thumbnailUrl\":\"https:\\\/\\\/diarioprincipios.com\\\/wp-content\\\/uploads\\\/2026\\\/03\\\/20260227_Inauguracion_Intendente_Balor_Registro_Civil_Villa_Espana_Platanos_NM_046.jpg\",\"datePublished\":\"2026-03-03T12:44:09+00:00\",\"dateModified\":\"2026-03-03T12:44:10+00:00\",\"breadcrumb\":{\"@id\":\"https:\\\/\\\/diarioprincipios.com\\\/index.php\\\/2026\\\/03\\\/03\\\/balor-y-alvarez-rodriguez-inauguraron-sede-del-registro-provincial-de-las-personas\\\/#breadcrumb\"},\"inLanguage\":\"es\",\"potentialAction\":[{\"@type\":\"ReadAction\",\"target\":[\"https:\\\/\\\/diarioprincipios.com\\\/index.php\\\/2026\\\/03\\\/03\\\/balor-y-alvarez-rodriguez-inauguraron-sede-del-registro-provincial-de-las-personas\\\/\"]}]},{\"@type\":\"ImageObject\",\"inLanguage\":\"es\",\"@id\":\"https:\\\/\\\/diarioprincipios.com\\\/index.php\\\/2026\\\/03\\\/03\\\/balor-y-alvarez-rodriguez-inauguraron-sede-del-registro-provincial-de-las-personas\\\/#primaryimage\",\"url\":\"https:\\\/\\\/diarioprincipios.com\\\/wp-content\\\/uploads\\\/2026\\\/03\\\/20260227_Inauguracion_Intendente_Balor_Registro_Civil_Villa_Espana_Platanos_NM_046.jpg\",\"contentUrl\":\"https:\\\/\\\/diarioprincipios.com\\\/wp-content\\\/uploads\\\/2026\\\/03\\\/20260227_Inauguracion_Intendente_Balor_Registro_Civil_Villa_Espana_Platanos_NM_046.jpg\",\"width\":1920,\"height\":1280},{\"@type\":\"BreadcrumbList\",\"@id\":\"https:\\\/\\\/diarioprincipios.com\\\/index.php\\\/2026\\\/03\\\/03\\\/balor-y-alvarez-rodriguez-inauguraron-sede-del-registro-provincial-de-las-personas\\\/#breadcrumb\",\"itemListElement\":[{\"@type\":\"ListItem\",\"position\":1,\"name\":\"Portada\",\"item\":\"https:\\\/\\\/diarioprincipios.com\\\/\"},{\"@type\":\"ListItem\",\"position\":2,\"name\":\"Balor y \u00c1lvarez Rodr\u00edguez inauguraron sede del Registro Provincial de las Personas\"}]},{\"@type\":\"WebSite\",\"@id\":\"https:\\\/\\\/diarioprincipios.com\\\/#website\",\"url\":\"https:\\\/\\\/diarioprincipios.com\\\/\",\"name\":\"Principios\",\"description\":\"Principios Diario\",\"publisher\":{\"@id\":\"https:\\\/\\\/diarioprincipios.com\\\/#organization\"},\"potentialAction\":[{\"@type\":\"SearchAction\",\"target\":{\"@type\":\"EntryPoint\",\"urlTemplate\":\"https:\\\/\\\/diarioprincipios.com\\\/?s={search_term_string}\"},\"query-input\":{\"@type\":\"PropertyValueSpecification\",\"valueRequired\":true,\"valueName\":\"search_term_string\"}}],\"inLanguage\":\"es\"},{\"@type\":\"Organization\",\"@id\":\"https:\\\/\\\/diarioprincipios.com\\\/#organization\",\"name\":\"Principios\",\"url\":\"https:\\\/\\\/diarioprincipios.com\\\/\",\"logo\":{\"@type\":\"ImageObject\",\"inLanguage\":\"es\",\"@id\":\"https:\\\/\\\/diarioprincipios.com\\\/#\\\/schema\\\/logo\\\/image\\\/\",\"url\":\"https:\\\/\\\/diarioprincipios.com\\\/wp-content\\\/uploads\\\/2024\\\/04\\\/cropped-www.diarioprincipios.com_-1.png\",\"contentUrl\":\"https:\\\/\\\/diarioprincipios.com\\\/wp-content\\\/uploads\\\/2024\\\/04\\\/cropped-www.diarioprincipios.com_-1.png\",\"width\":5325,\"height\":1454,\"caption\":\"Principios\"},\"image\":{\"@id\":\"https:\\\/\\\/diarioprincipios.com\\\/#\\\/schema\\\/logo\\\/image\\\/\"}},{\"@type\":\"Person\",\"@id\":\"https:\\\/\\\/diarioprincipios.com\\\/#\\\/schema\\\/person\\\/436d5a1fd41a5e250e23ff5a6a7cb080\",\"name\":\"Hern\u00e1n L\u00f3pez\",\"image\":{\"@type\":\"ImageObject\",\"inLanguage\":\"es\",\"@id\":\"https:\\\/\\\/diarioprincipios.com\\\/wp-content\\\/litespeed\\\/avatar\\\/11ddfe5610ff3bd100522525b2571f48.jpg?ver=1777048341\",\"url\":\"https:\\\/\\\/diarioprincipios.com\\\/wp-content\\\/litespeed\\\/avatar\\\/11ddfe5610ff3bd100522525b2571f48.jpg?ver=1777048341\",\"contentUrl\":\"https:\\\/\\\/diarioprincipios.com\\\/wp-content\\\/litespeed\\\/avatar\\\/11ddfe5610ff3bd100522525b2571f48.jpg?ver=1777048341\",\"caption\":\"Hern\u00e1n L\u00f3pez\"},\"url\":\"https:\\\/\\\/diarioprincipios.com\\\/index.php\\\/author\\\/hernan\\\/\"}]}<\/script>\n<!-- \/ Yoast SEO plugin. -->","yoast_head_json":{"title":"Balor y \u00c1lvarez Rodr\u00edguez inauguraron sede del Registro Provincial de las Personas - Principios","robots":{"index":"index","follow":"follow","max-snippet":"max-snippet:-1","max-image-preview":"max-image-preview:large","max-video-preview":"max-video-preview:-1"},"canonical":"https:\/\/diarioprincipios.com\/index.php\/2026\/03\/03\/balor-y-alvarez-rodriguez-inauguraron-sede-del-registro-provincial-de-las-personas\/","og_locale":"es_ES","og_type":"article","og_title":"Balor y \u00c1lvarez Rodr\u00edguez inauguraron sede del Registro Provincial de las Personas - Principios","og_description":"Se inaugur\u00f3 la sede del Registro Provincial de las Personas ubicada en el Centro C\u00edvico Municipal Villa Espa\u00f1a &#8211; Pl\u00e1tanos (calle 151 A e\/ Av. Italia y 34). El intendente de Berazategui, Carlos Balor, encabez\u00f3 el acto junto a la jefa de Asesores del Gobernador de la provincia de Buenos Aires, Cristina \u00c1lvarez Rodr\u00edguez. Luego...","og_url":"https:\/\/diarioprincipios.com\/index.php\/2026\/03\/03\/balor-y-alvarez-rodriguez-inauguraron-sede-del-registro-provincial-de-las-personas\/","og_site_name":"Principios","article_published_time":"2026-03-03T12:44:09+00:00","article_modified_time":"2026-03-03T12:44:10+00:00","og_image":[{"width":1920,"height":1280,"url":"https:\/\/diarioprincipios.com\/wp-content\/uploads\/2026\/03\/20260227_Inauguracion_Intendente_Balor_Registro_Civil_Villa_Espana_Platanos_NM_046.jpg","type":"image\/jpeg"}],"author":"Hern\u00e1n L\u00f3pez","twitter_card":"summary_large_image","twitter_misc":{"Escrito por":"Hern\u00e1n L\u00f3pez","Tiempo de lectura":"3 minutos"},"schema":{"@context":"https:\/\/schema.org","@graph":[{"@type":"Article","@id":"https:\/\/diarioprincipios.com\/index.php\/2026\/03\/03\/balor-y-alvarez-rodriguez-inauguraron-sede-del-registro-provincial-de-las-personas\/#article","isPartOf":{"@id":"https:\/\/diarioprincipios.com\/index.php\/2026\/03\/03\/balor-y-alvarez-rodriguez-inauguraron-sede-del-registro-provincial-de-las-personas\/"},"author":{"name":"Hern\u00e1n L\u00f3pez","@id":"https:\/\/diarioprincipios.com\/#\/schema\/person\/436d5a1fd41a5e250e23ff5a6a7cb080"},"headline":"Balor y \u00c1lvarez Rodr\u00edguez inauguraron sede del Registro Provincial de las Personas","datePublished":"2026-03-03T12:44:09+00:00","dateModified":"2026-03-03T12:44:10+00:00","mainEntityOfPage":{"@id":"https:\/\/diarioprincipios.com\/index.php\/2026\/03\/03\/balor-y-alvarez-rodriguez-inauguraron-sede-del-registro-provincial-de-las-personas\/"},"wordCount":344,"commentCount":0,"publisher":{"@id":"https:\/\/diarioprincipios.com\/#organization"},"image":{"@id":"https:\/\/diarioprincipios.com\/index.php\/2026\/03\/03\/balor-y-alvarez-rodriguez-inauguraron-sede-del-registro-provincial-de-las-personas\/#primaryimage"},"thumbnailUrl":"https:\/\/diarioprincipios.com\/wp-content\/uploads\/2026\/03\/20260227_Inauguracion_Intendente_Balor_Registro_Civil_Villa_Espana_Platanos_NM_046.jpg","articleSection":["Berazategui"],"inLanguage":"es","potentialAction":[{"@type":"CommentAction","name":"Comment","target":["https:\/\/diarioprincipios.com\/index.php\/2026\/03\/03\/balor-y-alvarez-rodriguez-inauguraron-sede-del-registro-provincial-de-las-personas\/#respond"]}]},{"@type":"WebPage","@id":"https:\/\/diarioprincipios.com\/index.php\/2026\/03\/03\/balor-y-alvarez-rodriguez-inauguraron-sede-del-registro-provincial-de-las-personas\/","url":"https:\/\/diarioprincipios.com\/index.php\/2026\/03\/03\/balor-y-alvarez-rodriguez-inauguraron-sede-del-registro-provincial-de-las-personas\/","name":"Balor y \u00c1lvarez Rodr\u00edguez inauguraron sede del Registro Provincial de las Personas - Principios","isPartOf":{"@id":"https:\/\/diarioprincipios.com\/#website"},"primaryImageOfPage":{"@id":"https:\/\/diarioprincipios.com\/index.php\/2026\/03\/03\/balor-y-alvarez-rodriguez-inauguraron-sede-del-registro-provincial-de-las-personas\/#primaryimage"},"image":{"@id":"https:\/\/diarioprincipios.com\/index.php\/2026\/03\/03\/balor-y-alvarez-rodriguez-inauguraron-sede-del-registro-provincial-de-las-personas\/#primaryimage"},"thumbnailUrl":"https:\/\/diarioprincipios.com\/wp-content\/uploads\/2026\/03\/20260227_Inauguracion_Intendente_Balor_Registro_Civil_Villa_Espana_Platanos_NM_046.jpg","datePublished":"2026-03-03T12:44:09+00:00","dateModified":"2026-03-03T12:44:10+00:00","breadcrumb":{"@id":"https:\/\/diarioprincipios.com\/index.php\/2026\/03\/03\/balor-y-alvarez-rodriguez-inauguraron-sede-del-registro-provincial-de-las-personas\/#breadcrumb"},"inLanguage":"es","potentialAction":[{"@type":"ReadAction","target":["https:\/\/diarioprincipios.com\/index.php\/2026\/03\/03\/balor-y-alvarez-rodriguez-inauguraron-sede-del-registro-provincial-de-las-personas\/"]}]},{"@type":"ImageObject","inLanguage":"es","@id":"https:\/\/diarioprincipios.com\/index.php\/2026\/03\/03\/balor-y-alvarez-rodriguez-inauguraron-sede-del-registro-provincial-de-las-personas\/#primaryimage","url":"https:\/\/diarioprincipios.com\/wp-content\/uploads\/2026\/03\/20260227_Inauguracion_Intendente_Balor_Registro_Civil_Villa_Espana_Platanos_NM_046.jpg","contentUrl":"https:\/\/diarioprincipios.com\/wp-content\/uploads\/2026\/03\/20260227_Inauguracion_Intendente_Balor_Registro_Civil_Villa_Espana_Platanos_NM_046.jpg","width":1920,"height":1280},{"@type":"BreadcrumbList","@id":"https:\/\/diarioprincipios.com\/index.php\/2026\/03\/03\/balor-y-alvarez-rodriguez-inauguraron-sede-del-registro-provincial-de-las-personas\/#breadcrumb","itemListElement":[{"@type":"ListItem","position":1,"name":"Portada","item":"https:\/\/diarioprincipios.com\/"},{"@type":"ListItem","position":2,"name":"Balor y \u00c1lvarez Rodr\u00edguez inauguraron sede del Registro Provincial de las Personas"}]},{"@type":"WebSite","@id":"https:\/\/diarioprincipios.com\/#website","url":"https:\/\/diarioprincipios.com\/","name":"Principios","description":"Principios Diario","publisher":{"@id":"https:\/\/diarioprincipios.com\/#organization"},"potentialAction":[{"@type":"SearchAction","target":{"@type":"EntryPoint","urlTemplate":"https:\/\/diarioprincipios.com\/?s={search_term_string}"},"query-input":{"@type":"PropertyValueSpecification","valueRequired":true,"valueName":"search_term_string"}}],"inLanguage":"es"},{"@type":"Organization","@id":"https:\/\/diarioprincipios.com\/#organization","name":"Principios","url":"https:\/\/diarioprincipios.com\/","logo":{"@type":"ImageObject","inLanguage":"es","@id":"https:\/\/diarioprincipios.com\/#\/schema\/logo\/image\/","url":"https:\/\/diarioprincipios.com\/wp-content\/uploads\/2024\/04\/cropped-www.diarioprincipios.com_-1.png","contentUrl":"https:\/\/diarioprincipios.com\/wp-content\/uploads\/2024\/04\/cropped-www.diarioprincipios.com_-1.png","width":5325,"height":1454,"caption":"Principios"},"image":{"@id":"https:\/\/diarioprincipios.com\/#\/schema\/logo\/image\/"}},{"@type":"Person","@id":"https:\/\/diarioprincipios.com\/#\/schema\/person\/436d5a1fd41a5e250e23ff5a6a7cb080","name":"Hern\u00e1n L\u00f3pez","image":{"@type":"ImageObject","inLanguage":"es","@id":"https:\/\/diarioprincipios.com\/wp-content\/litespeed\/avatar\/11ddfe5610ff3bd100522525b2571f48.jpg?ver=1777048341","url":"https:\/\/diarioprincipios.com\/wp-content\/litespeed\/avatar\/11ddfe5610ff3bd100522525b2571f48.jpg?ver=1777048341","contentUrl":"https:\/\/diarioprincipios.com\/wp-content\/litespeed\/avatar\/11ddfe5610ff3bd100522525b2571f48.jpg?ver=1777048341","caption":"Hern\u00e1n L\u00f3pez"},"url":"https:\/\/diarioprincipios.com\/index.php\/author\/hernan\/"}]}},"jetpack_featured_media_url":"https:\/\/diarioprincipios.com\/wp-content\/uploads\/2026\/03\/20260227_Inauguracion_Intendente_Balor_Registro_Civil_Villa_Espana_Platanos_NM_046.jpg","_links":{"self":[{"href":"https:\/\/diarioprincipios.com\/index.php\/wp-json\/wp\/v2\/posts\/26694","targetHints":{"allow":["GET"]}}],"collection":[{"href":"https:\/\/diarioprincipios.com\/index.php\/wp-json\/wp\/v2\/posts"}],"about":[{"href":"https:\/\/diarioprincipios.com\/index.php\/wp-json\/wp\/v2\/types\/post"}],"author":[{"embeddable":true,"href":"https:\/\/diarioprincipios.com\/index.php\/wp-json\/wp\/v2\/users\/2"}],"replies":[{"embeddable":true,"href":"https:\/\/diarioprincipios.com\/index.php\/wp-json\/wp\/v2\/comments?post=26694"}],"version-history":[{"count":1,"href":"https:\/\/diarioprincipios.com\/index.php\/wp-json\/wp\/v2\/posts\/26694\/revisions"}],"predecessor-version":[{"id":26700,"href":"https:\/\/diarioprincipios.com\/index.php\/wp-json\/wp\/v2\/posts\/26694\/revisions\/26700"}],"wp:featuredmedia":[{"embeddable":true,"href":"https:\/\/diarioprincipios.com\/index.php\/wp-json\/wp\/v2\/media\/26699"}],"wp:attachment":[{"href":"https:\/\/diarioprincipios.com\/index.php\/wp-json\/wp\/v2\/media?parent=26694"}],"wp:term":[{"taxonomy":"category","embeddable":true,"href":"https:\/\/diarioprincipios.com\/index.php\/wp-json\/wp\/v2\/categories?post=26694"},{"taxonomy":"post_tag","embeddable":true,"href":"https:\/\/diarioprincipios.com\/index.php\/wp-json\/wp\/v2\/tags?post=26694"}],"curies":[{"name":"wp","href":"https:\/\/api.w.org\/{rel}","templated":true}]}}