{"id":26458,"date":"2026-01-29T17:52:18","date_gmt":"2026-01-29T20:52:18","guid":{"rendered":"https:\/\/diarioprincipios.com\/?p=26458"},"modified":"2026-01-29T17:52:19","modified_gmt":"2026-01-29T20:52:19","slug":"carlos-balor-compartio-una-jornada-con-los-vecinos-en-la-colonia-municipal","status":"publish","type":"post","link":"https:\/\/diarioprincipios.com\/index.php\/2026\/01\/29\/carlos-balor-compartio-una-jornada-con-los-vecinos-en-la-colonia-municipal\/","title":{"rendered":"Carlos Balor comparti\u00f3 una jornada con los vecinos en la Colonia Municipal"},"content":{"rendered":"\n<p>El intendente de Berazategui, Carlos Balor, visit\u00f3 la Colonia Municipal de Verano 2026, que -como cada a\u00f1o- se desarrolla en el Complejo Municipal Los Privilegiados, un entorno ideal que combina piletas y amplios espacios verdes para la comunidad. All\u00ed, en compa\u00f1\u00eda de la secretaria de Desarrollo Social, Recreaci\u00f3n, Turismo y Deportes local, Mar\u00eda Laura Lacava, recorri\u00f3 las instalaciones del predio y salud\u00f3 a los vecinos y vecinas de m\u00e1s de 55 a\u00f1os que eligieron esta propuesta para disfrutar del verano.<\/p>\n\n\n\n<p>\u201cVinimos con la secretaria Mar\u00eda Laura Lacava a visitar a las personas mayores; recorrimos el espacio y los acompa\u00f1amos. Nos alegra ver c\u00f3mo disfrutan de este hermoso lugar\u201d, expres\u00f3 Balor sobre esta iniciativa gratuita que fue impulsada desde hace m\u00e1s de 30 a\u00f1os por el Dr. Juan Jos\u00e9 Mussi.<\/p>\n\n\n\n<figure class=\"wp-block-image size-large\"><img loading=\"lazy\" decoding=\"async\" width=\"1024\" height=\"682\" src=\"https:\/\/diarioprincipios.com\/wp-content\/uploads\/2026\/01\/Carlos-Balor-compartio-una-jornada-con-los-vecinos-en-la-Colonia-Municipal-1024x682.jpg\" alt=\"\" class=\"wp-image-26459\" srcset=\"https:\/\/diarioprincipios.com\/wp-content\/uploads\/2026\/01\/Carlos-Balor-compartio-una-jornada-con-los-vecinos-en-la-Colonia-Municipal-1024x682.jpg 1024w, https:\/\/diarioprincipios.com\/wp-content\/uploads\/2026\/01\/Carlos-Balor-compartio-una-jornada-con-los-vecinos-en-la-Colonia-Municipal-300x200.jpg 300w, https:\/\/diarioprincipios.com\/wp-content\/uploads\/2026\/01\/Carlos-Balor-compartio-una-jornada-con-los-vecinos-en-la-Colonia-Municipal-768x512.jpg 768w, https:\/\/diarioprincipios.com\/wp-content\/uploads\/2026\/01\/Carlos-Balor-compartio-una-jornada-con-los-vecinos-en-la-Colonia-Municipal-1536x1023.jpg 1536w, https:\/\/diarioprincipios.com\/wp-content\/uploads\/2026\/01\/Carlos-Balor-compartio-una-jornada-con-los-vecinos-en-la-Colonia-Municipal-820x545.jpg 820w, https:\/\/diarioprincipios.com\/wp-content\/uploads\/2026\/01\/Carlos-Balor-compartio-una-jornada-con-los-vecinos-en-la-Colonia-Municipal-600x400.jpg 600w, https:\/\/diarioprincipios.com\/wp-content\/uploads\/2026\/01\/Carlos-Balor-compartio-una-jornada-con-los-vecinos-en-la-Colonia-Municipal.jpg 1600w\" sizes=\"auto, (max-width: 1024px) 100vw, 1024px\" \/><\/figure>\n\n\n\n<p>Por su parte, Lacava destac\u00f3: \u201cEstamos un d\u00eda m\u00e1s en este lugar \u00fanico, con el privilegio de recibir la visita del intendente Balor y compartir la jornada con las personas mayores. En este predio, durante m\u00e1s de 30 veranos disfrutan de una Colonia Municipal gratuita y de calidad los diferentes grupos etarios: ni\u00f1os, ni\u00f1as, personas con discapacidad, adolescentes y personas mayores. Hoy vivieron un momento muy agradable con el Intendente, lo conocieron, le contaron lo maravilloso que la pasan ac\u00e1\u201d.<\/p>\n\n\n\n<figure class=\"wp-block-image size-large\"><img loading=\"lazy\" decoding=\"async\" width=\"1024\" height=\"682\" src=\"https:\/\/diarioprincipios.com\/wp-content\/uploads\/2026\/01\/Carlos-Balor-compartio-una-jornada-con-los-vecinos-en-la-Colonia-Municipal-2-1024x682.jpg\" alt=\"\" class=\"wp-image-26460\" srcset=\"https:\/\/diarioprincipios.com\/wp-content\/uploads\/2026\/01\/Carlos-Balor-compartio-una-jornada-con-los-vecinos-en-la-Colonia-Municipal-2-1024x682.jpg 1024w, https:\/\/diarioprincipios.com\/wp-content\/uploads\/2026\/01\/Carlos-Balor-compartio-una-jornada-con-los-vecinos-en-la-Colonia-Municipal-2-300x200.jpg 300w, https:\/\/diarioprincipios.com\/wp-content\/uploads\/2026\/01\/Carlos-Balor-compartio-una-jornada-con-los-vecinos-en-la-Colonia-Municipal-2-768x512.jpg 768w, https:\/\/diarioprincipios.com\/wp-content\/uploads\/2026\/01\/Carlos-Balor-compartio-una-jornada-con-los-vecinos-en-la-Colonia-Municipal-2-1536x1023.jpg 1536w, https:\/\/diarioprincipios.com\/wp-content\/uploads\/2026\/01\/Carlos-Balor-compartio-una-jornada-con-los-vecinos-en-la-Colonia-Municipal-2-820x545.jpg 820w, https:\/\/diarioprincipios.com\/wp-content\/uploads\/2026\/01\/Carlos-Balor-compartio-una-jornada-con-los-vecinos-en-la-Colonia-Municipal-2-600x400.jpg 600w, https:\/\/diarioprincipios.com\/wp-content\/uploads\/2026\/01\/Carlos-Balor-compartio-una-jornada-con-los-vecinos-en-la-Colonia-Municipal-2.jpg 1600w\" sizes=\"auto, (max-width: 1024px) 100vw, 1024px\" \/><\/figure>\n\n\n\n<p>Y afirm\u00f3: \u201cEsta es una actividad que merece ser destacada dentro de las pol\u00edticas p\u00fablicas del Municipio ya que comenz\u00f3 hace m\u00e1s de 30 a\u00f1os con la gesti\u00f3n del Dr. Juan Jos\u00e9 Mussi. Gracias a ello, el predio pudo pasar a ser municipal y se convirti\u00f3 en un lugar m\u00e1gico del que estamos muy orgullosos, con actividades durante todo el a\u00f1o para los vecinos y vecinas de Berazategui. La gesti\u00f3n de Carlos Balor contin\u00faa ese camino\u201d.<\/p>\n\n\n\n<p>Se estima que, entre enero y febrero, cerca de 6.000 berazateguenses (entre ni\u00f1os, ni\u00f1as, adolescentes, personas con discapacidad y mayores) habr\u00e1n asistido a esta nueva edici\u00f3n de la Colonia Municipal de Verano, organizada por la Secretar\u00eda de Desarrollo Social, Recreaci\u00f3n, Turismo y Deportes.<\/p>\n\n\n\n<figure class=\"wp-block-image size-large\"><img loading=\"lazy\" decoding=\"async\" width=\"1024\" height=\"682\" src=\"https:\/\/diarioprincipios.com\/wp-content\/uploads\/2026\/01\/Carlos-Balor-compartio-una-jornada-con-los-vecinos-en-la-Colonia-Municipal-1-1024x682.jpg\" alt=\"\" class=\"wp-image-26461\" srcset=\"https:\/\/diarioprincipios.com\/wp-content\/uploads\/2026\/01\/Carlos-Balor-compartio-una-jornada-con-los-vecinos-en-la-Colonia-Municipal-1-1024x682.jpg 1024w, https:\/\/diarioprincipios.com\/wp-content\/uploads\/2026\/01\/Carlos-Balor-compartio-una-jornada-con-los-vecinos-en-la-Colonia-Municipal-1-300x200.jpg 300w, https:\/\/diarioprincipios.com\/wp-content\/uploads\/2026\/01\/Carlos-Balor-compartio-una-jornada-con-los-vecinos-en-la-Colonia-Municipal-1-768x512.jpg 768w, https:\/\/diarioprincipios.com\/wp-content\/uploads\/2026\/01\/Carlos-Balor-compartio-una-jornada-con-los-vecinos-en-la-Colonia-Municipal-1-1536x1023.jpg 1536w, https:\/\/diarioprincipios.com\/wp-content\/uploads\/2026\/01\/Carlos-Balor-compartio-una-jornada-con-los-vecinos-en-la-Colonia-Municipal-1-820x545.jpg 820w, https:\/\/diarioprincipios.com\/wp-content\/uploads\/2026\/01\/Carlos-Balor-compartio-una-jornada-con-los-vecinos-en-la-Colonia-Municipal-1-600x400.jpg 600w, https:\/\/diarioprincipios.com\/wp-content\/uploads\/2026\/01\/Carlos-Balor-compartio-una-jornada-con-los-vecinos-en-la-Colonia-Municipal-1.jpg 1600w\" sizes=\"auto, (max-width: 1024px) 100vw, 1024px\" \/><\/figure>\n\n\n\n<p>Como ya es tradicional, la propuesta se desarrolla en Los Privilegiados (calle 156 y 50), un predio de 17 hect\u00e1reas, que cuenta con amplios espacios verdes arbolados, tres piscinas, canchas y un SUM. Adem\u00e1s, la Municipalidad de Berazategui brinda el servicio gratuito de micros para el traslado de los vecinos y vecinas.<\/p>\n","protected":false},"excerpt":{"rendered":"<p>El intendente de Berazategui, Carlos Balor, visit\u00f3 la Colonia Municipal de Verano 2026, que -como cada a\u00f1o- se desarrolla en el Complejo Municipal Los Privilegiados, un entorno ideal que combina piletas y amplios espacios verdes para la comunidad. All\u00ed, en compa\u00f1\u00eda de la secretaria de Desarrollo Social, Recreaci\u00f3n, Turismo y Deportes local, Mar\u00eda Laura Lacava,&#8230;<\/p>\n","protected":false},"author":2,"featured_media":26462,"comment_status":"open","ping_status":"open","sticky":false,"template":"","format":"standard","meta":{"footnotes":""},"categories":[3],"tags":[],"class_list":["post-26458","post","type-post","status-publish","format-standard","has-post-thumbnail","hentry","category-berazategui"],"featured_image_src":"https:\/\/diarioprincipios.com\/wp-content\/uploads\/2026\/01\/Carlos-Balor-compartio-una-jornada-con-los-vecinos-en-la-Colonia-Municipal-4-1024x682.jpg","blog_images":{"medium":"https:\/\/diarioprincipios.com\/wp-content\/uploads\/2026\/01\/Carlos-Balor-compartio-una-jornada-con-los-vecinos-en-la-Colonia-Municipal-4-300x200.jpg","large":"https:\/\/diarioprincipios.com\/wp-content\/uploads\/2026\/01\/Carlos-Balor-compartio-una-jornada-con-los-vecinos-en-la-Colonia-Municipal-4-1024x682.jpg"},"ams_acf":[],"yoast_head":"<!-- This site is optimized with the Yoast SEO plugin v27.3 - https:\/\/yoast.com\/product\/yoast-seo-wordpress\/ -->\n<title>Carlos Balor comparti\u00f3 una jornada con los vecinos en la Colonia Municipal - Principios<\/title>\n<meta name=\"robots\" content=\"index, follow, max-snippet:-1, max-image-preview:large, max-video-preview:-1\" \/>\n<link rel=\"canonical\" href=\"https:\/\/diarioprincipios.com\/index.php\/2026\/01\/29\/carlos-balor-compartio-una-jornada-con-los-vecinos-en-la-colonia-municipal\/\" \/>\n<meta property=\"og:locale\" content=\"es_ES\" \/>\n<meta property=\"og:type\" content=\"article\" \/>\n<meta property=\"og:title\" content=\"Carlos Balor comparti\u00f3 una jornada con los vecinos en la Colonia Municipal - Principios\" \/>\n<meta property=\"og:description\" content=\"El intendente de Berazategui, Carlos Balor, visit\u00f3 la Colonia Municipal de Verano 2026, que -como cada a\u00f1o- se desarrolla en el Complejo Municipal Los Privilegiados, un entorno ideal que combina piletas y amplios espacios verdes para la comunidad. All\u00ed, en compa\u00f1\u00eda de la secretaria de Desarrollo Social, Recreaci\u00f3n, Turismo y Deportes local, Mar\u00eda Laura Lacava,...\" \/>\n<meta property=\"og:url\" content=\"https:\/\/diarioprincipios.com\/index.php\/2026\/01\/29\/carlos-balor-compartio-una-jornada-con-los-vecinos-en-la-colonia-municipal\/\" \/>\n<meta property=\"og:site_name\" content=\"Principios\" \/>\n<meta property=\"article:published_time\" content=\"2026-01-29T20:52:18+00:00\" \/>\n<meta property=\"article:modified_time\" content=\"2026-01-29T20:52:19+00:00\" \/>\n<meta property=\"og:image\" content=\"https:\/\/diarioprincipios.com\/wp-content\/uploads\/2026\/01\/Carlos-Balor-compartio-una-jornada-con-los-vecinos-en-la-Colonia-Municipal-4.jpg\" \/>\n\t<meta property=\"og:image:width\" content=\"1600\" \/>\n\t<meta property=\"og:image:height\" content=\"1066\" \/>\n\t<meta property=\"og:image:type\" content=\"image\/jpeg\" \/>\n<meta name=\"author\" content=\"Hern\u00e1n L\u00f3pez\" \/>\n<meta name=\"twitter:card\" content=\"summary_large_image\" \/>\n<meta name=\"twitter:label1\" content=\"Escrito por\" \/>\n\t<meta name=\"twitter:data1\" content=\"Hern\u00e1n L\u00f3pez\" \/>\n\t<meta name=\"twitter:label2\" content=\"Tiempo de lectura\" \/>\n\t<meta name=\"twitter:data2\" content=\"3 minutos\" \/>\n<script type=\"application\/ld+json\" class=\"yoast-schema-graph\">{\"@context\":\"https:\\\/\\\/schema.org\",\"@graph\":[{\"@type\":\"Article\",\"@id\":\"https:\\\/\\\/diarioprincipios.com\\\/index.php\\\/2026\\\/01\\\/29\\\/carlos-balor-compartio-una-jornada-con-los-vecinos-en-la-colonia-municipal\\\/#article\",\"isPartOf\":{\"@id\":\"https:\\\/\\\/diarioprincipios.com\\\/index.php\\\/2026\\\/01\\\/29\\\/carlos-balor-compartio-una-jornada-con-los-vecinos-en-la-colonia-municipal\\\/\"},\"author\":{\"name\":\"Hern\u00e1n L\u00f3pez\",\"@id\":\"https:\\\/\\\/diarioprincipios.com\\\/#\\\/schema\\\/person\\\/436d5a1fd41a5e250e23ff5a6a7cb080\"},\"headline\":\"Carlos Balor comparti\u00f3 una jornada con los vecinos en la Colonia Municipal\",\"datePublished\":\"2026-01-29T20:52:18+00:00\",\"dateModified\":\"2026-01-29T20:52:19+00:00\",\"mainEntityOfPage\":{\"@id\":\"https:\\\/\\\/diarioprincipios.com\\\/index.php\\\/2026\\\/01\\\/29\\\/carlos-balor-compartio-una-jornada-con-los-vecinos-en-la-colonia-municipal\\\/\"},\"wordCount\":416,\"commentCount\":0,\"publisher\":{\"@id\":\"https:\\\/\\\/diarioprincipios.com\\\/#organization\"},\"image\":{\"@id\":\"https:\\\/\\\/diarioprincipios.com\\\/index.php\\\/2026\\\/01\\\/29\\\/carlos-balor-compartio-una-jornada-con-los-vecinos-en-la-colonia-municipal\\\/#primaryimage\"},\"thumbnailUrl\":\"https:\\\/\\\/diarioprincipios.com\\\/wp-content\\\/uploads\\\/2026\\\/01\\\/Carlos-Balor-compartio-una-jornada-con-los-vecinos-en-la-Colonia-Municipal-4.jpg\",\"articleSection\":[\"Berazategui\"],\"inLanguage\":\"es\",\"potentialAction\":[{\"@type\":\"CommentAction\",\"name\":\"Comment\",\"target\":[\"https:\\\/\\\/diarioprincipios.com\\\/index.php\\\/2026\\\/01\\\/29\\\/carlos-balor-compartio-una-jornada-con-los-vecinos-en-la-colonia-municipal\\\/#respond\"]}]},{\"@type\":\"WebPage\",\"@id\":\"https:\\\/\\\/diarioprincipios.com\\\/index.php\\\/2026\\\/01\\\/29\\\/carlos-balor-compartio-una-jornada-con-los-vecinos-en-la-colonia-municipal\\\/\",\"url\":\"https:\\\/\\\/diarioprincipios.com\\\/index.php\\\/2026\\\/01\\\/29\\\/carlos-balor-compartio-una-jornada-con-los-vecinos-en-la-colonia-municipal\\\/\",\"name\":\"Carlos Balor comparti\u00f3 una jornada con los vecinos en la Colonia Municipal - Principios\",\"isPartOf\":{\"@id\":\"https:\\\/\\\/diarioprincipios.com\\\/#website\"},\"primaryImageOfPage\":{\"@id\":\"https:\\\/\\\/diarioprincipios.com\\\/index.php\\\/2026\\\/01\\\/29\\\/carlos-balor-compartio-una-jornada-con-los-vecinos-en-la-colonia-municipal\\\/#primaryimage\"},\"image\":{\"@id\":\"https:\\\/\\\/diarioprincipios.com\\\/index.php\\\/2026\\\/01\\\/29\\\/carlos-balor-compartio-una-jornada-con-los-vecinos-en-la-colonia-municipal\\\/#primaryimage\"},\"thumbnailUrl\":\"https:\\\/\\\/diarioprincipios.com\\\/wp-content\\\/uploads\\\/2026\\\/01\\\/Carlos-Balor-compartio-una-jornada-con-los-vecinos-en-la-Colonia-Municipal-4.jpg\",\"datePublished\":\"2026-01-29T20:52:18+00:00\",\"dateModified\":\"2026-01-29T20:52:19+00:00\",\"breadcrumb\":{\"@id\":\"https:\\\/\\\/diarioprincipios.com\\\/index.php\\\/2026\\\/01\\\/29\\\/carlos-balor-compartio-una-jornada-con-los-vecinos-en-la-colonia-municipal\\\/#breadcrumb\"},\"inLanguage\":\"es\",\"potentialAction\":[{\"@type\":\"ReadAction\",\"target\":[\"https:\\\/\\\/diarioprincipios.com\\\/index.php\\\/2026\\\/01\\\/29\\\/carlos-balor-compartio-una-jornada-con-los-vecinos-en-la-colonia-municipal\\\/\"]}]},{\"@type\":\"ImageObject\",\"inLanguage\":\"es\",\"@id\":\"https:\\\/\\\/diarioprincipios.com\\\/index.php\\\/2026\\\/01\\\/29\\\/carlos-balor-compartio-una-jornada-con-los-vecinos-en-la-colonia-municipal\\\/#primaryimage\",\"url\":\"https:\\\/\\\/diarioprincipios.com\\\/wp-content\\\/uploads\\\/2026\\\/01\\\/Carlos-Balor-compartio-una-jornada-con-los-vecinos-en-la-Colonia-Municipal-4.jpg\",\"contentUrl\":\"https:\\\/\\\/diarioprincipios.com\\\/wp-content\\\/uploads\\\/2026\\\/01\\\/Carlos-Balor-compartio-una-jornada-con-los-vecinos-en-la-Colonia-Municipal-4.jpg\",\"width\":1600,\"height\":1066},{\"@type\":\"BreadcrumbList\",\"@id\":\"https:\\\/\\\/diarioprincipios.com\\\/index.php\\\/2026\\\/01\\\/29\\\/carlos-balor-compartio-una-jornada-con-los-vecinos-en-la-colonia-municipal\\\/#breadcrumb\",\"itemListElement\":[{\"@type\":\"ListItem\",\"position\":1,\"name\":\"Portada\",\"item\":\"https:\\\/\\\/diarioprincipios.com\\\/\"},{\"@type\":\"ListItem\",\"position\":2,\"name\":\"Carlos Balor comparti\u00f3 una jornada con los vecinos en la Colonia Municipal\"}]},{\"@type\":\"WebSite\",\"@id\":\"https:\\\/\\\/diarioprincipios.com\\\/#website\",\"url\":\"https:\\\/\\\/diarioprincipios.com\\\/\",\"name\":\"Principios\",\"description\":\"Principios Diario\",\"publisher\":{\"@id\":\"https:\\\/\\\/diarioprincipios.com\\\/#organization\"},\"potentialAction\":[{\"@type\":\"SearchAction\",\"target\":{\"@type\":\"EntryPoint\",\"urlTemplate\":\"https:\\\/\\\/diarioprincipios.com\\\/?s={search_term_string}\"},\"query-input\":{\"@type\":\"PropertyValueSpecification\",\"valueRequired\":true,\"valueName\":\"search_term_string\"}}],\"inLanguage\":\"es\"},{\"@type\":\"Organization\",\"@id\":\"https:\\\/\\\/diarioprincipios.com\\\/#organization\",\"name\":\"Principios\",\"url\":\"https:\\\/\\\/diarioprincipios.com\\\/\",\"logo\":{\"@type\":\"ImageObject\",\"inLanguage\":\"es\",\"@id\":\"https:\\\/\\\/diarioprincipios.com\\\/#\\\/schema\\\/logo\\\/image\\\/\",\"url\":\"https:\\\/\\\/diarioprincipios.com\\\/wp-content\\\/uploads\\\/2024\\\/04\\\/cropped-www.diarioprincipios.com_-1.png\",\"contentUrl\":\"https:\\\/\\\/diarioprincipios.com\\\/wp-content\\\/uploads\\\/2024\\\/04\\\/cropped-www.diarioprincipios.com_-1.png\",\"width\":5325,\"height\":1454,\"caption\":\"Principios\"},\"image\":{\"@id\":\"https:\\\/\\\/diarioprincipios.com\\\/#\\\/schema\\\/logo\\\/image\\\/\"}},{\"@type\":\"Person\",\"@id\":\"https:\\\/\\\/diarioprincipios.com\\\/#\\\/schema\\\/person\\\/436d5a1fd41a5e250e23ff5a6a7cb080\",\"name\":\"Hern\u00e1n L\u00f3pez\",\"image\":{\"@type\":\"ImageObject\",\"inLanguage\":\"es\",\"@id\":\"https:\\\/\\\/diarioprincipios.com\\\/wp-content\\\/litespeed\\\/avatar\\\/11ddfe5610ff3bd100522525b2571f48.jpg?ver=1777653193\",\"url\":\"https:\\\/\\\/diarioprincipios.com\\\/wp-content\\\/litespeed\\\/avatar\\\/11ddfe5610ff3bd100522525b2571f48.jpg?ver=1777653193\",\"contentUrl\":\"https:\\\/\\\/diarioprincipios.com\\\/wp-content\\\/litespeed\\\/avatar\\\/11ddfe5610ff3bd100522525b2571f48.jpg?ver=1777653193\",\"caption\":\"Hern\u00e1n L\u00f3pez\"},\"url\":\"https:\\\/\\\/diarioprincipios.com\\\/index.php\\\/author\\\/hernan\\\/\"}]}<\/script>\n<!-- \/ Yoast SEO plugin. -->","yoast_head_json":{"title":"Carlos Balor comparti\u00f3 una jornada con los vecinos en la Colonia Municipal - Principios","robots":{"index":"index","follow":"follow","max-snippet":"max-snippet:-1","max-image-preview":"max-image-preview:large","max-video-preview":"max-video-preview:-1"},"canonical":"https:\/\/diarioprincipios.com\/index.php\/2026\/01\/29\/carlos-balor-compartio-una-jornada-con-los-vecinos-en-la-colonia-municipal\/","og_locale":"es_ES","og_type":"article","og_title":"Carlos Balor comparti\u00f3 una jornada con los vecinos en la Colonia Municipal - Principios","og_description":"El intendente de Berazategui, Carlos Balor, visit\u00f3 la Colonia Municipal de Verano 2026, que -como cada a\u00f1o- se desarrolla en el Complejo Municipal Los Privilegiados, un entorno ideal que combina piletas y amplios espacios verdes para la comunidad. All\u00ed, en compa\u00f1\u00eda de la secretaria de Desarrollo Social, Recreaci\u00f3n, Turismo y Deportes local, Mar\u00eda Laura Lacava,...","og_url":"https:\/\/diarioprincipios.com\/index.php\/2026\/01\/29\/carlos-balor-compartio-una-jornada-con-los-vecinos-en-la-colonia-municipal\/","og_site_name":"Principios","article_published_time":"2026-01-29T20:52:18+00:00","article_modified_time":"2026-01-29T20:52:19+00:00","og_image":[{"width":1600,"height":1066,"url":"https:\/\/diarioprincipios.com\/wp-content\/uploads\/2026\/01\/Carlos-Balor-compartio-una-jornada-con-los-vecinos-en-la-Colonia-Municipal-4.jpg","type":"image\/jpeg"}],"author":"Hern\u00e1n L\u00f3pez","twitter_card":"summary_large_image","twitter_misc":{"Escrito por":"Hern\u00e1n L\u00f3pez","Tiempo de lectura":"3 minutos"},"schema":{"@context":"https:\/\/schema.org","@graph":[{"@type":"Article","@id":"https:\/\/diarioprincipios.com\/index.php\/2026\/01\/29\/carlos-balor-compartio-una-jornada-con-los-vecinos-en-la-colonia-municipal\/#article","isPartOf":{"@id":"https:\/\/diarioprincipios.com\/index.php\/2026\/01\/29\/carlos-balor-compartio-una-jornada-con-los-vecinos-en-la-colonia-municipal\/"},"author":{"name":"Hern\u00e1n L\u00f3pez","@id":"https:\/\/diarioprincipios.com\/#\/schema\/person\/436d5a1fd41a5e250e23ff5a6a7cb080"},"headline":"Carlos Balor comparti\u00f3 una jornada con los vecinos en la Colonia Municipal","datePublished":"2026-01-29T20:52:18+00:00","dateModified":"2026-01-29T20:52:19+00:00","mainEntityOfPage":{"@id":"https:\/\/diarioprincipios.com\/index.php\/2026\/01\/29\/carlos-balor-compartio-una-jornada-con-los-vecinos-en-la-colonia-municipal\/"},"wordCount":416,"commentCount":0,"publisher":{"@id":"https:\/\/diarioprincipios.com\/#organization"},"image":{"@id":"https:\/\/diarioprincipios.com\/index.php\/2026\/01\/29\/carlos-balor-compartio-una-jornada-con-los-vecinos-en-la-colonia-municipal\/#primaryimage"},"thumbnailUrl":"https:\/\/diarioprincipios.com\/wp-content\/uploads\/2026\/01\/Carlos-Balor-compartio-una-jornada-con-los-vecinos-en-la-Colonia-Municipal-4.jpg","articleSection":["Berazategui"],"inLanguage":"es","potentialAction":[{"@type":"CommentAction","name":"Comment","target":["https:\/\/diarioprincipios.com\/index.php\/2026\/01\/29\/carlos-balor-compartio-una-jornada-con-los-vecinos-en-la-colonia-municipal\/#respond"]}]},{"@type":"WebPage","@id":"https:\/\/diarioprincipios.com\/index.php\/2026\/01\/29\/carlos-balor-compartio-una-jornada-con-los-vecinos-en-la-colonia-municipal\/","url":"https:\/\/diarioprincipios.com\/index.php\/2026\/01\/29\/carlos-balor-compartio-una-jornada-con-los-vecinos-en-la-colonia-municipal\/","name":"Carlos Balor comparti\u00f3 una jornada con los vecinos en la Colonia Municipal - Principios","isPartOf":{"@id":"https:\/\/diarioprincipios.com\/#website"},"primaryImageOfPage":{"@id":"https:\/\/diarioprincipios.com\/index.php\/2026\/01\/29\/carlos-balor-compartio-una-jornada-con-los-vecinos-en-la-colonia-municipal\/#primaryimage"},"image":{"@id":"https:\/\/diarioprincipios.com\/index.php\/2026\/01\/29\/carlos-balor-compartio-una-jornada-con-los-vecinos-en-la-colonia-municipal\/#primaryimage"},"thumbnailUrl":"https:\/\/diarioprincipios.com\/wp-content\/uploads\/2026\/01\/Carlos-Balor-compartio-una-jornada-con-los-vecinos-en-la-Colonia-Municipal-4.jpg","datePublished":"2026-01-29T20:52:18+00:00","dateModified":"2026-01-29T20:52:19+00:00","breadcrumb":{"@id":"https:\/\/diarioprincipios.com\/index.php\/2026\/01\/29\/carlos-balor-compartio-una-jornada-con-los-vecinos-en-la-colonia-municipal\/#breadcrumb"},"inLanguage":"es","potentialAction":[{"@type":"ReadAction","target":["https:\/\/diarioprincipios.com\/index.php\/2026\/01\/29\/carlos-balor-compartio-una-jornada-con-los-vecinos-en-la-colonia-municipal\/"]}]},{"@type":"ImageObject","inLanguage":"es","@id":"https:\/\/diarioprincipios.com\/index.php\/2026\/01\/29\/carlos-balor-compartio-una-jornada-con-los-vecinos-en-la-colonia-municipal\/#primaryimage","url":"https:\/\/diarioprincipios.com\/wp-content\/uploads\/2026\/01\/Carlos-Balor-compartio-una-jornada-con-los-vecinos-en-la-Colonia-Municipal-4.jpg","contentUrl":"https:\/\/diarioprincipios.com\/wp-content\/uploads\/2026\/01\/Carlos-Balor-compartio-una-jornada-con-los-vecinos-en-la-Colonia-Municipal-4.jpg","width":1600,"height":1066},{"@type":"BreadcrumbList","@id":"https:\/\/diarioprincipios.com\/index.php\/2026\/01\/29\/carlos-balor-compartio-una-jornada-con-los-vecinos-en-la-colonia-municipal\/#breadcrumb","itemListElement":[{"@type":"ListItem","position":1,"name":"Portada","item":"https:\/\/diarioprincipios.com\/"},{"@type":"ListItem","position":2,"name":"Carlos Balor comparti\u00f3 una jornada con los vecinos en la Colonia Municipal"}]},{"@type":"WebSite","@id":"https:\/\/diarioprincipios.com\/#website","url":"https:\/\/diarioprincipios.com\/","name":"Principios","description":"Principios Diario","publisher":{"@id":"https:\/\/diarioprincipios.com\/#organization"},"potentialAction":[{"@type":"SearchAction","target":{"@type":"EntryPoint","urlTemplate":"https:\/\/diarioprincipios.com\/?s={search_term_string}"},"query-input":{"@type":"PropertyValueSpecification","valueRequired":true,"valueName":"search_term_string"}}],"inLanguage":"es"},{"@type":"Organization","@id":"https:\/\/diarioprincipios.com\/#organization","name":"Principios","url":"https:\/\/diarioprincipios.com\/","logo":{"@type":"ImageObject","inLanguage":"es","@id":"https:\/\/diarioprincipios.com\/#\/schema\/logo\/image\/","url":"https:\/\/diarioprincipios.com\/wp-content\/uploads\/2024\/04\/cropped-www.diarioprincipios.com_-1.png","contentUrl":"https:\/\/diarioprincipios.com\/wp-content\/uploads\/2024\/04\/cropped-www.diarioprincipios.com_-1.png","width":5325,"height":1454,"caption":"Principios"},"image":{"@id":"https:\/\/diarioprincipios.com\/#\/schema\/logo\/image\/"}},{"@type":"Person","@id":"https:\/\/diarioprincipios.com\/#\/schema\/person\/436d5a1fd41a5e250e23ff5a6a7cb080","name":"Hern\u00e1n L\u00f3pez","image":{"@type":"ImageObject","inLanguage":"es","@id":"https:\/\/diarioprincipios.com\/wp-content\/litespeed\/avatar\/11ddfe5610ff3bd100522525b2571f48.jpg?ver=1777653193","url":"https:\/\/diarioprincipios.com\/wp-content\/litespeed\/avatar\/11ddfe5610ff3bd100522525b2571f48.jpg?ver=1777653193","contentUrl":"https:\/\/diarioprincipios.com\/wp-content\/litespeed\/avatar\/11ddfe5610ff3bd100522525b2571f48.jpg?ver=1777653193","caption":"Hern\u00e1n L\u00f3pez"},"url":"https:\/\/diarioprincipios.com\/index.php\/author\/hernan\/"}]}},"jetpack_featured_media_url":"https:\/\/diarioprincipios.com\/wp-content\/uploads\/2026\/01\/Carlos-Balor-compartio-una-jornada-con-los-vecinos-en-la-Colonia-Municipal-4.jpg","_links":{"self":[{"href":"https:\/\/diarioprincipios.com\/index.php\/wp-json\/wp\/v2\/posts\/26458","targetHints":{"allow":["GET"]}}],"collection":[{"href":"https:\/\/diarioprincipios.com\/index.php\/wp-json\/wp\/v2\/posts"}],"about":[{"href":"https:\/\/diarioprincipios.com\/index.php\/wp-json\/wp\/v2\/types\/post"}],"author":[{"embeddable":true,"href":"https:\/\/diarioprincipios.com\/index.php\/wp-json\/wp\/v2\/users\/2"}],"replies":[{"embeddable":true,"href":"https:\/\/diarioprincipios.com\/index.php\/wp-json\/wp\/v2\/comments?post=26458"}],"version-history":[{"count":1,"href":"https:\/\/diarioprincipios.com\/index.php\/wp-json\/wp\/v2\/posts\/26458\/revisions"}],"predecessor-version":[{"id":26463,"href":"https:\/\/diarioprincipios.com\/index.php\/wp-json\/wp\/v2\/posts\/26458\/revisions\/26463"}],"wp:featuredmedia":[{"embeddable":true,"href":"https:\/\/diarioprincipios.com\/index.php\/wp-json\/wp\/v2\/media\/26462"}],"wp:attachment":[{"href":"https:\/\/diarioprincipios.com\/index.php\/wp-json\/wp\/v2\/media?parent=26458"}],"wp:term":[{"taxonomy":"category","embeddable":true,"href":"https:\/\/diarioprincipios.com\/index.php\/wp-json\/wp\/v2\/categories?post=26458"},{"taxonomy":"post_tag","embeddable":true,"href":"https:\/\/diarioprincipios.com\/index.php\/wp-json\/wp\/v2\/tags?post=26458"}],"curies":[{"name":"wp","href":"https:\/\/api.w.org\/{rel}","templated":true}]}}