{"id":26452,"date":"2026-01-29T09:54:24","date_gmt":"2026-01-29T12:54:24","guid":{"rendered":"https:\/\/diarioprincipios.com\/?p=26452"},"modified":"2026-01-29T09:54:25","modified_gmt":"2026-01-29T12:54:25","slug":"el-intendente-carlos-balor-presencio-un-nuevo-patio-de-tango-y-folclore","status":"publish","type":"post","link":"https:\/\/diarioprincipios.com\/index.php\/2026\/01\/29\/el-intendente-carlos-balor-presencio-un-nuevo-patio-de-tango-y-folclore\/","title":{"rendered":"El intendente Carlos Balor presenci\u00f3 un nuevo Patio de Tango y Folclore"},"content":{"rendered":"\n<p>Adem\u00e1s, visit\u00f3 el ensayo del Ballet Folcl\u00f3rico Sumampa, reciente ganador del Pre- Cosqu\u00edn<\/p>\n\n\n\n<p>Se realiz\u00f3 un nuevo Patio de Tango y Folclore en el Centro Municipal de Actividades Roberto De Vicenzo, con la presentaci\u00f3n del Grupo folcl\u00f3rico \u201cAzul Santiago\u201d y la \u201cOrquesta Esquina Sur\u201d. All\u00ed estuvo el intendente de Berazategui, Carlos Balor, quien comparti\u00f3 el espect\u00e1culo con cientos de vecinos y vecinas que, como cada viernes, asisten con entrada libre y gratuita, para bailar y disfrutar de los shows y la propuesta gastron\u00f3mica. Tambi\u00e9n visit\u00f3 el ensayo del Ballet Folcl\u00f3rico Sumampa, ganador del Pre-Cosqu\u00edn 2026.<\/p>\n\n\n\n<p>Durante la recorrida, el secretario de Cultura y Educaci\u00f3n municipal, Federico L\u00f3pez, destac\u00f3: \u201cComo siempre, vivimos un Patio colmado de vecinos y vecinas que vienen todos los viernes a disfrutar de esta propuesta, que es gratuita y que el Municipio impulsa desde hace muchos a\u00f1os. Lo comenz\u00f3 Juan Jos\u00e9 Mussi y hoy lo contin\u00faa nuestro intendente Carlos Balor\u201d.<\/p>\n\n\n\n<figure class=\"wp-block-image size-large\"><img loading=\"lazy\" decoding=\"async\" width=\"1024\" height=\"682\" src=\"https:\/\/diarioprincipios.com\/wp-content\/uploads\/2026\/01\/El-intendente-Carlos-Balor-presencio-un-nuevo-Patio-de-Tango-y-Folclore-1024x682.jpg\" alt=\"\" class=\"wp-image-26453\" srcset=\"https:\/\/diarioprincipios.com\/wp-content\/uploads\/2026\/01\/El-intendente-Carlos-Balor-presencio-un-nuevo-Patio-de-Tango-y-Folclore-1024x682.jpg 1024w, https:\/\/diarioprincipios.com\/wp-content\/uploads\/2026\/01\/El-intendente-Carlos-Balor-presencio-un-nuevo-Patio-de-Tango-y-Folclore-300x200.jpg 300w, https:\/\/diarioprincipios.com\/wp-content\/uploads\/2026\/01\/El-intendente-Carlos-Balor-presencio-un-nuevo-Patio-de-Tango-y-Folclore-768x512.jpg 768w, https:\/\/diarioprincipios.com\/wp-content\/uploads\/2026\/01\/El-intendente-Carlos-Balor-presencio-un-nuevo-Patio-de-Tango-y-Folclore-1536x1023.jpg 1536w, https:\/\/diarioprincipios.com\/wp-content\/uploads\/2026\/01\/El-intendente-Carlos-Balor-presencio-un-nuevo-Patio-de-Tango-y-Folclore-820x545.jpg 820w, https:\/\/diarioprincipios.com\/wp-content\/uploads\/2026\/01\/El-intendente-Carlos-Balor-presencio-un-nuevo-Patio-de-Tango-y-Folclore-600x400.jpg 600w, https:\/\/diarioprincipios.com\/wp-content\/uploads\/2026\/01\/El-intendente-Carlos-Balor-presencio-un-nuevo-Patio-de-Tango-y-Folclore.jpg 1600w\" sizes=\"auto, (max-width: 1024px) 100vw, 1024px\" \/><\/figure>\n\n\n\n<p>El Patio de Tango y Folclore constituye un espacio de encuentro y participaci\u00f3n, con la presentaci\u00f3n en vivo de artistas locales e invitados, adem\u00e1s de una propuesta gastron\u00f3mica con diversos food trucks. Fiorella, una de las vecinas que asisti\u00f3 a esta nueva edici\u00f3n del evento, coment\u00f3 al respecto: \u201cHoy vine con mi hermano El\u00edas, con quien, desde muy ni\u00f1os, siempre hemos participado junto a nuestros abuelos. No queremos dejar de venir nunca, esto es hermoso\u201d.<\/p>\n\n\n\n<p>Luego de su visita a este ya tradicional espect\u00e1culo local -realizado en el marco del Ciclo de Verano 2026- y saludar a los y las asistentes, Carlos Balor presenci\u00f3 el ensayo del Ballet Folcl\u00f3rico Agrupaci\u00f3n Sumampa en el Complejo Cultural Municipal La Calle.<\/p>\n\n\n\n<figure class=\"wp-block-image size-large\"><img loading=\"lazy\" decoding=\"async\" width=\"1024\" height=\"682\" src=\"https:\/\/diarioprincipios.com\/wp-content\/uploads\/2026\/01\/El-intendente-Carlos-Balor-presencio-un-nuevo-Patio-de-Tango-y-Folclore-3-1024x682.jpg\" alt=\"\" class=\"wp-image-26454\" srcset=\"https:\/\/diarioprincipios.com\/wp-content\/uploads\/2026\/01\/El-intendente-Carlos-Balor-presencio-un-nuevo-Patio-de-Tango-y-Folclore-3-1024x682.jpg 1024w, https:\/\/diarioprincipios.com\/wp-content\/uploads\/2026\/01\/El-intendente-Carlos-Balor-presencio-un-nuevo-Patio-de-Tango-y-Folclore-3-300x200.jpg 300w, https:\/\/diarioprincipios.com\/wp-content\/uploads\/2026\/01\/El-intendente-Carlos-Balor-presencio-un-nuevo-Patio-de-Tango-y-Folclore-3-768x512.jpg 768w, https:\/\/diarioprincipios.com\/wp-content\/uploads\/2026\/01\/El-intendente-Carlos-Balor-presencio-un-nuevo-Patio-de-Tango-y-Folclore-3-1536x1023.jpg 1536w, https:\/\/diarioprincipios.com\/wp-content\/uploads\/2026\/01\/El-intendente-Carlos-Balor-presencio-un-nuevo-Patio-de-Tango-y-Folclore-3-820x545.jpg 820w, https:\/\/diarioprincipios.com\/wp-content\/uploads\/2026\/01\/El-intendente-Carlos-Balor-presencio-un-nuevo-Patio-de-Tango-y-Folclore-3-600x400.jpg 600w, https:\/\/diarioprincipios.com\/wp-content\/uploads\/2026\/01\/El-intendente-Carlos-Balor-presencio-un-nuevo-Patio-de-Tango-y-Folclore-3.jpg 1600w\" sizes=\"auto, (max-width: 1024px) 100vw, 1024px\" \/><\/figure>\n\n\n\n<p>Este Ballet, conformado por m\u00e1s de 90 bailarines y bailarinas del distrito y otras localidades, se consagr\u00f3 recientemente ganador del Pre-Cosqu\u00edn -al obtener el 1\u00b0 lugar en la categor\u00eda \u201cConjunto de Baile Folcl\u00f3rico\u201d- y ser\u00e1 el encargado de abrir la 5ta Luna del Festival Nacional de Folklore Cosqu\u00edn 2026.<\/p>\n\n\n\n<p>Marlene Ferlaza, una de las integrantes de la Agrupaci\u00f3n Sumampa, expres\u00f3: \u201cEstamos realizando nuestros \u00faltimos ensayos para el viaje a Cosqu\u00edn. Ganamos el certamen Pre-Cosqu\u00edn y estamos muy felices de representar a Berazategui en el importante Festival Nacional de m\u00fasica folcl\u00f3rica\u201d.<\/p>\n\n\n\n<figure class=\"wp-block-image size-large\"><img loading=\"lazy\" decoding=\"async\" width=\"1024\" height=\"682\" src=\"https:\/\/diarioprincipios.com\/wp-content\/uploads\/2026\/01\/El-intendente-Carlos-Balor-presencio-un-nuevo-Patio-de-Tango-y-Folclore-1-1024x682.jpg\" alt=\"\" class=\"wp-image-26455\" srcset=\"https:\/\/diarioprincipios.com\/wp-content\/uploads\/2026\/01\/El-intendente-Carlos-Balor-presencio-un-nuevo-Patio-de-Tango-y-Folclore-1-1024x682.jpg 1024w, https:\/\/diarioprincipios.com\/wp-content\/uploads\/2026\/01\/El-intendente-Carlos-Balor-presencio-un-nuevo-Patio-de-Tango-y-Folclore-1-300x200.jpg 300w, https:\/\/diarioprincipios.com\/wp-content\/uploads\/2026\/01\/El-intendente-Carlos-Balor-presencio-un-nuevo-Patio-de-Tango-y-Folclore-1-768x512.jpg 768w, https:\/\/diarioprincipios.com\/wp-content\/uploads\/2026\/01\/El-intendente-Carlos-Balor-presencio-un-nuevo-Patio-de-Tango-y-Folclore-1-1536x1023.jpg 1536w, https:\/\/diarioprincipios.com\/wp-content\/uploads\/2026\/01\/El-intendente-Carlos-Balor-presencio-un-nuevo-Patio-de-Tango-y-Folclore-1-820x545.jpg 820w, https:\/\/diarioprincipios.com\/wp-content\/uploads\/2026\/01\/El-intendente-Carlos-Balor-presencio-un-nuevo-Patio-de-Tango-y-Folclore-1-600x400.jpg 600w, https:\/\/diarioprincipios.com\/wp-content\/uploads\/2026\/01\/El-intendente-Carlos-Balor-presencio-un-nuevo-Patio-de-Tango-y-Folclore-1.jpg 1600w\" sizes=\"auto, (max-width: 1024px) 100vw, 1024px\" \/><\/figure>\n\n\n\n<p>Para conocer el cronograma completo del Ciclo de Verano, ingresar a berazategui.gob.ar\/cultura.<\/p>\n","protected":false},"excerpt":{"rendered":"<p>Adem\u00e1s, visit\u00f3 el ensayo del Ballet Folcl\u00f3rico Sumampa, reciente ganador del Pre- Cosqu\u00edn Se realiz\u00f3 un nuevo Patio de Tango y Folclore en el Centro Municipal de Actividades Roberto De Vicenzo, con la presentaci\u00f3n del Grupo folcl\u00f3rico \u201cAzul Santiago\u201d y la \u201cOrquesta Esquina Sur\u201d. All\u00ed estuvo el intendente de Berazategui, Carlos Balor, quien comparti\u00f3 el&#8230;<\/p>\n","protected":false},"author":2,"featured_media":26456,"comment_status":"open","ping_status":"open","sticky":false,"template":"","format":"standard","meta":{"footnotes":""},"categories":[3,19],"tags":[],"class_list":["post-26452","post","type-post","status-publish","format-standard","has-post-thumbnail","hentry","category-berazategui","category-cultura-educacion"],"featured_image_src":"https:\/\/diarioprincipios.com\/wp-content\/uploads\/2026\/01\/El-intendente-Carlos-Balor-presencio-un-nuevo-Patio-de-Tango-y-Folclore-4-1024x682.jpg","blog_images":{"medium":"https:\/\/diarioprincipios.com\/wp-content\/uploads\/2026\/01\/El-intendente-Carlos-Balor-presencio-un-nuevo-Patio-de-Tango-y-Folclore-4-300x200.jpg","large":"https:\/\/diarioprincipios.com\/wp-content\/uploads\/2026\/01\/El-intendente-Carlos-Balor-presencio-un-nuevo-Patio-de-Tango-y-Folclore-4-1024x682.jpg"},"ams_acf":[],"yoast_head":"<!-- This site is optimized with the Yoast SEO plugin v27.3 - https:\/\/yoast.com\/product\/yoast-seo-wordpress\/ -->\n<title>El intendente Carlos Balor presenci\u00f3 un nuevo Patio de Tango y Folclore - Principios<\/title>\n<meta name=\"robots\" content=\"index, follow, max-snippet:-1, max-image-preview:large, max-video-preview:-1\" \/>\n<link rel=\"canonical\" href=\"https:\/\/diarioprincipios.com\/index.php\/2026\/01\/29\/el-intendente-carlos-balor-presencio-un-nuevo-patio-de-tango-y-folclore\/\" \/>\n<meta property=\"og:locale\" content=\"es_ES\" \/>\n<meta property=\"og:type\" content=\"article\" \/>\n<meta property=\"og:title\" content=\"El intendente Carlos Balor presenci\u00f3 un nuevo Patio de Tango y Folclore - Principios\" \/>\n<meta property=\"og:description\" content=\"Adem\u00e1s, visit\u00f3 el ensayo del Ballet Folcl\u00f3rico Sumampa, reciente ganador del Pre- Cosqu\u00edn Se realiz\u00f3 un nuevo Patio de Tango y Folclore en el Centro Municipal de Actividades Roberto De Vicenzo, con la presentaci\u00f3n del Grupo folcl\u00f3rico \u201cAzul Santiago\u201d y la \u201cOrquesta Esquina Sur\u201d. All\u00ed estuvo el intendente de Berazategui, Carlos Balor, quien comparti\u00f3 el...\" \/>\n<meta property=\"og:url\" content=\"https:\/\/diarioprincipios.com\/index.php\/2026\/01\/29\/el-intendente-carlos-balor-presencio-un-nuevo-patio-de-tango-y-folclore\/\" \/>\n<meta property=\"og:site_name\" content=\"Principios\" \/>\n<meta property=\"article:published_time\" content=\"2026-01-29T12:54:24+00:00\" \/>\n<meta property=\"article:modified_time\" content=\"2026-01-29T12:54:25+00:00\" \/>\n<meta property=\"og:image\" content=\"https:\/\/diarioprincipios.com\/wp-content\/uploads\/2026\/01\/El-intendente-Carlos-Balor-presencio-un-nuevo-Patio-de-Tango-y-Folclore-4.jpg\" \/>\n\t<meta property=\"og:image:width\" content=\"1600\" \/>\n\t<meta property=\"og:image:height\" content=\"1066\" \/>\n\t<meta property=\"og:image:type\" content=\"image\/jpeg\" \/>\n<meta name=\"author\" content=\"Hern\u00e1n L\u00f3pez\" \/>\n<meta name=\"twitter:card\" content=\"summary_large_image\" \/>\n<meta name=\"twitter:label1\" content=\"Escrito por\" \/>\n\t<meta name=\"twitter:data1\" content=\"Hern\u00e1n L\u00f3pez\" \/>\n\t<meta name=\"twitter:label2\" content=\"Tiempo de lectura\" \/>\n\t<meta name=\"twitter:data2\" content=\"3 minutos\" \/>\n<script type=\"application\/ld+json\" class=\"yoast-schema-graph\">{\"@context\":\"https:\\\/\\\/schema.org\",\"@graph\":[{\"@type\":\"Article\",\"@id\":\"https:\\\/\\\/diarioprincipios.com\\\/index.php\\\/2026\\\/01\\\/29\\\/el-intendente-carlos-balor-presencio-un-nuevo-patio-de-tango-y-folclore\\\/#article\",\"isPartOf\":{\"@id\":\"https:\\\/\\\/diarioprincipios.com\\\/index.php\\\/2026\\\/01\\\/29\\\/el-intendente-carlos-balor-presencio-un-nuevo-patio-de-tango-y-folclore\\\/\"},\"author\":{\"name\":\"Hern\u00e1n L\u00f3pez\",\"@id\":\"https:\\\/\\\/diarioprincipios.com\\\/#\\\/schema\\\/person\\\/436d5a1fd41a5e250e23ff5a6a7cb080\"},\"headline\":\"El intendente Carlos Balor presenci\u00f3 un nuevo Patio de Tango y Folclore\",\"datePublished\":\"2026-01-29T12:54:24+00:00\",\"dateModified\":\"2026-01-29T12:54:25+00:00\",\"mainEntityOfPage\":{\"@id\":\"https:\\\/\\\/diarioprincipios.com\\\/index.php\\\/2026\\\/01\\\/29\\\/el-intendente-carlos-balor-presencio-un-nuevo-patio-de-tango-y-folclore\\\/\"},\"wordCount\":419,\"commentCount\":0,\"publisher\":{\"@id\":\"https:\\\/\\\/diarioprincipios.com\\\/#organization\"},\"image\":{\"@id\":\"https:\\\/\\\/diarioprincipios.com\\\/index.php\\\/2026\\\/01\\\/29\\\/el-intendente-carlos-balor-presencio-un-nuevo-patio-de-tango-y-folclore\\\/#primaryimage\"},\"thumbnailUrl\":\"https:\\\/\\\/diarioprincipios.com\\\/wp-content\\\/uploads\\\/2026\\\/01\\\/El-intendente-Carlos-Balor-presencio-un-nuevo-Patio-de-Tango-y-Folclore-4.jpg\",\"articleSection\":[\"Berazategui\",\"Cultura y Educaci\u00f3n\"],\"inLanguage\":\"es\",\"potentialAction\":[{\"@type\":\"CommentAction\",\"name\":\"Comment\",\"target\":[\"https:\\\/\\\/diarioprincipios.com\\\/index.php\\\/2026\\\/01\\\/29\\\/el-intendente-carlos-balor-presencio-un-nuevo-patio-de-tango-y-folclore\\\/#respond\"]}]},{\"@type\":\"WebPage\",\"@id\":\"https:\\\/\\\/diarioprincipios.com\\\/index.php\\\/2026\\\/01\\\/29\\\/el-intendente-carlos-balor-presencio-un-nuevo-patio-de-tango-y-folclore\\\/\",\"url\":\"https:\\\/\\\/diarioprincipios.com\\\/index.php\\\/2026\\\/01\\\/29\\\/el-intendente-carlos-balor-presencio-un-nuevo-patio-de-tango-y-folclore\\\/\",\"name\":\"El intendente Carlos Balor presenci\u00f3 un nuevo Patio de Tango y Folclore - Principios\",\"isPartOf\":{\"@id\":\"https:\\\/\\\/diarioprincipios.com\\\/#website\"},\"primaryImageOfPage\":{\"@id\":\"https:\\\/\\\/diarioprincipios.com\\\/index.php\\\/2026\\\/01\\\/29\\\/el-intendente-carlos-balor-presencio-un-nuevo-patio-de-tango-y-folclore\\\/#primaryimage\"},\"image\":{\"@id\":\"https:\\\/\\\/diarioprincipios.com\\\/index.php\\\/2026\\\/01\\\/29\\\/el-intendente-carlos-balor-presencio-un-nuevo-patio-de-tango-y-folclore\\\/#primaryimage\"},\"thumbnailUrl\":\"https:\\\/\\\/diarioprincipios.com\\\/wp-content\\\/uploads\\\/2026\\\/01\\\/El-intendente-Carlos-Balor-presencio-un-nuevo-Patio-de-Tango-y-Folclore-4.jpg\",\"datePublished\":\"2026-01-29T12:54:24+00:00\",\"dateModified\":\"2026-01-29T12:54:25+00:00\",\"breadcrumb\":{\"@id\":\"https:\\\/\\\/diarioprincipios.com\\\/index.php\\\/2026\\\/01\\\/29\\\/el-intendente-carlos-balor-presencio-un-nuevo-patio-de-tango-y-folclore\\\/#breadcrumb\"},\"inLanguage\":\"es\",\"potentialAction\":[{\"@type\":\"ReadAction\",\"target\":[\"https:\\\/\\\/diarioprincipios.com\\\/index.php\\\/2026\\\/01\\\/29\\\/el-intendente-carlos-balor-presencio-un-nuevo-patio-de-tango-y-folclore\\\/\"]}]},{\"@type\":\"ImageObject\",\"inLanguage\":\"es\",\"@id\":\"https:\\\/\\\/diarioprincipios.com\\\/index.php\\\/2026\\\/01\\\/29\\\/el-intendente-carlos-balor-presencio-un-nuevo-patio-de-tango-y-folclore\\\/#primaryimage\",\"url\":\"https:\\\/\\\/diarioprincipios.com\\\/wp-content\\\/uploads\\\/2026\\\/01\\\/El-intendente-Carlos-Balor-presencio-un-nuevo-Patio-de-Tango-y-Folclore-4.jpg\",\"contentUrl\":\"https:\\\/\\\/diarioprincipios.com\\\/wp-content\\\/uploads\\\/2026\\\/01\\\/El-intendente-Carlos-Balor-presencio-un-nuevo-Patio-de-Tango-y-Folclore-4.jpg\",\"width\":1600,\"height\":1066},{\"@type\":\"BreadcrumbList\",\"@id\":\"https:\\\/\\\/diarioprincipios.com\\\/index.php\\\/2026\\\/01\\\/29\\\/el-intendente-carlos-balor-presencio-un-nuevo-patio-de-tango-y-folclore\\\/#breadcrumb\",\"itemListElement\":[{\"@type\":\"ListItem\",\"position\":1,\"name\":\"Portada\",\"item\":\"https:\\\/\\\/diarioprincipios.com\\\/\"},{\"@type\":\"ListItem\",\"position\":2,\"name\":\"El intendente Carlos Balor presenci\u00f3 un nuevo Patio de Tango y Folclore\"}]},{\"@type\":\"WebSite\",\"@id\":\"https:\\\/\\\/diarioprincipios.com\\\/#website\",\"url\":\"https:\\\/\\\/diarioprincipios.com\\\/\",\"name\":\"Principios\",\"description\":\"Principios Diario\",\"publisher\":{\"@id\":\"https:\\\/\\\/diarioprincipios.com\\\/#organization\"},\"potentialAction\":[{\"@type\":\"SearchAction\",\"target\":{\"@type\":\"EntryPoint\",\"urlTemplate\":\"https:\\\/\\\/diarioprincipios.com\\\/?s={search_term_string}\"},\"query-input\":{\"@type\":\"PropertyValueSpecification\",\"valueRequired\":true,\"valueName\":\"search_term_string\"}}],\"inLanguage\":\"es\"},{\"@type\":\"Organization\",\"@id\":\"https:\\\/\\\/diarioprincipios.com\\\/#organization\",\"name\":\"Principios\",\"url\":\"https:\\\/\\\/diarioprincipios.com\\\/\",\"logo\":{\"@type\":\"ImageObject\",\"inLanguage\":\"es\",\"@id\":\"https:\\\/\\\/diarioprincipios.com\\\/#\\\/schema\\\/logo\\\/image\\\/\",\"url\":\"https:\\\/\\\/diarioprincipios.com\\\/wp-content\\\/uploads\\\/2024\\\/04\\\/cropped-www.diarioprincipios.com_-1.png\",\"contentUrl\":\"https:\\\/\\\/diarioprincipios.com\\\/wp-content\\\/uploads\\\/2024\\\/04\\\/cropped-www.diarioprincipios.com_-1.png\",\"width\":5325,\"height\":1454,\"caption\":\"Principios\"},\"image\":{\"@id\":\"https:\\\/\\\/diarioprincipios.com\\\/#\\\/schema\\\/logo\\\/image\\\/\"}},{\"@type\":\"Person\",\"@id\":\"https:\\\/\\\/diarioprincipios.com\\\/#\\\/schema\\\/person\\\/436d5a1fd41a5e250e23ff5a6a7cb080\",\"name\":\"Hern\u00e1n L\u00f3pez\",\"image\":{\"@type\":\"ImageObject\",\"inLanguage\":\"es\",\"@id\":\"https:\\\/\\\/diarioprincipios.com\\\/wp-content\\\/litespeed\\\/avatar\\\/11ddfe5610ff3bd100522525b2571f48.jpg?ver=1777653193\",\"url\":\"https:\\\/\\\/diarioprincipios.com\\\/wp-content\\\/litespeed\\\/avatar\\\/11ddfe5610ff3bd100522525b2571f48.jpg?ver=1777653193\",\"contentUrl\":\"https:\\\/\\\/diarioprincipios.com\\\/wp-content\\\/litespeed\\\/avatar\\\/11ddfe5610ff3bd100522525b2571f48.jpg?ver=1777653193\",\"caption\":\"Hern\u00e1n L\u00f3pez\"},\"url\":\"https:\\\/\\\/diarioprincipios.com\\\/index.php\\\/author\\\/hernan\\\/\"}]}<\/script>\n<!-- \/ Yoast SEO plugin. -->","yoast_head_json":{"title":"El intendente Carlos Balor presenci\u00f3 un nuevo Patio de Tango y Folclore - Principios","robots":{"index":"index","follow":"follow","max-snippet":"max-snippet:-1","max-image-preview":"max-image-preview:large","max-video-preview":"max-video-preview:-1"},"canonical":"https:\/\/diarioprincipios.com\/index.php\/2026\/01\/29\/el-intendente-carlos-balor-presencio-un-nuevo-patio-de-tango-y-folclore\/","og_locale":"es_ES","og_type":"article","og_title":"El intendente Carlos Balor presenci\u00f3 un nuevo Patio de Tango y Folclore - Principios","og_description":"Adem\u00e1s, visit\u00f3 el ensayo del Ballet Folcl\u00f3rico Sumampa, reciente ganador del Pre- Cosqu\u00edn Se realiz\u00f3 un nuevo Patio de Tango y Folclore en el Centro Municipal de Actividades Roberto De Vicenzo, con la presentaci\u00f3n del Grupo folcl\u00f3rico \u201cAzul Santiago\u201d y la \u201cOrquesta Esquina Sur\u201d. All\u00ed estuvo el intendente de Berazategui, Carlos Balor, quien comparti\u00f3 el...","og_url":"https:\/\/diarioprincipios.com\/index.php\/2026\/01\/29\/el-intendente-carlos-balor-presencio-un-nuevo-patio-de-tango-y-folclore\/","og_site_name":"Principios","article_published_time":"2026-01-29T12:54:24+00:00","article_modified_time":"2026-01-29T12:54:25+00:00","og_image":[{"width":1600,"height":1066,"url":"https:\/\/diarioprincipios.com\/wp-content\/uploads\/2026\/01\/El-intendente-Carlos-Balor-presencio-un-nuevo-Patio-de-Tango-y-Folclore-4.jpg","type":"image\/jpeg"}],"author":"Hern\u00e1n L\u00f3pez","twitter_card":"summary_large_image","twitter_misc":{"Escrito por":"Hern\u00e1n L\u00f3pez","Tiempo de lectura":"3 minutos"},"schema":{"@context":"https:\/\/schema.org","@graph":[{"@type":"Article","@id":"https:\/\/diarioprincipios.com\/index.php\/2026\/01\/29\/el-intendente-carlos-balor-presencio-un-nuevo-patio-de-tango-y-folclore\/#article","isPartOf":{"@id":"https:\/\/diarioprincipios.com\/index.php\/2026\/01\/29\/el-intendente-carlos-balor-presencio-un-nuevo-patio-de-tango-y-folclore\/"},"author":{"name":"Hern\u00e1n L\u00f3pez","@id":"https:\/\/diarioprincipios.com\/#\/schema\/person\/436d5a1fd41a5e250e23ff5a6a7cb080"},"headline":"El intendente Carlos Balor presenci\u00f3 un nuevo Patio de Tango y Folclore","datePublished":"2026-01-29T12:54:24+00:00","dateModified":"2026-01-29T12:54:25+00:00","mainEntityOfPage":{"@id":"https:\/\/diarioprincipios.com\/index.php\/2026\/01\/29\/el-intendente-carlos-balor-presencio-un-nuevo-patio-de-tango-y-folclore\/"},"wordCount":419,"commentCount":0,"publisher":{"@id":"https:\/\/diarioprincipios.com\/#organization"},"image":{"@id":"https:\/\/diarioprincipios.com\/index.php\/2026\/01\/29\/el-intendente-carlos-balor-presencio-un-nuevo-patio-de-tango-y-folclore\/#primaryimage"},"thumbnailUrl":"https:\/\/diarioprincipios.com\/wp-content\/uploads\/2026\/01\/El-intendente-Carlos-Balor-presencio-un-nuevo-Patio-de-Tango-y-Folclore-4.jpg","articleSection":["Berazategui","Cultura y Educaci\u00f3n"],"inLanguage":"es","potentialAction":[{"@type":"CommentAction","name":"Comment","target":["https:\/\/diarioprincipios.com\/index.php\/2026\/01\/29\/el-intendente-carlos-balor-presencio-un-nuevo-patio-de-tango-y-folclore\/#respond"]}]},{"@type":"WebPage","@id":"https:\/\/diarioprincipios.com\/index.php\/2026\/01\/29\/el-intendente-carlos-balor-presencio-un-nuevo-patio-de-tango-y-folclore\/","url":"https:\/\/diarioprincipios.com\/index.php\/2026\/01\/29\/el-intendente-carlos-balor-presencio-un-nuevo-patio-de-tango-y-folclore\/","name":"El intendente Carlos Balor presenci\u00f3 un nuevo Patio de Tango y Folclore - Principios","isPartOf":{"@id":"https:\/\/diarioprincipios.com\/#website"},"primaryImageOfPage":{"@id":"https:\/\/diarioprincipios.com\/index.php\/2026\/01\/29\/el-intendente-carlos-balor-presencio-un-nuevo-patio-de-tango-y-folclore\/#primaryimage"},"image":{"@id":"https:\/\/diarioprincipios.com\/index.php\/2026\/01\/29\/el-intendente-carlos-balor-presencio-un-nuevo-patio-de-tango-y-folclore\/#primaryimage"},"thumbnailUrl":"https:\/\/diarioprincipios.com\/wp-content\/uploads\/2026\/01\/El-intendente-Carlos-Balor-presencio-un-nuevo-Patio-de-Tango-y-Folclore-4.jpg","datePublished":"2026-01-29T12:54:24+00:00","dateModified":"2026-01-29T12:54:25+00:00","breadcrumb":{"@id":"https:\/\/diarioprincipios.com\/index.php\/2026\/01\/29\/el-intendente-carlos-balor-presencio-un-nuevo-patio-de-tango-y-folclore\/#breadcrumb"},"inLanguage":"es","potentialAction":[{"@type":"ReadAction","target":["https:\/\/diarioprincipios.com\/index.php\/2026\/01\/29\/el-intendente-carlos-balor-presencio-un-nuevo-patio-de-tango-y-folclore\/"]}]},{"@type":"ImageObject","inLanguage":"es","@id":"https:\/\/diarioprincipios.com\/index.php\/2026\/01\/29\/el-intendente-carlos-balor-presencio-un-nuevo-patio-de-tango-y-folclore\/#primaryimage","url":"https:\/\/diarioprincipios.com\/wp-content\/uploads\/2026\/01\/El-intendente-Carlos-Balor-presencio-un-nuevo-Patio-de-Tango-y-Folclore-4.jpg","contentUrl":"https:\/\/diarioprincipios.com\/wp-content\/uploads\/2026\/01\/El-intendente-Carlos-Balor-presencio-un-nuevo-Patio-de-Tango-y-Folclore-4.jpg","width":1600,"height":1066},{"@type":"BreadcrumbList","@id":"https:\/\/diarioprincipios.com\/index.php\/2026\/01\/29\/el-intendente-carlos-balor-presencio-un-nuevo-patio-de-tango-y-folclore\/#breadcrumb","itemListElement":[{"@type":"ListItem","position":1,"name":"Portada","item":"https:\/\/diarioprincipios.com\/"},{"@type":"ListItem","position":2,"name":"El intendente Carlos Balor presenci\u00f3 un nuevo Patio de Tango y Folclore"}]},{"@type":"WebSite","@id":"https:\/\/diarioprincipios.com\/#website","url":"https:\/\/diarioprincipios.com\/","name":"Principios","description":"Principios Diario","publisher":{"@id":"https:\/\/diarioprincipios.com\/#organization"},"potentialAction":[{"@type":"SearchAction","target":{"@type":"EntryPoint","urlTemplate":"https:\/\/diarioprincipios.com\/?s={search_term_string}"},"query-input":{"@type":"PropertyValueSpecification","valueRequired":true,"valueName":"search_term_string"}}],"inLanguage":"es"},{"@type":"Organization","@id":"https:\/\/diarioprincipios.com\/#organization","name":"Principios","url":"https:\/\/diarioprincipios.com\/","logo":{"@type":"ImageObject","inLanguage":"es","@id":"https:\/\/diarioprincipios.com\/#\/schema\/logo\/image\/","url":"https:\/\/diarioprincipios.com\/wp-content\/uploads\/2024\/04\/cropped-www.diarioprincipios.com_-1.png","contentUrl":"https:\/\/diarioprincipios.com\/wp-content\/uploads\/2024\/04\/cropped-www.diarioprincipios.com_-1.png","width":5325,"height":1454,"caption":"Principios"},"image":{"@id":"https:\/\/diarioprincipios.com\/#\/schema\/logo\/image\/"}},{"@type":"Person","@id":"https:\/\/diarioprincipios.com\/#\/schema\/person\/436d5a1fd41a5e250e23ff5a6a7cb080","name":"Hern\u00e1n L\u00f3pez","image":{"@type":"ImageObject","inLanguage":"es","@id":"https:\/\/diarioprincipios.com\/wp-content\/litespeed\/avatar\/11ddfe5610ff3bd100522525b2571f48.jpg?ver=1777653193","url":"https:\/\/diarioprincipios.com\/wp-content\/litespeed\/avatar\/11ddfe5610ff3bd100522525b2571f48.jpg?ver=1777653193","contentUrl":"https:\/\/diarioprincipios.com\/wp-content\/litespeed\/avatar\/11ddfe5610ff3bd100522525b2571f48.jpg?ver=1777653193","caption":"Hern\u00e1n L\u00f3pez"},"url":"https:\/\/diarioprincipios.com\/index.php\/author\/hernan\/"}]}},"jetpack_featured_media_url":"https:\/\/diarioprincipios.com\/wp-content\/uploads\/2026\/01\/El-intendente-Carlos-Balor-presencio-un-nuevo-Patio-de-Tango-y-Folclore-4.jpg","_links":{"self":[{"href":"https:\/\/diarioprincipios.com\/index.php\/wp-json\/wp\/v2\/posts\/26452","targetHints":{"allow":["GET"]}}],"collection":[{"href":"https:\/\/diarioprincipios.com\/index.php\/wp-json\/wp\/v2\/posts"}],"about":[{"href":"https:\/\/diarioprincipios.com\/index.php\/wp-json\/wp\/v2\/types\/post"}],"author":[{"embeddable":true,"href":"https:\/\/diarioprincipios.com\/index.php\/wp-json\/wp\/v2\/users\/2"}],"replies":[{"embeddable":true,"href":"https:\/\/diarioprincipios.com\/index.php\/wp-json\/wp\/v2\/comments?post=26452"}],"version-history":[{"count":1,"href":"https:\/\/diarioprincipios.com\/index.php\/wp-json\/wp\/v2\/posts\/26452\/revisions"}],"predecessor-version":[{"id":26457,"href":"https:\/\/diarioprincipios.com\/index.php\/wp-json\/wp\/v2\/posts\/26452\/revisions\/26457"}],"wp:featuredmedia":[{"embeddable":true,"href":"https:\/\/diarioprincipios.com\/index.php\/wp-json\/wp\/v2\/media\/26456"}],"wp:attachment":[{"href":"https:\/\/diarioprincipios.com\/index.php\/wp-json\/wp\/v2\/media?parent=26452"}],"wp:term":[{"taxonomy":"category","embeddable":true,"href":"https:\/\/diarioprincipios.com\/index.php\/wp-json\/wp\/v2\/categories?post=26452"},{"taxonomy":"post_tag","embeddable":true,"href":"https:\/\/diarioprincipios.com\/index.php\/wp-json\/wp\/v2\/tags?post=26452"}],"curies":[{"name":"wp","href":"https:\/\/api.w.org\/{rel}","templated":true}]}}