{"id":26444,"date":"2026-01-27T19:15:21","date_gmt":"2026-01-27T22:15:21","guid":{"rendered":"https:\/\/diarioprincipios.com\/?p=26444"},"modified":"2026-01-27T19:15:21","modified_gmt":"2026-01-27T22:15:21","slug":"avanzan-las-acciones-judiciales-contra-edesur-y-el-enre-en-berazategui","status":"publish","type":"post","link":"https:\/\/diarioprincipios.com\/index.php\/2026\/01\/27\/avanzan-las-acciones-judiciales-contra-edesur-y-el-enre-en-berazategui\/","title":{"rendered":"Avanzan las acciones judiciales contra Edesur y el ENRE en Berazategui"},"content":{"rendered":"\n<p>El Bloque Justicialista de Berazategui denunci\u00f3 penalmente a la empresa Edesur S.A. y al Ente Nacional Regulador de la Electricidad (ENRE) debido a los reiterados y prolongados cortes masivos de luz en el distrito.<\/p>\n\n\n\n<p>Esta presentaci\u00f3n se suma a la demanda civil impulsada por el intendente Carlos Balor, en continuidad con los reclamos que oportunamente hab\u00eda iniciado el Dr. Juan Jos\u00e9 Mussi durante su gesti\u00f3n. Actualmente, todas estas acciones judiciales avanzan con el apoyo de vecinos, vecinas y organizaciones locales.<\/p>\n\n\n\n<p>Al respecto, el concejal Jorge Ulianow, vecino del barrio Sarmiento (Hudson), declar\u00f3: \u201cDesde el Bloque Justicialista hemos presentado una denuncia penal contra Edesur, por la falta de provisi\u00f3n de energ\u00eda el\u00e9ctrica y de un servicio estable; y contra el interventor del ENRE, N\u00e9stor Marcelo Lamboglia, por incumplimiento de sus deberes como funcionario p\u00fablico. El intendente Balor hizo una presentaci\u00f3n el 02\/01\/2026 y todos los Bloques lo acompa\u00f1amos. La denuncia est\u00e1 radicada en la Secretar\u00eda Penal N\u00b0 1 de Quilmes, un Tribunal Federal. Lo hacemos para proteger los derechos de los ciudadanos de Berazategui, en particular, al acceso a un servicio de luz estable, fundamentalmente para la provisi\u00f3n de agua potable, ya que las bombas funcionan con energ\u00eda el\u00e9ctrica\u201d.<\/p>\n\n\n\n<p>Y agreg\u00f3: \u201cEsta denuncia penal se vincula con la demanda civil presentada por el Intendente ante la Justicia, que ya habilit\u00f3 la Feria Judicial para que pueda avanzar. A trav\u00e9s de estas acciones, tenemos la expectativa de que el Municipio obtenga la reparaci\u00f3n correspondiente por los da\u00f1os causados, que exista una sanci\u00f3n ejemplificadora contra Edesur y el ENRE, y que la comunidad vea que el Poder Judicial act\u00faa en defensa de sus intereses, m\u00e1s all\u00e1 del poder econ\u00f3mico\u201d.<\/p>\n\n\n\n<p>Asimismo, Ulianow destac\u00f3: \u201cEsto es muy importante para el buen funcionamiento de todos los servicios que el Municipio brinda y que son esenciales para nuestros vecinos. Por eso, agradecemos a la Uni\u00f3n Industrial y al Centro Comercial e Industrial de Berazategui, que pusieron a disposici\u00f3n sus informes sobre la situaci\u00f3n por la falta de luz; al igual que gran parte de la comunidad, que present\u00f3 sus n\u00fameros de reclamos\u201d.<\/p>\n\n\n\n<p>En este sentido, el concejal indic\u00f3: \u201cLa cifra de vecinos afectados es alt\u00edsima. Hab\u00eda pozos de agua y estaciones paradas en todo el distrito. Todas las localidades se vieron afectadas. Algunos reportes period\u00edsticos tambi\u00e9n dieron cuenta de la situaci\u00f3n que vivieron los berazateguenses durante esos d\u00edas de extremo calor de diciembre de 2025 (especialmente, en fechas claves como el 24 y 31 de diciembre). Durante esos d\u00edas, muchas familias no contaron con agua ni electricidad, los comercios no pudieron trabajar como corresponde y los hogares -donde viven chicos y personas mayores- sufrieron la falta de suministro. Algo penoso\u201d.<\/p>\n\n\n\n<p>De esta manera, frente a los reiterados cortes de luz que afectan el bienestar cotidiano de la comunidad, como consecuencia del deficiente desempe\u00f1o de la empresa Edesur S.A. y la inacci\u00f3n del Ente Nacional Regulador de la Electricidad (ENRE), avanzan las acciones judiciales presentadas por el intendente Carlos Balor y los concejales del Bloque Justicialista local en defensa de los vecinos y vecinas.<\/p>\n","protected":false},"excerpt":{"rendered":"<p>El Bloque Justicialista de Berazategui denunci\u00f3 penalmente a la empresa Edesur S.A. y al Ente Nacional Regulador de la Electricidad (ENRE) debido a los reiterados y prolongados cortes masivos de luz en el distrito. Esta presentaci\u00f3n se suma a la demanda civil impulsada por el intendente Carlos Balor, en continuidad con los reclamos que oportunamente&#8230;<\/p>\n","protected":false},"author":2,"featured_media":26445,"comment_status":"open","ping_status":"open","sticky":false,"template":"","format":"standard","meta":{"footnotes":""},"categories":[3],"tags":[],"class_list":["post-26444","post","type-post","status-publish","format-standard","has-post-thumbnail","hentry","category-berazategui"],"featured_image_src":"https:\/\/diarioprincipios.com\/wp-content\/uploads\/2026\/01\/Avanzan-las-acciones-judiciales-contra-Edesur-y-el-ENRE-en-Berazategui-1024x682.jpg","blog_images":{"medium":"https:\/\/diarioprincipios.com\/wp-content\/uploads\/2026\/01\/Avanzan-las-acciones-judiciales-contra-Edesur-y-el-ENRE-en-Berazategui-300x200.jpg","large":"https:\/\/diarioprincipios.com\/wp-content\/uploads\/2026\/01\/Avanzan-las-acciones-judiciales-contra-Edesur-y-el-ENRE-en-Berazategui-1024x682.jpg"},"ams_acf":[],"yoast_head":"<!-- This site is optimized with the Yoast SEO plugin v27.3 - https:\/\/yoast.com\/product\/yoast-seo-wordpress\/ -->\n<title>Avanzan las acciones judiciales contra Edesur y el ENRE en Berazategui - Principios<\/title>\n<meta name=\"robots\" content=\"index, follow, max-snippet:-1, max-image-preview:large, max-video-preview:-1\" \/>\n<link rel=\"canonical\" href=\"https:\/\/diarioprincipios.com\/index.php\/2026\/01\/27\/avanzan-las-acciones-judiciales-contra-edesur-y-el-enre-en-berazategui\/\" \/>\n<meta property=\"og:locale\" content=\"es_ES\" \/>\n<meta property=\"og:type\" content=\"article\" \/>\n<meta property=\"og:title\" content=\"Avanzan las acciones judiciales contra Edesur y el ENRE en Berazategui - Principios\" \/>\n<meta property=\"og:description\" content=\"El Bloque Justicialista de Berazategui denunci\u00f3 penalmente a la empresa Edesur S.A. y al Ente Nacional Regulador de la Electricidad (ENRE) debido a los reiterados y prolongados cortes masivos de luz en el distrito. Esta presentaci\u00f3n se suma a la demanda civil impulsada por el intendente Carlos Balor, en continuidad con los reclamos que oportunamente...\" \/>\n<meta property=\"og:url\" content=\"https:\/\/diarioprincipios.com\/index.php\/2026\/01\/27\/avanzan-las-acciones-judiciales-contra-edesur-y-el-enre-en-berazategui\/\" \/>\n<meta property=\"og:site_name\" content=\"Principios\" \/>\n<meta property=\"article:published_time\" content=\"2026-01-27T22:15:21+00:00\" \/>\n<meta property=\"og:image\" content=\"https:\/\/diarioprincipios.com\/wp-content\/uploads\/2026\/01\/Avanzan-las-acciones-judiciales-contra-Edesur-y-el-ENRE-en-Berazategui.jpg\" \/>\n\t<meta property=\"og:image:width\" content=\"1600\" \/>\n\t<meta property=\"og:image:height\" content=\"1066\" \/>\n\t<meta property=\"og:image:type\" content=\"image\/jpeg\" \/>\n<meta name=\"author\" content=\"Hern\u00e1n L\u00f3pez\" \/>\n<meta name=\"twitter:card\" content=\"summary_large_image\" \/>\n<meta name=\"twitter:label1\" content=\"Escrito por\" \/>\n\t<meta name=\"twitter:data1\" content=\"Hern\u00e1n L\u00f3pez\" \/>\n\t<meta name=\"twitter:label2\" content=\"Tiempo de lectura\" \/>\n\t<meta name=\"twitter:data2\" content=\"3 minutos\" \/>\n<script type=\"application\/ld+json\" class=\"yoast-schema-graph\">{\"@context\":\"https:\\\/\\\/schema.org\",\"@graph\":[{\"@type\":\"Article\",\"@id\":\"https:\\\/\\\/diarioprincipios.com\\\/index.php\\\/2026\\\/01\\\/27\\\/avanzan-las-acciones-judiciales-contra-edesur-y-el-enre-en-berazategui\\\/#article\",\"isPartOf\":{\"@id\":\"https:\\\/\\\/diarioprincipios.com\\\/index.php\\\/2026\\\/01\\\/27\\\/avanzan-las-acciones-judiciales-contra-edesur-y-el-enre-en-berazategui\\\/\"},\"author\":{\"name\":\"Hern\u00e1n L\u00f3pez\",\"@id\":\"https:\\\/\\\/diarioprincipios.com\\\/#\\\/schema\\\/person\\\/436d5a1fd41a5e250e23ff5a6a7cb080\"},\"headline\":\"Avanzan las acciones judiciales contra Edesur y el ENRE en Berazategui\",\"datePublished\":\"2026-01-27T22:15:21+00:00\",\"mainEntityOfPage\":{\"@id\":\"https:\\\/\\\/diarioprincipios.com\\\/index.php\\\/2026\\\/01\\\/27\\\/avanzan-las-acciones-judiciales-contra-edesur-y-el-enre-en-berazategui\\\/\"},\"wordCount\":548,\"commentCount\":0,\"publisher\":{\"@id\":\"https:\\\/\\\/diarioprincipios.com\\\/#organization\"},\"image\":{\"@id\":\"https:\\\/\\\/diarioprincipios.com\\\/index.php\\\/2026\\\/01\\\/27\\\/avanzan-las-acciones-judiciales-contra-edesur-y-el-enre-en-berazategui\\\/#primaryimage\"},\"thumbnailUrl\":\"https:\\\/\\\/diarioprincipios.com\\\/wp-content\\\/uploads\\\/2026\\\/01\\\/Avanzan-las-acciones-judiciales-contra-Edesur-y-el-ENRE-en-Berazategui.jpg\",\"articleSection\":[\"Berazategui\"],\"inLanguage\":\"es\",\"potentialAction\":[{\"@type\":\"CommentAction\",\"name\":\"Comment\",\"target\":[\"https:\\\/\\\/diarioprincipios.com\\\/index.php\\\/2026\\\/01\\\/27\\\/avanzan-las-acciones-judiciales-contra-edesur-y-el-enre-en-berazategui\\\/#respond\"]}]},{\"@type\":\"WebPage\",\"@id\":\"https:\\\/\\\/diarioprincipios.com\\\/index.php\\\/2026\\\/01\\\/27\\\/avanzan-las-acciones-judiciales-contra-edesur-y-el-enre-en-berazategui\\\/\",\"url\":\"https:\\\/\\\/diarioprincipios.com\\\/index.php\\\/2026\\\/01\\\/27\\\/avanzan-las-acciones-judiciales-contra-edesur-y-el-enre-en-berazategui\\\/\",\"name\":\"Avanzan las acciones judiciales contra Edesur y el ENRE en Berazategui - Principios\",\"isPartOf\":{\"@id\":\"https:\\\/\\\/diarioprincipios.com\\\/#website\"},\"primaryImageOfPage\":{\"@id\":\"https:\\\/\\\/diarioprincipios.com\\\/index.php\\\/2026\\\/01\\\/27\\\/avanzan-las-acciones-judiciales-contra-edesur-y-el-enre-en-berazategui\\\/#primaryimage\"},\"image\":{\"@id\":\"https:\\\/\\\/diarioprincipios.com\\\/index.php\\\/2026\\\/01\\\/27\\\/avanzan-las-acciones-judiciales-contra-edesur-y-el-enre-en-berazategui\\\/#primaryimage\"},\"thumbnailUrl\":\"https:\\\/\\\/diarioprincipios.com\\\/wp-content\\\/uploads\\\/2026\\\/01\\\/Avanzan-las-acciones-judiciales-contra-Edesur-y-el-ENRE-en-Berazategui.jpg\",\"datePublished\":\"2026-01-27T22:15:21+00:00\",\"breadcrumb\":{\"@id\":\"https:\\\/\\\/diarioprincipios.com\\\/index.php\\\/2026\\\/01\\\/27\\\/avanzan-las-acciones-judiciales-contra-edesur-y-el-enre-en-berazategui\\\/#breadcrumb\"},\"inLanguage\":\"es\",\"potentialAction\":[{\"@type\":\"ReadAction\",\"target\":[\"https:\\\/\\\/diarioprincipios.com\\\/index.php\\\/2026\\\/01\\\/27\\\/avanzan-las-acciones-judiciales-contra-edesur-y-el-enre-en-berazategui\\\/\"]}]},{\"@type\":\"ImageObject\",\"inLanguage\":\"es\",\"@id\":\"https:\\\/\\\/diarioprincipios.com\\\/index.php\\\/2026\\\/01\\\/27\\\/avanzan-las-acciones-judiciales-contra-edesur-y-el-enre-en-berazategui\\\/#primaryimage\",\"url\":\"https:\\\/\\\/diarioprincipios.com\\\/wp-content\\\/uploads\\\/2026\\\/01\\\/Avanzan-las-acciones-judiciales-contra-Edesur-y-el-ENRE-en-Berazategui.jpg\",\"contentUrl\":\"https:\\\/\\\/diarioprincipios.com\\\/wp-content\\\/uploads\\\/2026\\\/01\\\/Avanzan-las-acciones-judiciales-contra-Edesur-y-el-ENRE-en-Berazategui.jpg\",\"width\":1600,\"height\":1066},{\"@type\":\"BreadcrumbList\",\"@id\":\"https:\\\/\\\/diarioprincipios.com\\\/index.php\\\/2026\\\/01\\\/27\\\/avanzan-las-acciones-judiciales-contra-edesur-y-el-enre-en-berazategui\\\/#breadcrumb\",\"itemListElement\":[{\"@type\":\"ListItem\",\"position\":1,\"name\":\"Portada\",\"item\":\"https:\\\/\\\/diarioprincipios.com\\\/\"},{\"@type\":\"ListItem\",\"position\":2,\"name\":\"Avanzan las acciones judiciales contra Edesur y el ENRE en Berazategui\"}]},{\"@type\":\"WebSite\",\"@id\":\"https:\\\/\\\/diarioprincipios.com\\\/#website\",\"url\":\"https:\\\/\\\/diarioprincipios.com\\\/\",\"name\":\"Principios\",\"description\":\"Principios Diario\",\"publisher\":{\"@id\":\"https:\\\/\\\/diarioprincipios.com\\\/#organization\"},\"potentialAction\":[{\"@type\":\"SearchAction\",\"target\":{\"@type\":\"EntryPoint\",\"urlTemplate\":\"https:\\\/\\\/diarioprincipios.com\\\/?s={search_term_string}\"},\"query-input\":{\"@type\":\"PropertyValueSpecification\",\"valueRequired\":true,\"valueName\":\"search_term_string\"}}],\"inLanguage\":\"es\"},{\"@type\":\"Organization\",\"@id\":\"https:\\\/\\\/diarioprincipios.com\\\/#organization\",\"name\":\"Principios\",\"url\":\"https:\\\/\\\/diarioprincipios.com\\\/\",\"logo\":{\"@type\":\"ImageObject\",\"inLanguage\":\"es\",\"@id\":\"https:\\\/\\\/diarioprincipios.com\\\/#\\\/schema\\\/logo\\\/image\\\/\",\"url\":\"https:\\\/\\\/diarioprincipios.com\\\/wp-content\\\/uploads\\\/2024\\\/04\\\/cropped-www.diarioprincipios.com_-1.png\",\"contentUrl\":\"https:\\\/\\\/diarioprincipios.com\\\/wp-content\\\/uploads\\\/2024\\\/04\\\/cropped-www.diarioprincipios.com_-1.png\",\"width\":5325,\"height\":1454,\"caption\":\"Principios\"},\"image\":{\"@id\":\"https:\\\/\\\/diarioprincipios.com\\\/#\\\/schema\\\/logo\\\/image\\\/\"}},{\"@type\":\"Person\",\"@id\":\"https:\\\/\\\/diarioprincipios.com\\\/#\\\/schema\\\/person\\\/436d5a1fd41a5e250e23ff5a6a7cb080\",\"name\":\"Hern\u00e1n L\u00f3pez\",\"image\":{\"@type\":\"ImageObject\",\"inLanguage\":\"es\",\"@id\":\"https:\\\/\\\/diarioprincipios.com\\\/wp-content\\\/litespeed\\\/avatar\\\/11ddfe5610ff3bd100522525b2571f48.jpg?ver=1777048341\",\"url\":\"https:\\\/\\\/diarioprincipios.com\\\/wp-content\\\/litespeed\\\/avatar\\\/11ddfe5610ff3bd100522525b2571f48.jpg?ver=1777048341\",\"contentUrl\":\"https:\\\/\\\/diarioprincipios.com\\\/wp-content\\\/litespeed\\\/avatar\\\/11ddfe5610ff3bd100522525b2571f48.jpg?ver=1777048341\",\"caption\":\"Hern\u00e1n L\u00f3pez\"},\"url\":\"https:\\\/\\\/diarioprincipios.com\\\/index.php\\\/author\\\/hernan\\\/\"}]}<\/script>\n<!-- \/ Yoast SEO plugin. -->","yoast_head_json":{"title":"Avanzan las acciones judiciales contra Edesur y el ENRE en Berazategui - Principios","robots":{"index":"index","follow":"follow","max-snippet":"max-snippet:-1","max-image-preview":"max-image-preview:large","max-video-preview":"max-video-preview:-1"},"canonical":"https:\/\/diarioprincipios.com\/index.php\/2026\/01\/27\/avanzan-las-acciones-judiciales-contra-edesur-y-el-enre-en-berazategui\/","og_locale":"es_ES","og_type":"article","og_title":"Avanzan las acciones judiciales contra Edesur y el ENRE en Berazategui - Principios","og_description":"El Bloque Justicialista de Berazategui denunci\u00f3 penalmente a la empresa Edesur S.A. y al Ente Nacional Regulador de la Electricidad (ENRE) debido a los reiterados y prolongados cortes masivos de luz en el distrito. Esta presentaci\u00f3n se suma a la demanda civil impulsada por el intendente Carlos Balor, en continuidad con los reclamos que oportunamente...","og_url":"https:\/\/diarioprincipios.com\/index.php\/2026\/01\/27\/avanzan-las-acciones-judiciales-contra-edesur-y-el-enre-en-berazategui\/","og_site_name":"Principios","article_published_time":"2026-01-27T22:15:21+00:00","og_image":[{"width":1600,"height":1066,"url":"https:\/\/diarioprincipios.com\/wp-content\/uploads\/2026\/01\/Avanzan-las-acciones-judiciales-contra-Edesur-y-el-ENRE-en-Berazategui.jpg","type":"image\/jpeg"}],"author":"Hern\u00e1n L\u00f3pez","twitter_card":"summary_large_image","twitter_misc":{"Escrito por":"Hern\u00e1n L\u00f3pez","Tiempo de lectura":"3 minutos"},"schema":{"@context":"https:\/\/schema.org","@graph":[{"@type":"Article","@id":"https:\/\/diarioprincipios.com\/index.php\/2026\/01\/27\/avanzan-las-acciones-judiciales-contra-edesur-y-el-enre-en-berazategui\/#article","isPartOf":{"@id":"https:\/\/diarioprincipios.com\/index.php\/2026\/01\/27\/avanzan-las-acciones-judiciales-contra-edesur-y-el-enre-en-berazategui\/"},"author":{"name":"Hern\u00e1n L\u00f3pez","@id":"https:\/\/diarioprincipios.com\/#\/schema\/person\/436d5a1fd41a5e250e23ff5a6a7cb080"},"headline":"Avanzan las acciones judiciales contra Edesur y el ENRE en Berazategui","datePublished":"2026-01-27T22:15:21+00:00","mainEntityOfPage":{"@id":"https:\/\/diarioprincipios.com\/index.php\/2026\/01\/27\/avanzan-las-acciones-judiciales-contra-edesur-y-el-enre-en-berazategui\/"},"wordCount":548,"commentCount":0,"publisher":{"@id":"https:\/\/diarioprincipios.com\/#organization"},"image":{"@id":"https:\/\/diarioprincipios.com\/index.php\/2026\/01\/27\/avanzan-las-acciones-judiciales-contra-edesur-y-el-enre-en-berazategui\/#primaryimage"},"thumbnailUrl":"https:\/\/diarioprincipios.com\/wp-content\/uploads\/2026\/01\/Avanzan-las-acciones-judiciales-contra-Edesur-y-el-ENRE-en-Berazategui.jpg","articleSection":["Berazategui"],"inLanguage":"es","potentialAction":[{"@type":"CommentAction","name":"Comment","target":["https:\/\/diarioprincipios.com\/index.php\/2026\/01\/27\/avanzan-las-acciones-judiciales-contra-edesur-y-el-enre-en-berazategui\/#respond"]}]},{"@type":"WebPage","@id":"https:\/\/diarioprincipios.com\/index.php\/2026\/01\/27\/avanzan-las-acciones-judiciales-contra-edesur-y-el-enre-en-berazategui\/","url":"https:\/\/diarioprincipios.com\/index.php\/2026\/01\/27\/avanzan-las-acciones-judiciales-contra-edesur-y-el-enre-en-berazategui\/","name":"Avanzan las acciones judiciales contra Edesur y el ENRE en Berazategui - Principios","isPartOf":{"@id":"https:\/\/diarioprincipios.com\/#website"},"primaryImageOfPage":{"@id":"https:\/\/diarioprincipios.com\/index.php\/2026\/01\/27\/avanzan-las-acciones-judiciales-contra-edesur-y-el-enre-en-berazategui\/#primaryimage"},"image":{"@id":"https:\/\/diarioprincipios.com\/index.php\/2026\/01\/27\/avanzan-las-acciones-judiciales-contra-edesur-y-el-enre-en-berazategui\/#primaryimage"},"thumbnailUrl":"https:\/\/diarioprincipios.com\/wp-content\/uploads\/2026\/01\/Avanzan-las-acciones-judiciales-contra-Edesur-y-el-ENRE-en-Berazategui.jpg","datePublished":"2026-01-27T22:15:21+00:00","breadcrumb":{"@id":"https:\/\/diarioprincipios.com\/index.php\/2026\/01\/27\/avanzan-las-acciones-judiciales-contra-edesur-y-el-enre-en-berazategui\/#breadcrumb"},"inLanguage":"es","potentialAction":[{"@type":"ReadAction","target":["https:\/\/diarioprincipios.com\/index.php\/2026\/01\/27\/avanzan-las-acciones-judiciales-contra-edesur-y-el-enre-en-berazategui\/"]}]},{"@type":"ImageObject","inLanguage":"es","@id":"https:\/\/diarioprincipios.com\/index.php\/2026\/01\/27\/avanzan-las-acciones-judiciales-contra-edesur-y-el-enre-en-berazategui\/#primaryimage","url":"https:\/\/diarioprincipios.com\/wp-content\/uploads\/2026\/01\/Avanzan-las-acciones-judiciales-contra-Edesur-y-el-ENRE-en-Berazategui.jpg","contentUrl":"https:\/\/diarioprincipios.com\/wp-content\/uploads\/2026\/01\/Avanzan-las-acciones-judiciales-contra-Edesur-y-el-ENRE-en-Berazategui.jpg","width":1600,"height":1066},{"@type":"BreadcrumbList","@id":"https:\/\/diarioprincipios.com\/index.php\/2026\/01\/27\/avanzan-las-acciones-judiciales-contra-edesur-y-el-enre-en-berazategui\/#breadcrumb","itemListElement":[{"@type":"ListItem","position":1,"name":"Portada","item":"https:\/\/diarioprincipios.com\/"},{"@type":"ListItem","position":2,"name":"Avanzan las acciones judiciales contra Edesur y el ENRE en Berazategui"}]},{"@type":"WebSite","@id":"https:\/\/diarioprincipios.com\/#website","url":"https:\/\/diarioprincipios.com\/","name":"Principios","description":"Principios Diario","publisher":{"@id":"https:\/\/diarioprincipios.com\/#organization"},"potentialAction":[{"@type":"SearchAction","target":{"@type":"EntryPoint","urlTemplate":"https:\/\/diarioprincipios.com\/?s={search_term_string}"},"query-input":{"@type":"PropertyValueSpecification","valueRequired":true,"valueName":"search_term_string"}}],"inLanguage":"es"},{"@type":"Organization","@id":"https:\/\/diarioprincipios.com\/#organization","name":"Principios","url":"https:\/\/diarioprincipios.com\/","logo":{"@type":"ImageObject","inLanguage":"es","@id":"https:\/\/diarioprincipios.com\/#\/schema\/logo\/image\/","url":"https:\/\/diarioprincipios.com\/wp-content\/uploads\/2024\/04\/cropped-www.diarioprincipios.com_-1.png","contentUrl":"https:\/\/diarioprincipios.com\/wp-content\/uploads\/2024\/04\/cropped-www.diarioprincipios.com_-1.png","width":5325,"height":1454,"caption":"Principios"},"image":{"@id":"https:\/\/diarioprincipios.com\/#\/schema\/logo\/image\/"}},{"@type":"Person","@id":"https:\/\/diarioprincipios.com\/#\/schema\/person\/436d5a1fd41a5e250e23ff5a6a7cb080","name":"Hern\u00e1n L\u00f3pez","image":{"@type":"ImageObject","inLanguage":"es","@id":"https:\/\/diarioprincipios.com\/wp-content\/litespeed\/avatar\/11ddfe5610ff3bd100522525b2571f48.jpg?ver=1777048341","url":"https:\/\/diarioprincipios.com\/wp-content\/litespeed\/avatar\/11ddfe5610ff3bd100522525b2571f48.jpg?ver=1777048341","contentUrl":"https:\/\/diarioprincipios.com\/wp-content\/litespeed\/avatar\/11ddfe5610ff3bd100522525b2571f48.jpg?ver=1777048341","caption":"Hern\u00e1n L\u00f3pez"},"url":"https:\/\/diarioprincipios.com\/index.php\/author\/hernan\/"}]}},"jetpack_featured_media_url":"https:\/\/diarioprincipios.com\/wp-content\/uploads\/2026\/01\/Avanzan-las-acciones-judiciales-contra-Edesur-y-el-ENRE-en-Berazategui.jpg","_links":{"self":[{"href":"https:\/\/diarioprincipios.com\/index.php\/wp-json\/wp\/v2\/posts\/26444","targetHints":{"allow":["GET"]}}],"collection":[{"href":"https:\/\/diarioprincipios.com\/index.php\/wp-json\/wp\/v2\/posts"}],"about":[{"href":"https:\/\/diarioprincipios.com\/index.php\/wp-json\/wp\/v2\/types\/post"}],"author":[{"embeddable":true,"href":"https:\/\/diarioprincipios.com\/index.php\/wp-json\/wp\/v2\/users\/2"}],"replies":[{"embeddable":true,"href":"https:\/\/diarioprincipios.com\/index.php\/wp-json\/wp\/v2\/comments?post=26444"}],"version-history":[{"count":1,"href":"https:\/\/diarioprincipios.com\/index.php\/wp-json\/wp\/v2\/posts\/26444\/revisions"}],"predecessor-version":[{"id":26446,"href":"https:\/\/diarioprincipios.com\/index.php\/wp-json\/wp\/v2\/posts\/26444\/revisions\/26446"}],"wp:featuredmedia":[{"embeddable":true,"href":"https:\/\/diarioprincipios.com\/index.php\/wp-json\/wp\/v2\/media\/26445"}],"wp:attachment":[{"href":"https:\/\/diarioprincipios.com\/index.php\/wp-json\/wp\/v2\/media?parent=26444"}],"wp:term":[{"taxonomy":"category","embeddable":true,"href":"https:\/\/diarioprincipios.com\/index.php\/wp-json\/wp\/v2\/categories?post=26444"},{"taxonomy":"post_tag","embeddable":true,"href":"https:\/\/diarioprincipios.com\/index.php\/wp-json\/wp\/v2\/tags?post=26444"}],"curies":[{"name":"wp","href":"https:\/\/api.w.org\/{rel}","templated":true}]}}